{"id":7252,"date":"2025-05-03T10:17:01","date_gmt":"2025-05-03T08:17:01","guid":{"rendered":"https:\/\/vieassociative.be\/actualites\/retrovision-montre-le-classique-play-me-the-song-of-death-a-20-h-dans-le-cinema-eupen-aujourdhui\/"},"modified":"2025-05-03T10:17:01","modified_gmt":"2025-05-03T08:17:01","slug":"retrovision-montre-le-classique-play-me-the-song-of-death-a-20-h-dans-le-cinema-eupen-aujourdhui","status":"publish","type":"post","link":"https:\/\/vieassociative.be\/actualites\/retrovision-montre-le-classique-play-me-the-song-of-death-a-20-h-dans-le-cinema-eupen-aujourdhui\/","title":{"rendered":"\u00ab\u00a0Retrovision\u00a0\u00bb montre le classique \u00ab\u00a0Play Me The Song of Death\u00a0\u00bb \u00e0 20 h. Dans le cin\u00e9ma Eupen aujourd&rsquo;hui"},"content":{"rendered":"<p><strong>Le projet de cin\u00e9ma \u00ab\u00a0Retrovision\u00a0\u00bb fait reculer sur grand \u00e9cran dans le cin\u00e9ma Eupener depuis juin 2023 en coop\u00e9ration avec Kultkom Film Classics. Ce samedi 3 mai 2025, \u00e0 20 h, le Cult Western \u00ab\u00a0Play Me The Song of Death\u00a0\u00bb sera pr\u00e9sent\u00e9.<\/strong><\/p>\n<p><span id=\"more-414687\"><\/span>\u00ab\u00a0Play Me The Song of Death\u00a0\u00bb est un Western italo-am\u00e9ricain du r\u00e9alisateur Sergio Leone. Bien que le classique ait re\u00e7u peu d&rsquo;attention lors de sa premi\u00e8re \u00e9mission, il l&rsquo;a d\u00e9velopp\u00e9e plus tard et est maintenant consid\u00e9r\u00e9e comme l&rsquo;un des meilleurs westerns et l&rsquo;un des meilleurs films de tous les temps.<\/p>\n<p>Autour de la construction d&rsquo;une ligne de chemin de fer, une histoire de vengeance, de cupidit\u00e9 et de meurtre se d\u00e9roule, dans laquelle il y a quatre personnes. Charles Bronson, Henry Fonda et Claudia Cardinale jouent dans les r\u00f4les principaux. La musique de film d&rsquo;Ennio Morricone avec la plainte est Harmonica est l&rsquo;une des compositions de film les plus connues en g\u00e9n\u00e9ral.<\/p>\n<div id=\"attachment_414695\" class=\"wp-caption alignleft\" style=\"max-width: 300px\"><img fetchpriority=\"high\" decoding=\"async\" class=\"wp-image-414695 size-medium\" src=\"https:\/\/vieassociative.be\/actualites\/wp-content\/uploads\/2025\/05\/Retrovision-montre-le-classique-Play-Me-The-Song-of-Death.jpg\" alt=\"\" width=\"300\" height=\"218\"  ><\/p>\n<p class=\"wp-caption-text\">Jill (Claudia Cardinale) est satisfaite de Frank (Henry Fonda), le meurtrier de son mari, dans \u00ab\u00a0Play Me The Song of Death\u00a0\u00bb. Photo: Picture Alliance \/ DPA<\/p>\n<\/div>\n<p>Le film a jou\u00e9 pr\u00e8s de 60 millions de dollars dans le monde et a donc \u00e9t\u00e9 un succ\u00e8s gigantesque par rapport \u00e0 ses co\u00fbts. Il est rest\u00e9 l&rsquo;ouest le plus r\u00e9ussi jusqu&rsquo;en 1990, lorsque \u00ab\u00a0Who Dances with the Wolf\u00a0\u00bb de Kevin Costner l&rsquo;a d\u00e9pass\u00e9 avec 424,2 millions de dollars. \u00ab\u00a0Play Me The Song of Death\u00a0\u00bb est toujours l&rsquo;un des westerns les plus c\u00e9l\u00e8bres.<\/p>\n<p>Le projet \u00abRetrovision\u00bb est une initiative d&rsquo;un groupe de cin\u00e9astes et d&rsquo;amateurs de cin\u00e9ma belge orientaux, qui s&rsquo;est fix\u00e9 l&rsquo;objectif de ramener \u00e0 nouveau le classique embl\u00e9matique sur grand \u00e9cran. En coop\u00e9ration avec Kultkom, le comit\u00e9 culturel de la ville d&rsquo;Eupen et l&rsquo;infrastructure du cin\u00e9ma d&rsquo;Eupen, le projet a \u00e9t\u00e9 lanc\u00e9 au d\u00e9but de l&rsquo;\u00e9t\u00e9 2023.<\/p>\n<p>\u00ab\u00a0Retrovision\u00a0\u00bb veut aborder la nostalgie du public. En particulier, la g\u00e9n\u00e9ration plus \u00e2g\u00e9e a l&rsquo;occasion de pr\u00e9senter de grands films \u00e0 leurs enfants ou petits-enfants sur un grand \u00e9cran.<\/p>\n<div id=\"attachment_351703\" class=\"wp-caption alignleft\" style=\"max-width: 300px\"><img decoding=\"async\" class=\"wp-image-351703 size-medium\" src=\"https:\/\/vieassociative.be\/actualites\/wp-content\/uploads\/2025\/02\/Le-projet-cinema-Retrovision-montre-le-film-The-Club-of.jpeg\" alt=\"\" width=\"300\" height=\"200\"  ><\/p>\n<p class=\"wp-caption-text\">Photo: Shutterstock<\/p>\n<\/div>\n<p>\u00ab\u00a0Retrovision\u00a0\u00bb propose un ou deux films par soir\u00e9e. Dans les \u00ab\u00a0Double Features\u00a0\u00bb, les deux films s&rsquo;assemblent de mani\u00e8re th\u00e9matique, ont le m\u00eame r\u00e9alisateur ou acteur de premier plan. Les \u00e9v\u00e9nements ont lieu dans le cadre de l&rsquo;art ouvert dimanche.<\/p>\n<p>Le programme de soutien est con\u00e7u de telle mani\u00e8re qu&rsquo;il est relaxant et divertissant pour le public. La musique accompagne les \u00e9v\u00e9nements, que ce soit comme une bande-son r\u00e9frig\u00e9r\u00e9e dans la grande salle ou avec un DJ en direct dans le foyer.<\/p>\n<p>\u00ab\u00a0Retrovision offre aux t\u00e9l\u00e9spectateurs la possibilit\u00e9 de s&rsquo;\u00e9teindre pendant quelques heures, de parler \u00e0 des personnes partageant les m\u00eames id\u00e9es ou simplement de profiter. Nos soir\u00e9es r\u00e9unissent des gens int\u00e9ressants qui ne se sont peut-\u00eatre pas vus pendant un certain temps. Le hall de la jeune maison de charni\u00e8re est ouvert \u00e0 chaque soir\u00e9e de r\u00e9trovision et propose de d\u00e9licieuses bi\u00e8res pour la d\u00e9gustation ensemble\u00a0\u00bb, a d\u00e9clar\u00e9 les auteurs du projet.<\/p>\n<p><i>Pour seulement 200 francs belges (5 euros), vous pouvez regarder un excellent film, rencontrer des gens cool et prendre un verre. Plus d&rsquo;informations sous <u>r\u00e9trovision.cinema eupen.be<\/u> et <u>www.kultkom.be<\/u><\/i><\/p>\n<p><em><strong>Vous trouverez ci-dessous la bande-annonce du film \u00ab\u00a0Play Me The Song of Death\u00a0\u00bb:<\/strong><\/em><\/p>\n<div class=\"responsive-embed\">\n<div class=\"rll-youtube-player\" data-src=\"https:\/\/www.youtube.com\/embed\/Klh5M3RtM0s\" data-id=\"Klh5M3RtM0s\" data-query=\"feature=oembed\" data-alt=\"Spiel mir das Lied vom Tod - Trailer\"><\/div>\n<p><noscript><a href=\"https:\/\/www.youtube.com\/watch?v=klh5m3rtm0s\">https:\/\/www.youtube.com\/watch?v=klh5m3rtm0s<\/a><\/noscript><\/div>\n","protected":false},"excerpt":{"rendered":"<p>Le projet de cin\u00e9ma \u00ab\u00a0Retrovision\u00a0\u00bb fait reculer sur grand \u00e9cran dans le cin\u00e9ma Eupener depuis juin 2023 en coop\u00e9ration avec Kultkom Film Classics. Ce samedi<\/p>\n","protected":false},"author":1,"featured_media":7253,"comment_status":"","ping_status":"","sticky":false,"template":"","format":"standard","meta":{"footnotes":""},"categories":[298],"tags":[2330,98,3642,166,5325,2329,1252,6786,2386,6787],"class_list":["post-7252","post","type-post","status-publish","format-standard","has-post-thumbnail","hentry","category-belgique","tag-aujourdhui","tag-cinema","tag-classique","tag-dans","tag-death","tag-eupen","tag-montre","tag-play","tag-retrovision","tag-song","generate-columns","tablet-grid-50","mobile-grid-100","grid-parent","grid-33"],"yoast_head":"<!-- This site is optimized with the Yoast SEO plugin v24.0 - https:\/\/yoast.com\/wordpress\/plugins\/seo\/ -->\n<title>&quot;Retrovision&quot; montre le classique &quot;Play Me The Song of Death&quot; \u00e0 20 h. Dans le cin\u00e9ma Eupen aujourd&#039;hui | Vie Associative<\/title>\n<meta name=\"robots\" content=\"index, follow, max-snippet:-1, max-image-preview:large, max-video-preview:-1\" \/>\n<link rel=\"canonical\" href=\"https:\/\/vieassociative.be\/actualites\/retrovision-montre-le-classique-play-me-the-song-of-death-a-20-h-dans-le-cinema-eupen-aujourdhui\/\" \/>\n<meta property=\"og:locale\" content=\"fr_FR\" \/>\n<meta property=\"og:type\" content=\"article\" \/>\n<meta property=\"og:title\" content=\"&quot;Retrovision&quot; montre le classique &quot;Play Me The Song of Death&quot; \u00e0 20 h. Dans le cin\u00e9ma Eupen aujourd&#039;hui | Vie Associative\" \/>\n<meta property=\"og:description\" content=\"Le projet de cin\u00e9ma \u00ab\u00a0Retrovision\u00a0\u00bb fait reculer sur grand \u00e9cran dans le cin\u00e9ma Eupener depuis juin 2023 en coop\u00e9ration avec Kultkom Film Classics. Ce samedi\" \/>\n<meta property=\"og:url\" content=\"https:\/\/vieassociative.be\/actualites\/retrovision-montre-le-classique-play-me-the-song-of-death-a-20-h-dans-le-cinema-eupen-aujourdhui\/\" \/>\n<meta property=\"og:site_name\" content=\"Vie Associative\" \/>\n<meta property=\"article:published_time\" content=\"2025-05-03T08:17:01+00:00\" \/>\n<meta property=\"og:image\" content=\"https:\/\/vieassociative.be\/actualites\/wp-content\/uploads\/2024\/09\/header_backgroundk-01-e1726694325946.png\" \/>\n\t<meta property=\"og:image:width\" content=\"279\" \/>\n\t<meta property=\"og:image:height\" content=\"92\" \/>\n\t<meta property=\"og:image:type\" content=\"image\/png\" \/>\n<meta name=\"author\" content=\"Julien\" \/>\n<meta name=\"twitter:card\" content=\"summary_large_image\" \/>\n<meta name=\"twitter:label1\" content=\"\u00c9crit par\" \/>\n\t<meta name=\"twitter:data1\" content=\"Julien\" \/>\n\t<meta name=\"twitter:label2\" content=\"Dur\u00e9e de lecture est.\" \/>\n\t<meta name=\"twitter:data2\" content=\"3 minutes\" \/>\n<script type=\"application\/ld+json\" class=\"yoast-schema-graph\">{\"@context\":\"https:\/\/schema.org\",\"@graph\":[{\"@type\":\"Article\",\"@id\":\"https:\/\/vieassociative.be\/actualites\/retrovision-montre-le-classique-play-me-the-song-of-death-a-20-h-dans-le-cinema-eupen-aujourdhui\/#article\",\"isPartOf\":{\"@id\":\"https:\/\/vieassociative.be\/actualites\/retrovision-montre-le-classique-play-me-the-song-of-death-a-20-h-dans-le-cinema-eupen-aujourdhui\/\"},\"author\":{\"name\":\"Julien\",\"@id\":\"https:\/\/vieassociative.be\/actualites\/#\/schema\/person\/b87ac4f82f9d4e7b7cec7395b679edc4\"},\"headline\":\"\u00ab\u00a0Retrovision\u00a0\u00bb montre le classique \u00ab\u00a0Play Me The Song of Death\u00a0\u00bb \u00e0 20 h. Dans le cin\u00e9ma Eupen aujourd&rsquo;hui\",\"datePublished\":\"2025-05-03T08:17:01+00:00\",\"dateModified\":\"2025-05-03T08:17:01+00:00\",\"mainEntityOfPage\":{\"@id\":\"https:\/\/vieassociative.be\/actualites\/retrovision-montre-le-classique-play-me-the-song-of-death-a-20-h-dans-le-cinema-eupen-aujourdhui\/\"},\"wordCount\":627,\"publisher\":{\"@id\":\"https:\/\/vieassociative.be\/actualites\/#organization\"},\"image\":{\"@id\":\"https:\/\/vieassociative.be\/actualites\/retrovision-montre-le-classique-play-me-the-song-of-death-a-20-h-dans-le-cinema-eupen-aujourdhui\/#primaryimage\"},\"thumbnailUrl\":\"https:\/\/vieassociative.be\/actualites\/wp-content\/uploads\/2025\/05\/1746260221_Retrovision-montre-le-classique-Play-Me-The-Song-of-Death.jpg\",\"keywords\":[\"aujourdhui\",\"cin\u00e9ma\",\"classique\",\"dans\",\"Death\",\"Eupen\",\"montre\",\"Play\",\"R\u00e9trovision\",\"Song\"],\"articleSection\":[\"Belgique\"],\"inLanguage\":\"fr-BE\"},{\"@type\":\"WebPage\",\"@id\":\"https:\/\/vieassociative.be\/actualites\/retrovision-montre-le-classique-play-me-the-song-of-death-a-20-h-dans-le-cinema-eupen-aujourdhui\/\",\"url\":\"https:\/\/vieassociative.be\/actualites\/retrovision-montre-le-classique-play-me-the-song-of-death-a-20-h-dans-le-cinema-eupen-aujourdhui\/\",\"name\":\"\\\"Retrovision\\\" montre le classique \\\"Play Me The Song of Death\\\" \u00e0 20 h. Dans le cin\u00e9ma Eupen aujourd'hui | Vie Associative\",\"isPartOf\":{\"@id\":\"https:\/\/vieassociative.be\/actualites\/#website\"},\"primaryImageOfPage\":{\"@id\":\"https:\/\/vieassociative.be\/actualites\/retrovision-montre-le-classique-play-me-the-song-of-death-a-20-h-dans-le-cinema-eupen-aujourdhui\/#primaryimage\"},\"image\":{\"@id\":\"https:\/\/vieassociative.be\/actualites\/retrovision-montre-le-classique-play-me-the-song-of-death-a-20-h-dans-le-cinema-eupen-aujourdhui\/#primaryimage\"},\"thumbnailUrl\":\"https:\/\/vieassociative.be\/actualites\/wp-content\/uploads\/2025\/05\/1746260221_Retrovision-montre-le-classique-Play-Me-The-Song-of-Death.jpg\",\"datePublished\":\"2025-05-03T08:17:01+00:00\",\"dateModified\":\"2025-05-03T08:17:01+00:00\",\"breadcrumb\":{\"@id\":\"https:\/\/vieassociative.be\/actualites\/retrovision-montre-le-classique-play-me-the-song-of-death-a-20-h-dans-le-cinema-eupen-aujourdhui\/#breadcrumb\"},\"inLanguage\":\"fr-BE\",\"potentialAction\":[{\"@type\":\"ReadAction\",\"target\":[\"https:\/\/vieassociative.be\/actualites\/retrovision-montre-le-classique-play-me-the-song-of-death-a-20-h-dans-le-cinema-eupen-aujourdhui\/\"]}]},{\"@type\":\"ImageObject\",\"inLanguage\":\"fr-BE\",\"@id\":\"https:\/\/vieassociative.be\/actualites\/retrovision-montre-le-classique-play-me-the-song-of-death-a-20-h-dans-le-cinema-eupen-aujourdhui\/#primaryimage\",\"url\":\"https:\/\/vieassociative.be\/actualites\/wp-content\/uploads\/2025\/05\/1746260221_Retrovision-montre-le-classique-Play-Me-The-Song-of-Death.jpg\",\"contentUrl\":\"https:\/\/vieassociative.be\/actualites\/wp-content\/uploads\/2025\/05\/1746260221_Retrovision-montre-le-classique-Play-Me-The-Song-of-Death.jpg\",\"width\":1200,\"height\":928,\"caption\":\"\\\"Retrovision\\\" montre le classique \\\"Play Me The Song of Death\\\" \u00e0 20 h. Dans le cin\u00e9ma Eupen aujourd'hui\"},{\"@type\":\"BreadcrumbList\",\"@id\":\"https:\/\/vieassociative.be\/actualites\/retrovision-montre-le-classique-play-me-the-song-of-death-a-20-h-dans-le-cinema-eupen-aujourdhui\/#breadcrumb\",\"itemListElement\":[{\"@type\":\"ListItem\",\"position\":1,\"name\":\"Accueil\",\"item\":\"https:\/\/vieassociative.be\/actualites\/\"},{\"@type\":\"ListItem\",\"position\":2,\"name\":\"\u00ab\u00a0Retrovision\u00a0\u00bb montre le classique \u00ab\u00a0Play Me The Song of Death\u00a0\u00bb \u00e0 20 h. Dans le cin\u00e9ma Eupen aujourd&rsquo;hui\"}]},{\"@type\":\"WebSite\",\"@id\":\"https:\/\/vieassociative.be\/actualites\/#website\",\"url\":\"https:\/\/vieassociative.be\/actualites\/\",\"name\":\"Vie Associative\",\"description\":\"\",\"publisher\":{\"@id\":\"https:\/\/vieassociative.be\/actualites\/#organization\"},\"potentialAction\":[{\"@type\":\"SearchAction\",\"target\":{\"@type\":\"EntryPoint\",\"urlTemplate\":\"https:\/\/vieassociative.be\/actualites\/?s={search_term_string}\"},\"query-input\":{\"@type\":\"PropertyValueSpecification\",\"valueRequired\":true,\"valueName\":\"search_term_string\"}}],\"inLanguage\":\"fr-BE\"},{\"@type\":\"Organization\",\"@id\":\"https:\/\/vieassociative.be\/actualites\/#organization\",\"name\":\"Vie Associative\",\"url\":\"https:\/\/vieassociative.be\/actualites\/\",\"logo\":{\"@type\":\"ImageObject\",\"inLanguage\":\"fr-BE\",\"@id\":\"https:\/\/vieassociative.be\/actualites\/#\/schema\/logo\/image\/\",\"url\":\"https:\/\/vieassociative.be\/actualites\/wp-content\/uploads\/2024\/09\/cropped-vieassociative_favicon.ico.png\",\"contentUrl\":\"https:\/\/vieassociative.be\/actualites\/wp-content\/uploads\/2024\/09\/cropped-vieassociative_favicon.ico.png\",\"width\":512,\"height\":512,\"caption\":\"Vie Associative\"},\"image\":{\"@id\":\"https:\/\/vieassociative.be\/actualites\/#\/schema\/logo\/image\/\"}},{\"@type\":\"Person\",\"@id\":\"https:\/\/vieassociative.be\/actualites\/#\/schema\/person\/b87ac4f82f9d4e7b7cec7395b679edc4\",\"name\":\"Julien\",\"image\":{\"@type\":\"ImageObject\",\"inLanguage\":\"fr-BE\",\"@id\":\"https:\/\/vieassociative.be\/actualites\/#\/schema\/person\/image\/\",\"url\":\"https:\/\/vieassociative.be\/actualites\/wp-content\/uploads\/2024\/09\/vie-associative-1-150x150.jpg\",\"contentUrl\":\"https:\/\/vieassociative.be\/actualites\/wp-content\/uploads\/2024\/09\/vie-associative-1-150x150.jpg\",\"caption\":\"Julien\"},\"description\":\"Je suis Julien, r\u00e9dacteur pour Vie Associative. Passionn\u00e9 par le monde associatif depuis plus de 10 ans, j'ai \u00e0 c\u0153ur de partager des histoires inspirantes et de mettre en lumi\u00e8re les initiatives locales. Mon objectif est de sensibiliser et d'encourager l'engagement communautaire \u00e0 travers mes articles.\",\"sameAs\":[\"https:\/\/vieassociative.be\/\"]}]}<\/script>\n<!-- \/ Yoast SEO plugin. -->","yoast_head_json":{"title":"\"Retrovision\" montre le classique \"Play Me The Song of Death\" \u00e0 20 h. Dans le cin\u00e9ma Eupen aujourd'hui | Vie Associative","robots":{"index":"index","follow":"follow","max-snippet":"max-snippet:-1","max-image-preview":"max-image-preview:large","max-video-preview":"max-video-preview:-1"},"canonical":"https:\/\/vieassociative.be\/actualites\/retrovision-montre-le-classique-play-me-the-song-of-death-a-20-h-dans-le-cinema-eupen-aujourdhui\/","og_locale":"fr_FR","og_type":"article","og_title":"\"Retrovision\" montre le classique \"Play Me The Song of Death\" \u00e0 20 h. Dans le cin\u00e9ma Eupen aujourd'hui | Vie Associative","og_description":"Le projet de cin\u00e9ma \u00ab\u00a0Retrovision\u00a0\u00bb fait reculer sur grand \u00e9cran dans le cin\u00e9ma Eupener depuis juin 2023 en coop\u00e9ration avec Kultkom Film Classics. Ce samedi","og_url":"https:\/\/vieassociative.be\/actualites\/retrovision-montre-le-classique-play-me-the-song-of-death-a-20-h-dans-le-cinema-eupen-aujourdhui\/","og_site_name":"Vie Associative","article_published_time":"2025-05-03T08:17:01+00:00","og_image":[{"width":279,"height":92,"url":"https:\/\/vieassociative.be\/actualites\/wp-content\/uploads\/2024\/09\/header_backgroundk-01-e1726694325946.png","type":"image\/png"}],"author":"Julien","twitter_card":"summary_large_image","twitter_misc":{"\u00c9crit par":"Julien","Dur\u00e9e de lecture est.":"3 minutes"},"schema":{"@context":"https:\/\/schema.org","@graph":[{"@type":"Article","@id":"https:\/\/vieassociative.be\/actualites\/retrovision-montre-le-classique-play-me-the-song-of-death-a-20-h-dans-le-cinema-eupen-aujourdhui\/#article","isPartOf":{"@id":"https:\/\/vieassociative.be\/actualites\/retrovision-montre-le-classique-play-me-the-song-of-death-a-20-h-dans-le-cinema-eupen-aujourdhui\/"},"author":{"name":"Julien","@id":"https:\/\/vieassociative.be\/actualites\/#\/schema\/person\/b87ac4f82f9d4e7b7cec7395b679edc4"},"headline":"\u00ab\u00a0Retrovision\u00a0\u00bb montre le classique \u00ab\u00a0Play Me The Song of Death\u00a0\u00bb \u00e0 20 h. Dans le cin\u00e9ma Eupen aujourd&rsquo;hui","datePublished":"2025-05-03T08:17:01+00:00","dateModified":"2025-05-03T08:17:01+00:00","mainEntityOfPage":{"@id":"https:\/\/vieassociative.be\/actualites\/retrovision-montre-le-classique-play-me-the-song-of-death-a-20-h-dans-le-cinema-eupen-aujourdhui\/"},"wordCount":627,"publisher":{"@id":"https:\/\/vieassociative.be\/actualites\/#organization"},"image":{"@id":"https:\/\/vieassociative.be\/actualites\/retrovision-montre-le-classique-play-me-the-song-of-death-a-20-h-dans-le-cinema-eupen-aujourdhui\/#primaryimage"},"thumbnailUrl":"https:\/\/vieassociative.be\/actualites\/wp-content\/uploads\/2025\/05\/1746260221_Retrovision-montre-le-classique-Play-Me-The-Song-of-Death.jpg","keywords":["aujourdhui","cin\u00e9ma","classique","dans","Death","Eupen","montre","Play","R\u00e9trovision","Song"],"articleSection":["Belgique"],"inLanguage":"fr-BE"},{"@type":"WebPage","@id":"https:\/\/vieassociative.be\/actualites\/retrovision-montre-le-classique-play-me-the-song-of-death-a-20-h-dans-le-cinema-eupen-aujourdhui\/","url":"https:\/\/vieassociative.be\/actualites\/retrovision-montre-le-classique-play-me-the-song-of-death-a-20-h-dans-le-cinema-eupen-aujourdhui\/","name":"\"Retrovision\" montre le classique \"Play Me The Song of Death\" \u00e0 20 h. Dans le cin\u00e9ma Eupen aujourd'hui | Vie Associative","isPartOf":{"@id":"https:\/\/vieassociative.be\/actualites\/#website"},"primaryImageOfPage":{"@id":"https:\/\/vieassociative.be\/actualites\/retrovision-montre-le-classique-play-me-the-song-of-death-a-20-h-dans-le-cinema-eupen-aujourdhui\/#primaryimage"},"image":{"@id":"https:\/\/vieassociative.be\/actualites\/retrovision-montre-le-classique-play-me-the-song-of-death-a-20-h-dans-le-cinema-eupen-aujourdhui\/#primaryimage"},"thumbnailUrl":"https:\/\/vieassociative.be\/actualites\/wp-content\/uploads\/2025\/05\/1746260221_Retrovision-montre-le-classique-Play-Me-The-Song-of-Death.jpg","datePublished":"2025-05-03T08:17:01+00:00","dateModified":"2025-05-03T08:17:01+00:00","breadcrumb":{"@id":"https:\/\/vieassociative.be\/actualites\/retrovision-montre-le-classique-play-me-the-song-of-death-a-20-h-dans-le-cinema-eupen-aujourdhui\/#breadcrumb"},"inLanguage":"fr-BE","potentialAction":[{"@type":"ReadAction","target":["https:\/\/vieassociative.be\/actualites\/retrovision-montre-le-classique-play-me-the-song-of-death-a-20-h-dans-le-cinema-eupen-aujourdhui\/"]}]},{"@type":"ImageObject","inLanguage":"fr-BE","@id":"https:\/\/vieassociative.be\/actualites\/retrovision-montre-le-classique-play-me-the-song-of-death-a-20-h-dans-le-cinema-eupen-aujourdhui\/#primaryimage","url":"https:\/\/vieassociative.be\/actualites\/wp-content\/uploads\/2025\/05\/1746260221_Retrovision-montre-le-classique-Play-Me-The-Song-of-Death.jpg","contentUrl":"https:\/\/vieassociative.be\/actualites\/wp-content\/uploads\/2025\/05\/1746260221_Retrovision-montre-le-classique-Play-Me-The-Song-of-Death.jpg","width":1200,"height":928,"caption":"\"Retrovision\" montre le classique \"Play Me The Song of Death\" \u00e0 20 h. Dans le cin\u00e9ma Eupen aujourd'hui"},{"@type":"BreadcrumbList","@id":"https:\/\/vieassociative.be\/actualites\/retrovision-montre-le-classique-play-me-the-song-of-death-a-20-h-dans-le-cinema-eupen-aujourdhui\/#breadcrumb","itemListElement":[{"@type":"ListItem","position":1,"name":"Accueil","item":"https:\/\/vieassociative.be\/actualites\/"},{"@type":"ListItem","position":2,"name":"\u00ab\u00a0Retrovision\u00a0\u00bb montre le classique \u00ab\u00a0Play Me The Song of Death\u00a0\u00bb \u00e0 20 h. Dans le cin\u00e9ma Eupen aujourd&rsquo;hui"}]},{"@type":"WebSite","@id":"https:\/\/vieassociative.be\/actualites\/#website","url":"https:\/\/vieassociative.be\/actualites\/","name":"Vie Associative","description":"","publisher":{"@id":"https:\/\/vieassociative.be\/actualites\/#organization"},"potentialAction":[{"@type":"SearchAction","target":{"@type":"EntryPoint","urlTemplate":"https:\/\/vieassociative.be\/actualites\/?s={search_term_string}"},"query-input":{"@type":"PropertyValueSpecification","valueRequired":true,"valueName":"search_term_string"}}],"inLanguage":"fr-BE"},{"@type":"Organization","@id":"https:\/\/vieassociative.be\/actualites\/#organization","name":"Vie Associative","url":"https:\/\/vieassociative.be\/actualites\/","logo":{"@type":"ImageObject","inLanguage":"fr-BE","@id":"https:\/\/vieassociative.be\/actualites\/#\/schema\/logo\/image\/","url":"https:\/\/vieassociative.be\/actualites\/wp-content\/uploads\/2024\/09\/cropped-vieassociative_favicon.ico.png","contentUrl":"https:\/\/vieassociative.be\/actualites\/wp-content\/uploads\/2024\/09\/cropped-vieassociative_favicon.ico.png","width":512,"height":512,"caption":"Vie Associative"},"image":{"@id":"https:\/\/vieassociative.be\/actualites\/#\/schema\/logo\/image\/"}},{"@type":"Person","@id":"https:\/\/vieassociative.be\/actualites\/#\/schema\/person\/b87ac4f82f9d4e7b7cec7395b679edc4","name":"Julien","image":{"@type":"ImageObject","inLanguage":"fr-BE","@id":"https:\/\/vieassociative.be\/actualites\/#\/schema\/person\/image\/","url":"https:\/\/vieassociative.be\/actualites\/wp-content\/uploads\/2024\/09\/vie-associative-1-150x150.jpg","contentUrl":"https:\/\/vieassociative.be\/actualites\/wp-content\/uploads\/2024\/09\/vie-associative-1-150x150.jpg","caption":"Julien"},"description":"Je suis Julien, r\u00e9dacteur pour Vie Associative. Passionn\u00e9 par le monde associatif depuis plus de 10 ans, j'ai \u00e0 c\u0153ur de partager des histoires inspirantes et de mettre en lumi\u00e8re les initiatives locales. Mon objectif est de sensibiliser et d'encourager l'engagement communautaire \u00e0 travers mes articles.","sameAs":["https:\/\/vieassociative.be\/"]}]}},"_links":{"self":[{"href":"https:\/\/vieassociative.be\/actualites\/wp-json\/wp\/v2\/posts\/7252"}],"collection":[{"href":"https:\/\/vieassociative.be\/actualites\/wp-json\/wp\/v2\/posts"}],"about":[{"href":"https:\/\/vieassociative.be\/actualites\/wp-json\/wp\/v2\/types\/post"}],"author":[{"embeddable":true,"href":"https:\/\/vieassociative.be\/actualites\/wp-json\/wp\/v2\/users\/1"}],"replies":[{"embeddable":true,"href":"https:\/\/vieassociative.be\/actualites\/wp-json\/wp\/v2\/comments?post=7252"}],"version-history":[{"count":0,"href":"https:\/\/vieassociative.be\/actualites\/wp-json\/wp\/v2\/posts\/7252\/revisions"}],"wp:featuredmedia":[{"embeddable":true,"href":"https:\/\/vieassociative.be\/actualites\/wp-json\/wp\/v2\/media\/7253"}],"wp:attachment":[{"href":"https:\/\/vieassociative.be\/actualites\/wp-json\/wp\/v2\/media?parent=7252"}],"wp:term":[{"taxonomy":"category","embeddable":true,"href":"https:\/\/vieassociative.be\/actualites\/wp-json\/wp\/v2\/categories?post=7252"},{"taxonomy":"post_tag","embeddable":true,"href":"https:\/\/vieassociative.be\/actualites\/wp-json\/wp\/v2\/tags?post=7252"}],"curies":[{"name":"wp","href":"https:\/\/api.w.org\/{rel}","templated":true}]}}