{"id":7250,"date":"2025-05-03T09:17:55","date_gmt":"2025-05-03T07:17:55","guid":{"rendered":"https:\/\/vieassociative.be\/actualites\/ce-sont-les-plus-grands-evenements-de-skywatch-de-mai\/"},"modified":"2025-05-03T09:17:55","modified_gmt":"2025-05-03T07:17:55","slug":"ce-sont-les-plus-grands-evenements-de-skywatch-de-mai","status":"publish","type":"post","link":"https:\/\/vieassociative.be\/actualites\/ce-sont-les-plus-grands-evenements-de-skywatch-de-mai\/","title":{"rendered":"Ce sont les plus grands \u00e9v\u00e9nements de skywatch de mai"},"content":{"rendered":"<div class=\"mt-4 leading-6 md:mb-8\">Assistez \u00e0 l&rsquo;ETA Aquarid Peak, \u00e0 un micromoon et \u00e0 beaucoup de visualisation plan\u00e9taire.<\/div>\n<p><\/p>\n<p>Le calendrier d&rsquo;observation du ciel de May comprend une visualisation plan\u00e9taire, des \u00e9toiles de premier ordre et un pic de douche de m\u00e9t\u00e9ores, vous avez donc de nombreuses raisons de vous diriger \u00e0 l&rsquo;ext\u00e9rieur et de rechercher ce mois-ci. Voici ce qui arrive dans le ciel nocturne. <\/p>\n<h2 id=\"may-3-mars-and-moon\">3 mai: Mars et lune<\/h2>\n<p>Le premier quart de lune ce mois-ci appara\u00eetra juste \u00e0 c\u00f4t\u00e9 de Mars dans la soir\u00e9e du 3 mai. Regardez vers le ciel occidental dans la premi\u00e8re moiti\u00e9 de la nuit. Vous pouvez \u00e9galement voir le cluster de ruches (Messier 44), un groupe de 1 000 \u00e9toiles qui est \u00e0 environ 600 ann\u00e9es-lumi\u00e8re, \u00e9clair\u00e9e par la lueur de la plan\u00e8te rouge. <\/p>\n<h2 id=\"may-5-eta-aquarid-peak\">5 mai: ETA Aquarid Peak<\/h2>\n<p>La douche des m\u00e9t\u00e9ores aquariennes de l&rsquo;ETA est active depuis la mi-avril, mais elle atteindra une atteinte \u00e0 la nuit du 5 au 6 mai. Cet \u00e9v\u00e9nement r\u00e9sulte de la Terre passant par les d\u00e9bris laiss\u00e9s par la com\u00e8te de Halley (qui est \u00e9galement responsable des Orionids en octobre). La douche est mieux vue dans l&rsquo;h\u00e9misph\u00e8re sud, mais dans le nord, les t\u00e9l\u00e9spectateurs peuvent encore voir 10 \u00e0 30 m\u00e9t\u00e9ores par heure. <\/p>\n<p>Selon Space.com, le meilleur moment pour attraper le pic Aquarid ETA est entre 2 heures du matin et l&rsquo;heure locale de Dawn. Comme toujours, vous voudrez choisir un emplacement aussi sombre et sans pollution lumineuse que possible, et donner \u00e0 vos yeux au moins 30 minutes pour s&rsquo;adapter. <\/p>\n<h2 id=\"may-12-flower-moon\">12 mai: Flower Moon<\/h2>\n<p>La pleine lune de May est connue sous le nom de Flower Moon, et elle se produira le 12 mai. Comme la lune rose d&rsquo;April, la Lune des fleurs est un micromune: 5% plus petit et 10% de gradateur qu&rsquo;une pleine lune r\u00e9guli\u00e8re car elle a lieu au point le plus \u00e9loign\u00e9 de la Terre. <\/p>\n<div class=\"pogoClear relative my-10 border-b-(1.5px) border-t-(1.5px) border-dashed border-black py-5 sm:my-14 sm:border-0 sm:py-0\" data-ga-click data-ga-template=\"News\" data-ga-module=\"openweb_widget\" data-ga-element=\"openweb_scroll\" data-ga-item=\"openweb_scroll_midpage\" x-cloak x-data=\"{ commentsCount: null, hasComments: false }\" x-init=\"commentsCount = await window.openweb.getMessagesCount(01JT8XDHF7BW51ZPR4C9S51G7H);\n     hasComments = commentsCount !== null &amp;&amp; commentsCount &gt; 0\"><\/p>\n<div class=\"absolute top-1\/2 hidden w-full -translate-y-1\/2 border-t-(1.5px) border-dashed border-black sm:block\"><\/div>\n<div class=\"relative flex justify-center\">\n<div class=\"flex max-w-max items-center gap-x-3 bg-white px-5\">\n<div class=\"relative\">\n                <span class=\"absolute left-1\/2 top-1\/2 -translate-x-1\/2 -translate-y-1\/2 font-akshar text-sm font-medium text-black\" x-show=\"hasComments\" x-text=\"commentsCount\"><\/span><\/p>\n<p>                <svg class=\"h-8 w-8 text-black\">\n                    <use href=\"http:\/\/lifehacker.com\/images\/icons\/spritemap.svg#sprite-chat-bubble\"><\/use>\n                <\/svg>\n            <\/div>\n<p>            <span class=\"text-sm font-medium text-black\"><\/p>\n<p>                Que pensez-vous jusqu&rsquo;\u00e0 pr\u00e9sent?<br \/>\n                <button class=\"font-semibold text-brand-green underline hover:text-brand-green-700\" onclick=\"window.openweb.scrollToComments('01JT8XDHF7BW51ZPR4C9S51G7H')\" x-text=\"hasComments ? 'Post a comment.' : 'Be the first to post a comment.'\"><\/button><br \/>\n            <\/span>\n        <\/div>\n<\/p><\/div>\n<\/div>\n<h2 id=\"planetary-events-in-may\">\u00c9v\u00e9nements plan\u00e9taires en mai<\/h2>\n<p>Les paires de plan\u00e8tes peuvent inclure V\u00e9nus et Saturne, qui peuvent \u00eatre vues pr\u00e8s les unes des autres, basses dans le ciel oriental, t\u00f4t le matin vers le d\u00e9but du mois. Le soir, regardez vers l&rsquo;ouest quelques heures apr\u00e8s le coucher du soleil pour voir Mars et Jupiter. <\/p>\n<p>Pour les Stargazers, la Corona Borealis sera visible tout le mois dans le ciel oriental au cours de la premi\u00e8re moiti\u00e9 de la nuit. Le ciel sombre dans la nuit du 26 mai (gr\u00e2ce \u00e0 la nouvelle lune) peut \u00eatre particuli\u00e8rement bon pour localiser les constellations. Vous pourrez \u00e9galement \u00eatre en mesure d&rsquo;attraper deux grappes globulaires &#8211; des \u00e9toiles \u00e0 emballer &#8211; le 11 et le 28 mai, lorsque Messier 5 et Messier 4 seront favorablement situ\u00e9s. <\/p>\n","protected":false},"excerpt":{"rendered":"<p>Assistez \u00e0 l&rsquo;ETA Aquarid Peak, \u00e0 un micromoon et \u00e0 beaucoup de visualisation plan\u00e9taire. Le calendrier d&rsquo;observation du ciel de May comprend une visualisation plan\u00e9taire,<\/p>\n","protected":false},"author":1,"featured_media":7251,"comment_status":"","ping_status":"","sticky":false,"template":"","format":"standard","meta":{"footnotes":""},"categories":[1],"tags":[4651,1098,14,3160,6785,18],"class_list":["post-7250","post","type-post","status-publish","format-standard","has-post-thumbnail","hentry","category-non-classe","tag-evenements","tag-grands","tag-les","tag-mai","tag-skywatch","tag-sont","generate-columns","tablet-grid-50","mobile-grid-100","grid-parent","grid-33"],"yoast_head":"<!-- This site is optimized with the Yoast SEO plugin v24.0 - https:\/\/yoast.com\/wordpress\/plugins\/seo\/ -->\n<title>Ce sont les plus grands \u00e9v\u00e9nements de skywatch de mai | Vie Associative<\/title>\n<meta name=\"robots\" content=\"index, follow, max-snippet:-1, max-image-preview:large, max-video-preview:-1\" \/>\n<link rel=\"canonical\" href=\"https:\/\/vieassociative.be\/actualites\/ce-sont-les-plus-grands-evenements-de-skywatch-de-mai\/\" \/>\n<meta property=\"og:locale\" content=\"fr_FR\" \/>\n<meta property=\"og:type\" content=\"article\" \/>\n<meta property=\"og:title\" content=\"Ce sont les plus grands \u00e9v\u00e9nements de skywatch de mai | Vie Associative\" \/>\n<meta property=\"og:description\" content=\"Assistez \u00e0 l&rsquo;ETA Aquarid Peak, \u00e0 un micromoon et \u00e0 beaucoup de visualisation plan\u00e9taire. Le calendrier d&rsquo;observation du ciel de May comprend une visualisation plan\u00e9taire,\" \/>\n<meta property=\"og:url\" content=\"https:\/\/vieassociative.be\/actualites\/ce-sont-les-plus-grands-evenements-de-skywatch-de-mai\/\" \/>\n<meta property=\"og:site_name\" content=\"Vie Associative\" \/>\n<meta property=\"article:published_time\" content=\"2025-05-03T07:17:55+00:00\" \/>\n<meta property=\"og:image\" content=\"https:\/\/vieassociative.be\/actualites\/wp-content\/uploads\/2024\/09\/header_backgroundk-01-e1726694325946.png\" \/>\n\t<meta property=\"og:image:width\" content=\"279\" \/>\n\t<meta property=\"og:image:height\" content=\"92\" \/>\n\t<meta property=\"og:image:type\" content=\"image\/png\" \/>\n<meta name=\"author\" content=\"Julien\" \/>\n<meta name=\"twitter:card\" content=\"summary_large_image\" \/>\n<meta name=\"twitter:label1\" content=\"\u00c9crit par\" \/>\n\t<meta name=\"twitter:data1\" content=\"Julien\" \/>\n\t<meta name=\"twitter:label2\" content=\"Dur\u00e9e de lecture est.\" \/>\n\t<meta name=\"twitter:data2\" content=\"2 minutes\" \/>\n<script type=\"application\/ld+json\" class=\"yoast-schema-graph\">{\"@context\":\"https:\/\/schema.org\",\"@graph\":[{\"@type\":\"Article\",\"@id\":\"https:\/\/vieassociative.be\/actualites\/ce-sont-les-plus-grands-evenements-de-skywatch-de-mai\/#article\",\"isPartOf\":{\"@id\":\"https:\/\/vieassociative.be\/actualites\/ce-sont-les-plus-grands-evenements-de-skywatch-de-mai\/\"},\"author\":{\"name\":\"Julien\",\"@id\":\"https:\/\/vieassociative.be\/actualites\/#\/schema\/person\/b87ac4f82f9d4e7b7cec7395b679edc4\"},\"headline\":\"Ce sont les plus grands \u00e9v\u00e9nements de skywatch de mai\",\"datePublished\":\"2025-05-03T07:17:55+00:00\",\"dateModified\":\"2025-05-03T07:17:55+00:00\",\"mainEntityOfPage\":{\"@id\":\"https:\/\/vieassociative.be\/actualites\/ce-sont-les-plus-grands-evenements-de-skywatch-de-mai\/\"},\"wordCount\":475,\"publisher\":{\"@id\":\"https:\/\/vieassociative.be\/actualites\/#organization\"},\"image\":{\"@id\":\"https:\/\/vieassociative.be\/actualites\/ce-sont-les-plus-grands-evenements-de-skywatch-de-mai\/#primaryimage\"},\"thumbnailUrl\":\"https:\/\/vieassociative.be\/actualites\/wp-content\/uploads\/2025\/05\/Ce-sont-les-plus-grands-evenements-de-skywatch-de-mai.jpg\",\"keywords\":[\"\u00e9v\u00e9nements\",\"grands\",\"Les\",\"mai\",\"skywatch\",\"sont\"],\"inLanguage\":\"fr-BE\"},{\"@type\":\"WebPage\",\"@id\":\"https:\/\/vieassociative.be\/actualites\/ce-sont-les-plus-grands-evenements-de-skywatch-de-mai\/\",\"url\":\"https:\/\/vieassociative.be\/actualites\/ce-sont-les-plus-grands-evenements-de-skywatch-de-mai\/\",\"name\":\"Ce sont les plus grands \u00e9v\u00e9nements de skywatch de mai | Vie Associative\",\"isPartOf\":{\"@id\":\"https:\/\/vieassociative.be\/actualites\/#website\"},\"primaryImageOfPage\":{\"@id\":\"https:\/\/vieassociative.be\/actualites\/ce-sont-les-plus-grands-evenements-de-skywatch-de-mai\/#primaryimage\"},\"image\":{\"@id\":\"https:\/\/vieassociative.be\/actualites\/ce-sont-les-plus-grands-evenements-de-skywatch-de-mai\/#primaryimage\"},\"thumbnailUrl\":\"https:\/\/vieassociative.be\/actualites\/wp-content\/uploads\/2025\/05\/Ce-sont-les-plus-grands-evenements-de-skywatch-de-mai.jpg\",\"datePublished\":\"2025-05-03T07:17:55+00:00\",\"dateModified\":\"2025-05-03T07:17:55+00:00\",\"breadcrumb\":{\"@id\":\"https:\/\/vieassociative.be\/actualites\/ce-sont-les-plus-grands-evenements-de-skywatch-de-mai\/#breadcrumb\"},\"inLanguage\":\"fr-BE\",\"potentialAction\":[{\"@type\":\"ReadAction\",\"target\":[\"https:\/\/vieassociative.be\/actualites\/ce-sont-les-plus-grands-evenements-de-skywatch-de-mai\/\"]}]},{\"@type\":\"ImageObject\",\"inLanguage\":\"fr-BE\",\"@id\":\"https:\/\/vieassociative.be\/actualites\/ce-sont-les-plus-grands-evenements-de-skywatch-de-mai\/#primaryimage\",\"url\":\"https:\/\/vieassociative.be\/actualites\/wp-content\/uploads\/2025\/05\/Ce-sont-les-plus-grands-evenements-de-skywatch-de-mai.jpg\",\"contentUrl\":\"https:\/\/vieassociative.be\/actualites\/wp-content\/uploads\/2025\/05\/Ce-sont-les-plus-grands-evenements-de-skywatch-de-mai.jpg\",\"width\":1200,\"height\":675,\"caption\":\"Ce sont les plus grands \u00e9v\u00e9nements de skywatch de mai\"},{\"@type\":\"BreadcrumbList\",\"@id\":\"https:\/\/vieassociative.be\/actualites\/ce-sont-les-plus-grands-evenements-de-skywatch-de-mai\/#breadcrumb\",\"itemListElement\":[{\"@type\":\"ListItem\",\"position\":1,\"name\":\"Accueil\",\"item\":\"https:\/\/vieassociative.be\/actualites\/\"},{\"@type\":\"ListItem\",\"position\":2,\"name\":\"Ce sont les plus grands \u00e9v\u00e9nements de skywatch de mai\"}]},{\"@type\":\"WebSite\",\"@id\":\"https:\/\/vieassociative.be\/actualites\/#website\",\"url\":\"https:\/\/vieassociative.be\/actualites\/\",\"name\":\"Vie Associative\",\"description\":\"\",\"publisher\":{\"@id\":\"https:\/\/vieassociative.be\/actualites\/#organization\"},\"potentialAction\":[{\"@type\":\"SearchAction\",\"target\":{\"@type\":\"EntryPoint\",\"urlTemplate\":\"https:\/\/vieassociative.be\/actualites\/?s={search_term_string}\"},\"query-input\":{\"@type\":\"PropertyValueSpecification\",\"valueRequired\":true,\"valueName\":\"search_term_string\"}}],\"inLanguage\":\"fr-BE\"},{\"@type\":\"Organization\",\"@id\":\"https:\/\/vieassociative.be\/actualites\/#organization\",\"name\":\"Vie Associative\",\"url\":\"https:\/\/vieassociative.be\/actualites\/\",\"logo\":{\"@type\":\"ImageObject\",\"inLanguage\":\"fr-BE\",\"@id\":\"https:\/\/vieassociative.be\/actualites\/#\/schema\/logo\/image\/\",\"url\":\"https:\/\/vieassociative.be\/actualites\/wp-content\/uploads\/2024\/09\/cropped-vieassociative_favicon.ico.png\",\"contentUrl\":\"https:\/\/vieassociative.be\/actualites\/wp-content\/uploads\/2024\/09\/cropped-vieassociative_favicon.ico.png\",\"width\":512,\"height\":512,\"caption\":\"Vie Associative\"},\"image\":{\"@id\":\"https:\/\/vieassociative.be\/actualites\/#\/schema\/logo\/image\/\"}},{\"@type\":\"Person\",\"@id\":\"https:\/\/vieassociative.be\/actualites\/#\/schema\/person\/b87ac4f82f9d4e7b7cec7395b679edc4\",\"name\":\"Julien\",\"image\":{\"@type\":\"ImageObject\",\"inLanguage\":\"fr-BE\",\"@id\":\"https:\/\/vieassociative.be\/actualites\/#\/schema\/person\/image\/\",\"url\":\"https:\/\/vieassociative.be\/actualites\/wp-content\/uploads\/2024\/09\/vie-associative-1-150x150.jpg\",\"contentUrl\":\"https:\/\/vieassociative.be\/actualites\/wp-content\/uploads\/2024\/09\/vie-associative-1-150x150.jpg\",\"caption\":\"Julien\"},\"description\":\"Je suis Julien, r\u00e9dacteur pour Vie Associative. Passionn\u00e9 par le monde associatif depuis plus de 10 ans, j'ai \u00e0 c\u0153ur de partager des histoires inspirantes et de mettre en lumi\u00e8re les initiatives locales. Mon objectif est de sensibiliser et d'encourager l'engagement communautaire \u00e0 travers mes articles.\",\"sameAs\":[\"https:\/\/vieassociative.be\/\"]}]}<\/script>\n<!-- \/ Yoast SEO plugin. -->","yoast_head_json":{"title":"Ce sont les plus grands \u00e9v\u00e9nements de skywatch de mai | Vie Associative","robots":{"index":"index","follow":"follow","max-snippet":"max-snippet:-1","max-image-preview":"max-image-preview:large","max-video-preview":"max-video-preview:-1"},"canonical":"https:\/\/vieassociative.be\/actualites\/ce-sont-les-plus-grands-evenements-de-skywatch-de-mai\/","og_locale":"fr_FR","og_type":"article","og_title":"Ce sont les plus grands \u00e9v\u00e9nements de skywatch de mai | Vie Associative","og_description":"Assistez \u00e0 l&rsquo;ETA Aquarid Peak, \u00e0 un micromoon et \u00e0 beaucoup de visualisation plan\u00e9taire. Le calendrier d&rsquo;observation du ciel de May comprend une visualisation plan\u00e9taire,","og_url":"https:\/\/vieassociative.be\/actualites\/ce-sont-les-plus-grands-evenements-de-skywatch-de-mai\/","og_site_name":"Vie Associative","article_published_time":"2025-05-03T07:17:55+00:00","og_image":[{"width":279,"height":92,"url":"https:\/\/vieassociative.be\/actualites\/wp-content\/uploads\/2024\/09\/header_backgroundk-01-e1726694325946.png","type":"image\/png"}],"author":"Julien","twitter_card":"summary_large_image","twitter_misc":{"\u00c9crit par":"Julien","Dur\u00e9e de lecture est.":"2 minutes"},"schema":{"@context":"https:\/\/schema.org","@graph":[{"@type":"Article","@id":"https:\/\/vieassociative.be\/actualites\/ce-sont-les-plus-grands-evenements-de-skywatch-de-mai\/#article","isPartOf":{"@id":"https:\/\/vieassociative.be\/actualites\/ce-sont-les-plus-grands-evenements-de-skywatch-de-mai\/"},"author":{"name":"Julien","@id":"https:\/\/vieassociative.be\/actualites\/#\/schema\/person\/b87ac4f82f9d4e7b7cec7395b679edc4"},"headline":"Ce sont les plus grands \u00e9v\u00e9nements de skywatch de mai","datePublished":"2025-05-03T07:17:55+00:00","dateModified":"2025-05-03T07:17:55+00:00","mainEntityOfPage":{"@id":"https:\/\/vieassociative.be\/actualites\/ce-sont-les-plus-grands-evenements-de-skywatch-de-mai\/"},"wordCount":475,"publisher":{"@id":"https:\/\/vieassociative.be\/actualites\/#organization"},"image":{"@id":"https:\/\/vieassociative.be\/actualites\/ce-sont-les-plus-grands-evenements-de-skywatch-de-mai\/#primaryimage"},"thumbnailUrl":"https:\/\/vieassociative.be\/actualites\/wp-content\/uploads\/2025\/05\/Ce-sont-les-plus-grands-evenements-de-skywatch-de-mai.jpg","keywords":["\u00e9v\u00e9nements","grands","Les","mai","skywatch","sont"],"inLanguage":"fr-BE"},{"@type":"WebPage","@id":"https:\/\/vieassociative.be\/actualites\/ce-sont-les-plus-grands-evenements-de-skywatch-de-mai\/","url":"https:\/\/vieassociative.be\/actualites\/ce-sont-les-plus-grands-evenements-de-skywatch-de-mai\/","name":"Ce sont les plus grands \u00e9v\u00e9nements de skywatch de mai | Vie Associative","isPartOf":{"@id":"https:\/\/vieassociative.be\/actualites\/#website"},"primaryImageOfPage":{"@id":"https:\/\/vieassociative.be\/actualites\/ce-sont-les-plus-grands-evenements-de-skywatch-de-mai\/#primaryimage"},"image":{"@id":"https:\/\/vieassociative.be\/actualites\/ce-sont-les-plus-grands-evenements-de-skywatch-de-mai\/#primaryimage"},"thumbnailUrl":"https:\/\/vieassociative.be\/actualites\/wp-content\/uploads\/2025\/05\/Ce-sont-les-plus-grands-evenements-de-skywatch-de-mai.jpg","datePublished":"2025-05-03T07:17:55+00:00","dateModified":"2025-05-03T07:17:55+00:00","breadcrumb":{"@id":"https:\/\/vieassociative.be\/actualites\/ce-sont-les-plus-grands-evenements-de-skywatch-de-mai\/#breadcrumb"},"inLanguage":"fr-BE","potentialAction":[{"@type":"ReadAction","target":["https:\/\/vieassociative.be\/actualites\/ce-sont-les-plus-grands-evenements-de-skywatch-de-mai\/"]}]},{"@type":"ImageObject","inLanguage":"fr-BE","@id":"https:\/\/vieassociative.be\/actualites\/ce-sont-les-plus-grands-evenements-de-skywatch-de-mai\/#primaryimage","url":"https:\/\/vieassociative.be\/actualites\/wp-content\/uploads\/2025\/05\/Ce-sont-les-plus-grands-evenements-de-skywatch-de-mai.jpg","contentUrl":"https:\/\/vieassociative.be\/actualites\/wp-content\/uploads\/2025\/05\/Ce-sont-les-plus-grands-evenements-de-skywatch-de-mai.jpg","width":1200,"height":675,"caption":"Ce sont les plus grands \u00e9v\u00e9nements de skywatch de mai"},{"@type":"BreadcrumbList","@id":"https:\/\/vieassociative.be\/actualites\/ce-sont-les-plus-grands-evenements-de-skywatch-de-mai\/#breadcrumb","itemListElement":[{"@type":"ListItem","position":1,"name":"Accueil","item":"https:\/\/vieassociative.be\/actualites\/"},{"@type":"ListItem","position":2,"name":"Ce sont les plus grands \u00e9v\u00e9nements de skywatch de mai"}]},{"@type":"WebSite","@id":"https:\/\/vieassociative.be\/actualites\/#website","url":"https:\/\/vieassociative.be\/actualites\/","name":"Vie Associative","description":"","publisher":{"@id":"https:\/\/vieassociative.be\/actualites\/#organization"},"potentialAction":[{"@type":"SearchAction","target":{"@type":"EntryPoint","urlTemplate":"https:\/\/vieassociative.be\/actualites\/?s={search_term_string}"},"query-input":{"@type":"PropertyValueSpecification","valueRequired":true,"valueName":"search_term_string"}}],"inLanguage":"fr-BE"},{"@type":"Organization","@id":"https:\/\/vieassociative.be\/actualites\/#organization","name":"Vie Associative","url":"https:\/\/vieassociative.be\/actualites\/","logo":{"@type":"ImageObject","inLanguage":"fr-BE","@id":"https:\/\/vieassociative.be\/actualites\/#\/schema\/logo\/image\/","url":"https:\/\/vieassociative.be\/actualites\/wp-content\/uploads\/2024\/09\/cropped-vieassociative_favicon.ico.png","contentUrl":"https:\/\/vieassociative.be\/actualites\/wp-content\/uploads\/2024\/09\/cropped-vieassociative_favicon.ico.png","width":512,"height":512,"caption":"Vie Associative"},"image":{"@id":"https:\/\/vieassociative.be\/actualites\/#\/schema\/logo\/image\/"}},{"@type":"Person","@id":"https:\/\/vieassociative.be\/actualites\/#\/schema\/person\/b87ac4f82f9d4e7b7cec7395b679edc4","name":"Julien","image":{"@type":"ImageObject","inLanguage":"fr-BE","@id":"https:\/\/vieassociative.be\/actualites\/#\/schema\/person\/image\/","url":"https:\/\/vieassociative.be\/actualites\/wp-content\/uploads\/2024\/09\/vie-associative-1-150x150.jpg","contentUrl":"https:\/\/vieassociative.be\/actualites\/wp-content\/uploads\/2024\/09\/vie-associative-1-150x150.jpg","caption":"Julien"},"description":"Je suis Julien, r\u00e9dacteur pour Vie Associative. Passionn\u00e9 par le monde associatif depuis plus de 10 ans, j'ai \u00e0 c\u0153ur de partager des histoires inspirantes et de mettre en lumi\u00e8re les initiatives locales. Mon objectif est de sensibiliser et d'encourager l'engagement communautaire \u00e0 travers mes articles.","sameAs":["https:\/\/vieassociative.be\/"]}]}},"_links":{"self":[{"href":"https:\/\/vieassociative.be\/actualites\/wp-json\/wp\/v2\/posts\/7250"}],"collection":[{"href":"https:\/\/vieassociative.be\/actualites\/wp-json\/wp\/v2\/posts"}],"about":[{"href":"https:\/\/vieassociative.be\/actualites\/wp-json\/wp\/v2\/types\/post"}],"author":[{"embeddable":true,"href":"https:\/\/vieassociative.be\/actualites\/wp-json\/wp\/v2\/users\/1"}],"replies":[{"embeddable":true,"href":"https:\/\/vieassociative.be\/actualites\/wp-json\/wp\/v2\/comments?post=7250"}],"version-history":[{"count":0,"href":"https:\/\/vieassociative.be\/actualites\/wp-json\/wp\/v2\/posts\/7250\/revisions"}],"wp:featuredmedia":[{"embeddable":true,"href":"https:\/\/vieassociative.be\/actualites\/wp-json\/wp\/v2\/media\/7251"}],"wp:attachment":[{"href":"https:\/\/vieassociative.be\/actualites\/wp-json\/wp\/v2\/media?parent=7250"}],"wp:term":[{"taxonomy":"category","embeddable":true,"href":"https:\/\/vieassociative.be\/actualites\/wp-json\/wp\/v2\/categories?post=7250"},{"taxonomy":"post_tag","embeddable":true,"href":"https:\/\/vieassociative.be\/actualites\/wp-json\/wp\/v2\/tags?post=7250"}],"curies":[{"name":"wp","href":"https:\/\/api.w.org\/{rel}","templated":true}]}}