{"id":725,"date":"2024-10-01T12:18:00","date_gmt":"2024-10-01T10:18:00","guid":{"rendered":"https:\/\/vieassociative.be\/actualites\/comment-resoudre-pacifiquement-un-differend-avec-votre-voisin\/"},"modified":"2024-10-01T12:18:00","modified_gmt":"2024-10-01T10:18:00","slug":"comment-resoudre-pacifiquement-un-differend-avec-votre-voisin","status":"publish","type":"post","link":"https:\/\/vieassociative.be\/actualites\/comment-resoudre-pacifiquement-un-differend-avec-votre-voisin\/","title":{"rendered":"Comment r\u00e9soudre pacifiquement un diff\u00e9rend avec votre voisin"},"content":{"rendered":"<div class=\"mt-4 leading-6 md:mb-8\">N&rsquo;oubliez pas que les voisins constituent un filet de s\u00e9curit\u00e9 auquel nous ne pensons pas souvent.<\/div>\n<p><\/p>\n<p>On dit que \u00ab les cl\u00f4tures font de bons voisins \u00bb, mais si j&rsquo;en crois mon flux TikTok, c&rsquo;est du hoohockey : ce ne sont que des majest\u00e9s violettes des montagnes et des conflits de limites de propri\u00e9t\u00e9. Il ne s\u2019agit pas seulement de #fencetok. Selon une \u00e9tude de 2016, 42 % des Am\u00e9ricains signalent un conflit avec leur voisin, et ceux-ci se r\u00e9partissent g\u00e9n\u00e9ralement en quatre cat\u00e9gories : bruit, animaux domestiques, propri\u00e9t\u00e9 mal entretenue et limites de propri\u00e9t\u00e9 \u2013 et pr\u00e8s de la moiti\u00e9 de ces plaintes sont li\u00e9es au bruit. Bien que l\u2019\u00e9tude n\u2019ait pas \u00e9t\u00e9 mise \u00e0 jour, je soup\u00e7onne qu\u2019elle constaterait que les conditions seraient pires huit ans plus tard, apr\u00e8s deux \u00e9lections tr\u00e8s controvers\u00e9es et une pand\u00e9mie qui nous a vu \u00e9merger plus d\u00e9vou\u00e9s que jamais \u00e0 l\u2019individualisme.<\/p>\n<p>Les quartiers ont chang\u00e9 depuis \u00ab l&rsquo;id\u00e9al \u00bb du piquet blanc des ann\u00e9es 50, o\u00f9 tout le monde se connaissait (les voisins se connaissaient peut-\u00eatre mieux, mais la doublure rouge et le classisme faisaient d\u00e9finitivement partie de l&rsquo;\u00e9quation). L\u00e0 o\u00f9 les quartiers \u00e9taient autrefois pour la plupart des propri\u00e9taires dans une \u00ab maison pour toujours \u00bb, nos quartiers sont d\u00e9sormais un m\u00e9lange de propri\u00e9taires qui vendent dans les cinq ans, de locataires et de locations \u00e0 court terme comme Airbnb. Plus le s\u00e9jour est court, moins les voisins sont susceptibles de nouer des relations durables. <\/p>\n<p>Les \u00e9l\u00e9ments structurels des quartiers qui nous maintenaient autrefois en contact \u2013 le march\u00e9 de quartier singulier, le parc, l\u2019\u00e9cole \u2013 se sont d\u00e9velopp\u00e9s pour s\u2019adapter \u00e0 notre population. Il n\u2019y a pas de march\u00e9 \u00ab unique \u00bb dans la plupart des endroits, et il existe de nombreux parcs et \u00e9coles. Les maisons sont d\u00e9sormais habit\u00e9es non seulement par des familles traditionnelles, mais aussi par des familles sans enfants et des personnes seules. La gentrification a \u00e9galement conduit les quartiers \u00e0 avoir une population financi\u00e8re mixte, les communaut\u00e9s \u00e9tant contraintes de quitter les zones dans lesquelles elles ont historiquement pr\u00e9s\u00e9ance, de sorte que des maisons plus anciennes et plus petites c\u00f4toient des maisons plus grandes et plus ch\u00e8res. Cela signifie \u00e9galement que vous \u00eates plus susceptible de vous asseoir \u00e0 c\u00f4t\u00e9 de voisins qui ne partagent peut-\u00eatre pas les m\u00eames perspectives sociopolitiques que vous.<\/p>\n<p>Enfin, il ne faut pas oublier qu&rsquo;en 2023, nous sommes bombard\u00e9s d&rsquo;histoires de personnes tirant sur des personnes qui sonnaient \u00e0 leur porte ou qui montaient accidentellement dans la mauvaise voiture. Cela pourrait suffire \u00e0 vous convaincre de ne pas vous engager si vous \u00e9tiez autrement enclin. <\/p>\n<p>Au total, il existe de nombreuses raisons pour lesquelles les gens parlent moins avec leurs voisins, qu&rsquo;il s&rsquo;agisse simplement du manque de temps, de la disponibilit\u00e9 \u00e9motionnelle, de la fugacit\u00e9, de la peur des repr\u00e9sailles ou des diff\u00e9rences per\u00e7ues. <\/p>\n<h2 id=\"the-benefit-of-neighborhoods\">L&rsquo;avantage des quartiers<\/h2>\n<p>En cas d&rsquo;urgence, les personnes les plus proches de chez vous sont vos premiers intervenants. Les voisins constituent un filet de s\u00e9curit\u00e9 auquel on ne pense pas souvent. Si vous avez d\u00e9j\u00e0 v\u00e9cu un incendie dans une maison, vous le savez : les voisins sont les premiers sur les lieux. Mais c&rsquo;est bien plus que cela : votre avenir financier est partag\u00e9 avec vos voisins gr\u00e2ce \u00e0 la valeur de vos propri\u00e9t\u00e9s. La valeur des propri\u00e9t\u00e9s est d\u00e9termin\u00e9e par la mani\u00e8re dont le quartier est gouvern\u00e9 et par la mani\u00e8re dont les gens entretiennent leurs propri\u00e9t\u00e9s.<\/p>\n<p>Nous vivons \u00e9galement \u00e0 une \u00e9poque o\u00f9 les adultes ont du mal \u00e0 se faire plus d\u2019amis et de relations IRL, et tout un bassin de possibilit\u00e9s existe juste devant votre porte d\u2019entr\u00e9e. Cela signifie qu&rsquo;\u00eatre en communication avec vos voisins a une valeur intrins\u00e8que, et ils ont plus de potentiel pour vous que les \u00ab\u00a0personnes \u00e0 c\u00f4t\u00e9 de qui vous vivez\u00a0\u00bb. Avoir une communication ouverte est \u00e9galement le moyen le plus probable d\u2019\u00e9viter de futurs conflits.<\/p>\n<h2 id=\"how-to-resolve-neighbor-disputes-before-they-escalate\">Comment r\u00e9soudre les conflits de voisinage avant qu\u2019ils ne d\u00e9g\u00e9n\u00e8rent<\/h2>\n<p>Mieux vaut agir que r\u00e9agir, c&rsquo;est pourquoi entretenir une relation avec votre voisin est le meilleur moyen d&rsquo;\u00e9viter les conflits avant qu&rsquo;ils ne surviennent, en profitant simplement de l&rsquo;occasion pour vous pr\u00e9senter lorsque vous ou votre voisin emm\u00e9nagez. <\/p>\n<p>\u00ab Une strat\u00e9gie souvent n\u00e9glig\u00e9e consiste \u00e0 apprendre \u00e0 conna\u00eetre votre voisin, si vous n&rsquo;\u00eates pas d\u00e9j\u00e0 en bons termes. M\u00eame si un probl\u00e8me est survenu, essayez de conna\u00eetre votre voisin avant de porter plainte. Pr\u00e9sentez-vous. Parlez de questions d&rsquo;int\u00e9r\u00eat g\u00e9n\u00e9ral \u00bb, comme le sugg\u00e8re la People&rsquo;s Law Library of Maryland. <\/p>\n<p>Si l&rsquo;interaction en face-\u00e0-face est anxiog\u00e8ne, pensez au traditionnel panier de \u00ab bienvenue dans le quartier \u00bb, \u00e0 une assiette de biscuits, ou m\u00eame simplement \u00e0 une note ou une carte vous pr\u00e9sentant et offrant votre num\u00e9ro de t\u00e9l\u00e9phone. Votre voisin est susceptible de vous envoyer au moins un message de remerciement par SMS, ce qui ouvre des voies de communication pour l&rsquo;avenir. Dans mon quartier, nous avons une feuille avec des dessins de nos maisons, nos noms et num\u00e9ros de t\u00e9l\u00e9phone dessus, et nous la donnons \u00e0 tous ceux qui emm\u00e9nagent dans le quartier et nous nous pr\u00e9sentons ind\u00e9pendamment.<\/p>\n<p>Elaine Swann, auteur de <em>Que la folie soit folle<\/em> souligne que vous devez toujours attendre d&rsquo;\u00eatre calme avant d&rsquo;\u00e9valuer l&rsquo;ampleur r\u00e9elle du probl\u00e8me et la mani\u00e8re dont vous souhaitez le r\u00e9soudre, le cas \u00e9ch\u00e9ant. Swann note : \u00ab Lorsque nous r\u00e9agissons, surtout dans le feu de l\u2019action, nous avons tendance \u00e0 faire la mauvaise chose et peut-\u00eatre m\u00eame \u00e0 dire la mauvaise chose aussi. \u00bb <\/p>\n<p>De plus, cela vaut la peine d&rsquo;\u00eatre curieux de savoir <em>pourquoi<\/em> \u00e7a vous d\u00e9range, et \u00e0 quel prix. Vivre en communaut\u00e9 signifie vivre avec d\u2019autres \u00eatres humains, et il y a des compromis \u00e0 faire. Le bruit des travaux de construction peut \u00eatre ennuyeux, mais vous en aurez probablement besoin un jour. Les chiens qui aboient peuvent \u00eatre perturbateurs, mais s&rsquo;ils n&rsquo;interrompent pas votre travail ou votre sommeil, vaut-il la peine de se plaindre plut\u00f4t que de trouver une autre solution ? Quel serait de toute fa\u00e7on le r\u00e9sultat souhait\u00e9 ? Ils se d\u00e9barrassent du chien ? Arr\u00eater les travaux ? Dans quelle mesure le r\u00e9sultat est-il raisonnable\u00a0? <\/p>\n<p>Et les comm\u00e9rages sont une mauvaise id\u00e9e, selon Swann : \u00ab Lorsque nous impliquons les autres et obtenons leurs opinions sur la situation, ils peuvent nous \u00e9chauffer vraiment et alimenter le feu \u00bb, explique-t-elle. <\/p>\n<p>Enfin, Swann vous conseille de ne pas vous concentrer sur plus de trois probl\u00e8mes \u00e0 la fois, afin de ne pas accabler votre voisin. <\/p>\n<h2 id=\"how-non-violent-communication-techniques-can-help-aid-neighbor-disputes\">Comment les techniques de communication non violentes peuvent aider \u00e0 r\u00e9soudre les conflits de voisinage<\/h2>\n<p>Personne ne m&rsquo;appellera \u00e0 la barre pour t\u00e9moigner en tant qu&rsquo;expert en mati\u00e8re de conflits de voisinage, mais depuis trente ans, je suis voisin dans des villes de tout le pays. Je n&rsquo;ai pas toujours \u00e9t\u00e9 le voisin parfait, et je n&rsquo;ai pas aim\u00e9 tous mes voisins, mais ni eux ni moi n&rsquo;avons jamais eu une explosion digne de TikTok. La raison, j&rsquo;en suis convaincu, est d&rsquo;apprendre \u00e0 pratiquer la communication non violente pour vous aider \u00e0 n\u00e9gocier avec vos voisins, vos coll\u00e8gues et toutes les autres relations de votre vie.<\/p>\n<p>La communication non violente se concentre sur l&rsquo;\u00e9coute plut\u00f4t que sur la parole, et sur la tentative de comprendre les besoins de chacun, ce qui peut mettre l&rsquo;accent sur l&rsquo;\u00e9quit\u00e9 plut\u00f4t que sur l&rsquo;\u00e9galit\u00e9. M\u00eame si nos structures soci\u00e9tales nous ont vendu l&rsquo;id\u00e9e du compromis, dans lequel \u00ab personne ne repart heureux \u00bb, cette id\u00e9e ne r\u00e9pond pas aux besoins individuels. L&rsquo;exemple qui m&rsquo;a \u00e9t\u00e9 donn\u00e9 est l&rsquo;id\u00e9e que si vous avez un groupe de trente travailleurs dans un immeuble, et que vingt-neuf d&rsquo;entre eux veulent construire la nouvelle salle de bain au deuxi\u00e8me \u00e9tage, et qu&rsquo;un seul le veut au premier, vous pourriez dire c&rsquo;est la majorit\u00e9 qui r\u00e8gne, sinon ils pourraient faire des compromis et les reporter dans la cage d&rsquo;escalier entre les \u00e9tages. Mais une fois que vous apprenez que la trenti\u00e8me personne utilise un fauteuil roulant et a besoin d\u2019une accessibilit\u00e9 que la cage d\u2019escalier et le deuxi\u00e8me \u00e9tage n\u2019offrent pas, cela met en perspective la fa\u00e7on dont ces besoins l\u2019emportent sur les vingt-neuf autres personnes. Les besoins priment sur les d\u00e9sirs. <\/p>\n<p>Il est facile d&rsquo;\u00eatre en col\u00e8re contre le voisin qui a un chien qui aboie toute la journ\u00e9e, et bien s\u00fbr, il n&rsquo;aurait peut-\u00eatre pas d\u00fb adopter un chien dont personne n&rsquo;est \u00e0 la maison pour s&rsquo;occuper, mais si vous apprenez que quelqu&rsquo;un \u00e0 qui on a promis qu&rsquo;il pourrait l&rsquo;\u00eatre Si quelqu&rsquo;un \u00e0 distance a \u00e9t\u00e9 rappel\u00e9 au bureau et a vraiment du mal \u00e0 comprendre, cela pourrait changer votre point de vue et cr\u00e9er plus d&#8217;empathie. Comprendre les besoins signifie \u00e9galement que vous pouvez travailler \u00e0 la conception d\u2019une solution. La solution est de trouver un moyen de garder le chien plus calme pendant la journ\u00e9e, afin que vous puissiez peut-\u00eatre y travailler ensemble. Bien que le chien ne rel\u00e8ve pas de votre responsabilit\u00e9, vous aurez peut-\u00eatre un jour besoin de la m\u00eame g\u00e9n\u00e9rosit\u00e9 et de la m\u00eame empathie en retour que vous pouvez offrir maintenant.<\/p>\n<h2 id=\"when-its-time-to-escalate-your-dispute\">Quand il est temps d&rsquo;intensifier votre litige<\/h2>\n<p>La gentillesse ne r\u00e9soudra pas tous les probl\u00e8mes, et parfois ces infractions d\u00e9passent la g\u00eane et se transforment en de v\u00e9ritables probl\u00e8mes de s\u00e9curit\u00e9 ou de valeur de la propri\u00e9t\u00e9. M\u00eame si l&rsquo;escalade de votre diff\u00e9rend ne vous fera probablement pas d&rsquo;amis, cela pourrait r\u00e9soudre votre probl\u00e8me en faisant appel \u00e0 des tiers capables de voir les choses objectivement. <\/p>\n<p>Selon Lewis Farmer, avocat sp\u00e9cialis\u00e9 en droit immobilier \u00e0 Portland, Oregon, les probl\u00e8mes de bruit, de propri\u00e9t\u00e9 n\u00e9glig\u00e9e et d&rsquo;animaux de compagnie doivent d&rsquo;abord \u00eatre signal\u00e9s \u00e0 une association de propri\u00e9taires ou \u00e0 une association de propri\u00e9taires de condos. votre commune. Dans ces deux cas, ce sera \u00e0 la HOA ou \u00e0 la ville de d\u00e9cider s&rsquo;il convient de faire valoir ces r\u00e9clamations, ce qui peut \u00eatre frustrant. \u00ab\u00a0Si cela \u00e9choue\u00a0\u00bb, dit Farmer, \u00ab\u00a0vous \u00eates probablement confront\u00e9 \u00e0 une r\u00e9clamation pour nuisance, dont vous voudriez parler \u00e0 un avocat sp\u00e9cialis\u00e9 en droit immobilier. La plainte pour nuisance d\u00e9pend des faits et un avocat vous aidera \u00e0 d\u00e9cider s&rsquo;il y a une cause qui m\u00e9rite d&rsquo;\u00eatre poursuivie.<\/p>\n<p>La \u00ab nuisance \u00bb peut \u00e9galement \u00eatre une barre haute \u00e0 atteindre. Farmer a not\u00e9 que dans l&rsquo;Oregon, o\u00f9 il exerce, \u00ab les cas de nuisance doivent d\u00e9montrer une interf\u00e9rence substantielle avec la jouissance de la tranquillit\u00e9 d&rsquo;une personne, quel est le degr\u00e9 du pr\u00e9judice et quel est le caract\u00e8re raisonnable de l&rsquo;utilisation. Ce sont g\u00e9n\u00e9ralement des cas compliqu\u00e9s.<\/p>\n<p>Les litiges relatifs aux limites de propri\u00e9t\u00e9, bien que compliqu\u00e9s, semblaient plus faciles \u00e0 r\u00e9soudre. Les propri\u00e9taires devraient mener une enqu\u00eate qui montrera les limites de propri\u00e9t\u00e9 et s&rsquo;assurer que leurs actes refl\u00e8tent \u00e9galement ces limites. Lewis a soulign\u00e9 une \u00e9tape importante : s&rsquo;assurer que les banques d\u00e9tenant des pr\u00eats hypoth\u00e9caires approuvent toute modification des actes concernant ces limites de propri\u00e9t\u00e9. <\/p>\n<p>\u00ab\u00a0J&rsquo;ai eu un cas o\u00f9 deux voisins avaient r\u00e9gl\u00e9 leur diff\u00e9rend de limite de propri\u00e9t\u00e9 et avaient effectivement d\u00e9plac\u00e9 leur limite de propri\u00e9t\u00e9, mais lorsque l&rsquo;un d&rsquo;entre eux a d\u00e9m\u00e9nag\u00e9 en Am\u00e9rique du Sud et que sa propri\u00e9t\u00e9 a \u00e9t\u00e9 saisie, il est devenu clair que sa banque n&rsquo;avait jamais sign\u00e9 et tentait de saisir. sur un terrain qui n&rsquo;appartenait plus au cr\u00e9ancier hypoth\u00e9caire, mais au voisin. Comme la banque n\u2019a jamais sign\u00e9, elle avait toujours un droit sur le terrain \u00e9chang\u00e9 au titre de l\u2019hypoth\u00e8que initiale. Il a fallu beaucoup de temps pour r\u00e9soudre ce probl\u00e8me. \u00bb<\/p>\n<p>En cas de doute, Lewis a conseill\u00e9 de parler \u00e0 un avocat qualifi\u00e9 pour obtenir des conseils et des orientations.<\/p>\n<p>La bonne nouvelle, c\u2019est que 82 % des conflits de voisinage aboutissent \u00e0 une r\u00e9solution satisfaisante. M\u00eame si le processus peut \u00eatre douloureux, qu&rsquo;il s&rsquo;agisse du calme et de la patience n\u00e9cessaires pour r\u00e9soudre le diff\u00e9rend par la communication ou de l&rsquo;implication \u00e9ventuelle des fonctionnaires ou des tribunaux, il y a de bonnes raisons d&rsquo;esp\u00e9rer une issue positive. Vous serez coinc\u00e9 \u00e0 vivre \u00e0 c\u00f4t\u00e9 de vos voisins pendant un certain temps, alors trouver comment coexister est la solution la plus id\u00e9ale. <\/p>\n","protected":false},"excerpt":{"rendered":"<p>N&rsquo;oubliez pas que les voisins constituent un filet de s\u00e9curit\u00e9 auquel nous ne pensons pas souvent. On dit que \u00ab les cl\u00f4tures font de bons<\/p>\n","protected":false},"author":1,"featured_media":726,"comment_status":"","ping_status":"","sticky":false,"template":"","format":"standard","meta":{"footnotes":""},"categories":[42],"tags":[61,44,1159,1158,976,1160,8],"class_list":["post-725","post","type-post","status-publish","format-standard","has-post-thumbnail","hentry","category-relations","tag-avec","tag-comment","tag-differend","tag-pacifiquement","tag-resoudre","tag-voisin","tag-votre","generate-columns","tablet-grid-50","mobile-grid-100","grid-parent","grid-33"],"yoast_head":"<!-- This site is optimized with the Yoast SEO plugin v24.0 - https:\/\/yoast.com\/wordpress\/plugins\/seo\/ -->\n<title>Comment r\u00e9soudre pacifiquement un diff\u00e9rend avec votre voisin | Vie Associative<\/title>\n<meta name=\"robots\" content=\"index, follow, max-snippet:-1, max-image-preview:large, max-video-preview:-1\" \/>\n<link rel=\"canonical\" href=\"https:\/\/vieassociative.be\/actualites\/comment-resoudre-pacifiquement-un-differend-avec-votre-voisin\/\" \/>\n<meta property=\"og:locale\" content=\"fr_FR\" \/>\n<meta property=\"og:type\" content=\"article\" \/>\n<meta property=\"og:title\" content=\"Comment r\u00e9soudre pacifiquement un diff\u00e9rend avec votre voisin | Vie Associative\" \/>\n<meta property=\"og:description\" content=\"N&rsquo;oubliez pas que les voisins constituent un filet de s\u00e9curit\u00e9 auquel nous ne pensons pas souvent. On dit que \u00ab les cl\u00f4tures font de bons\" \/>\n<meta property=\"og:url\" content=\"https:\/\/vieassociative.be\/actualites\/comment-resoudre-pacifiquement-un-differend-avec-votre-voisin\/\" \/>\n<meta property=\"og:site_name\" content=\"Vie Associative\" \/>\n<meta property=\"article:published_time\" content=\"2024-10-01T10:18:00+00:00\" \/>\n<meta property=\"og:image\" content=\"https:\/\/vieassociative.be\/actualites\/wp-content\/uploads\/2024\/09\/header_backgroundk-01-e1726694325946.png\" \/>\n\t<meta property=\"og:image:width\" content=\"279\" \/>\n\t<meta property=\"og:image:height\" content=\"92\" \/>\n\t<meta property=\"og:image:type\" content=\"image\/png\" \/>\n<meta name=\"author\" content=\"Julien\" \/>\n<meta name=\"twitter:card\" content=\"summary_large_image\" \/>\n<meta name=\"twitter:label1\" content=\"\u00c9crit par\" \/>\n\t<meta name=\"twitter:data1\" content=\"Julien\" \/>\n\t<meta name=\"twitter:label2\" content=\"Dur\u00e9e de lecture est.\" \/>\n\t<meta name=\"twitter:data2\" content=\"11 minutes\" \/>\n<script type=\"application\/ld+json\" class=\"yoast-schema-graph\">{\"@context\":\"https:\/\/schema.org\",\"@graph\":[{\"@type\":\"Article\",\"@id\":\"https:\/\/vieassociative.be\/actualites\/comment-resoudre-pacifiquement-un-differend-avec-votre-voisin\/#article\",\"isPartOf\":{\"@id\":\"https:\/\/vieassociative.be\/actualites\/comment-resoudre-pacifiquement-un-differend-avec-votre-voisin\/\"},\"author\":{\"name\":\"Julien\",\"@id\":\"https:\/\/vieassociative.be\/actualites\/#\/schema\/person\/b87ac4f82f9d4e7b7cec7395b679edc4\"},\"headline\":\"Comment r\u00e9soudre pacifiquement un diff\u00e9rend avec votre voisin\",\"datePublished\":\"2024-10-01T10:18:00+00:00\",\"dateModified\":\"2024-10-01T10:18:00+00:00\",\"mainEntityOfPage\":{\"@id\":\"https:\/\/vieassociative.be\/actualites\/comment-resoudre-pacifiquement-un-differend-avec-votre-voisin\/\"},\"wordCount\":2249,\"publisher\":{\"@id\":\"https:\/\/vieassociative.be\/actualites\/#organization\"},\"image\":{\"@id\":\"https:\/\/vieassociative.be\/actualites\/comment-resoudre-pacifiquement-un-differend-avec-votre-voisin\/#primaryimage\"},\"thumbnailUrl\":\"https:\/\/vieassociative.be\/actualites\/wp-content\/uploads\/2024\/10\/Comment-resoudre-pacifiquement-un-differend-avec-votre-voisin.jpg\",\"keywords\":[\"avec\",\"Comment\",\"diff\u00e9rend\",\"pacifiquement\",\"r\u00e9soudre\",\"voisin\",\"votre\"],\"articleSection\":[\"Relations\"],\"inLanguage\":\"fr-BE\"},{\"@type\":\"WebPage\",\"@id\":\"https:\/\/vieassociative.be\/actualites\/comment-resoudre-pacifiquement-un-differend-avec-votre-voisin\/\",\"url\":\"https:\/\/vieassociative.be\/actualites\/comment-resoudre-pacifiquement-un-differend-avec-votre-voisin\/\",\"name\":\"Comment r\u00e9soudre pacifiquement un diff\u00e9rend avec votre voisin | Vie Associative\",\"isPartOf\":{\"@id\":\"https:\/\/vieassociative.be\/actualites\/#website\"},\"primaryImageOfPage\":{\"@id\":\"https:\/\/vieassociative.be\/actualites\/comment-resoudre-pacifiquement-un-differend-avec-votre-voisin\/#primaryimage\"},\"image\":{\"@id\":\"https:\/\/vieassociative.be\/actualites\/comment-resoudre-pacifiquement-un-differend-avec-votre-voisin\/#primaryimage\"},\"thumbnailUrl\":\"https:\/\/vieassociative.be\/actualites\/wp-content\/uploads\/2024\/10\/Comment-resoudre-pacifiquement-un-differend-avec-votre-voisin.jpg\",\"datePublished\":\"2024-10-01T10:18:00+00:00\",\"dateModified\":\"2024-10-01T10:18:00+00:00\",\"breadcrumb\":{\"@id\":\"https:\/\/vieassociative.be\/actualites\/comment-resoudre-pacifiquement-un-differend-avec-votre-voisin\/#breadcrumb\"},\"inLanguage\":\"fr-BE\",\"potentialAction\":[{\"@type\":\"ReadAction\",\"target\":[\"https:\/\/vieassociative.be\/actualites\/comment-resoudre-pacifiquement-un-differend-avec-votre-voisin\/\"]}]},{\"@type\":\"ImageObject\",\"inLanguage\":\"fr-BE\",\"@id\":\"https:\/\/vieassociative.be\/actualites\/comment-resoudre-pacifiquement-un-differend-avec-votre-voisin\/#primaryimage\",\"url\":\"https:\/\/vieassociative.be\/actualites\/wp-content\/uploads\/2024\/10\/Comment-resoudre-pacifiquement-un-differend-avec-votre-voisin.jpg\",\"contentUrl\":\"https:\/\/vieassociative.be\/actualites\/wp-content\/uploads\/2024\/10\/Comment-resoudre-pacifiquement-un-differend-avec-votre-voisin.jpg\",\"width\":1200,\"height\":675,\"caption\":\"Comment r\u00e9soudre pacifiquement un diff\u00e9rend avec votre voisin\"},{\"@type\":\"BreadcrumbList\",\"@id\":\"https:\/\/vieassociative.be\/actualites\/comment-resoudre-pacifiquement-un-differend-avec-votre-voisin\/#breadcrumb\",\"itemListElement\":[{\"@type\":\"ListItem\",\"position\":1,\"name\":\"Accueil\",\"item\":\"https:\/\/vieassociative.be\/actualites\/\"},{\"@type\":\"ListItem\",\"position\":2,\"name\":\"Comment r\u00e9soudre pacifiquement un diff\u00e9rend avec votre voisin\"}]},{\"@type\":\"WebSite\",\"@id\":\"https:\/\/vieassociative.be\/actualites\/#website\",\"url\":\"https:\/\/vieassociative.be\/actualites\/\",\"name\":\"Vie Associative\",\"description\":\"\",\"publisher\":{\"@id\":\"https:\/\/vieassociative.be\/actualites\/#organization\"},\"potentialAction\":[{\"@type\":\"SearchAction\",\"target\":{\"@type\":\"EntryPoint\",\"urlTemplate\":\"https:\/\/vieassociative.be\/actualites\/?s={search_term_string}\"},\"query-input\":{\"@type\":\"PropertyValueSpecification\",\"valueRequired\":true,\"valueName\":\"search_term_string\"}}],\"inLanguage\":\"fr-BE\"},{\"@type\":\"Organization\",\"@id\":\"https:\/\/vieassociative.be\/actualites\/#organization\",\"name\":\"Vie Associative\",\"url\":\"https:\/\/vieassociative.be\/actualites\/\",\"logo\":{\"@type\":\"ImageObject\",\"inLanguage\":\"fr-BE\",\"@id\":\"https:\/\/vieassociative.be\/actualites\/#\/schema\/logo\/image\/\",\"url\":\"https:\/\/vieassociative.be\/actualites\/wp-content\/uploads\/2024\/09\/cropped-vieassociative_favicon.ico.png\",\"contentUrl\":\"https:\/\/vieassociative.be\/actualites\/wp-content\/uploads\/2024\/09\/cropped-vieassociative_favicon.ico.png\",\"width\":512,\"height\":512,\"caption\":\"Vie Associative\"},\"image\":{\"@id\":\"https:\/\/vieassociative.be\/actualites\/#\/schema\/logo\/image\/\"}},{\"@type\":\"Person\",\"@id\":\"https:\/\/vieassociative.be\/actualites\/#\/schema\/person\/b87ac4f82f9d4e7b7cec7395b679edc4\",\"name\":\"Julien\",\"image\":{\"@type\":\"ImageObject\",\"inLanguage\":\"fr-BE\",\"@id\":\"https:\/\/vieassociative.be\/actualites\/#\/schema\/person\/image\/\",\"url\":\"https:\/\/vieassociative.be\/actualites\/wp-content\/uploads\/2024\/09\/vie-associative-1-150x150.jpg\",\"contentUrl\":\"https:\/\/vieassociative.be\/actualites\/wp-content\/uploads\/2024\/09\/vie-associative-1-150x150.jpg\",\"caption\":\"Julien\"},\"description\":\"Je suis Julien, r\u00e9dacteur pour Vie Associative. Passionn\u00e9 par le monde associatif depuis plus de 10 ans, j'ai \u00e0 c\u0153ur de partager des histoires inspirantes et de mettre en lumi\u00e8re les initiatives locales. Mon objectif est de sensibiliser et d'encourager l'engagement communautaire \u00e0 travers mes articles.\",\"sameAs\":[\"https:\/\/vieassociative.be\/\"]}]}<\/script>\n<!-- \/ Yoast SEO plugin. -->","yoast_head_json":{"title":"Comment r\u00e9soudre pacifiquement un diff\u00e9rend avec votre voisin | Vie Associative","robots":{"index":"index","follow":"follow","max-snippet":"max-snippet:-1","max-image-preview":"max-image-preview:large","max-video-preview":"max-video-preview:-1"},"canonical":"https:\/\/vieassociative.be\/actualites\/comment-resoudre-pacifiquement-un-differend-avec-votre-voisin\/","og_locale":"fr_FR","og_type":"article","og_title":"Comment r\u00e9soudre pacifiquement un diff\u00e9rend avec votre voisin | Vie Associative","og_description":"N&rsquo;oubliez pas que les voisins constituent un filet de s\u00e9curit\u00e9 auquel nous ne pensons pas souvent. On dit que \u00ab les cl\u00f4tures font de bons","og_url":"https:\/\/vieassociative.be\/actualites\/comment-resoudre-pacifiquement-un-differend-avec-votre-voisin\/","og_site_name":"Vie Associative","article_published_time":"2024-10-01T10:18:00+00:00","og_image":[{"width":279,"height":92,"url":"https:\/\/vieassociative.be\/actualites\/wp-content\/uploads\/2024\/09\/header_backgroundk-01-e1726694325946.png","type":"image\/png"}],"author":"Julien","twitter_card":"summary_large_image","twitter_misc":{"\u00c9crit par":"Julien","Dur\u00e9e de lecture est.":"11 minutes"},"schema":{"@context":"https:\/\/schema.org","@graph":[{"@type":"Article","@id":"https:\/\/vieassociative.be\/actualites\/comment-resoudre-pacifiquement-un-differend-avec-votre-voisin\/#article","isPartOf":{"@id":"https:\/\/vieassociative.be\/actualites\/comment-resoudre-pacifiquement-un-differend-avec-votre-voisin\/"},"author":{"name":"Julien","@id":"https:\/\/vieassociative.be\/actualites\/#\/schema\/person\/b87ac4f82f9d4e7b7cec7395b679edc4"},"headline":"Comment r\u00e9soudre pacifiquement un diff\u00e9rend avec votre voisin","datePublished":"2024-10-01T10:18:00+00:00","dateModified":"2024-10-01T10:18:00+00:00","mainEntityOfPage":{"@id":"https:\/\/vieassociative.be\/actualites\/comment-resoudre-pacifiquement-un-differend-avec-votre-voisin\/"},"wordCount":2249,"publisher":{"@id":"https:\/\/vieassociative.be\/actualites\/#organization"},"image":{"@id":"https:\/\/vieassociative.be\/actualites\/comment-resoudre-pacifiquement-un-differend-avec-votre-voisin\/#primaryimage"},"thumbnailUrl":"https:\/\/vieassociative.be\/actualites\/wp-content\/uploads\/2024\/10\/Comment-resoudre-pacifiquement-un-differend-avec-votre-voisin.jpg","keywords":["avec","Comment","diff\u00e9rend","pacifiquement","r\u00e9soudre","voisin","votre"],"articleSection":["Relations"],"inLanguage":"fr-BE"},{"@type":"WebPage","@id":"https:\/\/vieassociative.be\/actualites\/comment-resoudre-pacifiquement-un-differend-avec-votre-voisin\/","url":"https:\/\/vieassociative.be\/actualites\/comment-resoudre-pacifiquement-un-differend-avec-votre-voisin\/","name":"Comment r\u00e9soudre pacifiquement un diff\u00e9rend avec votre voisin | Vie Associative","isPartOf":{"@id":"https:\/\/vieassociative.be\/actualites\/#website"},"primaryImageOfPage":{"@id":"https:\/\/vieassociative.be\/actualites\/comment-resoudre-pacifiquement-un-differend-avec-votre-voisin\/#primaryimage"},"image":{"@id":"https:\/\/vieassociative.be\/actualites\/comment-resoudre-pacifiquement-un-differend-avec-votre-voisin\/#primaryimage"},"thumbnailUrl":"https:\/\/vieassociative.be\/actualites\/wp-content\/uploads\/2024\/10\/Comment-resoudre-pacifiquement-un-differend-avec-votre-voisin.jpg","datePublished":"2024-10-01T10:18:00+00:00","dateModified":"2024-10-01T10:18:00+00:00","breadcrumb":{"@id":"https:\/\/vieassociative.be\/actualites\/comment-resoudre-pacifiquement-un-differend-avec-votre-voisin\/#breadcrumb"},"inLanguage":"fr-BE","potentialAction":[{"@type":"ReadAction","target":["https:\/\/vieassociative.be\/actualites\/comment-resoudre-pacifiquement-un-differend-avec-votre-voisin\/"]}]},{"@type":"ImageObject","inLanguage":"fr-BE","@id":"https:\/\/vieassociative.be\/actualites\/comment-resoudre-pacifiquement-un-differend-avec-votre-voisin\/#primaryimage","url":"https:\/\/vieassociative.be\/actualites\/wp-content\/uploads\/2024\/10\/Comment-resoudre-pacifiquement-un-differend-avec-votre-voisin.jpg","contentUrl":"https:\/\/vieassociative.be\/actualites\/wp-content\/uploads\/2024\/10\/Comment-resoudre-pacifiquement-un-differend-avec-votre-voisin.jpg","width":1200,"height":675,"caption":"Comment r\u00e9soudre pacifiquement un diff\u00e9rend avec votre voisin"},{"@type":"BreadcrumbList","@id":"https:\/\/vieassociative.be\/actualites\/comment-resoudre-pacifiquement-un-differend-avec-votre-voisin\/#breadcrumb","itemListElement":[{"@type":"ListItem","position":1,"name":"Accueil","item":"https:\/\/vieassociative.be\/actualites\/"},{"@type":"ListItem","position":2,"name":"Comment r\u00e9soudre pacifiquement un diff\u00e9rend avec votre voisin"}]},{"@type":"WebSite","@id":"https:\/\/vieassociative.be\/actualites\/#website","url":"https:\/\/vieassociative.be\/actualites\/","name":"Vie Associative","description":"","publisher":{"@id":"https:\/\/vieassociative.be\/actualites\/#organization"},"potentialAction":[{"@type":"SearchAction","target":{"@type":"EntryPoint","urlTemplate":"https:\/\/vieassociative.be\/actualites\/?s={search_term_string}"},"query-input":{"@type":"PropertyValueSpecification","valueRequired":true,"valueName":"search_term_string"}}],"inLanguage":"fr-BE"},{"@type":"Organization","@id":"https:\/\/vieassociative.be\/actualites\/#organization","name":"Vie Associative","url":"https:\/\/vieassociative.be\/actualites\/","logo":{"@type":"ImageObject","inLanguage":"fr-BE","@id":"https:\/\/vieassociative.be\/actualites\/#\/schema\/logo\/image\/","url":"https:\/\/vieassociative.be\/actualites\/wp-content\/uploads\/2024\/09\/cropped-vieassociative_favicon.ico.png","contentUrl":"https:\/\/vieassociative.be\/actualites\/wp-content\/uploads\/2024\/09\/cropped-vieassociative_favicon.ico.png","width":512,"height":512,"caption":"Vie Associative"},"image":{"@id":"https:\/\/vieassociative.be\/actualites\/#\/schema\/logo\/image\/"}},{"@type":"Person","@id":"https:\/\/vieassociative.be\/actualites\/#\/schema\/person\/b87ac4f82f9d4e7b7cec7395b679edc4","name":"Julien","image":{"@type":"ImageObject","inLanguage":"fr-BE","@id":"https:\/\/vieassociative.be\/actualites\/#\/schema\/person\/image\/","url":"https:\/\/vieassociative.be\/actualites\/wp-content\/uploads\/2024\/09\/vie-associative-1-150x150.jpg","contentUrl":"https:\/\/vieassociative.be\/actualites\/wp-content\/uploads\/2024\/09\/vie-associative-1-150x150.jpg","caption":"Julien"},"description":"Je suis Julien, r\u00e9dacteur pour Vie Associative. Passionn\u00e9 par le monde associatif depuis plus de 10 ans, j'ai \u00e0 c\u0153ur de partager des histoires inspirantes et de mettre en lumi\u00e8re les initiatives locales. Mon objectif est de sensibiliser et d'encourager l'engagement communautaire \u00e0 travers mes articles.","sameAs":["https:\/\/vieassociative.be\/"]}]}},"_links":{"self":[{"href":"https:\/\/vieassociative.be\/actualites\/wp-json\/wp\/v2\/posts\/725"}],"collection":[{"href":"https:\/\/vieassociative.be\/actualites\/wp-json\/wp\/v2\/posts"}],"about":[{"href":"https:\/\/vieassociative.be\/actualites\/wp-json\/wp\/v2\/types\/post"}],"author":[{"embeddable":true,"href":"https:\/\/vieassociative.be\/actualites\/wp-json\/wp\/v2\/users\/1"}],"replies":[{"embeddable":true,"href":"https:\/\/vieassociative.be\/actualites\/wp-json\/wp\/v2\/comments?post=725"}],"version-history":[{"count":0,"href":"https:\/\/vieassociative.be\/actualites\/wp-json\/wp\/v2\/posts\/725\/revisions"}],"wp:featuredmedia":[{"embeddable":true,"href":"https:\/\/vieassociative.be\/actualites\/wp-json\/wp\/v2\/media\/726"}],"wp:attachment":[{"href":"https:\/\/vieassociative.be\/actualites\/wp-json\/wp\/v2\/media?parent=725"}],"wp:term":[{"taxonomy":"category","embeddable":true,"href":"https:\/\/vieassociative.be\/actualites\/wp-json\/wp\/v2\/categories?post=725"},{"taxonomy":"post_tag","embeddable":true,"href":"https:\/\/vieassociative.be\/actualites\/wp-json\/wp\/v2\/tags?post=725"}],"curies":[{"name":"wp","href":"https:\/\/api.w.org\/{rel}","templated":true}]}}