{"id":7245,"date":"2025-05-03T06:17:41","date_gmt":"2025-05-03T04:17:41","guid":{"rendered":"https:\/\/vieassociative.be\/actualites\/avez-vous-mal-tenu-votre-telephone-pendant-tout-ce-temps\/"},"modified":"2025-05-03T06:17:41","modified_gmt":"2025-05-03T04:17:41","slug":"avez-vous-mal-tenu-votre-telephone-pendant-tout-ce-temps","status":"publish","type":"post","link":"https:\/\/vieassociative.be\/actualites\/avez-vous-mal-tenu-votre-telephone-pendant-tout-ce-temps\/","title":{"rendered":"Avez-vous mal tenu votre t\u00e9l\u00e9phone pendant tout ce temps?"},"content":{"rendered":"<div class=\"mt-4 leading-6 md:mb-8\">La fa\u00e7on dont vous tenez votre t\u00e9l\u00e9phone peut endommager vos nerfs de pouce, de pince ou d&rsquo;avant-bras.<\/div>\n<p><\/p>\n<p>Rapide, comment tenez-vous votre t\u00e9l\u00e9phone? Est-ce que le fond est reposant sur votre petit pince, pendant que vous bercez le dos avec votre index, votre milieu et vos doigts en anneau, et que votre pouce fait tout le d\u00e9filement? H\u00e9las, comme les nombreuses autres choses apparemment faciles et intuitives que nous faisons, c&rsquo;est mal. <\/p>\n<p>Bien que la griffe \u00e0 une main soit apparemment le moyen le plus pratique de saisir votre appareil, sur des p\u00e9riodes prolong\u00e9es, cela pourrait endommager votre poignet et aggraver votre nerf ulnaire &#8211; parmi d&rsquo;autres probl\u00e8mes. <\/p>\n<h2 id=\"what-is-smartphone-pinkie\">Qu&rsquo;est-ce que Smartphone Pinkie? <\/h2>\n<p>Vous connaissez peut-\u00eatre d\u00e9j\u00e0 le terme \u00abdoigt de smartphone\u00bb, \u00e9galement connu sous le nom de tendinite envoy\u00e9e par SMS, le pouce des textos et le pouce du joueur. Mais maintenant, nous devons \u00e9galement affronter \u00abSmartphone Pinkie\u00bb (pas un terme m\u00e9dical &#8211; mais). Selon Healthline, \u00abLes doigts les plus touch\u00e9s en tenant un smartphone, une tablette ou un contr\u00f4leur de jeux vid\u00e9o sont votre petit rose et votre pouce\u00bb, qui peut devenir exigu ou enflamm\u00e9.<\/p>\n<p>Ann Lund, un ergoth\u00e9rapeute et th\u00e9rapeute \u00e0 la main certifi\u00e9e \u00e0 la Mayo Clinic a d\u00e9clar\u00e9 au Washington Post que compte tenu de la plus petite taille du Pinkie, il ne tol\u00e9rera pas la pression et le positionnement ainsi qu&rsquo;un chiffre plus grand. \u00a0\u00bb Michelle G. Carlson, un chirurgien des membres et sup\u00e9rieurs \u00e0 l&rsquo;h\u00f4pital pour une chirurgie sp\u00e9ciale \u00e0 New York a ajout\u00e9 que l&rsquo;utilisation de votre petit pince pour maintenir le poids de votre t\u00e9l\u00e9phone peut filtrer le ligament qui relie le doigt \u00e0 votre main. Mais ce n&rsquo;est pas tout.<\/p>\n<h2 id=\"what-is-the-ulnar-nerve\">Quel est le nerf ulnaire? <\/h2>\n<p>Apr\u00e8s <a rel=\"nofollow noopener\" href=\"https:\/\/twitter.com\/MrsBundrige\/status\/1450103066250911745?ref_src=twsrc%5Etfw%7Ctwcamp%5Etweetembed%7Ctwterm%5E1450103066250911745%7Ctwgr%5E%7Ctwcon%5Es1_&amp;ref_url=https%3A%2F%2Fwww.huffingtonpost.co.uk%2Fentry%2Fhow-to-hold-your-smartphone_uk_6171276ce4b079111a531748\" target=\"_blank\" title=\"open in a new window\">tweeter<\/a> Nous disant \u00e0 tous d&rsquo;arr\u00eater d&rsquo;utiliser notre pinkie comme ancre de t\u00e9l\u00e9phone est devenu viral, Ben Lombard, un membre de la Chartered Society of Physioth\u00e9rapie du Royaume-Uni, a d\u00e9clar\u00e9 \u00e0 HuffPost UK: \u00abNous avons tendance \u00e0 tenir nos t\u00e9l\u00e9phones avec le petit doigt sous la suppression du poids du t\u00e9l\u00e9phone et de notre poignet se tournant vers l&rsquo;int\u00e9rieur pour avoir dit \u00e0 l&rsquo;\u00e9cran \u00e0 nos visages. <\/p>\n<p>L&rsquo;un des trois nerfs principaux de votre bras, le nerf ulnaire s&rsquo;\u00e9tend de l&rsquo;aisselle, jusqu&rsquo;\u00e0 votre coude, le long de l&rsquo;ulna (l&rsquo;os long de l&rsquo;avant-bras) et enfin du c\u00f4t\u00e9 pinkie de votre paume. Selon la Cleveland Clinic, \u00abil contr\u00f4le presque tous les petits muscles de la main\u00bb. Le \u00abpi\u00e9geage\u00bb du nerf ulnaire se produit lorsqu&rsquo;il y a une pression directe sur le nerf \u00abdans le coude ou le poignet (ce qui) provoque une douleur et une neuropathie nerveuses, nerveuses (neuropathiques) (neuropathie du nerf).\u00bb<\/p>\n<h2 id=\"and-then-theres-the-median-nerve\">Et puis il y a le nerf m\u00e9dian <\/h2>\n<p>Dans une \u00e9tude de 2017, Peter White, professeur adjoint au D\u00e9partement de technologie de la sant\u00e9 et d&rsquo;informatique \u00e0 l&rsquo;Universit\u00e9 polytechnique de Hong Kong, a examin\u00e9 les effets de la surutilisation de dispositifs \u00e9lectroniques sur le nerf m\u00e9dian, qui s&rsquo;\u00e9tend sur le nerf ulnaire et nous aide \u00e0 d\u00e9placer nos avant-bras, nos poignets, nos mains et nos doigts. White a constat\u00e9 que les \u00e9tudiants qui d\u00e9tenaient des appareils \u00e9lectroniques sup\u00e9rieurs \u00e0 cinq heures par jour ressentaient plus de douleur au poignet et \u00e0 la main que les \u00abutilisateurs non intensifs\u00bb (moins de cinq heures par jour).<\/p>\n<p>Dans une \u00e9tude de suivi, White a constat\u00e9 que \u00abl&rsquo;\u00e9cart du poignet par rapport au neutre (une position \u00e9tendue des doigts) peut entra\u00eener une d\u00e9formation plus prononc\u00e9e du nerf m\u00e9dian.\u00bb Pour minimiser les dommages, \u00abil est important de garder le poignet aussi pr\u00e8s de la position neutre que possible pendant le travail li\u00e9 \u00e0 l&rsquo;ordinateur et d&rsquo;\u00e9viter de garder le pouce et les doigts dans une position fl\u00e9chie statique lorsque vous utilisez des appareils mobiles, en particulier pour une utilisation \u00e0 une main.\u00bb<\/p>\n<div class=\"pogoClear relative my-10 border-b-(1.5px) border-t-(1.5px) border-dashed border-black py-5 sm:my-14 sm:border-0 sm:py-0\" data-ga-click data-ga-template=\"News\" data-ga-module=\"openweb_widget\" data-ga-element=\"openweb_scroll\" data-ga-item=\"openweb_scroll_midpage\" x-cloak x-data=\"{ commentsCount: null, hasComments: false }\" x-init=\"commentsCount = await window.openweb.getMessagesCount(1848521531);\n     hasComments = commentsCount !== null &amp;&amp; commentsCount &gt; 0\"><\/p>\n<div class=\"absolute top-1\/2 hidden w-full -translate-y-1\/2 border-t-(1.5px) border-dashed border-black sm:block\"><\/div>\n<div class=\"relative flex justify-center\">\n<div class=\"flex max-w-max items-center gap-x-3 bg-white px-5\">\n<div class=\"relative\">\n                <span class=\"absolute left-1\/2 top-1\/2 -translate-x-1\/2 -translate-y-1\/2 font-akshar text-sm font-medium text-black\" x-show=\"hasComments\" x-text=\"commentsCount\"><\/span><\/p>\n<p>                <svg class=\"h-8 w-8 text-black\">\n                    <use href=\"http:\/\/lifehacker.com\/images\/icons\/spritemap.svg#sprite-chat-bubble\"><\/use>\n                <\/svg>\n            <\/div>\n<p>            <span class=\"text-sm font-medium text-black\"><\/p>\n<p>                Que pensez-vous jusqu&rsquo;\u00e0 pr\u00e9sent?<br \/>\n                <button class=\"font-semibold text-brand-green underline hover:text-brand-green-700\" onclick=\"window.openweb.scrollToComments('1848521531')\" x-text=\"hasComments ? 'Post a comment.' : 'Be the first to post a comment.'\"><\/button><br \/>\n            <\/span>\n        <\/div>\n<\/p><\/div>\n<\/div>\n<h2 id=\"so-how-should-we-hold-our-phone\">Alors comment <em>devrait<\/em> Nous tenons notre t\u00e9l\u00e9phone? <\/h2>\n<p>Dans une interview avec le bureau national, le chirurgien des mains, le Dr Steve Beldner, a d\u00e9clar\u00e9 que si tout le monde voulait un petit appareil mince, \u00ab\u00a0notre main n&rsquo;\u00e9tait pas con\u00e7ue pour g\u00e9rer les petits objets.\u00a0\u00bb Id\u00e9alement, au lieu de fermer notre pouce sur un objet mince, qui charge d\u00e9favorablement l&rsquo;articulation, nous voulons \u00abfaire sortir le pouce dans ce que nous appelons l&rsquo;abduction ou loin de la paume\u00bb. <\/p>\n<p>Pour ce faire, a d\u00e9clar\u00e9 Beldner, rendez l&rsquo;appareil plus \u00e9pais &#8211; en appuyant un gant de toilette ou un t-shirt enroul\u00e9 derri\u00e8re lui &#8211; pour \u00e9liminer le stress de l&rsquo;articulation. (Vraisemblablement, un Popsocket fournit une partie du m\u00eame soulagement conjoint.) Il sugg\u00e8re \u00e9galement de garder votre coude et votre poignet aussi droit que possible pour permettre une meilleure circulation \u00e0 travers le nerf.  <\/p>\n<p>La th\u00e9rapeute des mains professionnelles Dina Delopoulos conseille aux utilisateurs de smartphones de prendre des pauses de repos fr\u00e9quentes et d&rsquo;\u00e9tirer les muscles du fl\u00e9chisseur et des extenseurs en poussant nos doigts de haut en bas, perpendiculaire au poignet. Elle a recommand\u00e9 d&rsquo;utiliser une attelle en n\u00e9opr\u00e8ne CMC non restrictive mais de soutien et de mettre le t\u00e9l\u00e9phone sur une surface plane pour faire d\u00e9filer avec des doigts autres que votre pouce chaque fois que possible. En conduisant le point chez lui, elle a cit\u00e9 un patient \u00abqui a \u00e9t\u00e9 immobilis\u00e9 dans un casting pendant quatre semaines parce qu&rsquo;il avait une tendinite s\u00e9v\u00e8re dans son pouce. Depuis le t\u00e9l\u00e9phone.\u00bb<\/p>\n<p>R\u00e9capituler: Regarder nos t\u00e9l\u00e9phones sans arr\u00eat n&rsquo;est pas naturel et dommageable, pas seulement pour notre sant\u00e9 mentale, mais pour nos roskies, nos pouces et nos nerfs avant-bras. Consid\u00e9rez donc cela votre rappel quotidien pour arr\u00eater de faire d\u00e9filer, \u00e9tirer vos poignets et sortir.<\/p>\n<p><script async src=\"https:\/\/platform.twitter.com\/widgets.js\" charset=\"utf-8\"><\/script><\/p>\n","protected":false},"excerpt":{"rendered":"<p>La fa\u00e7on dont vous tenez votre t\u00e9l\u00e9phone peut endommager vos nerfs de pouce, de pince ou d&rsquo;avant-bras. Rapide, comment tenez-vous votre t\u00e9l\u00e9phone? Est-ce que le<\/p>\n","protected":false},"author":1,"featured_media":7246,"comment_status":"","ping_status":"","sticky":false,"template":"","format":"standard","meta":{"footnotes":""},"categories":[38],"tags":[1113,1299,198,542,790,6784,236,8],"class_list":["post-7245","post","type-post","status-publish","format-standard","has-post-thumbnail","hentry","category-sante","tag-avezvous","tag-mal","tag-pendant","tag-telephone","tag-temps","tag-tenu","tag-tout","tag-votre","generate-columns","tablet-grid-50","mobile-grid-100","grid-parent","grid-33"],"yoast_head":"<!-- This site is optimized with the Yoast SEO plugin v24.0 - https:\/\/yoast.com\/wordpress\/plugins\/seo\/ -->\n<title>Avez-vous mal tenu votre t\u00e9l\u00e9phone pendant tout ce temps? | Vie Associative<\/title>\n<meta name=\"robots\" content=\"index, follow, max-snippet:-1, max-image-preview:large, max-video-preview:-1\" \/>\n<link rel=\"canonical\" href=\"https:\/\/vieassociative.be\/actualites\/avez-vous-mal-tenu-votre-telephone-pendant-tout-ce-temps\/\" \/>\n<meta property=\"og:locale\" content=\"fr_FR\" \/>\n<meta property=\"og:type\" content=\"article\" \/>\n<meta property=\"og:title\" content=\"Avez-vous mal tenu votre t\u00e9l\u00e9phone pendant tout ce temps? | Vie Associative\" \/>\n<meta property=\"og:description\" content=\"La fa\u00e7on dont vous tenez votre t\u00e9l\u00e9phone peut endommager vos nerfs de pouce, de pince ou d&rsquo;avant-bras. Rapide, comment tenez-vous votre t\u00e9l\u00e9phone? Est-ce que le\" \/>\n<meta property=\"og:url\" content=\"https:\/\/vieassociative.be\/actualites\/avez-vous-mal-tenu-votre-telephone-pendant-tout-ce-temps\/\" \/>\n<meta property=\"og:site_name\" content=\"Vie Associative\" \/>\n<meta property=\"article:published_time\" content=\"2025-05-03T04:17:41+00:00\" \/>\n<meta property=\"og:image\" content=\"https:\/\/vieassociative.be\/actualites\/wp-content\/uploads\/2024\/09\/header_backgroundk-01-e1726694325946.png\" \/>\n\t<meta property=\"og:image:width\" content=\"279\" \/>\n\t<meta property=\"og:image:height\" content=\"92\" \/>\n\t<meta property=\"og:image:type\" content=\"image\/png\" \/>\n<meta name=\"author\" content=\"Julien\" \/>\n<meta name=\"twitter:card\" content=\"summary_large_image\" \/>\n<meta name=\"twitter:label1\" content=\"\u00c9crit par\" \/>\n\t<meta name=\"twitter:data1\" content=\"Julien\" \/>\n\t<meta name=\"twitter:label2\" content=\"Dur\u00e9e de lecture est.\" \/>\n\t<meta name=\"twitter:data2\" content=\"5 minutes\" \/>\n<script type=\"application\/ld+json\" class=\"yoast-schema-graph\">{\"@context\":\"https:\/\/schema.org\",\"@graph\":[{\"@type\":\"Article\",\"@id\":\"https:\/\/vieassociative.be\/actualites\/avez-vous-mal-tenu-votre-telephone-pendant-tout-ce-temps\/#article\",\"isPartOf\":{\"@id\":\"https:\/\/vieassociative.be\/actualites\/avez-vous-mal-tenu-votre-telephone-pendant-tout-ce-temps\/\"},\"author\":{\"name\":\"Julien\",\"@id\":\"https:\/\/vieassociative.be\/actualites\/#\/schema\/person\/b87ac4f82f9d4e7b7cec7395b679edc4\"},\"headline\":\"Avez-vous mal tenu votre t\u00e9l\u00e9phone pendant tout ce temps?\",\"datePublished\":\"2025-05-03T04:17:41+00:00\",\"dateModified\":\"2025-05-03T04:17:41+00:00\",\"mainEntityOfPage\":{\"@id\":\"https:\/\/vieassociative.be\/actualites\/avez-vous-mal-tenu-votre-telephone-pendant-tout-ce-temps\/\"},\"wordCount\":1025,\"publisher\":{\"@id\":\"https:\/\/vieassociative.be\/actualites\/#organization\"},\"image\":{\"@id\":\"https:\/\/vieassociative.be\/actualites\/avez-vous-mal-tenu-votre-telephone-pendant-tout-ce-temps\/#primaryimage\"},\"thumbnailUrl\":\"https:\/\/vieassociative.be\/actualites\/wp-content\/uploads\/2025\/05\/Avez-vous-mal-tenu-votre-telephone-pendant-tout-ce-temps.jpg\",\"keywords\":[\"avezvous\",\"mal\",\"pendant\",\"t\u00e9l\u00e9phone\",\"temps\",\"tenu\",\"tout\",\"votre\"],\"articleSection\":[\"Sant\u00e9\"],\"inLanguage\":\"fr-BE\"},{\"@type\":\"WebPage\",\"@id\":\"https:\/\/vieassociative.be\/actualites\/avez-vous-mal-tenu-votre-telephone-pendant-tout-ce-temps\/\",\"url\":\"https:\/\/vieassociative.be\/actualites\/avez-vous-mal-tenu-votre-telephone-pendant-tout-ce-temps\/\",\"name\":\"Avez-vous mal tenu votre t\u00e9l\u00e9phone pendant tout ce temps? | Vie Associative\",\"isPartOf\":{\"@id\":\"https:\/\/vieassociative.be\/actualites\/#website\"},\"primaryImageOfPage\":{\"@id\":\"https:\/\/vieassociative.be\/actualites\/avez-vous-mal-tenu-votre-telephone-pendant-tout-ce-temps\/#primaryimage\"},\"image\":{\"@id\":\"https:\/\/vieassociative.be\/actualites\/avez-vous-mal-tenu-votre-telephone-pendant-tout-ce-temps\/#primaryimage\"},\"thumbnailUrl\":\"https:\/\/vieassociative.be\/actualites\/wp-content\/uploads\/2025\/05\/Avez-vous-mal-tenu-votre-telephone-pendant-tout-ce-temps.jpg\",\"datePublished\":\"2025-05-03T04:17:41+00:00\",\"dateModified\":\"2025-05-03T04:17:41+00:00\",\"breadcrumb\":{\"@id\":\"https:\/\/vieassociative.be\/actualites\/avez-vous-mal-tenu-votre-telephone-pendant-tout-ce-temps\/#breadcrumb\"},\"inLanguage\":\"fr-BE\",\"potentialAction\":[{\"@type\":\"ReadAction\",\"target\":[\"https:\/\/vieassociative.be\/actualites\/avez-vous-mal-tenu-votre-telephone-pendant-tout-ce-temps\/\"]}]},{\"@type\":\"ImageObject\",\"inLanguage\":\"fr-BE\",\"@id\":\"https:\/\/vieassociative.be\/actualites\/avez-vous-mal-tenu-votre-telephone-pendant-tout-ce-temps\/#primaryimage\",\"url\":\"https:\/\/vieassociative.be\/actualites\/wp-content\/uploads\/2025\/05\/Avez-vous-mal-tenu-votre-telephone-pendant-tout-ce-temps.jpg\",\"contentUrl\":\"https:\/\/vieassociative.be\/actualites\/wp-content\/uploads\/2025\/05\/Avez-vous-mal-tenu-votre-telephone-pendant-tout-ce-temps.jpg\",\"width\":1200,\"height\":675,\"caption\":\"Avez-vous mal tenu votre t\u00e9l\u00e9phone pendant tout ce temps?\"},{\"@type\":\"BreadcrumbList\",\"@id\":\"https:\/\/vieassociative.be\/actualites\/avez-vous-mal-tenu-votre-telephone-pendant-tout-ce-temps\/#breadcrumb\",\"itemListElement\":[{\"@type\":\"ListItem\",\"position\":1,\"name\":\"Accueil\",\"item\":\"https:\/\/vieassociative.be\/actualites\/\"},{\"@type\":\"ListItem\",\"position\":2,\"name\":\"Avez-vous mal tenu votre t\u00e9l\u00e9phone pendant tout ce temps?\"}]},{\"@type\":\"WebSite\",\"@id\":\"https:\/\/vieassociative.be\/actualites\/#website\",\"url\":\"https:\/\/vieassociative.be\/actualites\/\",\"name\":\"Vie Associative\",\"description\":\"\",\"publisher\":{\"@id\":\"https:\/\/vieassociative.be\/actualites\/#organization\"},\"potentialAction\":[{\"@type\":\"SearchAction\",\"target\":{\"@type\":\"EntryPoint\",\"urlTemplate\":\"https:\/\/vieassociative.be\/actualites\/?s={search_term_string}\"},\"query-input\":{\"@type\":\"PropertyValueSpecification\",\"valueRequired\":true,\"valueName\":\"search_term_string\"}}],\"inLanguage\":\"fr-BE\"},{\"@type\":\"Organization\",\"@id\":\"https:\/\/vieassociative.be\/actualites\/#organization\",\"name\":\"Vie Associative\",\"url\":\"https:\/\/vieassociative.be\/actualites\/\",\"logo\":{\"@type\":\"ImageObject\",\"inLanguage\":\"fr-BE\",\"@id\":\"https:\/\/vieassociative.be\/actualites\/#\/schema\/logo\/image\/\",\"url\":\"https:\/\/vieassociative.be\/actualites\/wp-content\/uploads\/2024\/09\/cropped-vieassociative_favicon.ico.png\",\"contentUrl\":\"https:\/\/vieassociative.be\/actualites\/wp-content\/uploads\/2024\/09\/cropped-vieassociative_favicon.ico.png\",\"width\":512,\"height\":512,\"caption\":\"Vie Associative\"},\"image\":{\"@id\":\"https:\/\/vieassociative.be\/actualites\/#\/schema\/logo\/image\/\"}},{\"@type\":\"Person\",\"@id\":\"https:\/\/vieassociative.be\/actualites\/#\/schema\/person\/b87ac4f82f9d4e7b7cec7395b679edc4\",\"name\":\"Julien\",\"image\":{\"@type\":\"ImageObject\",\"inLanguage\":\"fr-BE\",\"@id\":\"https:\/\/vieassociative.be\/actualites\/#\/schema\/person\/image\/\",\"url\":\"https:\/\/vieassociative.be\/actualites\/wp-content\/uploads\/2024\/09\/vie-associative-1-150x150.jpg\",\"contentUrl\":\"https:\/\/vieassociative.be\/actualites\/wp-content\/uploads\/2024\/09\/vie-associative-1-150x150.jpg\",\"caption\":\"Julien\"},\"description\":\"Je suis Julien, r\u00e9dacteur pour Vie Associative. Passionn\u00e9 par le monde associatif depuis plus de 10 ans, j'ai \u00e0 c\u0153ur de partager des histoires inspirantes et de mettre en lumi\u00e8re les initiatives locales. Mon objectif est de sensibiliser et d'encourager l'engagement communautaire \u00e0 travers mes articles.\",\"sameAs\":[\"https:\/\/vieassociative.be\/\"]}]}<\/script>\n<!-- \/ Yoast SEO plugin. -->","yoast_head_json":{"title":"Avez-vous mal tenu votre t\u00e9l\u00e9phone pendant tout ce temps? | Vie Associative","robots":{"index":"index","follow":"follow","max-snippet":"max-snippet:-1","max-image-preview":"max-image-preview:large","max-video-preview":"max-video-preview:-1"},"canonical":"https:\/\/vieassociative.be\/actualites\/avez-vous-mal-tenu-votre-telephone-pendant-tout-ce-temps\/","og_locale":"fr_FR","og_type":"article","og_title":"Avez-vous mal tenu votre t\u00e9l\u00e9phone pendant tout ce temps? | Vie Associative","og_description":"La fa\u00e7on dont vous tenez votre t\u00e9l\u00e9phone peut endommager vos nerfs de pouce, de pince ou d&rsquo;avant-bras. Rapide, comment tenez-vous votre t\u00e9l\u00e9phone? Est-ce que le","og_url":"https:\/\/vieassociative.be\/actualites\/avez-vous-mal-tenu-votre-telephone-pendant-tout-ce-temps\/","og_site_name":"Vie Associative","article_published_time":"2025-05-03T04:17:41+00:00","og_image":[{"width":279,"height":92,"url":"https:\/\/vieassociative.be\/actualites\/wp-content\/uploads\/2024\/09\/header_backgroundk-01-e1726694325946.png","type":"image\/png"}],"author":"Julien","twitter_card":"summary_large_image","twitter_misc":{"\u00c9crit par":"Julien","Dur\u00e9e de lecture est.":"5 minutes"},"schema":{"@context":"https:\/\/schema.org","@graph":[{"@type":"Article","@id":"https:\/\/vieassociative.be\/actualites\/avez-vous-mal-tenu-votre-telephone-pendant-tout-ce-temps\/#article","isPartOf":{"@id":"https:\/\/vieassociative.be\/actualites\/avez-vous-mal-tenu-votre-telephone-pendant-tout-ce-temps\/"},"author":{"name":"Julien","@id":"https:\/\/vieassociative.be\/actualites\/#\/schema\/person\/b87ac4f82f9d4e7b7cec7395b679edc4"},"headline":"Avez-vous mal tenu votre t\u00e9l\u00e9phone pendant tout ce temps?","datePublished":"2025-05-03T04:17:41+00:00","dateModified":"2025-05-03T04:17:41+00:00","mainEntityOfPage":{"@id":"https:\/\/vieassociative.be\/actualites\/avez-vous-mal-tenu-votre-telephone-pendant-tout-ce-temps\/"},"wordCount":1025,"publisher":{"@id":"https:\/\/vieassociative.be\/actualites\/#organization"},"image":{"@id":"https:\/\/vieassociative.be\/actualites\/avez-vous-mal-tenu-votre-telephone-pendant-tout-ce-temps\/#primaryimage"},"thumbnailUrl":"https:\/\/vieassociative.be\/actualites\/wp-content\/uploads\/2025\/05\/Avez-vous-mal-tenu-votre-telephone-pendant-tout-ce-temps.jpg","keywords":["avezvous","mal","pendant","t\u00e9l\u00e9phone","temps","tenu","tout","votre"],"articleSection":["Sant\u00e9"],"inLanguage":"fr-BE"},{"@type":"WebPage","@id":"https:\/\/vieassociative.be\/actualites\/avez-vous-mal-tenu-votre-telephone-pendant-tout-ce-temps\/","url":"https:\/\/vieassociative.be\/actualites\/avez-vous-mal-tenu-votre-telephone-pendant-tout-ce-temps\/","name":"Avez-vous mal tenu votre t\u00e9l\u00e9phone pendant tout ce temps? | Vie Associative","isPartOf":{"@id":"https:\/\/vieassociative.be\/actualites\/#website"},"primaryImageOfPage":{"@id":"https:\/\/vieassociative.be\/actualites\/avez-vous-mal-tenu-votre-telephone-pendant-tout-ce-temps\/#primaryimage"},"image":{"@id":"https:\/\/vieassociative.be\/actualites\/avez-vous-mal-tenu-votre-telephone-pendant-tout-ce-temps\/#primaryimage"},"thumbnailUrl":"https:\/\/vieassociative.be\/actualites\/wp-content\/uploads\/2025\/05\/Avez-vous-mal-tenu-votre-telephone-pendant-tout-ce-temps.jpg","datePublished":"2025-05-03T04:17:41+00:00","dateModified":"2025-05-03T04:17:41+00:00","breadcrumb":{"@id":"https:\/\/vieassociative.be\/actualites\/avez-vous-mal-tenu-votre-telephone-pendant-tout-ce-temps\/#breadcrumb"},"inLanguage":"fr-BE","potentialAction":[{"@type":"ReadAction","target":["https:\/\/vieassociative.be\/actualites\/avez-vous-mal-tenu-votre-telephone-pendant-tout-ce-temps\/"]}]},{"@type":"ImageObject","inLanguage":"fr-BE","@id":"https:\/\/vieassociative.be\/actualites\/avez-vous-mal-tenu-votre-telephone-pendant-tout-ce-temps\/#primaryimage","url":"https:\/\/vieassociative.be\/actualites\/wp-content\/uploads\/2025\/05\/Avez-vous-mal-tenu-votre-telephone-pendant-tout-ce-temps.jpg","contentUrl":"https:\/\/vieassociative.be\/actualites\/wp-content\/uploads\/2025\/05\/Avez-vous-mal-tenu-votre-telephone-pendant-tout-ce-temps.jpg","width":1200,"height":675,"caption":"Avez-vous mal tenu votre t\u00e9l\u00e9phone pendant tout ce temps?"},{"@type":"BreadcrumbList","@id":"https:\/\/vieassociative.be\/actualites\/avez-vous-mal-tenu-votre-telephone-pendant-tout-ce-temps\/#breadcrumb","itemListElement":[{"@type":"ListItem","position":1,"name":"Accueil","item":"https:\/\/vieassociative.be\/actualites\/"},{"@type":"ListItem","position":2,"name":"Avez-vous mal tenu votre t\u00e9l\u00e9phone pendant tout ce temps?"}]},{"@type":"WebSite","@id":"https:\/\/vieassociative.be\/actualites\/#website","url":"https:\/\/vieassociative.be\/actualites\/","name":"Vie Associative","description":"","publisher":{"@id":"https:\/\/vieassociative.be\/actualites\/#organization"},"potentialAction":[{"@type":"SearchAction","target":{"@type":"EntryPoint","urlTemplate":"https:\/\/vieassociative.be\/actualites\/?s={search_term_string}"},"query-input":{"@type":"PropertyValueSpecification","valueRequired":true,"valueName":"search_term_string"}}],"inLanguage":"fr-BE"},{"@type":"Organization","@id":"https:\/\/vieassociative.be\/actualites\/#organization","name":"Vie Associative","url":"https:\/\/vieassociative.be\/actualites\/","logo":{"@type":"ImageObject","inLanguage":"fr-BE","@id":"https:\/\/vieassociative.be\/actualites\/#\/schema\/logo\/image\/","url":"https:\/\/vieassociative.be\/actualites\/wp-content\/uploads\/2024\/09\/cropped-vieassociative_favicon.ico.png","contentUrl":"https:\/\/vieassociative.be\/actualites\/wp-content\/uploads\/2024\/09\/cropped-vieassociative_favicon.ico.png","width":512,"height":512,"caption":"Vie Associative"},"image":{"@id":"https:\/\/vieassociative.be\/actualites\/#\/schema\/logo\/image\/"}},{"@type":"Person","@id":"https:\/\/vieassociative.be\/actualites\/#\/schema\/person\/b87ac4f82f9d4e7b7cec7395b679edc4","name":"Julien","image":{"@type":"ImageObject","inLanguage":"fr-BE","@id":"https:\/\/vieassociative.be\/actualites\/#\/schema\/person\/image\/","url":"https:\/\/vieassociative.be\/actualites\/wp-content\/uploads\/2024\/09\/vie-associative-1-150x150.jpg","contentUrl":"https:\/\/vieassociative.be\/actualites\/wp-content\/uploads\/2024\/09\/vie-associative-1-150x150.jpg","caption":"Julien"},"description":"Je suis Julien, r\u00e9dacteur pour Vie Associative. Passionn\u00e9 par le monde associatif depuis plus de 10 ans, j'ai \u00e0 c\u0153ur de partager des histoires inspirantes et de mettre en lumi\u00e8re les initiatives locales. Mon objectif est de sensibiliser et d'encourager l'engagement communautaire \u00e0 travers mes articles.","sameAs":["https:\/\/vieassociative.be\/"]}]}},"_links":{"self":[{"href":"https:\/\/vieassociative.be\/actualites\/wp-json\/wp\/v2\/posts\/7245"}],"collection":[{"href":"https:\/\/vieassociative.be\/actualites\/wp-json\/wp\/v2\/posts"}],"about":[{"href":"https:\/\/vieassociative.be\/actualites\/wp-json\/wp\/v2\/types\/post"}],"author":[{"embeddable":true,"href":"https:\/\/vieassociative.be\/actualites\/wp-json\/wp\/v2\/users\/1"}],"replies":[{"embeddable":true,"href":"https:\/\/vieassociative.be\/actualites\/wp-json\/wp\/v2\/comments?post=7245"}],"version-history":[{"count":0,"href":"https:\/\/vieassociative.be\/actualites\/wp-json\/wp\/v2\/posts\/7245\/revisions"}],"wp:featuredmedia":[{"embeddable":true,"href":"https:\/\/vieassociative.be\/actualites\/wp-json\/wp\/v2\/media\/7246"}],"wp:attachment":[{"href":"https:\/\/vieassociative.be\/actualites\/wp-json\/wp\/v2\/media?parent=7245"}],"wp:term":[{"taxonomy":"category","embeddable":true,"href":"https:\/\/vieassociative.be\/actualites\/wp-json\/wp\/v2\/categories?post=7245"},{"taxonomy":"post_tag","embeddable":true,"href":"https:\/\/vieassociative.be\/actualites\/wp-json\/wp\/v2\/tags?post=7245"}],"curies":[{"name":"wp","href":"https:\/\/api.w.org\/{rel}","templated":true}]}}