{"id":7243,"date":"2025-05-03T04:17:24","date_gmt":"2025-05-03T02:17:24","guid":{"rendered":"https:\/\/vieassociative.be\/actualites\/allemagne-pour-la-protection-de-la-constitution-lafd-est-consideree-comme-extremiste-a-droite-securisee-questions-et-reponses\/"},"modified":"2025-05-03T04:17:24","modified_gmt":"2025-05-03T02:17:24","slug":"allemagne-pour-la-protection-de-la-constitution-lafd-est-consideree-comme-extremiste-a-droite-securisee-questions-et-reponses","status":"publish","type":"post","link":"https:\/\/vieassociative.be\/actualites\/allemagne-pour-la-protection-de-la-constitution-lafd-est-consideree-comme-extremiste-a-droite-securisee-questions-et-reponses\/","title":{"rendered":"Allemagne: Pour la protection de la Constitution, l&rsquo;AFD est consid\u00e9r\u00e9e comme \u00ab\u00a0Extr\u00e9miste \u00e0 droite s\u00e9curis\u00e9e\u00a0\u00bb (Questions et r\u00e9ponses)"},"content":{"rendered":"<p><strong>L&rsquo;AFD en Allemagne a class\u00e9 le service de renseignement domestique en Allemagne comme extr\u00e9miste \u00e0 droite s\u00e9curis\u00e9e. Le Bureau f\u00e9d\u00e9ral pour la protection de la Constitution (BFV, Service secr\u00e8te national) a annonc\u00e9 que le soup\u00e7on que le parti se poursuit \u00e0 l&rsquo;ordre de base lib\u00e9ral d\u00e9mocratique avait \u00e9t\u00e9 confirm\u00e9 et dans des parties importantes compact\u00e9es.<\/strong><\/p>\n<p><span id=\"more-414726\"><\/span>Plusieurs politiciens ont profit\u00e9 de cela comme une occasion de demandes d&rsquo;interdiction du parti. Le chancelier allemand toujours en titre Olaf Scholz a mis en garde contre un \u00ab\u00a0coup rapide\u00a0\u00bb.<\/p>\n<p>L&rsquo;alternative pour l&rsquo;Allemagne (AFD) a \u00e9t\u00e9 fond\u00e9e en 2013, initialement en tant que parti des critiques de l&rsquo;euro. Elle a d\u00e9m\u00e9nag\u00e9 \u00e0 droite au fil des ans.<\/p>\n<p>Les questions et r\u00e9ponses les plus importantes:<\/p>\n<p><strong>&#8211; Sur quelle base prend une telle d\u00e9cision?<\/strong><\/p>\n<div id=\"attachment_412915\" class=\"wp-caption alignleft\" style=\"max-width: 300px\"><img fetchpriority=\"high\" decoding=\"async\" class=\"wp-image-412915 size-medium\" src=\"https:\/\/vieassociative.be\/actualites\/wp-content\/uploads\/2025\/04\/Allemagne-AFD-maintenant-meme-a-egalite-avec-lUnion.jpg\" alt=\"\" width=\"300\" height=\"200\"><\/p>\n<p class=\"wp-caption-text\">28\/07\/2023, Saxe-Anhalt, Magdeburg: Ce logo repr\u00e9sente la f\u00eate de l&rsquo;AFD. Photo: Carsten Koall<\/p>\n<\/div>\n<p>La protection de la Constitution (services secr\u00e8tes nationaux) en Allemagne est, en tant qu&rsquo;\u00e9l\u00e9ment de la d\u00e9mocratie d\u00e9fensive, non seulement pour les homologues et l&rsquo;enqu\u00eate sur les aspirations terroristes. Ce devrait \u00e9galement \u00eatre une sorte de syst\u00e8me d&rsquo;alerte pr\u00e9coce. Cela signifie qu&rsquo;il a la t\u00e2che de reconna\u00eetre et de nommer les groupes en temps utile, qui sont dirig\u00e9s contre l&rsquo;ordre de base d\u00e9mocratique libre. Il s&rsquo;agit de la dignit\u00e9 humaine, du principe de la d\u00e9mocratie et de l&rsquo;\u00e9tat de droit.<\/p>\n<p>On consid\u00e8re \u00e9galement les contacts avec d&rsquo;autres groupes extr\u00e9mistes. Comme on peut le voir dans la communication de l&rsquo;Office f\u00e9d\u00e9ral, la protection de la Constitution est bas\u00e9e principalement sur des d\u00e9clarations et des postes dans sa r\u00e9\u00e9valuation de l&rsquo;AFD, qui traite de la violation de la dignit\u00e9 humaine &#8211; par exemple en d\u00e9valuant les musulmans ou les termes \u00e0 plat tels que les \u00ab\u00a0migrants de couteau\u00a0\u00bb.<\/p>\n<p><strong>&#8211; Le parti doit-il s&rsquo;attendre \u00e0 une interdiction?<\/strong><\/p>\n<p>L&rsquo;observation par le BFV n&rsquo;a rien \u00e0 voir avec l&rsquo;interdiction de faire la f\u00eate. Parce que cela ne peut \u00eatre demand\u00e9 \u00e0 la Cour constitutionnelle f\u00e9d\u00e9rale que par le Bundestag, le Conseil f\u00e9d\u00e9ral ou le gouvernement f\u00e9d\u00e9ral. Cependant, l&rsquo;un des trois organes constitutionnels pourrait se sentir encourag\u00e9 par la nouvelle \u00e9valuation du service de messages domestiques pour faire une telle demande.<\/p>\n<p><strong>&#8211; Qu&rsquo;y a-t-il dans le rapport?<\/strong><\/p>\n<p>L&rsquo;Office f\u00e9d\u00e9ral pour la protection de la Constitution (BFV) a cr\u00e9\u00e9 un avis d&rsquo;expert sur le parti, qui repr\u00e9sente environ 1 110 pages. Le rapport est uniquement destin\u00e9 \u00e0 un usage interne. Entre autres choses, il \u00e9num\u00e8re les d\u00e9clarations selon lesquelles la protection de la Constitution consid\u00e8re comme une \u00abagitation continue\u00bb contre les r\u00e9fugi\u00e9s et les migrants. Les d\u00e9clarations correspondantes des politiciens de l&rsquo;AFD peuvent \u00eatre trouv\u00e9es non seulement dans la communication interne, mais aussi dans les discours et les m\u00e9dias sociaux. Ils vont de slogans tels que \u00ab\u00a0Short Up Living Space!\u00a0\u00bb Aux phrases telles que \u00abchaque \u00e9tranger dans ce pays en est un trop\u00bb.<\/p>\n<p><strong>&#8211; Qui obtient le rapport \u00e0 voir?<\/strong><\/p>\n<div id=\"attachment_395491\" class=\"wp-caption alignnone\" style=\"max-width: 300px\"><img decoding=\"async\" class=\"size-medium wp-image-395491\" src=\"https:\/\/vieassociative.be\/actualites\/wp-content\/uploads\/2025\/05\/Allemagne-Pour-la-protection-de-la-Constitution-lAFD-est-consideree.jpg\" alt=\"\" width=\"300\" height=\"200\"><\/p>\n<p class=\"wp-caption-text\">01.09.2024, Thuringia, Erfurt: Bj\u00f6rn H\u00f6cke (AFD), chef et chef du groupe parlementaire de l&rsquo;AFD en Thuringe et candidat sup\u00e9rieur, passe par le Parlement de l&rsquo;\u00c9tat. Photo: Bodo Schackow \/ DPA<\/p>\n<\/div>\n<p>Le minist\u00e8re allemand de l&rsquo;Int\u00e9rieur l&rsquo;a \u00e9galement re\u00e7u, les protectionnistes constitutionnels des pays. Une publication du document de travail interne, dans lequel les connaissances de la derni\u00e8re campagne \u00e9lectorale de Bundestag ont \u00e9galement \u00e9t\u00e9 incorpor\u00e9es, n&rsquo;est pas destin\u00e9e. Cependant, l&rsquo;opinion d&rsquo;experts selon laquelle la protection de la Constitution avait \u00e9tabli en tant que \u00ab\u00a0cas suspect\u00e9\u00a0\u00bb avant la publication de la classification par le support en ligne netzpolitik.org sp\u00e9cialis\u00e9 dans les droits de libert\u00e9 num\u00e9rique.<\/p>\n<p><strong>&#8211; Soon plus d&rsquo;argent de l&rsquo;\u00c9tat?<\/strong><\/p>\n<p>Deux proc\u00e9dures d&rsquo;interdiction contre le NPD du parti extr\u00e9miste de droite, qui ont renomm\u00e9 \u00abDie Homen\u00bb en 2023, ont \u00e9chou\u00e9: la premi\u00e8re fois, en 2003, car il s&rsquo;est av\u00e9r\u00e9 que l&rsquo;\u00e9quipe de gestion de NPD appartenait \u00e0 plusieurs informateurs de la protection du V-People, ainsi appel\u00e9. La deuxi\u00e8me fois, en 2017, la Cour constitutionnelle f\u00e9d\u00e9rale a jug\u00e9 que le NPD \u00e9tait clairement anti-constitution, mais d\u00e9sormais politiquement d\u00e9nu\u00e9 de sens. En janvier 2024, cependant, la Cour constitutionnelle f\u00e9d\u00e9rale a pr\u00e9sent\u00e9 une demande du Bundestag, du Conseil f\u00e9d\u00e9ral et du gouvernement f\u00e9d\u00e9ral pour refuser \u00e0 l&rsquo;acc\u00e8s \u00ab\u00a0Die Homen\u00a0\u00bb du parti \u00e0 d&rsquo;autres ressources financi\u00e8res de l&rsquo;\u00c9tat, par exclusion du financement des partis.<\/p>\n<p>Depuis un changement dans la loi fondamentale de 2017, \u00ab\u00a0les parties qui visent leurs objectifs ou le comportement de leurs partisans peuvent devoir alt\u00e9rer ou \u00e9liminer l&rsquo;ordre de base d\u00e9mocratique libre ou mettre en danger l&rsquo;existence de la R\u00e9publique f\u00e9d\u00e9rale d&rsquo;Allemagne\u00a0\u00bb qui sera supprim\u00e9e par le financement de l&rsquo;\u00c9tat des contribuables.<\/p>\n<p><strong>&#8211; Nouveaux litiges juridiques?<\/strong><\/p>\n<p>Il est probable que l&rsquo;AFD &#8211; comme dans le cas de la classification ant\u00e9rieure par la protection constitutionnelle &#8211; se plaindra \u00e0 nouveau. Les tribunaux doivent alors v\u00e9rifier si et dans quelle mesure le parti viole les principes de base de la Constitution.<\/p>\n<p><strong>&#8211; L&rsquo;AFD sera-t-il politiquement nui?<\/strong><\/p>\n<p>Qui sera montr\u00e9. Dans trois pays est-allemands-Saxony, la Thuringie et la Saxe-Anhalt &#8211; La National Association respective \u00e9tait d\u00e9j\u00e0 consid\u00e9r\u00e9e comme un extr\u00e9miste de droite s\u00e9curis\u00e9. Lors de la derni\u00e8re \u00e9lection de Bundestag, cela n&rsquo;a pas nui au parti l\u00e0-bas. Il peut sembler diff\u00e9rent dans les \u00c9tats f\u00e9d\u00e9raux occidentaux.<\/p>\n<\/p>\n<div id=\"attachment_406031\" class=\"wp-caption alignnone\" style=\"max-width: 300px\"><img decoding=\"async\" src=\"https:\/\/vieassociative.be\/actualites\/wp-content\/uploads\/2025\/05\/1746238644_401_Allemagne-Pour-la-protection-de-la-Constitution-lAFD-est-consideree.jpg\" alt=\"\" width=\"300\" height=\"200\" class=\"size-medium wp-image-406031\"><\/p>\n<p class=\"wp-caption-text\">01\/11\/2025, Saxe, Riesa: Alice Weidel, pr\u00e9sidente f\u00e9d\u00e9rale de l&rsquo;AFD, parle \u00e0 la conf\u00e9rence f\u00e9d\u00e9rale de son parti apr\u00e8s sa nomination en tant que candidate au chancelier pour les prochaines \u00e9lections f\u00e9d\u00e9rales. Photo: Sebastian Kahnert \/ DPA<\/p>\n<\/div>\n<p>L&rsquo;AFD avait augment\u00e9 dans les enqu\u00eates \u00e9lectorales ces derni\u00e8res semaines et avait pass\u00e9 les valeurs du CDU \/ CSU, en partie au-del\u00e0. Dans le barom\u00e8tre Polit actuel du ZDF, en revanche, le syndicat (27%) se trouve \u00e0 nouveau \u00e0 une distance claire de l&rsquo;AFD (23%).<\/p>\n<p>Lors des \u00e9lections de Bundestag le 23 f\u00e9vrier, l&rsquo;AFD a atterri \u00e0 la deuxi\u00e8me place avec 20,8%. La grande f\u00eate que la f\u00eate sera \u00e0 l&rsquo;avenir d\u00e9pendra probablement \u00e9galement de savoir si la nouvelle coalition noire et rouge mettra en place des impulsions positives pour l&rsquo;\u00e9conomie allemande, r\u00e9duira le nombre d&rsquo;entr\u00e9e non autoris\u00e9e et garantira que la vie, l&rsquo;\u00e9nergie et les aliments sont abordables.<\/p>\n<p><strong>&#8211; Le rapport ne devrait-il pas arriver en 2024?<\/strong><\/p>\n<p>L&rsquo;ancien pr\u00e9sident de BFV, Thomas Haldenwang, a en fait voulu terminer le rapport actuel sur l&rsquo;AFD l&rsquo;ann\u00e9e derni\u00e8re. Cependant, le calendrier a chang\u00e9 en raison des premi\u00e8res \u00e9lections de Bundestag et du d\u00e9part de Haldenwang en d\u00e9cembre. Le vice-pr\u00e9sident Sinan Selen et Silke Willems g\u00e8rent actuellement le service national.<\/p>\n<p>Beaucoup avait r\u00e9cemment \u00e9t\u00e9 suppos\u00e9 si le rapport pourrait \u00eatre retenu afin de choisir un moment politiquement favorable pour la r\u00e9\u00e9valuation. Selon les informations de l&rsquo;agence de presse allemande, le document a atteint le minist\u00e8re allemand de l&rsquo;Int\u00e9rieur lundi dernier lorsque le ministre f\u00e9d\u00e9ral ex\u00e9cutif de l&rsquo;Int\u00e9rieur Nancy Faeser \u00e9tait en voyage d&rsquo;affaires en Autriche.<\/p>\n<p>Au cours des derniers jours, il y avait eu des discussions entre les membres des autres groupes parlementaires parlementaires, si non ou non. Le chef d\u00e9sign\u00e9 de la faction de l&rsquo;Union, Jens Spahn, avait r\u00e9cemment d\u00e9clench\u00e9 une violente controverse avec la proposition de traiter avec l&rsquo;AFD sur les questions organisationnelles dans le Bundestag comme d&rsquo;autres partis d&rsquo;opposition.<\/p>\n<p><strong>-Quelle signifie la d\u00e9cision pour les membres de l&rsquo;AFD individuels?<\/strong><\/p>\n<p>L&rsquo;adh\u00e9sion \u00e0 un parti class\u00e9 comme l&rsquo;extr\u00e9miste de droite peut justifier des doutes sur les fid\u00e8les constitutionnels. Cependant, l&rsquo;adh\u00e9sion \u00e0 elle seule n&rsquo;est pas suffisante pour les cons\u00e9quences officielles pour les fonctionnaires, mais le cas individuel est pris en compte. Il en va de m\u00eame pour le retrait de l&rsquo;autorisation d&rsquo;armes parmi les chasseurs et les tireurs. (DPA)<\/p>\n","protected":false},"excerpt":{"rendered":"<p>L&rsquo;AFD en Allemagne a class\u00e9 le service de renseignement domestique en Allemagne comme extr\u00e9miste \u00e0 droite s\u00e9curis\u00e9e. Le Bureau f\u00e9d\u00e9ral pour la protection de la<\/p>\n","protected":false},"author":1,"featured_media":7244,"comment_status":"","ping_status":"","sticky":false,"template":"","format":"standard","meta":{"footnotes":""},"categories":[298],"tags":[2864,1254,4307,6782,2319,76,6783,3439,81,3054,481,1882,6070],"class_list":["post-7243","post","type-post","status-publish","format-standard","has-post-thumbnail","hentry","category-belgique","tag-allemagne","tag-comme","tag-consideree","tag-constitution","tag-droite","tag-est","tag-extremiste","tag-lafd","tag-pour","tag-protection","tag-questions","tag-reponses","tag-securisee","generate-columns","tablet-grid-50","mobile-grid-100","grid-parent","grid-33"],"yoast_head":"<!-- This site is optimized with the Yoast SEO plugin v24.0 - https:\/\/yoast.com\/wordpress\/plugins\/seo\/ -->\n<title>Allemagne: Pour la protection de la Constitution, l&#039;AFD est consid\u00e9r\u00e9e comme &quot;Extr\u00e9miste \u00e0 droite s\u00e9curis\u00e9e&quot; (Questions et r\u00e9ponses) | Vie Associative<\/title>\n<meta name=\"robots\" content=\"index, follow, max-snippet:-1, max-image-preview:large, max-video-preview:-1\" \/>\n<link rel=\"canonical\" href=\"https:\/\/vieassociative.be\/actualites\/allemagne-pour-la-protection-de-la-constitution-lafd-est-consideree-comme-extremiste-a-droite-securisee-questions-et-reponses\/\" \/>\n<meta property=\"og:locale\" content=\"fr_FR\" \/>\n<meta property=\"og:type\" content=\"article\" \/>\n<meta property=\"og:title\" content=\"Allemagne: Pour la protection de la Constitution, l&#039;AFD est consid\u00e9r\u00e9e comme &quot;Extr\u00e9miste \u00e0 droite s\u00e9curis\u00e9e&quot; (Questions et r\u00e9ponses) | Vie Associative\" \/>\n<meta property=\"og:description\" content=\"L&rsquo;AFD en Allemagne a class\u00e9 le service de renseignement domestique en Allemagne comme extr\u00e9miste \u00e0 droite s\u00e9curis\u00e9e. Le Bureau f\u00e9d\u00e9ral pour la protection de la\" \/>\n<meta property=\"og:url\" content=\"https:\/\/vieassociative.be\/actualites\/allemagne-pour-la-protection-de-la-constitution-lafd-est-consideree-comme-extremiste-a-droite-securisee-questions-et-reponses\/\" \/>\n<meta property=\"og:site_name\" content=\"Vie Associative\" \/>\n<meta property=\"article:published_time\" content=\"2025-05-03T02:17:24+00:00\" \/>\n<meta property=\"og:image\" content=\"https:\/\/vieassociative.be\/actualites\/wp-content\/uploads\/2024\/09\/header_backgroundk-01-e1726694325946.png\" \/>\n\t<meta property=\"og:image:width\" content=\"279\" \/>\n\t<meta property=\"og:image:height\" content=\"92\" \/>\n\t<meta property=\"og:image:type\" content=\"image\/png\" \/>\n<meta name=\"author\" content=\"Julien\" \/>\n<meta name=\"twitter:card\" content=\"summary_large_image\" \/>\n<meta name=\"twitter:label1\" content=\"\u00c9crit par\" \/>\n\t<meta name=\"twitter:data1\" content=\"Julien\" \/>\n\t<meta name=\"twitter:label2\" content=\"Dur\u00e9e de lecture est.\" \/>\n\t<meta name=\"twitter:data2\" content=\"7 minutes\" \/>\n<script type=\"application\/ld+json\" class=\"yoast-schema-graph\">{\"@context\":\"https:\/\/schema.org\",\"@graph\":[{\"@type\":\"Article\",\"@id\":\"https:\/\/vieassociative.be\/actualites\/allemagne-pour-la-protection-de-la-constitution-lafd-est-consideree-comme-extremiste-a-droite-securisee-questions-et-reponses\/#article\",\"isPartOf\":{\"@id\":\"https:\/\/vieassociative.be\/actualites\/allemagne-pour-la-protection-de-la-constitution-lafd-est-consideree-comme-extremiste-a-droite-securisee-questions-et-reponses\/\"},\"author\":{\"name\":\"Julien\",\"@id\":\"https:\/\/vieassociative.be\/actualites\/#\/schema\/person\/b87ac4f82f9d4e7b7cec7395b679edc4\"},\"headline\":\"Allemagne: Pour la protection de la Constitution, l&rsquo;AFD est consid\u00e9r\u00e9e comme \u00ab\u00a0Extr\u00e9miste \u00e0 droite s\u00e9curis\u00e9e\u00a0\u00bb (Questions et r\u00e9ponses)\",\"datePublished\":\"2025-05-03T02:17:24+00:00\",\"dateModified\":\"2025-05-03T02:17:24+00:00\",\"mainEntityOfPage\":{\"@id\":\"https:\/\/vieassociative.be\/actualites\/allemagne-pour-la-protection-de-la-constitution-lafd-est-consideree-comme-extremiste-a-droite-securisee-questions-et-reponses\/\"},\"wordCount\":1436,\"publisher\":{\"@id\":\"https:\/\/vieassociative.be\/actualites\/#organization\"},\"image\":{\"@id\":\"https:\/\/vieassociative.be\/actualites\/allemagne-pour-la-protection-de-la-constitution-lafd-est-consideree-comme-extremiste-a-droite-securisee-questions-et-reponses\/#primaryimage\"},\"thumbnailUrl\":\"https:\/\/vieassociative.be\/actualites\/wp-content\/uploads\/2025\/05\/1746238644_Allemagne-Pour-la-protection-de-la-Constitution-lAFD-est-consideree.jpg\",\"keywords\":[\"Allemagne\",\"comme\",\"consid\u00e9r\u00e9e\",\"Constitution\",\"droite\",\"est\",\"Extr\u00e9miste\",\"lAfD\",\"pour\",\"protection\",\"questions\",\"r\u00e9ponses\",\"s\u00e9curis\u00e9e\"],\"articleSection\":[\"Belgique\"],\"inLanguage\":\"fr-BE\"},{\"@type\":\"WebPage\",\"@id\":\"https:\/\/vieassociative.be\/actualites\/allemagne-pour-la-protection-de-la-constitution-lafd-est-consideree-comme-extremiste-a-droite-securisee-questions-et-reponses\/\",\"url\":\"https:\/\/vieassociative.be\/actualites\/allemagne-pour-la-protection-de-la-constitution-lafd-est-consideree-comme-extremiste-a-droite-securisee-questions-et-reponses\/\",\"name\":\"Allemagne: Pour la protection de la Constitution, l'AFD est consid\u00e9r\u00e9e comme \\\"Extr\u00e9miste \u00e0 droite s\u00e9curis\u00e9e\\\" (Questions et r\u00e9ponses) | Vie Associative\",\"isPartOf\":{\"@id\":\"https:\/\/vieassociative.be\/actualites\/#website\"},\"primaryImageOfPage\":{\"@id\":\"https:\/\/vieassociative.be\/actualites\/allemagne-pour-la-protection-de-la-constitution-lafd-est-consideree-comme-extremiste-a-droite-securisee-questions-et-reponses\/#primaryimage\"},\"image\":{\"@id\":\"https:\/\/vieassociative.be\/actualites\/allemagne-pour-la-protection-de-la-constitution-lafd-est-consideree-comme-extremiste-a-droite-securisee-questions-et-reponses\/#primaryimage\"},\"thumbnailUrl\":\"https:\/\/vieassociative.be\/actualites\/wp-content\/uploads\/2025\/05\/1746238644_Allemagne-Pour-la-protection-de-la-Constitution-lAFD-est-consideree.jpg\",\"datePublished\":\"2025-05-03T02:17:24+00:00\",\"dateModified\":\"2025-05-03T02:17:24+00:00\",\"breadcrumb\":{\"@id\":\"https:\/\/vieassociative.be\/actualites\/allemagne-pour-la-protection-de-la-constitution-lafd-est-consideree-comme-extremiste-a-droite-securisee-questions-et-reponses\/#breadcrumb\"},\"inLanguage\":\"fr-BE\",\"potentialAction\":[{\"@type\":\"ReadAction\",\"target\":[\"https:\/\/vieassociative.be\/actualites\/allemagne-pour-la-protection-de-la-constitution-lafd-est-consideree-comme-extremiste-a-droite-securisee-questions-et-reponses\/\"]}]},{\"@type\":\"ImageObject\",\"inLanguage\":\"fr-BE\",\"@id\":\"https:\/\/vieassociative.be\/actualites\/allemagne-pour-la-protection-de-la-constitution-lafd-est-consideree-comme-extremiste-a-droite-securisee-questions-et-reponses\/#primaryimage\",\"url\":\"https:\/\/vieassociative.be\/actualites\/wp-content\/uploads\/2025\/05\/1746238644_Allemagne-Pour-la-protection-de-la-Constitution-lAFD-est-consideree.jpg\",\"contentUrl\":\"https:\/\/vieassociative.be\/actualites\/wp-content\/uploads\/2025\/05\/1746238644_Allemagne-Pour-la-protection-de-la-Constitution-lAFD-est-consideree.jpg\",\"width\":1200,\"height\":800,\"caption\":\"Allemagne: Pour la protection de la Constitution, l'AFD est consid\u00e9r\u00e9e comme \\\"Extr\u00e9miste \u00e0 droite s\u00e9curis\u00e9e\\\" (Questions et r\u00e9ponses)\"},{\"@type\":\"BreadcrumbList\",\"@id\":\"https:\/\/vieassociative.be\/actualites\/allemagne-pour-la-protection-de-la-constitution-lafd-est-consideree-comme-extremiste-a-droite-securisee-questions-et-reponses\/#breadcrumb\",\"itemListElement\":[{\"@type\":\"ListItem\",\"position\":1,\"name\":\"Accueil\",\"item\":\"https:\/\/vieassociative.be\/actualites\/\"},{\"@type\":\"ListItem\",\"position\":2,\"name\":\"Allemagne: Pour la protection de la Constitution, l&rsquo;AFD est consid\u00e9r\u00e9e comme \u00ab\u00a0Extr\u00e9miste \u00e0 droite s\u00e9curis\u00e9e\u00a0\u00bb (Questions et r\u00e9ponses)\"}]},{\"@type\":\"WebSite\",\"@id\":\"https:\/\/vieassociative.be\/actualites\/#website\",\"url\":\"https:\/\/vieassociative.be\/actualites\/\",\"name\":\"Vie Associative\",\"description\":\"\",\"publisher\":{\"@id\":\"https:\/\/vieassociative.be\/actualites\/#organization\"},\"potentialAction\":[{\"@type\":\"SearchAction\",\"target\":{\"@type\":\"EntryPoint\",\"urlTemplate\":\"https:\/\/vieassociative.be\/actualites\/?s={search_term_string}\"},\"query-input\":{\"@type\":\"PropertyValueSpecification\",\"valueRequired\":true,\"valueName\":\"search_term_string\"}}],\"inLanguage\":\"fr-BE\"},{\"@type\":\"Organization\",\"@id\":\"https:\/\/vieassociative.be\/actualites\/#organization\",\"name\":\"Vie Associative\",\"url\":\"https:\/\/vieassociative.be\/actualites\/\",\"logo\":{\"@type\":\"ImageObject\",\"inLanguage\":\"fr-BE\",\"@id\":\"https:\/\/vieassociative.be\/actualites\/#\/schema\/logo\/image\/\",\"url\":\"https:\/\/vieassociative.be\/actualites\/wp-content\/uploads\/2024\/09\/cropped-vieassociative_favicon.ico.png\",\"contentUrl\":\"https:\/\/vieassociative.be\/actualites\/wp-content\/uploads\/2024\/09\/cropped-vieassociative_favicon.ico.png\",\"width\":512,\"height\":512,\"caption\":\"Vie Associative\"},\"image\":{\"@id\":\"https:\/\/vieassociative.be\/actualites\/#\/schema\/logo\/image\/\"}},{\"@type\":\"Person\",\"@id\":\"https:\/\/vieassociative.be\/actualites\/#\/schema\/person\/b87ac4f82f9d4e7b7cec7395b679edc4\",\"name\":\"Julien\",\"image\":{\"@type\":\"ImageObject\",\"inLanguage\":\"fr-BE\",\"@id\":\"https:\/\/vieassociative.be\/actualites\/#\/schema\/person\/image\/\",\"url\":\"https:\/\/vieassociative.be\/actualites\/wp-content\/uploads\/2024\/09\/vie-associative-1-150x150.jpg\",\"contentUrl\":\"https:\/\/vieassociative.be\/actualites\/wp-content\/uploads\/2024\/09\/vie-associative-1-150x150.jpg\",\"caption\":\"Julien\"},\"description\":\"Je suis Julien, r\u00e9dacteur pour Vie Associative. Passionn\u00e9 par le monde associatif depuis plus de 10 ans, j'ai \u00e0 c\u0153ur de partager des histoires inspirantes et de mettre en lumi\u00e8re les initiatives locales. Mon objectif est de sensibiliser et d'encourager l'engagement communautaire \u00e0 travers mes articles.\",\"sameAs\":[\"https:\/\/vieassociative.be\/\"]}]}<\/script>\n<!-- \/ Yoast SEO plugin. -->","yoast_head_json":{"title":"Allemagne: Pour la protection de la Constitution, l'AFD est consid\u00e9r\u00e9e comme \"Extr\u00e9miste \u00e0 droite s\u00e9curis\u00e9e\" (Questions et r\u00e9ponses) | Vie Associative","robots":{"index":"index","follow":"follow","max-snippet":"max-snippet:-1","max-image-preview":"max-image-preview:large","max-video-preview":"max-video-preview:-1"},"canonical":"https:\/\/vieassociative.be\/actualites\/allemagne-pour-la-protection-de-la-constitution-lafd-est-consideree-comme-extremiste-a-droite-securisee-questions-et-reponses\/","og_locale":"fr_FR","og_type":"article","og_title":"Allemagne: Pour la protection de la Constitution, l'AFD est consid\u00e9r\u00e9e comme \"Extr\u00e9miste \u00e0 droite s\u00e9curis\u00e9e\" (Questions et r\u00e9ponses) | Vie Associative","og_description":"L&rsquo;AFD en Allemagne a class\u00e9 le service de renseignement domestique en Allemagne comme extr\u00e9miste \u00e0 droite s\u00e9curis\u00e9e. Le Bureau f\u00e9d\u00e9ral pour la protection de la","og_url":"https:\/\/vieassociative.be\/actualites\/allemagne-pour-la-protection-de-la-constitution-lafd-est-consideree-comme-extremiste-a-droite-securisee-questions-et-reponses\/","og_site_name":"Vie Associative","article_published_time":"2025-05-03T02:17:24+00:00","og_image":[{"width":279,"height":92,"url":"https:\/\/vieassociative.be\/actualites\/wp-content\/uploads\/2024\/09\/header_backgroundk-01-e1726694325946.png","type":"image\/png"}],"author":"Julien","twitter_card":"summary_large_image","twitter_misc":{"\u00c9crit par":"Julien","Dur\u00e9e de lecture est.":"7 minutes"},"schema":{"@context":"https:\/\/schema.org","@graph":[{"@type":"Article","@id":"https:\/\/vieassociative.be\/actualites\/allemagne-pour-la-protection-de-la-constitution-lafd-est-consideree-comme-extremiste-a-droite-securisee-questions-et-reponses\/#article","isPartOf":{"@id":"https:\/\/vieassociative.be\/actualites\/allemagne-pour-la-protection-de-la-constitution-lafd-est-consideree-comme-extremiste-a-droite-securisee-questions-et-reponses\/"},"author":{"name":"Julien","@id":"https:\/\/vieassociative.be\/actualites\/#\/schema\/person\/b87ac4f82f9d4e7b7cec7395b679edc4"},"headline":"Allemagne: Pour la protection de la Constitution, l&rsquo;AFD est consid\u00e9r\u00e9e comme \u00ab\u00a0Extr\u00e9miste \u00e0 droite s\u00e9curis\u00e9e\u00a0\u00bb (Questions et r\u00e9ponses)","datePublished":"2025-05-03T02:17:24+00:00","dateModified":"2025-05-03T02:17:24+00:00","mainEntityOfPage":{"@id":"https:\/\/vieassociative.be\/actualites\/allemagne-pour-la-protection-de-la-constitution-lafd-est-consideree-comme-extremiste-a-droite-securisee-questions-et-reponses\/"},"wordCount":1436,"publisher":{"@id":"https:\/\/vieassociative.be\/actualites\/#organization"},"image":{"@id":"https:\/\/vieassociative.be\/actualites\/allemagne-pour-la-protection-de-la-constitution-lafd-est-consideree-comme-extremiste-a-droite-securisee-questions-et-reponses\/#primaryimage"},"thumbnailUrl":"https:\/\/vieassociative.be\/actualites\/wp-content\/uploads\/2025\/05\/1746238644_Allemagne-Pour-la-protection-de-la-Constitution-lAFD-est-consideree.jpg","keywords":["Allemagne","comme","consid\u00e9r\u00e9e","Constitution","droite","est","Extr\u00e9miste","lAfD","pour","protection","questions","r\u00e9ponses","s\u00e9curis\u00e9e"],"articleSection":["Belgique"],"inLanguage":"fr-BE"},{"@type":"WebPage","@id":"https:\/\/vieassociative.be\/actualites\/allemagne-pour-la-protection-de-la-constitution-lafd-est-consideree-comme-extremiste-a-droite-securisee-questions-et-reponses\/","url":"https:\/\/vieassociative.be\/actualites\/allemagne-pour-la-protection-de-la-constitution-lafd-est-consideree-comme-extremiste-a-droite-securisee-questions-et-reponses\/","name":"Allemagne: Pour la protection de la Constitution, l'AFD est consid\u00e9r\u00e9e comme \"Extr\u00e9miste \u00e0 droite s\u00e9curis\u00e9e\" (Questions et r\u00e9ponses) | Vie Associative","isPartOf":{"@id":"https:\/\/vieassociative.be\/actualites\/#website"},"primaryImageOfPage":{"@id":"https:\/\/vieassociative.be\/actualites\/allemagne-pour-la-protection-de-la-constitution-lafd-est-consideree-comme-extremiste-a-droite-securisee-questions-et-reponses\/#primaryimage"},"image":{"@id":"https:\/\/vieassociative.be\/actualites\/allemagne-pour-la-protection-de-la-constitution-lafd-est-consideree-comme-extremiste-a-droite-securisee-questions-et-reponses\/#primaryimage"},"thumbnailUrl":"https:\/\/vieassociative.be\/actualites\/wp-content\/uploads\/2025\/05\/1746238644_Allemagne-Pour-la-protection-de-la-Constitution-lAFD-est-consideree.jpg","datePublished":"2025-05-03T02:17:24+00:00","dateModified":"2025-05-03T02:17:24+00:00","breadcrumb":{"@id":"https:\/\/vieassociative.be\/actualites\/allemagne-pour-la-protection-de-la-constitution-lafd-est-consideree-comme-extremiste-a-droite-securisee-questions-et-reponses\/#breadcrumb"},"inLanguage":"fr-BE","potentialAction":[{"@type":"ReadAction","target":["https:\/\/vieassociative.be\/actualites\/allemagne-pour-la-protection-de-la-constitution-lafd-est-consideree-comme-extremiste-a-droite-securisee-questions-et-reponses\/"]}]},{"@type":"ImageObject","inLanguage":"fr-BE","@id":"https:\/\/vieassociative.be\/actualites\/allemagne-pour-la-protection-de-la-constitution-lafd-est-consideree-comme-extremiste-a-droite-securisee-questions-et-reponses\/#primaryimage","url":"https:\/\/vieassociative.be\/actualites\/wp-content\/uploads\/2025\/05\/1746238644_Allemagne-Pour-la-protection-de-la-Constitution-lAFD-est-consideree.jpg","contentUrl":"https:\/\/vieassociative.be\/actualites\/wp-content\/uploads\/2025\/05\/1746238644_Allemagne-Pour-la-protection-de-la-Constitution-lAFD-est-consideree.jpg","width":1200,"height":800,"caption":"Allemagne: Pour la protection de la Constitution, l'AFD est consid\u00e9r\u00e9e comme \"Extr\u00e9miste \u00e0 droite s\u00e9curis\u00e9e\" (Questions et r\u00e9ponses)"},{"@type":"BreadcrumbList","@id":"https:\/\/vieassociative.be\/actualites\/allemagne-pour-la-protection-de-la-constitution-lafd-est-consideree-comme-extremiste-a-droite-securisee-questions-et-reponses\/#breadcrumb","itemListElement":[{"@type":"ListItem","position":1,"name":"Accueil","item":"https:\/\/vieassociative.be\/actualites\/"},{"@type":"ListItem","position":2,"name":"Allemagne: Pour la protection de la Constitution, l&rsquo;AFD est consid\u00e9r\u00e9e comme \u00ab\u00a0Extr\u00e9miste \u00e0 droite s\u00e9curis\u00e9e\u00a0\u00bb (Questions et r\u00e9ponses)"}]},{"@type":"WebSite","@id":"https:\/\/vieassociative.be\/actualites\/#website","url":"https:\/\/vieassociative.be\/actualites\/","name":"Vie Associative","description":"","publisher":{"@id":"https:\/\/vieassociative.be\/actualites\/#organization"},"potentialAction":[{"@type":"SearchAction","target":{"@type":"EntryPoint","urlTemplate":"https:\/\/vieassociative.be\/actualites\/?s={search_term_string}"},"query-input":{"@type":"PropertyValueSpecification","valueRequired":true,"valueName":"search_term_string"}}],"inLanguage":"fr-BE"},{"@type":"Organization","@id":"https:\/\/vieassociative.be\/actualites\/#organization","name":"Vie Associative","url":"https:\/\/vieassociative.be\/actualites\/","logo":{"@type":"ImageObject","inLanguage":"fr-BE","@id":"https:\/\/vieassociative.be\/actualites\/#\/schema\/logo\/image\/","url":"https:\/\/vieassociative.be\/actualites\/wp-content\/uploads\/2024\/09\/cropped-vieassociative_favicon.ico.png","contentUrl":"https:\/\/vieassociative.be\/actualites\/wp-content\/uploads\/2024\/09\/cropped-vieassociative_favicon.ico.png","width":512,"height":512,"caption":"Vie Associative"},"image":{"@id":"https:\/\/vieassociative.be\/actualites\/#\/schema\/logo\/image\/"}},{"@type":"Person","@id":"https:\/\/vieassociative.be\/actualites\/#\/schema\/person\/b87ac4f82f9d4e7b7cec7395b679edc4","name":"Julien","image":{"@type":"ImageObject","inLanguage":"fr-BE","@id":"https:\/\/vieassociative.be\/actualites\/#\/schema\/person\/image\/","url":"https:\/\/vieassociative.be\/actualites\/wp-content\/uploads\/2024\/09\/vie-associative-1-150x150.jpg","contentUrl":"https:\/\/vieassociative.be\/actualites\/wp-content\/uploads\/2024\/09\/vie-associative-1-150x150.jpg","caption":"Julien"},"description":"Je suis Julien, r\u00e9dacteur pour Vie Associative. Passionn\u00e9 par le monde associatif depuis plus de 10 ans, j'ai \u00e0 c\u0153ur de partager des histoires inspirantes et de mettre en lumi\u00e8re les initiatives locales. Mon objectif est de sensibiliser et d'encourager l'engagement communautaire \u00e0 travers mes articles.","sameAs":["https:\/\/vieassociative.be\/"]}]}},"_links":{"self":[{"href":"https:\/\/vieassociative.be\/actualites\/wp-json\/wp\/v2\/posts\/7243"}],"collection":[{"href":"https:\/\/vieassociative.be\/actualites\/wp-json\/wp\/v2\/posts"}],"about":[{"href":"https:\/\/vieassociative.be\/actualites\/wp-json\/wp\/v2\/types\/post"}],"author":[{"embeddable":true,"href":"https:\/\/vieassociative.be\/actualites\/wp-json\/wp\/v2\/users\/1"}],"replies":[{"embeddable":true,"href":"https:\/\/vieassociative.be\/actualites\/wp-json\/wp\/v2\/comments?post=7243"}],"version-history":[{"count":0,"href":"https:\/\/vieassociative.be\/actualites\/wp-json\/wp\/v2\/posts\/7243\/revisions"}],"wp:featuredmedia":[{"embeddable":true,"href":"https:\/\/vieassociative.be\/actualites\/wp-json\/wp\/v2\/media\/7244"}],"wp:attachment":[{"href":"https:\/\/vieassociative.be\/actualites\/wp-json\/wp\/v2\/media?parent=7243"}],"wp:term":[{"taxonomy":"category","embeddable":true,"href":"https:\/\/vieassociative.be\/actualites\/wp-json\/wp\/v2\/categories?post=7243"},{"taxonomy":"post_tag","embeddable":true,"href":"https:\/\/vieassociative.be\/actualites\/wp-json\/wp\/v2\/tags?post=7243"}],"curies":[{"name":"wp","href":"https:\/\/api.w.org\/{rel}","templated":true}]}}