{"id":7237,"date":"2025-05-02T22:17:45","date_gmt":"2025-05-02T20:17:45","guid":{"rendered":"https:\/\/vieassociative.be\/actualites\/lancienne-etagere-de-sport-deupen-werner-baumgarten-spplus-est-decedee-a-lage-de-67-ans\/"},"modified":"2025-05-02T22:17:45","modified_gmt":"2025-05-02T20:17:45","slug":"lancienne-etagere-de-sport-deupen-werner-baumgarten-spplus-est-decedee-a-lage-de-67-ans","status":"publish","type":"post","link":"https:\/\/vieassociative.be\/actualites\/lancienne-etagere-de-sport-deupen-werner-baumgarten-spplus-est-decedee-a-lage-de-67-ans\/","title":{"rendered":"L&rsquo;ancienne \u00e9tag\u00e8re de sport d&rsquo;Eupen, Werner Baumgarten (SPPLUS), est d\u00e9c\u00e9d\u00e9e \u00e0 l&rsquo;\u00e2ge de 67 ans"},"content":{"rendered":"<p><strong>L&rsquo;ancien Eupener Sch\u00f6ffe Werner Baumgarten est d\u00e9c\u00e9d\u00e9 jeudi \u00e0 l&rsquo;\u00e2ge de 67 ans apr\u00e8s une maladie grave. De la fin de 2012 au d\u00e9but de 2023, Baumgarten appartenait \u00e0 l&rsquo;Eupen Community College.<\/strong><\/p>\n<p><span id=\"more-414740\"><\/span>La carri\u00e8re politique de Werner Baumgarten a commenc\u00e9 en 1999 dans le cabinet du ministre de la DG de l&rsquo;\u00e9poque, Karl-Heinz Lambertz. Depuis 2003, il est directeur des centres communautaires DG: Worriken, Kuz, Ternell, Heidberg Monast\u00e8re et centre d&rsquo;accueil Wesertalsperre. <\/p>\n<p>En 2000, il s&rsquo;est tenu pour la premi\u00e8re fois et a pr\u00eat\u00e9 serment en tant que conseiller municipal le 1er avril 2004. De 2006 \u00e0 2012, Baumgarten a \u00e9t\u00e9 le porte-parole du groupe parlementaire de SPPLUS du conseil municipal.<\/p>\n<p>En janvier 2023, Baumgarten a d\u00e9missionn\u00e9 comme un choc sportif et remis \u00e0 Alexandra Barth-Vandenhirtz. Le 1er mai 2023, il a pris sa retraite. En novembre 2024, il est rest\u00e9 membre du conseil municipal d&rsquo;Eupen. Werner Baumgarten quitte sa femme, deux enfants adultes et quatre petits-enfants. (Cre)<\/p>\n","protected":false},"excerpt":{"rendered":"<p>L&rsquo;ancien Eupener Sch\u00f6ffe Werner Baumgarten est d\u00e9c\u00e9d\u00e9 jeudi \u00e0 l&rsquo;\u00e2ge de 67 ans apr\u00e8s une maladie grave. De la fin de 2012 au d\u00e9but de<\/p>\n","protected":false},"author":1,"featured_media":7238,"comment_status":"","ping_status":"","sticky":false,"template":"","format":"standard","meta":{"footnotes":""},"categories":[298],"tags":[584,6773,4509,2403,76,6771,501,214,47,6774,6772],"class_list":["post-7237","post","type-post","status-publish","format-standard","has-post-thumbnail","hentry","category-belgique","tag-ans","tag-baumgarten","tag-decedee","tag-deupen","tag-est","tag-etagere","tag-lage","tag-lancienne","tag-sport","tag-spplus","tag-werner","generate-columns","tablet-grid-50","mobile-grid-100","grid-parent","grid-33"],"yoast_head":"<!-- This site is optimized with the Yoast SEO plugin v24.0 - https:\/\/yoast.com\/wordpress\/plugins\/seo\/ -->\n<title>L&#039;ancienne \u00e9tag\u00e8re de sport d&#039;Eupen, Werner Baumgarten (SPPLUS), est d\u00e9c\u00e9d\u00e9e \u00e0 l&#039;\u00e2ge de 67 ans | Vie Associative<\/title>\n<meta name=\"robots\" content=\"index, follow, max-snippet:-1, max-image-preview:large, max-video-preview:-1\" \/>\n<link rel=\"canonical\" href=\"https:\/\/vieassociative.be\/actualites\/lancienne-etagere-de-sport-deupen-werner-baumgarten-spplus-est-decedee-a-lage-de-67-ans\/\" \/>\n<meta property=\"og:locale\" content=\"fr_FR\" \/>\n<meta property=\"og:type\" content=\"article\" \/>\n<meta property=\"og:title\" content=\"L&#039;ancienne \u00e9tag\u00e8re de sport d&#039;Eupen, Werner Baumgarten (SPPLUS), est d\u00e9c\u00e9d\u00e9e \u00e0 l&#039;\u00e2ge de 67 ans | Vie Associative\" \/>\n<meta property=\"og:description\" content=\"L&rsquo;ancien Eupener Sch\u00f6ffe Werner Baumgarten est d\u00e9c\u00e9d\u00e9 jeudi \u00e0 l&rsquo;\u00e2ge de 67 ans apr\u00e8s une maladie grave. De la fin de 2012 au d\u00e9but de\" \/>\n<meta property=\"og:url\" content=\"https:\/\/vieassociative.be\/actualites\/lancienne-etagere-de-sport-deupen-werner-baumgarten-spplus-est-decedee-a-lage-de-67-ans\/\" \/>\n<meta property=\"og:site_name\" content=\"Vie Associative\" \/>\n<meta property=\"article:published_time\" content=\"2025-05-02T20:17:45+00:00\" \/>\n<meta property=\"og:image\" content=\"https:\/\/vieassociative.be\/actualites\/wp-content\/uploads\/2024\/09\/header_backgroundk-01-e1726694325946.png\" \/>\n\t<meta property=\"og:image:width\" content=\"279\" \/>\n\t<meta property=\"og:image:height\" content=\"92\" \/>\n\t<meta property=\"og:image:type\" content=\"image\/png\" \/>\n<meta name=\"author\" content=\"Julien\" \/>\n<meta name=\"twitter:card\" content=\"summary_large_image\" \/>\n<meta name=\"twitter:label1\" content=\"\u00c9crit par\" \/>\n\t<meta name=\"twitter:data1\" content=\"Julien\" \/>\n\t<meta name=\"twitter:label2\" content=\"Dur\u00e9e de lecture est.\" \/>\n\t<meta name=\"twitter:data2\" content=\"1 minute\" \/>\n<script type=\"application\/ld+json\" class=\"yoast-schema-graph\">{\"@context\":\"https:\/\/schema.org\",\"@graph\":[{\"@type\":\"Article\",\"@id\":\"https:\/\/vieassociative.be\/actualites\/lancienne-etagere-de-sport-deupen-werner-baumgarten-spplus-est-decedee-a-lage-de-67-ans\/#article\",\"isPartOf\":{\"@id\":\"https:\/\/vieassociative.be\/actualites\/lancienne-etagere-de-sport-deupen-werner-baumgarten-spplus-est-decedee-a-lage-de-67-ans\/\"},\"author\":{\"name\":\"Julien\",\"@id\":\"https:\/\/vieassociative.be\/actualites\/#\/schema\/person\/b87ac4f82f9d4e7b7cec7395b679edc4\"},\"headline\":\"L&rsquo;ancienne \u00e9tag\u00e8re de sport d&rsquo;Eupen, Werner Baumgarten (SPPLUS), est d\u00e9c\u00e9d\u00e9e \u00e0 l&rsquo;\u00e2ge de 67 ans\",\"datePublished\":\"2025-05-02T20:17:45+00:00\",\"dateModified\":\"2025-05-02T20:17:45+00:00\",\"mainEntityOfPage\":{\"@id\":\"https:\/\/vieassociative.be\/actualites\/lancienne-etagere-de-sport-deupen-werner-baumgarten-spplus-est-decedee-a-lage-de-67-ans\/\"},\"wordCount\":179,\"publisher\":{\"@id\":\"https:\/\/vieassociative.be\/actualites\/#organization\"},\"image\":{\"@id\":\"https:\/\/vieassociative.be\/actualites\/lancienne-etagere-de-sport-deupen-werner-baumgarten-spplus-est-decedee-a-lage-de-67-ans\/#primaryimage\"},\"thumbnailUrl\":\"https:\/\/vieassociative.be\/actualites\/wp-content\/uploads\/2025\/05\/Lancienne-etagere-de-sport-dEupen-Werner-Baumgarten-SPPLUS-est-decedee.jpg\",\"keywords\":[\"ans\",\"Baumgarten\",\"d\u00e9c\u00e9d\u00e9e\",\"dEupen\",\"est\",\"\u00e9tag\u00e8re\",\"l\u00e2ge\",\"lancienne\",\"sport\",\"SPPLUS\",\"Werner\"],\"articleSection\":[\"Belgique\"],\"inLanguage\":\"fr-BE\"},{\"@type\":\"WebPage\",\"@id\":\"https:\/\/vieassociative.be\/actualites\/lancienne-etagere-de-sport-deupen-werner-baumgarten-spplus-est-decedee-a-lage-de-67-ans\/\",\"url\":\"https:\/\/vieassociative.be\/actualites\/lancienne-etagere-de-sport-deupen-werner-baumgarten-spplus-est-decedee-a-lage-de-67-ans\/\",\"name\":\"L'ancienne \u00e9tag\u00e8re de sport d'Eupen, Werner Baumgarten (SPPLUS), est d\u00e9c\u00e9d\u00e9e \u00e0 l'\u00e2ge de 67 ans | Vie Associative\",\"isPartOf\":{\"@id\":\"https:\/\/vieassociative.be\/actualites\/#website\"},\"primaryImageOfPage\":{\"@id\":\"https:\/\/vieassociative.be\/actualites\/lancienne-etagere-de-sport-deupen-werner-baumgarten-spplus-est-decedee-a-lage-de-67-ans\/#primaryimage\"},\"image\":{\"@id\":\"https:\/\/vieassociative.be\/actualites\/lancienne-etagere-de-sport-deupen-werner-baumgarten-spplus-est-decedee-a-lage-de-67-ans\/#primaryimage\"},\"thumbnailUrl\":\"https:\/\/vieassociative.be\/actualites\/wp-content\/uploads\/2025\/05\/Lancienne-etagere-de-sport-dEupen-Werner-Baumgarten-SPPLUS-est-decedee.jpg\",\"datePublished\":\"2025-05-02T20:17:45+00:00\",\"dateModified\":\"2025-05-02T20:17:45+00:00\",\"breadcrumb\":{\"@id\":\"https:\/\/vieassociative.be\/actualites\/lancienne-etagere-de-sport-deupen-werner-baumgarten-spplus-est-decedee-a-lage-de-67-ans\/#breadcrumb\"},\"inLanguage\":\"fr-BE\",\"potentialAction\":[{\"@type\":\"ReadAction\",\"target\":[\"https:\/\/vieassociative.be\/actualites\/lancienne-etagere-de-sport-deupen-werner-baumgarten-spplus-est-decedee-a-lage-de-67-ans\/\"]}]},{\"@type\":\"ImageObject\",\"inLanguage\":\"fr-BE\",\"@id\":\"https:\/\/vieassociative.be\/actualites\/lancienne-etagere-de-sport-deupen-werner-baumgarten-spplus-est-decedee-a-lage-de-67-ans\/#primaryimage\",\"url\":\"https:\/\/vieassociative.be\/actualites\/wp-content\/uploads\/2025\/05\/Lancienne-etagere-de-sport-dEupen-Werner-Baumgarten-SPPLUS-est-decedee.jpg\",\"contentUrl\":\"https:\/\/vieassociative.be\/actualites\/wp-content\/uploads\/2025\/05\/Lancienne-etagere-de-sport-dEupen-Werner-Baumgarten-SPPLUS-est-decedee.jpg\",\"width\":1200,\"height\":795,\"caption\":\"L'ancienne \u00e9tag\u00e8re de sport d'Eupen, Werner Baumgarten (SPPLUS), est d\u00e9c\u00e9d\u00e9e \u00e0 l'\u00e2ge de 67 ans\"},{\"@type\":\"BreadcrumbList\",\"@id\":\"https:\/\/vieassociative.be\/actualites\/lancienne-etagere-de-sport-deupen-werner-baumgarten-spplus-est-decedee-a-lage-de-67-ans\/#breadcrumb\",\"itemListElement\":[{\"@type\":\"ListItem\",\"position\":1,\"name\":\"Accueil\",\"item\":\"https:\/\/vieassociative.be\/actualites\/\"},{\"@type\":\"ListItem\",\"position\":2,\"name\":\"L&rsquo;ancienne \u00e9tag\u00e8re de sport d&rsquo;Eupen, Werner Baumgarten (SPPLUS), est d\u00e9c\u00e9d\u00e9e \u00e0 l&rsquo;\u00e2ge de 67 ans\"}]},{\"@type\":\"WebSite\",\"@id\":\"https:\/\/vieassociative.be\/actualites\/#website\",\"url\":\"https:\/\/vieassociative.be\/actualites\/\",\"name\":\"Vie Associative\",\"description\":\"\",\"publisher\":{\"@id\":\"https:\/\/vieassociative.be\/actualites\/#organization\"},\"potentialAction\":[{\"@type\":\"SearchAction\",\"target\":{\"@type\":\"EntryPoint\",\"urlTemplate\":\"https:\/\/vieassociative.be\/actualites\/?s={search_term_string}\"},\"query-input\":{\"@type\":\"PropertyValueSpecification\",\"valueRequired\":true,\"valueName\":\"search_term_string\"}}],\"inLanguage\":\"fr-BE\"},{\"@type\":\"Organization\",\"@id\":\"https:\/\/vieassociative.be\/actualites\/#organization\",\"name\":\"Vie Associative\",\"url\":\"https:\/\/vieassociative.be\/actualites\/\",\"logo\":{\"@type\":\"ImageObject\",\"inLanguage\":\"fr-BE\",\"@id\":\"https:\/\/vieassociative.be\/actualites\/#\/schema\/logo\/image\/\",\"url\":\"https:\/\/vieassociative.be\/actualites\/wp-content\/uploads\/2024\/09\/cropped-vieassociative_favicon.ico.png\",\"contentUrl\":\"https:\/\/vieassociative.be\/actualites\/wp-content\/uploads\/2024\/09\/cropped-vieassociative_favicon.ico.png\",\"width\":512,\"height\":512,\"caption\":\"Vie Associative\"},\"image\":{\"@id\":\"https:\/\/vieassociative.be\/actualites\/#\/schema\/logo\/image\/\"}},{\"@type\":\"Person\",\"@id\":\"https:\/\/vieassociative.be\/actualites\/#\/schema\/person\/b87ac4f82f9d4e7b7cec7395b679edc4\",\"name\":\"Julien\",\"image\":{\"@type\":\"ImageObject\",\"inLanguage\":\"fr-BE\",\"@id\":\"https:\/\/vieassociative.be\/actualites\/#\/schema\/person\/image\/\",\"url\":\"https:\/\/vieassociative.be\/actualites\/wp-content\/uploads\/2024\/09\/vie-associative-1-150x150.jpg\",\"contentUrl\":\"https:\/\/vieassociative.be\/actualites\/wp-content\/uploads\/2024\/09\/vie-associative-1-150x150.jpg\",\"caption\":\"Julien\"},\"description\":\"Je suis Julien, r\u00e9dacteur pour Vie Associative. Passionn\u00e9 par le monde associatif depuis plus de 10 ans, j'ai \u00e0 c\u0153ur de partager des histoires inspirantes et de mettre en lumi\u00e8re les initiatives locales. Mon objectif est de sensibiliser et d'encourager l'engagement communautaire \u00e0 travers mes articles.\",\"sameAs\":[\"https:\/\/vieassociative.be\/\"]}]}<\/script>\n<!-- \/ Yoast SEO plugin. -->","yoast_head_json":{"title":"L'ancienne \u00e9tag\u00e8re de sport d'Eupen, Werner Baumgarten (SPPLUS), est d\u00e9c\u00e9d\u00e9e \u00e0 l'\u00e2ge de 67 ans | Vie Associative","robots":{"index":"index","follow":"follow","max-snippet":"max-snippet:-1","max-image-preview":"max-image-preview:large","max-video-preview":"max-video-preview:-1"},"canonical":"https:\/\/vieassociative.be\/actualites\/lancienne-etagere-de-sport-deupen-werner-baumgarten-spplus-est-decedee-a-lage-de-67-ans\/","og_locale":"fr_FR","og_type":"article","og_title":"L'ancienne \u00e9tag\u00e8re de sport d'Eupen, Werner Baumgarten (SPPLUS), est d\u00e9c\u00e9d\u00e9e \u00e0 l'\u00e2ge de 67 ans | Vie Associative","og_description":"L&rsquo;ancien Eupener Sch\u00f6ffe Werner Baumgarten est d\u00e9c\u00e9d\u00e9 jeudi \u00e0 l&rsquo;\u00e2ge de 67 ans apr\u00e8s une maladie grave. De la fin de 2012 au d\u00e9but de","og_url":"https:\/\/vieassociative.be\/actualites\/lancienne-etagere-de-sport-deupen-werner-baumgarten-spplus-est-decedee-a-lage-de-67-ans\/","og_site_name":"Vie Associative","article_published_time":"2025-05-02T20:17:45+00:00","og_image":[{"width":279,"height":92,"url":"https:\/\/vieassociative.be\/actualites\/wp-content\/uploads\/2024\/09\/header_backgroundk-01-e1726694325946.png","type":"image\/png"}],"author":"Julien","twitter_card":"summary_large_image","twitter_misc":{"\u00c9crit par":"Julien","Dur\u00e9e de lecture est.":"1 minute"},"schema":{"@context":"https:\/\/schema.org","@graph":[{"@type":"Article","@id":"https:\/\/vieassociative.be\/actualites\/lancienne-etagere-de-sport-deupen-werner-baumgarten-spplus-est-decedee-a-lage-de-67-ans\/#article","isPartOf":{"@id":"https:\/\/vieassociative.be\/actualites\/lancienne-etagere-de-sport-deupen-werner-baumgarten-spplus-est-decedee-a-lage-de-67-ans\/"},"author":{"name":"Julien","@id":"https:\/\/vieassociative.be\/actualites\/#\/schema\/person\/b87ac4f82f9d4e7b7cec7395b679edc4"},"headline":"L&rsquo;ancienne \u00e9tag\u00e8re de sport d&rsquo;Eupen, Werner Baumgarten (SPPLUS), est d\u00e9c\u00e9d\u00e9e \u00e0 l&rsquo;\u00e2ge de 67 ans","datePublished":"2025-05-02T20:17:45+00:00","dateModified":"2025-05-02T20:17:45+00:00","mainEntityOfPage":{"@id":"https:\/\/vieassociative.be\/actualites\/lancienne-etagere-de-sport-deupen-werner-baumgarten-spplus-est-decedee-a-lage-de-67-ans\/"},"wordCount":179,"publisher":{"@id":"https:\/\/vieassociative.be\/actualites\/#organization"},"image":{"@id":"https:\/\/vieassociative.be\/actualites\/lancienne-etagere-de-sport-deupen-werner-baumgarten-spplus-est-decedee-a-lage-de-67-ans\/#primaryimage"},"thumbnailUrl":"https:\/\/vieassociative.be\/actualites\/wp-content\/uploads\/2025\/05\/Lancienne-etagere-de-sport-dEupen-Werner-Baumgarten-SPPLUS-est-decedee.jpg","keywords":["ans","Baumgarten","d\u00e9c\u00e9d\u00e9e","dEupen","est","\u00e9tag\u00e8re","l\u00e2ge","lancienne","sport","SPPLUS","Werner"],"articleSection":["Belgique"],"inLanguage":"fr-BE"},{"@type":"WebPage","@id":"https:\/\/vieassociative.be\/actualites\/lancienne-etagere-de-sport-deupen-werner-baumgarten-spplus-est-decedee-a-lage-de-67-ans\/","url":"https:\/\/vieassociative.be\/actualites\/lancienne-etagere-de-sport-deupen-werner-baumgarten-spplus-est-decedee-a-lage-de-67-ans\/","name":"L'ancienne \u00e9tag\u00e8re de sport d'Eupen, Werner Baumgarten (SPPLUS), est d\u00e9c\u00e9d\u00e9e \u00e0 l'\u00e2ge de 67 ans | Vie Associative","isPartOf":{"@id":"https:\/\/vieassociative.be\/actualites\/#website"},"primaryImageOfPage":{"@id":"https:\/\/vieassociative.be\/actualites\/lancienne-etagere-de-sport-deupen-werner-baumgarten-spplus-est-decedee-a-lage-de-67-ans\/#primaryimage"},"image":{"@id":"https:\/\/vieassociative.be\/actualites\/lancienne-etagere-de-sport-deupen-werner-baumgarten-spplus-est-decedee-a-lage-de-67-ans\/#primaryimage"},"thumbnailUrl":"https:\/\/vieassociative.be\/actualites\/wp-content\/uploads\/2025\/05\/Lancienne-etagere-de-sport-dEupen-Werner-Baumgarten-SPPLUS-est-decedee.jpg","datePublished":"2025-05-02T20:17:45+00:00","dateModified":"2025-05-02T20:17:45+00:00","breadcrumb":{"@id":"https:\/\/vieassociative.be\/actualites\/lancienne-etagere-de-sport-deupen-werner-baumgarten-spplus-est-decedee-a-lage-de-67-ans\/#breadcrumb"},"inLanguage":"fr-BE","potentialAction":[{"@type":"ReadAction","target":["https:\/\/vieassociative.be\/actualites\/lancienne-etagere-de-sport-deupen-werner-baumgarten-spplus-est-decedee-a-lage-de-67-ans\/"]}]},{"@type":"ImageObject","inLanguage":"fr-BE","@id":"https:\/\/vieassociative.be\/actualites\/lancienne-etagere-de-sport-deupen-werner-baumgarten-spplus-est-decedee-a-lage-de-67-ans\/#primaryimage","url":"https:\/\/vieassociative.be\/actualites\/wp-content\/uploads\/2025\/05\/Lancienne-etagere-de-sport-dEupen-Werner-Baumgarten-SPPLUS-est-decedee.jpg","contentUrl":"https:\/\/vieassociative.be\/actualites\/wp-content\/uploads\/2025\/05\/Lancienne-etagere-de-sport-dEupen-Werner-Baumgarten-SPPLUS-est-decedee.jpg","width":1200,"height":795,"caption":"L'ancienne \u00e9tag\u00e8re de sport d'Eupen, Werner Baumgarten (SPPLUS), est d\u00e9c\u00e9d\u00e9e \u00e0 l'\u00e2ge de 67 ans"},{"@type":"BreadcrumbList","@id":"https:\/\/vieassociative.be\/actualites\/lancienne-etagere-de-sport-deupen-werner-baumgarten-spplus-est-decedee-a-lage-de-67-ans\/#breadcrumb","itemListElement":[{"@type":"ListItem","position":1,"name":"Accueil","item":"https:\/\/vieassociative.be\/actualites\/"},{"@type":"ListItem","position":2,"name":"L&rsquo;ancienne \u00e9tag\u00e8re de sport d&rsquo;Eupen, Werner Baumgarten (SPPLUS), est d\u00e9c\u00e9d\u00e9e \u00e0 l&rsquo;\u00e2ge de 67 ans"}]},{"@type":"WebSite","@id":"https:\/\/vieassociative.be\/actualites\/#website","url":"https:\/\/vieassociative.be\/actualites\/","name":"Vie Associative","description":"","publisher":{"@id":"https:\/\/vieassociative.be\/actualites\/#organization"},"potentialAction":[{"@type":"SearchAction","target":{"@type":"EntryPoint","urlTemplate":"https:\/\/vieassociative.be\/actualites\/?s={search_term_string}"},"query-input":{"@type":"PropertyValueSpecification","valueRequired":true,"valueName":"search_term_string"}}],"inLanguage":"fr-BE"},{"@type":"Organization","@id":"https:\/\/vieassociative.be\/actualites\/#organization","name":"Vie Associative","url":"https:\/\/vieassociative.be\/actualites\/","logo":{"@type":"ImageObject","inLanguage":"fr-BE","@id":"https:\/\/vieassociative.be\/actualites\/#\/schema\/logo\/image\/","url":"https:\/\/vieassociative.be\/actualites\/wp-content\/uploads\/2024\/09\/cropped-vieassociative_favicon.ico.png","contentUrl":"https:\/\/vieassociative.be\/actualites\/wp-content\/uploads\/2024\/09\/cropped-vieassociative_favicon.ico.png","width":512,"height":512,"caption":"Vie Associative"},"image":{"@id":"https:\/\/vieassociative.be\/actualites\/#\/schema\/logo\/image\/"}},{"@type":"Person","@id":"https:\/\/vieassociative.be\/actualites\/#\/schema\/person\/b87ac4f82f9d4e7b7cec7395b679edc4","name":"Julien","image":{"@type":"ImageObject","inLanguage":"fr-BE","@id":"https:\/\/vieassociative.be\/actualites\/#\/schema\/person\/image\/","url":"https:\/\/vieassociative.be\/actualites\/wp-content\/uploads\/2024\/09\/vie-associative-1-150x150.jpg","contentUrl":"https:\/\/vieassociative.be\/actualites\/wp-content\/uploads\/2024\/09\/vie-associative-1-150x150.jpg","caption":"Julien"},"description":"Je suis Julien, r\u00e9dacteur pour Vie Associative. Passionn\u00e9 par le monde associatif depuis plus de 10 ans, j'ai \u00e0 c\u0153ur de partager des histoires inspirantes et de mettre en lumi\u00e8re les initiatives locales. Mon objectif est de sensibiliser et d'encourager l'engagement communautaire \u00e0 travers mes articles.","sameAs":["https:\/\/vieassociative.be\/"]}]}},"_links":{"self":[{"href":"https:\/\/vieassociative.be\/actualites\/wp-json\/wp\/v2\/posts\/7237"}],"collection":[{"href":"https:\/\/vieassociative.be\/actualites\/wp-json\/wp\/v2\/posts"}],"about":[{"href":"https:\/\/vieassociative.be\/actualites\/wp-json\/wp\/v2\/types\/post"}],"author":[{"embeddable":true,"href":"https:\/\/vieassociative.be\/actualites\/wp-json\/wp\/v2\/users\/1"}],"replies":[{"embeddable":true,"href":"https:\/\/vieassociative.be\/actualites\/wp-json\/wp\/v2\/comments?post=7237"}],"version-history":[{"count":0,"href":"https:\/\/vieassociative.be\/actualites\/wp-json\/wp\/v2\/posts\/7237\/revisions"}],"wp:featuredmedia":[{"embeddable":true,"href":"https:\/\/vieassociative.be\/actualites\/wp-json\/wp\/v2\/media\/7238"}],"wp:attachment":[{"href":"https:\/\/vieassociative.be\/actualites\/wp-json\/wp\/v2\/media?parent=7237"}],"wp:term":[{"taxonomy":"category","embeddable":true,"href":"https:\/\/vieassociative.be\/actualites\/wp-json\/wp\/v2\/categories?post=7237"},{"taxonomy":"post_tag","embeddable":true,"href":"https:\/\/vieassociative.be\/actualites\/wp-json\/wp\/v2\/tags?post=7237"}],"curies":[{"name":"wp","href":"https:\/\/api.w.org\/{rel}","templated":true}]}}