{"id":7231,"date":"2025-05-02T18:17:20","date_gmt":"2025-05-02T16:17:20","guid":{"rendered":"https:\/\/vieassociative.be\/actualites\/cultiver-du-wasabi-comme-une-plante-dinterieur\/"},"modified":"2025-05-02T18:17:20","modified_gmt":"2025-05-02T16:17:20","slug":"cultiver-du-wasabi-comme-une-plante-dinterieur","status":"publish","type":"post","link":"https:\/\/vieassociative.be\/actualites\/cultiver-du-wasabi-comme-une-plante-dinterieur\/","title":{"rendered":"Cultiver du wasabi comme une plante d&rsquo;int\u00e9rieur"},"content":{"rendered":"<div class=\"mt-4 leading-6 md:mb-8\">Le wasabi r\u00e9el et non transform\u00e9 est pris\u00e9 pour son go\u00fbt frais, son manque d&rsquo;amertume et sa nettet\u00e9 unique.<\/div>\n<p><\/p>\n<p>Le Wasabi la plupart d&rsquo;entre nous obtiennent des restaurants de sushis, ou du magasin, n&rsquo;est pas un wasabi. Cette poudre verte et l\u00e9g\u00e8rement am\u00e8re est souvent faite de raifort. Dans les restaurants haut de gamme, un wasabi r\u00e9el et non transform\u00e9 est servi et appr\u00e9ci\u00e9 pour son go\u00fbt frais, son manque d&rsquo;amertume et sa nettet\u00e9 unique. Il a le piquant du raifort, mais une morsure et une saveur d\u00e9finitivement diff\u00e9rentes.<\/p>\n<p>Mon restaurant japonais pr\u00e9f\u00e9r\u00e9 propose de vrais wasabi depuis des ann\u00e9es avec un peu quelque chose de plus: une tige de wasabi marin\u00e9e hach\u00e9e et m\u00e9lang\u00e9e dans la p\u00e2te de wasabi. C&rsquo;est ce qu&rsquo;on appelle Kizami Wasabi. C&rsquo;est tellement d\u00e9licieux, ce n&rsquo;est que le co\u00fbt de la racine qui vous interdit d&rsquo;en manger des bols entiers.<\/p>\n<p>Parfois, vous pouvez acheter des racines de wasabi aupr\u00e8s de d\u00e9taillants en ligne ou de magasins asiatiques locaux, mais ce n&rsquo;est g\u00e9n\u00e9ralement que la racine, sans les feuilles et les tiges. Tel a commenc\u00e9 ma d\u00e9termination \u00e0 le d\u00e9velopper moi-m\u00eame, \u00e0 la poursuite du condiment de Wasabi parfait. <\/p>\n<p>Depuis des ann\u00e9es, j&rsquo;essaie de comprendre comment planter du wasabi aux c\u00f4t\u00e9s de l&rsquo;eau courante dans ma cour. Je l&rsquo;ai essay\u00e9 dans la fonction d&rsquo;eau \u00e0 l&rsquo;ext\u00e9rieur, mais il a \u00e9chou\u00e9. Je l&rsquo;ai essay\u00e9 \u00e0 l&rsquo;ombre sous un arbre, la m\u00eame chose. Je recherchais des configurations hydroponiques sur Google lorsque je suis (heureusement) tomb\u00e9 sur des instructions tr\u00e8s simples: il suffit de le placer dans un pot d&rsquo;auto-arrosage et de le laisser faire son truc \u00e0 l&rsquo;int\u00e9rieur.<\/p>\n<h2 id=\"how-to-grow-wasabi-inside\">Comment cultiver le wasabi \u00e0 l&rsquo;int\u00e9rieur<\/h2>\n<p>Je suis une ann\u00e9e compl\u00e8te avec mon wasabi, et il a en fait fait son truc avec tr\u00e8s peu d&rsquo;aide de ma part. Mes trois de mes petites plantes \u00e9vitent la lumi\u00e8re du soleil et ne demandent qu&rsquo;une gorg\u00e9e d&rsquo;eau une fois par semaine environ. J&rsquo;ai \u00e9t\u00e9 ravi par les minuscules feuilles \u00e9mergentes, \u00e0 tel point que j&rsquo;avais oubli\u00e9 que tout le fait \u00e9tait de le r\u00e9colter. Ils feraient simplement partie de la famille de l&rsquo;usine de maison qui vit dans mon salon.<\/p>\n<p>La croissance du wasabi, en particulier \u00e0 l&rsquo;int\u00e9rieur, est un investissement d&rsquo;un an. Vous pouvez acheter des plantes en ligne, mais j&rsquo;ai la chance de les avoir tr\u00e9buch\u00e9s dans ma p\u00e9pini\u00e8re locale. Il faudra au moins un an pour que les plantes deviennent suffisamment grandes \u00e0 r\u00e9colter, \u00e0 quel point vous les diviserez, prenez ce dont vous avez besoin et replantez ce que vous n&rsquo;utilisez pas.<\/p>\n<p>Bien que les instructions pour les configurations hydroponiques soient partout sur le Web, tout ce que j&rsquo;ai utilis\u00e9 \u00e9tait un terreau bien drainant dans un planteur d&rsquo;auto-arrosage de 12 pouces. La partie \u00abauto-arros\u00e9e\u00bb signifie que le sol peut tirer sa propre eau de la base, ce qui maintient l&rsquo;eau dans un r\u00e9ceptacle, donc le sol ne prend autant qu&rsquo;il en a besoin. <\/p>\n<p>J&rsquo;ai mis les pots sur la table basse du soleil direct qui traverse les fen\u00eatres. Je les arrose lorsque les feuilles sont un peu tombantes, et une fois par mois, je leur donne la moindre quantit\u00e9 d&rsquo;engrais; Il s&rsquo;av\u00e8re que Root Wasabi ne le n\u00e9cessite pas autant que mes autres plantes d&rsquo;int\u00e9rieur. Mon salon se trouve g\u00e9n\u00e9ralement dans la gamme recommand\u00e9e de 50 \u00e0 70 \u2109. Le wasabi ne fait pas bien plus de 80 degr\u00e9s, mais moi non plus, donc l&rsquo;AC nous maintient un 78 glacial m\u00eame les pires jours. <\/p>\n<p>\u00c0 l&rsquo;ext\u00e9rieur, il est facile de dire quand la racine est pr\u00eate pour la r\u00e9colte. La racine \u00e9merge du haut du sol, et vous avez une quantit\u00e9 saine et dense de feuilles. \u00c0 l&rsquo;int\u00e9rieur, o\u00f9 votre plante va \u00eatre un peu moins resplendissante, vous n&rsquo;aurez qu&rsquo;\u00e0 v\u00e9rifier en ressentant le haut de la racine apr\u00e8s un an ou deux, et en vous assurant qu&rsquo;il a au moins un pouce de diam\u00e8tre.<\/p>\n<hr>\n<p><strong>Tout ce dont vous avez besoin pour grandir et r\u00e2per votre propre wasabi:<\/strong><\/p>\n<div class=\"pogoClear relative my-10 border-b-(1.5px) border-t-(1.5px) border-dashed border-black py-5 sm:my-14 sm:border-0 sm:py-0\" data-ga-click data-ga-template=\"News\" data-ga-module=\"openweb_widget\" data-ga-element=\"openweb_scroll\" data-ga-item=\"openweb_scroll_midpage\" x-cloak x-data=\"{ commentsCount: null, hasComments: false }\" x-init=\"commentsCount = await window.openweb.getMessagesCount(1850502343);\n     hasComments = commentsCount !== null &amp;&amp; commentsCount &gt; 0\"><\/p>\n<div class=\"absolute top-1\/2 hidden w-full -translate-y-1\/2 border-t-(1.5px) border-dashed border-black sm:block\"><\/div>\n<div class=\"relative flex justify-center\">\n<div class=\"flex max-w-max items-center gap-x-3 bg-white px-5\">\n<div class=\"relative\">\n                <span class=\"absolute left-1\/2 top-1\/2 -translate-x-1\/2 -translate-y-1\/2 font-akshar text-sm font-medium text-black\" x-show=\"hasComments\" x-text=\"commentsCount\"><\/span><\/p>\n<p>                <svg class=\"h-8 w-8 text-black\">\n                    <use href=\"http:\/\/lifehacker.com\/images\/icons\/spritemap.svg#sprite-chat-bubble\"><\/use>\n                <\/svg>\n            <\/div>\n<p>            <span class=\"text-sm font-medium text-black\"><\/p>\n<p>                Que pensez-vous jusqu&rsquo;\u00e0 pr\u00e9sent?<br \/>\n                <button class=\"font-semibold text-brand-green underline hover:text-brand-green-700\" onclick=\"window.openweb.scrollToComments('1850502343')\" x-text=\"hasComments ? 'Post a comment.' : 'Be the first to post a comment.'\"><\/button><br \/>\n            <\/span>\n        <\/div>\n<\/p><\/div>\n<\/div>\n<ul>\n<li>\n<p>Un pot d&rsquo;auto-arrosage<\/p>\n<\/li>\n<li>\n<p>Terre de rempotage bien drain\u00e9<\/p>\n<\/li>\n<li>\n<p>Une r\u00e2pe oroshigane<\/p>\n<\/li>\n<\/ul>\n<hr>\n<p>Une de mes plantes \u00e9tait d\u00e9finitivement un peu en avance sur les autres, donc j&rsquo;ai d\u00e9poussi\u00e9r\u00e9 le haut de la racine et j&rsquo;ai trouv\u00e9 que c&rsquo;\u00e9tait \u00e0 peu pr\u00e8s la taille que les racines que j&rsquo;ai achet\u00e9es dans les magasins. Certes, j&rsquo;\u00e9tais un peu d\u00e9sol\u00e9 de le voir partir.<\/p>\n<p>Mais pas si d\u00e9sol\u00e9. <\/p>\n<h2 id=\"preparing-wasabi-root\">Pr\u00e9parer la racine du wasabi<\/h2>\n<p>Une fois que vous avez r\u00e9colt\u00e9 votre racine, vous verrez qu&rsquo;il y en a trois parties: la racine elle-m\u00eame, qui aura des ramifications qui en d\u00e9coulent, les tiges et les feuilles \u00e0 la fin des tiges. Si vous allez essayer de le replanter, divisez la plante verticalement, directement \u00e0 travers la racine elle-m\u00eame. Gardez une partie de celui-ci, replant le reste. <\/p>\n<p>Maintenant, lavez tout, les tiges, les feuilles et la racine. Coupez les tiges de la racine et mettez-les de c\u00f4t\u00e9. Pour pr\u00e9parer la racine elle-m\u00eame, vous le pelage, exposant la chair. Ensuite, vous allez le r\u00e2per. La p\u00e2te de wasabi est \u00e0 son apog\u00e9e dix minutes apr\u00e8s le r\u00e9seau, donc le temps. Il y a des raceurs de wasabi, appel\u00e9s Oroshigane, qui, comme les grappes de gingembre, s\u00e9parent le d\u00e9lire de la pulpe, entra\u00eenant une p\u00e2te. <\/p>\n<p>S\u00e9cher les feuilles et les tiges et les couper rugueuses en morceaux de \u00bc de pouce, un gros d\u00e9s, si vous voulez. Mettez-les dans un bocal, un sac ou un r\u00e9cipient et recouvrez-les de sauce de soja. Ce m\u00e9lange peut s&rsquo;asseoir sur le comptoir pendant qu&rsquo;il marine; Je le laisse g\u00e9n\u00e9ralement l\u00e0-dedans pendant la nuit. <\/p>\n<p>\u00c9goutter les feuilles et les tiges, mais \u00e9conomisez la sauce de soja, qui sera un peu \u00e9pic\u00e9e et tr\u00e8s d\u00e9licieuse. Prenez votre racine de wasabi r\u00e2p\u00e9e et m\u00e9langez-la avec les feuilles et les tiges imbib\u00e9es de soja en parties \u00e9gales. Je prends un peu plus loin et mette le m\u00e9lange sur une planche \u00e0 d\u00e9couper et je coupe tout ensemble pour vraiment bien m\u00e9langer. Ensuite, tout le m\u00e9lange est pr\u00eat \u00e0 manger. Wasabi n&rsquo;a pas vraiment beaucoup de dur\u00e9e de conservation une fois qu&rsquo;il a \u00e9t\u00e9 r\u00e2p\u00e9, alors ne faites que la m\u00eame chose que vous mangerez dans cette s\u00e9ance. Si vous \u00eates comme moi, cependant, ce sera beaucoup.<\/p>\n","protected":false},"excerpt":{"rendered":"<p>Le wasabi r\u00e9el et non transform\u00e9 est pris\u00e9 pour son go\u00fbt frais, son manque d&rsquo;amertume et sa nettet\u00e9 unique. Le Wasabi la plupart d&rsquo;entre nous<\/p>\n","protected":false},"author":1,"featured_media":7232,"comment_status":"","ping_status":"","sticky":false,"template":"","format":"standard","meta":{"footnotes":""},"categories":[40],"tags":[1254,5921,3597,5339,110,6768],"class_list":["post-7231","post","type-post","status-publish","format-standard","has-post-thumbnail","hentry","category-maison","tag-comme","tag-cultiver","tag-dinterieur","tag-plante","tag-une","tag-wasabi","generate-columns","tablet-grid-50","mobile-grid-100","grid-parent","grid-33"],"yoast_head":"<!-- This site is optimized with the Yoast SEO plugin v24.0 - https:\/\/yoast.com\/wordpress\/plugins\/seo\/ -->\n<title>Cultiver du wasabi comme une plante d&#039;int\u00e9rieur | Vie Associative<\/title>\n<meta name=\"robots\" content=\"index, follow, max-snippet:-1, max-image-preview:large, max-video-preview:-1\" \/>\n<link rel=\"canonical\" href=\"https:\/\/vieassociative.be\/actualites\/cultiver-du-wasabi-comme-une-plante-dinterieur\/\" \/>\n<meta property=\"og:locale\" content=\"fr_FR\" \/>\n<meta property=\"og:type\" content=\"article\" \/>\n<meta property=\"og:title\" content=\"Cultiver du wasabi comme une plante d&#039;int\u00e9rieur | Vie Associative\" \/>\n<meta property=\"og:description\" content=\"Le wasabi r\u00e9el et non transform\u00e9 est pris\u00e9 pour son go\u00fbt frais, son manque d&rsquo;amertume et sa nettet\u00e9 unique. Le Wasabi la plupart d&rsquo;entre nous\" \/>\n<meta property=\"og:url\" content=\"https:\/\/vieassociative.be\/actualites\/cultiver-du-wasabi-comme-une-plante-dinterieur\/\" \/>\n<meta property=\"og:site_name\" content=\"Vie Associative\" \/>\n<meta property=\"article:published_time\" content=\"2025-05-02T16:17:20+00:00\" \/>\n<meta property=\"og:image\" content=\"https:\/\/vieassociative.be\/actualites\/wp-content\/uploads\/2024\/09\/header_backgroundk-01-e1726694325946.png\" \/>\n\t<meta property=\"og:image:width\" content=\"279\" \/>\n\t<meta property=\"og:image:height\" content=\"92\" \/>\n\t<meta property=\"og:image:type\" content=\"image\/png\" \/>\n<meta name=\"author\" content=\"Julien\" \/>\n<meta name=\"twitter:card\" content=\"summary_large_image\" \/>\n<meta name=\"twitter:label1\" content=\"\u00c9crit par\" \/>\n\t<meta name=\"twitter:data1\" content=\"Julien\" \/>\n\t<meta name=\"twitter:label2\" content=\"Dur\u00e9e de lecture est.\" \/>\n\t<meta name=\"twitter:data2\" content=\"6 minutes\" \/>\n<script type=\"application\/ld+json\" class=\"yoast-schema-graph\">{\"@context\":\"https:\/\/schema.org\",\"@graph\":[{\"@type\":\"Article\",\"@id\":\"https:\/\/vieassociative.be\/actualites\/cultiver-du-wasabi-comme-une-plante-dinterieur\/#article\",\"isPartOf\":{\"@id\":\"https:\/\/vieassociative.be\/actualites\/cultiver-du-wasabi-comme-une-plante-dinterieur\/\"},\"author\":{\"name\":\"Julien\",\"@id\":\"https:\/\/vieassociative.be\/actualites\/#\/schema\/person\/b87ac4f82f9d4e7b7cec7395b679edc4\"},\"headline\":\"Cultiver du wasabi comme une plante d&rsquo;int\u00e9rieur\",\"datePublished\":\"2025-05-02T16:17:20+00:00\",\"dateModified\":\"2025-05-02T16:17:20+00:00\",\"mainEntityOfPage\":{\"@id\":\"https:\/\/vieassociative.be\/actualites\/cultiver-du-wasabi-comme-une-plante-dinterieur\/\"},\"wordCount\":1189,\"publisher\":{\"@id\":\"https:\/\/vieassociative.be\/actualites\/#organization\"},\"image\":{\"@id\":\"https:\/\/vieassociative.be\/actualites\/cultiver-du-wasabi-comme-une-plante-dinterieur\/#primaryimage\"},\"thumbnailUrl\":\"https:\/\/vieassociative.be\/actualites\/wp-content\/uploads\/2025\/05\/Cultiver-du-wasabi-comme-une-plante-dinterieur.jpg\",\"keywords\":[\"comme\",\"cultiver\",\"dint\u00e9rieur\",\"plante\",\"une\",\"wasabi\"],\"articleSection\":[\"Maison\"],\"inLanguage\":\"fr-BE\"},{\"@type\":\"WebPage\",\"@id\":\"https:\/\/vieassociative.be\/actualites\/cultiver-du-wasabi-comme-une-plante-dinterieur\/\",\"url\":\"https:\/\/vieassociative.be\/actualites\/cultiver-du-wasabi-comme-une-plante-dinterieur\/\",\"name\":\"Cultiver du wasabi comme une plante d'int\u00e9rieur | Vie Associative\",\"isPartOf\":{\"@id\":\"https:\/\/vieassociative.be\/actualites\/#website\"},\"primaryImageOfPage\":{\"@id\":\"https:\/\/vieassociative.be\/actualites\/cultiver-du-wasabi-comme-une-plante-dinterieur\/#primaryimage\"},\"image\":{\"@id\":\"https:\/\/vieassociative.be\/actualites\/cultiver-du-wasabi-comme-une-plante-dinterieur\/#primaryimage\"},\"thumbnailUrl\":\"https:\/\/vieassociative.be\/actualites\/wp-content\/uploads\/2025\/05\/Cultiver-du-wasabi-comme-une-plante-dinterieur.jpg\",\"datePublished\":\"2025-05-02T16:17:20+00:00\",\"dateModified\":\"2025-05-02T16:17:20+00:00\",\"breadcrumb\":{\"@id\":\"https:\/\/vieassociative.be\/actualites\/cultiver-du-wasabi-comme-une-plante-dinterieur\/#breadcrumb\"},\"inLanguage\":\"fr-BE\",\"potentialAction\":[{\"@type\":\"ReadAction\",\"target\":[\"https:\/\/vieassociative.be\/actualites\/cultiver-du-wasabi-comme-une-plante-dinterieur\/\"]}]},{\"@type\":\"ImageObject\",\"inLanguage\":\"fr-BE\",\"@id\":\"https:\/\/vieassociative.be\/actualites\/cultiver-du-wasabi-comme-une-plante-dinterieur\/#primaryimage\",\"url\":\"https:\/\/vieassociative.be\/actualites\/wp-content\/uploads\/2025\/05\/Cultiver-du-wasabi-comme-une-plante-dinterieur.jpg\",\"contentUrl\":\"https:\/\/vieassociative.be\/actualites\/wp-content\/uploads\/2025\/05\/Cultiver-du-wasabi-comme-une-plante-dinterieur.jpg\",\"width\":1200,\"height\":675,\"caption\":\"Cultiver du wasabi comme une plante d'int\u00e9rieur\"},{\"@type\":\"BreadcrumbList\",\"@id\":\"https:\/\/vieassociative.be\/actualites\/cultiver-du-wasabi-comme-une-plante-dinterieur\/#breadcrumb\",\"itemListElement\":[{\"@type\":\"ListItem\",\"position\":1,\"name\":\"Accueil\",\"item\":\"https:\/\/vieassociative.be\/actualites\/\"},{\"@type\":\"ListItem\",\"position\":2,\"name\":\"Cultiver du wasabi comme une plante d&rsquo;int\u00e9rieur\"}]},{\"@type\":\"WebSite\",\"@id\":\"https:\/\/vieassociative.be\/actualites\/#website\",\"url\":\"https:\/\/vieassociative.be\/actualites\/\",\"name\":\"Vie Associative\",\"description\":\"\",\"publisher\":{\"@id\":\"https:\/\/vieassociative.be\/actualites\/#organization\"},\"potentialAction\":[{\"@type\":\"SearchAction\",\"target\":{\"@type\":\"EntryPoint\",\"urlTemplate\":\"https:\/\/vieassociative.be\/actualites\/?s={search_term_string}\"},\"query-input\":{\"@type\":\"PropertyValueSpecification\",\"valueRequired\":true,\"valueName\":\"search_term_string\"}}],\"inLanguage\":\"fr-BE\"},{\"@type\":\"Organization\",\"@id\":\"https:\/\/vieassociative.be\/actualites\/#organization\",\"name\":\"Vie Associative\",\"url\":\"https:\/\/vieassociative.be\/actualites\/\",\"logo\":{\"@type\":\"ImageObject\",\"inLanguage\":\"fr-BE\",\"@id\":\"https:\/\/vieassociative.be\/actualites\/#\/schema\/logo\/image\/\",\"url\":\"https:\/\/vieassociative.be\/actualites\/wp-content\/uploads\/2024\/09\/cropped-vieassociative_favicon.ico.png\",\"contentUrl\":\"https:\/\/vieassociative.be\/actualites\/wp-content\/uploads\/2024\/09\/cropped-vieassociative_favicon.ico.png\",\"width\":512,\"height\":512,\"caption\":\"Vie Associative\"},\"image\":{\"@id\":\"https:\/\/vieassociative.be\/actualites\/#\/schema\/logo\/image\/\"}},{\"@type\":\"Person\",\"@id\":\"https:\/\/vieassociative.be\/actualites\/#\/schema\/person\/b87ac4f82f9d4e7b7cec7395b679edc4\",\"name\":\"Julien\",\"image\":{\"@type\":\"ImageObject\",\"inLanguage\":\"fr-BE\",\"@id\":\"https:\/\/vieassociative.be\/actualites\/#\/schema\/person\/image\/\",\"url\":\"https:\/\/vieassociative.be\/actualites\/wp-content\/uploads\/2024\/09\/vie-associative-1-150x150.jpg\",\"contentUrl\":\"https:\/\/vieassociative.be\/actualites\/wp-content\/uploads\/2024\/09\/vie-associative-1-150x150.jpg\",\"caption\":\"Julien\"},\"description\":\"Je suis Julien, r\u00e9dacteur pour Vie Associative. Passionn\u00e9 par le monde associatif depuis plus de 10 ans, j'ai \u00e0 c\u0153ur de partager des histoires inspirantes et de mettre en lumi\u00e8re les initiatives locales. Mon objectif est de sensibiliser et d'encourager l'engagement communautaire \u00e0 travers mes articles.\",\"sameAs\":[\"https:\/\/vieassociative.be\/\"]}]}<\/script>\n<!-- \/ Yoast SEO plugin. -->","yoast_head_json":{"title":"Cultiver du wasabi comme une plante d'int\u00e9rieur | Vie Associative","robots":{"index":"index","follow":"follow","max-snippet":"max-snippet:-1","max-image-preview":"max-image-preview:large","max-video-preview":"max-video-preview:-1"},"canonical":"https:\/\/vieassociative.be\/actualites\/cultiver-du-wasabi-comme-une-plante-dinterieur\/","og_locale":"fr_FR","og_type":"article","og_title":"Cultiver du wasabi comme une plante d'int\u00e9rieur | Vie Associative","og_description":"Le wasabi r\u00e9el et non transform\u00e9 est pris\u00e9 pour son go\u00fbt frais, son manque d&rsquo;amertume et sa nettet\u00e9 unique. Le Wasabi la plupart d&rsquo;entre nous","og_url":"https:\/\/vieassociative.be\/actualites\/cultiver-du-wasabi-comme-une-plante-dinterieur\/","og_site_name":"Vie Associative","article_published_time":"2025-05-02T16:17:20+00:00","og_image":[{"width":279,"height":92,"url":"https:\/\/vieassociative.be\/actualites\/wp-content\/uploads\/2024\/09\/header_backgroundk-01-e1726694325946.png","type":"image\/png"}],"author":"Julien","twitter_card":"summary_large_image","twitter_misc":{"\u00c9crit par":"Julien","Dur\u00e9e de lecture est.":"6 minutes"},"schema":{"@context":"https:\/\/schema.org","@graph":[{"@type":"Article","@id":"https:\/\/vieassociative.be\/actualites\/cultiver-du-wasabi-comme-une-plante-dinterieur\/#article","isPartOf":{"@id":"https:\/\/vieassociative.be\/actualites\/cultiver-du-wasabi-comme-une-plante-dinterieur\/"},"author":{"name":"Julien","@id":"https:\/\/vieassociative.be\/actualites\/#\/schema\/person\/b87ac4f82f9d4e7b7cec7395b679edc4"},"headline":"Cultiver du wasabi comme une plante d&rsquo;int\u00e9rieur","datePublished":"2025-05-02T16:17:20+00:00","dateModified":"2025-05-02T16:17:20+00:00","mainEntityOfPage":{"@id":"https:\/\/vieassociative.be\/actualites\/cultiver-du-wasabi-comme-une-plante-dinterieur\/"},"wordCount":1189,"publisher":{"@id":"https:\/\/vieassociative.be\/actualites\/#organization"},"image":{"@id":"https:\/\/vieassociative.be\/actualites\/cultiver-du-wasabi-comme-une-plante-dinterieur\/#primaryimage"},"thumbnailUrl":"https:\/\/vieassociative.be\/actualites\/wp-content\/uploads\/2025\/05\/Cultiver-du-wasabi-comme-une-plante-dinterieur.jpg","keywords":["comme","cultiver","dint\u00e9rieur","plante","une","wasabi"],"articleSection":["Maison"],"inLanguage":"fr-BE"},{"@type":"WebPage","@id":"https:\/\/vieassociative.be\/actualites\/cultiver-du-wasabi-comme-une-plante-dinterieur\/","url":"https:\/\/vieassociative.be\/actualites\/cultiver-du-wasabi-comme-une-plante-dinterieur\/","name":"Cultiver du wasabi comme une plante d'int\u00e9rieur | Vie Associative","isPartOf":{"@id":"https:\/\/vieassociative.be\/actualites\/#website"},"primaryImageOfPage":{"@id":"https:\/\/vieassociative.be\/actualites\/cultiver-du-wasabi-comme-une-plante-dinterieur\/#primaryimage"},"image":{"@id":"https:\/\/vieassociative.be\/actualites\/cultiver-du-wasabi-comme-une-plante-dinterieur\/#primaryimage"},"thumbnailUrl":"https:\/\/vieassociative.be\/actualites\/wp-content\/uploads\/2025\/05\/Cultiver-du-wasabi-comme-une-plante-dinterieur.jpg","datePublished":"2025-05-02T16:17:20+00:00","dateModified":"2025-05-02T16:17:20+00:00","breadcrumb":{"@id":"https:\/\/vieassociative.be\/actualites\/cultiver-du-wasabi-comme-une-plante-dinterieur\/#breadcrumb"},"inLanguage":"fr-BE","potentialAction":[{"@type":"ReadAction","target":["https:\/\/vieassociative.be\/actualites\/cultiver-du-wasabi-comme-une-plante-dinterieur\/"]}]},{"@type":"ImageObject","inLanguage":"fr-BE","@id":"https:\/\/vieassociative.be\/actualites\/cultiver-du-wasabi-comme-une-plante-dinterieur\/#primaryimage","url":"https:\/\/vieassociative.be\/actualites\/wp-content\/uploads\/2025\/05\/Cultiver-du-wasabi-comme-une-plante-dinterieur.jpg","contentUrl":"https:\/\/vieassociative.be\/actualites\/wp-content\/uploads\/2025\/05\/Cultiver-du-wasabi-comme-une-plante-dinterieur.jpg","width":1200,"height":675,"caption":"Cultiver du wasabi comme une plante d'int\u00e9rieur"},{"@type":"BreadcrumbList","@id":"https:\/\/vieassociative.be\/actualites\/cultiver-du-wasabi-comme-une-plante-dinterieur\/#breadcrumb","itemListElement":[{"@type":"ListItem","position":1,"name":"Accueil","item":"https:\/\/vieassociative.be\/actualites\/"},{"@type":"ListItem","position":2,"name":"Cultiver du wasabi comme une plante d&rsquo;int\u00e9rieur"}]},{"@type":"WebSite","@id":"https:\/\/vieassociative.be\/actualites\/#website","url":"https:\/\/vieassociative.be\/actualites\/","name":"Vie Associative","description":"","publisher":{"@id":"https:\/\/vieassociative.be\/actualites\/#organization"},"potentialAction":[{"@type":"SearchAction","target":{"@type":"EntryPoint","urlTemplate":"https:\/\/vieassociative.be\/actualites\/?s={search_term_string}"},"query-input":{"@type":"PropertyValueSpecification","valueRequired":true,"valueName":"search_term_string"}}],"inLanguage":"fr-BE"},{"@type":"Organization","@id":"https:\/\/vieassociative.be\/actualites\/#organization","name":"Vie Associative","url":"https:\/\/vieassociative.be\/actualites\/","logo":{"@type":"ImageObject","inLanguage":"fr-BE","@id":"https:\/\/vieassociative.be\/actualites\/#\/schema\/logo\/image\/","url":"https:\/\/vieassociative.be\/actualites\/wp-content\/uploads\/2024\/09\/cropped-vieassociative_favicon.ico.png","contentUrl":"https:\/\/vieassociative.be\/actualites\/wp-content\/uploads\/2024\/09\/cropped-vieassociative_favicon.ico.png","width":512,"height":512,"caption":"Vie Associative"},"image":{"@id":"https:\/\/vieassociative.be\/actualites\/#\/schema\/logo\/image\/"}},{"@type":"Person","@id":"https:\/\/vieassociative.be\/actualites\/#\/schema\/person\/b87ac4f82f9d4e7b7cec7395b679edc4","name":"Julien","image":{"@type":"ImageObject","inLanguage":"fr-BE","@id":"https:\/\/vieassociative.be\/actualites\/#\/schema\/person\/image\/","url":"https:\/\/vieassociative.be\/actualites\/wp-content\/uploads\/2024\/09\/vie-associative-1-150x150.jpg","contentUrl":"https:\/\/vieassociative.be\/actualites\/wp-content\/uploads\/2024\/09\/vie-associative-1-150x150.jpg","caption":"Julien"},"description":"Je suis Julien, r\u00e9dacteur pour Vie Associative. Passionn\u00e9 par le monde associatif depuis plus de 10 ans, j'ai \u00e0 c\u0153ur de partager des histoires inspirantes et de mettre en lumi\u00e8re les initiatives locales. Mon objectif est de sensibiliser et d'encourager l'engagement communautaire \u00e0 travers mes articles.","sameAs":["https:\/\/vieassociative.be\/"]}]}},"_links":{"self":[{"href":"https:\/\/vieassociative.be\/actualites\/wp-json\/wp\/v2\/posts\/7231"}],"collection":[{"href":"https:\/\/vieassociative.be\/actualites\/wp-json\/wp\/v2\/posts"}],"about":[{"href":"https:\/\/vieassociative.be\/actualites\/wp-json\/wp\/v2\/types\/post"}],"author":[{"embeddable":true,"href":"https:\/\/vieassociative.be\/actualites\/wp-json\/wp\/v2\/users\/1"}],"replies":[{"embeddable":true,"href":"https:\/\/vieassociative.be\/actualites\/wp-json\/wp\/v2\/comments?post=7231"}],"version-history":[{"count":0,"href":"https:\/\/vieassociative.be\/actualites\/wp-json\/wp\/v2\/posts\/7231\/revisions"}],"wp:featuredmedia":[{"embeddable":true,"href":"https:\/\/vieassociative.be\/actualites\/wp-json\/wp\/v2\/media\/7232"}],"wp:attachment":[{"href":"https:\/\/vieassociative.be\/actualites\/wp-json\/wp\/v2\/media?parent=7231"}],"wp:term":[{"taxonomy":"category","embeddable":true,"href":"https:\/\/vieassociative.be\/actualites\/wp-json\/wp\/v2\/categories?post=7231"},{"taxonomy":"post_tag","embeddable":true,"href":"https:\/\/vieassociative.be\/actualites\/wp-json\/wp\/v2\/tags?post=7231"}],"curies":[{"name":"wp","href":"https:\/\/api.w.org\/{rel}","templated":true}]}}