{"id":723,"date":"2024-10-01T11:27:16","date_gmt":"2024-10-01T09:27:16","guid":{"rendered":"https:\/\/vieassociative.be\/actualites\/comment-aider-les-enfants-sensibles-aux-vetements-a-gerer-leur-inconfort\/"},"modified":"2024-10-01T11:27:16","modified_gmt":"2024-10-01T09:27:16","slug":"comment-aider-les-enfants-sensibles-aux-vetements-a-gerer-leur-inconfort","status":"publish","type":"post","link":"https:\/\/vieassociative.be\/actualites\/comment-aider-les-enfants-sensibles-aux-vetements-a-gerer-leur-inconfort\/","title":{"rendered":"Comment aider les enfants sensibles aux v\u00eatements \u00e0 g\u00e9rer leur inconfort"},"content":{"rendered":"<div class=\"mt-4 leading-6 md:mb-8\">Si votre enfant est tr\u00e8s sensible aux \u00e9tiquettes et aux coutures, vous pouvez l&rsquo;aider de diff\u00e9rentes mani\u00e8res.<\/div>\n<p><\/p>\n<p>Il est courant que les enfants refusent de changer de v\u00eatements : ils sont notoirement t\u00eatus. Cependant, pour certains enfants, la sensibilit\u00e9 vestimentaire peut \u00eatre un v\u00e9ritable d\u00e9fi, allant de l&rsquo;inconfort d\u00fb aux tissus, coutures et \u00e9tiquettes durs jusqu&rsquo;au port extr\u00eame d&rsquo;un seul v\u00eatement par jour, comme un t-shirt ou un cale\u00e7on. Ces probl\u00e8mes peuvent coexister avec d\u2019autres probl\u00e8mes sensoriels, tels que l\u2019aversion pour des textures et des temp\u00e9ratures particuli\u00e8res, un toucher inattendu ou une sensibilit\u00e9 au bruit.<\/p>\n<p>\u00ab\u00a0Les voies nerveuses protectrices m\u00e8nent au cerveau et vous alertent du danger\u00a0\u00bb, explique Lindsey Biel, ergoth\u00e9rapeute et co-auteur de <em>\u00c9lever un enfant sensoriel intelligent<\/em>. \u00ab\u00a0C&rsquo;est comme si vous sentiez un moustique et que vous alliez rapidement l&rsquo;\u00e9craser, avec un peu de chance avant d&rsquo;\u00eatre piqu\u00e9. Mais le volume (de ce signal) est trop \u00e9lev\u00e9 pour certains enfants, alors une jolie chemise douce qui effleure l\u00e9g\u00e8rement votre la peau d\u00e9clenche des r\u00e9ponses protectrices comme si elle \u00e9tait mena\u00e7ante ou dangereuse.<\/p>\n<p>Ces sensations peuvent \u00eatre accentu\u00e9es en hiver lorsque la peau devient plus s\u00e8che et plus sensible, entra\u00eenant chez les enfants une sensation d&rsquo;inconfort et, dans certains cas, un refus de s&rsquo;habiller. Si votre enfant \u00e9prouve une sensibilit\u00e9 aux v\u00eatements, voici quelques mesures que vous pouvez prendre pour l&rsquo;aider \u00e0 la g\u00e9rer. <\/p>\n<h2 id=\"find-out-what-triggers-your-child\">D\u00e9couvrez ce qui d\u00e9clenche votre enfant<\/h2>\n<p>Pour ceux qui ont des probl\u00e8mes de traitement sensoriel, la sensation de leurs v\u00eatements peut \u00eatre une distraction constante, ce qui rend difficile pour les parents de d\u00e9cider de la meilleure fa\u00e7on de s&rsquo;adapter \u00e0 la sensibilit\u00e9 vestimentaire de leur enfant. <\/p>\n<p>Essayez d&rsquo;identifier ce qui pourrait d\u00e9clencher la sensibilit\u00e9 de votre enfant. N&rsquo;aiment-ils pas se s\u00e9cher avec une serviette apr\u00e8s le bain ? Evitent-ils les v\u00eatements amples ? Bienne recommande d&rsquo;utiliser cette liste de contr\u00f4le pour vous aider \u00e0 d\u00e9terminer ce qui active les sympt\u00f4mes de votre enfant.<\/p>\n<h2 id=\"change-their-wardrobe\">Changer sa garde-robe<\/h2>\n<p>Les sensibilit\u00e9s vestimentaires peuvent \u00eatre caus\u00e9es par les tissus ou les accessoires, il peut donc \u00eatre n\u00e9cessaire de trouver d&rsquo;autres options. Biel recommande d&rsquo;\u00e9viter les tissus synth\u00e9tiques et les v\u00eatements comportant de nombreuses coutures, fermetures \u00e9clair et \u00e9tiquettes qui d\u00e9mangent. Demandez \u00e0 votre enfant de porter des tissus enti\u00e8rement naturels, \u00e0 l&rsquo;exception de la laine, car cela peut provoquer des d\u00e9mangeaisons.<\/p>\n<p>\u00ab\u00a0N&rsquo;ayez que des v\u00eatements acceptables dans leurs tiroirs\u00a0\u00bb, explique Biel. \u00ab\u00a0S&rsquo;il y a une marque de chemise que votre enfant aime, allez en acheter des multiples.\u00a0\u00bb<\/p>\n<p>D&rsquo;autres options incluent des gilets lest\u00e9s et des v\u00eatements de compression pour aider les enfants \u00e0 s&rsquo;autor\u00e9guler. Il existe plusieurs endroits sur Internet o\u00f9 vous pouvez commander des v\u00eatements sensoriels adapt\u00e9s aux besoins de votre enfant.<\/p>\n<h2 id=\"wash-and-moisturize\">Laver et hydrater<\/h2>\n<p>La fa\u00e7on dont vous lavez les v\u00eatements de votre enfant peut \u00e9galement exacerber sa sensibilit\u00e9. Certains assouplissants laissent des r\u00e9sidus sur les v\u00eatements. \u00c9vitez les d\u00e9tergents contenant des parfums et des colorants et r\u00e9fl\u00e9chissez aux savons que vous utilisez qui peuvent d\u00e9clencher des affections telles que l&rsquo;ecz\u00e9ma. Massez des produits hydratants sur la peau de votre enfant en hiver, car elle peut devenir s\u00e8che et particuli\u00e8rement sensible pendant les mois froids.<\/p>\n<p>\u00ab\u00a0L&rsquo;ajout d&rsquo;huiles grasses b\u00e9n\u00e9fiques comme l&rsquo;huile d&rsquo;olive et l&rsquo;huile de noix de coco pour la cuisine aidera \u00e0 hydrater la peau de l&rsquo;int\u00e9rieur\u00a0\u00bb, explique Biel.<\/p>\n<h2 id=\"desensitize-your-child\">D\u00e9sensibilisez votre enfant<\/h2>\n<p>Lorsque vous introduisez de nouveaux articles dans leur garde-robe, laissez vos enfants toucher et tenir les v\u00eatements avant de les porter. Cela leur permet de s\u2019y habituer progressivement.<\/p>\n<p>Si votre fils ou votre fille est trop stimul\u00e9 par ses v\u00eatements ou d&rsquo;autres objets, Bienne propose plusieurs activit\u00e9s que vous pouvez essayer pour les d\u00e9sensibiliser\u00a0:<\/p>\n<ul>\n<li>\n<p>Remplissez un grand r\u00e9cipient en plastique de haricots et de riz sec non cuit et permettez \u00e0 votre enfant de l&rsquo;utiliser comme un bac \u00e0 sable. Cela peut d\u00e9sensibiliser leurs pieds et leurs mains.<\/p>\n<\/li>\n<li>\n<p>La plupart des enfants sensibles aux v\u00eatements r\u00e9agissent \u00e0 une pression profonde. Vous pouvez cr\u00e9er un sandwich avec un oreiller ou des coussins comme pain et votre enfant comme beurre de cacahu\u00e8te.<\/p>\n<\/li>\n<li>\n<p>De la m\u00eame mani\u00e8re, vous pouvez emmailloter votre enfant dans une couverture comme un burrito. <\/p>\n<\/li>\n<li>\n<p>Il existe \u00e9galement des jouets lest\u00e9s et d\u2019autres objets qui peuvent aider \u00e0 calmer votre enfant.<\/p>\n<\/li>\n<\/ul>\n<h2 id=\"if-all-else-fails-seek-professional-help\">Si tout le reste \u00e9choue, demandez l\u2019aide d\u2019un professionnel<\/h2>\n<p>Si vos tentatives pour r\u00e9pondre \u00e0 la sensibilit\u00e9 vestimentaire de votre enfant n&rsquo;ont pas donn\u00e9 de r\u00e9sultats, il est peut-\u00eatre temps de consulter un p\u00e9diatre ou un ergoth\u00e9rapeute. Ils peuvent travailler avec vous pour vous aider \u00e0 comprendre pourquoi votre enfant est sensible aux v\u00eatements et travailler sur tout probl\u00e8me plus grave.<\/p>\n<p>Selon Biel, \u00ab\u00a0Vous ne pouvez pas rem\u00e9dier au comportement tant que vous n&rsquo;avez pas compris ce qui motive ce comportement.\u00a0\u00bb<\/p>\n","protected":false},"excerpt":{"rendered":"<p>Si votre enfant est tr\u00e8s sensible aux \u00e9tiquettes et aux coutures, vous pouvez l&rsquo;aider de diff\u00e9rentes mani\u00e8res. Il est courant que les enfants refusent de<\/p>\n","protected":false},"author":1,"featured_media":724,"comment_status":"","ping_status":"","sticky":false,"template":"","format":"standard","meta":{"footnotes":""},"categories":[37],"tags":[294,289,44,324,109,1157,14,958,1155,1156],"class_list":["post-723","post","type-post","status-publish","format-standard","has-post-thumbnail","hentry","category-famille","tag-aider","tag-aux","tag-comment","tag-enfants","tag-gerer","tag-inconfort","tag-les","tag-leur","tag-sensibles","tag-vetements","generate-columns","tablet-grid-50","mobile-grid-100","grid-parent","grid-33"],"yoast_head":"<!-- This site is optimized with the Yoast SEO plugin v24.0 - https:\/\/yoast.com\/wordpress\/plugins\/seo\/ -->\n<title>Comment aider les enfants sensibles aux v\u00eatements \u00e0 g\u00e9rer leur inconfort | Vie Associative<\/title>\n<meta name=\"robots\" content=\"index, follow, max-snippet:-1, max-image-preview:large, max-video-preview:-1\" \/>\n<link rel=\"canonical\" href=\"https:\/\/vieassociative.be\/actualites\/comment-aider-les-enfants-sensibles-aux-vetements-a-gerer-leur-inconfort\/\" \/>\n<meta property=\"og:locale\" content=\"fr_FR\" \/>\n<meta property=\"og:type\" content=\"article\" \/>\n<meta property=\"og:title\" content=\"Comment aider les enfants sensibles aux v\u00eatements \u00e0 g\u00e9rer leur inconfort | Vie Associative\" \/>\n<meta property=\"og:description\" content=\"Si votre enfant est tr\u00e8s sensible aux \u00e9tiquettes et aux coutures, vous pouvez l&rsquo;aider de diff\u00e9rentes mani\u00e8res. Il est courant que les enfants refusent de\" \/>\n<meta property=\"og:url\" content=\"https:\/\/vieassociative.be\/actualites\/comment-aider-les-enfants-sensibles-aux-vetements-a-gerer-leur-inconfort\/\" \/>\n<meta property=\"og:site_name\" content=\"Vie Associative\" \/>\n<meta property=\"article:published_time\" content=\"2024-10-01T09:27:16+00:00\" \/>\n<meta property=\"og:image\" content=\"https:\/\/vieassociative.be\/actualites\/wp-content\/uploads\/2024\/09\/header_backgroundk-01-e1726694325946.png\" \/>\n\t<meta property=\"og:image:width\" content=\"279\" \/>\n\t<meta property=\"og:image:height\" content=\"92\" \/>\n\t<meta property=\"og:image:type\" content=\"image\/png\" \/>\n<meta name=\"author\" content=\"Julien\" \/>\n<meta name=\"twitter:card\" content=\"summary_large_image\" \/>\n<meta name=\"twitter:label1\" content=\"\u00c9crit par\" \/>\n\t<meta name=\"twitter:data1\" content=\"Julien\" \/>\n\t<meta name=\"twitter:label2\" content=\"Dur\u00e9e de lecture est.\" \/>\n\t<meta name=\"twitter:data2\" content=\"4 minutes\" \/>\n<script type=\"application\/ld+json\" class=\"yoast-schema-graph\">{\"@context\":\"https:\/\/schema.org\",\"@graph\":[{\"@type\":\"Article\",\"@id\":\"https:\/\/vieassociative.be\/actualites\/comment-aider-les-enfants-sensibles-aux-vetements-a-gerer-leur-inconfort\/#article\",\"isPartOf\":{\"@id\":\"https:\/\/vieassociative.be\/actualites\/comment-aider-les-enfants-sensibles-aux-vetements-a-gerer-leur-inconfort\/\"},\"author\":{\"name\":\"Julien\",\"@id\":\"https:\/\/vieassociative.be\/actualites\/#\/schema\/person\/b87ac4f82f9d4e7b7cec7395b679edc4\"},\"headline\":\"Comment aider les enfants sensibles aux v\u00eatements \u00e0 g\u00e9rer leur inconfort\",\"datePublished\":\"2024-10-01T09:27:16+00:00\",\"dateModified\":\"2024-10-01T09:27:16+00:00\",\"mainEntityOfPage\":{\"@id\":\"https:\/\/vieassociative.be\/actualites\/comment-aider-les-enfants-sensibles-aux-vetements-a-gerer-leur-inconfort\/\"},\"wordCount\":902,\"publisher\":{\"@id\":\"https:\/\/vieassociative.be\/actualites\/#organization\"},\"image\":{\"@id\":\"https:\/\/vieassociative.be\/actualites\/comment-aider-les-enfants-sensibles-aux-vetements-a-gerer-leur-inconfort\/#primaryimage\"},\"thumbnailUrl\":\"https:\/\/vieassociative.be\/actualites\/wp-content\/uploads\/2024\/10\/Comment-aider-les-enfants-sensibles-aux-vetements-a-gerer-leur.jpg\",\"keywords\":[\"aider\",\"aux\",\"Comment\",\"enfants\",\"g\u00e9rer\",\"inconfort\",\"Les\",\"leur\",\"sensibles\",\"v\u00eatements\"],\"articleSection\":[\"Famille\"],\"inLanguage\":\"fr-BE\"},{\"@type\":\"WebPage\",\"@id\":\"https:\/\/vieassociative.be\/actualites\/comment-aider-les-enfants-sensibles-aux-vetements-a-gerer-leur-inconfort\/\",\"url\":\"https:\/\/vieassociative.be\/actualites\/comment-aider-les-enfants-sensibles-aux-vetements-a-gerer-leur-inconfort\/\",\"name\":\"Comment aider les enfants sensibles aux v\u00eatements \u00e0 g\u00e9rer leur inconfort | Vie Associative\",\"isPartOf\":{\"@id\":\"https:\/\/vieassociative.be\/actualites\/#website\"},\"primaryImageOfPage\":{\"@id\":\"https:\/\/vieassociative.be\/actualites\/comment-aider-les-enfants-sensibles-aux-vetements-a-gerer-leur-inconfort\/#primaryimage\"},\"image\":{\"@id\":\"https:\/\/vieassociative.be\/actualites\/comment-aider-les-enfants-sensibles-aux-vetements-a-gerer-leur-inconfort\/#primaryimage\"},\"thumbnailUrl\":\"https:\/\/vieassociative.be\/actualites\/wp-content\/uploads\/2024\/10\/Comment-aider-les-enfants-sensibles-aux-vetements-a-gerer-leur.jpg\",\"datePublished\":\"2024-10-01T09:27:16+00:00\",\"dateModified\":\"2024-10-01T09:27:16+00:00\",\"breadcrumb\":{\"@id\":\"https:\/\/vieassociative.be\/actualites\/comment-aider-les-enfants-sensibles-aux-vetements-a-gerer-leur-inconfort\/#breadcrumb\"},\"inLanguage\":\"fr-BE\",\"potentialAction\":[{\"@type\":\"ReadAction\",\"target\":[\"https:\/\/vieassociative.be\/actualites\/comment-aider-les-enfants-sensibles-aux-vetements-a-gerer-leur-inconfort\/\"]}]},{\"@type\":\"ImageObject\",\"inLanguage\":\"fr-BE\",\"@id\":\"https:\/\/vieassociative.be\/actualites\/comment-aider-les-enfants-sensibles-aux-vetements-a-gerer-leur-inconfort\/#primaryimage\",\"url\":\"https:\/\/vieassociative.be\/actualites\/wp-content\/uploads\/2024\/10\/Comment-aider-les-enfants-sensibles-aux-vetements-a-gerer-leur.jpg\",\"contentUrl\":\"https:\/\/vieassociative.be\/actualites\/wp-content\/uploads\/2024\/10\/Comment-aider-les-enfants-sensibles-aux-vetements-a-gerer-leur.jpg\",\"width\":1200,\"height\":675,\"caption\":\"Comment aider les enfants sensibles aux v\u00eatements \u00e0 g\u00e9rer leur inconfort\"},{\"@type\":\"BreadcrumbList\",\"@id\":\"https:\/\/vieassociative.be\/actualites\/comment-aider-les-enfants-sensibles-aux-vetements-a-gerer-leur-inconfort\/#breadcrumb\",\"itemListElement\":[{\"@type\":\"ListItem\",\"position\":1,\"name\":\"Accueil\",\"item\":\"https:\/\/vieassociative.be\/actualites\/\"},{\"@type\":\"ListItem\",\"position\":2,\"name\":\"Comment aider les enfants sensibles aux v\u00eatements \u00e0 g\u00e9rer leur inconfort\"}]},{\"@type\":\"WebSite\",\"@id\":\"https:\/\/vieassociative.be\/actualites\/#website\",\"url\":\"https:\/\/vieassociative.be\/actualites\/\",\"name\":\"Vie Associative\",\"description\":\"\",\"publisher\":{\"@id\":\"https:\/\/vieassociative.be\/actualites\/#organization\"},\"potentialAction\":[{\"@type\":\"SearchAction\",\"target\":{\"@type\":\"EntryPoint\",\"urlTemplate\":\"https:\/\/vieassociative.be\/actualites\/?s={search_term_string}\"},\"query-input\":{\"@type\":\"PropertyValueSpecification\",\"valueRequired\":true,\"valueName\":\"search_term_string\"}}],\"inLanguage\":\"fr-BE\"},{\"@type\":\"Organization\",\"@id\":\"https:\/\/vieassociative.be\/actualites\/#organization\",\"name\":\"Vie Associative\",\"url\":\"https:\/\/vieassociative.be\/actualites\/\",\"logo\":{\"@type\":\"ImageObject\",\"inLanguage\":\"fr-BE\",\"@id\":\"https:\/\/vieassociative.be\/actualites\/#\/schema\/logo\/image\/\",\"url\":\"https:\/\/vieassociative.be\/actualites\/wp-content\/uploads\/2024\/09\/cropped-vieassociative_favicon.ico.png\",\"contentUrl\":\"https:\/\/vieassociative.be\/actualites\/wp-content\/uploads\/2024\/09\/cropped-vieassociative_favicon.ico.png\",\"width\":512,\"height\":512,\"caption\":\"Vie Associative\"},\"image\":{\"@id\":\"https:\/\/vieassociative.be\/actualites\/#\/schema\/logo\/image\/\"}},{\"@type\":\"Person\",\"@id\":\"https:\/\/vieassociative.be\/actualites\/#\/schema\/person\/b87ac4f82f9d4e7b7cec7395b679edc4\",\"name\":\"Julien\",\"image\":{\"@type\":\"ImageObject\",\"inLanguage\":\"fr-BE\",\"@id\":\"https:\/\/vieassociative.be\/actualites\/#\/schema\/person\/image\/\",\"url\":\"https:\/\/vieassociative.be\/actualites\/wp-content\/uploads\/2024\/09\/vie-associative-1-150x150.jpg\",\"contentUrl\":\"https:\/\/vieassociative.be\/actualites\/wp-content\/uploads\/2024\/09\/vie-associative-1-150x150.jpg\",\"caption\":\"Julien\"},\"description\":\"Je suis Julien, r\u00e9dacteur pour Vie Associative. Passionn\u00e9 par le monde associatif depuis plus de 10 ans, j'ai \u00e0 c\u0153ur de partager des histoires inspirantes et de mettre en lumi\u00e8re les initiatives locales. Mon objectif est de sensibiliser et d'encourager l'engagement communautaire \u00e0 travers mes articles.\",\"sameAs\":[\"https:\/\/vieassociative.be\/\"]}]}<\/script>\n<!-- \/ Yoast SEO plugin. -->","yoast_head_json":{"title":"Comment aider les enfants sensibles aux v\u00eatements \u00e0 g\u00e9rer leur inconfort | Vie Associative","robots":{"index":"index","follow":"follow","max-snippet":"max-snippet:-1","max-image-preview":"max-image-preview:large","max-video-preview":"max-video-preview:-1"},"canonical":"https:\/\/vieassociative.be\/actualites\/comment-aider-les-enfants-sensibles-aux-vetements-a-gerer-leur-inconfort\/","og_locale":"fr_FR","og_type":"article","og_title":"Comment aider les enfants sensibles aux v\u00eatements \u00e0 g\u00e9rer leur inconfort | Vie Associative","og_description":"Si votre enfant est tr\u00e8s sensible aux \u00e9tiquettes et aux coutures, vous pouvez l&rsquo;aider de diff\u00e9rentes mani\u00e8res. Il est courant que les enfants refusent de","og_url":"https:\/\/vieassociative.be\/actualites\/comment-aider-les-enfants-sensibles-aux-vetements-a-gerer-leur-inconfort\/","og_site_name":"Vie Associative","article_published_time":"2024-10-01T09:27:16+00:00","og_image":[{"width":279,"height":92,"url":"https:\/\/vieassociative.be\/actualites\/wp-content\/uploads\/2024\/09\/header_backgroundk-01-e1726694325946.png","type":"image\/png"}],"author":"Julien","twitter_card":"summary_large_image","twitter_misc":{"\u00c9crit par":"Julien","Dur\u00e9e de lecture est.":"4 minutes"},"schema":{"@context":"https:\/\/schema.org","@graph":[{"@type":"Article","@id":"https:\/\/vieassociative.be\/actualites\/comment-aider-les-enfants-sensibles-aux-vetements-a-gerer-leur-inconfort\/#article","isPartOf":{"@id":"https:\/\/vieassociative.be\/actualites\/comment-aider-les-enfants-sensibles-aux-vetements-a-gerer-leur-inconfort\/"},"author":{"name":"Julien","@id":"https:\/\/vieassociative.be\/actualites\/#\/schema\/person\/b87ac4f82f9d4e7b7cec7395b679edc4"},"headline":"Comment aider les enfants sensibles aux v\u00eatements \u00e0 g\u00e9rer leur inconfort","datePublished":"2024-10-01T09:27:16+00:00","dateModified":"2024-10-01T09:27:16+00:00","mainEntityOfPage":{"@id":"https:\/\/vieassociative.be\/actualites\/comment-aider-les-enfants-sensibles-aux-vetements-a-gerer-leur-inconfort\/"},"wordCount":902,"publisher":{"@id":"https:\/\/vieassociative.be\/actualites\/#organization"},"image":{"@id":"https:\/\/vieassociative.be\/actualites\/comment-aider-les-enfants-sensibles-aux-vetements-a-gerer-leur-inconfort\/#primaryimage"},"thumbnailUrl":"https:\/\/vieassociative.be\/actualites\/wp-content\/uploads\/2024\/10\/Comment-aider-les-enfants-sensibles-aux-vetements-a-gerer-leur.jpg","keywords":["aider","aux","Comment","enfants","g\u00e9rer","inconfort","Les","leur","sensibles","v\u00eatements"],"articleSection":["Famille"],"inLanguage":"fr-BE"},{"@type":"WebPage","@id":"https:\/\/vieassociative.be\/actualites\/comment-aider-les-enfants-sensibles-aux-vetements-a-gerer-leur-inconfort\/","url":"https:\/\/vieassociative.be\/actualites\/comment-aider-les-enfants-sensibles-aux-vetements-a-gerer-leur-inconfort\/","name":"Comment aider les enfants sensibles aux v\u00eatements \u00e0 g\u00e9rer leur inconfort | Vie Associative","isPartOf":{"@id":"https:\/\/vieassociative.be\/actualites\/#website"},"primaryImageOfPage":{"@id":"https:\/\/vieassociative.be\/actualites\/comment-aider-les-enfants-sensibles-aux-vetements-a-gerer-leur-inconfort\/#primaryimage"},"image":{"@id":"https:\/\/vieassociative.be\/actualites\/comment-aider-les-enfants-sensibles-aux-vetements-a-gerer-leur-inconfort\/#primaryimage"},"thumbnailUrl":"https:\/\/vieassociative.be\/actualites\/wp-content\/uploads\/2024\/10\/Comment-aider-les-enfants-sensibles-aux-vetements-a-gerer-leur.jpg","datePublished":"2024-10-01T09:27:16+00:00","dateModified":"2024-10-01T09:27:16+00:00","breadcrumb":{"@id":"https:\/\/vieassociative.be\/actualites\/comment-aider-les-enfants-sensibles-aux-vetements-a-gerer-leur-inconfort\/#breadcrumb"},"inLanguage":"fr-BE","potentialAction":[{"@type":"ReadAction","target":["https:\/\/vieassociative.be\/actualites\/comment-aider-les-enfants-sensibles-aux-vetements-a-gerer-leur-inconfort\/"]}]},{"@type":"ImageObject","inLanguage":"fr-BE","@id":"https:\/\/vieassociative.be\/actualites\/comment-aider-les-enfants-sensibles-aux-vetements-a-gerer-leur-inconfort\/#primaryimage","url":"https:\/\/vieassociative.be\/actualites\/wp-content\/uploads\/2024\/10\/Comment-aider-les-enfants-sensibles-aux-vetements-a-gerer-leur.jpg","contentUrl":"https:\/\/vieassociative.be\/actualites\/wp-content\/uploads\/2024\/10\/Comment-aider-les-enfants-sensibles-aux-vetements-a-gerer-leur.jpg","width":1200,"height":675,"caption":"Comment aider les enfants sensibles aux v\u00eatements \u00e0 g\u00e9rer leur inconfort"},{"@type":"BreadcrumbList","@id":"https:\/\/vieassociative.be\/actualites\/comment-aider-les-enfants-sensibles-aux-vetements-a-gerer-leur-inconfort\/#breadcrumb","itemListElement":[{"@type":"ListItem","position":1,"name":"Accueil","item":"https:\/\/vieassociative.be\/actualites\/"},{"@type":"ListItem","position":2,"name":"Comment aider les enfants sensibles aux v\u00eatements \u00e0 g\u00e9rer leur inconfort"}]},{"@type":"WebSite","@id":"https:\/\/vieassociative.be\/actualites\/#website","url":"https:\/\/vieassociative.be\/actualites\/","name":"Vie Associative","description":"","publisher":{"@id":"https:\/\/vieassociative.be\/actualites\/#organization"},"potentialAction":[{"@type":"SearchAction","target":{"@type":"EntryPoint","urlTemplate":"https:\/\/vieassociative.be\/actualites\/?s={search_term_string}"},"query-input":{"@type":"PropertyValueSpecification","valueRequired":true,"valueName":"search_term_string"}}],"inLanguage":"fr-BE"},{"@type":"Organization","@id":"https:\/\/vieassociative.be\/actualites\/#organization","name":"Vie Associative","url":"https:\/\/vieassociative.be\/actualites\/","logo":{"@type":"ImageObject","inLanguage":"fr-BE","@id":"https:\/\/vieassociative.be\/actualites\/#\/schema\/logo\/image\/","url":"https:\/\/vieassociative.be\/actualites\/wp-content\/uploads\/2024\/09\/cropped-vieassociative_favicon.ico.png","contentUrl":"https:\/\/vieassociative.be\/actualites\/wp-content\/uploads\/2024\/09\/cropped-vieassociative_favicon.ico.png","width":512,"height":512,"caption":"Vie Associative"},"image":{"@id":"https:\/\/vieassociative.be\/actualites\/#\/schema\/logo\/image\/"}},{"@type":"Person","@id":"https:\/\/vieassociative.be\/actualites\/#\/schema\/person\/b87ac4f82f9d4e7b7cec7395b679edc4","name":"Julien","image":{"@type":"ImageObject","inLanguage":"fr-BE","@id":"https:\/\/vieassociative.be\/actualites\/#\/schema\/person\/image\/","url":"https:\/\/vieassociative.be\/actualites\/wp-content\/uploads\/2024\/09\/vie-associative-1-150x150.jpg","contentUrl":"https:\/\/vieassociative.be\/actualites\/wp-content\/uploads\/2024\/09\/vie-associative-1-150x150.jpg","caption":"Julien"},"description":"Je suis Julien, r\u00e9dacteur pour Vie Associative. Passionn\u00e9 par le monde associatif depuis plus de 10 ans, j'ai \u00e0 c\u0153ur de partager des histoires inspirantes et de mettre en lumi\u00e8re les initiatives locales. Mon objectif est de sensibiliser et d'encourager l'engagement communautaire \u00e0 travers mes articles.","sameAs":["https:\/\/vieassociative.be\/"]}]}},"_links":{"self":[{"href":"https:\/\/vieassociative.be\/actualites\/wp-json\/wp\/v2\/posts\/723"}],"collection":[{"href":"https:\/\/vieassociative.be\/actualites\/wp-json\/wp\/v2\/posts"}],"about":[{"href":"https:\/\/vieassociative.be\/actualites\/wp-json\/wp\/v2\/types\/post"}],"author":[{"embeddable":true,"href":"https:\/\/vieassociative.be\/actualites\/wp-json\/wp\/v2\/users\/1"}],"replies":[{"embeddable":true,"href":"https:\/\/vieassociative.be\/actualites\/wp-json\/wp\/v2\/comments?post=723"}],"version-history":[{"count":0,"href":"https:\/\/vieassociative.be\/actualites\/wp-json\/wp\/v2\/posts\/723\/revisions"}],"wp:featuredmedia":[{"embeddable":true,"href":"https:\/\/vieassociative.be\/actualites\/wp-json\/wp\/v2\/media\/724"}],"wp:attachment":[{"href":"https:\/\/vieassociative.be\/actualites\/wp-json\/wp\/v2\/media?parent=723"}],"wp:term":[{"taxonomy":"category","embeddable":true,"href":"https:\/\/vieassociative.be\/actualites\/wp-json\/wp\/v2\/categories?post=723"},{"taxonomy":"post_tag","embeddable":true,"href":"https:\/\/vieassociative.be\/actualites\/wp-json\/wp\/v2\/tags?post=723"}],"curies":[{"name":"wp","href":"https:\/\/api.w.org\/{rel}","templated":true}]}}