{"id":7229,"date":"2025-05-02T16:19:53","date_gmt":"2025-05-02T14:19:53","guid":{"rendered":"https:\/\/vieassociative.be\/actualites\/cheminee-pour-lelection-du-pape-maintenant-sur-la-chapelle-sixtine\/"},"modified":"2025-05-02T16:19:53","modified_gmt":"2025-05-02T14:19:53","slug":"cheminee-pour-lelection-du-pape-maintenant-sur-la-chapelle-sixtine","status":"publish","type":"post","link":"https:\/\/vieassociative.be\/actualites\/cheminee-pour-lelection-du-pape-maintenant-sur-la-chapelle-sixtine\/","title":{"rendered":"Chemin\u00e9e pour l&rsquo;\u00e9lection du pape maintenant sur la chapelle Sixtine"},"content":{"rendered":"<p><strong>Fum\u00e9e blanche? Fum\u00e9e noire? La semaine prochaine, le monde entier examinera la chemin\u00e9e au Vatican. Cela commence mercredi.<\/strong><\/p>\n<p><span id=\"more-414710\"><\/span>La chemin\u00e9e a \u00e9t\u00e9 install\u00e9e sur la chapelle Sixtine du Vatican pour le choix du nouveau pape. La chemin\u00e9e de la c\u00e9l\u00e8bre mondiale \u00e9tait attach\u00e9e par des pompiers sur le toit de la chapelle du XVe si\u00e8cle.<\/p>\n<div id=\"attachment_414712\" class=\"wp-caption alignleft\" style=\"max-width: 300px\"><img fetchpriority=\"high\" decoding=\"async\" class=\"wp-image-414712 size-medium\" src=\"https:\/\/vieassociative.be\/actualites\/wp-content\/uploads\/2025\/05\/Cheminee-pour-lelection-du-pape-maintenant-sur-la-chapelle-Sixtine.jpg\" alt=\"\" width=\"300\" height=\"200\"><\/p>\n<p class=\"wp-caption-text\">30\/04\/2025, Vatican, Vatican City: Cardinal Jean-Claude Hollerich, archev\u00eaque de Luxembourg, participe au cinqui\u00e8me des neuf jours de deuil pour feu le pape Fran\u00e7ois lors d&rsquo;un salon de Basican Saint-Pierre. Photo: Alessandra Tarantino \/ AP \/ DPA<\/p>\n<\/div>\n<p>Le choix commence mercredi prochain: si la fum\u00e9e noire monte dans le ciel, les plus de 130 cardinaux dans le conclave de la chapelle strictement blind\u00e9e ne sont pas encore d&rsquo;accord. S&rsquo;il y a un nouveau pontife, la chemin\u00e9e fume blanche.<\/p>\n<p>Parfois, cependant, la couleur ne peut pas \u00eatre vue avec certitude au d\u00e9but. En attendant, des produits chimiques sont ajout\u00e9s \u00e0 la liste br\u00fblante des cardinaux afin que le blanc ou le noir puisse \u00eatre vu plus clairement. La chemin\u00e9e est reli\u00e9e \u00e0 deux fours: une fonte de 1939, qui est utilis\u00e9e pour les bulletins de vote, et un plus r\u00e9cent de 2005 pour les produits chimiques.<\/p>\n<p><strong>&#8211; Le nouveau pape a besoin de deux tiers \u00e0 majorit\u00e9:<\/strong> Lors du choix du pape Fran\u00e7ois, qui est d\u00e9c\u00e9d\u00e9 le lundi de P\u00e2ques \u00e0 l&rsquo;\u00e2ge de 88 ans, il n&rsquo;a pris qu&rsquo;un jour et demi jusqu&rsquo;\u00e0 ce que la fum\u00e9e blanche se l\u00e8ve dans le ciel. Le moment venu, il sera bient\u00f4t annonc\u00e9 par la mittelloggie de la cath\u00e9drale Saint-Pierre: Habemus Papam (nous avons un pape), et le nouveau Pontifex sera montr\u00e9 au public pour la premi\u00e8re fois. Il a besoin d&rsquo;une majorit\u00e9 de deux tiers pour le choix. Selon le statut actuel, 133 cardinaux d\u00e9cideront probablement &#8211; plus que jamais. (DPA)<\/p>\n<p><em><strong>Sur le sujet, voir \u00e9galement l&rsquo;article suivant sur OD:<\/strong><\/em><\/p>\n<div class=\"responsive-embed widescreen\">\n<blockquote class=\"wp-embedded-content\" data-secret=\"s5Tl9rXubm\">\n<p>Qui succ\u00e9dera \u00e0 Francis? &#8211; Conclave des cardinaux pour l&rsquo;\u00e9lection du pape commence le 7 mai<\/p>\n<\/blockquote>\n<p><iframe loading=\"lazy\" class=\"wp-embedded-content\" sandbox=\"allow-scripts\" security=\"restricted\" style=\"position: absolute; visibility: hidden;\" title=\"\u201eWer wird Nachfolger von Franziskus? \u2013 Konklave der Kardin\u00e4le zur Wahl des Papstes beginnt am 7. Mai\u201c \u2014 Ostbelgien Direkt\" src=\"https:\/\/ostbelgiendirekt.be\/about:blank\" data-secret=\"s5Tl9rXubm\" width=\"500\" height=\"282\" frameborder=\"0\" marginwidth=\"0\" marginheight=\"0\" scrolling=\"no\" data-rocket-lazyload=\"fitvidscompatible\" data-lazy-src=\"https:\/\/ostbelgiendirekt.be\/franziskus-nachfolger-414297\/embed#?secret=Ajgf0pS4el#?secret=s5Tl9rXubm\"><\/iframe><noscript><iframe class=\"wp-embedded-content\" sandbox=\"allow-scripts\" security=\"restricted\" style=\"position: absolute; visibility: hidden;\" title=\"\u201eWer wird Nachfolger von Franziskus? \u2013 Konklave der Kardin\u00e4le zur Wahl des Papstes beginnt am 7. Mai\u201c \u2014 Ostbelgien Direkt\" src=\"https:\/\/ostbelgiendirekt.be\/franziskus-nachfolger-414297\/embed#?secret=Ajgf0pS4el#?secret=s5Tl9rXubm\" data-secret=\"s5Tl9rXubm\" width=\"500\" height=\"282\" frameborder=\"0\" marginwidth=\"0\" marginheight=\"0\" scrolling=\"no\"><\/iframe><\/noscript><\/p>\n<\/div>\n","protected":false},"excerpt":{"rendered":"<p>Fum\u00e9e blanche? Fum\u00e9e noire? La semaine prochaine, le monde entier examinera la chemin\u00e9e au Vatican. Cela commence mercredi. La chemin\u00e9e a \u00e9t\u00e9 install\u00e9e sur la<\/p>\n","protected":false},"author":1,"featured_media":7230,"comment_status":"","ping_status":"","sticky":false,"template":"","format":"standard","meta":{"footnotes":""},"categories":[298],"tags":[5067,6766,2834,233,4201,81,6767,33],"class_list":["post-7229","post","type-post","status-publish","format-standard","has-post-thumbnail","hentry","category-belgique","tag-chapelle","tag-cheminee","tag-lelection","tag-maintenant","tag-pape","tag-pour","tag-sixtine","tag-sur","generate-columns","tablet-grid-50","mobile-grid-100","grid-parent","grid-33"],"yoast_head":"<!-- This site is optimized with the Yoast SEO plugin v24.0 - https:\/\/yoast.com\/wordpress\/plugins\/seo\/ -->\n<title>Chemin\u00e9e pour l&#039;\u00e9lection du pape maintenant sur la chapelle Sixtine | Vie Associative<\/title>\n<meta name=\"robots\" content=\"index, follow, max-snippet:-1, max-image-preview:large, max-video-preview:-1\" \/>\n<link rel=\"canonical\" href=\"https:\/\/vieassociative.be\/actualites\/cheminee-pour-lelection-du-pape-maintenant-sur-la-chapelle-sixtine\/\" \/>\n<meta property=\"og:locale\" content=\"fr_FR\" \/>\n<meta property=\"og:type\" content=\"article\" \/>\n<meta property=\"og:title\" content=\"Chemin\u00e9e pour l&#039;\u00e9lection du pape maintenant sur la chapelle Sixtine | Vie Associative\" \/>\n<meta property=\"og:description\" content=\"Fum\u00e9e blanche? Fum\u00e9e noire? La semaine prochaine, le monde entier examinera la chemin\u00e9e au Vatican. Cela commence mercredi. La chemin\u00e9e a \u00e9t\u00e9 install\u00e9e sur la\" \/>\n<meta property=\"og:url\" content=\"https:\/\/vieassociative.be\/actualites\/cheminee-pour-lelection-du-pape-maintenant-sur-la-chapelle-sixtine\/\" \/>\n<meta property=\"og:site_name\" content=\"Vie Associative\" \/>\n<meta property=\"article:published_time\" content=\"2025-05-02T14:19:53+00:00\" \/>\n<meta property=\"og:image\" content=\"https:\/\/vieassociative.be\/actualites\/wp-content\/uploads\/2024\/09\/header_backgroundk-01-e1726694325946.png\" \/>\n\t<meta property=\"og:image:width\" content=\"279\" \/>\n\t<meta property=\"og:image:height\" content=\"92\" \/>\n\t<meta property=\"og:image:type\" content=\"image\/png\" \/>\n<meta name=\"author\" content=\"Julien\" \/>\n<meta name=\"twitter:card\" content=\"summary_large_image\" \/>\n<meta name=\"twitter:label1\" content=\"\u00c9crit par\" \/>\n\t<meta name=\"twitter:data1\" content=\"Julien\" \/>\n\t<meta name=\"twitter:label2\" content=\"Dur\u00e9e de lecture est.\" \/>\n\t<meta name=\"twitter:data2\" content=\"2 minutes\" \/>\n<script type=\"application\/ld+json\" class=\"yoast-schema-graph\">{\"@context\":\"https:\/\/schema.org\",\"@graph\":[{\"@type\":\"Article\",\"@id\":\"https:\/\/vieassociative.be\/actualites\/cheminee-pour-lelection-du-pape-maintenant-sur-la-chapelle-sixtine\/#article\",\"isPartOf\":{\"@id\":\"https:\/\/vieassociative.be\/actualites\/cheminee-pour-lelection-du-pape-maintenant-sur-la-chapelle-sixtine\/\"},\"author\":{\"name\":\"Julien\",\"@id\":\"https:\/\/vieassociative.be\/actualites\/#\/schema\/person\/b87ac4f82f9d4e7b7cec7395b679edc4\"},\"headline\":\"Chemin\u00e9e pour l&rsquo;\u00e9lection du pape maintenant sur la chapelle Sixtine\",\"datePublished\":\"2025-05-02T14:19:53+00:00\",\"dateModified\":\"2025-05-02T14:19:53+00:00\",\"mainEntityOfPage\":{\"@id\":\"https:\/\/vieassociative.be\/actualites\/cheminee-pour-lelection-du-pape-maintenant-sur-la-chapelle-sixtine\/\"},\"wordCount\":368,\"publisher\":{\"@id\":\"https:\/\/vieassociative.be\/actualites\/#organization\"},\"image\":{\"@id\":\"https:\/\/vieassociative.be\/actualites\/cheminee-pour-lelection-du-pape-maintenant-sur-la-chapelle-sixtine\/#primaryimage\"},\"thumbnailUrl\":\"https:\/\/vieassociative.be\/actualites\/wp-content\/uploads\/2025\/05\/1746195593_Cheminee-pour-lelection-du-pape-maintenant-sur-la-chapelle-Sixtine.jpg\",\"keywords\":[\"chapelle\",\"Chemin\u00e9e\",\"l\u00e9lection\",\"maintenant\",\"pape\",\"pour\",\"Sixtine\",\"sur\"],\"articleSection\":[\"Belgique\"],\"inLanguage\":\"fr-BE\"},{\"@type\":\"WebPage\",\"@id\":\"https:\/\/vieassociative.be\/actualites\/cheminee-pour-lelection-du-pape-maintenant-sur-la-chapelle-sixtine\/\",\"url\":\"https:\/\/vieassociative.be\/actualites\/cheminee-pour-lelection-du-pape-maintenant-sur-la-chapelle-sixtine\/\",\"name\":\"Chemin\u00e9e pour l'\u00e9lection du pape maintenant sur la chapelle Sixtine | Vie Associative\",\"isPartOf\":{\"@id\":\"https:\/\/vieassociative.be\/actualites\/#website\"},\"primaryImageOfPage\":{\"@id\":\"https:\/\/vieassociative.be\/actualites\/cheminee-pour-lelection-du-pape-maintenant-sur-la-chapelle-sixtine\/#primaryimage\"},\"image\":{\"@id\":\"https:\/\/vieassociative.be\/actualites\/cheminee-pour-lelection-du-pape-maintenant-sur-la-chapelle-sixtine\/#primaryimage\"},\"thumbnailUrl\":\"https:\/\/vieassociative.be\/actualites\/wp-content\/uploads\/2025\/05\/1746195593_Cheminee-pour-lelection-du-pape-maintenant-sur-la-chapelle-Sixtine.jpg\",\"datePublished\":\"2025-05-02T14:19:53+00:00\",\"dateModified\":\"2025-05-02T14:19:53+00:00\",\"breadcrumb\":{\"@id\":\"https:\/\/vieassociative.be\/actualites\/cheminee-pour-lelection-du-pape-maintenant-sur-la-chapelle-sixtine\/#breadcrumb\"},\"inLanguage\":\"fr-BE\",\"potentialAction\":[{\"@type\":\"ReadAction\",\"target\":[\"https:\/\/vieassociative.be\/actualites\/cheminee-pour-lelection-du-pape-maintenant-sur-la-chapelle-sixtine\/\"]}]},{\"@type\":\"ImageObject\",\"inLanguage\":\"fr-BE\",\"@id\":\"https:\/\/vieassociative.be\/actualites\/cheminee-pour-lelection-du-pape-maintenant-sur-la-chapelle-sixtine\/#primaryimage\",\"url\":\"https:\/\/vieassociative.be\/actualites\/wp-content\/uploads\/2025\/05\/1746195593_Cheminee-pour-lelection-du-pape-maintenant-sur-la-chapelle-Sixtine.jpg\",\"contentUrl\":\"https:\/\/vieassociative.be\/actualites\/wp-content\/uploads\/2025\/05\/1746195593_Cheminee-pour-lelection-du-pape-maintenant-sur-la-chapelle-Sixtine.jpg\",\"width\":1200,\"height\":800,\"caption\":\"Chemin\u00e9e pour l'\u00e9lection du pape maintenant sur la chapelle Sixtine\"},{\"@type\":\"BreadcrumbList\",\"@id\":\"https:\/\/vieassociative.be\/actualites\/cheminee-pour-lelection-du-pape-maintenant-sur-la-chapelle-sixtine\/#breadcrumb\",\"itemListElement\":[{\"@type\":\"ListItem\",\"position\":1,\"name\":\"Accueil\",\"item\":\"https:\/\/vieassociative.be\/actualites\/\"},{\"@type\":\"ListItem\",\"position\":2,\"name\":\"Chemin\u00e9e pour l&rsquo;\u00e9lection du pape maintenant sur la chapelle Sixtine\"}]},{\"@type\":\"WebSite\",\"@id\":\"https:\/\/vieassociative.be\/actualites\/#website\",\"url\":\"https:\/\/vieassociative.be\/actualites\/\",\"name\":\"Vie Associative\",\"description\":\"\",\"publisher\":{\"@id\":\"https:\/\/vieassociative.be\/actualites\/#organization\"},\"potentialAction\":[{\"@type\":\"SearchAction\",\"target\":{\"@type\":\"EntryPoint\",\"urlTemplate\":\"https:\/\/vieassociative.be\/actualites\/?s={search_term_string}\"},\"query-input\":{\"@type\":\"PropertyValueSpecification\",\"valueRequired\":true,\"valueName\":\"search_term_string\"}}],\"inLanguage\":\"fr-BE\"},{\"@type\":\"Organization\",\"@id\":\"https:\/\/vieassociative.be\/actualites\/#organization\",\"name\":\"Vie Associative\",\"url\":\"https:\/\/vieassociative.be\/actualites\/\",\"logo\":{\"@type\":\"ImageObject\",\"inLanguage\":\"fr-BE\",\"@id\":\"https:\/\/vieassociative.be\/actualites\/#\/schema\/logo\/image\/\",\"url\":\"https:\/\/vieassociative.be\/actualites\/wp-content\/uploads\/2024\/09\/cropped-vieassociative_favicon.ico.png\",\"contentUrl\":\"https:\/\/vieassociative.be\/actualites\/wp-content\/uploads\/2024\/09\/cropped-vieassociative_favicon.ico.png\",\"width\":512,\"height\":512,\"caption\":\"Vie Associative\"},\"image\":{\"@id\":\"https:\/\/vieassociative.be\/actualites\/#\/schema\/logo\/image\/\"}},{\"@type\":\"Person\",\"@id\":\"https:\/\/vieassociative.be\/actualites\/#\/schema\/person\/b87ac4f82f9d4e7b7cec7395b679edc4\",\"name\":\"Julien\",\"image\":{\"@type\":\"ImageObject\",\"inLanguage\":\"fr-BE\",\"@id\":\"https:\/\/vieassociative.be\/actualites\/#\/schema\/person\/image\/\",\"url\":\"https:\/\/vieassociative.be\/actualites\/wp-content\/uploads\/2024\/09\/vie-associative-1-150x150.jpg\",\"contentUrl\":\"https:\/\/vieassociative.be\/actualites\/wp-content\/uploads\/2024\/09\/vie-associative-1-150x150.jpg\",\"caption\":\"Julien\"},\"description\":\"Je suis Julien, r\u00e9dacteur pour Vie Associative. Passionn\u00e9 par le monde associatif depuis plus de 10 ans, j'ai \u00e0 c\u0153ur de partager des histoires inspirantes et de mettre en lumi\u00e8re les initiatives locales. Mon objectif est de sensibiliser et d'encourager l'engagement communautaire \u00e0 travers mes articles.\",\"sameAs\":[\"https:\/\/vieassociative.be\/\"]}]}<\/script>\n<!-- \/ Yoast SEO plugin. -->","yoast_head_json":{"title":"Chemin\u00e9e pour l'\u00e9lection du pape maintenant sur la chapelle Sixtine | Vie Associative","robots":{"index":"index","follow":"follow","max-snippet":"max-snippet:-1","max-image-preview":"max-image-preview:large","max-video-preview":"max-video-preview:-1"},"canonical":"https:\/\/vieassociative.be\/actualites\/cheminee-pour-lelection-du-pape-maintenant-sur-la-chapelle-sixtine\/","og_locale":"fr_FR","og_type":"article","og_title":"Chemin\u00e9e pour l'\u00e9lection du pape maintenant sur la chapelle Sixtine | Vie Associative","og_description":"Fum\u00e9e blanche? Fum\u00e9e noire? La semaine prochaine, le monde entier examinera la chemin\u00e9e au Vatican. Cela commence mercredi. La chemin\u00e9e a \u00e9t\u00e9 install\u00e9e sur la","og_url":"https:\/\/vieassociative.be\/actualites\/cheminee-pour-lelection-du-pape-maintenant-sur-la-chapelle-sixtine\/","og_site_name":"Vie Associative","article_published_time":"2025-05-02T14:19:53+00:00","og_image":[{"width":279,"height":92,"url":"https:\/\/vieassociative.be\/actualites\/wp-content\/uploads\/2024\/09\/header_backgroundk-01-e1726694325946.png","type":"image\/png"}],"author":"Julien","twitter_card":"summary_large_image","twitter_misc":{"\u00c9crit par":"Julien","Dur\u00e9e de lecture est.":"2 minutes"},"schema":{"@context":"https:\/\/schema.org","@graph":[{"@type":"Article","@id":"https:\/\/vieassociative.be\/actualites\/cheminee-pour-lelection-du-pape-maintenant-sur-la-chapelle-sixtine\/#article","isPartOf":{"@id":"https:\/\/vieassociative.be\/actualites\/cheminee-pour-lelection-du-pape-maintenant-sur-la-chapelle-sixtine\/"},"author":{"name":"Julien","@id":"https:\/\/vieassociative.be\/actualites\/#\/schema\/person\/b87ac4f82f9d4e7b7cec7395b679edc4"},"headline":"Chemin\u00e9e pour l&rsquo;\u00e9lection du pape maintenant sur la chapelle Sixtine","datePublished":"2025-05-02T14:19:53+00:00","dateModified":"2025-05-02T14:19:53+00:00","mainEntityOfPage":{"@id":"https:\/\/vieassociative.be\/actualites\/cheminee-pour-lelection-du-pape-maintenant-sur-la-chapelle-sixtine\/"},"wordCount":368,"publisher":{"@id":"https:\/\/vieassociative.be\/actualites\/#organization"},"image":{"@id":"https:\/\/vieassociative.be\/actualites\/cheminee-pour-lelection-du-pape-maintenant-sur-la-chapelle-sixtine\/#primaryimage"},"thumbnailUrl":"https:\/\/vieassociative.be\/actualites\/wp-content\/uploads\/2025\/05\/1746195593_Cheminee-pour-lelection-du-pape-maintenant-sur-la-chapelle-Sixtine.jpg","keywords":["chapelle","Chemin\u00e9e","l\u00e9lection","maintenant","pape","pour","Sixtine","sur"],"articleSection":["Belgique"],"inLanguage":"fr-BE"},{"@type":"WebPage","@id":"https:\/\/vieassociative.be\/actualites\/cheminee-pour-lelection-du-pape-maintenant-sur-la-chapelle-sixtine\/","url":"https:\/\/vieassociative.be\/actualites\/cheminee-pour-lelection-du-pape-maintenant-sur-la-chapelle-sixtine\/","name":"Chemin\u00e9e pour l'\u00e9lection du pape maintenant sur la chapelle Sixtine | Vie Associative","isPartOf":{"@id":"https:\/\/vieassociative.be\/actualites\/#website"},"primaryImageOfPage":{"@id":"https:\/\/vieassociative.be\/actualites\/cheminee-pour-lelection-du-pape-maintenant-sur-la-chapelle-sixtine\/#primaryimage"},"image":{"@id":"https:\/\/vieassociative.be\/actualites\/cheminee-pour-lelection-du-pape-maintenant-sur-la-chapelle-sixtine\/#primaryimage"},"thumbnailUrl":"https:\/\/vieassociative.be\/actualites\/wp-content\/uploads\/2025\/05\/1746195593_Cheminee-pour-lelection-du-pape-maintenant-sur-la-chapelle-Sixtine.jpg","datePublished":"2025-05-02T14:19:53+00:00","dateModified":"2025-05-02T14:19:53+00:00","breadcrumb":{"@id":"https:\/\/vieassociative.be\/actualites\/cheminee-pour-lelection-du-pape-maintenant-sur-la-chapelle-sixtine\/#breadcrumb"},"inLanguage":"fr-BE","potentialAction":[{"@type":"ReadAction","target":["https:\/\/vieassociative.be\/actualites\/cheminee-pour-lelection-du-pape-maintenant-sur-la-chapelle-sixtine\/"]}]},{"@type":"ImageObject","inLanguage":"fr-BE","@id":"https:\/\/vieassociative.be\/actualites\/cheminee-pour-lelection-du-pape-maintenant-sur-la-chapelle-sixtine\/#primaryimage","url":"https:\/\/vieassociative.be\/actualites\/wp-content\/uploads\/2025\/05\/1746195593_Cheminee-pour-lelection-du-pape-maintenant-sur-la-chapelle-Sixtine.jpg","contentUrl":"https:\/\/vieassociative.be\/actualites\/wp-content\/uploads\/2025\/05\/1746195593_Cheminee-pour-lelection-du-pape-maintenant-sur-la-chapelle-Sixtine.jpg","width":1200,"height":800,"caption":"Chemin\u00e9e pour l'\u00e9lection du pape maintenant sur la chapelle Sixtine"},{"@type":"BreadcrumbList","@id":"https:\/\/vieassociative.be\/actualites\/cheminee-pour-lelection-du-pape-maintenant-sur-la-chapelle-sixtine\/#breadcrumb","itemListElement":[{"@type":"ListItem","position":1,"name":"Accueil","item":"https:\/\/vieassociative.be\/actualites\/"},{"@type":"ListItem","position":2,"name":"Chemin\u00e9e pour l&rsquo;\u00e9lection du pape maintenant sur la chapelle Sixtine"}]},{"@type":"WebSite","@id":"https:\/\/vieassociative.be\/actualites\/#website","url":"https:\/\/vieassociative.be\/actualites\/","name":"Vie Associative","description":"","publisher":{"@id":"https:\/\/vieassociative.be\/actualites\/#organization"},"potentialAction":[{"@type":"SearchAction","target":{"@type":"EntryPoint","urlTemplate":"https:\/\/vieassociative.be\/actualites\/?s={search_term_string}"},"query-input":{"@type":"PropertyValueSpecification","valueRequired":true,"valueName":"search_term_string"}}],"inLanguage":"fr-BE"},{"@type":"Organization","@id":"https:\/\/vieassociative.be\/actualites\/#organization","name":"Vie Associative","url":"https:\/\/vieassociative.be\/actualites\/","logo":{"@type":"ImageObject","inLanguage":"fr-BE","@id":"https:\/\/vieassociative.be\/actualites\/#\/schema\/logo\/image\/","url":"https:\/\/vieassociative.be\/actualites\/wp-content\/uploads\/2024\/09\/cropped-vieassociative_favicon.ico.png","contentUrl":"https:\/\/vieassociative.be\/actualites\/wp-content\/uploads\/2024\/09\/cropped-vieassociative_favicon.ico.png","width":512,"height":512,"caption":"Vie Associative"},"image":{"@id":"https:\/\/vieassociative.be\/actualites\/#\/schema\/logo\/image\/"}},{"@type":"Person","@id":"https:\/\/vieassociative.be\/actualites\/#\/schema\/person\/b87ac4f82f9d4e7b7cec7395b679edc4","name":"Julien","image":{"@type":"ImageObject","inLanguage":"fr-BE","@id":"https:\/\/vieassociative.be\/actualites\/#\/schema\/person\/image\/","url":"https:\/\/vieassociative.be\/actualites\/wp-content\/uploads\/2024\/09\/vie-associative-1-150x150.jpg","contentUrl":"https:\/\/vieassociative.be\/actualites\/wp-content\/uploads\/2024\/09\/vie-associative-1-150x150.jpg","caption":"Julien"},"description":"Je suis Julien, r\u00e9dacteur pour Vie Associative. Passionn\u00e9 par le monde associatif depuis plus de 10 ans, j'ai \u00e0 c\u0153ur de partager des histoires inspirantes et de mettre en lumi\u00e8re les initiatives locales. Mon objectif est de sensibiliser et d'encourager l'engagement communautaire \u00e0 travers mes articles.","sameAs":["https:\/\/vieassociative.be\/"]}]}},"_links":{"self":[{"href":"https:\/\/vieassociative.be\/actualites\/wp-json\/wp\/v2\/posts\/7229"}],"collection":[{"href":"https:\/\/vieassociative.be\/actualites\/wp-json\/wp\/v2\/posts"}],"about":[{"href":"https:\/\/vieassociative.be\/actualites\/wp-json\/wp\/v2\/types\/post"}],"author":[{"embeddable":true,"href":"https:\/\/vieassociative.be\/actualites\/wp-json\/wp\/v2\/users\/1"}],"replies":[{"embeddable":true,"href":"https:\/\/vieassociative.be\/actualites\/wp-json\/wp\/v2\/comments?post=7229"}],"version-history":[{"count":0,"href":"https:\/\/vieassociative.be\/actualites\/wp-json\/wp\/v2\/posts\/7229\/revisions"}],"wp:featuredmedia":[{"embeddable":true,"href":"https:\/\/vieassociative.be\/actualites\/wp-json\/wp\/v2\/media\/7230"}],"wp:attachment":[{"href":"https:\/\/vieassociative.be\/actualites\/wp-json\/wp\/v2\/media?parent=7229"}],"wp:term":[{"taxonomy":"category","embeddable":true,"href":"https:\/\/vieassociative.be\/actualites\/wp-json\/wp\/v2\/categories?post=7229"},{"taxonomy":"post_tag","embeddable":true,"href":"https:\/\/vieassociative.be\/actualites\/wp-json\/wp\/v2\/tags?post=7229"}],"curies":[{"name":"wp","href":"https:\/\/api.w.org\/{rel}","templated":true}]}}