{"id":7227,"date":"2025-05-02T15:19:08","date_gmt":"2025-05-02T13:19:08","guid":{"rendered":"https:\/\/vieassociative.be\/actualites\/la-ftc-avertit-les-consommateurs-dune-arnaque-sur-les-factures-mensuelles-reduites\/"},"modified":"2025-05-02T15:19:08","modified_gmt":"2025-05-02T13:19:08","slug":"la-ftc-avertit-les-consommateurs-dune-arnaque-sur-les-factures-mensuelles-reduites","status":"publish","type":"post","link":"https:\/\/vieassociative.be\/actualites\/la-ftc-avertit-les-consommateurs-dune-arnaque-sur-les-factures-mensuelles-reduites\/","title":{"rendered":"La FTC avertit les consommateurs d&rsquo;une arnaque sur les factures mensuelles r\u00e9duites"},"content":{"rendered":"<div class=\"mt-4 leading-6 md:mb-8\">Comme toujours, si cela semble trop beau pour \u00eatre vrai, c&rsquo;est probablement le cas.<\/div>\n<p><\/p>\n<p>Les escroqueries correspondent souvent au vieil adage: \u00ab\u00a0Si cela semble trop beau pour \u00eatre vrai, c&rsquo;est probablement le cas.\u00a0\u00bb La Federal Trade Commission (FTC) et le FBI avertissent les consommateurs de plusieurs escroqueries \u00e0 consonance similaire qui impliquent la promesse de services \u00e0 prix r\u00e9duit &#8211; allant des services publics \u00e0 l&rsquo;assurance maladie &#8211; qui se terminent par des fraudeurs volant votre argent et vous n&rsquo;avez rien \u00e0 montrer. <\/p>\n<p>Voici comment les escrocs arrachent les gens et comment vous prot\u00e9ger. <\/p>\n<h2 id=\"how-discounted-services-scams-work\">Comment fonctionnent les escroqueries de services \u00e0 prix r\u00e9duit<\/h2>\n<p>Une it\u00e9ration de ce type d&rsquo;escroquerie commence par un robocall de quelqu&rsquo;un qui pr\u00e9tend provenir d&rsquo;une entreprise de services publics (comme AT&#038;T ou Comcast Xfinity) qui propose des services de t\u00e9l\u00e9phone, de t\u00e9l\u00e9vision ou Internet. Comme l&rsquo;alerte FTC le d\u00e9crit, l&rsquo;escroc promet une remise de 40 \u00e0 50% sur les factures, les paquets ou les achats de produits, mais seulement si vous agissez rapidement et payez. Ils vous demanderont d&rsquo;acheter une carte-cadeau et de leur fournir le num\u00e9ro &#8211; et ils peuvent \u00e9galement demander les informations de votre compte utilitaire. <\/p>\n<p>Une annonce de service public du Centre des plaintes de criminalit\u00e9 sur Internet du FBI d\u00e9crit une arnaque similaire impliquant une assurance m\u00e9dicale \u00e0 prix r\u00e9duit. Dans ce r\u00e9gime, les fraudeurs se contactent via des appels, des SMS ou des e-mails non sollicit\u00e9s et faisant semblant de repr\u00e9senter des fournisseurs d&rsquo;assurance maladie l\u00e9gitimes. Ils peuvent faire pression sur les cibles pour s&rsquo;inscrire \u00e0 un nouveau plan \u00e0 un taux r\u00e9duit qui n&rsquo;est disponible que pour une dur\u00e9e limit\u00e9e ou promettre des services gratuits. Une fois que les victimes ont achet\u00e9 un plan, ils ne sont pas en mesure de l&rsquo;annuler, de recevoir des remboursements ou d&rsquo;utiliser les avantages suppos\u00e9s en recevant des factures m\u00e9dicales ou dentaires co\u00fbteuses qui, selon eux, \u00e9taient couvertes. <\/p>\n<h2 id=\"how-to-protect-yourself\">Comment se prot\u00e9ger<\/h2>\n<p>Comme pour de nombreuses escroqueries, il y a quelques signes r\u00e9v\u00e9lateurs que la promesse de services \u00e0 prix r\u00e9duit est faux, y compris un \u00e9tranger qui vous contacte \u00e0 l&rsquo;improviste en essayant de vous vendre quelque chose, le sentiment d&rsquo;urgence d&rsquo;agir maintenant ou de perdre l&rsquo;occasion, et la demande de payer imm\u00e9diatement (en particulier avec une carte-cadeau). <\/p>\n<div class=\"pogoClear relative my-10 border-b-(1.5px) border-t-(1.5px) border-dashed border-black py-5 sm:my-14 sm:border-0 sm:py-0\" data-ga-click data-ga-template=\"News\" data-ga-module=\"openweb_widget\" data-ga-element=\"openweb_scroll\" data-ga-item=\"openweb_scroll_midpage\" x-cloak x-data=\"{ commentsCount: null, hasComments: false }\" x-init=\"commentsCount = await window.openweb.getMessagesCount(01JT6GW88ZE4KXQ253RSC4589K);\n     hasComments = commentsCount !== null &amp;&amp; commentsCount &gt; 0\"><\/p>\n<div class=\"absolute top-1\/2 hidden w-full -translate-y-1\/2 border-t-(1.5px) border-dashed border-black sm:block\"><\/div>\n<div class=\"relative flex justify-center\">\n<div class=\"flex max-w-max items-center gap-x-3 bg-white px-5\">\n<div class=\"relative\">\n                <span class=\"absolute left-1\/2 top-1\/2 -translate-x-1\/2 -translate-y-1\/2 font-akshar text-sm font-medium text-black\" x-show=\"hasComments\" x-text=\"commentsCount\"><\/span><\/p>\n<p>                <svg class=\"h-8 w-8 text-black\">\n                    <use href=\"http:\/\/lifehacker.com\/images\/icons\/spritemap.svg#sprite-chat-bubble\"><\/use>\n                <\/svg>\n            <\/div>\n<p>            <span class=\"text-sm font-medium text-black\"><\/p>\n<p>                Que pensez-vous jusqu&rsquo;\u00e0 pr\u00e9sent?<br \/>\n                <button class=\"font-semibold text-brand-green underline hover:text-brand-green-700\" onclick=\"window.openweb.scrollToComments('01JT6GW88ZE4KXQ253RSC4589K')\" x-text=\"hasComments ? 'Post a comment.' : 'Be the first to post a comment.'\"><\/button><br \/>\n            <\/span>\n        <\/div>\n<\/p><\/div>\n<\/div>\n<p>Pour \u00e9viter de devenir une victime, ne prenez aucune d\u00e9cision rapide. Terminez la conversation et contactez l&rsquo;entreprise qui offre cens\u00e9ment offrir l&rsquo;accord pour confirmer si c&rsquo;est r\u00e9el. Utilisez uniquement les num\u00e9ros de t\u00e9l\u00e9phone et les sites Web que vous recherchez directement &#8211; ne cliquez pas sur des liens ou ne rappelez pas les num\u00e9ros que vous avez envoy\u00e9s dans des messages. Ne payez jamais rien \u00e0 l&rsquo;avance.  <\/p>\n<p>Si vous \u00eates cibl\u00e9 pour une assurance m\u00e9dicale \u00e0 prix r\u00e9duit, recherchez l&rsquo;entreprise par l&rsquo;interm\u00e9diaire de votre commissaire d&rsquo;assurance d&rsquo;\u00c9tat et du Better Business Bureau pour v\u00e9rifier s&rsquo;il est r\u00e9put\u00e9 et autoris\u00e9 dans votre \u00c9tat. Confirmez que vos fournisseurs acceptent le plan et lisez soigneusement tous les documents de politique avant de signer. Si vous ne recevez aucun document, c&rsquo;est presque certainement une fraude. <\/p>\n","protected":false},"excerpt":{"rendered":"<p>Comme toujours, si cela semble trop beau pour \u00eatre vrai, c&rsquo;est probablement le cas. Les escroqueries correspondent souvent au vieil adage: \u00ab\u00a0Si cela semble trop<\/p>\n","protected":false},"author":1,"featured_media":7228,"comment_status":"","ping_status":"","sticky":false,"template":"","format":"standard","meta":{"footnotes":""},"categories":[41],"tags":[2109,5349,4781,698,6061,6763,14,6764,6765,33],"class_list":["post-7227","post","type-post","status-publish","format-standard","has-post-thumbnail","hentry","category-argent","tag-arnaque","tag-avertit","tag-consommateurs","tag-dune","tag-factures","tag-ftc","tag-les","tag-mensuelles","tag-reduites","tag-sur","generate-columns","tablet-grid-50","mobile-grid-100","grid-parent","grid-33"],"yoast_head":"<!-- This site is optimized with the Yoast SEO plugin v24.0 - https:\/\/yoast.com\/wordpress\/plugins\/seo\/ -->\n<title>La FTC avertit les consommateurs d&#039;une arnaque sur les factures mensuelles r\u00e9duites | Vie Associative<\/title>\n<meta name=\"robots\" content=\"index, follow, max-snippet:-1, max-image-preview:large, max-video-preview:-1\" \/>\n<link rel=\"canonical\" href=\"https:\/\/vieassociative.be\/actualites\/la-ftc-avertit-les-consommateurs-dune-arnaque-sur-les-factures-mensuelles-reduites\/\" \/>\n<meta property=\"og:locale\" content=\"fr_FR\" \/>\n<meta property=\"og:type\" content=\"article\" \/>\n<meta property=\"og:title\" content=\"La FTC avertit les consommateurs d&#039;une arnaque sur les factures mensuelles r\u00e9duites | Vie Associative\" \/>\n<meta property=\"og:description\" content=\"Comme toujours, si cela semble trop beau pour \u00eatre vrai, c&rsquo;est probablement le cas. Les escroqueries correspondent souvent au vieil adage: \u00ab\u00a0Si cela semble trop\" \/>\n<meta property=\"og:url\" content=\"https:\/\/vieassociative.be\/actualites\/la-ftc-avertit-les-consommateurs-dune-arnaque-sur-les-factures-mensuelles-reduites\/\" \/>\n<meta property=\"og:site_name\" content=\"Vie Associative\" \/>\n<meta property=\"article:published_time\" content=\"2025-05-02T13:19:08+00:00\" \/>\n<meta property=\"og:image\" content=\"https:\/\/vieassociative.be\/actualites\/wp-content\/uploads\/2024\/09\/header_backgroundk-01-e1726694325946.png\" \/>\n\t<meta property=\"og:image:width\" content=\"279\" \/>\n\t<meta property=\"og:image:height\" content=\"92\" \/>\n\t<meta property=\"og:image:type\" content=\"image\/png\" \/>\n<meta name=\"author\" content=\"Julien\" \/>\n<meta name=\"twitter:card\" content=\"summary_large_image\" \/>\n<meta name=\"twitter:label1\" content=\"\u00c9crit par\" \/>\n\t<meta name=\"twitter:data1\" content=\"Julien\" \/>\n\t<meta name=\"twitter:label2\" content=\"Dur\u00e9e de lecture est.\" \/>\n\t<meta name=\"twitter:data2\" content=\"3 minutes\" \/>\n<script type=\"application\/ld+json\" class=\"yoast-schema-graph\">{\"@context\":\"https:\/\/schema.org\",\"@graph\":[{\"@type\":\"Article\",\"@id\":\"https:\/\/vieassociative.be\/actualites\/la-ftc-avertit-les-consommateurs-dune-arnaque-sur-les-factures-mensuelles-reduites\/#article\",\"isPartOf\":{\"@id\":\"https:\/\/vieassociative.be\/actualites\/la-ftc-avertit-les-consommateurs-dune-arnaque-sur-les-factures-mensuelles-reduites\/\"},\"author\":{\"name\":\"Julien\",\"@id\":\"https:\/\/vieassociative.be\/actualites\/#\/schema\/person\/b87ac4f82f9d4e7b7cec7395b679edc4\"},\"headline\":\"La FTC avertit les consommateurs d&rsquo;une arnaque sur les factures mensuelles r\u00e9duites\",\"datePublished\":\"2025-05-02T13:19:08+00:00\",\"dateModified\":\"2025-05-02T13:19:08+00:00\",\"mainEntityOfPage\":{\"@id\":\"https:\/\/vieassociative.be\/actualites\/la-ftc-avertit-les-consommateurs-dune-arnaque-sur-les-factures-mensuelles-reduites\/\"},\"wordCount\":582,\"publisher\":{\"@id\":\"https:\/\/vieassociative.be\/actualites\/#organization\"},\"image\":{\"@id\":\"https:\/\/vieassociative.be\/actualites\/la-ftc-avertit-les-consommateurs-dune-arnaque-sur-les-factures-mensuelles-reduites\/#primaryimage\"},\"thumbnailUrl\":\"https:\/\/vieassociative.be\/actualites\/wp-content\/uploads\/2025\/05\/La-FTC-avertit-les-consommateurs-dune-arnaque-sur-les-factures.png\",\"keywords\":[\"arnaque\",\"avertit\",\"Consommateurs\",\"dune\",\"factures\",\"FTC\",\"Les\",\"mensuelles\",\"r\u00e9duites\",\"sur\"],\"articleSection\":[\"Argent\"],\"inLanguage\":\"fr-BE\"},{\"@type\":\"WebPage\",\"@id\":\"https:\/\/vieassociative.be\/actualites\/la-ftc-avertit-les-consommateurs-dune-arnaque-sur-les-factures-mensuelles-reduites\/\",\"url\":\"https:\/\/vieassociative.be\/actualites\/la-ftc-avertit-les-consommateurs-dune-arnaque-sur-les-factures-mensuelles-reduites\/\",\"name\":\"La FTC avertit les consommateurs d'une arnaque sur les factures mensuelles r\u00e9duites | Vie Associative\",\"isPartOf\":{\"@id\":\"https:\/\/vieassociative.be\/actualites\/#website\"},\"primaryImageOfPage\":{\"@id\":\"https:\/\/vieassociative.be\/actualites\/la-ftc-avertit-les-consommateurs-dune-arnaque-sur-les-factures-mensuelles-reduites\/#primaryimage\"},\"image\":{\"@id\":\"https:\/\/vieassociative.be\/actualites\/la-ftc-avertit-les-consommateurs-dune-arnaque-sur-les-factures-mensuelles-reduites\/#primaryimage\"},\"thumbnailUrl\":\"https:\/\/vieassociative.be\/actualites\/wp-content\/uploads\/2025\/05\/La-FTC-avertit-les-consommateurs-dune-arnaque-sur-les-factures.png\",\"datePublished\":\"2025-05-02T13:19:08+00:00\",\"dateModified\":\"2025-05-02T13:19:08+00:00\",\"breadcrumb\":{\"@id\":\"https:\/\/vieassociative.be\/actualites\/la-ftc-avertit-les-consommateurs-dune-arnaque-sur-les-factures-mensuelles-reduites\/#breadcrumb\"},\"inLanguage\":\"fr-BE\",\"potentialAction\":[{\"@type\":\"ReadAction\",\"target\":[\"https:\/\/vieassociative.be\/actualites\/la-ftc-avertit-les-consommateurs-dune-arnaque-sur-les-factures-mensuelles-reduites\/\"]}]},{\"@type\":\"ImageObject\",\"inLanguage\":\"fr-BE\",\"@id\":\"https:\/\/vieassociative.be\/actualites\/la-ftc-avertit-les-consommateurs-dune-arnaque-sur-les-factures-mensuelles-reduites\/#primaryimage\",\"url\":\"https:\/\/vieassociative.be\/actualites\/wp-content\/uploads\/2025\/05\/La-FTC-avertit-les-consommateurs-dune-arnaque-sur-les-factures.png\",\"contentUrl\":\"https:\/\/vieassociative.be\/actualites\/wp-content\/uploads\/2025\/05\/La-FTC-avertit-les-consommateurs-dune-arnaque-sur-les-factures.png\",\"width\":1200,\"height\":675,\"caption\":\"La FTC avertit les consommateurs d'une arnaque sur les factures mensuelles r\u00e9duites\"},{\"@type\":\"BreadcrumbList\",\"@id\":\"https:\/\/vieassociative.be\/actualites\/la-ftc-avertit-les-consommateurs-dune-arnaque-sur-les-factures-mensuelles-reduites\/#breadcrumb\",\"itemListElement\":[{\"@type\":\"ListItem\",\"position\":1,\"name\":\"Accueil\",\"item\":\"https:\/\/vieassociative.be\/actualites\/\"},{\"@type\":\"ListItem\",\"position\":2,\"name\":\"La FTC avertit les consommateurs d&rsquo;une arnaque sur les factures mensuelles r\u00e9duites\"}]},{\"@type\":\"WebSite\",\"@id\":\"https:\/\/vieassociative.be\/actualites\/#website\",\"url\":\"https:\/\/vieassociative.be\/actualites\/\",\"name\":\"Vie Associative\",\"description\":\"\",\"publisher\":{\"@id\":\"https:\/\/vieassociative.be\/actualites\/#organization\"},\"potentialAction\":[{\"@type\":\"SearchAction\",\"target\":{\"@type\":\"EntryPoint\",\"urlTemplate\":\"https:\/\/vieassociative.be\/actualites\/?s={search_term_string}\"},\"query-input\":{\"@type\":\"PropertyValueSpecification\",\"valueRequired\":true,\"valueName\":\"search_term_string\"}}],\"inLanguage\":\"fr-BE\"},{\"@type\":\"Organization\",\"@id\":\"https:\/\/vieassociative.be\/actualites\/#organization\",\"name\":\"Vie Associative\",\"url\":\"https:\/\/vieassociative.be\/actualites\/\",\"logo\":{\"@type\":\"ImageObject\",\"inLanguage\":\"fr-BE\",\"@id\":\"https:\/\/vieassociative.be\/actualites\/#\/schema\/logo\/image\/\",\"url\":\"https:\/\/vieassociative.be\/actualites\/wp-content\/uploads\/2024\/09\/cropped-vieassociative_favicon.ico.png\",\"contentUrl\":\"https:\/\/vieassociative.be\/actualites\/wp-content\/uploads\/2024\/09\/cropped-vieassociative_favicon.ico.png\",\"width\":512,\"height\":512,\"caption\":\"Vie Associative\"},\"image\":{\"@id\":\"https:\/\/vieassociative.be\/actualites\/#\/schema\/logo\/image\/\"}},{\"@type\":\"Person\",\"@id\":\"https:\/\/vieassociative.be\/actualites\/#\/schema\/person\/b87ac4f82f9d4e7b7cec7395b679edc4\",\"name\":\"Julien\",\"image\":{\"@type\":\"ImageObject\",\"inLanguage\":\"fr-BE\",\"@id\":\"https:\/\/vieassociative.be\/actualites\/#\/schema\/person\/image\/\",\"url\":\"https:\/\/vieassociative.be\/actualites\/wp-content\/uploads\/2024\/09\/vie-associative-1-150x150.jpg\",\"contentUrl\":\"https:\/\/vieassociative.be\/actualites\/wp-content\/uploads\/2024\/09\/vie-associative-1-150x150.jpg\",\"caption\":\"Julien\"},\"description\":\"Je suis Julien, r\u00e9dacteur pour Vie Associative. Passionn\u00e9 par le monde associatif depuis plus de 10 ans, j'ai \u00e0 c\u0153ur de partager des histoires inspirantes et de mettre en lumi\u00e8re les initiatives locales. Mon objectif est de sensibiliser et d'encourager l'engagement communautaire \u00e0 travers mes articles.\",\"sameAs\":[\"https:\/\/vieassociative.be\/\"]}]}<\/script>\n<!-- \/ Yoast SEO plugin. -->","yoast_head_json":{"title":"La FTC avertit les consommateurs d'une arnaque sur les factures mensuelles r\u00e9duites | Vie Associative","robots":{"index":"index","follow":"follow","max-snippet":"max-snippet:-1","max-image-preview":"max-image-preview:large","max-video-preview":"max-video-preview:-1"},"canonical":"https:\/\/vieassociative.be\/actualites\/la-ftc-avertit-les-consommateurs-dune-arnaque-sur-les-factures-mensuelles-reduites\/","og_locale":"fr_FR","og_type":"article","og_title":"La FTC avertit les consommateurs d'une arnaque sur les factures mensuelles r\u00e9duites | Vie Associative","og_description":"Comme toujours, si cela semble trop beau pour \u00eatre vrai, c&rsquo;est probablement le cas. Les escroqueries correspondent souvent au vieil adage: \u00ab\u00a0Si cela semble trop","og_url":"https:\/\/vieassociative.be\/actualites\/la-ftc-avertit-les-consommateurs-dune-arnaque-sur-les-factures-mensuelles-reduites\/","og_site_name":"Vie Associative","article_published_time":"2025-05-02T13:19:08+00:00","og_image":[{"width":279,"height":92,"url":"https:\/\/vieassociative.be\/actualites\/wp-content\/uploads\/2024\/09\/header_backgroundk-01-e1726694325946.png","type":"image\/png"}],"author":"Julien","twitter_card":"summary_large_image","twitter_misc":{"\u00c9crit par":"Julien","Dur\u00e9e de lecture est.":"3 minutes"},"schema":{"@context":"https:\/\/schema.org","@graph":[{"@type":"Article","@id":"https:\/\/vieassociative.be\/actualites\/la-ftc-avertit-les-consommateurs-dune-arnaque-sur-les-factures-mensuelles-reduites\/#article","isPartOf":{"@id":"https:\/\/vieassociative.be\/actualites\/la-ftc-avertit-les-consommateurs-dune-arnaque-sur-les-factures-mensuelles-reduites\/"},"author":{"name":"Julien","@id":"https:\/\/vieassociative.be\/actualites\/#\/schema\/person\/b87ac4f82f9d4e7b7cec7395b679edc4"},"headline":"La FTC avertit les consommateurs d&rsquo;une arnaque sur les factures mensuelles r\u00e9duites","datePublished":"2025-05-02T13:19:08+00:00","dateModified":"2025-05-02T13:19:08+00:00","mainEntityOfPage":{"@id":"https:\/\/vieassociative.be\/actualites\/la-ftc-avertit-les-consommateurs-dune-arnaque-sur-les-factures-mensuelles-reduites\/"},"wordCount":582,"publisher":{"@id":"https:\/\/vieassociative.be\/actualites\/#organization"},"image":{"@id":"https:\/\/vieassociative.be\/actualites\/la-ftc-avertit-les-consommateurs-dune-arnaque-sur-les-factures-mensuelles-reduites\/#primaryimage"},"thumbnailUrl":"https:\/\/vieassociative.be\/actualites\/wp-content\/uploads\/2025\/05\/La-FTC-avertit-les-consommateurs-dune-arnaque-sur-les-factures.png","keywords":["arnaque","avertit","Consommateurs","dune","factures","FTC","Les","mensuelles","r\u00e9duites","sur"],"articleSection":["Argent"],"inLanguage":"fr-BE"},{"@type":"WebPage","@id":"https:\/\/vieassociative.be\/actualites\/la-ftc-avertit-les-consommateurs-dune-arnaque-sur-les-factures-mensuelles-reduites\/","url":"https:\/\/vieassociative.be\/actualites\/la-ftc-avertit-les-consommateurs-dune-arnaque-sur-les-factures-mensuelles-reduites\/","name":"La FTC avertit les consommateurs d'une arnaque sur les factures mensuelles r\u00e9duites | Vie Associative","isPartOf":{"@id":"https:\/\/vieassociative.be\/actualites\/#website"},"primaryImageOfPage":{"@id":"https:\/\/vieassociative.be\/actualites\/la-ftc-avertit-les-consommateurs-dune-arnaque-sur-les-factures-mensuelles-reduites\/#primaryimage"},"image":{"@id":"https:\/\/vieassociative.be\/actualites\/la-ftc-avertit-les-consommateurs-dune-arnaque-sur-les-factures-mensuelles-reduites\/#primaryimage"},"thumbnailUrl":"https:\/\/vieassociative.be\/actualites\/wp-content\/uploads\/2025\/05\/La-FTC-avertit-les-consommateurs-dune-arnaque-sur-les-factures.png","datePublished":"2025-05-02T13:19:08+00:00","dateModified":"2025-05-02T13:19:08+00:00","breadcrumb":{"@id":"https:\/\/vieassociative.be\/actualites\/la-ftc-avertit-les-consommateurs-dune-arnaque-sur-les-factures-mensuelles-reduites\/#breadcrumb"},"inLanguage":"fr-BE","potentialAction":[{"@type":"ReadAction","target":["https:\/\/vieassociative.be\/actualites\/la-ftc-avertit-les-consommateurs-dune-arnaque-sur-les-factures-mensuelles-reduites\/"]}]},{"@type":"ImageObject","inLanguage":"fr-BE","@id":"https:\/\/vieassociative.be\/actualites\/la-ftc-avertit-les-consommateurs-dune-arnaque-sur-les-factures-mensuelles-reduites\/#primaryimage","url":"https:\/\/vieassociative.be\/actualites\/wp-content\/uploads\/2025\/05\/La-FTC-avertit-les-consommateurs-dune-arnaque-sur-les-factures.png","contentUrl":"https:\/\/vieassociative.be\/actualites\/wp-content\/uploads\/2025\/05\/La-FTC-avertit-les-consommateurs-dune-arnaque-sur-les-factures.png","width":1200,"height":675,"caption":"La FTC avertit les consommateurs d'une arnaque sur les factures mensuelles r\u00e9duites"},{"@type":"BreadcrumbList","@id":"https:\/\/vieassociative.be\/actualites\/la-ftc-avertit-les-consommateurs-dune-arnaque-sur-les-factures-mensuelles-reduites\/#breadcrumb","itemListElement":[{"@type":"ListItem","position":1,"name":"Accueil","item":"https:\/\/vieassociative.be\/actualites\/"},{"@type":"ListItem","position":2,"name":"La FTC avertit les consommateurs d&rsquo;une arnaque sur les factures mensuelles r\u00e9duites"}]},{"@type":"WebSite","@id":"https:\/\/vieassociative.be\/actualites\/#website","url":"https:\/\/vieassociative.be\/actualites\/","name":"Vie Associative","description":"","publisher":{"@id":"https:\/\/vieassociative.be\/actualites\/#organization"},"potentialAction":[{"@type":"SearchAction","target":{"@type":"EntryPoint","urlTemplate":"https:\/\/vieassociative.be\/actualites\/?s={search_term_string}"},"query-input":{"@type":"PropertyValueSpecification","valueRequired":true,"valueName":"search_term_string"}}],"inLanguage":"fr-BE"},{"@type":"Organization","@id":"https:\/\/vieassociative.be\/actualites\/#organization","name":"Vie Associative","url":"https:\/\/vieassociative.be\/actualites\/","logo":{"@type":"ImageObject","inLanguage":"fr-BE","@id":"https:\/\/vieassociative.be\/actualites\/#\/schema\/logo\/image\/","url":"https:\/\/vieassociative.be\/actualites\/wp-content\/uploads\/2024\/09\/cropped-vieassociative_favicon.ico.png","contentUrl":"https:\/\/vieassociative.be\/actualites\/wp-content\/uploads\/2024\/09\/cropped-vieassociative_favicon.ico.png","width":512,"height":512,"caption":"Vie Associative"},"image":{"@id":"https:\/\/vieassociative.be\/actualites\/#\/schema\/logo\/image\/"}},{"@type":"Person","@id":"https:\/\/vieassociative.be\/actualites\/#\/schema\/person\/b87ac4f82f9d4e7b7cec7395b679edc4","name":"Julien","image":{"@type":"ImageObject","inLanguage":"fr-BE","@id":"https:\/\/vieassociative.be\/actualites\/#\/schema\/person\/image\/","url":"https:\/\/vieassociative.be\/actualites\/wp-content\/uploads\/2024\/09\/vie-associative-1-150x150.jpg","contentUrl":"https:\/\/vieassociative.be\/actualites\/wp-content\/uploads\/2024\/09\/vie-associative-1-150x150.jpg","caption":"Julien"},"description":"Je suis Julien, r\u00e9dacteur pour Vie Associative. Passionn\u00e9 par le monde associatif depuis plus de 10 ans, j'ai \u00e0 c\u0153ur de partager des histoires inspirantes et de mettre en lumi\u00e8re les initiatives locales. Mon objectif est de sensibiliser et d'encourager l'engagement communautaire \u00e0 travers mes articles.","sameAs":["https:\/\/vieassociative.be\/"]}]}},"_links":{"self":[{"href":"https:\/\/vieassociative.be\/actualites\/wp-json\/wp\/v2\/posts\/7227"}],"collection":[{"href":"https:\/\/vieassociative.be\/actualites\/wp-json\/wp\/v2\/posts"}],"about":[{"href":"https:\/\/vieassociative.be\/actualites\/wp-json\/wp\/v2\/types\/post"}],"author":[{"embeddable":true,"href":"https:\/\/vieassociative.be\/actualites\/wp-json\/wp\/v2\/users\/1"}],"replies":[{"embeddable":true,"href":"https:\/\/vieassociative.be\/actualites\/wp-json\/wp\/v2\/comments?post=7227"}],"version-history":[{"count":0,"href":"https:\/\/vieassociative.be\/actualites\/wp-json\/wp\/v2\/posts\/7227\/revisions"}],"wp:featuredmedia":[{"embeddable":true,"href":"https:\/\/vieassociative.be\/actualites\/wp-json\/wp\/v2\/media\/7228"}],"wp:attachment":[{"href":"https:\/\/vieassociative.be\/actualites\/wp-json\/wp\/v2\/media?parent=7227"}],"wp:term":[{"taxonomy":"category","embeddable":true,"href":"https:\/\/vieassociative.be\/actualites\/wp-json\/wp\/v2\/categories?post=7227"},{"taxonomy":"post_tag","embeddable":true,"href":"https:\/\/vieassociative.be\/actualites\/wp-json\/wp\/v2\/tags?post=7227"}],"curies":[{"name":"wp","href":"https:\/\/api.w.org\/{rel}","templated":true}]}}