{"id":7226,"date":"2025-05-02T13:18:57","date_gmt":"2025-05-02T11:18:57","guid":{"rendered":"https:\/\/vieassociative.be\/actualites\/lapplication-gemini-de-google-obtient-ledition-dimage-ai-2\/"},"modified":"2025-05-02T13:18:57","modified_gmt":"2025-05-02T11:18:57","slug":"lapplication-gemini-de-google-obtient-ledition-dimage-ai-2","status":"publish","type":"post","link":"https:\/\/vieassociative.be\/actualites\/lapplication-gemini-de-google-obtient-ledition-dimage-ai-2\/","title":{"rendered":"L&rsquo;application Gemini de Google obtient l&rsquo;\u00e9dition d&rsquo;image AI"},"content":{"rendered":"<div class=\"mt-4 leading-6 md:mb-8\">Parlez \u00e0 un chatbot pour modifier rapidement les photos.<\/div>\n<p><\/p>\n<p>Google apporte l&rsquo;\u00e9dition d&rsquo;images AI \u00e0 Gemini, ce qui signifie que vous pouvez utiliser des invites textuelles dans l&rsquo;application ou le site Web Gemini pour modifier les images existantes. Cette fonctionnalit\u00e9 est disponible dans Google AI Studio depuis un certain temps, et Google le d\u00e9ploie maintenant \u00e0 tous les utilisateurs de Gemini, avec la prise en charge de 45 langues. Google dit que vous pourrez utiliser des invites conversationnelles pour modifier \u00e0 la fois les images g\u00e9n\u00e9r\u00e9es par l&rsquo;IA et les photos t\u00e9l\u00e9charg\u00e9es \u00e0 partir de votre t\u00e9l\u00e9phone ou de votre ordinateur.<\/p>\n<h2 id=\"what-you-can-do-with-geminis-ai-image-editing\">Ce que vous pouvez faire avec l&rsquo;\u00e9dition d&rsquo;image AI de Gemini<\/h2>\n<p>La partie la plus attrayante de cette fonctionnalit\u00e9 est qu&rsquo;elle r\u00e9duit la barri\u00e8re d&rsquo;entr\u00e9e pour modifier les photos. Vous pouvez avoir une conversation avec le chatbot Gemini AI pour le faire g\u00e9n\u00e9rer une image, ou t\u00e9l\u00e9charger l&rsquo;une de vos photos dans la fen\u00eatre de chat, puis demander \u00e0 l&rsquo;IA de modifier la photo. Il est similaire \u00e0 la fonction Reimagine de Google Pixel, ce qui vous permet d&rsquo;ajouter de faux objets \u00e0 de vraies photos. <\/p>\n<p>Vous pouvez utiliser les outils de retouche photo de Gemini pour remplacer certains objets sur une photo, modifier l&rsquo;arri\u00e8re-plan et m\u00eame ajouter des \u00e9l\u00e9ments enti\u00e8rement nouveaux \u00e0 partir de z\u00e9ro. Dans son article de blog annon\u00e7ant la nouvelle fonctionnalit\u00e9, Google en donne un exemple, en disant que vous pouvez t\u00e9l\u00e9charger votre propre photo et demander aux G\u00e9meaux de changer la couleur de vos cheveux pour voir comment vous vous en occuperiez un travail de teinture. L&rsquo;IA se souvient \u00e9galement de vos demandes pr\u00e9c\u00e9dentes, vous pouvez donc lui demander de modifier plusieurs modifications \u00e0 votre image sur diff\u00e9rents messages. Google pr\u00e9tend \u00e9galement que vous pouvez utiliser cette fonctionnalit\u00e9 pour g\u00e9n\u00e9rer une histoire et des images pour l&rsquo;accompagner.<\/p>\n<p>Il y a des pr\u00e9occupations \u00e9thiques avec des fonctionnalit\u00e9s comme celles-ci, la plus \u00e9vidente \u00e9tant qu&rsquo;ils pourraient \u00eatre utilis\u00e9s pour cr\u00e9er de fausses images qui pourraient nuire r\u00e9ellement aux personnes ou aux entreprises. Pour aider \u00e0 pr\u00e9venir cela, Google dit que toutes les images g\u00e9n\u00e9r\u00e9es par l&rsquo;IA auront un filigrane invisible. Il exp\u00e9rimente \u00e9galement l&rsquo;utilisation d&rsquo;un filigrane visible sur ces photos, ce qui pourrait aider \u00e0 identifier plus facilement les images \u00e9dit\u00e9es AI. <\/p>\n<div class=\"pogoClear relative my-10 border-b-(1.5px) border-t-(1.5px) border-dashed border-black py-5 sm:my-14 sm:border-0 sm:py-0\" data-ga-click data-ga-template=\"News\" data-ga-module=\"openweb_widget\" data-ga-element=\"openweb_scroll\" data-ga-item=\"openweb_scroll_midpage\" x-cloak x-data=\"{ commentsCount: null, hasComments: false }\" x-init=\"commentsCount = await window.openweb.getMessagesCount(01JT6N3XG3SRFY3X9M92F7CBT3);\n     hasComments = commentsCount !== null &amp;&amp; commentsCount &gt; 0\"><\/p>\n<div class=\"absolute top-1\/2 hidden w-full -translate-y-1\/2 border-t-(1.5px) border-dashed border-black sm:block\"><\/div>\n<div class=\"relative flex justify-center\">\n<div class=\"flex max-w-max items-center gap-x-3 bg-white px-5\">\n<div class=\"relative\">\n                <span class=\"absolute left-1\/2 top-1\/2 -translate-x-1\/2 -translate-y-1\/2 font-akshar text-sm font-medium text-black\" x-show=\"hasComments\" x-text=\"commentsCount\"><\/span><\/p>\n<p>                <svg class=\"h-8 w-8 text-black\">\n                    <use href=\"http:\/\/lifehacker.com\/images\/icons\/spritemap.svg#sprite-chat-bubble\"><\/use>\n                <\/svg>\n            <\/div>\n<p>            <span class=\"text-sm font-medium text-black\"><\/p>\n<p>                Que pensez-vous jusqu&rsquo;\u00e0 pr\u00e9sent?<br \/>\n                <button class=\"font-semibold text-brand-green underline hover:text-brand-green-700\" onclick=\"window.openweb.scrollToComments('01JT6N3XG3SRFY3X9M92F7CBT3')\" x-text=\"hasComments ? 'Post a comment.' : 'Be the first to post a comment.'\"><\/button><br \/>\n            <\/span>\n        <\/div>\n<\/p><\/div>\n<\/div>\n<p>\u00c9tant donn\u00e9 que cette fonctionnalit\u00e9 ne commence qu&rsquo;aujourd&rsquo;hui son d\u00e9ploiement, il peut \u00eatre un certain temps avant de pouvoir l&rsquo;utiliser. Cette fonctionnalit\u00e9 ne sera pas disponible pour les utilisateurs de Google Workspace et de l&rsquo;\u00e9ducation.<\/p>\n","protected":false},"excerpt":{"rendered":"<p>Parlez \u00e0 un chatbot pour modifier rapidement les photos. Google apporte l&rsquo;\u00e9dition d&rsquo;images AI \u00e0 Gemini, ce qui signifie que vous pouvez utiliser des invites<\/p>\n","protected":false},"author":1,"featured_media":7214,"comment_status":"","ping_status":"","sticky":false,"template":"","format":"standard","meta":{"footnotes":""},"categories":[13],"tags":[6758,3183,968,282,4833,4304],"class_list":["post-7226","post","type-post","status-publish","format-standard","has-post-thumbnail","hentry","category-technologie","tag-dimage","tag-gemini","tag-google","tag-lapplication","tag-ledition","tag-obtient","generate-columns","tablet-grid-50","mobile-grid-100","grid-parent","grid-33"],"yoast_head":"<!-- This site is optimized with the Yoast SEO plugin v24.0 - https:\/\/yoast.com\/wordpress\/plugins\/seo\/ -->\n<title>L&#039;application Gemini de Google obtient l&#039;\u00e9dition d&#039;image AI | Vie Associative<\/title>\n<meta name=\"robots\" content=\"index, follow, max-snippet:-1, max-image-preview:large, max-video-preview:-1\" \/>\n<link rel=\"canonical\" href=\"https:\/\/vieassociative.be\/actualites\/lapplication-gemini-de-google-obtient-ledition-dimage-ai-2\/\" \/>\n<meta property=\"og:locale\" content=\"fr_FR\" \/>\n<meta property=\"og:type\" content=\"article\" \/>\n<meta property=\"og:title\" content=\"L&#039;application Gemini de Google obtient l&#039;\u00e9dition d&#039;image AI | Vie Associative\" \/>\n<meta property=\"og:description\" content=\"Parlez \u00e0 un chatbot pour modifier rapidement les photos. Google apporte l&rsquo;\u00e9dition d&rsquo;images AI \u00e0 Gemini, ce qui signifie que vous pouvez utiliser des invites\" \/>\n<meta property=\"og:url\" content=\"https:\/\/vieassociative.be\/actualites\/lapplication-gemini-de-google-obtient-ledition-dimage-ai-2\/\" \/>\n<meta property=\"og:site_name\" content=\"Vie Associative\" \/>\n<meta property=\"article:published_time\" content=\"2025-05-02T11:18:57+00:00\" \/>\n<meta property=\"og:image\" content=\"https:\/\/vieassociative.be\/actualites\/wp-content\/uploads\/2024\/09\/header_backgroundk-01-e1726694325946.png\" \/>\n\t<meta property=\"og:image:width\" content=\"279\" \/>\n\t<meta property=\"og:image:height\" content=\"92\" \/>\n\t<meta property=\"og:image:type\" content=\"image\/png\" \/>\n<meta name=\"author\" content=\"Julien\" \/>\n<meta name=\"twitter:card\" content=\"summary_large_image\" \/>\n<meta name=\"twitter:label1\" content=\"\u00c9crit par\" \/>\n\t<meta name=\"twitter:data1\" content=\"Julien\" \/>\n\t<meta name=\"twitter:label2\" content=\"Dur\u00e9e de lecture est.\" \/>\n\t<meta name=\"twitter:data2\" content=\"2 minutes\" \/>\n<script type=\"application\/ld+json\" class=\"yoast-schema-graph\">{\"@context\":\"https:\/\/schema.org\",\"@graph\":[{\"@type\":\"Article\",\"@id\":\"https:\/\/vieassociative.be\/actualites\/lapplication-gemini-de-google-obtient-ledition-dimage-ai-2\/#article\",\"isPartOf\":{\"@id\":\"https:\/\/vieassociative.be\/actualites\/lapplication-gemini-de-google-obtient-ledition-dimage-ai-2\/\"},\"author\":{\"name\":\"Julien\",\"@id\":\"https:\/\/vieassociative.be\/actualites\/#\/schema\/person\/b87ac4f82f9d4e7b7cec7395b679edc4\"},\"headline\":\"L&rsquo;application Gemini de Google obtient l&rsquo;\u00e9dition d&rsquo;image AI\",\"datePublished\":\"2025-05-02T11:18:57+00:00\",\"dateModified\":\"2025-05-02T11:18:57+00:00\",\"mainEntityOfPage\":{\"@id\":\"https:\/\/vieassociative.be\/actualites\/lapplication-gemini-de-google-obtient-ledition-dimage-ai-2\/\"},\"wordCount\":480,\"publisher\":{\"@id\":\"https:\/\/vieassociative.be\/actualites\/#organization\"},\"image\":{\"@id\":\"https:\/\/vieassociative.be\/actualites\/lapplication-gemini-de-google-obtient-ledition-dimage-ai-2\/#primaryimage\"},\"thumbnailUrl\":\"https:\/\/vieassociative.be\/actualites\/wp-content\/uploads\/2025\/05\/Lapplication-Gemini-de-Google-obtient-ledition-dimage-AI.jpg\",\"keywords\":[\"dimage\",\"Gemini\",\"Google\",\"lapplication\",\"l\u00e9dition\",\"obtient\"],\"articleSection\":[\"Technologie\"],\"inLanguage\":\"fr-BE\"},{\"@type\":\"WebPage\",\"@id\":\"https:\/\/vieassociative.be\/actualites\/lapplication-gemini-de-google-obtient-ledition-dimage-ai-2\/\",\"url\":\"https:\/\/vieassociative.be\/actualites\/lapplication-gemini-de-google-obtient-ledition-dimage-ai-2\/\",\"name\":\"L'application Gemini de Google obtient l'\u00e9dition d'image AI | Vie Associative\",\"isPartOf\":{\"@id\":\"https:\/\/vieassociative.be\/actualites\/#website\"},\"primaryImageOfPage\":{\"@id\":\"https:\/\/vieassociative.be\/actualites\/lapplication-gemini-de-google-obtient-ledition-dimage-ai-2\/#primaryimage\"},\"image\":{\"@id\":\"https:\/\/vieassociative.be\/actualites\/lapplication-gemini-de-google-obtient-ledition-dimage-ai-2\/#primaryimage\"},\"thumbnailUrl\":\"https:\/\/vieassociative.be\/actualites\/wp-content\/uploads\/2025\/05\/Lapplication-Gemini-de-Google-obtient-ledition-dimage-AI.jpg\",\"datePublished\":\"2025-05-02T11:18:57+00:00\",\"dateModified\":\"2025-05-02T11:18:57+00:00\",\"breadcrumb\":{\"@id\":\"https:\/\/vieassociative.be\/actualites\/lapplication-gemini-de-google-obtient-ledition-dimage-ai-2\/#breadcrumb\"},\"inLanguage\":\"fr-BE\",\"potentialAction\":[{\"@type\":\"ReadAction\",\"target\":[\"https:\/\/vieassociative.be\/actualites\/lapplication-gemini-de-google-obtient-ledition-dimage-ai-2\/\"]}]},{\"@type\":\"ImageObject\",\"inLanguage\":\"fr-BE\",\"@id\":\"https:\/\/vieassociative.be\/actualites\/lapplication-gemini-de-google-obtient-ledition-dimage-ai-2\/#primaryimage\",\"url\":\"https:\/\/vieassociative.be\/actualites\/wp-content\/uploads\/2025\/05\/Lapplication-Gemini-de-Google-obtient-ledition-dimage-AI.jpg\",\"contentUrl\":\"https:\/\/vieassociative.be\/actualites\/wp-content\/uploads\/2025\/05\/Lapplication-Gemini-de-Google-obtient-ledition-dimage-AI.jpg\",\"width\":1200,\"height\":675,\"caption\":\"L'application Gemini de Google obtient l'\u00e9dition d'image AI\"},{\"@type\":\"BreadcrumbList\",\"@id\":\"https:\/\/vieassociative.be\/actualites\/lapplication-gemini-de-google-obtient-ledition-dimage-ai-2\/#breadcrumb\",\"itemListElement\":[{\"@type\":\"ListItem\",\"position\":1,\"name\":\"Accueil\",\"item\":\"https:\/\/vieassociative.be\/actualites\/\"},{\"@type\":\"ListItem\",\"position\":2,\"name\":\"L&rsquo;application Gemini de Google obtient l&rsquo;\u00e9dition d&rsquo;image AI\"}]},{\"@type\":\"WebSite\",\"@id\":\"https:\/\/vieassociative.be\/actualites\/#website\",\"url\":\"https:\/\/vieassociative.be\/actualites\/\",\"name\":\"Vie Associative\",\"description\":\"\",\"publisher\":{\"@id\":\"https:\/\/vieassociative.be\/actualites\/#organization\"},\"potentialAction\":[{\"@type\":\"SearchAction\",\"target\":{\"@type\":\"EntryPoint\",\"urlTemplate\":\"https:\/\/vieassociative.be\/actualites\/?s={search_term_string}\"},\"query-input\":{\"@type\":\"PropertyValueSpecification\",\"valueRequired\":true,\"valueName\":\"search_term_string\"}}],\"inLanguage\":\"fr-BE\"},{\"@type\":\"Organization\",\"@id\":\"https:\/\/vieassociative.be\/actualites\/#organization\",\"name\":\"Vie Associative\",\"url\":\"https:\/\/vieassociative.be\/actualites\/\",\"logo\":{\"@type\":\"ImageObject\",\"inLanguage\":\"fr-BE\",\"@id\":\"https:\/\/vieassociative.be\/actualites\/#\/schema\/logo\/image\/\",\"url\":\"https:\/\/vieassociative.be\/actualites\/wp-content\/uploads\/2024\/09\/cropped-vieassociative_favicon.ico.png\",\"contentUrl\":\"https:\/\/vieassociative.be\/actualites\/wp-content\/uploads\/2024\/09\/cropped-vieassociative_favicon.ico.png\",\"width\":512,\"height\":512,\"caption\":\"Vie Associative\"},\"image\":{\"@id\":\"https:\/\/vieassociative.be\/actualites\/#\/schema\/logo\/image\/\"}},{\"@type\":\"Person\",\"@id\":\"https:\/\/vieassociative.be\/actualites\/#\/schema\/person\/b87ac4f82f9d4e7b7cec7395b679edc4\",\"name\":\"Julien\",\"image\":{\"@type\":\"ImageObject\",\"inLanguage\":\"fr-BE\",\"@id\":\"https:\/\/vieassociative.be\/actualites\/#\/schema\/person\/image\/\",\"url\":\"https:\/\/vieassociative.be\/actualites\/wp-content\/uploads\/2024\/09\/vie-associative-1-150x150.jpg\",\"contentUrl\":\"https:\/\/vieassociative.be\/actualites\/wp-content\/uploads\/2024\/09\/vie-associative-1-150x150.jpg\",\"caption\":\"Julien\"},\"description\":\"Je suis Julien, r\u00e9dacteur pour Vie Associative. Passionn\u00e9 par le monde associatif depuis plus de 10 ans, j'ai \u00e0 c\u0153ur de partager des histoires inspirantes et de mettre en lumi\u00e8re les initiatives locales. Mon objectif est de sensibiliser et d'encourager l'engagement communautaire \u00e0 travers mes articles.\",\"sameAs\":[\"https:\/\/vieassociative.be\/\"]}]}<\/script>\n<!-- \/ Yoast SEO plugin. -->","yoast_head_json":{"title":"L'application Gemini de Google obtient l'\u00e9dition d'image AI | Vie Associative","robots":{"index":"index","follow":"follow","max-snippet":"max-snippet:-1","max-image-preview":"max-image-preview:large","max-video-preview":"max-video-preview:-1"},"canonical":"https:\/\/vieassociative.be\/actualites\/lapplication-gemini-de-google-obtient-ledition-dimage-ai-2\/","og_locale":"fr_FR","og_type":"article","og_title":"L'application Gemini de Google obtient l'\u00e9dition d'image AI | Vie Associative","og_description":"Parlez \u00e0 un chatbot pour modifier rapidement les photos. Google apporte l&rsquo;\u00e9dition d&rsquo;images AI \u00e0 Gemini, ce qui signifie que vous pouvez utiliser des invites","og_url":"https:\/\/vieassociative.be\/actualites\/lapplication-gemini-de-google-obtient-ledition-dimage-ai-2\/","og_site_name":"Vie Associative","article_published_time":"2025-05-02T11:18:57+00:00","og_image":[{"width":279,"height":92,"url":"https:\/\/vieassociative.be\/actualites\/wp-content\/uploads\/2024\/09\/header_backgroundk-01-e1726694325946.png","type":"image\/png"}],"author":"Julien","twitter_card":"summary_large_image","twitter_misc":{"\u00c9crit par":"Julien","Dur\u00e9e de lecture est.":"2 minutes"},"schema":{"@context":"https:\/\/schema.org","@graph":[{"@type":"Article","@id":"https:\/\/vieassociative.be\/actualites\/lapplication-gemini-de-google-obtient-ledition-dimage-ai-2\/#article","isPartOf":{"@id":"https:\/\/vieassociative.be\/actualites\/lapplication-gemini-de-google-obtient-ledition-dimage-ai-2\/"},"author":{"name":"Julien","@id":"https:\/\/vieassociative.be\/actualites\/#\/schema\/person\/b87ac4f82f9d4e7b7cec7395b679edc4"},"headline":"L&rsquo;application Gemini de Google obtient l&rsquo;\u00e9dition d&rsquo;image AI","datePublished":"2025-05-02T11:18:57+00:00","dateModified":"2025-05-02T11:18:57+00:00","mainEntityOfPage":{"@id":"https:\/\/vieassociative.be\/actualites\/lapplication-gemini-de-google-obtient-ledition-dimage-ai-2\/"},"wordCount":480,"publisher":{"@id":"https:\/\/vieassociative.be\/actualites\/#organization"},"image":{"@id":"https:\/\/vieassociative.be\/actualites\/lapplication-gemini-de-google-obtient-ledition-dimage-ai-2\/#primaryimage"},"thumbnailUrl":"https:\/\/vieassociative.be\/actualites\/wp-content\/uploads\/2025\/05\/Lapplication-Gemini-de-Google-obtient-ledition-dimage-AI.jpg","keywords":["dimage","Gemini","Google","lapplication","l\u00e9dition","obtient"],"articleSection":["Technologie"],"inLanguage":"fr-BE"},{"@type":"WebPage","@id":"https:\/\/vieassociative.be\/actualites\/lapplication-gemini-de-google-obtient-ledition-dimage-ai-2\/","url":"https:\/\/vieassociative.be\/actualites\/lapplication-gemini-de-google-obtient-ledition-dimage-ai-2\/","name":"L'application Gemini de Google obtient l'\u00e9dition d'image AI | Vie Associative","isPartOf":{"@id":"https:\/\/vieassociative.be\/actualites\/#website"},"primaryImageOfPage":{"@id":"https:\/\/vieassociative.be\/actualites\/lapplication-gemini-de-google-obtient-ledition-dimage-ai-2\/#primaryimage"},"image":{"@id":"https:\/\/vieassociative.be\/actualites\/lapplication-gemini-de-google-obtient-ledition-dimage-ai-2\/#primaryimage"},"thumbnailUrl":"https:\/\/vieassociative.be\/actualites\/wp-content\/uploads\/2025\/05\/Lapplication-Gemini-de-Google-obtient-ledition-dimage-AI.jpg","datePublished":"2025-05-02T11:18:57+00:00","dateModified":"2025-05-02T11:18:57+00:00","breadcrumb":{"@id":"https:\/\/vieassociative.be\/actualites\/lapplication-gemini-de-google-obtient-ledition-dimage-ai-2\/#breadcrumb"},"inLanguage":"fr-BE","potentialAction":[{"@type":"ReadAction","target":["https:\/\/vieassociative.be\/actualites\/lapplication-gemini-de-google-obtient-ledition-dimage-ai-2\/"]}]},{"@type":"ImageObject","inLanguage":"fr-BE","@id":"https:\/\/vieassociative.be\/actualites\/lapplication-gemini-de-google-obtient-ledition-dimage-ai-2\/#primaryimage","url":"https:\/\/vieassociative.be\/actualites\/wp-content\/uploads\/2025\/05\/Lapplication-Gemini-de-Google-obtient-ledition-dimage-AI.jpg","contentUrl":"https:\/\/vieassociative.be\/actualites\/wp-content\/uploads\/2025\/05\/Lapplication-Gemini-de-Google-obtient-ledition-dimage-AI.jpg","width":1200,"height":675,"caption":"L'application Gemini de Google obtient l'\u00e9dition d'image AI"},{"@type":"BreadcrumbList","@id":"https:\/\/vieassociative.be\/actualites\/lapplication-gemini-de-google-obtient-ledition-dimage-ai-2\/#breadcrumb","itemListElement":[{"@type":"ListItem","position":1,"name":"Accueil","item":"https:\/\/vieassociative.be\/actualites\/"},{"@type":"ListItem","position":2,"name":"L&rsquo;application Gemini de Google obtient l&rsquo;\u00e9dition d&rsquo;image AI"}]},{"@type":"WebSite","@id":"https:\/\/vieassociative.be\/actualites\/#website","url":"https:\/\/vieassociative.be\/actualites\/","name":"Vie Associative","description":"","publisher":{"@id":"https:\/\/vieassociative.be\/actualites\/#organization"},"potentialAction":[{"@type":"SearchAction","target":{"@type":"EntryPoint","urlTemplate":"https:\/\/vieassociative.be\/actualites\/?s={search_term_string}"},"query-input":{"@type":"PropertyValueSpecification","valueRequired":true,"valueName":"search_term_string"}}],"inLanguage":"fr-BE"},{"@type":"Organization","@id":"https:\/\/vieassociative.be\/actualites\/#organization","name":"Vie Associative","url":"https:\/\/vieassociative.be\/actualites\/","logo":{"@type":"ImageObject","inLanguage":"fr-BE","@id":"https:\/\/vieassociative.be\/actualites\/#\/schema\/logo\/image\/","url":"https:\/\/vieassociative.be\/actualites\/wp-content\/uploads\/2024\/09\/cropped-vieassociative_favicon.ico.png","contentUrl":"https:\/\/vieassociative.be\/actualites\/wp-content\/uploads\/2024\/09\/cropped-vieassociative_favicon.ico.png","width":512,"height":512,"caption":"Vie Associative"},"image":{"@id":"https:\/\/vieassociative.be\/actualites\/#\/schema\/logo\/image\/"}},{"@type":"Person","@id":"https:\/\/vieassociative.be\/actualites\/#\/schema\/person\/b87ac4f82f9d4e7b7cec7395b679edc4","name":"Julien","image":{"@type":"ImageObject","inLanguage":"fr-BE","@id":"https:\/\/vieassociative.be\/actualites\/#\/schema\/person\/image\/","url":"https:\/\/vieassociative.be\/actualites\/wp-content\/uploads\/2024\/09\/vie-associative-1-150x150.jpg","contentUrl":"https:\/\/vieassociative.be\/actualites\/wp-content\/uploads\/2024\/09\/vie-associative-1-150x150.jpg","caption":"Julien"},"description":"Je suis Julien, r\u00e9dacteur pour Vie Associative. Passionn\u00e9 par le monde associatif depuis plus de 10 ans, j'ai \u00e0 c\u0153ur de partager des histoires inspirantes et de mettre en lumi\u00e8re les initiatives locales. Mon objectif est de sensibiliser et d'encourager l'engagement communautaire \u00e0 travers mes articles.","sameAs":["https:\/\/vieassociative.be\/"]}]}},"_links":{"self":[{"href":"https:\/\/vieassociative.be\/actualites\/wp-json\/wp\/v2\/posts\/7226"}],"collection":[{"href":"https:\/\/vieassociative.be\/actualites\/wp-json\/wp\/v2\/posts"}],"about":[{"href":"https:\/\/vieassociative.be\/actualites\/wp-json\/wp\/v2\/types\/post"}],"author":[{"embeddable":true,"href":"https:\/\/vieassociative.be\/actualites\/wp-json\/wp\/v2\/users\/1"}],"replies":[{"embeddable":true,"href":"https:\/\/vieassociative.be\/actualites\/wp-json\/wp\/v2\/comments?post=7226"}],"version-history":[{"count":0,"href":"https:\/\/vieassociative.be\/actualites\/wp-json\/wp\/v2\/posts\/7226\/revisions"}],"wp:featuredmedia":[{"embeddable":true,"href":"https:\/\/vieassociative.be\/actualites\/wp-json\/wp\/v2\/media\/7214"}],"wp:attachment":[{"href":"https:\/\/vieassociative.be\/actualites\/wp-json\/wp\/v2\/media?parent=7226"}],"wp:term":[{"taxonomy":"category","embeddable":true,"href":"https:\/\/vieassociative.be\/actualites\/wp-json\/wp\/v2\/categories?post=7226"},{"taxonomy":"post_tag","embeddable":true,"href":"https:\/\/vieassociative.be\/actualites\/wp-json\/wp\/v2\/tags?post=7226"}],"curies":[{"name":"wp","href":"https:\/\/api.w.org\/{rel}","templated":true}]}}