{"id":7222,"date":"2025-05-02T10:17:02","date_gmt":"2025-05-02T08:17:02","guid":{"rendered":"https:\/\/vieassociative.be\/actualites\/il-y-a-exactement-50-ans-la-guerre-cruelle-du-vietnam-sest-terminee-par-une-defaite-historique-des-etats-unis\/"},"modified":"2025-05-02T10:17:02","modified_gmt":"2025-05-02T08:17:02","slug":"il-y-a-exactement-50-ans-la-guerre-cruelle-du-vietnam-sest-terminee-par-une-defaite-historique-des-etats-unis","status":"publish","type":"post","link":"https:\/\/vieassociative.be\/actualites\/il-y-a-exactement-50-ans-la-guerre-cruelle-du-vietnam-sest-terminee-par-une-defaite-historique-des-etats-unis\/","title":{"rendered":"Il y a exactement 50 ans, la guerre cruelle du Vietnam s&rsquo;est termin\u00e9e par une d\u00e9faite historique des \u00c9tats-Unis"},"content":{"rendered":"<p><strong>La guerre du Vietnam s&rsquo;est termin\u00e9e il y a 50 ans &#8211; avec une d\u00e9faite honteuse pour les \u00c9tats-Unis. Qu&rsquo;est-ce qui est rest\u00e9 du conflit cruel auquel tant de films et de chansons ont \u00e9t\u00e9 consacr\u00e9s? Une recherche de traces.<\/strong><\/p>\n<p><span id=\"more-414477\"><\/span>La guerre du Vietnam. La plupart du mot vient imm\u00e9diatement \u00e0 l&rsquo;esprit des sc\u00e8nes de superproductions am\u00e9ricaines telles que \u00ab\u00a0Platoon\u00a0\u00bb ou \u00ab\u00a0Apocalypse Now\u00a0\u00bb. Les h\u00e9licopt\u00e8res militaires colorants kaki volent vers les sons des hymnes de protestation alors de Joan Baez \u00e0 Bob Dylan. Le traumatisme et la peur de la mort, de la folie et de la col\u00e8re &#8211; accompagn\u00e9s de la bande originale d&rsquo;un mouvement de paix bruyant.<\/p>\n<div id=\"attachment_321529\" class=\"wp-caption alignleft\" style=\"max-width: 300px\"><img fetchpriority=\"high\" decoding=\"async\" class=\"wp-image-321529 size-medium\" src=\"https:\/\/vieassociative.be\/actualites\/wp-content\/uploads\/2025\/05\/Il-y-a-exactement-50-ans-la-guerre-cruelle-du.jpeg\" alt=\"\" width=\"300\" height=\"220\"><\/p>\n<p class=\"wp-caption-text\">8 juin 1972, Vietnam, Trang Bang: Kim Phuc Phan Thi (M), \u00e2g\u00e9 de neuf ans, s&rsquo;enfuit nue avec ses fr\u00e8res et cousins \u200b\u200bd&rsquo;une attaque de napalm. C&rsquo;est l&rsquo;un des enregistrements les plus m\u00e9morables du 20e si\u00e8cle. Photo: Nick UT \/ AP \/ DPA<\/p>\n<\/div>\n<p>Peu d&rsquo;\u00e9v\u00e9nements de l&rsquo;histoire ont d\u00e9clench\u00e9 des manifestations violentes que les \u00c9tats-Unis interf\u00e9rence dans cet enfer de guerre lointain. Ce mercredi, la fin du conflit sanglant est pour la 50e fois. Le 30 avril 1975, les troupes nord-vietnamiennes ont march\u00e9 dans la capitale sud-vietnamienne Saigon.<\/p>\n<p>Pour le pays, le 30 avril signifie \u00e9galement sa r\u00e9unification. \u00c0 l&rsquo;occasion de l&rsquo;anniversaire, le gouvernement pr\u00e9voit d&rsquo;\u00e9normes c\u00e9l\u00e9brations, y compris le d\u00e9fil\u00e9 militaire. Certains Am\u00e9ricains qui sont encore en fl\u00e9au aujourd&rsquo;hui sont venus &#8211; y compris des soldats et des militants. \u00ab\u00a0\u00c0 l&rsquo;\u00e9poque, j&rsquo;\u00e9tais un activiste de la paix et je me suis assis dans mon pays d&rsquo;origine en prison\u00a0\u00bb, explique Bill de l&rsquo;\u00c9tat am\u00e9ricain de Floride. Il a des larmes aux yeux quand il dit: \u00ab\u00a0C&rsquo;\u00e9tait tr\u00e8s important pour moi de venir au Vietnam \u00e0 l&rsquo;anniversaire pour avoir mon honneur ici.\u00a0\u00bb<\/p>\n<div id=\"attachment_352143\" class=\"wp-caption alignleft\" style=\"max-width: 300px\"><img decoding=\"async\" class=\"wp-image-352143 size-medium\" src=\"https:\/\/vieassociative.be\/actualites\/wp-content\/uploads\/2025\/05\/1746173822_243_Il-y-a-exactement-50-ans-la-guerre-cruelle-du.jpeg\" alt=\"\" width=\"300\" height=\"219\"  ><\/p>\n<p class=\"wp-caption-text\">27\/01\/1973, France, Paris: les deux n\u00e9gociateurs en chef Henry Kissinger (\u00c9tats-Unis, R) et Le Duc Tho (Nordvietnam) dans les n\u00e9gociations de paix au d\u00e9but de Paris au d\u00e9but de 1973. Photo: UPI \/ DPA<\/p>\n<\/div>\n<p><b>&#8211; De quoi a \u00e9t\u00e9 la guerre? <\/b>L&rsquo;histoire de cette sanglante guerre de la jungle est complexe et compliqu\u00e9e. Il a commenc\u00e9 peu de temps apr\u00e8s l&rsquo;ind\u00e9pendance du pouvoir colonial de la France de longue date et a dur\u00e9 pr\u00e8s de 20 ans, de 1955 \u00e0 1975. Depuis le milieu des ann\u00e9es 1960, les \u00c9tats-Unis ont m\u00e9lang\u00e9 les \u00c9tats-Unis et soutenu les troupes sud-vietnamiennes en essayant d&#8217;emp\u00eacher le communisme en Asie du Sud-Est. Au Vietnam, le conflit sanglant est appel\u00e9 \u00ab\u00a0la guerre am\u00e9ricaine\u00a0\u00bb (\u00ab\u00a0la guerre am\u00e9ricaine\u00a0\u00bb).<\/p>\n<p>Les Nord-Vietnamiens ont agi sous le nom de \u00ab\u00a0Front national pour la lib\u00e9ration du Sud-Vietnam\u00a0\u00bb &#8211; pour faire court appel\u00e9 \u00ab\u00a0Vietcong\u00a0\u00bb. Ils ont \u00e9t\u00e9 soutenus par l&rsquo;Union sovi\u00e9tique de l&rsquo;\u00e9poque. Son chef \u00e9tait Ho Chi Minh, appel\u00e9 avec amour \u00ab\u00a0Oncle Ho\u00a0\u00bb, qui est toujours ador\u00e9 comme un saint dans le Vietnam communiste. Saigon est officiellement Ho-Chi-Minh-Stadt depuis la fin de la guerre.<\/p>\n<p><b>&#8211; d\u00e9faite honteuse pour les \u00c9tats-Unis: <\/b>Lorsque les \u00c9tats-Unis se sont retir\u00e9s de la guerre en 1973, ils avaient perdu la premi\u00e8re grande d\u00e9faite militaire dans son histoire et perdu 58 000 soldats. Malgr\u00e9 l&rsquo;utilisation d&rsquo;armes horribles telles que le mat\u00e9riau de combat en feu et \u00ab\u00a0l&rsquo;agent orange\u00a0\u00bb &#8211; un agent de d\u00e9filance toxique \u00e9lev\u00e9 &#8211; le GI n&rsquo;avait finalement aucune chance contre les tactiques de gu\u00e9rilla sophistiqu\u00e9es du Vietcong.<\/p>\n<p>\u00c0 ce jour, les communistes victorieux r\u00e8gnent. Ils gardent la m\u00e9moire de la guerre, qui, selon les estimations, a co\u00fbt\u00e9 deux \u00e0 cinq millions de vies vietnamiennes, \u00e9galement en vie &#8211; \u00e9galement pour les touristes. (DPA)<\/p>\n","protected":false},"excerpt":{"rendered":"<p>La guerre du Vietnam s&rsquo;est termin\u00e9e il y a 50 ans &#8211; avec une d\u00e9faite honteuse pour les \u00c9tats-Unis. Qu&rsquo;est-ce qui est rest\u00e9 du conflit<\/p>\n","protected":false},"author":1,"featured_media":7223,"comment_status":"","ping_status":"","sticky":false,"template":"","format":"standard","meta":{"footnotes":""},"categories":[298],"tags":[584,6761,2350,29,290,5128,2637,2840,676,3119,3120,110,6762],"class_list":["post-7222","post","type-post","status-publish","format-standard","has-post-thumbnail","hentry","category-belgique","tag-ans","tag-cruelle","tag-defaite","tag-des","tag-etatsunis","tag-exactement","tag-guerre","tag-historique","tag-par","tag-sest","tag-terminee","tag-une","tag-vietnam","generate-columns","tablet-grid-50","mobile-grid-100","grid-parent","grid-33"],"yoast_head":"<!-- This site is optimized with the Yoast SEO plugin v24.0 - https:\/\/yoast.com\/wordpress\/plugins\/seo\/ -->\n<title>Il y a exactement 50 ans, la guerre cruelle du Vietnam s&#039;est termin\u00e9e par une d\u00e9faite historique des \u00c9tats-Unis | Vie Associative<\/title>\n<meta name=\"robots\" content=\"index, follow, max-snippet:-1, max-image-preview:large, max-video-preview:-1\" \/>\n<link rel=\"canonical\" href=\"https:\/\/vieassociative.be\/actualites\/il-y-a-exactement-50-ans-la-guerre-cruelle-du-vietnam-sest-terminee-par-une-defaite-historique-des-etats-unis\/\" \/>\n<meta property=\"og:locale\" content=\"fr_FR\" \/>\n<meta property=\"og:type\" content=\"article\" \/>\n<meta property=\"og:title\" content=\"Il y a exactement 50 ans, la guerre cruelle du Vietnam s&#039;est termin\u00e9e par une d\u00e9faite historique des \u00c9tats-Unis | Vie Associative\" \/>\n<meta property=\"og:description\" content=\"La guerre du Vietnam s&rsquo;est termin\u00e9e il y a 50 ans &#8211; avec une d\u00e9faite honteuse pour les \u00c9tats-Unis. Qu&rsquo;est-ce qui est rest\u00e9 du conflit\" \/>\n<meta property=\"og:url\" content=\"https:\/\/vieassociative.be\/actualites\/il-y-a-exactement-50-ans-la-guerre-cruelle-du-vietnam-sest-terminee-par-une-defaite-historique-des-etats-unis\/\" \/>\n<meta property=\"og:site_name\" content=\"Vie Associative\" \/>\n<meta property=\"article:published_time\" content=\"2025-05-02T08:17:02+00:00\" \/>\n<meta property=\"og:image\" content=\"https:\/\/vieassociative.be\/actualites\/wp-content\/uploads\/2024\/09\/header_backgroundk-01-e1726694325946.png\" \/>\n\t<meta property=\"og:image:width\" content=\"279\" \/>\n\t<meta property=\"og:image:height\" content=\"92\" \/>\n\t<meta property=\"og:image:type\" content=\"image\/png\" \/>\n<meta name=\"author\" content=\"Julien\" \/>\n<meta name=\"twitter:card\" content=\"summary_large_image\" \/>\n<meta name=\"twitter:label1\" content=\"\u00c9crit par\" \/>\n\t<meta name=\"twitter:data1\" content=\"Julien\" \/>\n\t<meta name=\"twitter:label2\" content=\"Dur\u00e9e de lecture est.\" \/>\n\t<meta name=\"twitter:data2\" content=\"3 minutes\" \/>\n<script type=\"application\/ld+json\" class=\"yoast-schema-graph\">{\"@context\":\"https:\/\/schema.org\",\"@graph\":[{\"@type\":\"Article\",\"@id\":\"https:\/\/vieassociative.be\/actualites\/il-y-a-exactement-50-ans-la-guerre-cruelle-du-vietnam-sest-terminee-par-une-defaite-historique-des-etats-unis\/#article\",\"isPartOf\":{\"@id\":\"https:\/\/vieassociative.be\/actualites\/il-y-a-exactement-50-ans-la-guerre-cruelle-du-vietnam-sest-terminee-par-une-defaite-historique-des-etats-unis\/\"},\"author\":{\"name\":\"Julien\",\"@id\":\"https:\/\/vieassociative.be\/actualites\/#\/schema\/person\/b87ac4f82f9d4e7b7cec7395b679edc4\"},\"headline\":\"Il y a exactement 50 ans, la guerre cruelle du Vietnam s&rsquo;est termin\u00e9e par une d\u00e9faite historique des \u00c9tats-Unis\",\"datePublished\":\"2025-05-02T08:17:02+00:00\",\"dateModified\":\"2025-05-02T08:17:02+00:00\",\"mainEntityOfPage\":{\"@id\":\"https:\/\/vieassociative.be\/actualites\/il-y-a-exactement-50-ans-la-guerre-cruelle-du-vietnam-sest-terminee-par-une-defaite-historique-des-etats-unis\/\"},\"wordCount\":653,\"publisher\":{\"@id\":\"https:\/\/vieassociative.be\/actualites\/#organization\"},\"image\":{\"@id\":\"https:\/\/vieassociative.be\/actualites\/il-y-a-exactement-50-ans-la-guerre-cruelle-du-vietnam-sest-terminee-par-une-defaite-historique-des-etats-unis\/#primaryimage\"},\"thumbnailUrl\":\"https:\/\/vieassociative.be\/actualites\/wp-content\/uploads\/2025\/05\/Il-y-a-exactement-50-ans-la-guerre-cruelle-du.jpg\",\"keywords\":[\"ans\",\"cruelle\",\"D\u00e9faite\",\"Des\",\"\u00c9tatsUnis\",\"exactement\",\"guerre\",\"historique\",\"par\",\"sest\",\"termin\u00e9e\",\"une\",\"Vietnam\"],\"articleSection\":[\"Belgique\"],\"inLanguage\":\"fr-BE\"},{\"@type\":\"WebPage\",\"@id\":\"https:\/\/vieassociative.be\/actualites\/il-y-a-exactement-50-ans-la-guerre-cruelle-du-vietnam-sest-terminee-par-une-defaite-historique-des-etats-unis\/\",\"url\":\"https:\/\/vieassociative.be\/actualites\/il-y-a-exactement-50-ans-la-guerre-cruelle-du-vietnam-sest-terminee-par-une-defaite-historique-des-etats-unis\/\",\"name\":\"Il y a exactement 50 ans, la guerre cruelle du Vietnam s'est termin\u00e9e par une d\u00e9faite historique des \u00c9tats-Unis | Vie Associative\",\"isPartOf\":{\"@id\":\"https:\/\/vieassociative.be\/actualites\/#website\"},\"primaryImageOfPage\":{\"@id\":\"https:\/\/vieassociative.be\/actualites\/il-y-a-exactement-50-ans-la-guerre-cruelle-du-vietnam-sest-terminee-par-une-defaite-historique-des-etats-unis\/#primaryimage\"},\"image\":{\"@id\":\"https:\/\/vieassociative.be\/actualites\/il-y-a-exactement-50-ans-la-guerre-cruelle-du-vietnam-sest-terminee-par-une-defaite-historique-des-etats-unis\/#primaryimage\"},\"thumbnailUrl\":\"https:\/\/vieassociative.be\/actualites\/wp-content\/uploads\/2025\/05\/Il-y-a-exactement-50-ans-la-guerre-cruelle-du.jpg\",\"datePublished\":\"2025-05-02T08:17:02+00:00\",\"dateModified\":\"2025-05-02T08:17:02+00:00\",\"breadcrumb\":{\"@id\":\"https:\/\/vieassociative.be\/actualites\/il-y-a-exactement-50-ans-la-guerre-cruelle-du-vietnam-sest-terminee-par-une-defaite-historique-des-etats-unis\/#breadcrumb\"},\"inLanguage\":\"fr-BE\",\"potentialAction\":[{\"@type\":\"ReadAction\",\"target\":[\"https:\/\/vieassociative.be\/actualites\/il-y-a-exactement-50-ans-la-guerre-cruelle-du-vietnam-sest-terminee-par-une-defaite-historique-des-etats-unis\/\"]}]},{\"@type\":\"ImageObject\",\"inLanguage\":\"fr-BE\",\"@id\":\"https:\/\/vieassociative.be\/actualites\/il-y-a-exactement-50-ans-la-guerre-cruelle-du-vietnam-sest-terminee-par-une-defaite-historique-des-etats-unis\/#primaryimage\",\"url\":\"https:\/\/vieassociative.be\/actualites\/wp-content\/uploads\/2025\/05\/Il-y-a-exactement-50-ans-la-guerre-cruelle-du.jpg\",\"contentUrl\":\"https:\/\/vieassociative.be\/actualites\/wp-content\/uploads\/2025\/05\/Il-y-a-exactement-50-ans-la-guerre-cruelle-du.jpg\",\"width\":1200,\"height\":800,\"caption\":\"Il y a exactement 50 ans, la guerre cruelle du Vietnam s'est termin\u00e9e par une d\u00e9faite historique des \u00c9tats-Unis\"},{\"@type\":\"BreadcrumbList\",\"@id\":\"https:\/\/vieassociative.be\/actualites\/il-y-a-exactement-50-ans-la-guerre-cruelle-du-vietnam-sest-terminee-par-une-defaite-historique-des-etats-unis\/#breadcrumb\",\"itemListElement\":[{\"@type\":\"ListItem\",\"position\":1,\"name\":\"Accueil\",\"item\":\"https:\/\/vieassociative.be\/actualites\/\"},{\"@type\":\"ListItem\",\"position\":2,\"name\":\"Il y a exactement 50 ans, la guerre cruelle du Vietnam s&rsquo;est termin\u00e9e par une d\u00e9faite historique des \u00c9tats-Unis\"}]},{\"@type\":\"WebSite\",\"@id\":\"https:\/\/vieassociative.be\/actualites\/#website\",\"url\":\"https:\/\/vieassociative.be\/actualites\/\",\"name\":\"Vie Associative\",\"description\":\"\",\"publisher\":{\"@id\":\"https:\/\/vieassociative.be\/actualites\/#organization\"},\"potentialAction\":[{\"@type\":\"SearchAction\",\"target\":{\"@type\":\"EntryPoint\",\"urlTemplate\":\"https:\/\/vieassociative.be\/actualites\/?s={search_term_string}\"},\"query-input\":{\"@type\":\"PropertyValueSpecification\",\"valueRequired\":true,\"valueName\":\"search_term_string\"}}],\"inLanguage\":\"fr-BE\"},{\"@type\":\"Organization\",\"@id\":\"https:\/\/vieassociative.be\/actualites\/#organization\",\"name\":\"Vie Associative\",\"url\":\"https:\/\/vieassociative.be\/actualites\/\",\"logo\":{\"@type\":\"ImageObject\",\"inLanguage\":\"fr-BE\",\"@id\":\"https:\/\/vieassociative.be\/actualites\/#\/schema\/logo\/image\/\",\"url\":\"https:\/\/vieassociative.be\/actualites\/wp-content\/uploads\/2024\/09\/cropped-vieassociative_favicon.ico.png\",\"contentUrl\":\"https:\/\/vieassociative.be\/actualites\/wp-content\/uploads\/2024\/09\/cropped-vieassociative_favicon.ico.png\",\"width\":512,\"height\":512,\"caption\":\"Vie Associative\"},\"image\":{\"@id\":\"https:\/\/vieassociative.be\/actualites\/#\/schema\/logo\/image\/\"}},{\"@type\":\"Person\",\"@id\":\"https:\/\/vieassociative.be\/actualites\/#\/schema\/person\/b87ac4f82f9d4e7b7cec7395b679edc4\",\"name\":\"Julien\",\"image\":{\"@type\":\"ImageObject\",\"inLanguage\":\"fr-BE\",\"@id\":\"https:\/\/vieassociative.be\/actualites\/#\/schema\/person\/image\/\",\"url\":\"https:\/\/vieassociative.be\/actualites\/wp-content\/uploads\/2024\/09\/vie-associative-1-150x150.jpg\",\"contentUrl\":\"https:\/\/vieassociative.be\/actualites\/wp-content\/uploads\/2024\/09\/vie-associative-1-150x150.jpg\",\"caption\":\"Julien\"},\"description\":\"Je suis Julien, r\u00e9dacteur pour Vie Associative. Passionn\u00e9 par le monde associatif depuis plus de 10 ans, j'ai \u00e0 c\u0153ur de partager des histoires inspirantes et de mettre en lumi\u00e8re les initiatives locales. Mon objectif est de sensibiliser et d'encourager l'engagement communautaire \u00e0 travers mes articles.\",\"sameAs\":[\"https:\/\/vieassociative.be\/\"]}]}<\/script>\n<!-- \/ Yoast SEO plugin. -->","yoast_head_json":{"title":"Il y a exactement 50 ans, la guerre cruelle du Vietnam s'est termin\u00e9e par une d\u00e9faite historique des \u00c9tats-Unis | Vie Associative","robots":{"index":"index","follow":"follow","max-snippet":"max-snippet:-1","max-image-preview":"max-image-preview:large","max-video-preview":"max-video-preview:-1"},"canonical":"https:\/\/vieassociative.be\/actualites\/il-y-a-exactement-50-ans-la-guerre-cruelle-du-vietnam-sest-terminee-par-une-defaite-historique-des-etats-unis\/","og_locale":"fr_FR","og_type":"article","og_title":"Il y a exactement 50 ans, la guerre cruelle du Vietnam s'est termin\u00e9e par une d\u00e9faite historique des \u00c9tats-Unis | Vie Associative","og_description":"La guerre du Vietnam s&rsquo;est termin\u00e9e il y a 50 ans &#8211; avec une d\u00e9faite honteuse pour les \u00c9tats-Unis. Qu&rsquo;est-ce qui est rest\u00e9 du conflit","og_url":"https:\/\/vieassociative.be\/actualites\/il-y-a-exactement-50-ans-la-guerre-cruelle-du-vietnam-sest-terminee-par-une-defaite-historique-des-etats-unis\/","og_site_name":"Vie Associative","article_published_time":"2025-05-02T08:17:02+00:00","og_image":[{"width":279,"height":92,"url":"https:\/\/vieassociative.be\/actualites\/wp-content\/uploads\/2024\/09\/header_backgroundk-01-e1726694325946.png","type":"image\/png"}],"author":"Julien","twitter_card":"summary_large_image","twitter_misc":{"\u00c9crit par":"Julien","Dur\u00e9e de lecture est.":"3 minutes"},"schema":{"@context":"https:\/\/schema.org","@graph":[{"@type":"Article","@id":"https:\/\/vieassociative.be\/actualites\/il-y-a-exactement-50-ans-la-guerre-cruelle-du-vietnam-sest-terminee-par-une-defaite-historique-des-etats-unis\/#article","isPartOf":{"@id":"https:\/\/vieassociative.be\/actualites\/il-y-a-exactement-50-ans-la-guerre-cruelle-du-vietnam-sest-terminee-par-une-defaite-historique-des-etats-unis\/"},"author":{"name":"Julien","@id":"https:\/\/vieassociative.be\/actualites\/#\/schema\/person\/b87ac4f82f9d4e7b7cec7395b679edc4"},"headline":"Il y a exactement 50 ans, la guerre cruelle du Vietnam s&rsquo;est termin\u00e9e par une d\u00e9faite historique des \u00c9tats-Unis","datePublished":"2025-05-02T08:17:02+00:00","dateModified":"2025-05-02T08:17:02+00:00","mainEntityOfPage":{"@id":"https:\/\/vieassociative.be\/actualites\/il-y-a-exactement-50-ans-la-guerre-cruelle-du-vietnam-sest-terminee-par-une-defaite-historique-des-etats-unis\/"},"wordCount":653,"publisher":{"@id":"https:\/\/vieassociative.be\/actualites\/#organization"},"image":{"@id":"https:\/\/vieassociative.be\/actualites\/il-y-a-exactement-50-ans-la-guerre-cruelle-du-vietnam-sest-terminee-par-une-defaite-historique-des-etats-unis\/#primaryimage"},"thumbnailUrl":"https:\/\/vieassociative.be\/actualites\/wp-content\/uploads\/2025\/05\/Il-y-a-exactement-50-ans-la-guerre-cruelle-du.jpg","keywords":["ans","cruelle","D\u00e9faite","Des","\u00c9tatsUnis","exactement","guerre","historique","par","sest","termin\u00e9e","une","Vietnam"],"articleSection":["Belgique"],"inLanguage":"fr-BE"},{"@type":"WebPage","@id":"https:\/\/vieassociative.be\/actualites\/il-y-a-exactement-50-ans-la-guerre-cruelle-du-vietnam-sest-terminee-par-une-defaite-historique-des-etats-unis\/","url":"https:\/\/vieassociative.be\/actualites\/il-y-a-exactement-50-ans-la-guerre-cruelle-du-vietnam-sest-terminee-par-une-defaite-historique-des-etats-unis\/","name":"Il y a exactement 50 ans, la guerre cruelle du Vietnam s'est termin\u00e9e par une d\u00e9faite historique des \u00c9tats-Unis | Vie Associative","isPartOf":{"@id":"https:\/\/vieassociative.be\/actualites\/#website"},"primaryImageOfPage":{"@id":"https:\/\/vieassociative.be\/actualites\/il-y-a-exactement-50-ans-la-guerre-cruelle-du-vietnam-sest-terminee-par-une-defaite-historique-des-etats-unis\/#primaryimage"},"image":{"@id":"https:\/\/vieassociative.be\/actualites\/il-y-a-exactement-50-ans-la-guerre-cruelle-du-vietnam-sest-terminee-par-une-defaite-historique-des-etats-unis\/#primaryimage"},"thumbnailUrl":"https:\/\/vieassociative.be\/actualites\/wp-content\/uploads\/2025\/05\/Il-y-a-exactement-50-ans-la-guerre-cruelle-du.jpg","datePublished":"2025-05-02T08:17:02+00:00","dateModified":"2025-05-02T08:17:02+00:00","breadcrumb":{"@id":"https:\/\/vieassociative.be\/actualites\/il-y-a-exactement-50-ans-la-guerre-cruelle-du-vietnam-sest-terminee-par-une-defaite-historique-des-etats-unis\/#breadcrumb"},"inLanguage":"fr-BE","potentialAction":[{"@type":"ReadAction","target":["https:\/\/vieassociative.be\/actualites\/il-y-a-exactement-50-ans-la-guerre-cruelle-du-vietnam-sest-terminee-par-une-defaite-historique-des-etats-unis\/"]}]},{"@type":"ImageObject","inLanguage":"fr-BE","@id":"https:\/\/vieassociative.be\/actualites\/il-y-a-exactement-50-ans-la-guerre-cruelle-du-vietnam-sest-terminee-par-une-defaite-historique-des-etats-unis\/#primaryimage","url":"https:\/\/vieassociative.be\/actualites\/wp-content\/uploads\/2025\/05\/Il-y-a-exactement-50-ans-la-guerre-cruelle-du.jpg","contentUrl":"https:\/\/vieassociative.be\/actualites\/wp-content\/uploads\/2025\/05\/Il-y-a-exactement-50-ans-la-guerre-cruelle-du.jpg","width":1200,"height":800,"caption":"Il y a exactement 50 ans, la guerre cruelle du Vietnam s'est termin\u00e9e par une d\u00e9faite historique des \u00c9tats-Unis"},{"@type":"BreadcrumbList","@id":"https:\/\/vieassociative.be\/actualites\/il-y-a-exactement-50-ans-la-guerre-cruelle-du-vietnam-sest-terminee-par-une-defaite-historique-des-etats-unis\/#breadcrumb","itemListElement":[{"@type":"ListItem","position":1,"name":"Accueil","item":"https:\/\/vieassociative.be\/actualites\/"},{"@type":"ListItem","position":2,"name":"Il y a exactement 50 ans, la guerre cruelle du Vietnam s&rsquo;est termin\u00e9e par une d\u00e9faite historique des \u00c9tats-Unis"}]},{"@type":"WebSite","@id":"https:\/\/vieassociative.be\/actualites\/#website","url":"https:\/\/vieassociative.be\/actualites\/","name":"Vie Associative","description":"","publisher":{"@id":"https:\/\/vieassociative.be\/actualites\/#organization"},"potentialAction":[{"@type":"SearchAction","target":{"@type":"EntryPoint","urlTemplate":"https:\/\/vieassociative.be\/actualites\/?s={search_term_string}"},"query-input":{"@type":"PropertyValueSpecification","valueRequired":true,"valueName":"search_term_string"}}],"inLanguage":"fr-BE"},{"@type":"Organization","@id":"https:\/\/vieassociative.be\/actualites\/#organization","name":"Vie Associative","url":"https:\/\/vieassociative.be\/actualites\/","logo":{"@type":"ImageObject","inLanguage":"fr-BE","@id":"https:\/\/vieassociative.be\/actualites\/#\/schema\/logo\/image\/","url":"https:\/\/vieassociative.be\/actualites\/wp-content\/uploads\/2024\/09\/cropped-vieassociative_favicon.ico.png","contentUrl":"https:\/\/vieassociative.be\/actualites\/wp-content\/uploads\/2024\/09\/cropped-vieassociative_favicon.ico.png","width":512,"height":512,"caption":"Vie Associative"},"image":{"@id":"https:\/\/vieassociative.be\/actualites\/#\/schema\/logo\/image\/"}},{"@type":"Person","@id":"https:\/\/vieassociative.be\/actualites\/#\/schema\/person\/b87ac4f82f9d4e7b7cec7395b679edc4","name":"Julien","image":{"@type":"ImageObject","inLanguage":"fr-BE","@id":"https:\/\/vieassociative.be\/actualites\/#\/schema\/person\/image\/","url":"https:\/\/vieassociative.be\/actualites\/wp-content\/uploads\/2024\/09\/vie-associative-1-150x150.jpg","contentUrl":"https:\/\/vieassociative.be\/actualites\/wp-content\/uploads\/2024\/09\/vie-associative-1-150x150.jpg","caption":"Julien"},"description":"Je suis Julien, r\u00e9dacteur pour Vie Associative. Passionn\u00e9 par le monde associatif depuis plus de 10 ans, j'ai \u00e0 c\u0153ur de partager des histoires inspirantes et de mettre en lumi\u00e8re les initiatives locales. Mon objectif est de sensibiliser et d'encourager l'engagement communautaire \u00e0 travers mes articles.","sameAs":["https:\/\/vieassociative.be\/"]}]}},"_links":{"self":[{"href":"https:\/\/vieassociative.be\/actualites\/wp-json\/wp\/v2\/posts\/7222"}],"collection":[{"href":"https:\/\/vieassociative.be\/actualites\/wp-json\/wp\/v2\/posts"}],"about":[{"href":"https:\/\/vieassociative.be\/actualites\/wp-json\/wp\/v2\/types\/post"}],"author":[{"embeddable":true,"href":"https:\/\/vieassociative.be\/actualites\/wp-json\/wp\/v2\/users\/1"}],"replies":[{"embeddable":true,"href":"https:\/\/vieassociative.be\/actualites\/wp-json\/wp\/v2\/comments?post=7222"}],"version-history":[{"count":0,"href":"https:\/\/vieassociative.be\/actualites\/wp-json\/wp\/v2\/posts\/7222\/revisions"}],"wp:featuredmedia":[{"embeddable":true,"href":"https:\/\/vieassociative.be\/actualites\/wp-json\/wp\/v2\/media\/7223"}],"wp:attachment":[{"href":"https:\/\/vieassociative.be\/actualites\/wp-json\/wp\/v2\/media?parent=7222"}],"wp:term":[{"taxonomy":"category","embeddable":true,"href":"https:\/\/vieassociative.be\/actualites\/wp-json\/wp\/v2\/categories?post=7222"},{"taxonomy":"post_tag","embeddable":true,"href":"https:\/\/vieassociative.be\/actualites\/wp-json\/wp\/v2\/tags?post=7222"}],"curies":[{"name":"wp","href":"https:\/\/api.w.org\/{rel}","templated":true}]}}