{"id":7220,"date":"2025-05-02T09:18:44","date_gmt":"2025-05-02T07:18:44","guid":{"rendered":"https:\/\/vieassociative.be\/actualites\/jutilise-mon-melangeur-stand-pour-une-puree-de-pommes-de-terre-plus-moelleuse\/"},"modified":"2025-05-02T09:18:44","modified_gmt":"2025-05-02T07:18:44","slug":"jutilise-mon-melangeur-stand-pour-une-puree-de-pommes-de-terre-plus-moelleuse","status":"publish","type":"post","link":"https:\/\/vieassociative.be\/actualites\/jutilise-mon-melangeur-stand-pour-une-puree-de-pommes-de-terre-plus-moelleuse\/","title":{"rendered":"J&rsquo;utilise mon m\u00e9langeur stand pour une pur\u00e9e de pommes de terre plus moelleuse"},"content":{"rendered":"<div class=\"mt-4 leading-6 md:mb-8\">Ils sortiront plus l\u00e9gers et plus a\u00e9r\u00e9s que si vous m\u00e9langez \u00e0 la main.<\/div>\n<p><\/p>\n<p>Qu&rsquo;est-il arriv\u00e9 \u00e0 de grosses pommes de terre en pur\u00e9e? Il y a beaucoup de battage m\u00e9diatique pour la vari\u00e9t\u00e9 soyeuse et presque semblable \u00e0 un pudding &#8211; qui semble \u00eatre le seul type servi dans les restaurants ces jours-ci &#8211; mais pour moi, rien ne vaut un tas de pommes de terre bris\u00e9es moelleux parsem\u00e9es de morceaux de tubercule douce et sans faille. <\/p>\n<p>Et si vous aussi \u00eates un partisan de pommes de terre en pur\u00e9e de grosses, vous pouvez utiliser votre m\u00e9langeur stand pour obtenir la meilleure consistance.<\/p>\n<h2 id=\"stand-mixer-versus-hand-mashed-potatoes\">M\u00e9xateur de dons contre pommes de terre \u00e0 la main \u00e0 la main<\/h2>\n<p>Il n&rsquo;y a rien de mal avec les pommes de terre \u00e0 la bouff\u00e9e \u00e0 la main, mais j&rsquo;aimerais apporter une \u00e9crasement de m\u00e9langeur stand \u00e0 votre attention simplement parce qu&rsquo;apr\u00e8s l&rsquo;avoir essay\u00e9, je n&rsquo;ai pas pu m&#8217;emp\u00eacher d&rsquo;appr\u00e9cier la diff\u00e9rence de coh\u00e9rence. Je ne m&rsquo;attendais m\u00eame pas \u00e0 ressentir la diff\u00e9rence sur mon palais &#8211; je ne testais que la m\u00e9thode pour voir si elle servait un objectif pratique. <\/p>\n<p>\u00c9tonnamment, juste en ramassant une cuiller\u00e9e dans un bol, je pouvais sentir que la texture \u00e9tait plus l\u00e9g\u00e8re que lorsque je masque \u00e0 la main les pommes de terre dans un pot. (Et je n&rsquo;ai m\u00eame pas utilis\u00e9 un attachement de fouet.) J&rsquo;ai ensuite mang\u00e9 ledit bol de spuds et j&rsquo;ai v\u00e9cu une asturation qui ne s&rsquo;est pas s&rsquo;estomp\u00e9e m\u00eame apr\u00e8s qu&rsquo;elle se refroidit. Chaque fois que j&rsquo;\u00e9crase \u00e0 la main, les pommes de terre sont douces mais toujours denses, et elles sont assises lourdement. Ce n&rsquo;est pas celle-ci &#8211; ce lot \u00e9tait presque fouett\u00e9, avec des morceaux de pomme de terre non attach\u00e9s de taille plus r\u00e9guli\u00e8re. (Peut-\u00eatre que c&rsquo;est un moi-moi, mais si je fais la \u00e9crasement de pommes de terre pour leur grossesse, je me retrouve g\u00e9n\u00e9ralement avec quelques pi\u00e8ces embarrassantes qui traversent en quelque sorte mon mash\u00e8re.)<\/p>\n<p>En ce qui concerne ces objectifs pratiques, la pur\u00e9e avec un m\u00e9langeur de stand est excellente si vous avez besoin de transf\u00e9rer des plats \u00e0 plusieurs plats, lib\u00e9rez rapidement le po\u00eale apr\u00e8s l&rsquo;\u00e9bullition, ou si vous avez une force ou une mobilit\u00e9 limit\u00e9e. <\/p>\n<p>Quelles que soient vos raisons, voici comment je le fais.<\/p>\n<h2 id=\"how-to-make-mashed-potatoes-with-a-stand-mixer\">Comment faire de la pur\u00e9e de pommes de terre avec un m\u00e9langeur de stand<\/h2>\n<h3>1. Faire bouillir ou cuire \u00e0 la vapeur vos spuds<\/h3>\n<p>Lorsque je fais de la pur\u00e9e, je pr\u00e9f\u00e8re cuire \u00e0 la vapeur mes morceaux de pomme de terre parce que c&rsquo;est plus rapide, mais vous pouvez vous en tenir \u00e0 l&rsquo;\u00e9bullition si vous le souhaitez. (La vapeur ne prend qu&rsquo;environ 15 minutes car il vous suffit de faire bouillir un demi-pouce d&rsquo;eau plut\u00f4t qu&rsquo;un gallon.) Le type de pomme de terre d\u00e9pend \u00e9galement de vous, mais j&rsquo;utilise des russes pour leur contenu d&rsquo;amidon \u00e9lev\u00e9, ce qui peut donner une pur\u00e9e plus moelleuse.<\/p>\n<div class=\"pogoClear relative my-10 border-b-(1.5px) border-t-(1.5px) border-dashed border-black py-5 sm:my-14 sm:border-0 sm:py-0\" data-ga-click data-ga-template=\"Hacks\" data-ga-module=\"openweb_widget\" data-ga-element=\"openweb_scroll\" data-ga-item=\"openweb_scroll_midpage\" x-cloak x-data=\"{ commentsCount: null, hasComments: false }\" x-init=\"commentsCount = await window.openweb.getMessagesCount(01JT6JDFV3N662YD3X3MATHQ6R);\n     hasComments = commentsCount !== null &amp;&amp; commentsCount &gt; 0\"><\/p>\n<div class=\"absolute top-1\/2 hidden w-full -translate-y-1\/2 border-t-(1.5px) border-dashed border-black sm:block\"><\/div>\n<div class=\"relative flex justify-center\">\n<div class=\"flex max-w-max items-center gap-x-3 bg-white px-5\">\n<div class=\"relative\">\n                <span class=\"absolute left-1\/2 top-1\/2 -translate-x-1\/2 -translate-y-1\/2 font-akshar text-sm font-medium text-black\" x-show=\"hasComments\" x-text=\"commentsCount\"><\/span><\/p>\n<p>                <svg class=\"h-8 w-8 text-black\">\n                    <use href=\"http:\/\/lifehacker.com\/images\/icons\/spritemap.svg#sprite-chat-bubble\"><\/use>\n                <\/svg>\n            <\/div>\n<p>            <span class=\"text-sm font-medium text-black\"><\/p>\n<p>                Que pensez-vous jusqu&rsquo;\u00e0 pr\u00e9sent?<br \/>\n                <button class=\"font-semibold text-brand-green underline hover:text-brand-green-700\" onclick=\"window.openweb.scrollToComments('01JT6JDFV3N662YD3X3MATHQ6R')\" x-text=\"hasComments ? 'Post a comment.' : 'Be the first to post a comment.'\"><\/button><br \/>\n            <\/span>\n        <\/div>\n<\/p><\/div>\n<\/div>\n<h3>2. M\u00e9langer les taters chauds et les ingr\u00e9dients aromatis\u00e9s<\/h3>\n<div class=\"eloquent-imagery-image\">\n<div class=\"flex justify-center\">\n                    <img decoding=\"async\" class=\"border border-gray-100\" src=\"https:\/\/vieassociative.be\/actualites\/wp-content\/uploads\/2025\/05\/Jutilise-mon-melangeur-stand-pour-une-puree-de-pommes-de.jpg\" alt=\"Les pommes de terre en cubes avec du beurre et de la ciboulette s\u00e8che dans un bol en argent.\" width=\"2000\" height=\"1124\" loading=\"lazy\"  >\n            <\/div>\n<\/p><\/div>\n<p>Une fois que vos pommes de terre sont des tendances fourchettes, soigneusement (ne vous br\u00fblez pas), jetez-les dans le bol du batteur sur socle. N&rsquo;attendez pas qu&rsquo;ils se refroidissent; Ils devraient toujours \u00eatre chauds. Comme l&rsquo;explique l&rsquo;America&rsquo;s Test Kitchen dans leur poteau de pommes de terre au four, ouvrez la pomme de terre (dans notre cas, les mecs de pomme de terre) tandis que Hot permet \u00e0 plus de vapeur de s&rsquo;\u00e9chapper, conduisant \u00e0 une texture plus moelleuse et plus l\u00e9g\u00e8re. Ajoutez vos ingr\u00e9dients pr\u00e9f\u00e9r\u00e9s, quelques boutons de beurre, du sel, du poivre et de la ciboulette si vous y \u00eates. N&rsquo;ajoutez pas encore votre ingr\u00e9dient liquide.<\/p>\n<h3>3. \u00c9crase<\/h3>\n<div class=\"eloquent-imagery-image\">\n<div class=\"flex justify-center\">\n                    <img decoding=\"async\" class=\"border border-gray-100\" src=\"https:\/\/vieassociative.be\/actualites\/wp-content\/uploads\/2025\/05\/1746170324_799_Jutilise-mon-melangeur-stand-pour-une-puree-de-pommes-de.jpg\" alt=\"Un bol de batteur sur socle avec pur\u00e9e de pommes de terre \u00e0 l'int\u00e9rieur.\" width=\"2000\" height=\"1124\" loading=\"lazy\"  >\n            <\/div>\n<\/p><\/div>\n<p>Fixez une palette de fixation au m\u00e9langeur du support et tournez la machine \u00e0 la vitesse la plus basse. Laissez le m\u00e9langeur faire le travail pendant environ trois \u00e0 cinq minutes. Vous recherchez une texture uniforme et que le beurre soit enti\u00e8rement incorpor\u00e9. Arr\u00eatez la machine si vous devez afin que vous puissiez mieux voir comment les pommes de terre se d\u00e9composent. <\/p>\n<h3>4. Ajouter le liquide<\/h3>\n<p>Pendant ces trois minutes, versez votre mesure du liquide (que ce soit du lait, de la cr\u00e8me ou une combinaison des deux) dans une tasse de mesure au micro-ondes. Chauffer jusqu&rsquo;\u00e0 la vapeur. Garder le m\u00e9langeur \u00e0 la vitesse la plus basse, versez lentement le liquide dans la pur\u00e9e de pommes de terre. Une fois le liquide incorpor\u00e9, augmentez la vitesse d&rsquo;un ou deux crans et laissez-le \u00e9craser pendant 20 secondes ou jusqu&rsquo;\u00e0 ce que vous aimiez la texture. Go\u00fbtez et ajustez l&rsquo;assaisonnement si n\u00e9cessaire.<\/p>\n<p>Compl\u00e9tez vos taters d&rsquo;un tourbillon de sauce et profitez de la pur\u00e9e de pommes de terre la plus moelleuse que vous ayez jamais connu.<\/p>\n","protected":false},"excerpt":{"rendered":"<p>Ils sortiront plus l\u00e9gers et plus a\u00e9r\u00e9s que si vous m\u00e9langez \u00e0 la main. Qu&rsquo;est-il arriv\u00e9 \u00e0 de grosses pommes de terre en pur\u00e9e? Il<\/p>\n","protected":false},"author":1,"featured_media":7221,"comment_status":"","ping_status":"","sticky":false,"template":"","format":"standard","meta":{"footnotes":""},"categories":[1],"tags":[3406,3577,6760,49,704,81,6594,1790,1166,110],"class_list":["post-7220","post","type-post","status-publish","format-standard","has-post-thumbnail","hentry","category-non-classe","tag-jutilise","tag-melangeur","tag-moelleuse","tag-mon","tag-pommes","tag-pour","tag-puree","tag-stand","tag-terre","tag-une","generate-columns","tablet-grid-50","mobile-grid-100","grid-parent","grid-33"],"yoast_head":"<!-- This site is optimized with the Yoast SEO plugin v24.0 - https:\/\/yoast.com\/wordpress\/plugins\/seo\/ -->\n<title>J&#039;utilise mon m\u00e9langeur stand pour une pur\u00e9e de pommes de terre plus moelleuse | Vie Associative<\/title>\n<meta name=\"robots\" content=\"index, follow, max-snippet:-1, max-image-preview:large, max-video-preview:-1\" \/>\n<link rel=\"canonical\" href=\"https:\/\/vieassociative.be\/actualites\/jutilise-mon-melangeur-stand-pour-une-puree-de-pommes-de-terre-plus-moelleuse\/\" \/>\n<meta property=\"og:locale\" content=\"fr_FR\" \/>\n<meta property=\"og:type\" content=\"article\" \/>\n<meta property=\"og:title\" content=\"J&#039;utilise mon m\u00e9langeur stand pour une pur\u00e9e de pommes de terre plus moelleuse | Vie Associative\" \/>\n<meta property=\"og:description\" content=\"Ils sortiront plus l\u00e9gers et plus a\u00e9r\u00e9s que si vous m\u00e9langez \u00e0 la main. Qu&rsquo;est-il arriv\u00e9 \u00e0 de grosses pommes de terre en pur\u00e9e? Il\" \/>\n<meta property=\"og:url\" content=\"https:\/\/vieassociative.be\/actualites\/jutilise-mon-melangeur-stand-pour-une-puree-de-pommes-de-terre-plus-moelleuse\/\" \/>\n<meta property=\"og:site_name\" content=\"Vie Associative\" \/>\n<meta property=\"article:published_time\" content=\"2025-05-02T07:18:44+00:00\" \/>\n<meta property=\"og:image\" content=\"https:\/\/vieassociative.be\/actualites\/wp-content\/uploads\/2025\/05\/Jutilise-mon-melangeur-stand-pour-une-puree-de-pommes-de.jpg\" \/>\n<meta name=\"author\" content=\"Julien\" \/>\n<meta name=\"twitter:card\" content=\"summary_large_image\" \/>\n<meta name=\"twitter:label1\" content=\"\u00c9crit par\" \/>\n\t<meta name=\"twitter:data1\" content=\"Julien\" \/>\n\t<meta name=\"twitter:label2\" content=\"Dur\u00e9e de lecture est.\" \/>\n\t<meta name=\"twitter:data2\" content=\"4 minutes\" \/>\n<script type=\"application\/ld+json\" class=\"yoast-schema-graph\">{\"@context\":\"https:\/\/schema.org\",\"@graph\":[{\"@type\":\"Article\",\"@id\":\"https:\/\/vieassociative.be\/actualites\/jutilise-mon-melangeur-stand-pour-une-puree-de-pommes-de-terre-plus-moelleuse\/#article\",\"isPartOf\":{\"@id\":\"https:\/\/vieassociative.be\/actualites\/jutilise-mon-melangeur-stand-pour-une-puree-de-pommes-de-terre-plus-moelleuse\/\"},\"author\":{\"name\":\"Julien\",\"@id\":\"https:\/\/vieassociative.be\/actualites\/#\/schema\/person\/b87ac4f82f9d4e7b7cec7395b679edc4\"},\"headline\":\"J&rsquo;utilise mon m\u00e9langeur stand pour une pur\u00e9e de pommes de terre plus moelleuse\",\"datePublished\":\"2025-05-02T07:18:44+00:00\",\"dateModified\":\"2025-05-02T07:18:44+00:00\",\"mainEntityOfPage\":{\"@id\":\"https:\/\/vieassociative.be\/actualites\/jutilise-mon-melangeur-stand-pour-une-puree-de-pommes-de-terre-plus-moelleuse\/\"},\"wordCount\":887,\"publisher\":{\"@id\":\"https:\/\/vieassociative.be\/actualites\/#organization\"},\"image\":{\"@id\":\"https:\/\/vieassociative.be\/actualites\/jutilise-mon-melangeur-stand-pour-une-puree-de-pommes-de-terre-plus-moelleuse\/#primaryimage\"},\"thumbnailUrl\":\"https:\/\/vieassociative.be\/actualites\/wp-content\/uploads\/2025\/05\/1746170325_Jutilise-mon-melangeur-stand-pour-une-puree-de-pommes-de.jpg\",\"keywords\":[\"jutilise\",\"m\u00e9langeur\",\"moelleuse\",\"Mon\",\"pommes\",\"pour\",\"pur\u00e9e\",\"stand\",\"terre\",\"une\"],\"inLanguage\":\"fr-BE\"},{\"@type\":\"WebPage\",\"@id\":\"https:\/\/vieassociative.be\/actualites\/jutilise-mon-melangeur-stand-pour-une-puree-de-pommes-de-terre-plus-moelleuse\/\",\"url\":\"https:\/\/vieassociative.be\/actualites\/jutilise-mon-melangeur-stand-pour-une-puree-de-pommes-de-terre-plus-moelleuse\/\",\"name\":\"J'utilise mon m\u00e9langeur stand pour une pur\u00e9e de pommes de terre plus moelleuse | Vie Associative\",\"isPartOf\":{\"@id\":\"https:\/\/vieassociative.be\/actualites\/#website\"},\"primaryImageOfPage\":{\"@id\":\"https:\/\/vieassociative.be\/actualites\/jutilise-mon-melangeur-stand-pour-une-puree-de-pommes-de-terre-plus-moelleuse\/#primaryimage\"},\"image\":{\"@id\":\"https:\/\/vieassociative.be\/actualites\/jutilise-mon-melangeur-stand-pour-une-puree-de-pommes-de-terre-plus-moelleuse\/#primaryimage\"},\"thumbnailUrl\":\"https:\/\/vieassociative.be\/actualites\/wp-content\/uploads\/2025\/05\/1746170325_Jutilise-mon-melangeur-stand-pour-une-puree-de-pommes-de.jpg\",\"datePublished\":\"2025-05-02T07:18:44+00:00\",\"dateModified\":\"2025-05-02T07:18:44+00:00\",\"breadcrumb\":{\"@id\":\"https:\/\/vieassociative.be\/actualites\/jutilise-mon-melangeur-stand-pour-une-puree-de-pommes-de-terre-plus-moelleuse\/#breadcrumb\"},\"inLanguage\":\"fr-BE\",\"potentialAction\":[{\"@type\":\"ReadAction\",\"target\":[\"https:\/\/vieassociative.be\/actualites\/jutilise-mon-melangeur-stand-pour-une-puree-de-pommes-de-terre-plus-moelleuse\/\"]}]},{\"@type\":\"ImageObject\",\"inLanguage\":\"fr-BE\",\"@id\":\"https:\/\/vieassociative.be\/actualites\/jutilise-mon-melangeur-stand-pour-une-puree-de-pommes-de-terre-plus-moelleuse\/#primaryimage\",\"url\":\"https:\/\/vieassociative.be\/actualites\/wp-content\/uploads\/2025\/05\/1746170325_Jutilise-mon-melangeur-stand-pour-une-puree-de-pommes-de.jpg\",\"contentUrl\":\"https:\/\/vieassociative.be\/actualites\/wp-content\/uploads\/2025\/05\/1746170325_Jutilise-mon-melangeur-stand-pour-une-puree-de-pommes-de.jpg\",\"width\":1200,\"height\":675,\"caption\":\"J'utilise mon m\u00e9langeur stand pour une pur\u00e9e de pommes de terre plus moelleuse\"},{\"@type\":\"BreadcrumbList\",\"@id\":\"https:\/\/vieassociative.be\/actualites\/jutilise-mon-melangeur-stand-pour-une-puree-de-pommes-de-terre-plus-moelleuse\/#breadcrumb\",\"itemListElement\":[{\"@type\":\"ListItem\",\"position\":1,\"name\":\"Accueil\",\"item\":\"https:\/\/vieassociative.be\/actualites\/\"},{\"@type\":\"ListItem\",\"position\":2,\"name\":\"J&rsquo;utilise mon m\u00e9langeur stand pour une pur\u00e9e de pommes de terre plus moelleuse\"}]},{\"@type\":\"WebSite\",\"@id\":\"https:\/\/vieassociative.be\/actualites\/#website\",\"url\":\"https:\/\/vieassociative.be\/actualites\/\",\"name\":\"Vie Associative\",\"description\":\"\",\"publisher\":{\"@id\":\"https:\/\/vieassociative.be\/actualites\/#organization\"},\"potentialAction\":[{\"@type\":\"SearchAction\",\"target\":{\"@type\":\"EntryPoint\",\"urlTemplate\":\"https:\/\/vieassociative.be\/actualites\/?s={search_term_string}\"},\"query-input\":{\"@type\":\"PropertyValueSpecification\",\"valueRequired\":true,\"valueName\":\"search_term_string\"}}],\"inLanguage\":\"fr-BE\"},{\"@type\":\"Organization\",\"@id\":\"https:\/\/vieassociative.be\/actualites\/#organization\",\"name\":\"Vie Associative\",\"url\":\"https:\/\/vieassociative.be\/actualites\/\",\"logo\":{\"@type\":\"ImageObject\",\"inLanguage\":\"fr-BE\",\"@id\":\"https:\/\/vieassociative.be\/actualites\/#\/schema\/logo\/image\/\",\"url\":\"https:\/\/vieassociative.be\/actualites\/wp-content\/uploads\/2024\/09\/cropped-vieassociative_favicon.ico.png\",\"contentUrl\":\"https:\/\/vieassociative.be\/actualites\/wp-content\/uploads\/2024\/09\/cropped-vieassociative_favicon.ico.png\",\"width\":512,\"height\":512,\"caption\":\"Vie Associative\"},\"image\":{\"@id\":\"https:\/\/vieassociative.be\/actualites\/#\/schema\/logo\/image\/\"}},{\"@type\":\"Person\",\"@id\":\"https:\/\/vieassociative.be\/actualites\/#\/schema\/person\/b87ac4f82f9d4e7b7cec7395b679edc4\",\"name\":\"Julien\",\"image\":{\"@type\":\"ImageObject\",\"inLanguage\":\"fr-BE\",\"@id\":\"https:\/\/vieassociative.be\/actualites\/#\/schema\/person\/image\/\",\"url\":\"https:\/\/vieassociative.be\/actualites\/wp-content\/uploads\/2024\/09\/vie-associative-1-150x150.jpg\",\"contentUrl\":\"https:\/\/vieassociative.be\/actualites\/wp-content\/uploads\/2024\/09\/vie-associative-1-150x150.jpg\",\"caption\":\"Julien\"},\"description\":\"Je suis Julien, r\u00e9dacteur pour Vie Associative. Passionn\u00e9 par le monde associatif depuis plus de 10 ans, j'ai \u00e0 c\u0153ur de partager des histoires inspirantes et de mettre en lumi\u00e8re les initiatives locales. Mon objectif est de sensibiliser et d'encourager l'engagement communautaire \u00e0 travers mes articles.\",\"sameAs\":[\"https:\/\/vieassociative.be\/\"]}]}<\/script>\n<!-- \/ Yoast SEO plugin. -->","yoast_head_json":{"title":"J'utilise mon m\u00e9langeur stand pour une pur\u00e9e de pommes de terre plus moelleuse | Vie Associative","robots":{"index":"index","follow":"follow","max-snippet":"max-snippet:-1","max-image-preview":"max-image-preview:large","max-video-preview":"max-video-preview:-1"},"canonical":"https:\/\/vieassociative.be\/actualites\/jutilise-mon-melangeur-stand-pour-une-puree-de-pommes-de-terre-plus-moelleuse\/","og_locale":"fr_FR","og_type":"article","og_title":"J'utilise mon m\u00e9langeur stand pour une pur\u00e9e de pommes de terre plus moelleuse | Vie Associative","og_description":"Ils sortiront plus l\u00e9gers et plus a\u00e9r\u00e9s que si vous m\u00e9langez \u00e0 la main. Qu&rsquo;est-il arriv\u00e9 \u00e0 de grosses pommes de terre en pur\u00e9e? Il","og_url":"https:\/\/vieassociative.be\/actualites\/jutilise-mon-melangeur-stand-pour-une-puree-de-pommes-de-terre-plus-moelleuse\/","og_site_name":"Vie Associative","article_published_time":"2025-05-02T07:18:44+00:00","og_image":[{"url":"https:\/\/vieassociative.be\/actualites\/wp-content\/uploads\/2025\/05\/Jutilise-mon-melangeur-stand-pour-une-puree-de-pommes-de.jpg","type":"","width":"","height":""}],"author":"Julien","twitter_card":"summary_large_image","twitter_misc":{"\u00c9crit par":"Julien","Dur\u00e9e de lecture est.":"4 minutes"},"schema":{"@context":"https:\/\/schema.org","@graph":[{"@type":"Article","@id":"https:\/\/vieassociative.be\/actualites\/jutilise-mon-melangeur-stand-pour-une-puree-de-pommes-de-terre-plus-moelleuse\/#article","isPartOf":{"@id":"https:\/\/vieassociative.be\/actualites\/jutilise-mon-melangeur-stand-pour-une-puree-de-pommes-de-terre-plus-moelleuse\/"},"author":{"name":"Julien","@id":"https:\/\/vieassociative.be\/actualites\/#\/schema\/person\/b87ac4f82f9d4e7b7cec7395b679edc4"},"headline":"J&rsquo;utilise mon m\u00e9langeur stand pour une pur\u00e9e de pommes de terre plus moelleuse","datePublished":"2025-05-02T07:18:44+00:00","dateModified":"2025-05-02T07:18:44+00:00","mainEntityOfPage":{"@id":"https:\/\/vieassociative.be\/actualites\/jutilise-mon-melangeur-stand-pour-une-puree-de-pommes-de-terre-plus-moelleuse\/"},"wordCount":887,"publisher":{"@id":"https:\/\/vieassociative.be\/actualites\/#organization"},"image":{"@id":"https:\/\/vieassociative.be\/actualites\/jutilise-mon-melangeur-stand-pour-une-puree-de-pommes-de-terre-plus-moelleuse\/#primaryimage"},"thumbnailUrl":"https:\/\/vieassociative.be\/actualites\/wp-content\/uploads\/2025\/05\/1746170325_Jutilise-mon-melangeur-stand-pour-une-puree-de-pommes-de.jpg","keywords":["jutilise","m\u00e9langeur","moelleuse","Mon","pommes","pour","pur\u00e9e","stand","terre","une"],"inLanguage":"fr-BE"},{"@type":"WebPage","@id":"https:\/\/vieassociative.be\/actualites\/jutilise-mon-melangeur-stand-pour-une-puree-de-pommes-de-terre-plus-moelleuse\/","url":"https:\/\/vieassociative.be\/actualites\/jutilise-mon-melangeur-stand-pour-une-puree-de-pommes-de-terre-plus-moelleuse\/","name":"J'utilise mon m\u00e9langeur stand pour une pur\u00e9e de pommes de terre plus moelleuse | Vie Associative","isPartOf":{"@id":"https:\/\/vieassociative.be\/actualites\/#website"},"primaryImageOfPage":{"@id":"https:\/\/vieassociative.be\/actualites\/jutilise-mon-melangeur-stand-pour-une-puree-de-pommes-de-terre-plus-moelleuse\/#primaryimage"},"image":{"@id":"https:\/\/vieassociative.be\/actualites\/jutilise-mon-melangeur-stand-pour-une-puree-de-pommes-de-terre-plus-moelleuse\/#primaryimage"},"thumbnailUrl":"https:\/\/vieassociative.be\/actualites\/wp-content\/uploads\/2025\/05\/1746170325_Jutilise-mon-melangeur-stand-pour-une-puree-de-pommes-de.jpg","datePublished":"2025-05-02T07:18:44+00:00","dateModified":"2025-05-02T07:18:44+00:00","breadcrumb":{"@id":"https:\/\/vieassociative.be\/actualites\/jutilise-mon-melangeur-stand-pour-une-puree-de-pommes-de-terre-plus-moelleuse\/#breadcrumb"},"inLanguage":"fr-BE","potentialAction":[{"@type":"ReadAction","target":["https:\/\/vieassociative.be\/actualites\/jutilise-mon-melangeur-stand-pour-une-puree-de-pommes-de-terre-plus-moelleuse\/"]}]},{"@type":"ImageObject","inLanguage":"fr-BE","@id":"https:\/\/vieassociative.be\/actualites\/jutilise-mon-melangeur-stand-pour-une-puree-de-pommes-de-terre-plus-moelleuse\/#primaryimage","url":"https:\/\/vieassociative.be\/actualites\/wp-content\/uploads\/2025\/05\/1746170325_Jutilise-mon-melangeur-stand-pour-une-puree-de-pommes-de.jpg","contentUrl":"https:\/\/vieassociative.be\/actualites\/wp-content\/uploads\/2025\/05\/1746170325_Jutilise-mon-melangeur-stand-pour-une-puree-de-pommes-de.jpg","width":1200,"height":675,"caption":"J'utilise mon m\u00e9langeur stand pour une pur\u00e9e de pommes de terre plus moelleuse"},{"@type":"BreadcrumbList","@id":"https:\/\/vieassociative.be\/actualites\/jutilise-mon-melangeur-stand-pour-une-puree-de-pommes-de-terre-plus-moelleuse\/#breadcrumb","itemListElement":[{"@type":"ListItem","position":1,"name":"Accueil","item":"https:\/\/vieassociative.be\/actualites\/"},{"@type":"ListItem","position":2,"name":"J&rsquo;utilise mon m\u00e9langeur stand pour une pur\u00e9e de pommes de terre plus moelleuse"}]},{"@type":"WebSite","@id":"https:\/\/vieassociative.be\/actualites\/#website","url":"https:\/\/vieassociative.be\/actualites\/","name":"Vie Associative","description":"","publisher":{"@id":"https:\/\/vieassociative.be\/actualites\/#organization"},"potentialAction":[{"@type":"SearchAction","target":{"@type":"EntryPoint","urlTemplate":"https:\/\/vieassociative.be\/actualites\/?s={search_term_string}"},"query-input":{"@type":"PropertyValueSpecification","valueRequired":true,"valueName":"search_term_string"}}],"inLanguage":"fr-BE"},{"@type":"Organization","@id":"https:\/\/vieassociative.be\/actualites\/#organization","name":"Vie Associative","url":"https:\/\/vieassociative.be\/actualites\/","logo":{"@type":"ImageObject","inLanguage":"fr-BE","@id":"https:\/\/vieassociative.be\/actualites\/#\/schema\/logo\/image\/","url":"https:\/\/vieassociative.be\/actualites\/wp-content\/uploads\/2024\/09\/cropped-vieassociative_favicon.ico.png","contentUrl":"https:\/\/vieassociative.be\/actualites\/wp-content\/uploads\/2024\/09\/cropped-vieassociative_favicon.ico.png","width":512,"height":512,"caption":"Vie Associative"},"image":{"@id":"https:\/\/vieassociative.be\/actualites\/#\/schema\/logo\/image\/"}},{"@type":"Person","@id":"https:\/\/vieassociative.be\/actualites\/#\/schema\/person\/b87ac4f82f9d4e7b7cec7395b679edc4","name":"Julien","image":{"@type":"ImageObject","inLanguage":"fr-BE","@id":"https:\/\/vieassociative.be\/actualites\/#\/schema\/person\/image\/","url":"https:\/\/vieassociative.be\/actualites\/wp-content\/uploads\/2024\/09\/vie-associative-1-150x150.jpg","contentUrl":"https:\/\/vieassociative.be\/actualites\/wp-content\/uploads\/2024\/09\/vie-associative-1-150x150.jpg","caption":"Julien"},"description":"Je suis Julien, r\u00e9dacteur pour Vie Associative. Passionn\u00e9 par le monde associatif depuis plus de 10 ans, j'ai \u00e0 c\u0153ur de partager des histoires inspirantes et de mettre en lumi\u00e8re les initiatives locales. Mon objectif est de sensibiliser et d'encourager l'engagement communautaire \u00e0 travers mes articles.","sameAs":["https:\/\/vieassociative.be\/"]}]}},"_links":{"self":[{"href":"https:\/\/vieassociative.be\/actualites\/wp-json\/wp\/v2\/posts\/7220"}],"collection":[{"href":"https:\/\/vieassociative.be\/actualites\/wp-json\/wp\/v2\/posts"}],"about":[{"href":"https:\/\/vieassociative.be\/actualites\/wp-json\/wp\/v2\/types\/post"}],"author":[{"embeddable":true,"href":"https:\/\/vieassociative.be\/actualites\/wp-json\/wp\/v2\/users\/1"}],"replies":[{"embeddable":true,"href":"https:\/\/vieassociative.be\/actualites\/wp-json\/wp\/v2\/comments?post=7220"}],"version-history":[{"count":0,"href":"https:\/\/vieassociative.be\/actualites\/wp-json\/wp\/v2\/posts\/7220\/revisions"}],"wp:featuredmedia":[{"embeddable":true,"href":"https:\/\/vieassociative.be\/actualites\/wp-json\/wp\/v2\/media\/7221"}],"wp:attachment":[{"href":"https:\/\/vieassociative.be\/actualites\/wp-json\/wp\/v2\/media?parent=7220"}],"wp:term":[{"taxonomy":"category","embeddable":true,"href":"https:\/\/vieassociative.be\/actualites\/wp-json\/wp\/v2\/categories?post=7220"},{"taxonomy":"post_tag","embeddable":true,"href":"https:\/\/vieassociative.be\/actualites\/wp-json\/wp\/v2\/tags?post=7220"}],"curies":[{"name":"wp","href":"https:\/\/api.w.org\/{rel}","templated":true}]}}