{"id":7217,"date":"2025-05-02T06:21:31","date_gmt":"2025-05-02T04:21:31","guid":{"rendered":"https:\/\/vieassociative.be\/actualites\/les-google-pixel-7a-7-et-7-pro-sont-tous-a-leurs-prix-les-plus-bas-en-ce-moment\/"},"modified":"2025-05-02T06:21:31","modified_gmt":"2025-05-02T04:21:31","slug":"les-google-pixel-7a-7-et-7-pro-sont-tous-a-leurs-prix-les-plus-bas-en-ce-moment","status":"publish","type":"post","link":"https:\/\/vieassociative.be\/actualites\/les-google-pixel-7a-7-et-7-pro-sont-tous-a-leurs-prix-les-plus-bas-en-ce-moment\/","title":{"rendered":"Les Google Pixel 7a, 7 et 7 Pro sont tous \u00e0 leurs prix les plus bas en ce moment"},"content":{"rendered":"<div class=\"mt-4 leading-6 md:mb-8\">Ils ne sont peut-\u00eatre pas les t\u00e9l\u00e9phones de pixels les plus r\u00e9cents, mais ils sont toujours assez bons.<\/div>\n<p><\/p>\n<p>Le Google Pixel 8 est sorti en octobre apr\u00e8s une sortie tr\u00e8s attendue, ce n&rsquo;\u00e9tait donc qu&rsquo;une question de temps avant que la s\u00e9rie Google Pixel 7 ne baisse de prix. Ce moment est l\u00e0. Amazon a normalement le Google Pixel 7a d\u00e9verrouill\u00e9 de 128 Go pour <strong>349 $<\/strong> (\u00e0 l&rsquo;origine 499,99 $), le Google Pixel 7 d\u00e9verrouill\u00e9 de 128 Go pour <strong>399,99 $<\/strong> (\u00e0 l&rsquo;origine 599 $), et le 128 Go d\u00e9verrouill\u00e9 Google Pixel 7 Pro pour <strong>479 $<\/strong> (\u00e0 l&rsquo;origine 899 $). Cependant, Woot organise une vente sur les t\u00e9l\u00e9phones et les accessoires o\u00f9 vous pouvez trouver les trois t\u00e9l\u00e9phones pour moins cher, y compris l&rsquo;ancien pixel 6a pour <strong>259,99 $<\/strong> (\u00e0 l&rsquo;origine 349 $). Une excellente option de budget pour un excellent t\u00e9l\u00e9phone (j&rsquo;utilise toujours le mien aujourd&rsquo;hui).<\/p>\n<p>Les trois t\u00e9l\u00e9phones Google Pixel sont \u00e0 leur prix le plus bas de tous les temps, selon les outils de comparaison des prix. Pour r\u00e9f\u00e9rence, le 7 Pro a atteint 512 $ le 28 mars, qui \u00e9tait alors le prix record. Woot est uniquement exp\u00e9di\u00e9 dans les 48 \u00e9tats contigus aux \u00c9tats-Unis si vous avez Amazon Prime, vous obtenez la livraison gratuite; Sinon, ce sera 6 $ pour exp\u00e9dier. <\/p>\n<div class=\"pogoClear mb-12 mt-10 rounded-md border-2 border-gray-100 py-7 shadow-xl md:py-6\">\n<div class=\"flex flex-wrap justify-between px-7 text-black no-underline md:flex-nowrap md:px-8\">\n<div class=\"order-1 mx-auto flex flex-col justify-center md:order-2 md:ml-4 md:w-full md:grow\">\n<div class=\"block cursor-pointer text-center font-akshar text-2xl font-medium leading-7 text-brand-green duration-200 ease-in-out hover:text-brand-green-700 md:text-left md:text-xl md:leading-6\">Google Pixel 7 Pro (512 Go) (d\u00e9verrouill\u00e9)\n                <\/div>\n<div class=\"mt-4 hidden md:flex md:justify-between\">\n<div class=\"self-end\">\n<div class=\"mb-0 h-11 md:flex md:flex-col md:justify-center\">\n<div class=\" font-sans leading-4 text-black\">\n<div class=\"flex flex-wrap items-center justify-center gap-x-1 md:justify-start\">\n        <span class=\"font-bold\"><\/p>\n<p>            499,99 $<br \/>\n                            <span class=\"font-medium\">\u00e0 Woot<\/span><br \/>\n                    <\/span>\n            <\/div>\n<div class=\"flex items-center justify-center gap-x-1 font-bold md:justify-start\">\n            <span class=\"text-sm line-through\">1 099,99 $<\/span><br \/>\n            <span class=\"text-sm text-brand-green\">\u00c9conomisez 600,00 $<\/span>\n        <\/div>\n<\/p><\/div>\n<\/p><\/div>\n<\/p><\/div>\n<div class=\"w-44 self-end\">\n                            <button class=\"flex justify-center items-center w-full bg-brand-green text-white text-base font-sans font-medium rounded-md hover:bg-brand-green-700 hover:cursor-pointer md:text-sm h-11\"><\/p>\n<p>    Conclure un accord<br \/>\n<\/button>\n                        <\/div>\n<\/p><\/div>\n<\/p><\/div>\n<div class=\"order-2 mt-5 h-auto w-full md:order-1 md:mt-0 md:hidden\">\n<div class=\"flex aspect-video items-center justify-center\">\n                                            <img decoding=\"async\" class=\"m-0 max-h-full max-w-full rounded-md\" src=\"https:\/\/vieassociative.be\/actualites\/wp-content\/uploads\/2025\/05\/Les-Google-Pixel-7a-7-et-7-Pro-sont-tous.jpg\" alt=\"Google Pixel 7 Pro (512 Go) (d\u00e9verrouill\u00e9)\" width=\"auto\" height=\"auto\" loading=\"lazy\">\n                                    <\/div>\n<\/p><\/div>\n<div class=\"order-2 ml-2 hidden w-32 shrink-0 items-center md:order-1 md:ml-0 md:flex\">\n<div class=\"flex aspect-video items-center justify-center\">\n                                            <img decoding=\"async\" class=\"m-0 max-h-full max-w-full rounded-md\" src=\"https:\/\/vieassociative.be\/actualites\/wp-content\/uploads\/2025\/05\/Les-Google-Pixel-7a-7-et-7-Pro-sont-tous.jpg\" alt=\"Google Pixel 7 Pro (512 Go) (d\u00e9verrouill\u00e9)\" width=\"auto\" height=\"auto\" loading=\"lazy\">\n                                    <\/div>\n<\/p><\/div>\n<div class=\"order-3 flex grow flex-wrap md:hidden md:grow-0\">\n<div class=\"mt-4 w-full\">\n                        <button class=\"flex justify-center items-center w-full bg-brand-green text-white text-base font-sans font-medium rounded-md hover:bg-brand-green-700 hover:cursor-pointer md:text-sm h-11\"><\/p>\n<p>    Conclure un accord<br \/>\n<\/button>\n                    <\/div>\n<div class=\"mx-2 mt-4 w-full\">\n<div class=\" font-sans leading-4 text-black\">\n<div class=\"flex flex-wrap items-center justify-center gap-x-1 md:justify-start\">\n        <span class=\"font-bold\"><\/p>\n<p>            499,99 $<br \/>\n                            <span class=\"font-medium\">\u00e0 Woot<\/span><br \/>\n                    <\/span>\n            <\/div>\n<div class=\"flex items-center justify-center gap-x-1 font-bold md:justify-start\">\n            <span class=\"text-sm line-through\">1 099,99 $<\/span><br \/>\n            <span class=\"text-sm text-brand-green\">\u00c9conomisez 600,00 $<\/span>\n        <\/div>\n<\/p><\/div>\n<\/p><\/div>\n<\/p><\/div>\n<\/p><\/div>\n<\/div>\n<p>La principale diff\u00e9rence entre le 7 et le Pro est qu&rsquo;avec le 7 Pro, vous obtenez une meilleure cam\u00e9ra, un zoom super Res sup\u00e9rieur et un \u00e9cran plus grand avec un taux de rafra\u00eechissement l\u00e9g\u00e8rement meilleur. Les deux t\u00e9l\u00e9phones vous offrent une cam\u00e9ra de 50 MP de large et un ultrairs 12MP, mais le Pro a un meilleur champ de vision et un t\u00e9l\u00e9objectif de 48 MP. Vous pouvez en savoir plus sur la diff\u00e9rence dans notre ventilation ici.<\/p>\n<div class=\"pogoClear mb-12 mt-10 rounded-md border-2 border-gray-100 py-7 shadow-xl md:py-6\">\n<div class=\"flex flex-wrap justify-between px-7 text-black no-underline md:flex-nowrap md:px-8\">\n<div class=\"order-1 mx-auto flex flex-col justify-center md:order-2 md:ml-4 md:w-full md:grow\">\n<div class=\"block cursor-pointer text-center font-akshar text-2xl font-medium leading-7 text-brand-green duration-200 ease-in-out hover:text-brand-green-700 md:text-left md:text-xl md:leading-6\">Google Pixel 7 (128 Go) (d\u00e9verrouill\u00e9)\n                <\/div>\n<div class=\"mt-4 hidden md:flex md:justify-between\">\n<div class=\"self-end\">\n<div class=\"mb-0 h-11 md:flex md:flex-col md:justify-center\">\n<div class=\" font-sans leading-4 text-black\">\n<div class=\"flex flex-wrap items-center justify-center gap-x-1 md:justify-start\">\n        <span class=\"font-bold\"><\/p>\n<p>            359,99 $<br \/>\n                            <span class=\"font-medium\">\u00e0 Woot<\/span><br \/>\n                    <\/span>\n            <\/div>\n<div class=\"flex items-center justify-center gap-x-1 font-bold md:justify-start\">\n            <span class=\"text-sm line-through\">599,99 $<\/span><br \/>\n            <span class=\"text-sm text-brand-green\">\u00c9conomisez 240,00 $<\/span>\n        <\/div>\n<\/p><\/div>\n<\/p><\/div>\n<\/p><\/div>\n<div class=\"w-44 self-end\">\n                            <button class=\"flex justify-center items-center w-full bg-brand-green text-white text-base font-sans font-medium rounded-md hover:bg-brand-green-700 hover:cursor-pointer md:text-sm h-11\"><\/p>\n<p>    Conclure un accord<br \/>\n<\/button>\n                        <\/div>\n<\/p><\/div>\n<\/p><\/div>\n<div class=\"order-2 mt-5 h-auto w-full md:order-1 md:mt-0 md:hidden\">\n<div class=\"flex aspect-video items-center justify-center\">\n                                            <img decoding=\"async\" class=\"m-0 max-h-full max-w-full rounded-md\" src=\"https:\/\/vieassociative.be\/actualites\/wp-content\/uploads\/2025\/05\/1746159691_718_Les-Google-Pixel-7a-7-et-7-Pro-sont-tous.jpg\" alt=\"Google Pixel 7 (128 Go) (d\u00e9verrouill\u00e9)\" width=\"auto\" height=\"auto\" loading=\"lazy\">\n                                    <\/div>\n<\/p><\/div>\n<div class=\"order-2 ml-2 hidden w-32 shrink-0 items-center md:order-1 md:ml-0 md:flex\">\n<div class=\"flex aspect-video items-center justify-center\">\n                                            <img decoding=\"async\" class=\"m-0 max-h-full max-w-full rounded-md\" src=\"https:\/\/vieassociative.be\/actualites\/wp-content\/uploads\/2025\/05\/1746159691_718_Les-Google-Pixel-7a-7-et-7-Pro-sont-tous.jpg\" alt=\"Google Pixel 7 (128 Go) (d\u00e9verrouill\u00e9)\" width=\"auto\" height=\"auto\" loading=\"lazy\">\n                                    <\/div>\n<\/p><\/div>\n<div class=\"order-3 flex grow flex-wrap md:hidden md:grow-0\">\n<div class=\"mt-4 w-full\">\n                        <button class=\"flex justify-center items-center w-full bg-brand-green text-white text-base font-sans font-medium rounded-md hover:bg-brand-green-700 hover:cursor-pointer md:text-sm h-11\"><\/p>\n<p>    Conclure un accord<br \/>\n<\/button>\n                    <\/div>\n<div class=\"mx-2 mt-4 w-full\">\n<div class=\" font-sans leading-4 text-black\">\n<div class=\"flex flex-wrap items-center justify-center gap-x-1 md:justify-start\">\n        <span class=\"font-bold\"><\/p>\n<p>            359,99 $<br \/>\n                            <span class=\"font-medium\">\u00e0 Woot<\/span><br \/>\n                    <\/span>\n            <\/div>\n<div class=\"flex items-center justify-center gap-x-1 font-bold md:justify-start\">\n            <span class=\"text-sm line-through\">599,99 $<\/span><br \/>\n            <span class=\"text-sm text-brand-green\">\u00c9conomisez 240,00 $<\/span>\n        <\/div>\n<\/p><\/div>\n<\/p><\/div>\n<\/p><\/div>\n<\/p><\/div>\n<\/div>\n<p>Le Google Pixel 7 est toujours un \u00abt\u00e9l\u00e9phone exceptionnel\u00bb, selon l&rsquo;examen de PCMAG. Il a \u00e9t\u00e9 consid\u00e9r\u00e9 comme le meilleur t\u00e9l\u00e9phone Android pour son prix et le t\u00e9l\u00e9phone phare le plus abordable. Si vous hi\u00e9rarchisez la longue dur\u00e9e de vie de la batterie, le Pixel 7 a un l\u00e9ger avantage avec deux heures de plus que le Pixel 7 Pro, avec jusqu&rsquo;\u00e0 12 heures et 10 minutes. Le Pixel 7 Pro a obtenu une \u00ab\u00a0excellente\u00a0\u00bb revue de PCMAG. <\/p>\n<div class=\"pogoClear relative my-10 border-b-(1.5px) border-t-(1.5px) border-dashed border-black py-5 sm:my-14 sm:border-0 sm:py-0\" data-ga-click data-ga-template=\"Deals\" data-ga-module=\"openweb_widget\" data-ga-element=\"openweb_scroll\" data-ga-item=\"openweb_scroll_midpage\" x-cloak x-data=\"{ commentsCount: null, hasComments: false }\" x-init=\"commentsCount = await window.openweb.getMessagesCount(1850974690);\n     hasComments = commentsCount !== null &amp;&amp; commentsCount &gt; 0\"><\/p>\n<div class=\"absolute top-1\/2 hidden w-full -translate-y-1\/2 border-t-(1.5px) border-dashed border-black sm:block\"><\/div>\n<div class=\"relative flex justify-center\">\n<div class=\"flex max-w-max items-center gap-x-3 bg-white px-5\">\n<div class=\"relative\">\n                <span class=\"absolute left-1\/2 top-1\/2 -translate-x-1\/2 -translate-y-1\/2 font-akshar text-sm font-medium text-black\" x-show=\"hasComments\" x-text=\"commentsCount\"><\/span><\/p>\n<p>                <svg class=\"h-8 w-8 text-black\">\n                    <use href=\"http:\/\/lifehacker.com\/images\/icons\/spritemap.svg#sprite-chat-bubble\"><\/use>\n                <\/svg>\n            <\/div>\n<p>            <span class=\"text-sm font-medium text-black\"><\/p>\n<p>                Que pensez-vous jusqu&rsquo;\u00e0 pr\u00e9sent?<br \/>\n                <button class=\"font-semibold text-brand-green underline hover:text-brand-green-700\" onclick=\"window.openweb.scrollToComments('1850974690')\" x-text=\"hasComments ? 'Post a comment.' : 'Be the first to post a comment.'\"><\/button><br \/>\n            <\/span>\n        <\/div>\n<\/p><\/div>\n<\/div>\n<div class=\"pogoClear mb-12 mt-10 rounded-md border-2 border-gray-100 py-7 shadow-xl md:py-6\">\n<div class=\"flex flex-wrap justify-between px-7 text-black no-underline md:flex-nowrap md:px-8\">\n<div class=\"order-1 mx-auto flex flex-col justify-center md:order-2 md:ml-4 md:w-full md:grow\">\n<div class=\"block cursor-pointer text-center font-akshar text-2xl font-medium leading-7 text-brand-green duration-200 ease-in-out hover:text-brand-green-700 md:text-left md:text-xl md:leading-6\">Google Pixel 7A (128 Go) (d\u00e9verrouill\u00e9)\n                <\/div>\n<div class=\"mt-4 hidden md:flex md:justify-between\">\n<div class=\"self-end\">\n<div class=\"mb-0 h-11 md:flex md:flex-col md:justify-center\">\n<div class=\" font-sans leading-4 text-black\">\n<div class=\"flex flex-wrap items-center justify-center gap-x-1 md:justify-start\">\n        <span class=\"font-bold\"><\/p>\n<p>            339,99 $<br \/>\n                            <span class=\"font-medium\">\u00e0 Woot<\/span><br \/>\n                    <\/span>\n            <\/div>\n<div class=\"flex items-center justify-center gap-x-1 font-bold md:justify-start\">\n            <span class=\"text-sm line-through\">499,00 $<\/span><br \/>\n            <span class=\"text-sm text-brand-green\">\u00c9conomisez 159,01 $<\/span>\n        <\/div>\n<\/p><\/div>\n<\/p><\/div>\n<\/p><\/div>\n<div class=\"w-44 self-end\">\n                            <button class=\"flex justify-center items-center w-full bg-brand-green text-white text-base font-sans font-medium rounded-md hover:bg-brand-green-700 hover:cursor-pointer md:text-sm h-11\"><\/p>\n<p>    Conclure un accord<br \/>\n<\/button>\n                        <\/div>\n<\/p><\/div>\n<\/p><\/div>\n<div class=\"order-2 mt-5 h-auto w-full md:order-1 md:mt-0 md:hidden\">\n<div class=\"flex aspect-video items-center justify-center\">\n                                            <img decoding=\"async\" class=\"m-0 max-h-full max-w-full rounded-md\" src=\"https:\/\/vieassociative.be\/actualites\/wp-content\/uploads\/2025\/05\/1746159691_708_Les-Google-Pixel-7a-7-et-7-Pro-sont-tous.jpg\" alt=\"Google Pixel 7A (128 Go) (d\u00e9verrouill\u00e9)\" width=\"auto\" height=\"auto\" loading=\"lazy\">\n                                    <\/div>\n<\/p><\/div>\n<div class=\"order-2 ml-2 hidden w-32 shrink-0 items-center md:order-1 md:ml-0 md:flex\">\n<div class=\"flex aspect-video items-center justify-center\">\n                                            <img decoding=\"async\" class=\"m-0 max-h-full max-w-full rounded-md\" src=\"https:\/\/vieassociative.be\/actualites\/wp-content\/uploads\/2025\/05\/1746159691_708_Les-Google-Pixel-7a-7-et-7-Pro-sont-tous.jpg\" alt=\"Google Pixel 7A (128 Go) (d\u00e9verrouill\u00e9)\" width=\"auto\" height=\"auto\" loading=\"lazy\">\n                                    <\/div>\n<\/p><\/div>\n<div class=\"order-3 flex grow flex-wrap md:hidden md:grow-0\">\n<div class=\"mt-4 w-full\">\n                        <button class=\"flex justify-center items-center w-full bg-brand-green text-white text-base font-sans font-medium rounded-md hover:bg-brand-green-700 hover:cursor-pointer md:text-sm h-11\"><\/p>\n<p>    Conclure un accord<br \/>\n<\/button>\n                    <\/div>\n<div class=\"mx-2 mt-4 w-full\">\n<div class=\" font-sans leading-4 text-black\">\n<div class=\"flex flex-wrap items-center justify-center gap-x-1 md:justify-start\">\n        <span class=\"font-bold\"><\/p>\n<p>            339,99 $<br \/>\n                            <span class=\"font-medium\">\u00e0 Woot<\/span><br \/>\n                    <\/span>\n            <\/div>\n<div class=\"flex items-center justify-center gap-x-1 font-bold md:justify-start\">\n            <span class=\"text-sm line-through\">499,00 $<\/span><br \/>\n            <span class=\"text-sm text-brand-green\">\u00c9conomisez 159,01 $<\/span>\n        <\/div>\n<\/p><\/div>\n<\/p><\/div>\n<\/p><\/div>\n<\/p><\/div>\n<\/div>\n<p>Le pixel 7a a un design similaire \u00e0 cadre en m\u00e9tal au Pixel 7, mais il est l\u00e9g\u00e8rement plus petit et plus l\u00e9ger, avec un \u00e9cran de 6,1 pouces sur les pixels 7.3. Le dos est \u00e9galement compos\u00e9 d&rsquo;un dos en plastique brillant au lieu de la sensation plus haut de gamme du mat\u00e9riau Gorilla Glass de Gorilla Glass du Pixel 7. Les cam\u00e9ras sont diff\u00e9rentes, mais il n&rsquo;y en a pas un \u00ab\u00a0meilleur\u00a0\u00bb clair. <\/p>\n<p>Les utilisateurs qui ach\u00e8tent un t\u00e9l\u00e9phone Android haut de gamme \u00e0 un prix abordable devraient jeter un coup d&rsquo;\u0153il s\u00e9rieusement \u00e0 l&rsquo;un de ces t\u00e9l\u00e9phones de pixels. Les trois seront couverts par les mises \u00e0 jour de s\u00e9curit\u00e9 en cours et les mises \u00e0 jour des fonctionnalit\u00e9s Pixel de Google pour les ann\u00e9es \u00e0 venir. <\/p>\n","protected":false},"excerpt":{"rendered":"<p>Ils ne sont peut-\u00eatre pas les t\u00e9l\u00e9phones de pixels les plus r\u00e9cents, mais ils sont toujours assez bons. Le Google Pixel 8 est sorti en<\/p>\n","protected":false},"author":1,"featured_media":7218,"comment_status":"","ping_status":"","sticky":false,"template":"","format":"standard","meta":{"footnotes":""},"categories":[13],"tags":[700,968,14,845,1429,1278,1399,630,18,546],"class_list":["post-7217","post","type-post","status-publish","format-standard","has-post-thumbnail","hentry","category-technologie","tag-bas","tag-google","tag-les","tag-leurs","tag-moment","tag-pixel","tag-prix","tag-pro","tag-sont","tag-tous","generate-columns","tablet-grid-50","mobile-grid-100","grid-parent","grid-33"],"yoast_head":"<!-- This site is optimized with the Yoast SEO plugin v24.0 - https:\/\/yoast.com\/wordpress\/plugins\/seo\/ -->\n<title>Les Google Pixel 7a, 7 et 7 Pro sont tous \u00e0 leurs prix les plus bas en ce moment | Vie Associative<\/title>\n<meta name=\"robots\" content=\"index, follow, max-snippet:-1, max-image-preview:large, max-video-preview:-1\" \/>\n<link rel=\"canonical\" href=\"https:\/\/vieassociative.be\/actualites\/les-google-pixel-7a-7-et-7-pro-sont-tous-a-leurs-prix-les-plus-bas-en-ce-moment\/\" \/>\n<meta property=\"og:locale\" content=\"fr_FR\" \/>\n<meta property=\"og:type\" content=\"article\" \/>\n<meta property=\"og:title\" content=\"Les Google Pixel 7a, 7 et 7 Pro sont tous \u00e0 leurs prix les plus bas en ce moment | Vie Associative\" \/>\n<meta property=\"og:description\" content=\"Ils ne sont peut-\u00eatre pas les t\u00e9l\u00e9phones de pixels les plus r\u00e9cents, mais ils sont toujours assez bons. Le Google Pixel 8 est sorti en\" \/>\n<meta property=\"og:url\" content=\"https:\/\/vieassociative.be\/actualites\/les-google-pixel-7a-7-et-7-pro-sont-tous-a-leurs-prix-les-plus-bas-en-ce-moment\/\" \/>\n<meta property=\"og:site_name\" content=\"Vie Associative\" \/>\n<meta property=\"article:published_time\" content=\"2025-05-02T04:21:31+00:00\" \/>\n<meta property=\"og:image\" content=\"https:\/\/vieassociative.be\/actualites\/wp-content\/uploads\/2025\/05\/Les-Google-Pixel-7a-7-et-7-Pro-sont-tous.jpg\" \/>\n<meta name=\"author\" content=\"Julien\" \/>\n<meta name=\"twitter:card\" content=\"summary_large_image\" \/>\n<meta name=\"twitter:label1\" content=\"\u00c9crit par\" \/>\n\t<meta name=\"twitter:data1\" content=\"Julien\" \/>\n\t<meta name=\"twitter:label2\" content=\"Dur\u00e9e de lecture est.\" \/>\n\t<meta name=\"twitter:data2\" content=\"3 minutes\" \/>\n<script type=\"application\/ld+json\" class=\"yoast-schema-graph\">{\"@context\":\"https:\/\/schema.org\",\"@graph\":[{\"@type\":\"Article\",\"@id\":\"https:\/\/vieassociative.be\/actualites\/les-google-pixel-7a-7-et-7-pro-sont-tous-a-leurs-prix-les-plus-bas-en-ce-moment\/#article\",\"isPartOf\":{\"@id\":\"https:\/\/vieassociative.be\/actualites\/les-google-pixel-7a-7-et-7-pro-sont-tous-a-leurs-prix-les-plus-bas-en-ce-moment\/\"},\"author\":{\"name\":\"Julien\",\"@id\":\"https:\/\/vieassociative.be\/actualites\/#\/schema\/person\/b87ac4f82f9d4e7b7cec7395b679edc4\"},\"headline\":\"Les Google Pixel 7a, 7 et 7 Pro sont tous \u00e0 leurs prix les plus bas en ce moment\",\"datePublished\":\"2025-05-02T04:21:31+00:00\",\"dateModified\":\"2025-05-02T04:21:31+00:00\",\"mainEntityOfPage\":{\"@id\":\"https:\/\/vieassociative.be\/actualites\/les-google-pixel-7a-7-et-7-pro-sont-tous-a-leurs-prix-les-plus-bas-en-ce-moment\/\"},\"wordCount\":593,\"publisher\":{\"@id\":\"https:\/\/vieassociative.be\/actualites\/#organization\"},\"image\":{\"@id\":\"https:\/\/vieassociative.be\/actualites\/les-google-pixel-7a-7-et-7-pro-sont-tous-a-leurs-prix-les-plus-bas-en-ce-moment\/#primaryimage\"},\"thumbnailUrl\":\"https:\/\/vieassociative.be\/actualites\/wp-content\/uploads\/2025\/05\/Les-Google-Pixel-7a-7-et-7-Pro-sont-tous.png\",\"keywords\":[\"bas\",\"Google\",\"Les\",\"leurs\",\"moment\",\"Pixel\",\"prix\",\"Pro\",\"sont\",\"tous\"],\"articleSection\":[\"Technologie\"],\"inLanguage\":\"fr-BE\"},{\"@type\":\"WebPage\",\"@id\":\"https:\/\/vieassociative.be\/actualites\/les-google-pixel-7a-7-et-7-pro-sont-tous-a-leurs-prix-les-plus-bas-en-ce-moment\/\",\"url\":\"https:\/\/vieassociative.be\/actualites\/les-google-pixel-7a-7-et-7-pro-sont-tous-a-leurs-prix-les-plus-bas-en-ce-moment\/\",\"name\":\"Les Google Pixel 7a, 7 et 7 Pro sont tous \u00e0 leurs prix les plus bas en ce moment | Vie Associative\",\"isPartOf\":{\"@id\":\"https:\/\/vieassociative.be\/actualites\/#website\"},\"primaryImageOfPage\":{\"@id\":\"https:\/\/vieassociative.be\/actualites\/les-google-pixel-7a-7-et-7-pro-sont-tous-a-leurs-prix-les-plus-bas-en-ce-moment\/#primaryimage\"},\"image\":{\"@id\":\"https:\/\/vieassociative.be\/actualites\/les-google-pixel-7a-7-et-7-pro-sont-tous-a-leurs-prix-les-plus-bas-en-ce-moment\/#primaryimage\"},\"thumbnailUrl\":\"https:\/\/vieassociative.be\/actualites\/wp-content\/uploads\/2025\/05\/Les-Google-Pixel-7a-7-et-7-Pro-sont-tous.png\",\"datePublished\":\"2025-05-02T04:21:31+00:00\",\"dateModified\":\"2025-05-02T04:21:31+00:00\",\"breadcrumb\":{\"@id\":\"https:\/\/vieassociative.be\/actualites\/les-google-pixel-7a-7-et-7-pro-sont-tous-a-leurs-prix-les-plus-bas-en-ce-moment\/#breadcrumb\"},\"inLanguage\":\"fr-BE\",\"potentialAction\":[{\"@type\":\"ReadAction\",\"target\":[\"https:\/\/vieassociative.be\/actualites\/les-google-pixel-7a-7-et-7-pro-sont-tous-a-leurs-prix-les-plus-bas-en-ce-moment\/\"]}]},{\"@type\":\"ImageObject\",\"inLanguage\":\"fr-BE\",\"@id\":\"https:\/\/vieassociative.be\/actualites\/les-google-pixel-7a-7-et-7-pro-sont-tous-a-leurs-prix-les-plus-bas-en-ce-moment\/#primaryimage\",\"url\":\"https:\/\/vieassociative.be\/actualites\/wp-content\/uploads\/2025\/05\/Les-Google-Pixel-7a-7-et-7-Pro-sont-tous.png\",\"contentUrl\":\"https:\/\/vieassociative.be\/actualites\/wp-content\/uploads\/2025\/05\/Les-Google-Pixel-7a-7-et-7-Pro-sont-tous.png\",\"width\":1200,\"height\":675,\"caption\":\"Les Google Pixel 7a, 7 et 7 Pro sont tous \u00e0 leurs prix les plus bas en ce moment\"},{\"@type\":\"BreadcrumbList\",\"@id\":\"https:\/\/vieassociative.be\/actualites\/les-google-pixel-7a-7-et-7-pro-sont-tous-a-leurs-prix-les-plus-bas-en-ce-moment\/#breadcrumb\",\"itemListElement\":[{\"@type\":\"ListItem\",\"position\":1,\"name\":\"Accueil\",\"item\":\"https:\/\/vieassociative.be\/actualites\/\"},{\"@type\":\"ListItem\",\"position\":2,\"name\":\"Les Google Pixel 7a, 7 et 7 Pro sont tous \u00e0 leurs prix les plus bas en ce moment\"}]},{\"@type\":\"WebSite\",\"@id\":\"https:\/\/vieassociative.be\/actualites\/#website\",\"url\":\"https:\/\/vieassociative.be\/actualites\/\",\"name\":\"Vie Associative\",\"description\":\"\",\"publisher\":{\"@id\":\"https:\/\/vieassociative.be\/actualites\/#organization\"},\"potentialAction\":[{\"@type\":\"SearchAction\",\"target\":{\"@type\":\"EntryPoint\",\"urlTemplate\":\"https:\/\/vieassociative.be\/actualites\/?s={search_term_string}\"},\"query-input\":{\"@type\":\"PropertyValueSpecification\",\"valueRequired\":true,\"valueName\":\"search_term_string\"}}],\"inLanguage\":\"fr-BE\"},{\"@type\":\"Organization\",\"@id\":\"https:\/\/vieassociative.be\/actualites\/#organization\",\"name\":\"Vie Associative\",\"url\":\"https:\/\/vieassociative.be\/actualites\/\",\"logo\":{\"@type\":\"ImageObject\",\"inLanguage\":\"fr-BE\",\"@id\":\"https:\/\/vieassociative.be\/actualites\/#\/schema\/logo\/image\/\",\"url\":\"https:\/\/vieassociative.be\/actualites\/wp-content\/uploads\/2024\/09\/cropped-vieassociative_favicon.ico.png\",\"contentUrl\":\"https:\/\/vieassociative.be\/actualites\/wp-content\/uploads\/2024\/09\/cropped-vieassociative_favicon.ico.png\",\"width\":512,\"height\":512,\"caption\":\"Vie Associative\"},\"image\":{\"@id\":\"https:\/\/vieassociative.be\/actualites\/#\/schema\/logo\/image\/\"}},{\"@type\":\"Person\",\"@id\":\"https:\/\/vieassociative.be\/actualites\/#\/schema\/person\/b87ac4f82f9d4e7b7cec7395b679edc4\",\"name\":\"Julien\",\"image\":{\"@type\":\"ImageObject\",\"inLanguage\":\"fr-BE\",\"@id\":\"https:\/\/vieassociative.be\/actualites\/#\/schema\/person\/image\/\",\"url\":\"https:\/\/vieassociative.be\/actualites\/wp-content\/uploads\/2024\/09\/vie-associative-1-150x150.jpg\",\"contentUrl\":\"https:\/\/vieassociative.be\/actualites\/wp-content\/uploads\/2024\/09\/vie-associative-1-150x150.jpg\",\"caption\":\"Julien\"},\"description\":\"Je suis Julien, r\u00e9dacteur pour Vie Associative. Passionn\u00e9 par le monde associatif depuis plus de 10 ans, j'ai \u00e0 c\u0153ur de partager des histoires inspirantes et de mettre en lumi\u00e8re les initiatives locales. Mon objectif est de sensibiliser et d'encourager l'engagement communautaire \u00e0 travers mes articles.\",\"sameAs\":[\"https:\/\/vieassociative.be\/\"]}]}<\/script>\n<!-- \/ Yoast SEO plugin. -->","yoast_head_json":{"title":"Les Google Pixel 7a, 7 et 7 Pro sont tous \u00e0 leurs prix les plus bas en ce moment | Vie Associative","robots":{"index":"index","follow":"follow","max-snippet":"max-snippet:-1","max-image-preview":"max-image-preview:large","max-video-preview":"max-video-preview:-1"},"canonical":"https:\/\/vieassociative.be\/actualites\/les-google-pixel-7a-7-et-7-pro-sont-tous-a-leurs-prix-les-plus-bas-en-ce-moment\/","og_locale":"fr_FR","og_type":"article","og_title":"Les Google Pixel 7a, 7 et 7 Pro sont tous \u00e0 leurs prix les plus bas en ce moment | Vie Associative","og_description":"Ils ne sont peut-\u00eatre pas les t\u00e9l\u00e9phones de pixels les plus r\u00e9cents, mais ils sont toujours assez bons. Le Google Pixel 8 est sorti en","og_url":"https:\/\/vieassociative.be\/actualites\/les-google-pixel-7a-7-et-7-pro-sont-tous-a-leurs-prix-les-plus-bas-en-ce-moment\/","og_site_name":"Vie Associative","article_published_time":"2025-05-02T04:21:31+00:00","og_image":[{"url":"https:\/\/vieassociative.be\/actualites\/wp-content\/uploads\/2025\/05\/Les-Google-Pixel-7a-7-et-7-Pro-sont-tous.jpg","type":"","width":"","height":""}],"author":"Julien","twitter_card":"summary_large_image","twitter_misc":{"\u00c9crit par":"Julien","Dur\u00e9e de lecture est.":"3 minutes"},"schema":{"@context":"https:\/\/schema.org","@graph":[{"@type":"Article","@id":"https:\/\/vieassociative.be\/actualites\/les-google-pixel-7a-7-et-7-pro-sont-tous-a-leurs-prix-les-plus-bas-en-ce-moment\/#article","isPartOf":{"@id":"https:\/\/vieassociative.be\/actualites\/les-google-pixel-7a-7-et-7-pro-sont-tous-a-leurs-prix-les-plus-bas-en-ce-moment\/"},"author":{"name":"Julien","@id":"https:\/\/vieassociative.be\/actualites\/#\/schema\/person\/b87ac4f82f9d4e7b7cec7395b679edc4"},"headline":"Les Google Pixel 7a, 7 et 7 Pro sont tous \u00e0 leurs prix les plus bas en ce moment","datePublished":"2025-05-02T04:21:31+00:00","dateModified":"2025-05-02T04:21:31+00:00","mainEntityOfPage":{"@id":"https:\/\/vieassociative.be\/actualites\/les-google-pixel-7a-7-et-7-pro-sont-tous-a-leurs-prix-les-plus-bas-en-ce-moment\/"},"wordCount":593,"publisher":{"@id":"https:\/\/vieassociative.be\/actualites\/#organization"},"image":{"@id":"https:\/\/vieassociative.be\/actualites\/les-google-pixel-7a-7-et-7-pro-sont-tous-a-leurs-prix-les-plus-bas-en-ce-moment\/#primaryimage"},"thumbnailUrl":"https:\/\/vieassociative.be\/actualites\/wp-content\/uploads\/2025\/05\/Les-Google-Pixel-7a-7-et-7-Pro-sont-tous.png","keywords":["bas","Google","Les","leurs","moment","Pixel","prix","Pro","sont","tous"],"articleSection":["Technologie"],"inLanguage":"fr-BE"},{"@type":"WebPage","@id":"https:\/\/vieassociative.be\/actualites\/les-google-pixel-7a-7-et-7-pro-sont-tous-a-leurs-prix-les-plus-bas-en-ce-moment\/","url":"https:\/\/vieassociative.be\/actualites\/les-google-pixel-7a-7-et-7-pro-sont-tous-a-leurs-prix-les-plus-bas-en-ce-moment\/","name":"Les Google Pixel 7a, 7 et 7 Pro sont tous \u00e0 leurs prix les plus bas en ce moment | Vie Associative","isPartOf":{"@id":"https:\/\/vieassociative.be\/actualites\/#website"},"primaryImageOfPage":{"@id":"https:\/\/vieassociative.be\/actualites\/les-google-pixel-7a-7-et-7-pro-sont-tous-a-leurs-prix-les-plus-bas-en-ce-moment\/#primaryimage"},"image":{"@id":"https:\/\/vieassociative.be\/actualites\/les-google-pixel-7a-7-et-7-pro-sont-tous-a-leurs-prix-les-plus-bas-en-ce-moment\/#primaryimage"},"thumbnailUrl":"https:\/\/vieassociative.be\/actualites\/wp-content\/uploads\/2025\/05\/Les-Google-Pixel-7a-7-et-7-Pro-sont-tous.png","datePublished":"2025-05-02T04:21:31+00:00","dateModified":"2025-05-02T04:21:31+00:00","breadcrumb":{"@id":"https:\/\/vieassociative.be\/actualites\/les-google-pixel-7a-7-et-7-pro-sont-tous-a-leurs-prix-les-plus-bas-en-ce-moment\/#breadcrumb"},"inLanguage":"fr-BE","potentialAction":[{"@type":"ReadAction","target":["https:\/\/vieassociative.be\/actualites\/les-google-pixel-7a-7-et-7-pro-sont-tous-a-leurs-prix-les-plus-bas-en-ce-moment\/"]}]},{"@type":"ImageObject","inLanguage":"fr-BE","@id":"https:\/\/vieassociative.be\/actualites\/les-google-pixel-7a-7-et-7-pro-sont-tous-a-leurs-prix-les-plus-bas-en-ce-moment\/#primaryimage","url":"https:\/\/vieassociative.be\/actualites\/wp-content\/uploads\/2025\/05\/Les-Google-Pixel-7a-7-et-7-Pro-sont-tous.png","contentUrl":"https:\/\/vieassociative.be\/actualites\/wp-content\/uploads\/2025\/05\/Les-Google-Pixel-7a-7-et-7-Pro-sont-tous.png","width":1200,"height":675,"caption":"Les Google Pixel 7a, 7 et 7 Pro sont tous \u00e0 leurs prix les plus bas en ce moment"},{"@type":"BreadcrumbList","@id":"https:\/\/vieassociative.be\/actualites\/les-google-pixel-7a-7-et-7-pro-sont-tous-a-leurs-prix-les-plus-bas-en-ce-moment\/#breadcrumb","itemListElement":[{"@type":"ListItem","position":1,"name":"Accueil","item":"https:\/\/vieassociative.be\/actualites\/"},{"@type":"ListItem","position":2,"name":"Les Google Pixel 7a, 7 et 7 Pro sont tous \u00e0 leurs prix les plus bas en ce moment"}]},{"@type":"WebSite","@id":"https:\/\/vieassociative.be\/actualites\/#website","url":"https:\/\/vieassociative.be\/actualites\/","name":"Vie Associative","description":"","publisher":{"@id":"https:\/\/vieassociative.be\/actualites\/#organization"},"potentialAction":[{"@type":"SearchAction","target":{"@type":"EntryPoint","urlTemplate":"https:\/\/vieassociative.be\/actualites\/?s={search_term_string}"},"query-input":{"@type":"PropertyValueSpecification","valueRequired":true,"valueName":"search_term_string"}}],"inLanguage":"fr-BE"},{"@type":"Organization","@id":"https:\/\/vieassociative.be\/actualites\/#organization","name":"Vie Associative","url":"https:\/\/vieassociative.be\/actualites\/","logo":{"@type":"ImageObject","inLanguage":"fr-BE","@id":"https:\/\/vieassociative.be\/actualites\/#\/schema\/logo\/image\/","url":"https:\/\/vieassociative.be\/actualites\/wp-content\/uploads\/2024\/09\/cropped-vieassociative_favicon.ico.png","contentUrl":"https:\/\/vieassociative.be\/actualites\/wp-content\/uploads\/2024\/09\/cropped-vieassociative_favicon.ico.png","width":512,"height":512,"caption":"Vie Associative"},"image":{"@id":"https:\/\/vieassociative.be\/actualites\/#\/schema\/logo\/image\/"}},{"@type":"Person","@id":"https:\/\/vieassociative.be\/actualites\/#\/schema\/person\/b87ac4f82f9d4e7b7cec7395b679edc4","name":"Julien","image":{"@type":"ImageObject","inLanguage":"fr-BE","@id":"https:\/\/vieassociative.be\/actualites\/#\/schema\/person\/image\/","url":"https:\/\/vieassociative.be\/actualites\/wp-content\/uploads\/2024\/09\/vie-associative-1-150x150.jpg","contentUrl":"https:\/\/vieassociative.be\/actualites\/wp-content\/uploads\/2024\/09\/vie-associative-1-150x150.jpg","caption":"Julien"},"description":"Je suis Julien, r\u00e9dacteur pour Vie Associative. Passionn\u00e9 par le monde associatif depuis plus de 10 ans, j'ai \u00e0 c\u0153ur de partager des histoires inspirantes et de mettre en lumi\u00e8re les initiatives locales. Mon objectif est de sensibiliser et d'encourager l'engagement communautaire \u00e0 travers mes articles.","sameAs":["https:\/\/vieassociative.be\/"]}]}},"_links":{"self":[{"href":"https:\/\/vieassociative.be\/actualites\/wp-json\/wp\/v2\/posts\/7217"}],"collection":[{"href":"https:\/\/vieassociative.be\/actualites\/wp-json\/wp\/v2\/posts"}],"about":[{"href":"https:\/\/vieassociative.be\/actualites\/wp-json\/wp\/v2\/types\/post"}],"author":[{"embeddable":true,"href":"https:\/\/vieassociative.be\/actualites\/wp-json\/wp\/v2\/users\/1"}],"replies":[{"embeddable":true,"href":"https:\/\/vieassociative.be\/actualites\/wp-json\/wp\/v2\/comments?post=7217"}],"version-history":[{"count":0,"href":"https:\/\/vieassociative.be\/actualites\/wp-json\/wp\/v2\/posts\/7217\/revisions"}],"wp:featuredmedia":[{"embeddable":true,"href":"https:\/\/vieassociative.be\/actualites\/wp-json\/wp\/v2\/media\/7218"}],"wp:attachment":[{"href":"https:\/\/vieassociative.be\/actualites\/wp-json\/wp\/v2\/media?parent=7217"}],"wp:term":[{"taxonomy":"category","embeddable":true,"href":"https:\/\/vieassociative.be\/actualites\/wp-json\/wp\/v2\/categories?post=7217"},{"taxonomy":"post_tag","embeddable":true,"href":"https:\/\/vieassociative.be\/actualites\/wp-json\/wp\/v2\/tags?post=7217"}],"curies":[{"name":"wp","href":"https:\/\/api.w.org\/{rel}","templated":true}]}}