{"id":7215,"date":"2025-05-02T04:16:59","date_gmt":"2025-05-02T02:16:59","guid":{"rendered":"https:\/\/vieassociative.be\/actualites\/team-tchamba-ce-sont-les-visages-derriere-tchamba\/"},"modified":"2025-05-02T04:16:59","modified_gmt":"2025-05-02T02:16:59","slug":"team-tchamba-ce-sont-les-visages-derriere-tchamba","status":"publish","type":"post","link":"https:\/\/vieassociative.be\/actualites\/team-tchamba-ce-sont-les-visages-derriere-tchamba\/","title":{"rendered":"Team Tchamba &#8211; Ce sont les visages derri\u00e8re Tchamba"},"content":{"rendered":"<p><strong>Chez Tchamba Telecom, vous connaissez bien les services: abonnements Internet, ligne fixe et t\u00e9l\u00e9phone mobile, support technique \u00e0 proximit\u00e9 &#8230; mais derri\u00e8re tout cela, les employ\u00e9s qui font avancer la boutique.<\/strong><\/p>\n<p><span id=\"more-414512\"><\/span>Pour mettre ces visages sous les projecteurs, la soci\u00e9t\u00e9 a lanc\u00e9 une nouvelle campagne: \u00ab\u00a0Nous sommes Team Tchamba\u00a0\u00bb.<\/p>\n<p>Au centre de cette organisation est <strong>Nadine Meysters<\/strong>Directeur des ressources humaines et responsable du back-office. Elle conna\u00eet chaque processus interne, coordonne les besoins de l&rsquo;\u00e9quipe et garantit que l&rsquo;atmosph\u00e8re de travail reste saine et reconnaissante.<\/p>\n<p>Lorsqu&rsquo;un client appelle, c&rsquo;est souvent <strong>Nadine Marichal<\/strong>Cela va au t\u00e9l\u00e9phone. Pr\u00e8s des humains, ancr\u00e9s localement &#8211; elle conseille, r\u00e9pond et parle couramment \u00ab\u00a0tchamba\u00a0\u00bb. Et quand il s&rsquo;agit d&rsquo;une facture ou d&rsquo;un paiement, prend le relais <strong>Chantal Hilligsmann<\/strong>. R\u00e9serv\u00e9, mais indispensable &#8211; il prend soin des chiffres, du suivi et de tous les petits d\u00e9tails qui garantissent le bon fonctionnement de l&rsquo;administration.<\/p>\n<div id=\"attachment_384213\" class=\"wp-caption alignleft\" style=\"max-width: 300px\"><img fetchpriority=\"high\" decoding=\"async\" class=\"wp-image-384213 size-medium\" src=\"https:\/\/vieassociative.be\/actualites\/wp-content\/uploads\/2025\/05\/Team-Tchamba-Ce-sont-les-visages-derriere-Tchamba.jpg\" alt=\"\" width=\"300\" height=\"225\"><\/p>\n<p class=\"wp-caption-text\">S\u00e9bastien Semaille, fondateur de Tchamba Telecom.<\/p>\n<\/div>\n<p>Coordonn\u00e9 du c\u00f4t\u00e9 technique <strong>Tim Fl\u00e4schel<\/strong> Le service: configurations, planification, support &#8211; il est tr\u00e8s familier dans les t\u00e9l\u00e9communications. Son fr\u00e8re <strong>Thomas Fl\u00e4schel<\/strong> est responsable des services mobiles. L&rsquo;activation, le portage, les cartes SIM-chaque demande le traversent. Et avec calme et pr\u00e9cision.<\/p>\n<p>Pour un soutien ou des demandes de d\u00e9m\u00e9nagement <strong>Patrick Emonts<\/strong> Le point de contact. Il conna\u00eet l&rsquo;entreprise depuis le d\u00e9but, trouve des solutions, pr\u00e9pare tout &#8230; souvent dans les coulisses, mais toujours sur place au bon moment.<\/p>\n<p><strong>Kim Vasbinder<\/strong> est responsable de la vente et de la coordination de l&rsquo;\u00e9quipe commerciale. Elle jongle entre les clients et les coll\u00e8gues avec tact. Maintient \u00e0 vos c\u00f4t\u00e9s <strong>Nadine Ganser<\/strong> Pour l&rsquo;enregistrement administratif &#8211; efficace et fiable.<\/p>\n<p><strong>Alexandra Balkhausen<\/strong> Supervise les clients, en particulier dans la r\u00e9gion d&rsquo;Eifel. En tant que locaux, elle sait exactement de quoi elle parle &#8211; et c&rsquo;est exactement ce qu&rsquo;elle cr\u00e9e.<\/p>\n<p><strong>Marie K\u00f6hler<\/strong>Le dernier membre de l&rsquo;\u00e9quipe soutient le back-office et les t\u00e2ches techniques. Curieux, rapide, engag\u00e9 &#8211; il s&rsquo;int\u00e8gre \u00e0 un rythme rapide. <strong>Megan piq\u00fbre<\/strong>Responsable de la communication et du parrainage, tient les points forts de la vie de l&rsquo;\u00e9quipe, accompagne les projets locaux et donne \u00e0 Tchamba une voix &#8211; sur les r\u00e9seaux sociaux et au-del\u00e0.<\/p>\n<p>Et puis il y a toujours l\u00e0 <strong>S\u00e9bastien S\u00e9maille<\/strong>le fondateur de l&rsquo;entreprise. Il l&rsquo;a commenc\u00e9 en 2014 avec une vision claire: cr\u00e9er une alternative locale, humaine et fiable. Cette philosophie reste inchang\u00e9e dix ans plus tard. Pour lui, \u00abTchamba Life\u00bb n&rsquo;est pas seulement un dicton marketing &#8211; c&rsquo;est un \u00e9tat d&rsquo;esprit que toute l&rsquo;\u00e9quipe partage.<\/p>\n<p>Humain \u00e0 la terre, enracinement, enracin\u00e9 localement &#8211; l&rsquo;\u00e9quipe Tchamba travaille avec le c\u0153ur, l&rsquo;esprit et la volont\u00e9 ferme de vraiment conna\u00eetre ses clients. Exactement cette relation directe et personnelle fait la diff\u00e9rence!<\/p>\n<p>Plus d&rsquo;informations sous <u>https:\/\/tchamba.be\/<\/u><\/p>\n","protected":false},"excerpt":{"rendered":"<p>Chez Tchamba Telecom, vous connaissez bien les services: abonnements Internet, ligne fixe et t\u00e9l\u00e9phone mobile, support technique \u00e0 proximit\u00e9 &#8230; mais derri\u00e8re tout cela, les<\/p>\n","protected":false},"author":1,"featured_media":7216,"comment_status":"","ping_status":"","sticky":false,"template":"","format":"standard","meta":{"footnotes":""},"categories":[298],"tags":[3978,14,18,3768,6759,1508],"class_list":["post-7215","post","type-post","status-publish","format-standard","has-post-thumbnail","hentry","category-belgique","tag-derriere","tag-les","tag-sont","tag-tchamba","tag-team","tag-visages","generate-columns","tablet-grid-50","mobile-grid-100","grid-parent","grid-33"],"yoast_head":"<!-- This site is optimized with the Yoast SEO plugin v24.0 - https:\/\/yoast.com\/wordpress\/plugins\/seo\/ -->\n<title>Team Tchamba - Ce sont les visages derri\u00e8re Tchamba | Vie Associative<\/title>\n<meta name=\"robots\" content=\"index, follow, max-snippet:-1, max-image-preview:large, max-video-preview:-1\" \/>\n<link rel=\"canonical\" href=\"https:\/\/vieassociative.be\/actualites\/team-tchamba-ce-sont-les-visages-derriere-tchamba\/\" \/>\n<meta property=\"og:locale\" content=\"fr_FR\" \/>\n<meta property=\"og:type\" content=\"article\" \/>\n<meta property=\"og:title\" content=\"Team Tchamba - Ce sont les visages derri\u00e8re Tchamba | Vie Associative\" \/>\n<meta property=\"og:description\" content=\"Chez Tchamba Telecom, vous connaissez bien les services: abonnements Internet, ligne fixe et t\u00e9l\u00e9phone mobile, support technique \u00e0 proximit\u00e9 &#8230; mais derri\u00e8re tout cela, les\" \/>\n<meta property=\"og:url\" content=\"https:\/\/vieassociative.be\/actualites\/team-tchamba-ce-sont-les-visages-derriere-tchamba\/\" \/>\n<meta property=\"og:site_name\" content=\"Vie Associative\" \/>\n<meta property=\"article:published_time\" content=\"2025-05-02T02:16:59+00:00\" \/>\n<meta property=\"og:image\" content=\"https:\/\/vieassociative.be\/actualites\/wp-content\/uploads\/2024\/09\/header_backgroundk-01-e1726694325946.png\" \/>\n\t<meta property=\"og:image:width\" content=\"279\" \/>\n\t<meta property=\"og:image:height\" content=\"92\" \/>\n\t<meta property=\"og:image:type\" content=\"image\/png\" \/>\n<meta name=\"author\" content=\"Julien\" \/>\n<meta name=\"twitter:card\" content=\"summary_large_image\" \/>\n<meta name=\"twitter:label1\" content=\"\u00c9crit par\" \/>\n\t<meta name=\"twitter:data1\" content=\"Julien\" \/>\n\t<meta name=\"twitter:label2\" content=\"Dur\u00e9e de lecture est.\" \/>\n\t<meta name=\"twitter:data2\" content=\"2 minutes\" \/>\n<script type=\"application\/ld+json\" class=\"yoast-schema-graph\">{\"@context\":\"https:\/\/schema.org\",\"@graph\":[{\"@type\":\"Article\",\"@id\":\"https:\/\/vieassociative.be\/actualites\/team-tchamba-ce-sont-les-visages-derriere-tchamba\/#article\",\"isPartOf\":{\"@id\":\"https:\/\/vieassociative.be\/actualites\/team-tchamba-ce-sont-les-visages-derriere-tchamba\/\"},\"author\":{\"name\":\"Julien\",\"@id\":\"https:\/\/vieassociative.be\/actualites\/#\/schema\/person\/b87ac4f82f9d4e7b7cec7395b679edc4\"},\"headline\":\"Team Tchamba &#8211; Ce sont les visages derri\u00e8re Tchamba\",\"datePublished\":\"2025-05-02T02:16:59+00:00\",\"dateModified\":\"2025-05-02T02:16:59+00:00\",\"mainEntityOfPage\":{\"@id\":\"https:\/\/vieassociative.be\/actualites\/team-tchamba-ce-sont-les-visages-derriere-tchamba\/\"},\"wordCount\":521,\"publisher\":{\"@id\":\"https:\/\/vieassociative.be\/actualites\/#organization\"},\"image\":{\"@id\":\"https:\/\/vieassociative.be\/actualites\/team-tchamba-ce-sont-les-visages-derriere-tchamba\/#primaryimage\"},\"thumbnailUrl\":\"https:\/\/vieassociative.be\/actualites\/wp-content\/uploads\/2025\/05\/1746152220_Team-Tchamba-Ce-sont-les-visages-derriere-Tchamba.jpg\",\"keywords\":[\"derri\u00e8re\",\"Les\",\"sont\",\"TCHAMBA\",\"Team\",\"visages\"],\"articleSection\":[\"Belgique\"],\"inLanguage\":\"fr-BE\"},{\"@type\":\"WebPage\",\"@id\":\"https:\/\/vieassociative.be\/actualites\/team-tchamba-ce-sont-les-visages-derriere-tchamba\/\",\"url\":\"https:\/\/vieassociative.be\/actualites\/team-tchamba-ce-sont-les-visages-derriere-tchamba\/\",\"name\":\"Team Tchamba - Ce sont les visages derri\u00e8re Tchamba | Vie Associative\",\"isPartOf\":{\"@id\":\"https:\/\/vieassociative.be\/actualites\/#website\"},\"primaryImageOfPage\":{\"@id\":\"https:\/\/vieassociative.be\/actualites\/team-tchamba-ce-sont-les-visages-derriere-tchamba\/#primaryimage\"},\"image\":{\"@id\":\"https:\/\/vieassociative.be\/actualites\/team-tchamba-ce-sont-les-visages-derriere-tchamba\/#primaryimage\"},\"thumbnailUrl\":\"https:\/\/vieassociative.be\/actualites\/wp-content\/uploads\/2025\/05\/1746152220_Team-Tchamba-Ce-sont-les-visages-derriere-Tchamba.jpg\",\"datePublished\":\"2025-05-02T02:16:59+00:00\",\"dateModified\":\"2025-05-02T02:16:59+00:00\",\"breadcrumb\":{\"@id\":\"https:\/\/vieassociative.be\/actualites\/team-tchamba-ce-sont-les-visages-derriere-tchamba\/#breadcrumb\"},\"inLanguage\":\"fr-BE\",\"potentialAction\":[{\"@type\":\"ReadAction\",\"target\":[\"https:\/\/vieassociative.be\/actualites\/team-tchamba-ce-sont-les-visages-derriere-tchamba\/\"]}]},{\"@type\":\"ImageObject\",\"inLanguage\":\"fr-BE\",\"@id\":\"https:\/\/vieassociative.be\/actualites\/team-tchamba-ce-sont-les-visages-derriere-tchamba\/#primaryimage\",\"url\":\"https:\/\/vieassociative.be\/actualites\/wp-content\/uploads\/2025\/05\/1746152220_Team-Tchamba-Ce-sont-les-visages-derriere-Tchamba.jpg\",\"contentUrl\":\"https:\/\/vieassociative.be\/actualites\/wp-content\/uploads\/2025\/05\/1746152220_Team-Tchamba-Ce-sont-les-visages-derriere-Tchamba.jpg\",\"width\":1200,\"height\":800,\"caption\":\"Team Tchamba - Ce sont les visages derri\u00e8re Tchamba\"},{\"@type\":\"BreadcrumbList\",\"@id\":\"https:\/\/vieassociative.be\/actualites\/team-tchamba-ce-sont-les-visages-derriere-tchamba\/#breadcrumb\",\"itemListElement\":[{\"@type\":\"ListItem\",\"position\":1,\"name\":\"Accueil\",\"item\":\"https:\/\/vieassociative.be\/actualites\/\"},{\"@type\":\"ListItem\",\"position\":2,\"name\":\"Team Tchamba &#8211; Ce sont les visages derri\u00e8re Tchamba\"}]},{\"@type\":\"WebSite\",\"@id\":\"https:\/\/vieassociative.be\/actualites\/#website\",\"url\":\"https:\/\/vieassociative.be\/actualites\/\",\"name\":\"Vie Associative\",\"description\":\"\",\"publisher\":{\"@id\":\"https:\/\/vieassociative.be\/actualites\/#organization\"},\"potentialAction\":[{\"@type\":\"SearchAction\",\"target\":{\"@type\":\"EntryPoint\",\"urlTemplate\":\"https:\/\/vieassociative.be\/actualites\/?s={search_term_string}\"},\"query-input\":{\"@type\":\"PropertyValueSpecification\",\"valueRequired\":true,\"valueName\":\"search_term_string\"}}],\"inLanguage\":\"fr-BE\"},{\"@type\":\"Organization\",\"@id\":\"https:\/\/vieassociative.be\/actualites\/#organization\",\"name\":\"Vie Associative\",\"url\":\"https:\/\/vieassociative.be\/actualites\/\",\"logo\":{\"@type\":\"ImageObject\",\"inLanguage\":\"fr-BE\",\"@id\":\"https:\/\/vieassociative.be\/actualites\/#\/schema\/logo\/image\/\",\"url\":\"https:\/\/vieassociative.be\/actualites\/wp-content\/uploads\/2024\/09\/cropped-vieassociative_favicon.ico.png\",\"contentUrl\":\"https:\/\/vieassociative.be\/actualites\/wp-content\/uploads\/2024\/09\/cropped-vieassociative_favicon.ico.png\",\"width\":512,\"height\":512,\"caption\":\"Vie Associative\"},\"image\":{\"@id\":\"https:\/\/vieassociative.be\/actualites\/#\/schema\/logo\/image\/\"}},{\"@type\":\"Person\",\"@id\":\"https:\/\/vieassociative.be\/actualites\/#\/schema\/person\/b87ac4f82f9d4e7b7cec7395b679edc4\",\"name\":\"Julien\",\"image\":{\"@type\":\"ImageObject\",\"inLanguage\":\"fr-BE\",\"@id\":\"https:\/\/vieassociative.be\/actualites\/#\/schema\/person\/image\/\",\"url\":\"https:\/\/vieassociative.be\/actualites\/wp-content\/uploads\/2024\/09\/vie-associative-1-150x150.jpg\",\"contentUrl\":\"https:\/\/vieassociative.be\/actualites\/wp-content\/uploads\/2024\/09\/vie-associative-1-150x150.jpg\",\"caption\":\"Julien\"},\"description\":\"Je suis Julien, r\u00e9dacteur pour Vie Associative. Passionn\u00e9 par le monde associatif depuis plus de 10 ans, j'ai \u00e0 c\u0153ur de partager des histoires inspirantes et de mettre en lumi\u00e8re les initiatives locales. Mon objectif est de sensibiliser et d'encourager l'engagement communautaire \u00e0 travers mes articles.\",\"sameAs\":[\"https:\/\/vieassociative.be\/\"]}]}<\/script>\n<!-- \/ Yoast SEO plugin. -->","yoast_head_json":{"title":"Team Tchamba - Ce sont les visages derri\u00e8re Tchamba | Vie Associative","robots":{"index":"index","follow":"follow","max-snippet":"max-snippet:-1","max-image-preview":"max-image-preview:large","max-video-preview":"max-video-preview:-1"},"canonical":"https:\/\/vieassociative.be\/actualites\/team-tchamba-ce-sont-les-visages-derriere-tchamba\/","og_locale":"fr_FR","og_type":"article","og_title":"Team Tchamba - Ce sont les visages derri\u00e8re Tchamba | Vie Associative","og_description":"Chez Tchamba Telecom, vous connaissez bien les services: abonnements Internet, ligne fixe et t\u00e9l\u00e9phone mobile, support technique \u00e0 proximit\u00e9 &#8230; mais derri\u00e8re tout cela, les","og_url":"https:\/\/vieassociative.be\/actualites\/team-tchamba-ce-sont-les-visages-derriere-tchamba\/","og_site_name":"Vie Associative","article_published_time":"2025-05-02T02:16:59+00:00","og_image":[{"width":279,"height":92,"url":"https:\/\/vieassociative.be\/actualites\/wp-content\/uploads\/2024\/09\/header_backgroundk-01-e1726694325946.png","type":"image\/png"}],"author":"Julien","twitter_card":"summary_large_image","twitter_misc":{"\u00c9crit par":"Julien","Dur\u00e9e de lecture est.":"2 minutes"},"schema":{"@context":"https:\/\/schema.org","@graph":[{"@type":"Article","@id":"https:\/\/vieassociative.be\/actualites\/team-tchamba-ce-sont-les-visages-derriere-tchamba\/#article","isPartOf":{"@id":"https:\/\/vieassociative.be\/actualites\/team-tchamba-ce-sont-les-visages-derriere-tchamba\/"},"author":{"name":"Julien","@id":"https:\/\/vieassociative.be\/actualites\/#\/schema\/person\/b87ac4f82f9d4e7b7cec7395b679edc4"},"headline":"Team Tchamba &#8211; Ce sont les visages derri\u00e8re Tchamba","datePublished":"2025-05-02T02:16:59+00:00","dateModified":"2025-05-02T02:16:59+00:00","mainEntityOfPage":{"@id":"https:\/\/vieassociative.be\/actualites\/team-tchamba-ce-sont-les-visages-derriere-tchamba\/"},"wordCount":521,"publisher":{"@id":"https:\/\/vieassociative.be\/actualites\/#organization"},"image":{"@id":"https:\/\/vieassociative.be\/actualites\/team-tchamba-ce-sont-les-visages-derriere-tchamba\/#primaryimage"},"thumbnailUrl":"https:\/\/vieassociative.be\/actualites\/wp-content\/uploads\/2025\/05\/1746152220_Team-Tchamba-Ce-sont-les-visages-derriere-Tchamba.jpg","keywords":["derri\u00e8re","Les","sont","TCHAMBA","Team","visages"],"articleSection":["Belgique"],"inLanguage":"fr-BE"},{"@type":"WebPage","@id":"https:\/\/vieassociative.be\/actualites\/team-tchamba-ce-sont-les-visages-derriere-tchamba\/","url":"https:\/\/vieassociative.be\/actualites\/team-tchamba-ce-sont-les-visages-derriere-tchamba\/","name":"Team Tchamba - Ce sont les visages derri\u00e8re Tchamba | Vie Associative","isPartOf":{"@id":"https:\/\/vieassociative.be\/actualites\/#website"},"primaryImageOfPage":{"@id":"https:\/\/vieassociative.be\/actualites\/team-tchamba-ce-sont-les-visages-derriere-tchamba\/#primaryimage"},"image":{"@id":"https:\/\/vieassociative.be\/actualites\/team-tchamba-ce-sont-les-visages-derriere-tchamba\/#primaryimage"},"thumbnailUrl":"https:\/\/vieassociative.be\/actualites\/wp-content\/uploads\/2025\/05\/1746152220_Team-Tchamba-Ce-sont-les-visages-derriere-Tchamba.jpg","datePublished":"2025-05-02T02:16:59+00:00","dateModified":"2025-05-02T02:16:59+00:00","breadcrumb":{"@id":"https:\/\/vieassociative.be\/actualites\/team-tchamba-ce-sont-les-visages-derriere-tchamba\/#breadcrumb"},"inLanguage":"fr-BE","potentialAction":[{"@type":"ReadAction","target":["https:\/\/vieassociative.be\/actualites\/team-tchamba-ce-sont-les-visages-derriere-tchamba\/"]}]},{"@type":"ImageObject","inLanguage":"fr-BE","@id":"https:\/\/vieassociative.be\/actualites\/team-tchamba-ce-sont-les-visages-derriere-tchamba\/#primaryimage","url":"https:\/\/vieassociative.be\/actualites\/wp-content\/uploads\/2025\/05\/1746152220_Team-Tchamba-Ce-sont-les-visages-derriere-Tchamba.jpg","contentUrl":"https:\/\/vieassociative.be\/actualites\/wp-content\/uploads\/2025\/05\/1746152220_Team-Tchamba-Ce-sont-les-visages-derriere-Tchamba.jpg","width":1200,"height":800,"caption":"Team Tchamba - Ce sont les visages derri\u00e8re Tchamba"},{"@type":"BreadcrumbList","@id":"https:\/\/vieassociative.be\/actualites\/team-tchamba-ce-sont-les-visages-derriere-tchamba\/#breadcrumb","itemListElement":[{"@type":"ListItem","position":1,"name":"Accueil","item":"https:\/\/vieassociative.be\/actualites\/"},{"@type":"ListItem","position":2,"name":"Team Tchamba &#8211; Ce sont les visages derri\u00e8re Tchamba"}]},{"@type":"WebSite","@id":"https:\/\/vieassociative.be\/actualites\/#website","url":"https:\/\/vieassociative.be\/actualites\/","name":"Vie Associative","description":"","publisher":{"@id":"https:\/\/vieassociative.be\/actualites\/#organization"},"potentialAction":[{"@type":"SearchAction","target":{"@type":"EntryPoint","urlTemplate":"https:\/\/vieassociative.be\/actualites\/?s={search_term_string}"},"query-input":{"@type":"PropertyValueSpecification","valueRequired":true,"valueName":"search_term_string"}}],"inLanguage":"fr-BE"},{"@type":"Organization","@id":"https:\/\/vieassociative.be\/actualites\/#organization","name":"Vie Associative","url":"https:\/\/vieassociative.be\/actualites\/","logo":{"@type":"ImageObject","inLanguage":"fr-BE","@id":"https:\/\/vieassociative.be\/actualites\/#\/schema\/logo\/image\/","url":"https:\/\/vieassociative.be\/actualites\/wp-content\/uploads\/2024\/09\/cropped-vieassociative_favicon.ico.png","contentUrl":"https:\/\/vieassociative.be\/actualites\/wp-content\/uploads\/2024\/09\/cropped-vieassociative_favicon.ico.png","width":512,"height":512,"caption":"Vie Associative"},"image":{"@id":"https:\/\/vieassociative.be\/actualites\/#\/schema\/logo\/image\/"}},{"@type":"Person","@id":"https:\/\/vieassociative.be\/actualites\/#\/schema\/person\/b87ac4f82f9d4e7b7cec7395b679edc4","name":"Julien","image":{"@type":"ImageObject","inLanguage":"fr-BE","@id":"https:\/\/vieassociative.be\/actualites\/#\/schema\/person\/image\/","url":"https:\/\/vieassociative.be\/actualites\/wp-content\/uploads\/2024\/09\/vie-associative-1-150x150.jpg","contentUrl":"https:\/\/vieassociative.be\/actualites\/wp-content\/uploads\/2024\/09\/vie-associative-1-150x150.jpg","caption":"Julien"},"description":"Je suis Julien, r\u00e9dacteur pour Vie Associative. Passionn\u00e9 par le monde associatif depuis plus de 10 ans, j'ai \u00e0 c\u0153ur de partager des histoires inspirantes et de mettre en lumi\u00e8re les initiatives locales. Mon objectif est de sensibiliser et d'encourager l'engagement communautaire \u00e0 travers mes articles.","sameAs":["https:\/\/vieassociative.be\/"]}]}},"_links":{"self":[{"href":"https:\/\/vieassociative.be\/actualites\/wp-json\/wp\/v2\/posts\/7215"}],"collection":[{"href":"https:\/\/vieassociative.be\/actualites\/wp-json\/wp\/v2\/posts"}],"about":[{"href":"https:\/\/vieassociative.be\/actualites\/wp-json\/wp\/v2\/types\/post"}],"author":[{"embeddable":true,"href":"https:\/\/vieassociative.be\/actualites\/wp-json\/wp\/v2\/users\/1"}],"replies":[{"embeddable":true,"href":"https:\/\/vieassociative.be\/actualites\/wp-json\/wp\/v2\/comments?post=7215"}],"version-history":[{"count":0,"href":"https:\/\/vieassociative.be\/actualites\/wp-json\/wp\/v2\/posts\/7215\/revisions"}],"wp:featuredmedia":[{"embeddable":true,"href":"https:\/\/vieassociative.be\/actualites\/wp-json\/wp\/v2\/media\/7216"}],"wp:attachment":[{"href":"https:\/\/vieassociative.be\/actualites\/wp-json\/wp\/v2\/media?parent=7215"}],"wp:term":[{"taxonomy":"category","embeddable":true,"href":"https:\/\/vieassociative.be\/actualites\/wp-json\/wp\/v2\/categories?post=7215"},{"taxonomy":"post_tag","embeddable":true,"href":"https:\/\/vieassociative.be\/actualites\/wp-json\/wp\/v2\/tags?post=7215"}],"curies":[{"name":"wp","href":"https:\/\/api.w.org\/{rel}","templated":true}]}}