{"id":7208,"date":"2025-05-01T22:17:04","date_gmt":"2025-05-01T20:17:04","guid":{"rendered":"https:\/\/vieassociative.be\/actualites\/plus-de-politique-que-de-leconomie-les-etats-unis-et-lukraine-sentendent-sur-les-accords-de-matieres-premieres-questions-et-reponses\/"},"modified":"2025-05-01T22:17:04","modified_gmt":"2025-05-01T20:17:04","slug":"plus-de-politique-que-de-leconomie-les-etats-unis-et-lukraine-sentendent-sur-les-accords-de-matieres-premieres-questions-et-reponses","status":"publish","type":"post","link":"https:\/\/vieassociative.be\/actualites\/plus-de-politique-que-de-leconomie-les-etats-unis-et-lukraine-sentendent-sur-les-accords-de-matieres-premieres-questions-et-reponses\/","title":{"rendered":"Plus de politique que de l&rsquo;\u00e9conomie: les \u00c9tats-Unis et l&rsquo;Ukraine s&rsquo;entendent sur les accords de mati\u00e8res premi\u00e8res (questions et r\u00e9ponses)"},"content":{"rendered":"<p><strong>L&rsquo;Ukraine donne aux \u00c9tats-Unis l&rsquo;acc\u00e8s \u00e0 des ressources min\u00e9rales pr\u00e9cieuses afin de maintenir la superpuissance comme un alli\u00e9 contre l&rsquo;agression russe. <\/strong><\/p>\n<p><span id=\"more-414674\"><\/span>L&rsquo;accord a \u00e9t\u00e9 n\u00e9goci\u00e9 pendant des semaines et a discut\u00e9 de la vente possible de l&rsquo;Ukraine \u00e0 la guerre &#8211; un accord est d\u00e9sormais sign\u00e9. Mais la mise en \u0153uvre soul\u00e8ve de nombreuses questions.<\/p>\n<p><strong>&#8211; Que esp\u00e8re Kyiv de l&rsquo;accord?<\/strong><\/p>\n<p>Les \u00c9tats-Unis veulent garder les \u00c9tats-Unis comme un alli\u00e9 malgr\u00e9 l&rsquo;\u00e9tendue entre Trump et le chef du Kremlin Vladimir Poutine, m\u00eame si Trump exclut l&rsquo;admission de l&rsquo;Ukraine \u00e0 l&rsquo;OTAN. Kyiv esp\u00e8re une continuation des livraisons d&rsquo;armes am\u00e9ricaines par le biais de l&rsquo;accord.<\/p>\n<p>Le pr\u00e9sident ukrainien Wolodymyr Selenskyj a apport\u00e9 les pr\u00e9cieuses mati\u00e8res premi\u00e8res de son pays aux \u00c9tats-Unis \u00e0 l&rsquo;automne 2024. Il a fait appel \u00e0 l&rsquo;image de soi de Trump en tant que magasin.<\/p>\n<div id=\"attachment_414677\" class=\"wp-caption alignleft\" style=\"max-width: 300px\"><img fetchpriority=\"high\" decoding=\"async\" class=\"wp-image-414677 size-medium\" src=\"https:\/\/vieassociative.be\/actualites\/wp-content\/uploads\/2025\/05\/Plus-de-politique-que-de-leconomie-les-Etats-Unis-et-lUkraine.jpg\" alt=\"\" width=\"300\" height=\"214\"  ><\/p>\n<p class=\"wp-caption-text\">30\/04\/2025, \u00c9tats-Unis, Washington: le ministre am\u00e9ricain des Finances Scott Bessent et le vice-chef ukrainien Julia Swryrydenko signer le contrat pour la cr\u00e9ation d&rsquo;une reconstruction. Un fonds d&rsquo;investissement est pr\u00e9vu pour l&rsquo;exploitation conjointe des ressources min\u00e9rales ukrainiennes, qui vise \u00e0 g\u00e9n\u00e9rer des fonds pour la reconstruction du pays d\u00e9truit de l&rsquo;\u00c9tat. Photo: &#8211; \/ D\u00e9partement du Tr\u00e9sor am\u00e9ricain \/ DPA<\/p>\n<\/div>\n<p>En fait, Trump mord, mais dans des conditions intol\u00e9rables. La rumeur dit, par exemple, que les \u00c9tats-Unis ont exig\u00e9 entre-temps que l&rsquo;Ukraine devait payer un milliard de dollars \u00e0 l&rsquo;aide militaire am\u00e9ricaine depuis 2022.<\/p>\n<p>Le n\u00e9gociateur ukrainien Julia Swryrydenko a pu garder de telles impositions hors de l&rsquo;accord. Cependant, l&rsquo;espoir de Selenskyj pour les garanties de s\u00e9curit\u00e9 n&rsquo;est pas rempli. Cependant, le ministre des Finances am\u00e9ricaines, Scott Bessent, a qualifi\u00e9 l&rsquo;accord de signaler clairement aux dirigeants russes que le gouvernement Trump campagne pour un processus de paix \u00e0 long terme. Un \u00abUkraine libre, souverain et prosp\u00e8re\u00bb est dans l&rsquo;int\u00e9r\u00eat des \u00c9tats-Unis.<\/p>\n<p><strong>&#8211; Que veut r\u00e9aliser Washington avec le contrat?<\/strong><\/p>\n<p>Le pr\u00e9sident am\u00e9ricain avait besoin d&rsquo;un succ\u00e8s. Avec son annonce, il n&rsquo;a pas mis fin \u00e0 la guerre russe-ukrainienne, qui se d\u00e9roule depuis 2022. L&rsquo;accord lui offre la possibilit\u00e9 de pr\u00e9senter un accord. Lorsque les investissements sont r\u00e9ellement r\u00e9alis\u00e9s et \u00e9ventuellement des dividendes du fonds \u00e0 cr\u00e9er aux \u00c9tats-Unis reviendront en importance secondaire.<\/p>\n<p>Jusqu&rsquo;\u00e0 pr\u00e9sent, il est sans r\u00e9ponse o\u00f9 l&rsquo;argent pour les investissements devrait provenir s&rsquo;il ne vient pas des fonds fiscaux. Trump devrait offrir aux investisseurs des conditions attractives. Surtout, cela comprend la paix permanente en Ukraine.<\/p>\n<p><strong>&#8211; Que sait-on du contenu?<\/strong><\/p>\n<p>Il a \u00e9t\u00e9 convenu que Washington et Kiev cr\u00e9aient \u00e9galement un fonds commun dans lequel les b\u00e9n\u00e9fices devraient d\u00e9couler des futurs projets de mati\u00e8res premi\u00e8res. Les \u00c9tats-Unis ont un acc\u00e8s privil\u00e9gi\u00e9 aux mati\u00e8res premi\u00e8res ukrainiennes. Les d\u00e9p\u00f4ts doivent \u00eatre effectu\u00e9s en argent, bien que les aides militaires am\u00e9ricaines puissent \u00e9galement \u00eatre compens\u00e9es.<\/p>\n<div id=\"attachment_414243\" class=\"wp-caption alignleft\" style=\"max-width: 300px\"><img decoding=\"async\" class=\"wp-image-414243 size-medium\" src=\"https:\/\/vieassociative.be\/actualites\/wp-content\/uploads\/2025\/05\/1746130624_303_Plus-de-politique-que-de-leconomie-les-Etats-Unis-et-lUkraine.jpg\" alt=\"\" width=\"300\" height=\"225\"><\/p>\n<p class=\"wp-caption-text\">26\/04\/2025, Vatican, Vatican City: Sur cette photo fournie par le bureau de presse du pr\u00e9sident ukrainien via AP, le pr\u00e9sident ukrainien Wolodymyr Selenskyj (R) et le pr\u00e9sident am\u00e9ricain Donald Trump parlent au pape Fran\u00e7ois au Vatican. Photo: Service de presse pr\u00e9sidentiel non cr\u00e9dit\u00e9 \/ ukrainien \/ AP \/ DPA<\/p>\n<\/div>\n<p>\u00ab\u00a0L&rsquo;Ukraine garde le contr\u00f4le de toutes les ressources\u00a0\u00bb, a d\u00e9clar\u00e9 le Premier ministre Denys Schmyhal \u00e0 la t\u00e9l\u00e9vision des nouvelles ukrainiennes. Les sites d&rsquo;actions ou les objets d&rsquo;infrastructure ne sont pas un objet du contrat. KYIV versera les contributions \u00e0 partir de nouvelles licences et de revenus des droits de financement. Le fonds doit investir dans des projets pour recr\u00e9er l&rsquo;Ukraine au cours de dix ans. Les partenaires ukrainiens et am\u00e9ricains sont \u00e9galement lib\u00e9r\u00e9s des taxes et des tarifs.<\/p>\n<p>Avant l&rsquo;entr\u00e9e en vigueur, la ratification de l&rsquo;accord par le Parlement ukrainien est n\u00e9cessaire. Cela pourrait devenir un test d&rsquo;humeur parmi les d\u00e9put\u00e9s.<\/p>\n<p><strong>&#8211; Les tr\u00e9sors ukrainiens du sol sont-ils r\u00e9ellement si pr\u00e9cieux?<\/strong><\/p>\n<p>De l&rsquo;aluminium au zinc, l&rsquo;accord r\u00e9pertorie 57 tr\u00e9sors de sol qui doivent \u00eatre utilis\u00e9s ensemble. Cela comprend \u00e9galement des m\u00e9taux de terres rares qui sont importantes pour de nombreux produits de haute technologie. Le probl\u00e8me: personne ne conna\u00eet la taille exacte de l&rsquo;occurrence ukrainienne. Les donn\u00e9es d&rsquo;exploration proviennent souvent de l&rsquo;\u00e9poque sovi\u00e9tique. Certaines ressources min\u00e9rales sont \u00e9galement situ\u00e9es en russe.<\/p>\n<p>Certains d\u00e9p\u00f4ts de mati\u00e8res premi\u00e8res en Ukraine sont actuellement difficiles \u00e0 \u00e9valuer, a d\u00e9clar\u00e9 le directeur scientifique du Helmholtz Institute Freiberg for Resource Technology (HIF), Jens Gutzmer, le diffuseur suisse SRF. En ce qui concerne les terres rares ou le lithium, on sait qu&rsquo;il y a des roches qui sont assembl\u00e9es anormales. \u00ab\u00a0Vous devrez explorer (&#8230;) pendant cinq \u00e0 dix ans &#8211; c&rsquo;est mon \u00e9valuation personnelle &#8211; avant de savoir si vous avez un d\u00e9p\u00f4t r\u00e9duit ou simplement un \u00e9v\u00e9nement avec des concentrations inhabituelles\u00a0\u00bb, a-t-il d\u00e9clar\u00e9.<\/p>\n<div id=\"attachment_414679\" class=\"wp-caption alignleft\" style=\"max-width: 300px\"><img decoding=\"async\" class=\"wp-image-414679 size-medium\" src=\"https:\/\/vieassociative.be\/actualites\/wp-content\/uploads\/2025\/05\/1746130624_217_Plus-de-politique-que-de-leconomie-les-Etats-Unis-et-lUkraine.jpg\" alt=\"\" width=\"300\" height=\"200\"><\/p>\n<p class=\"wp-caption-text\">01.05.2025, \u00c9tats-Unis, Washington: Le chef d&rsquo;\u00e9tat-major adjoint de la Maison Blanche, Stephen Miller, parle en plus de la porte-parole de presse de la Maison Blanche, Karoline Leavitt, lors d&rsquo;une conf\u00e9rence de presse \u00e0 la Maison Blanche sur le sujet des accords de mati\u00e8res premi\u00e8res avec l&rsquo;Ukraine, que Washington a d\u00e9crit comme \u00ab\u00a0historique\u00a0\u00bb. Photo: Evan Vucci \/ AP \/ DPA<\/p>\n<\/div>\n<p>\u00c0 l&rsquo;affirmation de Trump selon laquelle les \u00c9tats-Unis avec l&rsquo;accord peuvent circuler de plus de 350 milliards de dollars, dit Gutzmer: \u00ab\u00a0\u00c0 mon avis, c&rsquo;est une pure sp\u00e9culation en tant que g\u00e9oscientifique et n&rsquo;est pas une base solide.\u00a0\u00bb<\/p>\n<p><strong>&#8211; L&rsquo;accord augmente-t-il les chances de la fin de la guerre?<\/strong><\/p>\n<p>L&rsquo;importance politique de l&rsquo;accord est susceptible d&rsquo;\u00eatre sup\u00e9rieure \u00e0 l&rsquo;\u00e9conomie. Avec la discussion en cours sur les diff\u00e9rents mod\u00e8les d&rsquo;un cessez-le-feu &#8211; 3 jours, 30 jours ou 3 mois &#8211; les mati\u00e8res premi\u00e8res n&rsquo;ont qu&rsquo;\u00e0 faire marginalement. Mais l&rsquo;accord montre que les \u00c9tats-Unis et l&rsquo;Ukraine pourraient s&rsquo;entendre sur un point &#8211; m\u00eame apr\u00e8s le scandale entre Trump et Selenskyj \u00e0 la Maison Blanche fin f\u00e9vrier.<\/p>\n<p>Des nominations r\u00e9silientes similaires sont toujours en suspens avec la Russie et Poutine. Trump et son \u00e9quipe ont \u00e9t\u00e9 r\u00e9cemment irrit\u00e9s par les tactiques de retard de Moscou. Poutine-admirer Trump a m\u00eame dit qu&rsquo;il se sentait men\u00e9 autour du nez.<\/p>\n<p>Dans le m\u00eame temps, la compr\u00e9hension de la situation de l&rsquo;Ukraine semble cro\u00eetre dans le gouvernement Trump. La courte conversation entre Trump et Selenskyj aurait d\u00fb contribuer \u00e0 l&rsquo;enterrement du pape Fran\u00e7ois \u00e0 Rome.<\/p>\n<p>Au d\u00e9but, Trump avait accus\u00e9 Selenskyj de mener une guerre, car son repr\u00e9sentant ukraine Keith Kellogg a maintenant vu le pays militairement dans une \u00ab\u00a0position confortable\u00a0\u00bb. \u00ab\u00a0La Russie ne gagnera pas dans cette guerre\u00a0\u00bb, a d\u00e9clar\u00e9 l&rsquo;ex-g\u00e9n\u00e9ral \u00e0 Fox News. \u00ab\u00a0S&rsquo;ils gagnaient, ils l&rsquo;auraient fait en trois ans. Maintenant, la quatri\u00e8me ann\u00e9e est en cours.\u00a0\u00bb (DPA)<\/p>\n","protected":false},"excerpt":{"rendered":"<p>L&rsquo;Ukraine donne aux \u00c9tats-Unis l&rsquo;acc\u00e8s \u00e0 des ressources min\u00e9rales pr\u00e9cieuses afin de maintenir la superpuissance comme un alli\u00e9 contre l&rsquo;agression russe. L&rsquo;accord a \u00e9t\u00e9 n\u00e9goci\u00e9<\/p>\n","protected":false},"author":1,"featured_media":7209,"comment_status":"","ping_status":"","sticky":false,"template":"","format":"standard","meta":{"footnotes":""},"categories":[298],"tags":[6481,290,6702,14,3403,5562,1513,597,481,1882,6755,33],"class_list":["post-7208","post","type-post","status-publish","format-standard","has-post-thumbnail","hentry","category-belgique","tag-accords","tag-etatsunis","tag-leconomie","tag-les","tag-lukraine","tag-matieres","tag-politique","tag-premieres","tag-questions","tag-reponses","tag-sentendent","tag-sur","generate-columns","tablet-grid-50","mobile-grid-100","grid-parent","grid-33"],"yoast_head":"<!-- This site is optimized with the Yoast SEO plugin v24.0 - https:\/\/yoast.com\/wordpress\/plugins\/seo\/ -->\n<title>Plus de politique que de l&#039;\u00e9conomie: les \u00c9tats-Unis et l&#039;Ukraine s&#039;entendent sur les accords de mati\u00e8res premi\u00e8res (questions et r\u00e9ponses) | Vie Associative<\/title>\n<meta name=\"robots\" content=\"index, follow, max-snippet:-1, max-image-preview:large, max-video-preview:-1\" \/>\n<link rel=\"canonical\" href=\"https:\/\/vieassociative.be\/actualites\/plus-de-politique-que-de-leconomie-les-etats-unis-et-lukraine-sentendent-sur-les-accords-de-matieres-premieres-questions-et-reponses\/\" \/>\n<meta property=\"og:locale\" content=\"fr_FR\" \/>\n<meta property=\"og:type\" content=\"article\" \/>\n<meta property=\"og:title\" content=\"Plus de politique que de l&#039;\u00e9conomie: les \u00c9tats-Unis et l&#039;Ukraine s&#039;entendent sur les accords de mati\u00e8res premi\u00e8res (questions et r\u00e9ponses) | Vie Associative\" \/>\n<meta property=\"og:description\" content=\"L&rsquo;Ukraine donne aux \u00c9tats-Unis l&rsquo;acc\u00e8s \u00e0 des ressources min\u00e9rales pr\u00e9cieuses afin de maintenir la superpuissance comme un alli\u00e9 contre l&rsquo;agression russe. L&rsquo;accord a \u00e9t\u00e9 n\u00e9goci\u00e9\" \/>\n<meta property=\"og:url\" content=\"https:\/\/vieassociative.be\/actualites\/plus-de-politique-que-de-leconomie-les-etats-unis-et-lukraine-sentendent-sur-les-accords-de-matieres-premieres-questions-et-reponses\/\" \/>\n<meta property=\"og:site_name\" content=\"Vie Associative\" \/>\n<meta property=\"article:published_time\" content=\"2025-05-01T20:17:04+00:00\" \/>\n<meta property=\"og:image\" content=\"https:\/\/vieassociative.be\/actualites\/wp-content\/uploads\/2024\/09\/header_backgroundk-01-e1726694325946.png\" \/>\n\t<meta property=\"og:image:width\" content=\"279\" \/>\n\t<meta property=\"og:image:height\" content=\"92\" \/>\n\t<meta property=\"og:image:type\" content=\"image\/png\" \/>\n<meta name=\"author\" content=\"Julien\" \/>\n<meta name=\"twitter:card\" content=\"summary_large_image\" \/>\n<meta name=\"twitter:label1\" content=\"\u00c9crit par\" \/>\n\t<meta name=\"twitter:data1\" content=\"Julien\" \/>\n\t<meta name=\"twitter:label2\" content=\"Dur\u00e9e de lecture est.\" \/>\n\t<meta name=\"twitter:data2\" content=\"6 minutes\" \/>\n<script type=\"application\/ld+json\" class=\"yoast-schema-graph\">{\"@context\":\"https:\/\/schema.org\",\"@graph\":[{\"@type\":\"Article\",\"@id\":\"https:\/\/vieassociative.be\/actualites\/plus-de-politique-que-de-leconomie-les-etats-unis-et-lukraine-sentendent-sur-les-accords-de-matieres-premieres-questions-et-reponses\/#article\",\"isPartOf\":{\"@id\":\"https:\/\/vieassociative.be\/actualites\/plus-de-politique-que-de-leconomie-les-etats-unis-et-lukraine-sentendent-sur-les-accords-de-matieres-premieres-questions-et-reponses\/\"},\"author\":{\"name\":\"Julien\",\"@id\":\"https:\/\/vieassociative.be\/actualites\/#\/schema\/person\/b87ac4f82f9d4e7b7cec7395b679edc4\"},\"headline\":\"Plus de politique que de l&rsquo;\u00e9conomie: les \u00c9tats-Unis et l&rsquo;Ukraine s&rsquo;entendent sur les accords de mati\u00e8res premi\u00e8res (questions et r\u00e9ponses)\",\"datePublished\":\"2025-05-01T20:17:04+00:00\",\"dateModified\":\"2025-05-01T20:17:04+00:00\",\"mainEntityOfPage\":{\"@id\":\"https:\/\/vieassociative.be\/actualites\/plus-de-politique-que-de-leconomie-les-etats-unis-et-lukraine-sentendent-sur-les-accords-de-matieres-premieres-questions-et-reponses\/\"},\"wordCount\":1243,\"publisher\":{\"@id\":\"https:\/\/vieassociative.be\/actualites\/#organization\"},\"image\":{\"@id\":\"https:\/\/vieassociative.be\/actualites\/plus-de-politique-que-de-leconomie-les-etats-unis-et-lukraine-sentendent-sur-les-accords-de-matieres-premieres-questions-et-reponses\/#primaryimage\"},\"thumbnailUrl\":\"https:\/\/vieassociative.be\/actualites\/wp-content\/uploads\/2025\/05\/1746130624_Plus-de-politique-que-de-leconomie-les-Etats-Unis-et-lUkraine.jpg\",\"keywords\":[\"accords\",\"\u00c9tatsUnis\",\"l\u00e9conomie\",\"Les\",\"lUkraine\",\"mati\u00e8res\",\"politique\",\"premi\u00e8res\",\"questions\",\"r\u00e9ponses\",\"sentendent\",\"sur\"],\"articleSection\":[\"Belgique\"],\"inLanguage\":\"fr-BE\"},{\"@type\":\"WebPage\",\"@id\":\"https:\/\/vieassociative.be\/actualites\/plus-de-politique-que-de-leconomie-les-etats-unis-et-lukraine-sentendent-sur-les-accords-de-matieres-premieres-questions-et-reponses\/\",\"url\":\"https:\/\/vieassociative.be\/actualites\/plus-de-politique-que-de-leconomie-les-etats-unis-et-lukraine-sentendent-sur-les-accords-de-matieres-premieres-questions-et-reponses\/\",\"name\":\"Plus de politique que de l'\u00e9conomie: les \u00c9tats-Unis et l'Ukraine s'entendent sur les accords de mati\u00e8res premi\u00e8res (questions et r\u00e9ponses) | Vie Associative\",\"isPartOf\":{\"@id\":\"https:\/\/vieassociative.be\/actualites\/#website\"},\"primaryImageOfPage\":{\"@id\":\"https:\/\/vieassociative.be\/actualites\/plus-de-politique-que-de-leconomie-les-etats-unis-et-lukraine-sentendent-sur-les-accords-de-matieres-premieres-questions-et-reponses\/#primaryimage\"},\"image\":{\"@id\":\"https:\/\/vieassociative.be\/actualites\/plus-de-politique-que-de-leconomie-les-etats-unis-et-lukraine-sentendent-sur-les-accords-de-matieres-premieres-questions-et-reponses\/#primaryimage\"},\"thumbnailUrl\":\"https:\/\/vieassociative.be\/actualites\/wp-content\/uploads\/2025\/05\/1746130624_Plus-de-politique-que-de-leconomie-les-Etats-Unis-et-lUkraine.jpg\",\"datePublished\":\"2025-05-01T20:17:04+00:00\",\"dateModified\":\"2025-05-01T20:17:04+00:00\",\"breadcrumb\":{\"@id\":\"https:\/\/vieassociative.be\/actualites\/plus-de-politique-que-de-leconomie-les-etats-unis-et-lukraine-sentendent-sur-les-accords-de-matieres-premieres-questions-et-reponses\/#breadcrumb\"},\"inLanguage\":\"fr-BE\",\"potentialAction\":[{\"@type\":\"ReadAction\",\"target\":[\"https:\/\/vieassociative.be\/actualites\/plus-de-politique-que-de-leconomie-les-etats-unis-et-lukraine-sentendent-sur-les-accords-de-matieres-premieres-questions-et-reponses\/\"]}]},{\"@type\":\"ImageObject\",\"inLanguage\":\"fr-BE\",\"@id\":\"https:\/\/vieassociative.be\/actualites\/plus-de-politique-que-de-leconomie-les-etats-unis-et-lukraine-sentendent-sur-les-accords-de-matieres-premieres-questions-et-reponses\/#primaryimage\",\"url\":\"https:\/\/vieassociative.be\/actualites\/wp-content\/uploads\/2025\/05\/1746130624_Plus-de-politique-que-de-leconomie-les-Etats-Unis-et-lUkraine.jpg\",\"contentUrl\":\"https:\/\/vieassociative.be\/actualites\/wp-content\/uploads\/2025\/05\/1746130624_Plus-de-politique-que-de-leconomie-les-Etats-Unis-et-lUkraine.jpg\",\"width\":1200,\"height\":800,\"caption\":\"Plus de politique que de l'\u00e9conomie: les \u00c9tats-Unis et l'Ukraine s'entendent sur les accords de mati\u00e8res premi\u00e8res (questions et r\u00e9ponses)\"},{\"@type\":\"BreadcrumbList\",\"@id\":\"https:\/\/vieassociative.be\/actualites\/plus-de-politique-que-de-leconomie-les-etats-unis-et-lukraine-sentendent-sur-les-accords-de-matieres-premieres-questions-et-reponses\/#breadcrumb\",\"itemListElement\":[{\"@type\":\"ListItem\",\"position\":1,\"name\":\"Accueil\",\"item\":\"https:\/\/vieassociative.be\/actualites\/\"},{\"@type\":\"ListItem\",\"position\":2,\"name\":\"Plus de politique que de l&rsquo;\u00e9conomie: les \u00c9tats-Unis et l&rsquo;Ukraine s&rsquo;entendent sur les accords de mati\u00e8res premi\u00e8res (questions et r\u00e9ponses)\"}]},{\"@type\":\"WebSite\",\"@id\":\"https:\/\/vieassociative.be\/actualites\/#website\",\"url\":\"https:\/\/vieassociative.be\/actualites\/\",\"name\":\"Vie Associative\",\"description\":\"\",\"publisher\":{\"@id\":\"https:\/\/vieassociative.be\/actualites\/#organization\"},\"potentialAction\":[{\"@type\":\"SearchAction\",\"target\":{\"@type\":\"EntryPoint\",\"urlTemplate\":\"https:\/\/vieassociative.be\/actualites\/?s={search_term_string}\"},\"query-input\":{\"@type\":\"PropertyValueSpecification\",\"valueRequired\":true,\"valueName\":\"search_term_string\"}}],\"inLanguage\":\"fr-BE\"},{\"@type\":\"Organization\",\"@id\":\"https:\/\/vieassociative.be\/actualites\/#organization\",\"name\":\"Vie Associative\",\"url\":\"https:\/\/vieassociative.be\/actualites\/\",\"logo\":{\"@type\":\"ImageObject\",\"inLanguage\":\"fr-BE\",\"@id\":\"https:\/\/vieassociative.be\/actualites\/#\/schema\/logo\/image\/\",\"url\":\"https:\/\/vieassociative.be\/actualites\/wp-content\/uploads\/2024\/09\/cropped-vieassociative_favicon.ico.png\",\"contentUrl\":\"https:\/\/vieassociative.be\/actualites\/wp-content\/uploads\/2024\/09\/cropped-vieassociative_favicon.ico.png\",\"width\":512,\"height\":512,\"caption\":\"Vie Associative\"},\"image\":{\"@id\":\"https:\/\/vieassociative.be\/actualites\/#\/schema\/logo\/image\/\"}},{\"@type\":\"Person\",\"@id\":\"https:\/\/vieassociative.be\/actualites\/#\/schema\/person\/b87ac4f82f9d4e7b7cec7395b679edc4\",\"name\":\"Julien\",\"image\":{\"@type\":\"ImageObject\",\"inLanguage\":\"fr-BE\",\"@id\":\"https:\/\/vieassociative.be\/actualites\/#\/schema\/person\/image\/\",\"url\":\"https:\/\/vieassociative.be\/actualites\/wp-content\/uploads\/2024\/09\/vie-associative-1-150x150.jpg\",\"contentUrl\":\"https:\/\/vieassociative.be\/actualites\/wp-content\/uploads\/2024\/09\/vie-associative-1-150x150.jpg\",\"caption\":\"Julien\"},\"description\":\"Je suis Julien, r\u00e9dacteur pour Vie Associative. Passionn\u00e9 par le monde associatif depuis plus de 10 ans, j'ai \u00e0 c\u0153ur de partager des histoires inspirantes et de mettre en lumi\u00e8re les initiatives locales. Mon objectif est de sensibiliser et d'encourager l'engagement communautaire \u00e0 travers mes articles.\",\"sameAs\":[\"https:\/\/vieassociative.be\/\"]}]}<\/script>\n<!-- \/ Yoast SEO plugin. -->","yoast_head_json":{"title":"Plus de politique que de l'\u00e9conomie: les \u00c9tats-Unis et l'Ukraine s'entendent sur les accords de mati\u00e8res premi\u00e8res (questions et r\u00e9ponses) | Vie Associative","robots":{"index":"index","follow":"follow","max-snippet":"max-snippet:-1","max-image-preview":"max-image-preview:large","max-video-preview":"max-video-preview:-1"},"canonical":"https:\/\/vieassociative.be\/actualites\/plus-de-politique-que-de-leconomie-les-etats-unis-et-lukraine-sentendent-sur-les-accords-de-matieres-premieres-questions-et-reponses\/","og_locale":"fr_FR","og_type":"article","og_title":"Plus de politique que de l'\u00e9conomie: les \u00c9tats-Unis et l'Ukraine s'entendent sur les accords de mati\u00e8res premi\u00e8res (questions et r\u00e9ponses) | Vie Associative","og_description":"L&rsquo;Ukraine donne aux \u00c9tats-Unis l&rsquo;acc\u00e8s \u00e0 des ressources min\u00e9rales pr\u00e9cieuses afin de maintenir la superpuissance comme un alli\u00e9 contre l&rsquo;agression russe. L&rsquo;accord a \u00e9t\u00e9 n\u00e9goci\u00e9","og_url":"https:\/\/vieassociative.be\/actualites\/plus-de-politique-que-de-leconomie-les-etats-unis-et-lukraine-sentendent-sur-les-accords-de-matieres-premieres-questions-et-reponses\/","og_site_name":"Vie Associative","article_published_time":"2025-05-01T20:17:04+00:00","og_image":[{"width":279,"height":92,"url":"https:\/\/vieassociative.be\/actualites\/wp-content\/uploads\/2024\/09\/header_backgroundk-01-e1726694325946.png","type":"image\/png"}],"author":"Julien","twitter_card":"summary_large_image","twitter_misc":{"\u00c9crit par":"Julien","Dur\u00e9e de lecture est.":"6 minutes"},"schema":{"@context":"https:\/\/schema.org","@graph":[{"@type":"Article","@id":"https:\/\/vieassociative.be\/actualites\/plus-de-politique-que-de-leconomie-les-etats-unis-et-lukraine-sentendent-sur-les-accords-de-matieres-premieres-questions-et-reponses\/#article","isPartOf":{"@id":"https:\/\/vieassociative.be\/actualites\/plus-de-politique-que-de-leconomie-les-etats-unis-et-lukraine-sentendent-sur-les-accords-de-matieres-premieres-questions-et-reponses\/"},"author":{"name":"Julien","@id":"https:\/\/vieassociative.be\/actualites\/#\/schema\/person\/b87ac4f82f9d4e7b7cec7395b679edc4"},"headline":"Plus de politique que de l&rsquo;\u00e9conomie: les \u00c9tats-Unis et l&rsquo;Ukraine s&rsquo;entendent sur les accords de mati\u00e8res premi\u00e8res (questions et r\u00e9ponses)","datePublished":"2025-05-01T20:17:04+00:00","dateModified":"2025-05-01T20:17:04+00:00","mainEntityOfPage":{"@id":"https:\/\/vieassociative.be\/actualites\/plus-de-politique-que-de-leconomie-les-etats-unis-et-lukraine-sentendent-sur-les-accords-de-matieres-premieres-questions-et-reponses\/"},"wordCount":1243,"publisher":{"@id":"https:\/\/vieassociative.be\/actualites\/#organization"},"image":{"@id":"https:\/\/vieassociative.be\/actualites\/plus-de-politique-que-de-leconomie-les-etats-unis-et-lukraine-sentendent-sur-les-accords-de-matieres-premieres-questions-et-reponses\/#primaryimage"},"thumbnailUrl":"https:\/\/vieassociative.be\/actualites\/wp-content\/uploads\/2025\/05\/1746130624_Plus-de-politique-que-de-leconomie-les-Etats-Unis-et-lUkraine.jpg","keywords":["accords","\u00c9tatsUnis","l\u00e9conomie","Les","lUkraine","mati\u00e8res","politique","premi\u00e8res","questions","r\u00e9ponses","sentendent","sur"],"articleSection":["Belgique"],"inLanguage":"fr-BE"},{"@type":"WebPage","@id":"https:\/\/vieassociative.be\/actualites\/plus-de-politique-que-de-leconomie-les-etats-unis-et-lukraine-sentendent-sur-les-accords-de-matieres-premieres-questions-et-reponses\/","url":"https:\/\/vieassociative.be\/actualites\/plus-de-politique-que-de-leconomie-les-etats-unis-et-lukraine-sentendent-sur-les-accords-de-matieres-premieres-questions-et-reponses\/","name":"Plus de politique que de l'\u00e9conomie: les \u00c9tats-Unis et l'Ukraine s'entendent sur les accords de mati\u00e8res premi\u00e8res (questions et r\u00e9ponses) | Vie Associative","isPartOf":{"@id":"https:\/\/vieassociative.be\/actualites\/#website"},"primaryImageOfPage":{"@id":"https:\/\/vieassociative.be\/actualites\/plus-de-politique-que-de-leconomie-les-etats-unis-et-lukraine-sentendent-sur-les-accords-de-matieres-premieres-questions-et-reponses\/#primaryimage"},"image":{"@id":"https:\/\/vieassociative.be\/actualites\/plus-de-politique-que-de-leconomie-les-etats-unis-et-lukraine-sentendent-sur-les-accords-de-matieres-premieres-questions-et-reponses\/#primaryimage"},"thumbnailUrl":"https:\/\/vieassociative.be\/actualites\/wp-content\/uploads\/2025\/05\/1746130624_Plus-de-politique-que-de-leconomie-les-Etats-Unis-et-lUkraine.jpg","datePublished":"2025-05-01T20:17:04+00:00","dateModified":"2025-05-01T20:17:04+00:00","breadcrumb":{"@id":"https:\/\/vieassociative.be\/actualites\/plus-de-politique-que-de-leconomie-les-etats-unis-et-lukraine-sentendent-sur-les-accords-de-matieres-premieres-questions-et-reponses\/#breadcrumb"},"inLanguage":"fr-BE","potentialAction":[{"@type":"ReadAction","target":["https:\/\/vieassociative.be\/actualites\/plus-de-politique-que-de-leconomie-les-etats-unis-et-lukraine-sentendent-sur-les-accords-de-matieres-premieres-questions-et-reponses\/"]}]},{"@type":"ImageObject","inLanguage":"fr-BE","@id":"https:\/\/vieassociative.be\/actualites\/plus-de-politique-que-de-leconomie-les-etats-unis-et-lukraine-sentendent-sur-les-accords-de-matieres-premieres-questions-et-reponses\/#primaryimage","url":"https:\/\/vieassociative.be\/actualites\/wp-content\/uploads\/2025\/05\/1746130624_Plus-de-politique-que-de-leconomie-les-Etats-Unis-et-lUkraine.jpg","contentUrl":"https:\/\/vieassociative.be\/actualites\/wp-content\/uploads\/2025\/05\/1746130624_Plus-de-politique-que-de-leconomie-les-Etats-Unis-et-lUkraine.jpg","width":1200,"height":800,"caption":"Plus de politique que de l'\u00e9conomie: les \u00c9tats-Unis et l'Ukraine s'entendent sur les accords de mati\u00e8res premi\u00e8res (questions et r\u00e9ponses)"},{"@type":"BreadcrumbList","@id":"https:\/\/vieassociative.be\/actualites\/plus-de-politique-que-de-leconomie-les-etats-unis-et-lukraine-sentendent-sur-les-accords-de-matieres-premieres-questions-et-reponses\/#breadcrumb","itemListElement":[{"@type":"ListItem","position":1,"name":"Accueil","item":"https:\/\/vieassociative.be\/actualites\/"},{"@type":"ListItem","position":2,"name":"Plus de politique que de l&rsquo;\u00e9conomie: les \u00c9tats-Unis et l&rsquo;Ukraine s&rsquo;entendent sur les accords de mati\u00e8res premi\u00e8res (questions et r\u00e9ponses)"}]},{"@type":"WebSite","@id":"https:\/\/vieassociative.be\/actualites\/#website","url":"https:\/\/vieassociative.be\/actualites\/","name":"Vie Associative","description":"","publisher":{"@id":"https:\/\/vieassociative.be\/actualites\/#organization"},"potentialAction":[{"@type":"SearchAction","target":{"@type":"EntryPoint","urlTemplate":"https:\/\/vieassociative.be\/actualites\/?s={search_term_string}"},"query-input":{"@type":"PropertyValueSpecification","valueRequired":true,"valueName":"search_term_string"}}],"inLanguage":"fr-BE"},{"@type":"Organization","@id":"https:\/\/vieassociative.be\/actualites\/#organization","name":"Vie Associative","url":"https:\/\/vieassociative.be\/actualites\/","logo":{"@type":"ImageObject","inLanguage":"fr-BE","@id":"https:\/\/vieassociative.be\/actualites\/#\/schema\/logo\/image\/","url":"https:\/\/vieassociative.be\/actualites\/wp-content\/uploads\/2024\/09\/cropped-vieassociative_favicon.ico.png","contentUrl":"https:\/\/vieassociative.be\/actualites\/wp-content\/uploads\/2024\/09\/cropped-vieassociative_favicon.ico.png","width":512,"height":512,"caption":"Vie Associative"},"image":{"@id":"https:\/\/vieassociative.be\/actualites\/#\/schema\/logo\/image\/"}},{"@type":"Person","@id":"https:\/\/vieassociative.be\/actualites\/#\/schema\/person\/b87ac4f82f9d4e7b7cec7395b679edc4","name":"Julien","image":{"@type":"ImageObject","inLanguage":"fr-BE","@id":"https:\/\/vieassociative.be\/actualites\/#\/schema\/person\/image\/","url":"https:\/\/vieassociative.be\/actualites\/wp-content\/uploads\/2024\/09\/vie-associative-1-150x150.jpg","contentUrl":"https:\/\/vieassociative.be\/actualites\/wp-content\/uploads\/2024\/09\/vie-associative-1-150x150.jpg","caption":"Julien"},"description":"Je suis Julien, r\u00e9dacteur pour Vie Associative. Passionn\u00e9 par le monde associatif depuis plus de 10 ans, j'ai \u00e0 c\u0153ur de partager des histoires inspirantes et de mettre en lumi\u00e8re les initiatives locales. Mon objectif est de sensibiliser et d'encourager l'engagement communautaire \u00e0 travers mes articles.","sameAs":["https:\/\/vieassociative.be\/"]}]}},"_links":{"self":[{"href":"https:\/\/vieassociative.be\/actualites\/wp-json\/wp\/v2\/posts\/7208"}],"collection":[{"href":"https:\/\/vieassociative.be\/actualites\/wp-json\/wp\/v2\/posts"}],"about":[{"href":"https:\/\/vieassociative.be\/actualites\/wp-json\/wp\/v2\/types\/post"}],"author":[{"embeddable":true,"href":"https:\/\/vieassociative.be\/actualites\/wp-json\/wp\/v2\/users\/1"}],"replies":[{"embeddable":true,"href":"https:\/\/vieassociative.be\/actualites\/wp-json\/wp\/v2\/comments?post=7208"}],"version-history":[{"count":0,"href":"https:\/\/vieassociative.be\/actualites\/wp-json\/wp\/v2\/posts\/7208\/revisions"}],"wp:featuredmedia":[{"embeddable":true,"href":"https:\/\/vieassociative.be\/actualites\/wp-json\/wp\/v2\/media\/7209"}],"wp:attachment":[{"href":"https:\/\/vieassociative.be\/actualites\/wp-json\/wp\/v2\/media?parent=7208"}],"wp:term":[{"taxonomy":"category","embeddable":true,"href":"https:\/\/vieassociative.be\/actualites\/wp-json\/wp\/v2\/categories?post=7208"},{"taxonomy":"post_tag","embeddable":true,"href":"https:\/\/vieassociative.be\/actualites\/wp-json\/wp\/v2\/tags?post=7208"}],"curies":[{"name":"wp","href":"https:\/\/api.w.org\/{rel}","templated":true}]}}