{"id":7206,"date":"2025-05-01T21:18:49","date_gmt":"2025-05-01T19:18:49","guid":{"rendered":"https:\/\/vieassociative.be\/actualites\/le-garmin-forerunner-265-est-de-100-de-rabais-en-ce-moment\/"},"modified":"2025-05-01T21:18:49","modified_gmt":"2025-05-01T19:18:49","slug":"le-garmin-forerunner-265-est-de-100-de-rabais-en-ce-moment","status":"publish","type":"post","link":"https:\/\/vieassociative.be\/actualites\/le-garmin-forerunner-265-est-de-100-de-rabais-en-ce-moment\/","title":{"rendered":"Le Garmin Forerunner 265 est de 100 $ de rabais en ce moment"},"content":{"rendered":"<div class=\"mt-4 leading-6 md:mb-8\">L&rsquo;une des meilleures montres Garmin vient de chuter \u00e0 son prix le plus bas de tous les temps.<\/div>\n<p><\/p>\n<p>Garmin est bien connu parmi les amateurs de smartwatch de fitness, et si vous \u00eates un coureur, le pr\u00e9curseur 265 est la meilleure option de la gamme Garmin. Le pr\u00e9curseur 265 est sans aucun doute la meilleure montre de fitness pour les coureurs, selon l&rsquo;examen de la r\u00e9dactrice en sant\u00e9 senior Beth Skwarecki. Bien qu&rsquo;il s&rsquo;agisse g\u00e9n\u00e9ralement d&rsquo;une montre intelligente co\u00fbteuse \u00e0 449,99 $, il est actuellement en vente pour <strong>349,99 $<\/strong>qui est le prix le plus bas qu&rsquo;il ait jamais \u00e9t\u00e9, selon les outils de suivi des prix. (Le mod\u00e8le de 46 mm et le mod\u00e8le plus petit de 42 mm sont en vente au m\u00eame prix.)<\/p>\n<div class=\"shadow-b-2 mb-12 mt-10 rounded-md border-2 border-(#F0F0F0) px-6 py-2 shadow-lg md:px-12\" role=\"region\" aria-label=\"Products List\" x-data=\"{ showMore: false }\">\n<div class=\"flex w-full gap-x-5\">\n<div class=\"flex w-full flex-col flex-nowrap justify-center gap-2 text-black no-underline md:order-2 md:gap-y-6\">\n<div class=\"flex flex-col justify-between gap-y-2 md:w-full md:gap-y-1\">\n<div class=\"block font-sans text-xs font-semibold capitalize leading-3 text-gray-900 md:leading-4\">  Syst\u00e8me d&rsquo;exploitation: Android, stockage de m\u00e9moire: 8 Go, Capacit\u00e9 de la batterie: 4 heures d&rsquo;ampli<\/div>\n<div class=\"block w-fit cursor-pointer font-akshar text-lg font-medium leading-5 text-brand-green duration-200 ease-in-out hover:text-brand-green-700 md:text-xl md:leading-6\">\n<p>                            Garmin Forerunner 265\n                        <\/p><\/div>\n<\/p><\/div>\n<div class=\"hidden md:flex md:justify-between md:gap-x-4\">\n<div class=\"w-full mb-0 md:flex md:flex-col md:justify-center font-sans leading-4 text-black\">\n<div class=\"flex flex-wrap items-center justify-center gap-x-1 md:justify-start\">\n        <span class=\"font-bold\"><\/p>\n<p>            349,99 $<br \/>\n                            <span class=\"font-medium\">\u00e0 Amazon<\/span><br \/>\n                    <\/span><br \/>\n                    <img decoding=\"async\" class=\"mt-0 h-(15px)\" src=\"https:\/\/vieassociative.be\/actualites\/wp-content\/uploads\/2025\/05\/Le-Garmin-Forerunner-265-est-de-100-de-rabais.svg.svg+xml\" title=\"Amazon Prime\" alt=\"Amazon Prime\">\n            <\/div>\n<div class=\"flex items-center justify-center gap-x-1 font-bold md:justify-start\">\n            <span class=\"text-sm line-through\">449,99 $<\/span><br \/>\n            <span class=\"text-sm text-brand-green\">\u00c9conomisez 100,00 $<\/span>\n        <\/div>\n<\/p><\/div>\n<p>                            <button class=\"flex justify-center items-center w-full bg-brand-green text-white text-base font-sans font-medium rounded-md hover:bg-brand-green-700 hover:cursor-pointer md:text-sm hidden self-end h-12 max-w-(10rem) duration-200 ease-in-out hover:bg-brand-green-700 md:flex md:h-10\"><\/p>\n<p>    Conclure un accord<br \/>\n<\/button>\n                        <\/div>\n<\/p><\/div>\n<div class=\"flex aspect-video h-(90px) shrink-0 items-center justify-center self-center md:order-1\">\n                        <img decoding=\"async\" class=\"m-0 max-h-full max-w-full rounded-md\" src=\"https:\/\/vieassociative.be\/actualites\/wp-content\/uploads\/2025\/05\/Le-Garmin-Forerunner-265-est-de-100-de-rabais.jpg\" alt=\"Garmin Forerunner 265 Ex\u00e9cution de smartwatch\" width=\"auto\" height=\"auto\" loading=\"lazy\">\n                    <\/div>\n<\/p><\/div>\n<p>                            <button class=\"flex justify-center items-center w-full bg-brand-green text-white text-base font-sans font-medium rounded-md hover:bg-brand-green-700 hover:cursor-pointer md:text-sm w-full h-12 duration-200 ease-in-out hover:bg-brand-green-700 md:hidden md:h-10\"><\/p>\n<p>    Conclure un accord<br \/>\n<\/button><\/p>\n<div class=\"flex flex-col items-center w-full md:hidden font-sans leading-4 text-black\">\n<div class=\"flex flex-wrap items-center justify-center gap-x-1 md:justify-start\">\n        <span class=\"font-bold\"><\/p>\n<p>            349,99 $<br \/>\n                            <span class=\"font-medium\">\u00e0 Amazon<\/span><br \/>\n                    <\/span><br \/>\n                    <img decoding=\"async\" class=\"mt-0 h-(15px)\" src=\"https:\/\/vieassociative.be\/actualites\/wp-content\/uploads\/2025\/05\/Le-Garmin-Forerunner-265-est-de-100-de-rabais.svg.svg+xml\" title=\"Amazon Prime\" alt=\"Amazon Prime\">\n            <\/div>\n<div class=\"flex items-center justify-center gap-x-1 font-bold md:justify-start\">\n            <span class=\"text-sm line-through\">449,99 $<\/span><br \/>\n            <span class=\"text-sm text-brand-green\">\u00c9conomisez 100,00 $<\/span>\n        <\/div>\n<\/p><\/div>\n<div class=\"flex w-full gap-x-5\">\n<div class=\"flex w-full flex-col flex-nowrap justify-center gap-2 text-black no-underline md:order-2 md:gap-y-6\">\n<div class=\"flex flex-col justify-between gap-y-2 md:w-full md:gap-y-1\">\n<div class=\"block font-sans text-xs font-semibold capitalize leading-3 text-gray-900 md:leading-4\">  Syst\u00e8me d&rsquo;exploitation: Android, stockage de m\u00e9moire: 8 Go, Capacit\u00e9 de la batterie: 4 heures d&rsquo;ampli<\/div>\n<div class=\"block w-fit cursor-pointer font-akshar text-lg font-medium leading-5 text-brand-green duration-200 ease-in-out hover:text-brand-green-700 md:text-xl md:leading-6\">\n<p>                            Garmin Forerunner 265S\n                        <\/p><\/div>\n<\/p><\/div>\n<div class=\"hidden md:flex md:justify-between md:gap-x-4\">\n<div class=\"w-full mb-0 md:flex md:flex-col md:justify-center font-sans leading-4 text-black\">\n<div class=\"flex flex-wrap items-center justify-center gap-x-1 md:justify-start\">\n        <span class=\"font-bold\"><\/p>\n<p>            349,99 $<br \/>\n                            <span class=\"font-medium\">\u00e0 Amazon<\/span><br \/>\n                    <\/span>\n            <\/div>\n<div class=\"flex items-center justify-center gap-x-1 font-bold md:justify-start\">\n            <span class=\"text-sm line-through\">449,99 $<\/span><br \/>\n            <span class=\"text-sm text-brand-green\">\u00c9conomisez 100,00 $<\/span>\n        <\/div>\n<\/p><\/div>\n<p>                            <button class=\"flex justify-center items-center w-full bg-brand-green text-white text-base font-sans font-medium rounded-md hover:bg-brand-green-700 hover:cursor-pointer md:text-sm hidden self-end h-12 max-w-(10rem) duration-200 ease-in-out hover:bg-brand-green-700 md:flex md:h-10\"><\/p>\n<p>    Conclure un accord<br \/>\n<\/button>\n                        <\/div>\n<\/p><\/div>\n<div class=\"flex aspect-video h-(90px) shrink-0 items-center justify-center self-center md:order-1\">\n                        <img decoding=\"async\" class=\"m-0 max-h-full max-w-full rounded-md\" src=\"https:\/\/vieassociative.be\/actualites\/wp-content\/uploads\/2025\/05\/1746127129_374_Le-Garmin-Forerunner-265-est-de-100-de-rabais.jpg\" alt=\"Garmin Forerunner 265s Running Smartwatch (noir \/ jaune)\" width=\"auto\" height=\"auto\" loading=\"lazy\">\n                    <\/div>\n<\/p><\/div>\n<p>                            <button class=\"flex justify-center items-center w-full bg-brand-green text-white text-base font-sans font-medium rounded-md hover:bg-brand-green-700 hover:cursor-pointer md:text-sm w-full h-12 duration-200 ease-in-out hover:bg-brand-green-700 md:hidden md:h-10\"><\/p>\n<p>    Conclure un accord<br \/>\n<\/button><\/p>\n<div class=\"flex flex-col items-center w-full md:hidden font-sans leading-4 text-black\">\n<div class=\"flex flex-wrap items-center justify-center gap-x-1 md:justify-start\">\n        <span class=\"font-bold\"><\/p>\n<p>            349,99 $<br \/>\n                            <span class=\"font-medium\">\u00e0 Amazon<\/span><br \/>\n                    <\/span>\n            <\/div>\n<div class=\"flex items-center justify-center gap-x-1 font-bold md:justify-start\">\n            <span class=\"text-sm line-through\">449,99 $<\/span><br \/>\n            <span class=\"text-sm text-brand-green\">\u00c9conomisez 100,00 $<\/span>\n        <\/div>\n<\/p><\/div>\n<\/div>\n<p>Le pr\u00e9curseur 265 est livr\u00e9 avec un \u00e9cran AMOLED vif et color\u00e9 qui le rend facilement visible au soleil. Il y a aussi des boutons physiques, qui sont beaucoup plus faciles \u00e0 frapper sans avoir besoin de regarder \u00e0 mi-parcours. Le GPS est \u00e9tonnamment pr\u00e9cis, tout comme la fonction de suivi de la fr\u00e9quence cardiaque.<\/p>\n<p>La montre calcule \u00e9galement votre VO2max et utilise ces donn\u00e9es pour pr\u00e9dire vos temps de course pour un marathon 5k, 10k, demi-marathon et complet. Ces pr\u00e9dictions sont assez pr\u00e9cises, mais g\u00e9n\u00e9ralement un peu optimistes, selon la revue de Beth. Comme vous le pouvez avec la plupart des montres Garmin, elles sont tr\u00e8s personnalisables, des montres d&rsquo;\u00e9cran aux entra\u00eenements. Les donn\u00e9es que vous voyez ou ne voyez pas peuvent \u00eatre facilement modifi\u00e9es dans l&rsquo;application Companion Connect.<\/p>\n<div class=\"pogoClear relative my-10 border-b-(1.5px) border-t-(1.5px) border-dashed border-black py-5 sm:my-14 sm:border-0 sm:py-0\" data-ga-click data-ga-template=\"Deals\" data-ga-module=\"openweb_widget\" data-ga-element=\"openweb_scroll\" data-ga-item=\"openweb_scroll_midpage\" x-cloak x-data=\"{ commentsCount: null, hasComments: false }\" x-init=\"commentsCount = await window.openweb.getMessagesCount(01JT6H29JJRJZ02C9CGZXXCPY0);\n     hasComments = commentsCount !== null &amp;&amp; commentsCount &gt; 0\"><\/p>\n<div class=\"absolute top-1\/2 hidden w-full -translate-y-1\/2 border-t-(1.5px) border-dashed border-black sm:block\"><\/div>\n<div class=\"relative flex justify-center\">\n<div class=\"flex max-w-max items-center gap-x-3 bg-white px-5\">\n<div class=\"relative\">\n                <span class=\"absolute left-1\/2 top-1\/2 -translate-x-1\/2 -translate-y-1\/2 font-akshar text-sm font-medium text-black\" x-show=\"hasComments\" x-text=\"commentsCount\"><\/span><\/p>\n<p>                <svg class=\"h-8 w-8 text-black\">\n                    <use href=\"http:\/\/lifehacker.com\/images\/icons\/spritemap.svg#sprite-chat-bubble\"><\/use>\n                <\/svg>\n            <\/div>\n<p>            <span class=\"text-sm font-medium text-black\"><\/p>\n<p>                Que pensez-vous jusqu&rsquo;\u00e0 pr\u00e9sent?<br \/>\n                <button class=\"font-semibold text-brand-green underline hover:text-brand-green-700\" onclick=\"window.openweb.scrollToComments('01JT6H29JJRJZ02C9CGZXXCPY0')\" x-text=\"hasComments ? 'Post a comment.' : 'Be the first to post a comment.'\"><\/button><br \/>\n            <\/span>\n        <\/div>\n<\/p><\/div>\n<\/div>\n<p>Beth a obtenu environ 14 jours de dur\u00e9e de vie de la batterie de la petite montre 265. Ils sont surtout la m\u00eame montre avec des diff\u00e9rences tr\u00e8s subtiles. La principale chose dont vous devriez vous soucier est d&rsquo;obtenir la bonne taille pour vos poignets afin qu&rsquo;il s&rsquo;adapte bien et g\u00e9n\u00e8re des lectures pr\u00e9cises.<\/p>\n","protected":false},"excerpt":{"rendered":"<p>L&rsquo;une des meilleures montres Garmin vient de chuter \u00e0 son prix le plus bas de tous les temps. Garmin est bien connu parmi les amateurs<\/p>\n","protected":false},"author":1,"featured_media":7207,"comment_status":"","ping_status":"","sticky":false,"template":"","format":"standard","meta":{"footnotes":""},"categories":[13],"tags":[76,6754,3685,1429,5472],"class_list":["post-7206","post","type-post","status-publish","format-standard","has-post-thumbnail","hentry","category-technologie","tag-est","tag-forerunner","tag-garmin","tag-moment","tag-rabais","generate-columns","tablet-grid-50","mobile-grid-100","grid-parent","grid-33"],"yoast_head":"<!-- This site is optimized with the Yoast SEO plugin v24.0 - https:\/\/yoast.com\/wordpress\/plugins\/seo\/ -->\n<title>Le Garmin Forerunner 265 est de 100 $ de rabais en ce moment | Vie Associative<\/title>\n<meta name=\"robots\" content=\"index, follow, max-snippet:-1, max-image-preview:large, max-video-preview:-1\" \/>\n<link rel=\"canonical\" href=\"https:\/\/vieassociative.be\/actualites\/le-garmin-forerunner-265-est-de-100-de-rabais-en-ce-moment\/\" \/>\n<meta property=\"og:locale\" content=\"fr_FR\" \/>\n<meta property=\"og:type\" content=\"article\" \/>\n<meta property=\"og:title\" content=\"Le Garmin Forerunner 265 est de 100 $ de rabais en ce moment | Vie Associative\" \/>\n<meta property=\"og:description\" content=\"L&rsquo;une des meilleures montres Garmin vient de chuter \u00e0 son prix le plus bas de tous les temps. Garmin est bien connu parmi les amateurs\" \/>\n<meta property=\"og:url\" content=\"https:\/\/vieassociative.be\/actualites\/le-garmin-forerunner-265-est-de-100-de-rabais-en-ce-moment\/\" \/>\n<meta property=\"og:site_name\" content=\"Vie Associative\" \/>\n<meta property=\"article:published_time\" content=\"2025-05-01T19:18:49+00:00\" \/>\n<meta property=\"og:image\" content=\"https:\/\/vieassociative.be\/actualites\/wp-content\/uploads\/2025\/05\/Le-Garmin-Forerunner-265-est-de-100-de-rabais.svg.svg+xml\" \/>\n<meta name=\"author\" content=\"Julien\" \/>\n<meta name=\"twitter:card\" content=\"summary_large_image\" \/>\n<meta name=\"twitter:label1\" content=\"\u00c9crit par\" \/>\n\t<meta name=\"twitter:data1\" content=\"Julien\" \/>\n\t<meta name=\"twitter:label2\" content=\"Dur\u00e9e de lecture est.\" \/>\n\t<meta name=\"twitter:data2\" content=\"2 minutes\" \/>\n<script type=\"application\/ld+json\" class=\"yoast-schema-graph\">{\"@context\":\"https:\/\/schema.org\",\"@graph\":[{\"@type\":\"Article\",\"@id\":\"https:\/\/vieassociative.be\/actualites\/le-garmin-forerunner-265-est-de-100-de-rabais-en-ce-moment\/#article\",\"isPartOf\":{\"@id\":\"https:\/\/vieassociative.be\/actualites\/le-garmin-forerunner-265-est-de-100-de-rabais-en-ce-moment\/\"},\"author\":{\"name\":\"Julien\",\"@id\":\"https:\/\/vieassociative.be\/actualites\/#\/schema\/person\/b87ac4f82f9d4e7b7cec7395b679edc4\"},\"headline\":\"Le Garmin Forerunner 265 est de 100 $ de rabais en ce moment\",\"datePublished\":\"2025-05-01T19:18:49+00:00\",\"dateModified\":\"2025-05-01T19:18:49+00:00\",\"mainEntityOfPage\":{\"@id\":\"https:\/\/vieassociative.be\/actualites\/le-garmin-forerunner-265-est-de-100-de-rabais-en-ce-moment\/\"},\"wordCount\":411,\"publisher\":{\"@id\":\"https:\/\/vieassociative.be\/actualites\/#organization\"},\"image\":{\"@id\":\"https:\/\/vieassociative.be\/actualites\/le-garmin-forerunner-265-est-de-100-de-rabais-en-ce-moment\/#primaryimage\"},\"thumbnailUrl\":\"https:\/\/vieassociative.be\/actualites\/wp-content\/uploads\/2025\/05\/1746127130_Le-Garmin-Forerunner-265-est-de-100-de-rabais.jpg\",\"keywords\":[\"est\",\"Forerunner\",\"Garmin\",\"moment\",\"rabais\"],\"articleSection\":[\"Technologie\"],\"inLanguage\":\"fr-BE\"},{\"@type\":\"WebPage\",\"@id\":\"https:\/\/vieassociative.be\/actualites\/le-garmin-forerunner-265-est-de-100-de-rabais-en-ce-moment\/\",\"url\":\"https:\/\/vieassociative.be\/actualites\/le-garmin-forerunner-265-est-de-100-de-rabais-en-ce-moment\/\",\"name\":\"Le Garmin Forerunner 265 est de 100 $ de rabais en ce moment | Vie Associative\",\"isPartOf\":{\"@id\":\"https:\/\/vieassociative.be\/actualites\/#website\"},\"primaryImageOfPage\":{\"@id\":\"https:\/\/vieassociative.be\/actualites\/le-garmin-forerunner-265-est-de-100-de-rabais-en-ce-moment\/#primaryimage\"},\"image\":{\"@id\":\"https:\/\/vieassociative.be\/actualites\/le-garmin-forerunner-265-est-de-100-de-rabais-en-ce-moment\/#primaryimage\"},\"thumbnailUrl\":\"https:\/\/vieassociative.be\/actualites\/wp-content\/uploads\/2025\/05\/1746127130_Le-Garmin-Forerunner-265-est-de-100-de-rabais.jpg\",\"datePublished\":\"2025-05-01T19:18:49+00:00\",\"dateModified\":\"2025-05-01T19:18:49+00:00\",\"breadcrumb\":{\"@id\":\"https:\/\/vieassociative.be\/actualites\/le-garmin-forerunner-265-est-de-100-de-rabais-en-ce-moment\/#breadcrumb\"},\"inLanguage\":\"fr-BE\",\"potentialAction\":[{\"@type\":\"ReadAction\",\"target\":[\"https:\/\/vieassociative.be\/actualites\/le-garmin-forerunner-265-est-de-100-de-rabais-en-ce-moment\/\"]}]},{\"@type\":\"ImageObject\",\"inLanguage\":\"fr-BE\",\"@id\":\"https:\/\/vieassociative.be\/actualites\/le-garmin-forerunner-265-est-de-100-de-rabais-en-ce-moment\/#primaryimage\",\"url\":\"https:\/\/vieassociative.be\/actualites\/wp-content\/uploads\/2025\/05\/1746127130_Le-Garmin-Forerunner-265-est-de-100-de-rabais.jpg\",\"contentUrl\":\"https:\/\/vieassociative.be\/actualites\/wp-content\/uploads\/2025\/05\/1746127130_Le-Garmin-Forerunner-265-est-de-100-de-rabais.jpg\",\"width\":1200,\"height\":675,\"caption\":\"Le Garmin Forerunner 265 est de 100 $ de rabais en ce moment\"},{\"@type\":\"BreadcrumbList\",\"@id\":\"https:\/\/vieassociative.be\/actualites\/le-garmin-forerunner-265-est-de-100-de-rabais-en-ce-moment\/#breadcrumb\",\"itemListElement\":[{\"@type\":\"ListItem\",\"position\":1,\"name\":\"Accueil\",\"item\":\"https:\/\/vieassociative.be\/actualites\/\"},{\"@type\":\"ListItem\",\"position\":2,\"name\":\"Le Garmin Forerunner 265 est de 100 $ de rabais en ce moment\"}]},{\"@type\":\"WebSite\",\"@id\":\"https:\/\/vieassociative.be\/actualites\/#website\",\"url\":\"https:\/\/vieassociative.be\/actualites\/\",\"name\":\"Vie Associative\",\"description\":\"\",\"publisher\":{\"@id\":\"https:\/\/vieassociative.be\/actualites\/#organization\"},\"potentialAction\":[{\"@type\":\"SearchAction\",\"target\":{\"@type\":\"EntryPoint\",\"urlTemplate\":\"https:\/\/vieassociative.be\/actualites\/?s={search_term_string}\"},\"query-input\":{\"@type\":\"PropertyValueSpecification\",\"valueRequired\":true,\"valueName\":\"search_term_string\"}}],\"inLanguage\":\"fr-BE\"},{\"@type\":\"Organization\",\"@id\":\"https:\/\/vieassociative.be\/actualites\/#organization\",\"name\":\"Vie Associative\",\"url\":\"https:\/\/vieassociative.be\/actualites\/\",\"logo\":{\"@type\":\"ImageObject\",\"inLanguage\":\"fr-BE\",\"@id\":\"https:\/\/vieassociative.be\/actualites\/#\/schema\/logo\/image\/\",\"url\":\"https:\/\/vieassociative.be\/actualites\/wp-content\/uploads\/2024\/09\/cropped-vieassociative_favicon.ico.png\",\"contentUrl\":\"https:\/\/vieassociative.be\/actualites\/wp-content\/uploads\/2024\/09\/cropped-vieassociative_favicon.ico.png\",\"width\":512,\"height\":512,\"caption\":\"Vie Associative\"},\"image\":{\"@id\":\"https:\/\/vieassociative.be\/actualites\/#\/schema\/logo\/image\/\"}},{\"@type\":\"Person\",\"@id\":\"https:\/\/vieassociative.be\/actualites\/#\/schema\/person\/b87ac4f82f9d4e7b7cec7395b679edc4\",\"name\":\"Julien\",\"image\":{\"@type\":\"ImageObject\",\"inLanguage\":\"fr-BE\",\"@id\":\"https:\/\/vieassociative.be\/actualites\/#\/schema\/person\/image\/\",\"url\":\"https:\/\/vieassociative.be\/actualites\/wp-content\/uploads\/2024\/09\/vie-associative-1-150x150.jpg\",\"contentUrl\":\"https:\/\/vieassociative.be\/actualites\/wp-content\/uploads\/2024\/09\/vie-associative-1-150x150.jpg\",\"caption\":\"Julien\"},\"description\":\"Je suis Julien, r\u00e9dacteur pour Vie Associative. Passionn\u00e9 par le monde associatif depuis plus de 10 ans, j'ai \u00e0 c\u0153ur de partager des histoires inspirantes et de mettre en lumi\u00e8re les initiatives locales. Mon objectif est de sensibiliser et d'encourager l'engagement communautaire \u00e0 travers mes articles.\",\"sameAs\":[\"https:\/\/vieassociative.be\/\"]}]}<\/script>\n<!-- \/ Yoast SEO plugin. -->","yoast_head_json":{"title":"Le Garmin Forerunner 265 est de 100 $ de rabais en ce moment | Vie Associative","robots":{"index":"index","follow":"follow","max-snippet":"max-snippet:-1","max-image-preview":"max-image-preview:large","max-video-preview":"max-video-preview:-1"},"canonical":"https:\/\/vieassociative.be\/actualites\/le-garmin-forerunner-265-est-de-100-de-rabais-en-ce-moment\/","og_locale":"fr_FR","og_type":"article","og_title":"Le Garmin Forerunner 265 est de 100 $ de rabais en ce moment | Vie Associative","og_description":"L&rsquo;une des meilleures montres Garmin vient de chuter \u00e0 son prix le plus bas de tous les temps. Garmin est bien connu parmi les amateurs","og_url":"https:\/\/vieassociative.be\/actualites\/le-garmin-forerunner-265-est-de-100-de-rabais-en-ce-moment\/","og_site_name":"Vie Associative","article_published_time":"2025-05-01T19:18:49+00:00","og_image":[{"url":"https:\/\/vieassociative.be\/actualites\/wp-content\/uploads\/2025\/05\/Le-Garmin-Forerunner-265-est-de-100-de-rabais.svg.svg+xml","type":"","width":"","height":""}],"author":"Julien","twitter_card":"summary_large_image","twitter_misc":{"\u00c9crit par":"Julien","Dur\u00e9e de lecture est.":"2 minutes"},"schema":{"@context":"https:\/\/schema.org","@graph":[{"@type":"Article","@id":"https:\/\/vieassociative.be\/actualites\/le-garmin-forerunner-265-est-de-100-de-rabais-en-ce-moment\/#article","isPartOf":{"@id":"https:\/\/vieassociative.be\/actualites\/le-garmin-forerunner-265-est-de-100-de-rabais-en-ce-moment\/"},"author":{"name":"Julien","@id":"https:\/\/vieassociative.be\/actualites\/#\/schema\/person\/b87ac4f82f9d4e7b7cec7395b679edc4"},"headline":"Le Garmin Forerunner 265 est de 100 $ de rabais en ce moment","datePublished":"2025-05-01T19:18:49+00:00","dateModified":"2025-05-01T19:18:49+00:00","mainEntityOfPage":{"@id":"https:\/\/vieassociative.be\/actualites\/le-garmin-forerunner-265-est-de-100-de-rabais-en-ce-moment\/"},"wordCount":411,"publisher":{"@id":"https:\/\/vieassociative.be\/actualites\/#organization"},"image":{"@id":"https:\/\/vieassociative.be\/actualites\/le-garmin-forerunner-265-est-de-100-de-rabais-en-ce-moment\/#primaryimage"},"thumbnailUrl":"https:\/\/vieassociative.be\/actualites\/wp-content\/uploads\/2025\/05\/1746127130_Le-Garmin-Forerunner-265-est-de-100-de-rabais.jpg","keywords":["est","Forerunner","Garmin","moment","rabais"],"articleSection":["Technologie"],"inLanguage":"fr-BE"},{"@type":"WebPage","@id":"https:\/\/vieassociative.be\/actualites\/le-garmin-forerunner-265-est-de-100-de-rabais-en-ce-moment\/","url":"https:\/\/vieassociative.be\/actualites\/le-garmin-forerunner-265-est-de-100-de-rabais-en-ce-moment\/","name":"Le Garmin Forerunner 265 est de 100 $ de rabais en ce moment | Vie Associative","isPartOf":{"@id":"https:\/\/vieassociative.be\/actualites\/#website"},"primaryImageOfPage":{"@id":"https:\/\/vieassociative.be\/actualites\/le-garmin-forerunner-265-est-de-100-de-rabais-en-ce-moment\/#primaryimage"},"image":{"@id":"https:\/\/vieassociative.be\/actualites\/le-garmin-forerunner-265-est-de-100-de-rabais-en-ce-moment\/#primaryimage"},"thumbnailUrl":"https:\/\/vieassociative.be\/actualites\/wp-content\/uploads\/2025\/05\/1746127130_Le-Garmin-Forerunner-265-est-de-100-de-rabais.jpg","datePublished":"2025-05-01T19:18:49+00:00","dateModified":"2025-05-01T19:18:49+00:00","breadcrumb":{"@id":"https:\/\/vieassociative.be\/actualites\/le-garmin-forerunner-265-est-de-100-de-rabais-en-ce-moment\/#breadcrumb"},"inLanguage":"fr-BE","potentialAction":[{"@type":"ReadAction","target":["https:\/\/vieassociative.be\/actualites\/le-garmin-forerunner-265-est-de-100-de-rabais-en-ce-moment\/"]}]},{"@type":"ImageObject","inLanguage":"fr-BE","@id":"https:\/\/vieassociative.be\/actualites\/le-garmin-forerunner-265-est-de-100-de-rabais-en-ce-moment\/#primaryimage","url":"https:\/\/vieassociative.be\/actualites\/wp-content\/uploads\/2025\/05\/1746127130_Le-Garmin-Forerunner-265-est-de-100-de-rabais.jpg","contentUrl":"https:\/\/vieassociative.be\/actualites\/wp-content\/uploads\/2025\/05\/1746127130_Le-Garmin-Forerunner-265-est-de-100-de-rabais.jpg","width":1200,"height":675,"caption":"Le Garmin Forerunner 265 est de 100 $ de rabais en ce moment"},{"@type":"BreadcrumbList","@id":"https:\/\/vieassociative.be\/actualites\/le-garmin-forerunner-265-est-de-100-de-rabais-en-ce-moment\/#breadcrumb","itemListElement":[{"@type":"ListItem","position":1,"name":"Accueil","item":"https:\/\/vieassociative.be\/actualites\/"},{"@type":"ListItem","position":2,"name":"Le Garmin Forerunner 265 est de 100 $ de rabais en ce moment"}]},{"@type":"WebSite","@id":"https:\/\/vieassociative.be\/actualites\/#website","url":"https:\/\/vieassociative.be\/actualites\/","name":"Vie Associative","description":"","publisher":{"@id":"https:\/\/vieassociative.be\/actualites\/#organization"},"potentialAction":[{"@type":"SearchAction","target":{"@type":"EntryPoint","urlTemplate":"https:\/\/vieassociative.be\/actualites\/?s={search_term_string}"},"query-input":{"@type":"PropertyValueSpecification","valueRequired":true,"valueName":"search_term_string"}}],"inLanguage":"fr-BE"},{"@type":"Organization","@id":"https:\/\/vieassociative.be\/actualites\/#organization","name":"Vie Associative","url":"https:\/\/vieassociative.be\/actualites\/","logo":{"@type":"ImageObject","inLanguage":"fr-BE","@id":"https:\/\/vieassociative.be\/actualites\/#\/schema\/logo\/image\/","url":"https:\/\/vieassociative.be\/actualites\/wp-content\/uploads\/2024\/09\/cropped-vieassociative_favicon.ico.png","contentUrl":"https:\/\/vieassociative.be\/actualites\/wp-content\/uploads\/2024\/09\/cropped-vieassociative_favicon.ico.png","width":512,"height":512,"caption":"Vie Associative"},"image":{"@id":"https:\/\/vieassociative.be\/actualites\/#\/schema\/logo\/image\/"}},{"@type":"Person","@id":"https:\/\/vieassociative.be\/actualites\/#\/schema\/person\/b87ac4f82f9d4e7b7cec7395b679edc4","name":"Julien","image":{"@type":"ImageObject","inLanguage":"fr-BE","@id":"https:\/\/vieassociative.be\/actualites\/#\/schema\/person\/image\/","url":"https:\/\/vieassociative.be\/actualites\/wp-content\/uploads\/2024\/09\/vie-associative-1-150x150.jpg","contentUrl":"https:\/\/vieassociative.be\/actualites\/wp-content\/uploads\/2024\/09\/vie-associative-1-150x150.jpg","caption":"Julien"},"description":"Je suis Julien, r\u00e9dacteur pour Vie Associative. Passionn\u00e9 par le monde associatif depuis plus de 10 ans, j'ai \u00e0 c\u0153ur de partager des histoires inspirantes et de mettre en lumi\u00e8re les initiatives locales. Mon objectif est de sensibiliser et d'encourager l'engagement communautaire \u00e0 travers mes articles.","sameAs":["https:\/\/vieassociative.be\/"]}]}},"_links":{"self":[{"href":"https:\/\/vieassociative.be\/actualites\/wp-json\/wp\/v2\/posts\/7206"}],"collection":[{"href":"https:\/\/vieassociative.be\/actualites\/wp-json\/wp\/v2\/posts"}],"about":[{"href":"https:\/\/vieassociative.be\/actualites\/wp-json\/wp\/v2\/types\/post"}],"author":[{"embeddable":true,"href":"https:\/\/vieassociative.be\/actualites\/wp-json\/wp\/v2\/users\/1"}],"replies":[{"embeddable":true,"href":"https:\/\/vieassociative.be\/actualites\/wp-json\/wp\/v2\/comments?post=7206"}],"version-history":[{"count":0,"href":"https:\/\/vieassociative.be\/actualites\/wp-json\/wp\/v2\/posts\/7206\/revisions"}],"wp:featuredmedia":[{"embeddable":true,"href":"https:\/\/vieassociative.be\/actualites\/wp-json\/wp\/v2\/media\/7207"}],"wp:attachment":[{"href":"https:\/\/vieassociative.be\/actualites\/wp-json\/wp\/v2\/media?parent=7206"}],"wp:term":[{"taxonomy":"category","embeddable":true,"href":"https:\/\/vieassociative.be\/actualites\/wp-json\/wp\/v2\/categories?post=7206"},{"taxonomy":"post_tag","embeddable":true,"href":"https:\/\/vieassociative.be\/actualites\/wp-json\/wp\/v2\/tags?post=7206"}],"curies":[{"name":"wp","href":"https:\/\/api.w.org\/{rel}","templated":true}]}}