{"id":7204,"date":"2025-05-01T18:16:59","date_gmt":"2025-05-01T16:16:59","guid":{"rendered":"https:\/\/vieassociative.be\/actualites\/allez-y-jetez-un-canard-sur-le-gril\/"},"modified":"2025-05-01T18:16:59","modified_gmt":"2025-05-01T16:16:59","slug":"allez-y-jetez-un-canard-sur-le-gril","status":"publish","type":"post","link":"https:\/\/vieassociative.be\/actualites\/allez-y-jetez-un-canard-sur-le-gril\/","title":{"rendered":"Allez-y, jetez un canard sur le gril"},"content":{"rendered":"<div class=\"mt-4 leading-6 md:mb-8\">J&rsquo;en ai marre des Fran\u00e7ais (fa\u00e7on de pr\u00e9parer et de cuisiner le canard).<\/div>\n<p><\/p>\n<p>Duck a la r\u00e9putation d&rsquo;\u00eatre difficile, et je bl\u00e2me les Fran\u00e7ais. Je suis <em>malade des Fran\u00e7ais<\/em> (Moyen de pr\u00e9paration et de cuisson du canard). Tout ce qui parle de s\u00e9parer la poitrine des jambes et de cuisiner chacun s\u00e9par\u00e9ment, la poitrine soigneusement cuite \u00e0 un moyen parfait et rare, tandis que les jambes sont enterr\u00e9es et confi\u00e9es dans encore plus de graisse de canard qui doit souvent provenir du canard. Il suffit de faire cuire l&rsquo;oiseau, mais cela n&rsquo;a pas besoin d&rsquo;\u00eatre cette mani\u00e8re (fran\u00e7aise). Vous pouvez jeter un canard entier directement sur le gril, et il y a tr\u00e8s peu de choses que vous pouvez faire pour l&#8217;emp\u00eacher d&rsquo;\u00eatre d\u00e9licieux.<\/p>\n<p>Je ne suis pas le seul \u00e0 en avoir assez des Fran\u00e7ais (fa\u00e7on de pr\u00e9parer et de cuisiner le canard). Dans son article pour le New Yorker, la r\u00e9dacteur culinaire Helen Rosner remet \u00e9galement en question notre obsession francophile de deux temp\u00eates:<\/p>\n<blockquote>\n<p>Le sein rare avec des jambes bien fait est une fa\u00e7on tr\u00e8s fran\u00e7aise de penser au canard. Comme tant dans le monde culinaire, la fa\u00e7on de penser fran\u00e7aise n&rsquo;est pas <\/p>\n<p>mauvais<\/p>\n<p>mais il se profile si grand qu&rsquo;il a tendance \u00e0 laisser peu d&rsquo;oxyg\u00e8ne pour autre chose. Le canard de style P\u00e9kin a-t-il un sein rare? Est-ce que le canard dans un portugais <\/p>\n<p>Arroz de Pato<\/p>\n<p>? Les morceaux croustillants dans une salade tha\u00eflandaise? L&rsquo;int\u00e9rieur mauve d\u00e9licat d&rsquo;une poitrine pr\u00e9par\u00e9e dans le style fran\u00e7ais est certainement charmant, mais trop de terreur \u00e9vidente de Cooks de traverser la ligne \u00e0 moyenne ou (Dieu nous plaise) bien moyen signifie que la peau ne parvient pas \u00e0 croustiser compl\u00e8tement, et la magnifique couche lipidique sous-cutan\u00e9e de l&rsquo;oiseau reste inhabituelle au lieu de rendu \u00e0 la soie. Pourquoi, en plus de la tradition et de la francophilie, nous nous emb\u00eatons-nous avec cela?<\/p>\n<\/blockquote>\n<p>Rosner fait un bon point. Pourquoi s&#8217;emb\u00eater avec quelque chose de pointilleux et de fran\u00e7ais alors que vous pouvez \u00eatre cool et frisson et d\u00e9routant (et autre chose que le fran\u00e7ais)? Rosner continue ensuite \u00e0 fournir une recette de canard r\u00f4ti lente, destin\u00e9e aux d\u00eeners d\u00e9contract\u00e9s mais luxueux, et cela m&rsquo;a fait penser: ne pourrais-je pas faire de m\u00eame sur ma bouilloire Weber?<\/p>\n<p>Bien s\u00fbr, je le pouvais. Un grill au charbon de bois est essentiellement un four qui tire sa chaleur des charbons, et j&rsquo;ai eu beaucoup de succ\u00e8s \u00e0 r\u00f4tir lentement les oiseaux dans le pass\u00e9. Mais contrairement \u00e0 la plupart de mes efforts, je n&rsquo;avais pas envie de faire mon serpent de charbon de bois bien-aim\u00e9. Je voulais que ce soit aussi paresseux et facile que possible, en partie pour \u00able coller \u00e0\u00bb mes anc\u00eatres fran\u00e7ais (enfin, les anc\u00eatres acadiens), mais surtout pour repousser les limites de la pr\u00e9paration de LAX Duck.<\/p>\n<p>Ma premi\u00e8re tentative a \u00e9t\u00e9 extr\u00eamement b\u00e2cl\u00e9e, mais pas infructueuse. J&rsquo;ai empil\u00e9 un tas de charbons chauds d&rsquo;un c\u00f4t\u00e9 du gril, j&rsquo;ai plac\u00e9 le canard (sec) de l&rsquo;autre c\u00f4t\u00e9, ferm\u00e9 le couvercle et regard\u00e9 le grill de devenir trop chaud, m\u00eame si j&rsquo;avais restreint le flux d&rsquo;air en fermant les \u00e9vents \u00e0 de simples \u00e9tincelles. J&rsquo;aimerais pouvoir dire que j&rsquo;ai ma\u00eetris\u00e9 la temp\u00e9rature, mais c&rsquo;\u00e9tait une journ\u00e9e chaotique remplie de faiblesses, donc la temp\u00e9rature a fluctu\u00e9 sauvagement tout au long du cuisinier, ne se stabilisant jamais environ 200 \u2109, ce que je visais. La viande elle-m\u00eame a atteint 200 \u2109 au m\u00eame endroit, et devinez quoi? Tout s&rsquo;est bien pass\u00e9!<\/p>\n<div class=\"eloquent-imagery-image\">\n<div class=\"flex justify-center\">\n                    <img decoding=\"async\" class=\"border border-gray-100\" src=\"https:\/\/vieassociative.be\/actualites\/wp-content\/uploads\/2025\/05\/Allez-y-jetez-un-canard-sur-le-gril.jpg\" alt=\"Image de vie\" width=\"2000\" height=\"1125\" loading=\"lazy\"  >\n            <\/div>\n<\/p><\/div>\n<p>En fin de compte, j&rsquo;avais un canard tr\u00e8s comestible et assez succulent. Une partie de la viande de sein \u00e9tait un peu s\u00e8che dans des endroits, mais 80% de la viande de sein \u00e9tait incroyablement juteuse, et m\u00eame ces morceaux plus secs \u00e9taient tendres et d\u00e9licieux, surtout lorsqu&rsquo;ils \u00e9taient consomm\u00e9s avec une couche soyeuse de graisse fondante et de peau croustillante.<\/p>\n<p>Mais au-del\u00e0 d&rsquo;un oiseau qui avait un go\u00fbt assez bon &#8211; un oiseau que j&rsquo;aurais \u00e9t\u00e9 fier de servir s&rsquo;il y avait eu quelqu&rsquo;un d&rsquo;autre &#8211; le vrai prix \u00e9tait de savoir que je peux \u00eatre un canard complet et finir avec un plat principal impressionnant et d\u00e9licieux. C&rsquo;est \u00e0 cause de la nature extr\u00eamement grasse de l&rsquo;oiseau &#8211; sa mal\u00e9diction (une \u00e9paisse couche de graisse sous-cutan\u00e9e qui prend une \u00e9ternit\u00e9 pour rendre) est \u00e9galement sa b\u00e9n\u00e9diction (la chose qui vous permet de \u00abtrop cuire\u00bb l&rsquo;oiseau et de le faire se r\u00e9v\u00e9ler d\u00e9licieux).<\/p>\n<p>J&rsquo;\u00e9tais pr\u00eat \u00e0 y aller un autre et \u00e0 perfectionner ma m\u00e9thode imparfaite, lorsque mon r\u00e9frig\u00e9rateur s&rsquo;est cass\u00e9. Le faire r\u00e9parer sous mon plan de protection \u00e9tait infiniment frustrant. La partie n\u00e9cessaire n&rsquo;est jamais arriv\u00e9e et Home Depot a fini par me donner de l&rsquo;argent, mais c&rsquo;\u00e9tait apr\u00e8s deux mois de travail dans un mini-r\u00e9frig\u00e9rateur, et vous ne pouvez pas s\u00e9cher la saumure tout un canard dans un mini-r\u00e9frig\u00e9rateur.<\/p>\n<p>Cela n&rsquo;avait pas beaucoup d&rsquo;importance. Avoir une longue pause entre les canards n&rsquo;a pas g\u00e2ch\u00e9 mon processus de toute fa\u00e7on, car la recette n&rsquo;\u00e9tait pas si impliqu\u00e9e pour commencer, et brisant la petite quantit\u00e9 de concentration que je n&rsquo;avais pas eu d&rsquo;effet sur le r\u00e9sultat. Ce fut une excellente nouvelle parce que, encore une fois, je voulais une recette de canard qui pouvait \u00eatre ex\u00e9cut\u00e9e par les plus absents et facilement distraits parmi nous (moi).<\/p>\n<div class=\"eloquent-imagery-image\">\n<div class=\"flex justify-center\">\n                    <img decoding=\"async\" class=\"border border-gray-100\" src=\"https:\/\/vieassociative.be\/actualites\/wp-content\/uploads\/2025\/05\/1746116218_509_Allez-y-jetez-un-canard-sur-le-gril.jpg\" alt=\"Image de vie\" width=\"2000\" height=\"1125\" loading=\"lazy\"  >\n            <\/div>\n<\/p><\/div>\n<p>C&rsquo;est la recette que je voulais, et c&rsquo;est la recette que j&rsquo;ai obtenue. Il demande exactement deux ingr\u00e9dients &#8211; Duck et Salt &#8211; et peut \u00eatre cuit sur un gril \u00e0 charbon sans aucun \u00e9quipement sophistiqu\u00e9, \u00e0 l&rsquo;exception d&rsquo;un thermom\u00e8tre \u00e0 double bravo pour v\u00e9rifier la temp\u00e9rature du gril et de la viande (et vous devriez en avoir un de toute fa\u00e7on). Il est juteux et succulent et gras et juste assez gras. Il est d\u00e9cadent et visc\u00e9ral, et mieux consomm\u00e9 car il est pr\u00e9par\u00e9, avec tr\u00e8s peu de pompe et de circonstances, de pr\u00e9f\u00e9rence avec ses mains. C&rsquo;est ainsi que mon petit ami et moi l&rsquo;avons mang\u00e9 (tout en regardant un film Fulci), directement sur la planche \u00e0 d\u00e9couper, avec beaucoup de serviettes et plusieurs canettes de coke Diet. (Mon petit ami l&rsquo;a depuis appel\u00e9 \u00abcanard \u00e0 main\u00bb et a demand\u00e9 que cela fasse partie de notre rotation r\u00e9guli\u00e8re.)<\/p>\n<div class=\"pogoClear relative my-10 border-b-(1.5px) border-t-(1.5px) border-dashed border-black py-5 sm:my-14 sm:border-0 sm:py-0\" data-ga-click data-ga-template=\"News\" data-ga-module=\"openweb_widget\" data-ga-element=\"openweb_scroll\" data-ga-item=\"openweb_scroll_midpage\" x-cloak x-data=\"{ commentsCount: null, hasComments: false }\" x-init=\"commentsCount = await window.openweb.getMessagesCount(1849527371);\n     hasComments = commentsCount !== null &amp;&amp; commentsCount &gt; 0\"><\/p>\n<div class=\"absolute top-1\/2 hidden w-full -translate-y-1\/2 border-t-(1.5px) border-dashed border-black sm:block\"><\/div>\n<div class=\"relative flex justify-center\">\n<div class=\"flex max-w-max items-center gap-x-3 bg-white px-5\">\n<div class=\"relative\">\n                <span class=\"absolute left-1\/2 top-1\/2 -translate-x-1\/2 -translate-y-1\/2 font-akshar text-sm font-medium text-black\" x-show=\"hasComments\" x-text=\"commentsCount\"><\/span><\/p>\n<p>                <svg class=\"h-8 w-8 text-black\">\n                    <use href=\"http:\/\/lifehacker.com\/images\/icons\/spritemap.svg#sprite-chat-bubble\"><\/use>\n                <\/svg>\n            <\/div>\n<p>            <span class=\"text-sm font-medium text-black\"><\/p>\n<p>                Que pensez-vous jusqu&rsquo;\u00e0 pr\u00e9sent?<br \/>\n                <button class=\"font-semibold text-brand-green underline hover:text-brand-green-700\" onclick=\"window.openweb.scrollToComments('1849527371')\" x-text=\"hasComments ? 'Post a comment.' : 'Be the first to post a comment.'\"><\/button><br \/>\n            <\/span>\n        <\/div>\n<\/p><\/div>\n<\/div>\n<h2 id=\"easy-charcoal-roasted-duck-aka-hand-duck\">Canard facile \u00e0 charbon de bois (alias canard \u00e0 main)<\/h2>\n<p><strong>Ingr\u00e9dients:<\/strong><\/p>\n<ul>\n<li>\n<p>1 canard entier, t\u00eate et queue<\/p>\n<\/li>\n<li>\n<p>Sel casher<\/p>\n<\/li>\n<\/ul>\n<p>Coupez tout exc\u00e8s de graisse et de peau &#8211; les bits de disquette Flappy &#8211; au large du canard. \u00c9conomisez la graisse pour le rendu et la peau pour les paissages. Saltez le canard \u00e0 l&rsquo;int\u00e9rieur et \u00e0 l&rsquo;ext\u00e9rieur. J&rsquo;ai utilis\u00e9 cinq pinces \u00e0 trois doigts de sel casher pour cr\u00e9er une couche de sel brillante mais pas en cro\u00fbte sur l&rsquo;oiseau. R\u00e9glez le canard sur une grille r\u00e9gl\u00e9e \u00e0 l&rsquo;int\u00e9rieur d&rsquo;une plaque \u00e0 p\u00e2tisserie et laissez-la s\u00e9cher la saumure au r\u00e9frig\u00e9rateur pendant au moins 24 heures, de pr\u00e9f\u00e9rence 48 si vous avez le temps. <\/p>\n<p>Une fois le canard saut\u00e9, piquez-le avec quelque chose de tr\u00e8s pointu et tranchant, ou faites des fentes diagonales dans la peau sur le sein, en prenant soin de ne pas trancher dans la viande.<\/p>\n<div class=\"eloquent-imagery-image\">\n<div class=\"flex justify-center\">\n                    <img decoding=\"async\" class=\"border border-gray-100\" src=\"https:\/\/vieassociative.be\/actualites\/wp-content\/uploads\/2025\/05\/1746116219_551_Allez-y-jetez-un-canard-sur-le-gril.jpg\" alt=\"Image de vie\" width=\"2000\" height=\"1125\" loading=\"lazy\"  >\n            <\/div>\n<\/p><\/div>\n<p>R\u00e9glez un thermom\u00e8tre de sonde sur le c\u00f4t\u00e9 canard du gril. Obtenez une grosse chemin\u00e9e au charbon de bois allum\u00e9e avec beaucoup de charbon. Une fois que les charbons en haut commencent vers les cendres sur les bords, jetez-les du c\u00f4t\u00e9 non-fourche du gril, fermez le couvercle et ajustez les \u00e9vents afin qu&rsquo;il y ait tr\u00e8s peu de d\u00e9bit d&rsquo;air. Sur ma bouilloire Weber, cela se traduit par les \u00e9vents inf\u00e9rieurs ouverts environ un quart du chemin et les \u00e9vents sup\u00e9rieurs s&rsquo;ouvrent juste un ruban. Laissez la temp\u00e9rature se stabiliser et tomber. Quand il atteint 350 \u2109, mettez le canard. Laissez la temp\u00e9rature continuer \u00e0 baisser, jusqu&rsquo;\u00e0 ce qu&rsquo;elle se stabilise entre 200 \u2109 et 300 \u2109, et le conserver dans cette plage en ajustant les \u00e9vents si n\u00e9cessaire (plus ouvert signifie plus de flux d&rsquo;air signifie un gril plus chaud). N&rsquo;essayez pas d&rsquo;\u00eatre trop pr\u00e9cis. Cela n&rsquo;a vraiment pas d&rsquo;importance.<\/p>\n<p>Laissez le canard cuire une heure, puis retournez-le pour que ce soit le c\u00f4t\u00e9 poitrine vers le bas. Cuire une autre heure et retourner \u00e0 nouveau. Cuire une demi-heure puis retourner une fois de plus, puis continuez \u00e0 cuisiner et \u00e0 retourner une demi-heure jusqu&rsquo;\u00e0 ce que le sein atteigne une temp\u00e9rature interne de 180 \u2109. Retirer du gril et laisser reposer jusqu&rsquo;\u00e0 ce qu&rsquo;il soit suffisamment frais pour toucher, puis d\u00e9vorer, de pr\u00e9f\u00e9rence avec vos mains.<\/p>\n<p><\/p>\n","protected":false},"excerpt":{"rendered":"<p>J&rsquo;en ai marre des Fran\u00e7ais (fa\u00e7on de pr\u00e9parer et de cuisiner le canard). Duck a la r\u00e9putation d&rsquo;\u00eatre difficile, et je bl\u00e2me les Fran\u00e7ais. Je<\/p>\n","protected":false},"author":1,"featured_media":7205,"comment_status":"","ping_status":"","sticky":false,"template":"","format":"standard","meta":{"footnotes":""},"categories":[1],"tags":[2191,6752,6753,2225,33],"class_list":["post-7204","post","type-post","status-publish","format-standard","has-post-thumbnail","hentry","category-non-classe","tag-allezy","tag-canard","tag-gril","tag-jetez","tag-sur","generate-columns","tablet-grid-50","mobile-grid-100","grid-parent","grid-33"],"yoast_head":"<!-- This site is optimized with the Yoast SEO plugin v24.0 - https:\/\/yoast.com\/wordpress\/plugins\/seo\/ -->\n<title>Allez-y, jetez un canard sur le gril | Vie Associative<\/title>\n<meta name=\"robots\" content=\"index, follow, max-snippet:-1, max-image-preview:large, max-video-preview:-1\" \/>\n<link rel=\"canonical\" href=\"https:\/\/vieassociative.be\/actualites\/allez-y-jetez-un-canard-sur-le-gril\/\" \/>\n<meta property=\"og:locale\" content=\"fr_FR\" \/>\n<meta property=\"og:type\" content=\"article\" \/>\n<meta property=\"og:title\" content=\"Allez-y, jetez un canard sur le gril | Vie Associative\" \/>\n<meta property=\"og:description\" content=\"J&rsquo;en ai marre des Fran\u00e7ais (fa\u00e7on de pr\u00e9parer et de cuisiner le canard). Duck a la r\u00e9putation d&rsquo;\u00eatre difficile, et je bl\u00e2me les Fran\u00e7ais. Je\" \/>\n<meta property=\"og:url\" content=\"https:\/\/vieassociative.be\/actualites\/allez-y-jetez-un-canard-sur-le-gril\/\" \/>\n<meta property=\"og:site_name\" content=\"Vie Associative\" \/>\n<meta property=\"article:published_time\" content=\"2025-05-01T16:16:59+00:00\" \/>\n<meta property=\"og:image\" content=\"https:\/\/vieassociative.be\/actualites\/wp-content\/uploads\/2025\/05\/Allez-y-jetez-un-canard-sur-le-gril.jpg\" \/>\n<meta name=\"author\" content=\"Julien\" \/>\n<meta name=\"twitter:card\" content=\"summary_large_image\" \/>\n<meta name=\"twitter:label1\" content=\"\u00c9crit par\" \/>\n\t<meta name=\"twitter:data1\" content=\"Julien\" \/>\n\t<meta name=\"twitter:label2\" content=\"Dur\u00e9e de lecture est.\" \/>\n\t<meta name=\"twitter:data2\" content=\"8 minutes\" \/>\n<script type=\"application\/ld+json\" class=\"yoast-schema-graph\">{\"@context\":\"https:\/\/schema.org\",\"@graph\":[{\"@type\":\"Article\",\"@id\":\"https:\/\/vieassociative.be\/actualites\/allez-y-jetez-un-canard-sur-le-gril\/#article\",\"isPartOf\":{\"@id\":\"https:\/\/vieassociative.be\/actualites\/allez-y-jetez-un-canard-sur-le-gril\/\"},\"author\":{\"name\":\"Julien\",\"@id\":\"https:\/\/vieassociative.be\/actualites\/#\/schema\/person\/b87ac4f82f9d4e7b7cec7395b679edc4\"},\"headline\":\"Allez-y, jetez un canard sur le gril\",\"datePublished\":\"2025-05-01T16:16:59+00:00\",\"dateModified\":\"2025-05-01T16:16:59+00:00\",\"mainEntityOfPage\":{\"@id\":\"https:\/\/vieassociative.be\/actualites\/allez-y-jetez-un-canard-sur-le-gril\/\"},\"wordCount\":1595,\"publisher\":{\"@id\":\"https:\/\/vieassociative.be\/actualites\/#organization\"},\"image\":{\"@id\":\"https:\/\/vieassociative.be\/actualites\/allez-y-jetez-un-canard-sur-le-gril\/#primaryimage\"},\"thumbnailUrl\":\"https:\/\/vieassociative.be\/actualites\/wp-content\/uploads\/2025\/05\/1746116220_Allez-y-jetez-un-canard-sur-le-gril.jpg\",\"keywords\":[\"Allezy\",\"canard\",\"gril\",\"jetez\",\"sur\"],\"inLanguage\":\"fr-BE\"},{\"@type\":\"WebPage\",\"@id\":\"https:\/\/vieassociative.be\/actualites\/allez-y-jetez-un-canard-sur-le-gril\/\",\"url\":\"https:\/\/vieassociative.be\/actualites\/allez-y-jetez-un-canard-sur-le-gril\/\",\"name\":\"Allez-y, jetez un canard sur le gril | Vie Associative\",\"isPartOf\":{\"@id\":\"https:\/\/vieassociative.be\/actualites\/#website\"},\"primaryImageOfPage\":{\"@id\":\"https:\/\/vieassociative.be\/actualites\/allez-y-jetez-un-canard-sur-le-gril\/#primaryimage\"},\"image\":{\"@id\":\"https:\/\/vieassociative.be\/actualites\/allez-y-jetez-un-canard-sur-le-gril\/#primaryimage\"},\"thumbnailUrl\":\"https:\/\/vieassociative.be\/actualites\/wp-content\/uploads\/2025\/05\/1746116220_Allez-y-jetez-un-canard-sur-le-gril.jpg\",\"datePublished\":\"2025-05-01T16:16:59+00:00\",\"dateModified\":\"2025-05-01T16:16:59+00:00\",\"breadcrumb\":{\"@id\":\"https:\/\/vieassociative.be\/actualites\/allez-y-jetez-un-canard-sur-le-gril\/#breadcrumb\"},\"inLanguage\":\"fr-BE\",\"potentialAction\":[{\"@type\":\"ReadAction\",\"target\":[\"https:\/\/vieassociative.be\/actualites\/allez-y-jetez-un-canard-sur-le-gril\/\"]}]},{\"@type\":\"ImageObject\",\"inLanguage\":\"fr-BE\",\"@id\":\"https:\/\/vieassociative.be\/actualites\/allez-y-jetez-un-canard-sur-le-gril\/#primaryimage\",\"url\":\"https:\/\/vieassociative.be\/actualites\/wp-content\/uploads\/2025\/05\/1746116220_Allez-y-jetez-un-canard-sur-le-gril.jpg\",\"contentUrl\":\"https:\/\/vieassociative.be\/actualites\/wp-content\/uploads\/2025\/05\/1746116220_Allez-y-jetez-un-canard-sur-le-gril.jpg\",\"width\":1200,\"height\":675,\"caption\":\"Allez-y, jetez un canard sur le gril\"},{\"@type\":\"BreadcrumbList\",\"@id\":\"https:\/\/vieassociative.be\/actualites\/allez-y-jetez-un-canard-sur-le-gril\/#breadcrumb\",\"itemListElement\":[{\"@type\":\"ListItem\",\"position\":1,\"name\":\"Accueil\",\"item\":\"https:\/\/vieassociative.be\/actualites\/\"},{\"@type\":\"ListItem\",\"position\":2,\"name\":\"Allez-y, jetez un canard sur le gril\"}]},{\"@type\":\"WebSite\",\"@id\":\"https:\/\/vieassociative.be\/actualites\/#website\",\"url\":\"https:\/\/vieassociative.be\/actualites\/\",\"name\":\"Vie Associative\",\"description\":\"\",\"publisher\":{\"@id\":\"https:\/\/vieassociative.be\/actualites\/#organization\"},\"potentialAction\":[{\"@type\":\"SearchAction\",\"target\":{\"@type\":\"EntryPoint\",\"urlTemplate\":\"https:\/\/vieassociative.be\/actualites\/?s={search_term_string}\"},\"query-input\":{\"@type\":\"PropertyValueSpecification\",\"valueRequired\":true,\"valueName\":\"search_term_string\"}}],\"inLanguage\":\"fr-BE\"},{\"@type\":\"Organization\",\"@id\":\"https:\/\/vieassociative.be\/actualites\/#organization\",\"name\":\"Vie Associative\",\"url\":\"https:\/\/vieassociative.be\/actualites\/\",\"logo\":{\"@type\":\"ImageObject\",\"inLanguage\":\"fr-BE\",\"@id\":\"https:\/\/vieassociative.be\/actualites\/#\/schema\/logo\/image\/\",\"url\":\"https:\/\/vieassociative.be\/actualites\/wp-content\/uploads\/2024\/09\/cropped-vieassociative_favicon.ico.png\",\"contentUrl\":\"https:\/\/vieassociative.be\/actualites\/wp-content\/uploads\/2024\/09\/cropped-vieassociative_favicon.ico.png\",\"width\":512,\"height\":512,\"caption\":\"Vie Associative\"},\"image\":{\"@id\":\"https:\/\/vieassociative.be\/actualites\/#\/schema\/logo\/image\/\"}},{\"@type\":\"Person\",\"@id\":\"https:\/\/vieassociative.be\/actualites\/#\/schema\/person\/b87ac4f82f9d4e7b7cec7395b679edc4\",\"name\":\"Julien\",\"image\":{\"@type\":\"ImageObject\",\"inLanguage\":\"fr-BE\",\"@id\":\"https:\/\/vieassociative.be\/actualites\/#\/schema\/person\/image\/\",\"url\":\"https:\/\/vieassociative.be\/actualites\/wp-content\/uploads\/2024\/09\/vie-associative-1-150x150.jpg\",\"contentUrl\":\"https:\/\/vieassociative.be\/actualites\/wp-content\/uploads\/2024\/09\/vie-associative-1-150x150.jpg\",\"caption\":\"Julien\"},\"description\":\"Je suis Julien, r\u00e9dacteur pour Vie Associative. Passionn\u00e9 par le monde associatif depuis plus de 10 ans, j'ai \u00e0 c\u0153ur de partager des histoires inspirantes et de mettre en lumi\u00e8re les initiatives locales. Mon objectif est de sensibiliser et d'encourager l'engagement communautaire \u00e0 travers mes articles.\",\"sameAs\":[\"https:\/\/vieassociative.be\/\"]}]}<\/script>\n<!-- \/ Yoast SEO plugin. -->","yoast_head_json":{"title":"Allez-y, jetez un canard sur le gril | Vie Associative","robots":{"index":"index","follow":"follow","max-snippet":"max-snippet:-1","max-image-preview":"max-image-preview:large","max-video-preview":"max-video-preview:-1"},"canonical":"https:\/\/vieassociative.be\/actualites\/allez-y-jetez-un-canard-sur-le-gril\/","og_locale":"fr_FR","og_type":"article","og_title":"Allez-y, jetez un canard sur le gril | Vie Associative","og_description":"J&rsquo;en ai marre des Fran\u00e7ais (fa\u00e7on de pr\u00e9parer et de cuisiner le canard). Duck a la r\u00e9putation d&rsquo;\u00eatre difficile, et je bl\u00e2me les Fran\u00e7ais. Je","og_url":"https:\/\/vieassociative.be\/actualites\/allez-y-jetez-un-canard-sur-le-gril\/","og_site_name":"Vie Associative","article_published_time":"2025-05-01T16:16:59+00:00","og_image":[{"url":"https:\/\/vieassociative.be\/actualites\/wp-content\/uploads\/2025\/05\/Allez-y-jetez-un-canard-sur-le-gril.jpg","type":"","width":"","height":""}],"author":"Julien","twitter_card":"summary_large_image","twitter_misc":{"\u00c9crit par":"Julien","Dur\u00e9e de lecture est.":"8 minutes"},"schema":{"@context":"https:\/\/schema.org","@graph":[{"@type":"Article","@id":"https:\/\/vieassociative.be\/actualites\/allez-y-jetez-un-canard-sur-le-gril\/#article","isPartOf":{"@id":"https:\/\/vieassociative.be\/actualites\/allez-y-jetez-un-canard-sur-le-gril\/"},"author":{"name":"Julien","@id":"https:\/\/vieassociative.be\/actualites\/#\/schema\/person\/b87ac4f82f9d4e7b7cec7395b679edc4"},"headline":"Allez-y, jetez un canard sur le gril","datePublished":"2025-05-01T16:16:59+00:00","dateModified":"2025-05-01T16:16:59+00:00","mainEntityOfPage":{"@id":"https:\/\/vieassociative.be\/actualites\/allez-y-jetez-un-canard-sur-le-gril\/"},"wordCount":1595,"publisher":{"@id":"https:\/\/vieassociative.be\/actualites\/#organization"},"image":{"@id":"https:\/\/vieassociative.be\/actualites\/allez-y-jetez-un-canard-sur-le-gril\/#primaryimage"},"thumbnailUrl":"https:\/\/vieassociative.be\/actualites\/wp-content\/uploads\/2025\/05\/1746116220_Allez-y-jetez-un-canard-sur-le-gril.jpg","keywords":["Allezy","canard","gril","jetez","sur"],"inLanguage":"fr-BE"},{"@type":"WebPage","@id":"https:\/\/vieassociative.be\/actualites\/allez-y-jetez-un-canard-sur-le-gril\/","url":"https:\/\/vieassociative.be\/actualites\/allez-y-jetez-un-canard-sur-le-gril\/","name":"Allez-y, jetez un canard sur le gril | Vie Associative","isPartOf":{"@id":"https:\/\/vieassociative.be\/actualites\/#website"},"primaryImageOfPage":{"@id":"https:\/\/vieassociative.be\/actualites\/allez-y-jetez-un-canard-sur-le-gril\/#primaryimage"},"image":{"@id":"https:\/\/vieassociative.be\/actualites\/allez-y-jetez-un-canard-sur-le-gril\/#primaryimage"},"thumbnailUrl":"https:\/\/vieassociative.be\/actualites\/wp-content\/uploads\/2025\/05\/1746116220_Allez-y-jetez-un-canard-sur-le-gril.jpg","datePublished":"2025-05-01T16:16:59+00:00","dateModified":"2025-05-01T16:16:59+00:00","breadcrumb":{"@id":"https:\/\/vieassociative.be\/actualites\/allez-y-jetez-un-canard-sur-le-gril\/#breadcrumb"},"inLanguage":"fr-BE","potentialAction":[{"@type":"ReadAction","target":["https:\/\/vieassociative.be\/actualites\/allez-y-jetez-un-canard-sur-le-gril\/"]}]},{"@type":"ImageObject","inLanguage":"fr-BE","@id":"https:\/\/vieassociative.be\/actualites\/allez-y-jetez-un-canard-sur-le-gril\/#primaryimage","url":"https:\/\/vieassociative.be\/actualites\/wp-content\/uploads\/2025\/05\/1746116220_Allez-y-jetez-un-canard-sur-le-gril.jpg","contentUrl":"https:\/\/vieassociative.be\/actualites\/wp-content\/uploads\/2025\/05\/1746116220_Allez-y-jetez-un-canard-sur-le-gril.jpg","width":1200,"height":675,"caption":"Allez-y, jetez un canard sur le gril"},{"@type":"BreadcrumbList","@id":"https:\/\/vieassociative.be\/actualites\/allez-y-jetez-un-canard-sur-le-gril\/#breadcrumb","itemListElement":[{"@type":"ListItem","position":1,"name":"Accueil","item":"https:\/\/vieassociative.be\/actualites\/"},{"@type":"ListItem","position":2,"name":"Allez-y, jetez un canard sur le gril"}]},{"@type":"WebSite","@id":"https:\/\/vieassociative.be\/actualites\/#website","url":"https:\/\/vieassociative.be\/actualites\/","name":"Vie Associative","description":"","publisher":{"@id":"https:\/\/vieassociative.be\/actualites\/#organization"},"potentialAction":[{"@type":"SearchAction","target":{"@type":"EntryPoint","urlTemplate":"https:\/\/vieassociative.be\/actualites\/?s={search_term_string}"},"query-input":{"@type":"PropertyValueSpecification","valueRequired":true,"valueName":"search_term_string"}}],"inLanguage":"fr-BE"},{"@type":"Organization","@id":"https:\/\/vieassociative.be\/actualites\/#organization","name":"Vie Associative","url":"https:\/\/vieassociative.be\/actualites\/","logo":{"@type":"ImageObject","inLanguage":"fr-BE","@id":"https:\/\/vieassociative.be\/actualites\/#\/schema\/logo\/image\/","url":"https:\/\/vieassociative.be\/actualites\/wp-content\/uploads\/2024\/09\/cropped-vieassociative_favicon.ico.png","contentUrl":"https:\/\/vieassociative.be\/actualites\/wp-content\/uploads\/2024\/09\/cropped-vieassociative_favicon.ico.png","width":512,"height":512,"caption":"Vie Associative"},"image":{"@id":"https:\/\/vieassociative.be\/actualites\/#\/schema\/logo\/image\/"}},{"@type":"Person","@id":"https:\/\/vieassociative.be\/actualites\/#\/schema\/person\/b87ac4f82f9d4e7b7cec7395b679edc4","name":"Julien","image":{"@type":"ImageObject","inLanguage":"fr-BE","@id":"https:\/\/vieassociative.be\/actualites\/#\/schema\/person\/image\/","url":"https:\/\/vieassociative.be\/actualites\/wp-content\/uploads\/2024\/09\/vie-associative-1-150x150.jpg","contentUrl":"https:\/\/vieassociative.be\/actualites\/wp-content\/uploads\/2024\/09\/vie-associative-1-150x150.jpg","caption":"Julien"},"description":"Je suis Julien, r\u00e9dacteur pour Vie Associative. Passionn\u00e9 par le monde associatif depuis plus de 10 ans, j'ai \u00e0 c\u0153ur de partager des histoires inspirantes et de mettre en lumi\u00e8re les initiatives locales. Mon objectif est de sensibiliser et d'encourager l'engagement communautaire \u00e0 travers mes articles.","sameAs":["https:\/\/vieassociative.be\/"]}]}},"_links":{"self":[{"href":"https:\/\/vieassociative.be\/actualites\/wp-json\/wp\/v2\/posts\/7204"}],"collection":[{"href":"https:\/\/vieassociative.be\/actualites\/wp-json\/wp\/v2\/posts"}],"about":[{"href":"https:\/\/vieassociative.be\/actualites\/wp-json\/wp\/v2\/types\/post"}],"author":[{"embeddable":true,"href":"https:\/\/vieassociative.be\/actualites\/wp-json\/wp\/v2\/users\/1"}],"replies":[{"embeddable":true,"href":"https:\/\/vieassociative.be\/actualites\/wp-json\/wp\/v2\/comments?post=7204"}],"version-history":[{"count":0,"href":"https:\/\/vieassociative.be\/actualites\/wp-json\/wp\/v2\/posts\/7204\/revisions"}],"wp:featuredmedia":[{"embeddable":true,"href":"https:\/\/vieassociative.be\/actualites\/wp-json\/wp\/v2\/media\/7205"}],"wp:attachment":[{"href":"https:\/\/vieassociative.be\/actualites\/wp-json\/wp\/v2\/media?parent=7204"}],"wp:term":[{"taxonomy":"category","embeddable":true,"href":"https:\/\/vieassociative.be\/actualites\/wp-json\/wp\/v2\/categories?post=7204"},{"taxonomy":"post_tag","embeddable":true,"href":"https:\/\/vieassociative.be\/actualites\/wp-json\/wp\/v2\/tags?post=7204"}],"curies":[{"name":"wp","href":"https:\/\/api.w.org\/{rel}","templated":true}]}}