{"id":7202,"date":"2025-05-01T16:17:37","date_gmt":"2025-05-01T14:17:37","guid":{"rendered":"https:\/\/vieassociative.be\/actualites\/la-commission-de-controle-des-langues-confirme-une-violation-de-la-loi-en-labsence-de-lapplication-my-bpost\/"},"modified":"2025-05-01T16:17:37","modified_gmt":"2025-05-01T14:17:37","slug":"la-commission-de-controle-des-langues-confirme-une-violation-de-la-loi-en-labsence-de-lapplication-my-bpost","status":"publish","type":"post","link":"https:\/\/vieassociative.be\/actualites\/la-commission-de-controle-des-langues-confirme-une-violation-de-la-loi-en-labsence-de-lapplication-my-bpost\/","title":{"rendered":"La Commission de contr\u00f4le des langues confirme une violation de la loi en l&rsquo;absence de l&rsquo;application \u00ab\u00a0My BPOST\u00a0\u00bb"},"content":{"rendered":"<p><strong>Le Premier ministre DG Oliver Paasch (Prodg) a de nouveau demand\u00e9 au Belgian Post (BPOST) de rendre le contenu de son application \u00ab\u00a0My BPOST\u00a0\u00bb disponible en allemand.<\/strong><\/p>\n<p><span id=\"more-414658\"><\/span>Un avis d&rsquo;expert de la Commission permanente pour le contr\u00f4le linguistique confirme que la s\u00e9lection actuelle de la langue de l&rsquo;application viole les lois linguistiques applicables. Une copie de la lettre \u00e0 Chris Peeters (PDG du BPostgroup) est \u00e9galement all\u00e9e au ministre f\u00e9d\u00e9ral des soci\u00e9t\u00e9s publiques, Vanessa Matz.<\/p>\n<p>PaaSch a transmis la gestion du bureau de poste \u00e0 la Commission permanente pour le contr\u00f4le des langues, qui classe la pratique actuelle du BPOST par rapport \u00e0 la s\u00e9lection des langues de l&rsquo;application \u00ab\u00a0My BPOST\u00a0\u00bb en tant que situation administrative.<\/p>\n<div id=\"attachment_414664\" class=\"wp-caption alignleft\" style=\"max-width: 300px\"><img fetchpriority=\"high\" decoding=\"async\" class=\"wp-image-414664 size-medium\" src=\"https:\/\/vieassociative.be\/actualites\/wp-content\/uploads\/2025\/05\/La-Commission-de-controle-des-langues-confirme-une-violation-de.jpg\" alt=\"\" width=\"300\" height=\"201\"  ><\/p>\n<p class=\"wp-caption-text\">Le Premier ministre Oliver Paasch (Prodg) au Parlement. Photo: Patrick von Staufenberg<\/p>\n<\/div>\n<p>La Commission arrive \u00e0 la conclusion: la restriction actuelle de l&rsquo;application en fran\u00e7ais, n\u00e9erlandais et anglais n&rsquo;est pas conforme aux lois linguistiques sur les questions administratives.<\/p>\n<p>En tant que bureau central, le BPOST est soumis \u00e0 ces dispositions. \u00abLa soci\u00e9t\u00e9 doit offrir la possibilit\u00e9 que\u00ab l&rsquo;allemand \u00bbpuisse \u00e9galement \u00eatre s\u00e9lectionn\u00e9 pour toute son application. En raison de sa d\u00e9cision de ne pas d\u00e9poser des notifications sous forme de papier \u00e0 l&rsquo;avenir, les avantages de l&rsquo;un de ses services seront autrement retenus d&rsquo;une certaine partie de la population\u00bb, a sp\u00e9cifi\u00e9 la Commission.<\/p>\n<p>PaaSch a donc demand\u00e9 \u00e0 nouveau et a soulign\u00e9 que BPOST initie imm\u00e9diatement des \u00e9tapes pour fournir une version compl\u00e8te de la langue allemande de l&rsquo;application \u00ab\u00a0My BPOST\u00a0\u00bb. Dans le m\u00eame temps, il a soulign\u00e9 la direction qu&rsquo;une action opportune et constructive \u00e9tait n\u00e9cessaire pour \u00e9viter d&rsquo;autres \u00e9tapes juridiques.<\/p>\n<p>\u00ab\u00a0Ce n&rsquo;est pas seulement une question d&rsquo;\u00e9quit\u00e9, mais sur le respect de la loi applicable. Un service f\u00e9d\u00e9ral ne peut pas exclure un groupe de population &#8211; ni num\u00e9riquement ni analogue\u00a0\u00bb, a d\u00e9clar\u00e9 Paasch. (Cre)<\/p>\n","protected":false},"excerpt":{"rendered":"<p>Le Premier ministre DG Oliver Paasch (Prodg) a de nouveau demand\u00e9 au Belgian Post (BPOST) de rendre le contenu de son application \u00ab\u00a0My BPOST\u00a0\u00bb disponible<\/p>\n","protected":false},"author":1,"featured_media":7203,"comment_status":"","ping_status":"","sticky":false,"template":"","format":"standard","meta":{"footnotes":""},"categories":[298],"tags":[6751,3560,4829,360,29,6750,6749,282,5077,110,5095],"class_list":["post-7202","post","type-post","status-publish","format-standard","has-post-thumbnail","hentry","category-belgique","tag-bpost","tag-commission","tag-confirme","tag-controle","tag-des","tag-labsence","tag-langues","tag-lapplication","tag-loi","tag-une","tag-violation","generate-columns","tablet-grid-50","mobile-grid-100","grid-parent","grid-33"],"yoast_head":"<!-- This site is optimized with the Yoast SEO plugin v24.0 - https:\/\/yoast.com\/wordpress\/plugins\/seo\/ -->\n<title>La Commission de contr\u00f4le des langues confirme une violation de la loi en l&#039;absence de l&#039;application &quot;My BPOST&quot; | Vie Associative<\/title>\n<meta name=\"robots\" content=\"index, follow, max-snippet:-1, max-image-preview:large, max-video-preview:-1\" \/>\n<link rel=\"canonical\" href=\"https:\/\/vieassociative.be\/actualites\/la-commission-de-controle-des-langues-confirme-une-violation-de-la-loi-en-labsence-de-lapplication-my-bpost\/\" \/>\n<meta property=\"og:locale\" content=\"fr_FR\" \/>\n<meta property=\"og:type\" content=\"article\" \/>\n<meta property=\"og:title\" content=\"La Commission de contr\u00f4le des langues confirme une violation de la loi en l&#039;absence de l&#039;application &quot;My BPOST&quot; | Vie Associative\" \/>\n<meta property=\"og:description\" content=\"Le Premier ministre DG Oliver Paasch (Prodg) a de nouveau demand\u00e9 au Belgian Post (BPOST) de rendre le contenu de son application \u00ab\u00a0My BPOST\u00a0\u00bb disponible\" \/>\n<meta property=\"og:url\" content=\"https:\/\/vieassociative.be\/actualites\/la-commission-de-controle-des-langues-confirme-une-violation-de-la-loi-en-labsence-de-lapplication-my-bpost\/\" \/>\n<meta property=\"og:site_name\" content=\"Vie Associative\" \/>\n<meta property=\"article:published_time\" content=\"2025-05-01T14:17:37+00:00\" \/>\n<meta property=\"og:image\" content=\"https:\/\/vieassociative.be\/actualites\/wp-content\/uploads\/2024\/09\/header_backgroundk-01-e1726694325946.png\" \/>\n\t<meta property=\"og:image:width\" content=\"279\" \/>\n\t<meta property=\"og:image:height\" content=\"92\" \/>\n\t<meta property=\"og:image:type\" content=\"image\/png\" \/>\n<meta name=\"author\" content=\"Julien\" \/>\n<meta name=\"twitter:card\" content=\"summary_large_image\" \/>\n<meta name=\"twitter:label1\" content=\"\u00c9crit par\" \/>\n\t<meta name=\"twitter:data1\" content=\"Julien\" \/>\n\t<meta name=\"twitter:label2\" content=\"Dur\u00e9e de lecture est.\" \/>\n\t<meta name=\"twitter:data2\" content=\"2 minutes\" \/>\n<script type=\"application\/ld+json\" class=\"yoast-schema-graph\">{\"@context\":\"https:\/\/schema.org\",\"@graph\":[{\"@type\":\"Article\",\"@id\":\"https:\/\/vieassociative.be\/actualites\/la-commission-de-controle-des-langues-confirme-une-violation-de-la-loi-en-labsence-de-lapplication-my-bpost\/#article\",\"isPartOf\":{\"@id\":\"https:\/\/vieassociative.be\/actualites\/la-commission-de-controle-des-langues-confirme-une-violation-de-la-loi-en-labsence-de-lapplication-my-bpost\/\"},\"author\":{\"name\":\"Julien\",\"@id\":\"https:\/\/vieassociative.be\/actualites\/#\/schema\/person\/b87ac4f82f9d4e7b7cec7395b679edc4\"},\"headline\":\"La Commission de contr\u00f4le des langues confirme une violation de la loi en l&rsquo;absence de l&rsquo;application \u00ab\u00a0My BPOST\u00a0\u00bb\",\"datePublished\":\"2025-05-01T14:17:37+00:00\",\"dateModified\":\"2025-05-01T14:17:37+00:00\",\"mainEntityOfPage\":{\"@id\":\"https:\/\/vieassociative.be\/actualites\/la-commission-de-controle-des-langues-confirme-une-violation-de-la-loi-en-labsence-de-lapplication-my-bpost\/\"},\"wordCount\":355,\"publisher\":{\"@id\":\"https:\/\/vieassociative.be\/actualites\/#organization\"},\"image\":{\"@id\":\"https:\/\/vieassociative.be\/actualites\/la-commission-de-controle-des-langues-confirme-une-violation-de-la-loi-en-labsence-de-lapplication-my-bpost\/#primaryimage\"},\"thumbnailUrl\":\"https:\/\/vieassociative.be\/actualites\/wp-content\/uploads\/2025\/05\/La-Commission-de-controle-des-langues-confirme-une-violation-de.jpeg\",\"keywords\":[\"BPOST\",\"Commission\",\"confirm\u00e9\",\"contr\u00f4le\",\"Des\",\"labsence\",\"langues\",\"lapplication\",\"loi\",\"une\",\"violation\"],\"articleSection\":[\"Belgique\"],\"inLanguage\":\"fr-BE\"},{\"@type\":\"WebPage\",\"@id\":\"https:\/\/vieassociative.be\/actualites\/la-commission-de-controle-des-langues-confirme-une-violation-de-la-loi-en-labsence-de-lapplication-my-bpost\/\",\"url\":\"https:\/\/vieassociative.be\/actualites\/la-commission-de-controle-des-langues-confirme-une-violation-de-la-loi-en-labsence-de-lapplication-my-bpost\/\",\"name\":\"La Commission de contr\u00f4le des langues confirme une violation de la loi en l'absence de l'application \\\"My BPOST\\\" | Vie Associative\",\"isPartOf\":{\"@id\":\"https:\/\/vieassociative.be\/actualites\/#website\"},\"primaryImageOfPage\":{\"@id\":\"https:\/\/vieassociative.be\/actualites\/la-commission-de-controle-des-langues-confirme-une-violation-de-la-loi-en-labsence-de-lapplication-my-bpost\/#primaryimage\"},\"image\":{\"@id\":\"https:\/\/vieassociative.be\/actualites\/la-commission-de-controle-des-langues-confirme-une-violation-de-la-loi-en-labsence-de-lapplication-my-bpost\/#primaryimage\"},\"thumbnailUrl\":\"https:\/\/vieassociative.be\/actualites\/wp-content\/uploads\/2025\/05\/La-Commission-de-controle-des-langues-confirme-une-violation-de.jpeg\",\"datePublished\":\"2025-05-01T14:17:37+00:00\",\"dateModified\":\"2025-05-01T14:17:37+00:00\",\"breadcrumb\":{\"@id\":\"https:\/\/vieassociative.be\/actualites\/la-commission-de-controle-des-langues-confirme-une-violation-de-la-loi-en-labsence-de-lapplication-my-bpost\/#breadcrumb\"},\"inLanguage\":\"fr-BE\",\"potentialAction\":[{\"@type\":\"ReadAction\",\"target\":[\"https:\/\/vieassociative.be\/actualites\/la-commission-de-controle-des-langues-confirme-une-violation-de-la-loi-en-labsence-de-lapplication-my-bpost\/\"]}]},{\"@type\":\"ImageObject\",\"inLanguage\":\"fr-BE\",\"@id\":\"https:\/\/vieassociative.be\/actualites\/la-commission-de-controle-des-langues-confirme-une-violation-de-la-loi-en-labsence-de-lapplication-my-bpost\/#primaryimage\",\"url\":\"https:\/\/vieassociative.be\/actualites\/wp-content\/uploads\/2025\/05\/La-Commission-de-controle-des-langues-confirme-une-violation-de.jpeg\",\"contentUrl\":\"https:\/\/vieassociative.be\/actualites\/wp-content\/uploads\/2025\/05\/La-Commission-de-controle-des-langues-confirme-une-violation-de.jpeg\",\"width\":1200,\"height\":807,\"caption\":\"La Commission de contr\u00f4le des langues confirme une violation de la loi en l'absence de l'application \\\"My BPOST\\\"\"},{\"@type\":\"BreadcrumbList\",\"@id\":\"https:\/\/vieassociative.be\/actualites\/la-commission-de-controle-des-langues-confirme-une-violation-de-la-loi-en-labsence-de-lapplication-my-bpost\/#breadcrumb\",\"itemListElement\":[{\"@type\":\"ListItem\",\"position\":1,\"name\":\"Accueil\",\"item\":\"https:\/\/vieassociative.be\/actualites\/\"},{\"@type\":\"ListItem\",\"position\":2,\"name\":\"La Commission de contr\u00f4le des langues confirme une violation de la loi en l&rsquo;absence de l&rsquo;application \u00ab\u00a0My BPOST\u00a0\u00bb\"}]},{\"@type\":\"WebSite\",\"@id\":\"https:\/\/vieassociative.be\/actualites\/#website\",\"url\":\"https:\/\/vieassociative.be\/actualites\/\",\"name\":\"Vie Associative\",\"description\":\"\",\"publisher\":{\"@id\":\"https:\/\/vieassociative.be\/actualites\/#organization\"},\"potentialAction\":[{\"@type\":\"SearchAction\",\"target\":{\"@type\":\"EntryPoint\",\"urlTemplate\":\"https:\/\/vieassociative.be\/actualites\/?s={search_term_string}\"},\"query-input\":{\"@type\":\"PropertyValueSpecification\",\"valueRequired\":true,\"valueName\":\"search_term_string\"}}],\"inLanguage\":\"fr-BE\"},{\"@type\":\"Organization\",\"@id\":\"https:\/\/vieassociative.be\/actualites\/#organization\",\"name\":\"Vie Associative\",\"url\":\"https:\/\/vieassociative.be\/actualites\/\",\"logo\":{\"@type\":\"ImageObject\",\"inLanguage\":\"fr-BE\",\"@id\":\"https:\/\/vieassociative.be\/actualites\/#\/schema\/logo\/image\/\",\"url\":\"https:\/\/vieassociative.be\/actualites\/wp-content\/uploads\/2024\/09\/cropped-vieassociative_favicon.ico.png\",\"contentUrl\":\"https:\/\/vieassociative.be\/actualites\/wp-content\/uploads\/2024\/09\/cropped-vieassociative_favicon.ico.png\",\"width\":512,\"height\":512,\"caption\":\"Vie Associative\"},\"image\":{\"@id\":\"https:\/\/vieassociative.be\/actualites\/#\/schema\/logo\/image\/\"}},{\"@type\":\"Person\",\"@id\":\"https:\/\/vieassociative.be\/actualites\/#\/schema\/person\/b87ac4f82f9d4e7b7cec7395b679edc4\",\"name\":\"Julien\",\"image\":{\"@type\":\"ImageObject\",\"inLanguage\":\"fr-BE\",\"@id\":\"https:\/\/vieassociative.be\/actualites\/#\/schema\/person\/image\/\",\"url\":\"https:\/\/vieassociative.be\/actualites\/wp-content\/uploads\/2024\/09\/vie-associative-1-150x150.jpg\",\"contentUrl\":\"https:\/\/vieassociative.be\/actualites\/wp-content\/uploads\/2024\/09\/vie-associative-1-150x150.jpg\",\"caption\":\"Julien\"},\"description\":\"Je suis Julien, r\u00e9dacteur pour Vie Associative. Passionn\u00e9 par le monde associatif depuis plus de 10 ans, j'ai \u00e0 c\u0153ur de partager des histoires inspirantes et de mettre en lumi\u00e8re les initiatives locales. Mon objectif est de sensibiliser et d'encourager l'engagement communautaire \u00e0 travers mes articles.\",\"sameAs\":[\"https:\/\/vieassociative.be\/\"]}]}<\/script>\n<!-- \/ Yoast SEO plugin. -->","yoast_head_json":{"title":"La Commission de contr\u00f4le des langues confirme une violation de la loi en l'absence de l'application \"My BPOST\" | Vie Associative","robots":{"index":"index","follow":"follow","max-snippet":"max-snippet:-1","max-image-preview":"max-image-preview:large","max-video-preview":"max-video-preview:-1"},"canonical":"https:\/\/vieassociative.be\/actualites\/la-commission-de-controle-des-langues-confirme-une-violation-de-la-loi-en-labsence-de-lapplication-my-bpost\/","og_locale":"fr_FR","og_type":"article","og_title":"La Commission de contr\u00f4le des langues confirme une violation de la loi en l'absence de l'application \"My BPOST\" | Vie Associative","og_description":"Le Premier ministre DG Oliver Paasch (Prodg) a de nouveau demand\u00e9 au Belgian Post (BPOST) de rendre le contenu de son application \u00ab\u00a0My BPOST\u00a0\u00bb disponible","og_url":"https:\/\/vieassociative.be\/actualites\/la-commission-de-controle-des-langues-confirme-une-violation-de-la-loi-en-labsence-de-lapplication-my-bpost\/","og_site_name":"Vie Associative","article_published_time":"2025-05-01T14:17:37+00:00","og_image":[{"width":279,"height":92,"url":"https:\/\/vieassociative.be\/actualites\/wp-content\/uploads\/2024\/09\/header_backgroundk-01-e1726694325946.png","type":"image\/png"}],"author":"Julien","twitter_card":"summary_large_image","twitter_misc":{"\u00c9crit par":"Julien","Dur\u00e9e de lecture est.":"2 minutes"},"schema":{"@context":"https:\/\/schema.org","@graph":[{"@type":"Article","@id":"https:\/\/vieassociative.be\/actualites\/la-commission-de-controle-des-langues-confirme-une-violation-de-la-loi-en-labsence-de-lapplication-my-bpost\/#article","isPartOf":{"@id":"https:\/\/vieassociative.be\/actualites\/la-commission-de-controle-des-langues-confirme-une-violation-de-la-loi-en-labsence-de-lapplication-my-bpost\/"},"author":{"name":"Julien","@id":"https:\/\/vieassociative.be\/actualites\/#\/schema\/person\/b87ac4f82f9d4e7b7cec7395b679edc4"},"headline":"La Commission de contr\u00f4le des langues confirme une violation de la loi en l&rsquo;absence de l&rsquo;application \u00ab\u00a0My BPOST\u00a0\u00bb","datePublished":"2025-05-01T14:17:37+00:00","dateModified":"2025-05-01T14:17:37+00:00","mainEntityOfPage":{"@id":"https:\/\/vieassociative.be\/actualites\/la-commission-de-controle-des-langues-confirme-une-violation-de-la-loi-en-labsence-de-lapplication-my-bpost\/"},"wordCount":355,"publisher":{"@id":"https:\/\/vieassociative.be\/actualites\/#organization"},"image":{"@id":"https:\/\/vieassociative.be\/actualites\/la-commission-de-controle-des-langues-confirme-une-violation-de-la-loi-en-labsence-de-lapplication-my-bpost\/#primaryimage"},"thumbnailUrl":"https:\/\/vieassociative.be\/actualites\/wp-content\/uploads\/2025\/05\/La-Commission-de-controle-des-langues-confirme-une-violation-de.jpeg","keywords":["BPOST","Commission","confirm\u00e9","contr\u00f4le","Des","labsence","langues","lapplication","loi","une","violation"],"articleSection":["Belgique"],"inLanguage":"fr-BE"},{"@type":"WebPage","@id":"https:\/\/vieassociative.be\/actualites\/la-commission-de-controle-des-langues-confirme-une-violation-de-la-loi-en-labsence-de-lapplication-my-bpost\/","url":"https:\/\/vieassociative.be\/actualites\/la-commission-de-controle-des-langues-confirme-une-violation-de-la-loi-en-labsence-de-lapplication-my-bpost\/","name":"La Commission de contr\u00f4le des langues confirme une violation de la loi en l'absence de l'application \"My BPOST\" | Vie Associative","isPartOf":{"@id":"https:\/\/vieassociative.be\/actualites\/#website"},"primaryImageOfPage":{"@id":"https:\/\/vieassociative.be\/actualites\/la-commission-de-controle-des-langues-confirme-une-violation-de-la-loi-en-labsence-de-lapplication-my-bpost\/#primaryimage"},"image":{"@id":"https:\/\/vieassociative.be\/actualites\/la-commission-de-controle-des-langues-confirme-une-violation-de-la-loi-en-labsence-de-lapplication-my-bpost\/#primaryimage"},"thumbnailUrl":"https:\/\/vieassociative.be\/actualites\/wp-content\/uploads\/2025\/05\/La-Commission-de-controle-des-langues-confirme-une-violation-de.jpeg","datePublished":"2025-05-01T14:17:37+00:00","dateModified":"2025-05-01T14:17:37+00:00","breadcrumb":{"@id":"https:\/\/vieassociative.be\/actualites\/la-commission-de-controle-des-langues-confirme-une-violation-de-la-loi-en-labsence-de-lapplication-my-bpost\/#breadcrumb"},"inLanguage":"fr-BE","potentialAction":[{"@type":"ReadAction","target":["https:\/\/vieassociative.be\/actualites\/la-commission-de-controle-des-langues-confirme-une-violation-de-la-loi-en-labsence-de-lapplication-my-bpost\/"]}]},{"@type":"ImageObject","inLanguage":"fr-BE","@id":"https:\/\/vieassociative.be\/actualites\/la-commission-de-controle-des-langues-confirme-une-violation-de-la-loi-en-labsence-de-lapplication-my-bpost\/#primaryimage","url":"https:\/\/vieassociative.be\/actualites\/wp-content\/uploads\/2025\/05\/La-Commission-de-controle-des-langues-confirme-une-violation-de.jpeg","contentUrl":"https:\/\/vieassociative.be\/actualites\/wp-content\/uploads\/2025\/05\/La-Commission-de-controle-des-langues-confirme-une-violation-de.jpeg","width":1200,"height":807,"caption":"La Commission de contr\u00f4le des langues confirme une violation de la loi en l'absence de l'application \"My BPOST\""},{"@type":"BreadcrumbList","@id":"https:\/\/vieassociative.be\/actualites\/la-commission-de-controle-des-langues-confirme-une-violation-de-la-loi-en-labsence-de-lapplication-my-bpost\/#breadcrumb","itemListElement":[{"@type":"ListItem","position":1,"name":"Accueil","item":"https:\/\/vieassociative.be\/actualites\/"},{"@type":"ListItem","position":2,"name":"La Commission de contr\u00f4le des langues confirme une violation de la loi en l&rsquo;absence de l&rsquo;application \u00ab\u00a0My BPOST\u00a0\u00bb"}]},{"@type":"WebSite","@id":"https:\/\/vieassociative.be\/actualites\/#website","url":"https:\/\/vieassociative.be\/actualites\/","name":"Vie Associative","description":"","publisher":{"@id":"https:\/\/vieassociative.be\/actualites\/#organization"},"potentialAction":[{"@type":"SearchAction","target":{"@type":"EntryPoint","urlTemplate":"https:\/\/vieassociative.be\/actualites\/?s={search_term_string}"},"query-input":{"@type":"PropertyValueSpecification","valueRequired":true,"valueName":"search_term_string"}}],"inLanguage":"fr-BE"},{"@type":"Organization","@id":"https:\/\/vieassociative.be\/actualites\/#organization","name":"Vie Associative","url":"https:\/\/vieassociative.be\/actualites\/","logo":{"@type":"ImageObject","inLanguage":"fr-BE","@id":"https:\/\/vieassociative.be\/actualites\/#\/schema\/logo\/image\/","url":"https:\/\/vieassociative.be\/actualites\/wp-content\/uploads\/2024\/09\/cropped-vieassociative_favicon.ico.png","contentUrl":"https:\/\/vieassociative.be\/actualites\/wp-content\/uploads\/2024\/09\/cropped-vieassociative_favicon.ico.png","width":512,"height":512,"caption":"Vie Associative"},"image":{"@id":"https:\/\/vieassociative.be\/actualites\/#\/schema\/logo\/image\/"}},{"@type":"Person","@id":"https:\/\/vieassociative.be\/actualites\/#\/schema\/person\/b87ac4f82f9d4e7b7cec7395b679edc4","name":"Julien","image":{"@type":"ImageObject","inLanguage":"fr-BE","@id":"https:\/\/vieassociative.be\/actualites\/#\/schema\/person\/image\/","url":"https:\/\/vieassociative.be\/actualites\/wp-content\/uploads\/2024\/09\/vie-associative-1-150x150.jpg","contentUrl":"https:\/\/vieassociative.be\/actualites\/wp-content\/uploads\/2024\/09\/vie-associative-1-150x150.jpg","caption":"Julien"},"description":"Je suis Julien, r\u00e9dacteur pour Vie Associative. Passionn\u00e9 par le monde associatif depuis plus de 10 ans, j'ai \u00e0 c\u0153ur de partager des histoires inspirantes et de mettre en lumi\u00e8re les initiatives locales. Mon objectif est de sensibiliser et d'encourager l'engagement communautaire \u00e0 travers mes articles.","sameAs":["https:\/\/vieassociative.be\/"]}]}},"_links":{"self":[{"href":"https:\/\/vieassociative.be\/actualites\/wp-json\/wp\/v2\/posts\/7202"}],"collection":[{"href":"https:\/\/vieassociative.be\/actualites\/wp-json\/wp\/v2\/posts"}],"about":[{"href":"https:\/\/vieassociative.be\/actualites\/wp-json\/wp\/v2\/types\/post"}],"author":[{"embeddable":true,"href":"https:\/\/vieassociative.be\/actualites\/wp-json\/wp\/v2\/users\/1"}],"replies":[{"embeddable":true,"href":"https:\/\/vieassociative.be\/actualites\/wp-json\/wp\/v2\/comments?post=7202"}],"version-history":[{"count":0,"href":"https:\/\/vieassociative.be\/actualites\/wp-json\/wp\/v2\/posts\/7202\/revisions"}],"wp:featuredmedia":[{"embeddable":true,"href":"https:\/\/vieassociative.be\/actualites\/wp-json\/wp\/v2\/media\/7203"}],"wp:attachment":[{"href":"https:\/\/vieassociative.be\/actualites\/wp-json\/wp\/v2\/media?parent=7202"}],"wp:term":[{"taxonomy":"category","embeddable":true,"href":"https:\/\/vieassociative.be\/actualites\/wp-json\/wp\/v2\/categories?post=7202"},{"taxonomy":"post_tag","embeddable":true,"href":"https:\/\/vieassociative.be\/actualites\/wp-json\/wp\/v2\/tags?post=7202"}],"curies":[{"name":"wp","href":"https:\/\/api.w.org\/{rel}","templated":true}]}}