{"id":7200,"date":"2025-05-01T15:18:48","date_gmt":"2025-05-01T13:18:48","guid":{"rendered":"https:\/\/vieassociative.be\/actualites\/ce-haut-parleur-bluetooth-portable-coute-37-en-ce-moment\/"},"modified":"2025-05-01T15:18:48","modified_gmt":"2025-05-01T13:18:48","slug":"ce-haut-parleur-bluetooth-portable-coute-37-en-ce-moment","status":"publish","type":"post","link":"https:\/\/vieassociative.be\/actualites\/ce-haut-parleur-bluetooth-portable-coute-37-en-ce-moment\/","title":{"rendered":"Ce haut-parleur Bluetooth portable co\u00fbte 37 $ en ce moment"},"content":{"rendered":"<div class=\"mt-4 leading-6 md:mb-8\">Un haut-parleur Bluetooth compact et imperm\u00e9able qui peut survivre \u00e0 une journ\u00e9e de plage ou \u00e0 une randonn\u00e9e en montagne.<\/div>\n<p><\/p>\n<p>Les oreilles ultimes Wonderboom Play empruntent la m\u00eame conception compacte compacte que les mod\u00e8les les plus chers de la marque, comme le Wonderboom 4, mais reprennent quelques fonctionnalit\u00e9s cl\u00e9s pour atteindre un prix inf\u00e9rieur. Actuellement \u00e0 36,99 $ sur Woot &#8211; son prix le plus bas \u00e0 ce jour selon les trackers des prix et bien en dessous du prix de la liste de 89,99 $ (et 59,49 $ sur Amazon) &#8211; cette transaction se d\u00e9roule pendant deux jours ou jusqu&rsquo;\u00e0 ce qu&rsquo;elle se vende. <\/p>\n<div class=\"pogoClear mb-12 mt-10 rounded-md border-2 border-gray-100 py-7 shadow-xl md:py-6\">\n<div class=\"flex flex-wrap justify-between px-7 text-black no-underline md:flex-nowrap md:px-8\">\n<div class=\"order-1 mx-auto flex flex-col justify-center md:order-2 md:ml-4 md:w-full md:grow\">\n<div class=\"block cursor-pointer text-center font-akshar text-2xl font-medium leading-7 text-brand-green duration-200 ease-in-out hover:text-brand-green-700 md:text-left md:text-xl md:leading-6\">Ultimate Ears Wonderboom Play\n                <\/div>\n<div class=\"mt-4 hidden md:flex md:justify-between\">\n<div class=\"self-end\">\n<div class=\"mb-0 h-11 md:flex md:flex-col md:justify-center\">\n<div class=\" font-sans leading-4 text-black\">\n<div class=\"flex flex-wrap items-center justify-center gap-x-1 md:justify-start\">\n        <span class=\"font-bold\"><\/p>\n<p>            36,99 $<br \/>\n                            <span class=\"font-medium\">\u00e0 Woot<\/span><br \/>\n                    <\/span>\n            <\/div>\n<div class=\"flex items-center justify-center gap-x-1 font-bold md:justify-start\">\n            <span class=\"text-sm line-through\">89,99 $<\/span><br \/>\n            <span class=\"text-sm text-brand-green\">\u00c9conomisez 53,00 $<\/span>\n        <\/div>\n<\/p><\/div>\n<\/p><\/div>\n<\/p><\/div>\n<div class=\"w-44 self-end\">\n                            <button class=\"flex justify-center items-center w-full bg-brand-green text-white text-base font-sans font-medium rounded-md hover:bg-brand-green-700 hover:cursor-pointer md:text-sm h-11\"><\/p>\n<p>    Conclure un accord<br \/>\n<\/button>\n                        <\/div>\n<\/p><\/div>\n<\/p><\/div>\n<div class=\"order-2 mt-5 h-auto w-full md:order-1 md:mt-0 md:hidden\">\n<div class=\"flex aspect-video items-center justify-center\">\n                                            <img decoding=\"async\" class=\"m-0 max-h-full max-w-full rounded-md\" src=\"https:\/\/vieassociative.be\/actualites\/wp-content\/uploads\/2025\/05\/Ce-haut-parleur-Bluetooth-portable-coute-37-en-ce-moment.png\" alt=\"Ultimate Ears Wonderboom Play\" width=\"auto\" height=\"auto\" loading=\"lazy\">\n                                    <\/div>\n<\/p><\/div>\n<div class=\"order-2 ml-2 hidden w-32 shrink-0 items-center md:order-1 md:ml-0 md:flex\">\n<div class=\"flex aspect-video items-center justify-center\">\n                                            <img decoding=\"async\" class=\"m-0 max-h-full max-w-full rounded-md\" src=\"https:\/\/vieassociative.be\/actualites\/wp-content\/uploads\/2025\/05\/Ce-haut-parleur-Bluetooth-portable-coute-37-en-ce-moment.png\" alt=\"Ultimate Ears Wonderboom Play\" width=\"auto\" height=\"auto\" loading=\"lazy\">\n                                    <\/div>\n<\/p><\/div>\n<div class=\"order-3 flex grow flex-wrap md:hidden md:grow-0\">\n<div class=\"mt-4 w-full\">\n                        <button class=\"flex justify-center items-center w-full bg-brand-green text-white text-base font-sans font-medium rounded-md hover:bg-brand-green-700 hover:cursor-pointer md:text-sm h-11\"><\/p>\n<p>    Conclure un accord<br \/>\n<\/button>\n                    <\/div>\n<div class=\"mx-2 mt-4 w-full\">\n<div class=\" font-sans leading-4 text-black\">\n<div class=\"flex flex-wrap items-center justify-center gap-x-1 md:justify-start\">\n        <span class=\"font-bold\"><\/p>\n<p>            36,99 $<br \/>\n                            <span class=\"font-medium\">\u00e0 Woot<\/span><br \/>\n                    <\/span>\n            <\/div>\n<div class=\"flex items-center justify-center gap-x-1 font-bold md:justify-start\">\n            <span class=\"text-sm line-through\">89,99 $<\/span><br \/>\n            <span class=\"text-sm text-brand-green\">\u00c9conomisez 53,00 $<\/span>\n        <\/div>\n<\/p><\/div>\n<\/p><\/div>\n<\/p><\/div>\n<\/p><\/div>\n<\/div>\n<p>Malgr\u00e9 le prix bas, il conserve la durabilit\u00e9 de la signature IP67, ce qui signifie qu&rsquo;il peut g\u00e9rer la poussi\u00e8re, les \u00e9claboussures et m\u00eame les courts baisses d&rsquo;eau. Et avec plus de 14 heures d&rsquo;autonomie test\u00e9e, elle est construite pour durer pendant les sorties d&rsquo;une journ\u00e9e.<\/p>\n<p>Fonctionnellement, il est d\u00e9pouill\u00e9. Il n&rsquo;y a pas de jumelage st\u00e9r\u00e9o sophistiqu\u00e9, de pr\u00e9r\u00e9glages EQ ou d&rsquo;assistant. Vous obtenez un seul haut-parleur mono, pas d&rsquo;application compagnon et pas de micro. La disposition de contr\u00f4le est cependant intuitive, avec des boutons de volume mont\u00e9s sur le haut qui sont faciles \u00e0 utiliser m\u00eame si vous avez la sangle en boucle autour de votre main. Il facture via USB-C et s&rsquo;allonge apr\u00e8s 15 minutes d&rsquo;inactivit\u00e9, ce qui aide \u00e0 \u00e9tirer cette dur\u00e9e de vie de la batterie d\u00e9j\u00e0 g\u00e9n\u00e9reuse. En ce qui concerne la construction, le jeu Wonderboom est solide. La conception est clairement destin\u00e9e aux voyages, et la sangle \u00e9lastique est suffisamment \u00e9paisse pour s&rsquo;accrocher sur un sac \u00e0 dos ou une boucle de ceinture sans souci.<\/p>\n<div class=\"pogoClear relative my-10 border-b-(1.5px) border-t-(1.5px) border-dashed border-black py-5 sm:my-14 sm:border-0 sm:py-0\" data-ga-click data-ga-template=\"Deals\" data-ga-module=\"openweb_widget\" data-ga-element=\"openweb_scroll\" data-ga-item=\"openweb_scroll_midpage\" x-cloak x-data=\"{ commentsCount: null, hasComments: false }\" x-init=\"commentsCount = await window.openweb.getMessagesCount(01JT556PNNDJDSRDTZY9YZDTVZ);\n     hasComments = commentsCount !== null &amp;&amp; commentsCount &gt; 0\"><\/p>\n<div class=\"absolute top-1\/2 hidden w-full -translate-y-1\/2 border-t-(1.5px) border-dashed border-black sm:block\"><\/div>\n<div class=\"relative flex justify-center\">\n<div class=\"flex max-w-max items-center gap-x-3 bg-white px-5\">\n<div class=\"relative\">\n                <span class=\"absolute left-1\/2 top-1\/2 -translate-x-1\/2 -translate-y-1\/2 font-akshar text-sm font-medium text-black\" x-show=\"hasComments\" x-text=\"commentsCount\"><\/span><\/p>\n<p>                <svg class=\"h-8 w-8 text-black\">\n                    <use href=\"http:\/\/lifehacker.com\/images\/icons\/spritemap.svg#sprite-chat-bubble\"><\/use>\n                <\/svg>\n            <\/div>\n<p>            <span class=\"text-sm font-medium text-black\"><\/p>\n<p>                Que pensez-vous jusqu&rsquo;\u00e0 pr\u00e9sent?<br \/>\n                <button class=\"font-semibold text-brand-green underline hover:text-brand-green-700\" onclick=\"window.openweb.scrollToComments('01JT556PNNDJDSRDTZY9YZDTVZ')\" x-text=\"hasComments ? 'Post a comment.' : 'Be the first to post a comment.'\"><\/button><br \/>\n            <\/span>\n        <\/div>\n<\/p><\/div>\n<\/div>\n<p>Maintenant, \u00e0 propos du son. Si vous vous attendez \u00e0 des audio riches \u00e0 360 degr\u00e9s, ce n&rsquo;est probablement pas l&rsquo;orateur pour vous. La configuration \u00e0 pilotage unique signifie que le son est directionnel &#8211; trop \u00e9loign\u00e9 sur le c\u00f4t\u00e9, et vous remarquerez la chute de clart\u00e9. Il ne devient pas tr\u00e8s fort et commencerait \u00e0 compresser si vous poussez le volume trop \u00e9lev\u00e9. Cela le rend moins id\u00e9al pour les f\u00eates ou les grands lieux de rencontre en plein air o\u00f9 plusieurs personnes \u00e9coutent sous diff\u00e9rents angles. Si vous voulez juste quelque chose de abordable et robuste pour l&rsquo;\u00e9coute de base sans jouer avec des applications ou des personnalisations, cela pourrait valoir la peine d&rsquo;\u00eatre consid\u00e9r\u00e9. Sinon, si vous vous souciez du son complet ou du punch de volume, quelque chose comme le JBL Flip 6 pourrait faire une bonne alternative.<\/p>\n","protected":false},"excerpt":{"rendered":"<p>Un haut-parleur Bluetooth compact et imperm\u00e9able qui peut survivre \u00e0 une journ\u00e9e de plage ou \u00e0 une randonn\u00e9e en montagne. Les oreilles ultimes Wonderboom Play<\/p>\n","protected":false},"author":1,"featured_media":7201,"comment_status":"","ping_status":"","sticky":false,"template":"","format":"standard","meta":{"footnotes":""},"categories":[13],"tags":[5248,1122,3545,1429,170],"class_list":["post-7200","post","type-post","status-publish","format-standard","has-post-thumbnail","hentry","category-technologie","tag-bluetooth","tag-coute","tag-hautparleur","tag-moment","tag-portable","generate-columns","tablet-grid-50","mobile-grid-100","grid-parent","grid-33"],"yoast_head":"<!-- This site is optimized with the Yoast SEO plugin v24.0 - https:\/\/yoast.com\/wordpress\/plugins\/seo\/ -->\n<title>Ce haut-parleur Bluetooth portable co\u00fbte 37 $ en ce moment | Vie Associative<\/title>\n<meta name=\"robots\" content=\"index, follow, max-snippet:-1, max-image-preview:large, max-video-preview:-1\" \/>\n<link rel=\"canonical\" href=\"https:\/\/vieassociative.be\/actualites\/ce-haut-parleur-bluetooth-portable-coute-37-en-ce-moment\/\" \/>\n<meta property=\"og:locale\" content=\"fr_FR\" \/>\n<meta property=\"og:type\" content=\"article\" \/>\n<meta property=\"og:title\" content=\"Ce haut-parleur Bluetooth portable co\u00fbte 37 $ en ce moment | Vie Associative\" \/>\n<meta property=\"og:description\" content=\"Un haut-parleur Bluetooth compact et imperm\u00e9able qui peut survivre \u00e0 une journ\u00e9e de plage ou \u00e0 une randonn\u00e9e en montagne. Les oreilles ultimes Wonderboom Play\" \/>\n<meta property=\"og:url\" content=\"https:\/\/vieassociative.be\/actualites\/ce-haut-parleur-bluetooth-portable-coute-37-en-ce-moment\/\" \/>\n<meta property=\"og:site_name\" content=\"Vie Associative\" \/>\n<meta property=\"article:published_time\" content=\"2025-05-01T13:18:48+00:00\" \/>\n<meta property=\"og:image\" content=\"https:\/\/vieassociative.be\/actualites\/wp-content\/uploads\/2025\/05\/Ce-haut-parleur-Bluetooth-portable-coute-37-en-ce-moment.png\" \/>\n<meta name=\"author\" content=\"Julien\" \/>\n<meta name=\"twitter:card\" content=\"summary_large_image\" \/>\n<meta name=\"twitter:label1\" content=\"\u00c9crit par\" \/>\n\t<meta name=\"twitter:data1\" content=\"Julien\" \/>\n\t<meta name=\"twitter:label2\" content=\"Dur\u00e9e de lecture est.\" \/>\n\t<meta name=\"twitter:data2\" content=\"2 minutes\" \/>\n<script type=\"application\/ld+json\" class=\"yoast-schema-graph\">{\"@context\":\"https:\/\/schema.org\",\"@graph\":[{\"@type\":\"Article\",\"@id\":\"https:\/\/vieassociative.be\/actualites\/ce-haut-parleur-bluetooth-portable-coute-37-en-ce-moment\/#article\",\"isPartOf\":{\"@id\":\"https:\/\/vieassociative.be\/actualites\/ce-haut-parleur-bluetooth-portable-coute-37-en-ce-moment\/\"},\"author\":{\"name\":\"Julien\",\"@id\":\"https:\/\/vieassociative.be\/actualites\/#\/schema\/person\/b87ac4f82f9d4e7b7cec7395b679edc4\"},\"headline\":\"Ce haut-parleur Bluetooth portable co\u00fbte 37 $ en ce moment\",\"datePublished\":\"2025-05-01T13:18:48+00:00\",\"dateModified\":\"2025-05-01T13:18:48+00:00\",\"mainEntityOfPage\":{\"@id\":\"https:\/\/vieassociative.be\/actualites\/ce-haut-parleur-bluetooth-portable-coute-37-en-ce-moment\/\"},\"wordCount\":474,\"publisher\":{\"@id\":\"https:\/\/vieassociative.be\/actualites\/#organization\"},\"image\":{\"@id\":\"https:\/\/vieassociative.be\/actualites\/ce-haut-parleur-bluetooth-portable-coute-37-en-ce-moment\/#primaryimage\"},\"thumbnailUrl\":\"https:\/\/vieassociative.be\/actualites\/wp-content\/uploads\/2025\/05\/1746105528_Ce-haut-parleur-Bluetooth-portable-coute-37-en-ce-moment.png\",\"keywords\":[\"Bluetooth\",\"co\u00fbte\",\"hautparleur\",\"moment\",\"portable\"],\"articleSection\":[\"Technologie\"],\"inLanguage\":\"fr-BE\"},{\"@type\":\"WebPage\",\"@id\":\"https:\/\/vieassociative.be\/actualites\/ce-haut-parleur-bluetooth-portable-coute-37-en-ce-moment\/\",\"url\":\"https:\/\/vieassociative.be\/actualites\/ce-haut-parleur-bluetooth-portable-coute-37-en-ce-moment\/\",\"name\":\"Ce haut-parleur Bluetooth portable co\u00fbte 37 $ en ce moment | Vie Associative\",\"isPartOf\":{\"@id\":\"https:\/\/vieassociative.be\/actualites\/#website\"},\"primaryImageOfPage\":{\"@id\":\"https:\/\/vieassociative.be\/actualites\/ce-haut-parleur-bluetooth-portable-coute-37-en-ce-moment\/#primaryimage\"},\"image\":{\"@id\":\"https:\/\/vieassociative.be\/actualites\/ce-haut-parleur-bluetooth-portable-coute-37-en-ce-moment\/#primaryimage\"},\"thumbnailUrl\":\"https:\/\/vieassociative.be\/actualites\/wp-content\/uploads\/2025\/05\/1746105528_Ce-haut-parleur-Bluetooth-portable-coute-37-en-ce-moment.png\",\"datePublished\":\"2025-05-01T13:18:48+00:00\",\"dateModified\":\"2025-05-01T13:18:48+00:00\",\"breadcrumb\":{\"@id\":\"https:\/\/vieassociative.be\/actualites\/ce-haut-parleur-bluetooth-portable-coute-37-en-ce-moment\/#breadcrumb\"},\"inLanguage\":\"fr-BE\",\"potentialAction\":[{\"@type\":\"ReadAction\",\"target\":[\"https:\/\/vieassociative.be\/actualites\/ce-haut-parleur-bluetooth-portable-coute-37-en-ce-moment\/\"]}]},{\"@type\":\"ImageObject\",\"inLanguage\":\"fr-BE\",\"@id\":\"https:\/\/vieassociative.be\/actualites\/ce-haut-parleur-bluetooth-portable-coute-37-en-ce-moment\/#primaryimage\",\"url\":\"https:\/\/vieassociative.be\/actualites\/wp-content\/uploads\/2025\/05\/1746105528_Ce-haut-parleur-Bluetooth-portable-coute-37-en-ce-moment.png\",\"contentUrl\":\"https:\/\/vieassociative.be\/actualites\/wp-content\/uploads\/2025\/05\/1746105528_Ce-haut-parleur-Bluetooth-portable-coute-37-en-ce-moment.png\",\"width\":1200,\"height\":675,\"caption\":\"Ce haut-parleur Bluetooth portable co\u00fbte 37 $ en ce moment\"},{\"@type\":\"BreadcrumbList\",\"@id\":\"https:\/\/vieassociative.be\/actualites\/ce-haut-parleur-bluetooth-portable-coute-37-en-ce-moment\/#breadcrumb\",\"itemListElement\":[{\"@type\":\"ListItem\",\"position\":1,\"name\":\"Accueil\",\"item\":\"https:\/\/vieassociative.be\/actualites\/\"},{\"@type\":\"ListItem\",\"position\":2,\"name\":\"Ce haut-parleur Bluetooth portable co\u00fbte 37 $ en ce moment\"}]},{\"@type\":\"WebSite\",\"@id\":\"https:\/\/vieassociative.be\/actualites\/#website\",\"url\":\"https:\/\/vieassociative.be\/actualites\/\",\"name\":\"Vie Associative\",\"description\":\"\",\"publisher\":{\"@id\":\"https:\/\/vieassociative.be\/actualites\/#organization\"},\"potentialAction\":[{\"@type\":\"SearchAction\",\"target\":{\"@type\":\"EntryPoint\",\"urlTemplate\":\"https:\/\/vieassociative.be\/actualites\/?s={search_term_string}\"},\"query-input\":{\"@type\":\"PropertyValueSpecification\",\"valueRequired\":true,\"valueName\":\"search_term_string\"}}],\"inLanguage\":\"fr-BE\"},{\"@type\":\"Organization\",\"@id\":\"https:\/\/vieassociative.be\/actualites\/#organization\",\"name\":\"Vie Associative\",\"url\":\"https:\/\/vieassociative.be\/actualites\/\",\"logo\":{\"@type\":\"ImageObject\",\"inLanguage\":\"fr-BE\",\"@id\":\"https:\/\/vieassociative.be\/actualites\/#\/schema\/logo\/image\/\",\"url\":\"https:\/\/vieassociative.be\/actualites\/wp-content\/uploads\/2024\/09\/cropped-vieassociative_favicon.ico.png\",\"contentUrl\":\"https:\/\/vieassociative.be\/actualites\/wp-content\/uploads\/2024\/09\/cropped-vieassociative_favicon.ico.png\",\"width\":512,\"height\":512,\"caption\":\"Vie Associative\"},\"image\":{\"@id\":\"https:\/\/vieassociative.be\/actualites\/#\/schema\/logo\/image\/\"}},{\"@type\":\"Person\",\"@id\":\"https:\/\/vieassociative.be\/actualites\/#\/schema\/person\/b87ac4f82f9d4e7b7cec7395b679edc4\",\"name\":\"Julien\",\"image\":{\"@type\":\"ImageObject\",\"inLanguage\":\"fr-BE\",\"@id\":\"https:\/\/vieassociative.be\/actualites\/#\/schema\/person\/image\/\",\"url\":\"https:\/\/vieassociative.be\/actualites\/wp-content\/uploads\/2024\/09\/vie-associative-1-150x150.jpg\",\"contentUrl\":\"https:\/\/vieassociative.be\/actualites\/wp-content\/uploads\/2024\/09\/vie-associative-1-150x150.jpg\",\"caption\":\"Julien\"},\"description\":\"Je suis Julien, r\u00e9dacteur pour Vie Associative. Passionn\u00e9 par le monde associatif depuis plus de 10 ans, j'ai \u00e0 c\u0153ur de partager des histoires inspirantes et de mettre en lumi\u00e8re les initiatives locales. Mon objectif est de sensibiliser et d'encourager l'engagement communautaire \u00e0 travers mes articles.\",\"sameAs\":[\"https:\/\/vieassociative.be\/\"]}]}<\/script>\n<!-- \/ Yoast SEO plugin. -->","yoast_head_json":{"title":"Ce haut-parleur Bluetooth portable co\u00fbte 37 $ en ce moment | Vie Associative","robots":{"index":"index","follow":"follow","max-snippet":"max-snippet:-1","max-image-preview":"max-image-preview:large","max-video-preview":"max-video-preview:-1"},"canonical":"https:\/\/vieassociative.be\/actualites\/ce-haut-parleur-bluetooth-portable-coute-37-en-ce-moment\/","og_locale":"fr_FR","og_type":"article","og_title":"Ce haut-parleur Bluetooth portable co\u00fbte 37 $ en ce moment | Vie Associative","og_description":"Un haut-parleur Bluetooth compact et imperm\u00e9able qui peut survivre \u00e0 une journ\u00e9e de plage ou \u00e0 une randonn\u00e9e en montagne. Les oreilles ultimes Wonderboom Play","og_url":"https:\/\/vieassociative.be\/actualites\/ce-haut-parleur-bluetooth-portable-coute-37-en-ce-moment\/","og_site_name":"Vie Associative","article_published_time":"2025-05-01T13:18:48+00:00","og_image":[{"url":"https:\/\/vieassociative.be\/actualites\/wp-content\/uploads\/2025\/05\/Ce-haut-parleur-Bluetooth-portable-coute-37-en-ce-moment.png","type":"","width":"","height":""}],"author":"Julien","twitter_card":"summary_large_image","twitter_misc":{"\u00c9crit par":"Julien","Dur\u00e9e de lecture est.":"2 minutes"},"schema":{"@context":"https:\/\/schema.org","@graph":[{"@type":"Article","@id":"https:\/\/vieassociative.be\/actualites\/ce-haut-parleur-bluetooth-portable-coute-37-en-ce-moment\/#article","isPartOf":{"@id":"https:\/\/vieassociative.be\/actualites\/ce-haut-parleur-bluetooth-portable-coute-37-en-ce-moment\/"},"author":{"name":"Julien","@id":"https:\/\/vieassociative.be\/actualites\/#\/schema\/person\/b87ac4f82f9d4e7b7cec7395b679edc4"},"headline":"Ce haut-parleur Bluetooth portable co\u00fbte 37 $ en ce moment","datePublished":"2025-05-01T13:18:48+00:00","dateModified":"2025-05-01T13:18:48+00:00","mainEntityOfPage":{"@id":"https:\/\/vieassociative.be\/actualites\/ce-haut-parleur-bluetooth-portable-coute-37-en-ce-moment\/"},"wordCount":474,"publisher":{"@id":"https:\/\/vieassociative.be\/actualites\/#organization"},"image":{"@id":"https:\/\/vieassociative.be\/actualites\/ce-haut-parleur-bluetooth-portable-coute-37-en-ce-moment\/#primaryimage"},"thumbnailUrl":"https:\/\/vieassociative.be\/actualites\/wp-content\/uploads\/2025\/05\/1746105528_Ce-haut-parleur-Bluetooth-portable-coute-37-en-ce-moment.png","keywords":["Bluetooth","co\u00fbte","hautparleur","moment","portable"],"articleSection":["Technologie"],"inLanguage":"fr-BE"},{"@type":"WebPage","@id":"https:\/\/vieassociative.be\/actualites\/ce-haut-parleur-bluetooth-portable-coute-37-en-ce-moment\/","url":"https:\/\/vieassociative.be\/actualites\/ce-haut-parleur-bluetooth-portable-coute-37-en-ce-moment\/","name":"Ce haut-parleur Bluetooth portable co\u00fbte 37 $ en ce moment | Vie Associative","isPartOf":{"@id":"https:\/\/vieassociative.be\/actualites\/#website"},"primaryImageOfPage":{"@id":"https:\/\/vieassociative.be\/actualites\/ce-haut-parleur-bluetooth-portable-coute-37-en-ce-moment\/#primaryimage"},"image":{"@id":"https:\/\/vieassociative.be\/actualites\/ce-haut-parleur-bluetooth-portable-coute-37-en-ce-moment\/#primaryimage"},"thumbnailUrl":"https:\/\/vieassociative.be\/actualites\/wp-content\/uploads\/2025\/05\/1746105528_Ce-haut-parleur-Bluetooth-portable-coute-37-en-ce-moment.png","datePublished":"2025-05-01T13:18:48+00:00","dateModified":"2025-05-01T13:18:48+00:00","breadcrumb":{"@id":"https:\/\/vieassociative.be\/actualites\/ce-haut-parleur-bluetooth-portable-coute-37-en-ce-moment\/#breadcrumb"},"inLanguage":"fr-BE","potentialAction":[{"@type":"ReadAction","target":["https:\/\/vieassociative.be\/actualites\/ce-haut-parleur-bluetooth-portable-coute-37-en-ce-moment\/"]}]},{"@type":"ImageObject","inLanguage":"fr-BE","@id":"https:\/\/vieassociative.be\/actualites\/ce-haut-parleur-bluetooth-portable-coute-37-en-ce-moment\/#primaryimage","url":"https:\/\/vieassociative.be\/actualites\/wp-content\/uploads\/2025\/05\/1746105528_Ce-haut-parleur-Bluetooth-portable-coute-37-en-ce-moment.png","contentUrl":"https:\/\/vieassociative.be\/actualites\/wp-content\/uploads\/2025\/05\/1746105528_Ce-haut-parleur-Bluetooth-portable-coute-37-en-ce-moment.png","width":1200,"height":675,"caption":"Ce haut-parleur Bluetooth portable co\u00fbte 37 $ en ce moment"},{"@type":"BreadcrumbList","@id":"https:\/\/vieassociative.be\/actualites\/ce-haut-parleur-bluetooth-portable-coute-37-en-ce-moment\/#breadcrumb","itemListElement":[{"@type":"ListItem","position":1,"name":"Accueil","item":"https:\/\/vieassociative.be\/actualites\/"},{"@type":"ListItem","position":2,"name":"Ce haut-parleur Bluetooth portable co\u00fbte 37 $ en ce moment"}]},{"@type":"WebSite","@id":"https:\/\/vieassociative.be\/actualites\/#website","url":"https:\/\/vieassociative.be\/actualites\/","name":"Vie Associative","description":"","publisher":{"@id":"https:\/\/vieassociative.be\/actualites\/#organization"},"potentialAction":[{"@type":"SearchAction","target":{"@type":"EntryPoint","urlTemplate":"https:\/\/vieassociative.be\/actualites\/?s={search_term_string}"},"query-input":{"@type":"PropertyValueSpecification","valueRequired":true,"valueName":"search_term_string"}}],"inLanguage":"fr-BE"},{"@type":"Organization","@id":"https:\/\/vieassociative.be\/actualites\/#organization","name":"Vie Associative","url":"https:\/\/vieassociative.be\/actualites\/","logo":{"@type":"ImageObject","inLanguage":"fr-BE","@id":"https:\/\/vieassociative.be\/actualites\/#\/schema\/logo\/image\/","url":"https:\/\/vieassociative.be\/actualites\/wp-content\/uploads\/2024\/09\/cropped-vieassociative_favicon.ico.png","contentUrl":"https:\/\/vieassociative.be\/actualites\/wp-content\/uploads\/2024\/09\/cropped-vieassociative_favicon.ico.png","width":512,"height":512,"caption":"Vie Associative"},"image":{"@id":"https:\/\/vieassociative.be\/actualites\/#\/schema\/logo\/image\/"}},{"@type":"Person","@id":"https:\/\/vieassociative.be\/actualites\/#\/schema\/person\/b87ac4f82f9d4e7b7cec7395b679edc4","name":"Julien","image":{"@type":"ImageObject","inLanguage":"fr-BE","@id":"https:\/\/vieassociative.be\/actualites\/#\/schema\/person\/image\/","url":"https:\/\/vieassociative.be\/actualites\/wp-content\/uploads\/2024\/09\/vie-associative-1-150x150.jpg","contentUrl":"https:\/\/vieassociative.be\/actualites\/wp-content\/uploads\/2024\/09\/vie-associative-1-150x150.jpg","caption":"Julien"},"description":"Je suis Julien, r\u00e9dacteur pour Vie Associative. Passionn\u00e9 par le monde associatif depuis plus de 10 ans, j'ai \u00e0 c\u0153ur de partager des histoires inspirantes et de mettre en lumi\u00e8re les initiatives locales. Mon objectif est de sensibiliser et d'encourager l'engagement communautaire \u00e0 travers mes articles.","sameAs":["https:\/\/vieassociative.be\/"]}]}},"_links":{"self":[{"href":"https:\/\/vieassociative.be\/actualites\/wp-json\/wp\/v2\/posts\/7200"}],"collection":[{"href":"https:\/\/vieassociative.be\/actualites\/wp-json\/wp\/v2\/posts"}],"about":[{"href":"https:\/\/vieassociative.be\/actualites\/wp-json\/wp\/v2\/types\/post"}],"author":[{"embeddable":true,"href":"https:\/\/vieassociative.be\/actualites\/wp-json\/wp\/v2\/users\/1"}],"replies":[{"embeddable":true,"href":"https:\/\/vieassociative.be\/actualites\/wp-json\/wp\/v2\/comments?post=7200"}],"version-history":[{"count":0,"href":"https:\/\/vieassociative.be\/actualites\/wp-json\/wp\/v2\/posts\/7200\/revisions"}],"wp:featuredmedia":[{"embeddable":true,"href":"https:\/\/vieassociative.be\/actualites\/wp-json\/wp\/v2\/media\/7201"}],"wp:attachment":[{"href":"https:\/\/vieassociative.be\/actualites\/wp-json\/wp\/v2\/media?parent=7200"}],"wp:term":[{"taxonomy":"category","embeddable":true,"href":"https:\/\/vieassociative.be\/actualites\/wp-json\/wp\/v2\/categories?post=7200"},{"taxonomy":"post_tag","embeddable":true,"href":"https:\/\/vieassociative.be\/actualites\/wp-json\/wp\/v2\/tags?post=7200"}],"curies":[{"name":"wp","href":"https:\/\/api.w.org\/{rel}","templated":true}]}}