{"id":72,"date":"2024-09-19T00:07:09","date_gmt":"2024-09-18T22:07:09","guid":{"rendered":"https:\/\/vieassociative.be\/actualites\/la-theorie-de-la-relation-entre-le-golden-retriever-et-le-black-cat-de-tiktok-est-toxique\/"},"modified":"2024-12-21T13:48:38","modified_gmt":"2024-12-21T12:48:38","slug":"la-theorie-de-la-relation-entre-le-golden-retriever-et-le-black-cat-de-tiktok-est-toxique","status":"publish","type":"post","link":"https:\/\/vieassociative.be\/actualites\/la-theorie-de-la-relation-entre-le-golden-retriever-et-le-black-cat-de-tiktok-est-toxique\/","title":{"rendered":"Golden Retriever ou Black Cat : la th\u00e9orie TikTok est toxique"},"content":{"rendered":"<p class=\"mt-4 leading-6 md:mb-8\"><strong>En r\u00e9sum\u00e9 : ne suivez pas les conseils relationnels de TikTok.<\/strong><\/p>\n<p>Il existe toute une s\u00e9rie de tendances TikTok qui sont plus blessantes qu\u2019utiles. Une autre \u00e0 ajouter \u00e0 la liste : la th\u00e9orie du \u00ab petit ami golden retriever\/petite amie chat noir \u00bb. Cette tendance, qui a \u00e9t\u00e9 invent\u00e9e il y a quelques ann\u00e9es et qui a depuis continu\u00e9 \u00e0 accumuler des tonnes de vid\u00e9os sur le sujet, d\u00e9crit une relation entre un petit ami \u00ab golden retriever \u00bb qui est facile \u00e0 vivre, extraverti et qui aime sa petite amie, un \u00ab chat noir \u00bb, qui semble avoir une attitude d\u2019indiff\u00e9rence, peu r\u00e9actif et introverti. Selon TikTok, cette dynamique est celle que les couples devraient rechercher s\u2019ils veulent une relation et un mariage r\u00e9ussis.<\/p>\n<p>Une vid\u00e9o TikTok donne des exemples de mariages et de relations de c\u00e9l\u00e9brit\u00e9s qui illustrent la dynamique du petit ami \u00ab golden retriever \u00bb et de la petite amie \u00ab chat noir \u00bb, et explique pourquoi ils ont fonctionn\u00e9. Dans une autre vid\u00e9o, une utilisatrice explique que, lorsqu&rsquo;elle \u00e9tait la petite amie \u00ab golden retriever \u00bb, ses relations n&rsquo;ont jamais fonctionn\u00e9, et n&rsquo;ont fonctionn\u00e9 que lorsqu&rsquo;elle \u00e9tait la \u00ab chatte noire \u00bb.<\/p>\n<p>Selon Sarah Melancon, sociologue et sexologue, cette typologie tend \u00e0 refl\u00e9ter des st\u00e9r\u00e9otypes n\u00e9gatifs sur les hommes et les femmes en couple, mais invers\u00e9s par rapport aux normes culturelles. \u00ab De mani\u00e8re st\u00e9r\u00e9otyp\u00e9e, nous nous attendons \u00e0 ce que la femme soit plus ax\u00e9e sur la relation et d\u00e9sireuse de plaire, tandis que nous nous attendons \u00e0 ce que les hommes soient plus d\u00e9tach\u00e9s et moins dispos\u00e9s \u00e0 s&rsquo;engager ou \u00e0 nouer des liens. Quoi qu&rsquo;il en soit, lorsqu&rsquo;il y a un d\u00e9s\u00e9quilibre entre l&rsquo;int\u00e9r\u00eat et l&rsquo;effort dans une relation, celle-ci ne sera pas tr\u00e8s satisfaisante \u00bb, dit-elle.<\/p>\n<p>Quant \u00e0 la raison pour laquelle cette dynamique n&rsquo;a pas tendance \u00e0 \u00eatre la plus saine, Melancon souligne qu&rsquo;un petit ami \u00ab golden retriever \u00bb peut \u00eatre quelqu&rsquo;un qui est en fait collant, qui cherche \u00e0 plaire aux gens ou qui a un style d&rsquo;attachement anxieux, tandis que le comportement et les actions d&rsquo;une petite amie \u00ab chat noir \u00bb pourraient indiquer un manque d&rsquo;int\u00e9r\u00eat, une attitude distante ou un style d&rsquo;attachement \u00e9vitant.<\/p>\n<p>\u00ab Id\u00e9alement, nous souhaitons que nos relations soient \u00e0 double sens \u00bb, explique Melancon. \u00ab M\u00eame si les choses ne seront pas parfaitement \u00e9gales au quotidien, nous souhaitons un \u00e9quilibre raisonnable entre l&rsquo;amour et le soutien entre les deux partenaires. \u00bb<\/p>\n<p>Bien s\u00fbr, les contraires peuvent s&rsquo;attirer, et nous avons parfois tendance \u00e0 \u00eatre attir\u00e9s par des qualit\u00e9s chez les autres qui nous font d\u00e9faut, mais le risque associ\u00e9 \u00e0 une typologie golden retriever\/chat noir, explique Melancon, est que \u00ab l&rsquo;un des partenaires fasse plus d&rsquo;efforts, tandis que l&rsquo;autre peut ne m\u00eame pas sembler l&rsquo;appr\u00e9cier. Toute relation peut conna\u00eetre ces moments, mais en r\u00e8gle g\u00e9n\u00e9rale, les deux partenaires seront de plus en plus insatisfaits de la relation au fil du temps. \u00bb<\/p>\n<h2 id=\"red-flags-about-the-golden-retriever-boyfriend\">Les signaux d&rsquo;alarme concernant le petit ami \u00ab golden retriever \u00bb<\/h2>\n<p>Avoir un petit ami \u00ab golden retriever \u00bb ne se r\u00e9sume pas seulement \u00e0 \u00eatre amical et g\u00e9n\u00e9reux. Parfois, ce qui semble \u00eatre une qualit\u00e9 attirante cache en r\u00e9alit\u00e9 un probl\u00e8me plus profond qui pourrait mettre en p\u00e9ril votre relation \u00e0 long terme.<\/p>\n<ul>\n<li><strong>Il s\u2019identifie comme un \u00ab bon petit ami \u00bb. <\/strong>Il est toujours \u00e0 l&rsquo;origine de chaque message texte et de chaque rendez-vous, s&rsquo;excuse toujours et n&rsquo;assume jamais la responsabilit\u00e9, vous surprend avec des cadeaux sans aucune raison et semble tout faire \u00ab correctement \u00bb pour vous. Le probl\u00e8me ? \u00ab Vouloir \u00eatre un bon partenaire est formidable, mais vouloir \u00eatre <em>vu<\/em> \u00ab En tant que bon partenaire, la relation devient une r\u00e9ussite ou une source d&rsquo;approbation plut\u00f4t qu&rsquo;une opportunit\u00e9 d&rsquo;\u00eatre pr\u00e9sent \u00bb, explique Melancon.<\/li>\n<li><strong>Il est cod\u00e9pendant.<\/strong> Il vous envoie des textos tous les jours et il veut vous voir tous les jours. Le probl\u00e8me ? \u00ab Une relation saine permet \u00e0 chaque partenaire de s\u2019exprimer et de poursuivre ses int\u00e9r\u00eats avec un espace personnel ad\u00e9quat \u00bb, explique Melancon. \u00ab L\u2019enchev\u00eatrement fait dispara\u00eetre l\u2019espace entre \u00ab toi et moi \u00bb, ce qui entra\u00eene des sentiments de pression, d\u2019\u00e9touffement ou d\u2019\u00e9touffement. \u00bb<\/li>\n<li><strong>Il est tr\u00e8s extraverti. <\/strong>Bien que cela ne soit pas un signal d&rsquo;alarme en soi, Melancon dit que s&rsquo;il y a une diff\u00e9rence majeure dans l&rsquo;int\u00e9r\u00eat social par rapport \u00e0 un partenaire &#8211; il aime \u00eatre l&rsquo;\u00e2me de la f\u00eate et aime avoir des gens autour de lui, et vous non &#8211; la relation peut ne pas \u00eatre durable.<\/li>\n<\/ul>\n<h2 id=\"red-flags-about-the-black-cat-girlfriend\">Les signaux d&rsquo;alarme concernant la petite amie \u00ab chat noir \u00bb<\/h2>\n<p>Une petite amie \u00ab chat noir \u00bb peut \u00e0 premi\u00e8re vue sembler r\u00e9serv\u00e9e et digne d\u2019int\u00e9r\u00eat, mais ses qualit\u00e9s ne sont peut-\u00eatre pas vraiment adapt\u00e9es \u00e0 une relation saine.<\/p>\n<ul>\n<li><strong>Elle semble d\u00e9sint\u00e9ress\u00e9e<\/strong>Elle met des jours \u00e0 r\u00e9pondre \u00e0 votre message, ne s&rsquo;immisce pas dans votre vie et semble g\u00e9n\u00e9ralement ne pas vous aimer. Le probl\u00e8me ? \u00ab Bien que nous n&rsquo;ayons pas besoin d&rsquo;\u00eatre la pom-pom girl de notre partenaire, nous avons tous besoin de savoir que nous sommes aim\u00e9s et que l&rsquo;on prend soin de nous \u00bb, explique Melancon. \u00ab Un \u00ab chat noir \u00bb peut involontairement communiquer un manque d&rsquo;int\u00e9r\u00eat ou d&rsquo;amour \u00bb, ce qui ne vous fera pas du bien si vous ne recevez pas l&rsquo;attention et l&rsquo;affection que vous m\u00e9ritez.<\/li>\n<li><strong>Elle a du mal \u00e0 communiquer<\/strong>Elle vous laissera en mode lecture sans avoir discut\u00e9 de quelque chose qui la d\u00e9rangeait ; elle ne vous dira jamais comment elle se sent, en bien ou en mal, et n&rsquo;initiera pas de conversations sinc\u00e8res. Le probl\u00e8me ? \u00ab Personne ne lit dans les pens\u00e9es, donc quand l&rsquo;un des partenaires se ferme souvent, cela peut mettre \u00e0 rude \u00e9preuve la relation \u00bb, explique Melancon.<\/li>\n<li><strong>Elle est tr\u00e8s introvertie\/antisociale<\/strong>. Encore une fois, m\u00eame si ce n&rsquo;est pas n\u00e9cessairement un signal d&rsquo;alarme, dit Melancon, si elle est quelqu&rsquo;un qui pr\u00e9f\u00e8re \u00eatre seule et n&rsquo;aime pas s&rsquo;engager socialement mais que vous le faites, ce sera un probl\u00e8me pour votre relation.<\/li>\n<\/ul>\n<h2 id=\"the-potential-challenges-that-this-relationship-could-face\">Les d\u00e9fis potentiels auxquels cette relation pourrait \u00eatre confront\u00e9e<\/h2>\n<p>Le petit ami \u00ab golden retriever \u00bb peut finir par se sentir peu appr\u00e9ci\u00e9, mal aim\u00e9, voire utilis\u00e9, explique Melancon. De son c\u00f4t\u00e9, la petite amie \u00ab chat noir \u00bb peut se sentir d\u00e9pass\u00e9e ou \u00e9touff\u00e9e. \u00ab Les deux partenaires peuvent avoir du mal \u00e0 s\u2019adapter aux besoins de l\u2019autre et \u00e0 apprendre \u00e0 partager l\u2019amour d\u2019une mani\u00e8re qui r\u00e9sonne le plus avec leur partenaire \u00bb, explique-t-elle. \u00ab Au fil du temps, des probl\u00e8mes comme celui-ci peuvent d\u00e9grader le sentiment de proximit\u00e9 et d\u2019intimit\u00e9 entre les partenaires. \u00bb<\/p>\n<p>Melancon dit qu&rsquo;une relation entre un petit ami \u00ab golden retriever \u00bb et une petite amie \u00ab chat noir \u00bb pourrait fonctionner si les deux sont pr\u00eats \u00e0 faire des ajustements et \u00e0 grandir ensemble.<\/p>\n<p>\u00ab Ce qui compte le plus dans une relation, c\u2019est ce que ressentent les deux partenaires : si leurs besoins sont satisfaits, s\u2019ils se sentent en s\u00e9curit\u00e9 pour communiquer et fixer des limites, et \u00e0 quel point ils se respectent mutuellement \u00bb, dit-elle. \u00ab Nous avons tous des d\u00e9fauts dans nos relations, mais tant que les partenaires sont pr\u00eats \u00e0 \u00e9voluer, les relations malsaines peuvent se transformer au fil du temps. Nous nous sentons tous anxieux face \u00e0 l\u2019incertitude de la vie et surtout de l\u2019amour, c\u2019est pourquoi l\u2019utilisation de tests et de typologies est une fa\u00e7on courante d\u2019essayer de contr\u00f4ler l\u2019avenir. Mais s\u2019il vous pla\u00eet, ne mettez pas fin ou ne d\u00e9marrez pas une relation simplement \u00e0 cause de quelque chose que vous avez vu sur TikTok. \u00bb<\/p>\n","protected":false},"excerpt":{"rendered":"<p>En r\u00e9sum\u00e9 : ne suivez pas les conseils relationnels de TikTok. Il existe toute une s\u00e9rie de tendances TikTok qui sont plus blessantes qu\u2019utiles. Une<\/p>\n","protected":false},"author":1,"featured_media":73,"comment_status":"closed","ping_status":"closed","sticky":false,"template":"","format":"standard","meta":{"footnotes":""},"categories":[42],"tags":[73,74,70,76,71,69,72,68,75,77],"class_list":["post-72","post","type-post","status-publish","format-standard","has-post-thumbnail","hentry","category-relations","tag-black","tag-cat","tag-entre","tag-est","tag-golden","tag-relation","tag-retriever","tag-theorie","tag-tiktok","tag-toxique","generate-columns","tablet-grid-50","mobile-grid-100","grid-parent","grid-33"],"yoast_head":"<!-- This site is optimized with the Yoast SEO plugin v24.0 - https:\/\/yoast.com\/wordpress\/plugins\/seo\/ -->\n<title>Golden Retriever ou Black Cat : la th\u00e9orie TikTok est toxique | Vie Associative<\/title>\n<meta name=\"robots\" content=\"index, follow, max-snippet:-1, max-image-preview:large, max-video-preview:-1\" \/>\n<link rel=\"canonical\" href=\"https:\/\/vieassociative.be\/actualites\/la-theorie-de-la-relation-entre-le-golden-retriever-et-le-black-cat-de-tiktok-est-toxique\/\" \/>\n<meta property=\"og:locale\" content=\"fr_FR\" \/>\n<meta property=\"og:type\" content=\"article\" \/>\n<meta property=\"og:title\" content=\"Golden Retriever ou Black Cat : la th\u00e9orie TikTok est toxique | Vie Associative\" \/>\n<meta property=\"og:description\" content=\"En r\u00e9sum\u00e9 : ne suivez pas les conseils relationnels de TikTok. Il existe toute une s\u00e9rie de tendances TikTok qui sont plus blessantes qu\u2019utiles. Une\" \/>\n<meta property=\"og:url\" content=\"https:\/\/vieassociative.be\/actualites\/la-theorie-de-la-relation-entre-le-golden-retriever-et-le-black-cat-de-tiktok-est-toxique\/\" \/>\n<meta property=\"og:site_name\" content=\"Vie Associative\" \/>\n<meta property=\"article:published_time\" content=\"2024-09-18T22:07:09+00:00\" \/>\n<meta property=\"article:modified_time\" content=\"2024-12-21T12:48:38+00:00\" \/>\n<meta property=\"og:image\" content=\"https:\/\/vieassociative.be\/actualites\/wp-content\/uploads\/2024\/09\/La-theorie-de-la-relation-entre-le-Golden-Retriever.jpg\" \/>\n\t<meta property=\"og:image:width\" content=\"1200\" \/>\n\t<meta property=\"og:image:height\" content=\"675\" \/>\n\t<meta property=\"og:image:type\" content=\"image\/jpeg\" \/>\n<meta name=\"author\" content=\"Julien\" \/>\n<meta name=\"twitter:card\" content=\"summary_large_image\" \/>\n<meta name=\"twitter:label1\" content=\"\u00c9crit par\" \/>\n\t<meta name=\"twitter:data1\" content=\"Julien\" \/>\n\t<meta name=\"twitter:label2\" content=\"Dur\u00e9e de lecture est.\" \/>\n\t<meta name=\"twitter:data2\" content=\"7 minutes\" \/>\n<script type=\"application\/ld+json\" class=\"yoast-schema-graph\">{\"@context\":\"https:\/\/schema.org\",\"@graph\":[{\"@type\":\"Article\",\"@id\":\"https:\/\/vieassociative.be\/actualites\/la-theorie-de-la-relation-entre-le-golden-retriever-et-le-black-cat-de-tiktok-est-toxique\/#article\",\"isPartOf\":{\"@id\":\"https:\/\/vieassociative.be\/actualites\/la-theorie-de-la-relation-entre-le-golden-retriever-et-le-black-cat-de-tiktok-est-toxique\/\"},\"author\":{\"name\":\"Julien\",\"@id\":\"https:\/\/vieassociative.be\/actualites\/#\/schema\/person\/b87ac4f82f9d4e7b7cec7395b679edc4\"},\"headline\":\"Golden Retriever ou Black Cat : la th\u00e9orie TikTok est toxique\",\"datePublished\":\"2024-09-18T22:07:09+00:00\",\"dateModified\":\"2024-12-21T12:48:38+00:00\",\"mainEntityOfPage\":{\"@id\":\"https:\/\/vieassociative.be\/actualites\/la-theorie-de-la-relation-entre-le-golden-retriever-et-le-black-cat-de-tiktok-est-toxique\/\"},\"wordCount\":1357,\"publisher\":{\"@id\":\"https:\/\/vieassociative.be\/actualites\/#organization\"},\"image\":{\"@id\":\"https:\/\/vieassociative.be\/actualites\/la-theorie-de-la-relation-entre-le-golden-retriever-et-le-black-cat-de-tiktok-est-toxique\/#primaryimage\"},\"thumbnailUrl\":\"https:\/\/vieassociative.be\/actualites\/wp-content\/uploads\/2024\/09\/La-theorie-de-la-relation-entre-le-Golden-Retriever.jpg\",\"keywords\":[\"Black\",\"Cat\",\"entre\",\"est\",\"Golden\",\"relation\",\"Retriever\",\"th\u00e9orie\",\"TikTok\",\"toxique\"],\"articleSection\":[\"Relations\"],\"inLanguage\":\"fr-BE\"},{\"@type\":\"WebPage\",\"@id\":\"https:\/\/vieassociative.be\/actualites\/la-theorie-de-la-relation-entre-le-golden-retriever-et-le-black-cat-de-tiktok-est-toxique\/\",\"url\":\"https:\/\/vieassociative.be\/actualites\/la-theorie-de-la-relation-entre-le-golden-retriever-et-le-black-cat-de-tiktok-est-toxique\/\",\"name\":\"Golden Retriever ou Black Cat : la th\u00e9orie TikTok est toxique | Vie Associative\",\"isPartOf\":{\"@id\":\"https:\/\/vieassociative.be\/actualites\/#website\"},\"primaryImageOfPage\":{\"@id\":\"https:\/\/vieassociative.be\/actualites\/la-theorie-de-la-relation-entre-le-golden-retriever-et-le-black-cat-de-tiktok-est-toxique\/#primaryimage\"},\"image\":{\"@id\":\"https:\/\/vieassociative.be\/actualites\/la-theorie-de-la-relation-entre-le-golden-retriever-et-le-black-cat-de-tiktok-est-toxique\/#primaryimage\"},\"thumbnailUrl\":\"https:\/\/vieassociative.be\/actualites\/wp-content\/uploads\/2024\/09\/La-theorie-de-la-relation-entre-le-Golden-Retriever.jpg\",\"datePublished\":\"2024-09-18T22:07:09+00:00\",\"dateModified\":\"2024-12-21T12:48:38+00:00\",\"breadcrumb\":{\"@id\":\"https:\/\/vieassociative.be\/actualites\/la-theorie-de-la-relation-entre-le-golden-retriever-et-le-black-cat-de-tiktok-est-toxique\/#breadcrumb\"},\"inLanguage\":\"fr-BE\",\"potentialAction\":[{\"@type\":\"ReadAction\",\"target\":[\"https:\/\/vieassociative.be\/actualites\/la-theorie-de-la-relation-entre-le-golden-retriever-et-le-black-cat-de-tiktok-est-toxique\/\"]}]},{\"@type\":\"ImageObject\",\"inLanguage\":\"fr-BE\",\"@id\":\"https:\/\/vieassociative.be\/actualites\/la-theorie-de-la-relation-entre-le-golden-retriever-et-le-black-cat-de-tiktok-est-toxique\/#primaryimage\",\"url\":\"https:\/\/vieassociative.be\/actualites\/wp-content\/uploads\/2024\/09\/La-theorie-de-la-relation-entre-le-Golden-Retriever.jpg\",\"contentUrl\":\"https:\/\/vieassociative.be\/actualites\/wp-content\/uploads\/2024\/09\/La-theorie-de-la-relation-entre-le-Golden-Retriever.jpg\",\"width\":1200,\"height\":675,\"caption\":\"Golden Retriever ou Black Cat : la th\u00e9orie TikTok est toxique\"},{\"@type\":\"BreadcrumbList\",\"@id\":\"https:\/\/vieassociative.be\/actualites\/la-theorie-de-la-relation-entre-le-golden-retriever-et-le-black-cat-de-tiktok-est-toxique\/#breadcrumb\",\"itemListElement\":[{\"@type\":\"ListItem\",\"position\":1,\"name\":\"Accueil\",\"item\":\"https:\/\/vieassociative.be\/actualites\/\"},{\"@type\":\"ListItem\",\"position\":2,\"name\":\"Golden Retriever ou Black Cat : la th\u00e9orie TikTok est toxique\"}]},{\"@type\":\"WebSite\",\"@id\":\"https:\/\/vieassociative.be\/actualites\/#website\",\"url\":\"https:\/\/vieassociative.be\/actualites\/\",\"name\":\"Vie Associative\",\"description\":\"\",\"publisher\":{\"@id\":\"https:\/\/vieassociative.be\/actualites\/#organization\"},\"potentialAction\":[{\"@type\":\"SearchAction\",\"target\":{\"@type\":\"EntryPoint\",\"urlTemplate\":\"https:\/\/vieassociative.be\/actualites\/?s={search_term_string}\"},\"query-input\":{\"@type\":\"PropertyValueSpecification\",\"valueRequired\":true,\"valueName\":\"search_term_string\"}}],\"inLanguage\":\"fr-BE\"},{\"@type\":\"Organization\",\"@id\":\"https:\/\/vieassociative.be\/actualites\/#organization\",\"name\":\"Vie Associative\",\"url\":\"https:\/\/vieassociative.be\/actualites\/\",\"logo\":{\"@type\":\"ImageObject\",\"inLanguage\":\"fr-BE\",\"@id\":\"https:\/\/vieassociative.be\/actualites\/#\/schema\/logo\/image\/\",\"url\":\"https:\/\/vieassociative.be\/actualites\/wp-content\/uploads\/2024\/09\/cropped-vieassociative_favicon.ico.png\",\"contentUrl\":\"https:\/\/vieassociative.be\/actualites\/wp-content\/uploads\/2024\/09\/cropped-vieassociative_favicon.ico.png\",\"width\":512,\"height\":512,\"caption\":\"Vie Associative\"},\"image\":{\"@id\":\"https:\/\/vieassociative.be\/actualites\/#\/schema\/logo\/image\/\"}},{\"@type\":\"Person\",\"@id\":\"https:\/\/vieassociative.be\/actualites\/#\/schema\/person\/b87ac4f82f9d4e7b7cec7395b679edc4\",\"name\":\"Julien\",\"image\":{\"@type\":\"ImageObject\",\"inLanguage\":\"fr-BE\",\"@id\":\"https:\/\/vieassociative.be\/actualites\/#\/schema\/person\/image\/\",\"url\":\"https:\/\/vieassociative.be\/actualites\/wp-content\/uploads\/2024\/09\/vie-associative-1-150x150.jpg\",\"contentUrl\":\"https:\/\/vieassociative.be\/actualites\/wp-content\/uploads\/2024\/09\/vie-associative-1-150x150.jpg\",\"caption\":\"Julien\"},\"description\":\"Je suis Julien, r\u00e9dacteur pour Vie Associative. Passionn\u00e9 par le monde associatif depuis plus de 10 ans, j'ai \u00e0 c\u0153ur de partager des histoires inspirantes et de mettre en lumi\u00e8re les initiatives locales. Mon objectif est de sensibiliser et d'encourager l'engagement communautaire \u00e0 travers mes articles.\",\"sameAs\":[\"https:\/\/vieassociative.be\/\"]}]}<\/script>\n<!-- \/ Yoast SEO plugin. -->","yoast_head_json":{"title":"Golden Retriever ou Black Cat : la th\u00e9orie TikTok est toxique | Vie Associative","robots":{"index":"index","follow":"follow","max-snippet":"max-snippet:-1","max-image-preview":"max-image-preview:large","max-video-preview":"max-video-preview:-1"},"canonical":"https:\/\/vieassociative.be\/actualites\/la-theorie-de-la-relation-entre-le-golden-retriever-et-le-black-cat-de-tiktok-est-toxique\/","og_locale":"fr_FR","og_type":"article","og_title":"Golden Retriever ou Black Cat : la th\u00e9orie TikTok est toxique | Vie Associative","og_description":"En r\u00e9sum\u00e9 : ne suivez pas les conseils relationnels de TikTok. Il existe toute une s\u00e9rie de tendances TikTok qui sont plus blessantes qu\u2019utiles. Une","og_url":"https:\/\/vieassociative.be\/actualites\/la-theorie-de-la-relation-entre-le-golden-retriever-et-le-black-cat-de-tiktok-est-toxique\/","og_site_name":"Vie Associative","article_published_time":"2024-09-18T22:07:09+00:00","article_modified_time":"2024-12-21T12:48:38+00:00","og_image":[{"width":1200,"height":675,"url":"https:\/\/vieassociative.be\/actualites\/wp-content\/uploads\/2024\/09\/La-theorie-de-la-relation-entre-le-Golden-Retriever.jpg","type":"image\/jpeg"}],"author":"Julien","twitter_card":"summary_large_image","twitter_misc":{"\u00c9crit par":"Julien","Dur\u00e9e de lecture est.":"7 minutes"},"schema":{"@context":"https:\/\/schema.org","@graph":[{"@type":"Article","@id":"https:\/\/vieassociative.be\/actualites\/la-theorie-de-la-relation-entre-le-golden-retriever-et-le-black-cat-de-tiktok-est-toxique\/#article","isPartOf":{"@id":"https:\/\/vieassociative.be\/actualites\/la-theorie-de-la-relation-entre-le-golden-retriever-et-le-black-cat-de-tiktok-est-toxique\/"},"author":{"name":"Julien","@id":"https:\/\/vieassociative.be\/actualites\/#\/schema\/person\/b87ac4f82f9d4e7b7cec7395b679edc4"},"headline":"Golden Retriever ou Black Cat : la th\u00e9orie TikTok est toxique","datePublished":"2024-09-18T22:07:09+00:00","dateModified":"2024-12-21T12:48:38+00:00","mainEntityOfPage":{"@id":"https:\/\/vieassociative.be\/actualites\/la-theorie-de-la-relation-entre-le-golden-retriever-et-le-black-cat-de-tiktok-est-toxique\/"},"wordCount":1357,"publisher":{"@id":"https:\/\/vieassociative.be\/actualites\/#organization"},"image":{"@id":"https:\/\/vieassociative.be\/actualites\/la-theorie-de-la-relation-entre-le-golden-retriever-et-le-black-cat-de-tiktok-est-toxique\/#primaryimage"},"thumbnailUrl":"https:\/\/vieassociative.be\/actualites\/wp-content\/uploads\/2024\/09\/La-theorie-de-la-relation-entre-le-Golden-Retriever.jpg","keywords":["Black","Cat","entre","est","Golden","relation","Retriever","th\u00e9orie","TikTok","toxique"],"articleSection":["Relations"],"inLanguage":"fr-BE"},{"@type":"WebPage","@id":"https:\/\/vieassociative.be\/actualites\/la-theorie-de-la-relation-entre-le-golden-retriever-et-le-black-cat-de-tiktok-est-toxique\/","url":"https:\/\/vieassociative.be\/actualites\/la-theorie-de-la-relation-entre-le-golden-retriever-et-le-black-cat-de-tiktok-est-toxique\/","name":"Golden Retriever ou Black Cat : la th\u00e9orie TikTok est toxique | Vie Associative","isPartOf":{"@id":"https:\/\/vieassociative.be\/actualites\/#website"},"primaryImageOfPage":{"@id":"https:\/\/vieassociative.be\/actualites\/la-theorie-de-la-relation-entre-le-golden-retriever-et-le-black-cat-de-tiktok-est-toxique\/#primaryimage"},"image":{"@id":"https:\/\/vieassociative.be\/actualites\/la-theorie-de-la-relation-entre-le-golden-retriever-et-le-black-cat-de-tiktok-est-toxique\/#primaryimage"},"thumbnailUrl":"https:\/\/vieassociative.be\/actualites\/wp-content\/uploads\/2024\/09\/La-theorie-de-la-relation-entre-le-Golden-Retriever.jpg","datePublished":"2024-09-18T22:07:09+00:00","dateModified":"2024-12-21T12:48:38+00:00","breadcrumb":{"@id":"https:\/\/vieassociative.be\/actualites\/la-theorie-de-la-relation-entre-le-golden-retriever-et-le-black-cat-de-tiktok-est-toxique\/#breadcrumb"},"inLanguage":"fr-BE","potentialAction":[{"@type":"ReadAction","target":["https:\/\/vieassociative.be\/actualites\/la-theorie-de-la-relation-entre-le-golden-retriever-et-le-black-cat-de-tiktok-est-toxique\/"]}]},{"@type":"ImageObject","inLanguage":"fr-BE","@id":"https:\/\/vieassociative.be\/actualites\/la-theorie-de-la-relation-entre-le-golden-retriever-et-le-black-cat-de-tiktok-est-toxique\/#primaryimage","url":"https:\/\/vieassociative.be\/actualites\/wp-content\/uploads\/2024\/09\/La-theorie-de-la-relation-entre-le-Golden-Retriever.jpg","contentUrl":"https:\/\/vieassociative.be\/actualites\/wp-content\/uploads\/2024\/09\/La-theorie-de-la-relation-entre-le-Golden-Retriever.jpg","width":1200,"height":675,"caption":"Golden Retriever ou Black Cat : la th\u00e9orie TikTok est toxique"},{"@type":"BreadcrumbList","@id":"https:\/\/vieassociative.be\/actualites\/la-theorie-de-la-relation-entre-le-golden-retriever-et-le-black-cat-de-tiktok-est-toxique\/#breadcrumb","itemListElement":[{"@type":"ListItem","position":1,"name":"Accueil","item":"https:\/\/vieassociative.be\/actualites\/"},{"@type":"ListItem","position":2,"name":"Golden Retriever ou Black Cat : la th\u00e9orie TikTok est toxique"}]},{"@type":"WebSite","@id":"https:\/\/vieassociative.be\/actualites\/#website","url":"https:\/\/vieassociative.be\/actualites\/","name":"Vie Associative","description":"","publisher":{"@id":"https:\/\/vieassociative.be\/actualites\/#organization"},"potentialAction":[{"@type":"SearchAction","target":{"@type":"EntryPoint","urlTemplate":"https:\/\/vieassociative.be\/actualites\/?s={search_term_string}"},"query-input":{"@type":"PropertyValueSpecification","valueRequired":true,"valueName":"search_term_string"}}],"inLanguage":"fr-BE"},{"@type":"Organization","@id":"https:\/\/vieassociative.be\/actualites\/#organization","name":"Vie Associative","url":"https:\/\/vieassociative.be\/actualites\/","logo":{"@type":"ImageObject","inLanguage":"fr-BE","@id":"https:\/\/vieassociative.be\/actualites\/#\/schema\/logo\/image\/","url":"https:\/\/vieassociative.be\/actualites\/wp-content\/uploads\/2024\/09\/cropped-vieassociative_favicon.ico.png","contentUrl":"https:\/\/vieassociative.be\/actualites\/wp-content\/uploads\/2024\/09\/cropped-vieassociative_favicon.ico.png","width":512,"height":512,"caption":"Vie Associative"},"image":{"@id":"https:\/\/vieassociative.be\/actualites\/#\/schema\/logo\/image\/"}},{"@type":"Person","@id":"https:\/\/vieassociative.be\/actualites\/#\/schema\/person\/b87ac4f82f9d4e7b7cec7395b679edc4","name":"Julien","image":{"@type":"ImageObject","inLanguage":"fr-BE","@id":"https:\/\/vieassociative.be\/actualites\/#\/schema\/person\/image\/","url":"https:\/\/vieassociative.be\/actualites\/wp-content\/uploads\/2024\/09\/vie-associative-1-150x150.jpg","contentUrl":"https:\/\/vieassociative.be\/actualites\/wp-content\/uploads\/2024\/09\/vie-associative-1-150x150.jpg","caption":"Julien"},"description":"Je suis Julien, r\u00e9dacteur pour Vie Associative. Passionn\u00e9 par le monde associatif depuis plus de 10 ans, j'ai \u00e0 c\u0153ur de partager des histoires inspirantes et de mettre en lumi\u00e8re les initiatives locales. Mon objectif est de sensibiliser et d'encourager l'engagement communautaire \u00e0 travers mes articles.","sameAs":["https:\/\/vieassociative.be\/"]}]}},"_links":{"self":[{"href":"https:\/\/vieassociative.be\/actualites\/wp-json\/wp\/v2\/posts\/72"}],"collection":[{"href":"https:\/\/vieassociative.be\/actualites\/wp-json\/wp\/v2\/posts"}],"about":[{"href":"https:\/\/vieassociative.be\/actualites\/wp-json\/wp\/v2\/types\/post"}],"author":[{"embeddable":true,"href":"https:\/\/vieassociative.be\/actualites\/wp-json\/wp\/v2\/users\/1"}],"replies":[{"embeddable":true,"href":"https:\/\/vieassociative.be\/actualites\/wp-json\/wp\/v2\/comments?post=72"}],"version-history":[{"count":1,"href":"https:\/\/vieassociative.be\/actualites\/wp-json\/wp\/v2\/posts\/72\/revisions"}],"predecessor-version":[{"id":3598,"href":"https:\/\/vieassociative.be\/actualites\/wp-json\/wp\/v2\/posts\/72\/revisions\/3598"}],"wp:featuredmedia":[{"embeddable":true,"href":"https:\/\/vieassociative.be\/actualites\/wp-json\/wp\/v2\/media\/73"}],"wp:attachment":[{"href":"https:\/\/vieassociative.be\/actualites\/wp-json\/wp\/v2\/media?parent=72"}],"wp:term":[{"taxonomy":"category","embeddable":true,"href":"https:\/\/vieassociative.be\/actualites\/wp-json\/wp\/v2\/categories?post=72"},{"taxonomy":"post_tag","embeddable":true,"href":"https:\/\/vieassociative.be\/actualites\/wp-json\/wp\/v2\/tags?post=72"}],"curies":[{"name":"wp","href":"https:\/\/api.w.org\/{rel}","templated":true}]}}