{"id":7192,"date":"2025-05-01T10:18:51","date_gmt":"2025-05-01T08:18:51","guid":{"rendered":"https:\/\/vieassociative.be\/actualites\/lors-de-la-configuration-du-maypole-les-hommes-de-jgv-wusel-ont-transpire-une-sueur-galerie-de-photos\/"},"modified":"2025-05-01T10:18:51","modified_gmt":"2025-05-01T08:18:51","slug":"lors-de-la-configuration-du-maypole-les-hommes-de-jgv-wusel-ont-transpire-une-sueur-galerie-de-photos","status":"publish","type":"post","link":"https:\/\/vieassociative.be\/actualites\/lors-de-la-configuration-du-maypole-les-hommes-de-jgv-wusel-ont-transpire-une-sueur-galerie-de-photos\/","title":{"rendered":"Lors de la configuration du maypole, les hommes de JGV Wusel ont transpir\u00e9 une sueur (galerie de photos)"},"content":{"rendered":"<p><strong>Si cela d\u00e9pend du Pole, comme chaque ann\u00e9e le dernier soir d&rsquo;avril sur l&rsquo;Eupener Werthplatz, les hommes forts doivent y aller.<\/strong><\/p>\n<p><span id=\"more-414554\"><\/span>Ce fut aussi le cas cette ann\u00e9e. Et en raison des temp\u00e9ratures inhabituellement \u00e9lev\u00e9es, les hommes de la Bachelor Association Wusel ont m\u00eame transpir\u00e9 beaucoup lorsqu&rsquo;ils ont d\u00fb mettre le pole dans la verticale avec toute leur force musculaire.<\/p>\n<p>Le rituel de la mise en place du Pole \u00e9tait le signal de d\u00e9part du festival folklorique, qui est organis\u00e9 depuis 39 ans et est devenu une tradition permanente \u00e0 Eupen et dans les environs.<\/p>\n<div id=\"attachment_414651\" class=\"wp-caption alignnone\" style=\"max-width: 201px\"><img fetchpriority=\"high\" decoding=\"async\" class=\"size-medium wp-image-414651\" src=\"https:\/\/vieassociative.be\/actualites\/wp-content\/uploads\/2025\/05\/Lors-de-la-configuration-du-maypole-les-hommes-de-JGV.jpg\" alt=\"\" width=\"201\" height=\"300\"  ><\/p>\n<p class=\"wp-caption-text\">Photo: Patrick von Staufenberg<\/p>\n<\/div>\n<p>Le public devrait \u00e9galement se voir offrir beaucoup de mai de mai de cette ann\u00e9e. Cette ann\u00e9e, le groupe de couverture d&rsquo;Eifel \u00ab\u00a0Silvermoon\u00a0\u00bb, qui est sur toutes les \u00e9tapes de la r\u00e9gion depuis de nombreuses ann\u00e9es, est apparu, que ce soit lors d&rsquo;\u00e9v\u00e9nements de carnaval ou de festivals de baccalaur\u00e9at. Les cinq musiciens exp\u00e9riment\u00e9s savent comment le public doit \u00eatre mis \u00e0 temp\u00e9rature.<\/p>\n<p>En d\u00e9but de soir\u00e9e, les membres de la Bachelor Association ont accompagn\u00e9 l&rsquo;Ormonie Orchestra Kettenis \u00e0 la valeur de la valeur, o\u00f9 le Pole a \u00e9t\u00e9 mis en place. Cela a \u00e9t\u00e9 suivi par le chant traditionnel de la chanson de MAINennacht. Vers 20 h 30, \u00ab\u00a0Silvermoon\u00a0\u00bb \u00e9tait dans le train pour ce qui \u00e9tait d\u00e9j\u00e0 un vrai festival d&rsquo;\u00e9t\u00e9 en raison de la m\u00e9t\u00e9o.<\/p>\n<p>Lors de la mise en place du Maypole, le photographe Patrick von Staufenberg \u00e9tait sur place pour \u00abl&rsquo;est de la Belgique directement\u00bb. Voici ses photos.<\/p>\n<p><b><i>Vous trouverez ci-dessous la galerie de photos avec des photos du photographe Patrick von Staufenberg de la configuration du Maypole mercredi \u00e0 l&rsquo;Eupener Werthplatz (cliquez pour l&rsquo;\u00e9largissement):<\/i><\/b><\/p>\n<div class=\"wp-gallery row\">\n<figure class=\"column small-6 medium-3 end\"><img decoding=\"async\" src=\"https:\/\/vieassociative.be\/actualites\/wp-content\/uploads\/2025\/05\/1746087527_563_Lors-de-la-configuration-du-maypole-les-hommes-de-JGV.jpg\" width=\"159\" height=\"159\" alt=\"\"><\/figure>\n<figure class=\"column small-6 medium-3 end\"><img decoding=\"async\" src=\"https:\/\/vieassociative.be\/actualites\/wp-content\/uploads\/2025\/05\/1746087527_547_Lors-de-la-configuration-du-maypole-les-hommes-de-JGV.jpg\" width=\"159\" height=\"159\" alt=\"\"><\/figure>\n<figure class=\"column small-6 medium-3 end\"><img loading=\"lazy\" decoding=\"async\" src=\"https:\/\/vieassociative.be\/actualites\/wp-content\/uploads\/2025\/05\/1746087527_254_Lors-de-la-configuration-du-maypole-les-hommes-de-JGV.jpg\" width=\"159\" height=\"159\" alt=\"\"><\/figure>\n<figure class=\"column small-6 medium-3 end\"><img loading=\"lazy\" decoding=\"async\" src=\"https:\/\/vieassociative.be\/actualites\/wp-content\/uploads\/2025\/05\/1746087527_964_Lors-de-la-configuration-du-maypole-les-hommes-de-JGV.jpg\" width=\"159\" height=\"159\" alt=\"\"><\/figure>\n<figure class=\"column small-6 medium-3 end\"><img loading=\"lazy\" decoding=\"async\" src=\"https:\/\/vieassociative.be\/actualites\/wp-content\/uploads\/2025\/05\/1746087527_372_Lors-de-la-configuration-du-maypole-les-hommes-de-JGV.jpg\" width=\"159\" height=\"159\" alt=\"\"><\/figure>\n<figure class=\"column small-6 medium-3 end\"><img loading=\"lazy\" decoding=\"async\" src=\"https:\/\/vieassociative.be\/actualites\/wp-content\/uploads\/2025\/05\/1746087528_900_Lors-de-la-configuration-du-maypole-les-hommes-de-JGV.jpg\" width=\"159\" height=\"159\" alt=\"\"><\/figure>\n<figure class=\"column small-6 medium-3 end\"><img loading=\"lazy\" decoding=\"async\" src=\"https:\/\/vieassociative.be\/actualites\/wp-content\/uploads\/2025\/05\/1746087528_328_Lors-de-la-configuration-du-maypole-les-hommes-de-JGV.jpg\" width=\"159\" height=\"159\" alt=\"\"><\/figure>\n<figure class=\"column small-6 medium-3 end\"><img loading=\"lazy\" decoding=\"async\" src=\"https:\/\/vieassociative.be\/actualites\/wp-content\/uploads\/2025\/05\/1746087528_927_Lors-de-la-configuration-du-maypole-les-hommes-de-JGV.jpg\" width=\"159\" height=\"159\" alt=\"\"><\/figure>\n<figure class=\"column small-6 medium-3 end\"><img loading=\"lazy\" decoding=\"async\" src=\"https:\/\/vieassociative.be\/actualites\/wp-content\/uploads\/2025\/05\/1746087528_443_Lors-de-la-configuration-du-maypole-les-hommes-de-JGV.jpg\" width=\"159\" height=\"159\" alt=\"\"><\/figure>\n<figure class=\"column small-6 medium-3 end\"><img loading=\"lazy\" decoding=\"async\" src=\"https:\/\/vieassociative.be\/actualites\/wp-content\/uploads\/2025\/05\/1746087528_532_Lors-de-la-configuration-du-maypole-les-hommes-de-JGV.jpg\" width=\"159\" height=\"159\" alt=\"\"><\/figure>\n<figure class=\"column small-6 medium-3 end\"><img loading=\"lazy\" decoding=\"async\" src=\"https:\/\/vieassociative.be\/actualites\/wp-content\/uploads\/2025\/05\/1746087528_316_Lors-de-la-configuration-du-maypole-les-hommes-de-JGV.jpg\" width=\"159\" height=\"159\" alt=\"\"><\/figure>\n<figure class=\"column small-6 medium-3 end\"><img loading=\"lazy\" decoding=\"async\" src=\"https:\/\/vieassociative.be\/actualites\/wp-content\/uploads\/2025\/05\/1746087528_959_Lors-de-la-configuration-du-maypole-les-hommes-de-JGV.jpg\" width=\"159\" height=\"159\" alt=\"\"><\/figure>\n<figure class=\"column small-6 medium-3 end\"><img loading=\"lazy\" decoding=\"async\" src=\"https:\/\/vieassociative.be\/actualites\/wp-content\/uploads\/2025\/05\/1746087528_33_Lors-de-la-configuration-du-maypole-les-hommes-de-JGV.jpg\" width=\"159\" height=\"159\" alt=\"\"><\/figure>\n<figure class=\"column small-6 medium-3 end\"><img loading=\"lazy\" decoding=\"async\" src=\"https:\/\/vieassociative.be\/actualites\/wp-content\/uploads\/2025\/05\/1746087528_107_Lors-de-la-configuration-du-maypole-les-hommes-de-JGV.jpg\" width=\"159\" height=\"159\" alt=\"\"><\/figure>\n<figure class=\"column small-6 medium-3 end\"><img loading=\"lazy\" decoding=\"async\" src=\"https:\/\/vieassociative.be\/actualites\/wp-content\/uploads\/2025\/05\/1746087528_56_Lors-de-la-configuration-du-maypole-les-hommes-de-JGV.jpg\" width=\"159\" height=\"159\" alt=\"\"><\/figure>\n<figure class=\"column small-6 medium-3 end\"><img loading=\"lazy\" decoding=\"async\" src=\"https:\/\/vieassociative.be\/actualites\/wp-content\/uploads\/2025\/05\/1746087528_543_Lors-de-la-configuration-du-maypole-les-hommes-de-JGV.jpg\" width=\"159\" height=\"159\" alt=\"\"><\/figure>\n<figure class=\"column small-6 medium-3 end\"><img loading=\"lazy\" decoding=\"async\" src=\"https:\/\/vieassociative.be\/actualites\/wp-content\/uploads\/2025\/05\/1746087528_826_Lors-de-la-configuration-du-maypole-les-hommes-de-JGV.jpg\" width=\"159\" height=\"159\" alt=\"\"><\/figure>\n<figure class=\"column small-6 medium-3 end\"><img loading=\"lazy\" decoding=\"async\" src=\"https:\/\/vieassociative.be\/actualites\/wp-content\/uploads\/2025\/05\/1746087528_919_Lors-de-la-configuration-du-maypole-les-hommes-de-JGV.jpg\" width=\"159\" height=\"159\" alt=\"\"><\/figure>\n<figure class=\"column small-6 medium-3 end\"><img loading=\"lazy\" decoding=\"async\" src=\"https:\/\/vieassociative.be\/actualites\/wp-content\/uploads\/2025\/05\/1746087528_49_Lors-de-la-configuration-du-maypole-les-hommes-de-JGV.jpg\" width=\"159\" height=\"159\" alt=\"\"><\/figure>\n<figure class=\"column small-6 medium-3 end\"><img loading=\"lazy\" decoding=\"async\" src=\"https:\/\/vieassociative.be\/actualites\/wp-content\/uploads\/2025\/05\/1746087528_647_Lors-de-la-configuration-du-maypole-les-hommes-de-JGV.jpg\" width=\"159\" height=\"159\" alt=\"\"><\/figure>\n<figure class=\"column small-6 medium-3 end\"><img loading=\"lazy\" decoding=\"async\" src=\"https:\/\/vieassociative.be\/actualites\/wp-content\/uploads\/2025\/05\/1746087528_269_Lors-de-la-configuration-du-maypole-les-hommes-de-JGV.jpg\" width=\"159\" height=\"159\" alt=\"\"><\/figure>\n<figure class=\"column small-6 medium-3 end\"><img loading=\"lazy\" decoding=\"async\" src=\"https:\/\/vieassociative.be\/actualites\/wp-content\/uploads\/2025\/05\/1746087528_907_Lors-de-la-configuration-du-maypole-les-hommes-de-JGV.jpg\" width=\"159\" height=\"159\" alt=\"\"><\/figure>\n<figure class=\"column small-6 medium-3 end\"><img loading=\"lazy\" decoding=\"async\" src=\"https:\/\/vieassociative.be\/actualites\/wp-content\/uploads\/2025\/05\/1746087528_225_Lors-de-la-configuration-du-maypole-les-hommes-de-JGV.jpg\" width=\"159\" height=\"159\" alt=\"\"><\/figure>\n<figure class=\"column small-6 medium-3 end\"><img loading=\"lazy\" decoding=\"async\" src=\"https:\/\/vieassociative.be\/actualites\/wp-content\/uploads\/2025\/05\/1746087528_472_Lors-de-la-configuration-du-maypole-les-hommes-de-JGV.jpg\" width=\"159\" height=\"159\" alt=\"\"><\/figure>\n<figure class=\"column small-6 medium-3 end\"><img loading=\"lazy\" decoding=\"async\" src=\"https:\/\/vieassociative.be\/actualites\/wp-content\/uploads\/2025\/05\/1746087528_282_Lors-de-la-configuration-du-maypole-les-hommes-de-JGV.jpg\" width=\"159\" height=\"159\" alt=\"\"><\/figure>\n<figure class=\"column small-6 medium-3 end\"><img loading=\"lazy\" decoding=\"async\" src=\"https:\/\/vieassociative.be\/actualites\/wp-content\/uploads\/2025\/05\/1746087528_582_Lors-de-la-configuration-du-maypole-les-hommes-de-JGV.jpg\" width=\"159\" height=\"159\" alt=\"\"><\/figure>\n<figure class=\"column small-6 medium-3 end\"><img loading=\"lazy\" decoding=\"async\" src=\"https:\/\/vieassociative.be\/actualites\/wp-content\/uploads\/2025\/05\/1746087528_415_Lors-de-la-configuration-du-maypole-les-hommes-de-JGV.jpg\" width=\"159\" height=\"159\" alt=\"\"><\/figure>\n<figure class=\"column small-6 medium-3 end\"><img loading=\"lazy\" decoding=\"async\" src=\"https:\/\/vieassociative.be\/actualites\/wp-content\/uploads\/2025\/05\/1746087528_973_Lors-de-la-configuration-du-maypole-les-hommes-de-JGV.jpg\" width=\"159\" height=\"159\" alt=\"\"><\/figure>\n<figure class=\"column small-6 medium-3 end\"><img loading=\"lazy\" decoding=\"async\" src=\"https:\/\/vieassociative.be\/actualites\/wp-content\/uploads\/2025\/05\/1746087528_302_Lors-de-la-configuration-du-maypole-les-hommes-de-JGV.jpg\" width=\"159\" height=\"159\" alt=\"\"><\/figure>\n<figure class=\"column small-6 medium-3 end\"><img loading=\"lazy\" decoding=\"async\" src=\"https:\/\/vieassociative.be\/actualites\/wp-content\/uploads\/2025\/05\/1746087529_485_Lors-de-la-configuration-du-maypole-les-hommes-de-JGV.jpg\" width=\"159\" height=\"159\" alt=\"\"><\/figure>\n<figure class=\"column small-6 medium-3 end\"><img loading=\"lazy\" decoding=\"async\" src=\"https:\/\/vieassociative.be\/actualites\/wp-content\/uploads\/2025\/05\/1746087529_40_Lors-de-la-configuration-du-maypole-les-hommes-de-JGV.jpg\" width=\"159\" height=\"159\" alt=\"\"><\/figure>\n<figure class=\"column small-6 medium-3 end\"><img loading=\"lazy\" decoding=\"async\" src=\"https:\/\/vieassociative.be\/actualites\/wp-content\/uploads\/2025\/05\/1746087529_385_Lors-de-la-configuration-du-maypole-les-hommes-de-JGV.jpg\" width=\"159\" height=\"159\" alt=\"\"><\/figure>\n<figure class=\"column small-6 medium-3 end\"><img loading=\"lazy\" decoding=\"async\" src=\"https:\/\/vieassociative.be\/actualites\/wp-content\/uploads\/2025\/05\/1746087529_352_Lors-de-la-configuration-du-maypole-les-hommes-de-JGV.jpg\" width=\"159\" height=\"159\" alt=\"\"><\/figure>\n<figure class=\"column small-6 medium-3 end\"><img loading=\"lazy\" decoding=\"async\" src=\"https:\/\/vieassociative.be\/actualites\/wp-content\/uploads\/2025\/05\/1746087529_373_Lors-de-la-configuration-du-maypole-les-hommes-de-JGV.jpg\" width=\"159\" height=\"159\" alt=\"\"><\/figure>\n<figure class=\"column small-6 medium-3 end\"><img loading=\"lazy\" decoding=\"async\" src=\"https:\/\/vieassociative.be\/actualites\/wp-content\/uploads\/2025\/05\/1746087529_303_Lors-de-la-configuration-du-maypole-les-hommes-de-JGV.jpg\" width=\"159\" height=\"159\" alt=\"\"><\/figure>\n<figure class=\"column small-6 medium-3 end\"><img loading=\"lazy\" decoding=\"async\" src=\"https:\/\/vieassociative.be\/actualites\/wp-content\/uploads\/2025\/05\/1746087529_118_Lors-de-la-configuration-du-maypole-les-hommes-de-JGV.jpg\" width=\"159\" height=\"159\" alt=\"\"><\/figure>\n<figure class=\"column small-6 medium-3 end\"><img loading=\"lazy\" decoding=\"async\" src=\"https:\/\/vieassociative.be\/actualites\/wp-content\/uploads\/2025\/05\/1746087529_794_Lors-de-la-configuration-du-maypole-les-hommes-de-JGV.jpg\" width=\"159\" height=\"159\" alt=\"\"><\/figure>\n<figure class=\"column small-6 medium-3 end\"><img loading=\"lazy\" decoding=\"async\" src=\"https:\/\/vieassociative.be\/actualites\/wp-content\/uploads\/2025\/05\/1746087529_603_Lors-de-la-configuration-du-maypole-les-hommes-de-JGV.jpg\" width=\"159\" height=\"159\" alt=\"\"><\/figure>\n<figure class=\"column small-6 medium-3 end\"><img loading=\"lazy\" decoding=\"async\" src=\"https:\/\/vieassociative.be\/actualites\/wp-content\/uploads\/2025\/05\/1746087529_122_Lors-de-la-configuration-du-maypole-les-hommes-de-JGV.jpg\" width=\"159\" height=\"159\" alt=\"\"><\/figure>\n<figure class=\"column small-6 medium-3 end\"><img loading=\"lazy\" decoding=\"async\" src=\"https:\/\/vieassociative.be\/actualites\/wp-content\/uploads\/2025\/05\/1746087529_395_Lors-de-la-configuration-du-maypole-les-hommes-de-JGV.jpg\" width=\"159\" height=\"159\" alt=\"\"><\/figure>\n<figure class=\"column small-6 medium-3 end\"><img loading=\"lazy\" decoding=\"async\" src=\"https:\/\/vieassociative.be\/actualites\/wp-content\/uploads\/2025\/05\/1746087529_296_Lors-de-la-configuration-du-maypole-les-hommes-de-JGV.jpg\" width=\"159\" height=\"159\" alt=\"\"><\/figure>\n<figure class=\"column small-6 medium-3 end\"><img loading=\"lazy\" decoding=\"async\" src=\"https:\/\/vieassociative.be\/actualites\/wp-content\/uploads\/2025\/05\/1746087529_8_Lors-de-la-configuration-du-maypole-les-hommes-de-JGV.jpg\" width=\"159\" height=\"159\" alt=\"\"><\/figure>\n<figure class=\"column small-6 medium-3 end\"><img loading=\"lazy\" decoding=\"async\" src=\"https:\/\/vieassociative.be\/actualites\/wp-content\/uploads\/2025\/05\/1746087529_188_Lors-de-la-configuration-du-maypole-les-hommes-de-JGV.jpg\" width=\"159\" height=\"159\" alt=\"\"><\/figure>\n<figure class=\"column small-6 medium-3 end\"><img loading=\"lazy\" decoding=\"async\" src=\"https:\/\/vieassociative.be\/actualites\/wp-content\/uploads\/2025\/05\/1746087529_838_Lors-de-la-configuration-du-maypole-les-hommes-de-JGV.jpg\" width=\"159\" height=\"159\" alt=\"\"><\/figure>\n<figure class=\"column small-6 medium-3 end\"><img loading=\"lazy\" decoding=\"async\" src=\"https:\/\/vieassociative.be\/actualites\/wp-content\/uploads\/2025\/05\/1746087529_622_Lors-de-la-configuration-du-maypole-les-hommes-de-JGV.jpg\" width=\"159\" height=\"159\" alt=\"\"><\/figure>\n<figure class=\"column small-6 medium-3 end\"><img loading=\"lazy\" decoding=\"async\" src=\"https:\/\/vieassociative.be\/actualites\/wp-content\/uploads\/2025\/05\/1746087529_950_Lors-de-la-configuration-du-maypole-les-hommes-de-JGV.jpg\" width=\"159\" height=\"159\" alt=\"\"><\/figure>\n<figure class=\"column small-6 medium-3 end\"><img loading=\"lazy\" decoding=\"async\" src=\"https:\/\/vieassociative.be\/actualites\/wp-content\/uploads\/2025\/05\/1746087529_859_Lors-de-la-configuration-du-maypole-les-hommes-de-JGV.jpg\" width=\"159\" height=\"159\" alt=\"\"><\/figure>\n<figure class=\"column small-6 medium-3 end\"><img loading=\"lazy\" decoding=\"async\" src=\"https:\/\/vieassociative.be\/actualites\/wp-content\/uploads\/2025\/05\/1746087529_16_Lors-de-la-configuration-du-maypole-les-hommes-de-JGV.jpg\" width=\"159\" height=\"159\" alt=\"\"><\/figure>\n<figure class=\"column small-6 medium-3 end\"><img loading=\"lazy\" decoding=\"async\" src=\"https:\/\/vieassociative.be\/actualites\/wp-content\/uploads\/2025\/05\/1746087529_344_Lors-de-la-configuration-du-maypole-les-hommes-de-JGV.jpg\" width=\"159\" height=\"159\" alt=\"\"><\/figure>\n<figure class=\"column small-6 medium-3 end\"><img loading=\"lazy\" decoding=\"async\" src=\"https:\/\/vieassociative.be\/actualites\/wp-content\/uploads\/2025\/05\/1746087529_597_Lors-de-la-configuration-du-maypole-les-hommes-de-JGV.jpg\" width=\"159\" height=\"159\" alt=\"\"><\/figure>\n<figure class=\"column small-6 medium-3 end\"><img loading=\"lazy\" decoding=\"async\" src=\"https:\/\/vieassociative.be\/actualites\/wp-content\/uploads\/2025\/05\/1746087529_859_Lors-de-la-configuration-du-maypole-les-hommes-de-JGV.jpg\" width=\"159\" height=\"159\" alt=\"\"><\/figure>\n<figure class=\"column small-6 medium-3 end\"><img loading=\"lazy\" decoding=\"async\" src=\"https:\/\/vieassociative.be\/actualites\/wp-content\/uploads\/2025\/05\/1746087529_302_Lors-de-la-configuration-du-maypole-les-hommes-de-JGV.jpg\" width=\"159\" height=\"159\" alt=\"\"><\/figure>\n<figure class=\"column small-6 medium-3 end\"><img loading=\"lazy\" decoding=\"async\" src=\"https:\/\/vieassociative.be\/actualites\/wp-content\/uploads\/2025\/05\/1746087529_290_Lors-de-la-configuration-du-maypole-les-hommes-de-JGV.jpg\" width=\"159\" height=\"159\" alt=\"\"><\/figure>\n<figure class=\"column small-6 medium-3 end\"><img loading=\"lazy\" decoding=\"async\" src=\"https:\/\/vieassociative.be\/actualites\/wp-content\/uploads\/2025\/05\/1746087530_322_Lors-de-la-configuration-du-maypole-les-hommes-de-JGV.jpg\" width=\"159\" height=\"159\" alt=\"\"><\/figure>\n<figure class=\"column small-6 medium-3 end\"><img loading=\"lazy\" decoding=\"async\" src=\"https:\/\/vieassociative.be\/actualites\/wp-content\/uploads\/2025\/05\/1746087530_177_Lors-de-la-configuration-du-maypole-les-hommes-de-JGV.jpg\" width=\"159\" height=\"159\" alt=\"\"><\/figure>\n<figure class=\"column small-6 medium-3 end\"><img loading=\"lazy\" decoding=\"async\" src=\"https:\/\/vieassociative.be\/actualites\/wp-content\/uploads\/2025\/05\/1746087530_26_Lors-de-la-configuration-du-maypole-les-hommes-de-JGV.jpg\" width=\"159\" height=\"159\" alt=\"\"><\/figure>\n<figure class=\"column small-6 medium-3 end\"><img loading=\"lazy\" decoding=\"async\" src=\"https:\/\/vieassociative.be\/actualites\/wp-content\/uploads\/2025\/05\/1746087530_625_Lors-de-la-configuration-du-maypole-les-hommes-de-JGV.jpg\" width=\"159\" height=\"159\" alt=\"\"><\/figure>\n<figure class=\"column small-6 medium-3 end\"><img loading=\"lazy\" decoding=\"async\" src=\"https:\/\/vieassociative.be\/actualites\/wp-content\/uploads\/2025\/05\/1746087530_556_Lors-de-la-configuration-du-maypole-les-hommes-de-JGV.jpg\" width=\"159\" height=\"159\" alt=\"\"><\/figure>\n<figure class=\"column small-6 medium-3 end\"><img loading=\"lazy\" decoding=\"async\" src=\"https:\/\/vieassociative.be\/actualites\/wp-content\/uploads\/2025\/05\/1746087530_904_Lors-de-la-configuration-du-maypole-les-hommes-de-JGV.jpg\" width=\"159\" height=\"159\" alt=\"\"><\/figure>\n<figure class=\"column small-6 medium-3 end\"><img loading=\"lazy\" decoding=\"async\" src=\"https:\/\/vieassociative.be\/actualites\/wp-content\/uploads\/2025\/05\/1746087530_124_Lors-de-la-configuration-du-maypole-les-hommes-de-JGV.jpg\" width=\"159\" height=\"159\" alt=\"\"><\/figure>\n<figure class=\"column small-6 medium-3 end\"><img loading=\"lazy\" decoding=\"async\" src=\"https:\/\/vieassociative.be\/actualites\/wp-content\/uploads\/2025\/05\/1746087530_799_Lors-de-la-configuration-du-maypole-les-hommes-de-JGV.jpg\" width=\"159\" height=\"159\" alt=\"\"><\/figure>\n<figure class=\"column small-6 medium-3 end\"><img loading=\"lazy\" decoding=\"async\" src=\"https:\/\/vieassociative.be\/actualites\/wp-content\/uploads\/2025\/05\/1746087530_171_Lors-de-la-configuration-du-maypole-les-hommes-de-JGV.jpg\" width=\"159\" height=\"159\" alt=\"\"><\/figure>\n<figure class=\"column small-6 medium-3 end\"><img loading=\"lazy\" decoding=\"async\" src=\"https:\/\/vieassociative.be\/actualites\/wp-content\/uploads\/2025\/05\/1746087530_195_Lors-de-la-configuration-du-maypole-les-hommes-de-JGV.jpg\" width=\"159\" height=\"159\" alt=\"\"><\/figure>\n<figure class=\"column small-6 medium-3 end\"><img loading=\"lazy\" decoding=\"async\" src=\"https:\/\/vieassociative.be\/actualites\/wp-content\/uploads\/2025\/05\/1746087530_608_Lors-de-la-configuration-du-maypole-les-hommes-de-JGV.jpg\" width=\"159\" height=\"159\" alt=\"\"><\/figure>\n<figure class=\"column small-6 medium-3 end\"><img loading=\"lazy\" decoding=\"async\" src=\"https:\/\/vieassociative.be\/actualites\/wp-content\/uploads\/2025\/05\/1746087530_340_Lors-de-la-configuration-du-maypole-les-hommes-de-JGV.jpg\" width=\"159\" height=\"159\" alt=\"\"><\/figure>\n<figure class=\"column small-6 medium-3 end\"><img loading=\"lazy\" decoding=\"async\" src=\"https:\/\/vieassociative.be\/actualites\/wp-content\/uploads\/2025\/05\/1746087530_898_Lors-de-la-configuration-du-maypole-les-hommes-de-JGV.jpg\" width=\"159\" height=\"159\" alt=\"\"><\/figure>\n<figure class=\"column small-6 medium-3 end\"><img loading=\"lazy\" decoding=\"async\" src=\"https:\/\/vieassociative.be\/actualites\/wp-content\/uploads\/2025\/05\/1746087530_99_Lors-de-la-configuration-du-maypole-les-hommes-de-JGV.jpg\" width=\"159\" height=\"159\" alt=\"\"><\/figure>\n<figure class=\"column small-6 medium-3 end\"><img loading=\"lazy\" decoding=\"async\" src=\"https:\/\/vieassociative.be\/actualites\/wp-content\/uploads\/2025\/05\/1746087530_646_Lors-de-la-configuration-du-maypole-les-hommes-de-JGV.jpg\" width=\"159\" height=\"159\" alt=\"\"><\/figure>\n<figure class=\"column small-6 medium-3 end\"><img loading=\"lazy\" decoding=\"async\" src=\"https:\/\/vieassociative.be\/actualites\/wp-content\/uploads\/2025\/05\/1746087530_741_Lors-de-la-configuration-du-maypole-les-hommes-de-JGV.jpg\" width=\"159\" height=\"159\" alt=\"\"><\/figure>\n<figure class=\"column small-6 medium-3 end\"><img loading=\"lazy\" decoding=\"async\" src=\"https:\/\/vieassociative.be\/actualites\/wp-content\/uploads\/2025\/05\/1746087530_21_Lors-de-la-configuration-du-maypole-les-hommes-de-JGV.jpg\" width=\"159\" height=\"159\" alt=\"\"><\/figure>\n<figure class=\"column small-6 medium-3 end\"><img loading=\"lazy\" decoding=\"async\" src=\"https:\/\/vieassociative.be\/actualites\/wp-content\/uploads\/2025\/05\/1746087530_991_Lors-de-la-configuration-du-maypole-les-hommes-de-JGV.jpg\" width=\"159\" height=\"159\" alt=\"\"><\/figure>\n<figure class=\"column small-6 medium-3 end\"><img loading=\"lazy\" decoding=\"async\" src=\"https:\/\/vieassociative.be\/actualites\/wp-content\/uploads\/2025\/05\/1746087530_600_Lors-de-la-configuration-du-maypole-les-hommes-de-JGV.jpg\" width=\"159\" height=\"159\" alt=\"\"><\/figure>\n<figure class=\"column small-6 medium-3 end\"><img loading=\"lazy\" decoding=\"async\" src=\"https:\/\/vieassociative.be\/actualites\/wp-content\/uploads\/2025\/05\/1746087530_244_Lors-de-la-configuration-du-maypole-les-hommes-de-JGV.jpg\" width=\"159\" height=\"159\" alt=\"\"><\/figure>\n<figure class=\"column small-6 medium-3 end\"><img loading=\"lazy\" decoding=\"async\" src=\"https:\/\/vieassociative.be\/actualites\/wp-content\/uploads\/2025\/05\/1746087530_562_Lors-de-la-configuration-du-maypole-les-hommes-de-JGV.jpg\" width=\"159\" height=\"159\" alt=\"\"><\/figure>\n<figure class=\"column small-6 medium-3 end\"><img loading=\"lazy\" decoding=\"async\" src=\"https:\/\/vieassociative.be\/actualites\/wp-content\/uploads\/2025\/05\/1746087530_785_Lors-de-la-configuration-du-maypole-les-hommes-de-JGV.jpg\" width=\"159\" height=\"159\" alt=\"\"><\/figure>\n<figure class=\"column small-6 medium-3 end\"><img loading=\"lazy\" decoding=\"async\" src=\"https:\/\/vieassociative.be\/actualites\/wp-content\/uploads\/2025\/05\/1746087530_547_Lors-de-la-configuration-du-maypole-les-hommes-de-JGV.jpg\" width=\"159\" height=\"159\" alt=\"\"><\/figure>\n<figure class=\"column small-6 medium-3 end\"><img loading=\"lazy\" decoding=\"async\" src=\"https:\/\/vieassociative.be\/actualites\/wp-content\/uploads\/2025\/05\/1746087530_872_Lors-de-la-configuration-du-maypole-les-hommes-de-JGV.jpg\" width=\"159\" height=\"159\" alt=\"\"><\/figure>\n<figure class=\"column small-6 medium-3 end\"><img loading=\"lazy\" decoding=\"async\" src=\"https:\/\/vieassociative.be\/actualites\/wp-content\/uploads\/2025\/05\/1746087531_732_Lors-de-la-configuration-du-maypole-les-hommes-de-JGV.jpg\" width=\"159\" height=\"159\" alt=\"\"><\/figure>\n<figure class=\"column small-6 medium-3 end\"><img loading=\"lazy\" decoding=\"async\" src=\"https:\/\/vieassociative.be\/actualites\/wp-content\/uploads\/2025\/05\/1746087531_158_Lors-de-la-configuration-du-maypole-les-hommes-de-JGV.jpg\" width=\"159\" height=\"159\" alt=\"\"><\/figure>\n<figure class=\"column small-6 medium-3 end\"><img loading=\"lazy\" decoding=\"async\" src=\"https:\/\/vieassociative.be\/actualites\/wp-content\/uploads\/2025\/05\/1746087531_500_Lors-de-la-configuration-du-maypole-les-hommes-de-JGV.jpg\" width=\"159\" height=\"159\" alt=\"\"><\/figure>\n<figure class=\"column small-6 medium-3 end\"><img loading=\"lazy\" decoding=\"async\" src=\"https:\/\/vieassociative.be\/actualites\/wp-content\/uploads\/2025\/05\/1746087531_528_Lors-de-la-configuration-du-maypole-les-hommes-de-JGV.jpg\" width=\"159\" height=\"159\" alt=\"\"><\/figure>\n<\/div>\n","protected":false},"excerpt":{"rendered":"<p>Si cela d\u00e9pend du Pole, comme chaque ann\u00e9e le dernier soir d&rsquo;avril sur l&rsquo;Eupener Werthplatz, les hommes forts doivent y aller. Ce fut aussi le<\/p>\n","protected":false},"author":1,"featured_media":7193,"comment_status":"","ping_status":"","sticky":false,"template":"","format":"standard","meta":{"footnotes":""},"categories":[298],"tags":[6740,3257,1838,6742,14,353,6741,1374,283,6745,6744,110,6743],"class_list":["post-7192","post","type-post","status-publish","format-standard","has-post-thumbnail","hentry","category-belgique","tag-configuration","tag-galerie","tag-hommes","tag-jgv","tag-les","tag-lors","tag-maypole","tag-ont","tag-photos","tag-sueur","tag-transpire","tag-une","tag-wusel","generate-columns","tablet-grid-50","mobile-grid-100","grid-parent","grid-33"],"yoast_head":"<!-- This site is optimized with the Yoast SEO plugin v24.0 - https:\/\/yoast.com\/wordpress\/plugins\/seo\/ -->\n<title>Lors de la configuration du maypole, les hommes de JGV Wusel ont transpir\u00e9 une sueur (galerie de photos) | Vie Associative<\/title>\n<meta name=\"robots\" content=\"index, follow, max-snippet:-1, max-image-preview:large, max-video-preview:-1\" \/>\n<link rel=\"canonical\" href=\"https:\/\/vieassociative.be\/actualites\/lors-de-la-configuration-du-maypole-les-hommes-de-jgv-wusel-ont-transpire-une-sueur-galerie-de-photos\/\" \/>\n<meta property=\"og:locale\" content=\"fr_FR\" \/>\n<meta property=\"og:type\" content=\"article\" \/>\n<meta property=\"og:title\" content=\"Lors de la configuration du maypole, les hommes de JGV Wusel ont transpir\u00e9 une sueur (galerie de photos) | Vie Associative\" \/>\n<meta property=\"og:description\" content=\"Si cela d\u00e9pend du Pole, comme chaque ann\u00e9e le dernier soir d&rsquo;avril sur l&rsquo;Eupener Werthplatz, les hommes forts doivent y aller. Ce fut aussi le\" \/>\n<meta property=\"og:url\" content=\"https:\/\/vieassociative.be\/actualites\/lors-de-la-configuration-du-maypole-les-hommes-de-jgv-wusel-ont-transpire-une-sueur-galerie-de-photos\/\" \/>\n<meta property=\"og:site_name\" content=\"Vie Associative\" \/>\n<meta property=\"article:published_time\" content=\"2025-05-01T08:18:51+00:00\" \/>\n<meta property=\"og:image\" content=\"https:\/\/vieassociative.be\/actualites\/wp-content\/uploads\/2024\/09\/header_backgroundk-01-e1726694325946.png\" \/>\n\t<meta property=\"og:image:width\" content=\"279\" \/>\n\t<meta property=\"og:image:height\" content=\"92\" \/>\n\t<meta property=\"og:image:type\" content=\"image\/png\" \/>\n<meta name=\"author\" content=\"Julien\" \/>\n<meta name=\"twitter:card\" content=\"summary_large_image\" \/>\n<meta name=\"twitter:label1\" content=\"\u00c9crit par\" \/>\n\t<meta name=\"twitter:data1\" content=\"Julien\" \/>\n\t<meta name=\"twitter:label2\" content=\"Dur\u00e9e de lecture est.\" \/>\n\t<meta name=\"twitter:data2\" content=\"1 minute\" \/>\n<script type=\"application\/ld+json\" class=\"yoast-schema-graph\">{\"@context\":\"https:\/\/schema.org\",\"@graph\":[{\"@type\":\"Article\",\"@id\":\"https:\/\/vieassociative.be\/actualites\/lors-de-la-configuration-du-maypole-les-hommes-de-jgv-wusel-ont-transpire-une-sueur-galerie-de-photos\/#article\",\"isPartOf\":{\"@id\":\"https:\/\/vieassociative.be\/actualites\/lors-de-la-configuration-du-maypole-les-hommes-de-jgv-wusel-ont-transpire-une-sueur-galerie-de-photos\/\"},\"author\":{\"name\":\"Julien\",\"@id\":\"https:\/\/vieassociative.be\/actualites\/#\/schema\/person\/b87ac4f82f9d4e7b7cec7395b679edc4\"},\"headline\":\"Lors de la configuration du maypole, les hommes de JGV Wusel ont transpir\u00e9 une sueur (galerie de photos)\",\"datePublished\":\"2025-05-01T08:18:51+00:00\",\"dateModified\":\"2025-05-01T08:18:51+00:00\",\"mainEntityOfPage\":{\"@id\":\"https:\/\/vieassociative.be\/actualites\/lors-de-la-configuration-du-maypole-les-hommes-de-jgv-wusel-ont-transpire-une-sueur-galerie-de-photos\/\"},\"wordCount\":321,\"publisher\":{\"@id\":\"https:\/\/vieassociative.be\/actualites\/#organization\"},\"image\":{\"@id\":\"https:\/\/vieassociative.be\/actualites\/lors-de-la-configuration-du-maypole-les-hommes-de-jgv-wusel-ont-transpire-une-sueur-galerie-de-photos\/#primaryimage\"},\"thumbnailUrl\":\"https:\/\/vieassociative.be\/actualites\/wp-content\/uploads\/2025\/05\/1746087532_Lors-de-la-configuration-du-maypole-les-hommes-de-JGV.jpg\",\"keywords\":[\"configuration\",\"galerie\",\"hommes\",\"JGV\",\"Les\",\"lors\",\"maypole\",\"ont\",\"Photos\",\"sueur\",\"transpir\u00e9\",\"une\",\"Wusel\"],\"articleSection\":[\"Belgique\"],\"inLanguage\":\"fr-BE\"},{\"@type\":\"WebPage\",\"@id\":\"https:\/\/vieassociative.be\/actualites\/lors-de-la-configuration-du-maypole-les-hommes-de-jgv-wusel-ont-transpire-une-sueur-galerie-de-photos\/\",\"url\":\"https:\/\/vieassociative.be\/actualites\/lors-de-la-configuration-du-maypole-les-hommes-de-jgv-wusel-ont-transpire-une-sueur-galerie-de-photos\/\",\"name\":\"Lors de la configuration du maypole, les hommes de JGV Wusel ont transpir\u00e9 une sueur (galerie de photos) | Vie Associative\",\"isPartOf\":{\"@id\":\"https:\/\/vieassociative.be\/actualites\/#website\"},\"primaryImageOfPage\":{\"@id\":\"https:\/\/vieassociative.be\/actualites\/lors-de-la-configuration-du-maypole-les-hommes-de-jgv-wusel-ont-transpire-une-sueur-galerie-de-photos\/#primaryimage\"},\"image\":{\"@id\":\"https:\/\/vieassociative.be\/actualites\/lors-de-la-configuration-du-maypole-les-hommes-de-jgv-wusel-ont-transpire-une-sueur-galerie-de-photos\/#primaryimage\"},\"thumbnailUrl\":\"https:\/\/vieassociative.be\/actualites\/wp-content\/uploads\/2025\/05\/1746087532_Lors-de-la-configuration-du-maypole-les-hommes-de-JGV.jpg\",\"datePublished\":\"2025-05-01T08:18:51+00:00\",\"dateModified\":\"2025-05-01T08:18:51+00:00\",\"breadcrumb\":{\"@id\":\"https:\/\/vieassociative.be\/actualites\/lors-de-la-configuration-du-maypole-les-hommes-de-jgv-wusel-ont-transpire-une-sueur-galerie-de-photos\/#breadcrumb\"},\"inLanguage\":\"fr-BE\",\"potentialAction\":[{\"@type\":\"ReadAction\",\"target\":[\"https:\/\/vieassociative.be\/actualites\/lors-de-la-configuration-du-maypole-les-hommes-de-jgv-wusel-ont-transpire-une-sueur-galerie-de-photos\/\"]}]},{\"@type\":\"ImageObject\",\"inLanguage\":\"fr-BE\",\"@id\":\"https:\/\/vieassociative.be\/actualites\/lors-de-la-configuration-du-maypole-les-hommes-de-jgv-wusel-ont-transpire-une-sueur-galerie-de-photos\/#primaryimage\",\"url\":\"https:\/\/vieassociative.be\/actualites\/wp-content\/uploads\/2025\/05\/1746087532_Lors-de-la-configuration-du-maypole-les-hommes-de-JGV.jpg\",\"contentUrl\":\"https:\/\/vieassociative.be\/actualites\/wp-content\/uploads\/2025\/05\/1746087532_Lors-de-la-configuration-du-maypole-les-hommes-de-JGV.jpg\",\"width\":1300,\"height\":869,\"caption\":\"Lors de la configuration du maypole, les hommes de JGV Wusel ont transpir\u00e9 une sueur (galerie de photos)\"},{\"@type\":\"BreadcrumbList\",\"@id\":\"https:\/\/vieassociative.be\/actualites\/lors-de-la-configuration-du-maypole-les-hommes-de-jgv-wusel-ont-transpire-une-sueur-galerie-de-photos\/#breadcrumb\",\"itemListElement\":[{\"@type\":\"ListItem\",\"position\":1,\"name\":\"Accueil\",\"item\":\"https:\/\/vieassociative.be\/actualites\/\"},{\"@type\":\"ListItem\",\"position\":2,\"name\":\"Lors de la configuration du maypole, les hommes de JGV Wusel ont transpir\u00e9 une sueur (galerie de photos)\"}]},{\"@type\":\"WebSite\",\"@id\":\"https:\/\/vieassociative.be\/actualites\/#website\",\"url\":\"https:\/\/vieassociative.be\/actualites\/\",\"name\":\"Vie Associative\",\"description\":\"\",\"publisher\":{\"@id\":\"https:\/\/vieassociative.be\/actualites\/#organization\"},\"potentialAction\":[{\"@type\":\"SearchAction\",\"target\":{\"@type\":\"EntryPoint\",\"urlTemplate\":\"https:\/\/vieassociative.be\/actualites\/?s={search_term_string}\"},\"query-input\":{\"@type\":\"PropertyValueSpecification\",\"valueRequired\":true,\"valueName\":\"search_term_string\"}}],\"inLanguage\":\"fr-BE\"},{\"@type\":\"Organization\",\"@id\":\"https:\/\/vieassociative.be\/actualites\/#organization\",\"name\":\"Vie Associative\",\"url\":\"https:\/\/vieassociative.be\/actualites\/\",\"logo\":{\"@type\":\"ImageObject\",\"inLanguage\":\"fr-BE\",\"@id\":\"https:\/\/vieassociative.be\/actualites\/#\/schema\/logo\/image\/\",\"url\":\"https:\/\/vieassociative.be\/actualites\/wp-content\/uploads\/2024\/09\/cropped-vieassociative_favicon.ico.png\",\"contentUrl\":\"https:\/\/vieassociative.be\/actualites\/wp-content\/uploads\/2024\/09\/cropped-vieassociative_favicon.ico.png\",\"width\":512,\"height\":512,\"caption\":\"Vie Associative\"},\"image\":{\"@id\":\"https:\/\/vieassociative.be\/actualites\/#\/schema\/logo\/image\/\"}},{\"@type\":\"Person\",\"@id\":\"https:\/\/vieassociative.be\/actualites\/#\/schema\/person\/b87ac4f82f9d4e7b7cec7395b679edc4\",\"name\":\"Julien\",\"image\":{\"@type\":\"ImageObject\",\"inLanguage\":\"fr-BE\",\"@id\":\"https:\/\/vieassociative.be\/actualites\/#\/schema\/person\/image\/\",\"url\":\"https:\/\/vieassociative.be\/actualites\/wp-content\/uploads\/2024\/09\/vie-associative-1-150x150.jpg\",\"contentUrl\":\"https:\/\/vieassociative.be\/actualites\/wp-content\/uploads\/2024\/09\/vie-associative-1-150x150.jpg\",\"caption\":\"Julien\"},\"description\":\"Je suis Julien, r\u00e9dacteur pour Vie Associative. Passionn\u00e9 par le monde associatif depuis plus de 10 ans, j'ai \u00e0 c\u0153ur de partager des histoires inspirantes et de mettre en lumi\u00e8re les initiatives locales. Mon objectif est de sensibiliser et d'encourager l'engagement communautaire \u00e0 travers mes articles.\",\"sameAs\":[\"https:\/\/vieassociative.be\/\"]}]}<\/script>\n<!-- \/ Yoast SEO plugin. -->","yoast_head_json":{"title":"Lors de la configuration du maypole, les hommes de JGV Wusel ont transpir\u00e9 une sueur (galerie de photos) | Vie Associative","robots":{"index":"index","follow":"follow","max-snippet":"max-snippet:-1","max-image-preview":"max-image-preview:large","max-video-preview":"max-video-preview:-1"},"canonical":"https:\/\/vieassociative.be\/actualites\/lors-de-la-configuration-du-maypole-les-hommes-de-jgv-wusel-ont-transpire-une-sueur-galerie-de-photos\/","og_locale":"fr_FR","og_type":"article","og_title":"Lors de la configuration du maypole, les hommes de JGV Wusel ont transpir\u00e9 une sueur (galerie de photos) | Vie Associative","og_description":"Si cela d\u00e9pend du Pole, comme chaque ann\u00e9e le dernier soir d&rsquo;avril sur l&rsquo;Eupener Werthplatz, les hommes forts doivent y aller. Ce fut aussi le","og_url":"https:\/\/vieassociative.be\/actualites\/lors-de-la-configuration-du-maypole-les-hommes-de-jgv-wusel-ont-transpire-une-sueur-galerie-de-photos\/","og_site_name":"Vie Associative","article_published_time":"2025-05-01T08:18:51+00:00","og_image":[{"width":279,"height":92,"url":"https:\/\/vieassociative.be\/actualites\/wp-content\/uploads\/2024\/09\/header_backgroundk-01-e1726694325946.png","type":"image\/png"}],"author":"Julien","twitter_card":"summary_large_image","twitter_misc":{"\u00c9crit par":"Julien","Dur\u00e9e de lecture est.":"1 minute"},"schema":{"@context":"https:\/\/schema.org","@graph":[{"@type":"Article","@id":"https:\/\/vieassociative.be\/actualites\/lors-de-la-configuration-du-maypole-les-hommes-de-jgv-wusel-ont-transpire-une-sueur-galerie-de-photos\/#article","isPartOf":{"@id":"https:\/\/vieassociative.be\/actualites\/lors-de-la-configuration-du-maypole-les-hommes-de-jgv-wusel-ont-transpire-une-sueur-galerie-de-photos\/"},"author":{"name":"Julien","@id":"https:\/\/vieassociative.be\/actualites\/#\/schema\/person\/b87ac4f82f9d4e7b7cec7395b679edc4"},"headline":"Lors de la configuration du maypole, les hommes de JGV Wusel ont transpir\u00e9 une sueur (galerie de photos)","datePublished":"2025-05-01T08:18:51+00:00","dateModified":"2025-05-01T08:18:51+00:00","mainEntityOfPage":{"@id":"https:\/\/vieassociative.be\/actualites\/lors-de-la-configuration-du-maypole-les-hommes-de-jgv-wusel-ont-transpire-une-sueur-galerie-de-photos\/"},"wordCount":321,"publisher":{"@id":"https:\/\/vieassociative.be\/actualites\/#organization"},"image":{"@id":"https:\/\/vieassociative.be\/actualites\/lors-de-la-configuration-du-maypole-les-hommes-de-jgv-wusel-ont-transpire-une-sueur-galerie-de-photos\/#primaryimage"},"thumbnailUrl":"https:\/\/vieassociative.be\/actualites\/wp-content\/uploads\/2025\/05\/1746087532_Lors-de-la-configuration-du-maypole-les-hommes-de-JGV.jpg","keywords":["configuration","galerie","hommes","JGV","Les","lors","maypole","ont","Photos","sueur","transpir\u00e9","une","Wusel"],"articleSection":["Belgique"],"inLanguage":"fr-BE"},{"@type":"WebPage","@id":"https:\/\/vieassociative.be\/actualites\/lors-de-la-configuration-du-maypole-les-hommes-de-jgv-wusel-ont-transpire-une-sueur-galerie-de-photos\/","url":"https:\/\/vieassociative.be\/actualites\/lors-de-la-configuration-du-maypole-les-hommes-de-jgv-wusel-ont-transpire-une-sueur-galerie-de-photos\/","name":"Lors de la configuration du maypole, les hommes de JGV Wusel ont transpir\u00e9 une sueur (galerie de photos) | Vie Associative","isPartOf":{"@id":"https:\/\/vieassociative.be\/actualites\/#website"},"primaryImageOfPage":{"@id":"https:\/\/vieassociative.be\/actualites\/lors-de-la-configuration-du-maypole-les-hommes-de-jgv-wusel-ont-transpire-une-sueur-galerie-de-photos\/#primaryimage"},"image":{"@id":"https:\/\/vieassociative.be\/actualites\/lors-de-la-configuration-du-maypole-les-hommes-de-jgv-wusel-ont-transpire-une-sueur-galerie-de-photos\/#primaryimage"},"thumbnailUrl":"https:\/\/vieassociative.be\/actualites\/wp-content\/uploads\/2025\/05\/1746087532_Lors-de-la-configuration-du-maypole-les-hommes-de-JGV.jpg","datePublished":"2025-05-01T08:18:51+00:00","dateModified":"2025-05-01T08:18:51+00:00","breadcrumb":{"@id":"https:\/\/vieassociative.be\/actualites\/lors-de-la-configuration-du-maypole-les-hommes-de-jgv-wusel-ont-transpire-une-sueur-galerie-de-photos\/#breadcrumb"},"inLanguage":"fr-BE","potentialAction":[{"@type":"ReadAction","target":["https:\/\/vieassociative.be\/actualites\/lors-de-la-configuration-du-maypole-les-hommes-de-jgv-wusel-ont-transpire-une-sueur-galerie-de-photos\/"]}]},{"@type":"ImageObject","inLanguage":"fr-BE","@id":"https:\/\/vieassociative.be\/actualites\/lors-de-la-configuration-du-maypole-les-hommes-de-jgv-wusel-ont-transpire-une-sueur-galerie-de-photos\/#primaryimage","url":"https:\/\/vieassociative.be\/actualites\/wp-content\/uploads\/2025\/05\/1746087532_Lors-de-la-configuration-du-maypole-les-hommes-de-JGV.jpg","contentUrl":"https:\/\/vieassociative.be\/actualites\/wp-content\/uploads\/2025\/05\/1746087532_Lors-de-la-configuration-du-maypole-les-hommes-de-JGV.jpg","width":1300,"height":869,"caption":"Lors de la configuration du maypole, les hommes de JGV Wusel ont transpir\u00e9 une sueur (galerie de photos)"},{"@type":"BreadcrumbList","@id":"https:\/\/vieassociative.be\/actualites\/lors-de-la-configuration-du-maypole-les-hommes-de-jgv-wusel-ont-transpire-une-sueur-galerie-de-photos\/#breadcrumb","itemListElement":[{"@type":"ListItem","position":1,"name":"Accueil","item":"https:\/\/vieassociative.be\/actualites\/"},{"@type":"ListItem","position":2,"name":"Lors de la configuration du maypole, les hommes de JGV Wusel ont transpir\u00e9 une sueur (galerie de photos)"}]},{"@type":"WebSite","@id":"https:\/\/vieassociative.be\/actualites\/#website","url":"https:\/\/vieassociative.be\/actualites\/","name":"Vie Associative","description":"","publisher":{"@id":"https:\/\/vieassociative.be\/actualites\/#organization"},"potentialAction":[{"@type":"SearchAction","target":{"@type":"EntryPoint","urlTemplate":"https:\/\/vieassociative.be\/actualites\/?s={search_term_string}"},"query-input":{"@type":"PropertyValueSpecification","valueRequired":true,"valueName":"search_term_string"}}],"inLanguage":"fr-BE"},{"@type":"Organization","@id":"https:\/\/vieassociative.be\/actualites\/#organization","name":"Vie Associative","url":"https:\/\/vieassociative.be\/actualites\/","logo":{"@type":"ImageObject","inLanguage":"fr-BE","@id":"https:\/\/vieassociative.be\/actualites\/#\/schema\/logo\/image\/","url":"https:\/\/vieassociative.be\/actualites\/wp-content\/uploads\/2024\/09\/cropped-vieassociative_favicon.ico.png","contentUrl":"https:\/\/vieassociative.be\/actualites\/wp-content\/uploads\/2024\/09\/cropped-vieassociative_favicon.ico.png","width":512,"height":512,"caption":"Vie Associative"},"image":{"@id":"https:\/\/vieassociative.be\/actualites\/#\/schema\/logo\/image\/"}},{"@type":"Person","@id":"https:\/\/vieassociative.be\/actualites\/#\/schema\/person\/b87ac4f82f9d4e7b7cec7395b679edc4","name":"Julien","image":{"@type":"ImageObject","inLanguage":"fr-BE","@id":"https:\/\/vieassociative.be\/actualites\/#\/schema\/person\/image\/","url":"https:\/\/vieassociative.be\/actualites\/wp-content\/uploads\/2024\/09\/vie-associative-1-150x150.jpg","contentUrl":"https:\/\/vieassociative.be\/actualites\/wp-content\/uploads\/2024\/09\/vie-associative-1-150x150.jpg","caption":"Julien"},"description":"Je suis Julien, r\u00e9dacteur pour Vie Associative. Passionn\u00e9 par le monde associatif depuis plus de 10 ans, j'ai \u00e0 c\u0153ur de partager des histoires inspirantes et de mettre en lumi\u00e8re les initiatives locales. Mon objectif est de sensibiliser et d'encourager l'engagement communautaire \u00e0 travers mes articles.","sameAs":["https:\/\/vieassociative.be\/"]}]}},"_links":{"self":[{"href":"https:\/\/vieassociative.be\/actualites\/wp-json\/wp\/v2\/posts\/7192"}],"collection":[{"href":"https:\/\/vieassociative.be\/actualites\/wp-json\/wp\/v2\/posts"}],"about":[{"href":"https:\/\/vieassociative.be\/actualites\/wp-json\/wp\/v2\/types\/post"}],"author":[{"embeddable":true,"href":"https:\/\/vieassociative.be\/actualites\/wp-json\/wp\/v2\/users\/1"}],"replies":[{"embeddable":true,"href":"https:\/\/vieassociative.be\/actualites\/wp-json\/wp\/v2\/comments?post=7192"}],"version-history":[{"count":0,"href":"https:\/\/vieassociative.be\/actualites\/wp-json\/wp\/v2\/posts\/7192\/revisions"}],"wp:featuredmedia":[{"embeddable":true,"href":"https:\/\/vieassociative.be\/actualites\/wp-json\/wp\/v2\/media\/7193"}],"wp:attachment":[{"href":"https:\/\/vieassociative.be\/actualites\/wp-json\/wp\/v2\/media?parent=7192"}],"wp:term":[{"taxonomy":"category","embeddable":true,"href":"https:\/\/vieassociative.be\/actualites\/wp-json\/wp\/v2\/categories?post=7192"},{"taxonomy":"post_tag","embeddable":true,"href":"https:\/\/vieassociative.be\/actualites\/wp-json\/wp\/v2\/tags?post=7192"}],"curies":[{"name":"wp","href":"https:\/\/api.w.org\/{rel}","templated":true}]}}