{"id":7186,"date":"2025-05-01T04:16:59","date_gmt":"2025-05-01T02:16:59","guid":{"rendered":"https:\/\/vieassociative.be\/actualites\/spectacle-de-3-3-pieds-au-fc-barcelone-contre-linter\/"},"modified":"2025-05-01T04:16:59","modified_gmt":"2025-05-01T02:16:59","slug":"spectacle-de-3-3-pieds-au-fc-barcelone-contre-linter","status":"publish","type":"post","link":"https:\/\/vieassociative.be\/actualites\/spectacle-de-3-3-pieds-au-fc-barcelone-contre-linter\/","title":{"rendered":"Spectacle de 3: 3 pieds au FC Barcelone contre l&rsquo;Inter"},"content":{"rendered":"<p><strong>Dans le match le plus spectaculaire de la saison 2024\/2025 de la Ligue des champions, le FC Barcelone et l&rsquo;Inter Milan ont fait la meilleure publicit\u00e9 pour le football. En demi-finale, les deux \u00e9quipes se sont s\u00e9par\u00e9es 3: 3 apr\u00e8s 90 minutes \u00e0 couper le souffle. Les Catalans \u00e9taient en retard \u00e0 plusieurs reprises (0: 1, 0: 2, 1: 2 et 2: 3), mais ils ont toujours retrouv\u00e9 le jeu.<\/strong><\/p>\n<p><span id=\"more-414535\"><\/span>Gr\u00e2ce \u00e0 un c\u00e9l\u00e8bre rattrapage dans la spectaculaire demi-finale en demi-finale contre l&rsquo;Inter Milan, le FC Barcelone a maintenu ses chances de triomphe de la Ligue des champions. <\/p>\n<p>Le Bar\u00e7a a sauv\u00e9 un 3: 3 (2: 2) dans le stade olympique \u00e0 domicile apr\u00e8s un d\u00e9ficit r\u00e9p\u00e9t\u00e9 contre le fort inter-collectif. Donc, tout est toujours ouvert pour le match retour mardi prochain dans le San Siro \u00e0 Milan.<\/p>\n<div id=\"attachment_414548\" class=\"wp-caption alignleft\" style=\"max-width: 300px\"><img fetchpriority=\"high\" decoding=\"async\" class=\"wp-image-414548 size-medium\" src=\"https:\/\/vieassociative.be\/actualites\/wp-content\/uploads\/2025\/05\/Spectacle-de-3-3-pieds-au-FC-Barcelone-contre-lInter.jpg\" alt=\"\" width=\"300\" height=\"200\"><\/p>\n<p class=\"wp-caption-text\">30\/04\/2025, Espagne, Barcelone: \u200b\u200bLamine Yamal de Barcelone applaudit apr\u00e8s son objectif. Photo: Emilio Morenatti \/ AP \/ DPA<\/p>\n<\/div>\n<p>L&rsquo;ancien Gladbacher Marcus Thuram a mis les invit\u00e9s en t\u00eate apr\u00e8s seulement 32 secondes avec une porte charni\u00e8re \u00e0 voir. Avec le deuxi\u00e8me inter-chance, Denzel Dumfries a fourni 2-0 (21e minute) par un tireur lat\u00e9ral.<\/p>\n<p>La jeune \u00e9toile Lamine Yamal (24e) et Ferran Torres (38e) ont initialement \u00e9lev\u00e9 le Bar\u00e7a. Selon le fournisseur de donn\u00e9es Opta, Yamal est le plus jeune buteur \u00e0 l&rsquo;\u00e2ge de 17 et 291 jours en demi-finale de la Ligue des champions.<\/p>\n<p>Inters une autre tourn\u00e9e \u00e0 travers le deuxi\u00e8me but de Dumfries (64e) ne s&rsquo;est tenue qu&rsquo;une minute parce qu&rsquo;un propre but du gardien Yann Sommer a de nouveau \u00e9galis\u00e9 apr\u00e8s un tir \u00e0 Raphinha.<\/p>\n<p>Les dirigeants de la Ligue espagnol Barcelone, qui ont triomph\u00e9 contre le Real Madrid lors de la finale de la Coupe samedi dernier, continue d&rsquo;avoir des chances sur le titre du titre. L&rsquo;entra\u00eeneur Hansi Flick avait d\u00e9j\u00e0 r\u00e9alis\u00e9 cet exploit en tant qu&rsquo;entra\u00eeneur du FC Bayern en 2020. Ses perspectives de pouvoir jouer la finale de la Ligue des champions le 31 mai dans son ancienne maison \u00e0 Munich sont toujours d\u00e9centes. (DPA \/ CRE)<\/p>\n<p><em><strong>Sur le sujet, voir \u00e9galement l&rsquo;article suivant sur OD:<\/strong><\/em><\/p>\n<div class=\"responsive-embed widescreen\">\n<blockquote class=\"wp-embedded-content\" data-secret=\"NsF0etTSlV\">\n<p>Arsenal avec une d\u00e9faite 0-1 contre Paris SG est toujours bien servi &#8211; cette soir\u00e9e les 2e demi-finales Barcelone contre l&rsquo;Inter Milan<\/p>\n<\/blockquote>\n<p><iframe loading=\"lazy\" class=\"wp-embedded-content\" sandbox=\"allow-scripts\" security=\"restricted\" style=\"position: absolute; visibility: hidden;\" title=\"\u201eArsenal mit 0:1-Niederlage gegen Paris SG noch gut bedient \u2013 Heute Abend das 2. Halbfinale Barcelona gegen Inter Mailand\u201c \u2014 Ostbelgien Direkt\" src=\"https:\/\/ostbelgiendirekt.be\/about:blank\" data-secret=\"NsF0etTSlV\" width=\"500\" height=\"282\" frameborder=\"0\" marginwidth=\"0\" marginheight=\"0\" scrolling=\"no\" data-rocket-lazyload=\"fitvidscompatible\" data-lazy-src=\"https:\/\/ostbelgiendirekt.be\/arsenal-paris-barcelona-gegen-inter-414466\/embed#?secret=SmuaoGWi1h#?secret=NsF0etTSlV\"><\/iframe><noscript><iframe class=\"wp-embedded-content\" sandbox=\"allow-scripts\" security=\"restricted\" style=\"position: absolute; visibility: hidden;\" title=\"\u201eArsenal mit 0:1-Niederlage gegen Paris SG noch gut bedient \u2013 Heute Abend das 2. Halbfinale Barcelona gegen Inter Mailand\u201c \u2014 Ostbelgien Direkt\" src=\"https:\/\/ostbelgiendirekt.be\/arsenal-paris-barcelona-gegen-inter-414466\/embed#?secret=SmuaoGWi1h#?secret=NsF0etTSlV\" data-secret=\"NsF0etTSlV\" width=\"500\" height=\"282\" frameborder=\"0\" marginwidth=\"0\" marginheight=\"0\" scrolling=\"no\"><\/iframe><\/noscript><\/p>\n<\/div>\n","protected":false},"excerpt":{"rendered":"<p>Dans le match le plus spectaculaire de la saison 2024\/2025 de la Ligue des champions, le FC Barcelone et l&rsquo;Inter Milan ont fait la meilleure<\/p>\n","protected":false},"author":1,"featured_media":7187,"comment_status":"","ping_status":"","sticky":false,"template":"","format":"standard","meta":{"footnotes":""},"categories":[298],"tags":[371,796,5811,810,5101],"class_list":["post-7186","post","type-post","status-publish","format-standard","has-post-thumbnail","hentry","category-belgique","tag-barcelone","tag-contre","tag-linter","tag-pieds","tag-spectacle","generate-columns","tablet-grid-50","mobile-grid-100","grid-parent","grid-33"],"yoast_head":"<!-- This site is optimized with the Yoast SEO plugin v24.0 - https:\/\/yoast.com\/wordpress\/plugins\/seo\/ -->\n<title>Spectacle de 3: 3 pieds au FC Barcelone contre l&#039;Inter | Vie Associative<\/title>\n<meta name=\"robots\" content=\"index, follow, max-snippet:-1, max-image-preview:large, max-video-preview:-1\" \/>\n<link rel=\"canonical\" href=\"https:\/\/vieassociative.be\/actualites\/spectacle-de-3-3-pieds-au-fc-barcelone-contre-linter\/\" \/>\n<meta property=\"og:locale\" content=\"fr_FR\" \/>\n<meta property=\"og:type\" content=\"article\" \/>\n<meta property=\"og:title\" content=\"Spectacle de 3: 3 pieds au FC Barcelone contre l&#039;Inter | Vie Associative\" \/>\n<meta property=\"og:description\" content=\"Dans le match le plus spectaculaire de la saison 2024\/2025 de la Ligue des champions, le FC Barcelone et l&rsquo;Inter Milan ont fait la meilleure\" \/>\n<meta property=\"og:url\" content=\"https:\/\/vieassociative.be\/actualites\/spectacle-de-3-3-pieds-au-fc-barcelone-contre-linter\/\" \/>\n<meta property=\"og:site_name\" content=\"Vie Associative\" \/>\n<meta property=\"article:published_time\" content=\"2025-05-01T02:16:59+00:00\" \/>\n<meta property=\"og:image\" content=\"https:\/\/vieassociative.be\/actualites\/wp-content\/uploads\/2024\/09\/header_backgroundk-01-e1726694325946.png\" \/>\n\t<meta property=\"og:image:width\" content=\"279\" \/>\n\t<meta property=\"og:image:height\" content=\"92\" \/>\n\t<meta property=\"og:image:type\" content=\"image\/png\" \/>\n<meta name=\"author\" content=\"Julien\" \/>\n<meta name=\"twitter:card\" content=\"summary_large_image\" \/>\n<meta name=\"twitter:label1\" content=\"\u00c9crit par\" \/>\n\t<meta name=\"twitter:data1\" content=\"Julien\" \/>\n\t<meta name=\"twitter:label2\" content=\"Dur\u00e9e de lecture est.\" \/>\n\t<meta name=\"twitter:data2\" content=\"2 minutes\" \/>\n<script type=\"application\/ld+json\" class=\"yoast-schema-graph\">{\"@context\":\"https:\/\/schema.org\",\"@graph\":[{\"@type\":\"Article\",\"@id\":\"https:\/\/vieassociative.be\/actualites\/spectacle-de-3-3-pieds-au-fc-barcelone-contre-linter\/#article\",\"isPartOf\":{\"@id\":\"https:\/\/vieassociative.be\/actualites\/spectacle-de-3-3-pieds-au-fc-barcelone-contre-linter\/\"},\"author\":{\"name\":\"Julien\",\"@id\":\"https:\/\/vieassociative.be\/actualites\/#\/schema\/person\/b87ac4f82f9d4e7b7cec7395b679edc4\"},\"headline\":\"Spectacle de 3: 3 pieds au FC Barcelone contre l&rsquo;Inter\",\"datePublished\":\"2025-05-01T02:16:59+00:00\",\"dateModified\":\"2025-05-01T02:16:59+00:00\",\"mainEntityOfPage\":{\"@id\":\"https:\/\/vieassociative.be\/actualites\/spectacle-de-3-3-pieds-au-fc-barcelone-contre-linter\/\"},\"wordCount\":388,\"publisher\":{\"@id\":\"https:\/\/vieassociative.be\/actualites\/#organization\"},\"image\":{\"@id\":\"https:\/\/vieassociative.be\/actualites\/spectacle-de-3-3-pieds-au-fc-barcelone-contre-linter\/#primaryimage\"},\"thumbnailUrl\":\"https:\/\/vieassociative.be\/actualites\/wp-content\/uploads\/2025\/05\/1746065819_Spectacle-de-3-3-pieds-au-FC-Barcelone-contre-lInter.jpg\",\"keywords\":[\"Barcelone\",\"contre\",\"lInter\",\"pieds\",\"Spectacle\"],\"articleSection\":[\"Belgique\"],\"inLanguage\":\"fr-BE\"},{\"@type\":\"WebPage\",\"@id\":\"https:\/\/vieassociative.be\/actualites\/spectacle-de-3-3-pieds-au-fc-barcelone-contre-linter\/\",\"url\":\"https:\/\/vieassociative.be\/actualites\/spectacle-de-3-3-pieds-au-fc-barcelone-contre-linter\/\",\"name\":\"Spectacle de 3: 3 pieds au FC Barcelone contre l'Inter | Vie Associative\",\"isPartOf\":{\"@id\":\"https:\/\/vieassociative.be\/actualites\/#website\"},\"primaryImageOfPage\":{\"@id\":\"https:\/\/vieassociative.be\/actualites\/spectacle-de-3-3-pieds-au-fc-barcelone-contre-linter\/#primaryimage\"},\"image\":{\"@id\":\"https:\/\/vieassociative.be\/actualites\/spectacle-de-3-3-pieds-au-fc-barcelone-contre-linter\/#primaryimage\"},\"thumbnailUrl\":\"https:\/\/vieassociative.be\/actualites\/wp-content\/uploads\/2025\/05\/1746065819_Spectacle-de-3-3-pieds-au-FC-Barcelone-contre-lInter.jpg\",\"datePublished\":\"2025-05-01T02:16:59+00:00\",\"dateModified\":\"2025-05-01T02:16:59+00:00\",\"breadcrumb\":{\"@id\":\"https:\/\/vieassociative.be\/actualites\/spectacle-de-3-3-pieds-au-fc-barcelone-contre-linter\/#breadcrumb\"},\"inLanguage\":\"fr-BE\",\"potentialAction\":[{\"@type\":\"ReadAction\",\"target\":[\"https:\/\/vieassociative.be\/actualites\/spectacle-de-3-3-pieds-au-fc-barcelone-contre-linter\/\"]}]},{\"@type\":\"ImageObject\",\"inLanguage\":\"fr-BE\",\"@id\":\"https:\/\/vieassociative.be\/actualites\/spectacle-de-3-3-pieds-au-fc-barcelone-contre-linter\/#primaryimage\",\"url\":\"https:\/\/vieassociative.be\/actualites\/wp-content\/uploads\/2025\/05\/1746065819_Spectacle-de-3-3-pieds-au-FC-Barcelone-contre-lInter.jpg\",\"contentUrl\":\"https:\/\/vieassociative.be\/actualites\/wp-content\/uploads\/2025\/05\/1746065819_Spectacle-de-3-3-pieds-au-FC-Barcelone-contre-lInter.jpg\",\"width\":1200,\"height\":800,\"caption\":\"Spectacle de 3: 3 pieds au FC Barcelone contre l'Inter\"},{\"@type\":\"BreadcrumbList\",\"@id\":\"https:\/\/vieassociative.be\/actualites\/spectacle-de-3-3-pieds-au-fc-barcelone-contre-linter\/#breadcrumb\",\"itemListElement\":[{\"@type\":\"ListItem\",\"position\":1,\"name\":\"Accueil\",\"item\":\"https:\/\/vieassociative.be\/actualites\/\"},{\"@type\":\"ListItem\",\"position\":2,\"name\":\"Spectacle de 3: 3 pieds au FC Barcelone contre l&rsquo;Inter\"}]},{\"@type\":\"WebSite\",\"@id\":\"https:\/\/vieassociative.be\/actualites\/#website\",\"url\":\"https:\/\/vieassociative.be\/actualites\/\",\"name\":\"Vie Associative\",\"description\":\"\",\"publisher\":{\"@id\":\"https:\/\/vieassociative.be\/actualites\/#organization\"},\"potentialAction\":[{\"@type\":\"SearchAction\",\"target\":{\"@type\":\"EntryPoint\",\"urlTemplate\":\"https:\/\/vieassociative.be\/actualites\/?s={search_term_string}\"},\"query-input\":{\"@type\":\"PropertyValueSpecification\",\"valueRequired\":true,\"valueName\":\"search_term_string\"}}],\"inLanguage\":\"fr-BE\"},{\"@type\":\"Organization\",\"@id\":\"https:\/\/vieassociative.be\/actualites\/#organization\",\"name\":\"Vie Associative\",\"url\":\"https:\/\/vieassociative.be\/actualites\/\",\"logo\":{\"@type\":\"ImageObject\",\"inLanguage\":\"fr-BE\",\"@id\":\"https:\/\/vieassociative.be\/actualites\/#\/schema\/logo\/image\/\",\"url\":\"https:\/\/vieassociative.be\/actualites\/wp-content\/uploads\/2024\/09\/cropped-vieassociative_favicon.ico.png\",\"contentUrl\":\"https:\/\/vieassociative.be\/actualites\/wp-content\/uploads\/2024\/09\/cropped-vieassociative_favicon.ico.png\",\"width\":512,\"height\":512,\"caption\":\"Vie Associative\"},\"image\":{\"@id\":\"https:\/\/vieassociative.be\/actualites\/#\/schema\/logo\/image\/\"}},{\"@type\":\"Person\",\"@id\":\"https:\/\/vieassociative.be\/actualites\/#\/schema\/person\/b87ac4f82f9d4e7b7cec7395b679edc4\",\"name\":\"Julien\",\"image\":{\"@type\":\"ImageObject\",\"inLanguage\":\"fr-BE\",\"@id\":\"https:\/\/vieassociative.be\/actualites\/#\/schema\/person\/image\/\",\"url\":\"https:\/\/vieassociative.be\/actualites\/wp-content\/uploads\/2024\/09\/vie-associative-1-150x150.jpg\",\"contentUrl\":\"https:\/\/vieassociative.be\/actualites\/wp-content\/uploads\/2024\/09\/vie-associative-1-150x150.jpg\",\"caption\":\"Julien\"},\"description\":\"Je suis Julien, r\u00e9dacteur pour Vie Associative. Passionn\u00e9 par le monde associatif depuis plus de 10 ans, j'ai \u00e0 c\u0153ur de partager des histoires inspirantes et de mettre en lumi\u00e8re les initiatives locales. Mon objectif est de sensibiliser et d'encourager l'engagement communautaire \u00e0 travers mes articles.\",\"sameAs\":[\"https:\/\/vieassociative.be\/\"]}]}<\/script>\n<!-- \/ Yoast SEO plugin. -->","yoast_head_json":{"title":"Spectacle de 3: 3 pieds au FC Barcelone contre l'Inter | Vie Associative","robots":{"index":"index","follow":"follow","max-snippet":"max-snippet:-1","max-image-preview":"max-image-preview:large","max-video-preview":"max-video-preview:-1"},"canonical":"https:\/\/vieassociative.be\/actualites\/spectacle-de-3-3-pieds-au-fc-barcelone-contre-linter\/","og_locale":"fr_FR","og_type":"article","og_title":"Spectacle de 3: 3 pieds au FC Barcelone contre l'Inter | Vie Associative","og_description":"Dans le match le plus spectaculaire de la saison 2024\/2025 de la Ligue des champions, le FC Barcelone et l&rsquo;Inter Milan ont fait la meilleure","og_url":"https:\/\/vieassociative.be\/actualites\/spectacle-de-3-3-pieds-au-fc-barcelone-contre-linter\/","og_site_name":"Vie Associative","article_published_time":"2025-05-01T02:16:59+00:00","og_image":[{"width":279,"height":92,"url":"https:\/\/vieassociative.be\/actualites\/wp-content\/uploads\/2024\/09\/header_backgroundk-01-e1726694325946.png","type":"image\/png"}],"author":"Julien","twitter_card":"summary_large_image","twitter_misc":{"\u00c9crit par":"Julien","Dur\u00e9e de lecture est.":"2 minutes"},"schema":{"@context":"https:\/\/schema.org","@graph":[{"@type":"Article","@id":"https:\/\/vieassociative.be\/actualites\/spectacle-de-3-3-pieds-au-fc-barcelone-contre-linter\/#article","isPartOf":{"@id":"https:\/\/vieassociative.be\/actualites\/spectacle-de-3-3-pieds-au-fc-barcelone-contre-linter\/"},"author":{"name":"Julien","@id":"https:\/\/vieassociative.be\/actualites\/#\/schema\/person\/b87ac4f82f9d4e7b7cec7395b679edc4"},"headline":"Spectacle de 3: 3 pieds au FC Barcelone contre l&rsquo;Inter","datePublished":"2025-05-01T02:16:59+00:00","dateModified":"2025-05-01T02:16:59+00:00","mainEntityOfPage":{"@id":"https:\/\/vieassociative.be\/actualites\/spectacle-de-3-3-pieds-au-fc-barcelone-contre-linter\/"},"wordCount":388,"publisher":{"@id":"https:\/\/vieassociative.be\/actualites\/#organization"},"image":{"@id":"https:\/\/vieassociative.be\/actualites\/spectacle-de-3-3-pieds-au-fc-barcelone-contre-linter\/#primaryimage"},"thumbnailUrl":"https:\/\/vieassociative.be\/actualites\/wp-content\/uploads\/2025\/05\/1746065819_Spectacle-de-3-3-pieds-au-FC-Barcelone-contre-lInter.jpg","keywords":["Barcelone","contre","lInter","pieds","Spectacle"],"articleSection":["Belgique"],"inLanguage":"fr-BE"},{"@type":"WebPage","@id":"https:\/\/vieassociative.be\/actualites\/spectacle-de-3-3-pieds-au-fc-barcelone-contre-linter\/","url":"https:\/\/vieassociative.be\/actualites\/spectacle-de-3-3-pieds-au-fc-barcelone-contre-linter\/","name":"Spectacle de 3: 3 pieds au FC Barcelone contre l'Inter | Vie Associative","isPartOf":{"@id":"https:\/\/vieassociative.be\/actualites\/#website"},"primaryImageOfPage":{"@id":"https:\/\/vieassociative.be\/actualites\/spectacle-de-3-3-pieds-au-fc-barcelone-contre-linter\/#primaryimage"},"image":{"@id":"https:\/\/vieassociative.be\/actualites\/spectacle-de-3-3-pieds-au-fc-barcelone-contre-linter\/#primaryimage"},"thumbnailUrl":"https:\/\/vieassociative.be\/actualites\/wp-content\/uploads\/2025\/05\/1746065819_Spectacle-de-3-3-pieds-au-FC-Barcelone-contre-lInter.jpg","datePublished":"2025-05-01T02:16:59+00:00","dateModified":"2025-05-01T02:16:59+00:00","breadcrumb":{"@id":"https:\/\/vieassociative.be\/actualites\/spectacle-de-3-3-pieds-au-fc-barcelone-contre-linter\/#breadcrumb"},"inLanguage":"fr-BE","potentialAction":[{"@type":"ReadAction","target":["https:\/\/vieassociative.be\/actualites\/spectacle-de-3-3-pieds-au-fc-barcelone-contre-linter\/"]}]},{"@type":"ImageObject","inLanguage":"fr-BE","@id":"https:\/\/vieassociative.be\/actualites\/spectacle-de-3-3-pieds-au-fc-barcelone-contre-linter\/#primaryimage","url":"https:\/\/vieassociative.be\/actualites\/wp-content\/uploads\/2025\/05\/1746065819_Spectacle-de-3-3-pieds-au-FC-Barcelone-contre-lInter.jpg","contentUrl":"https:\/\/vieassociative.be\/actualites\/wp-content\/uploads\/2025\/05\/1746065819_Spectacle-de-3-3-pieds-au-FC-Barcelone-contre-lInter.jpg","width":1200,"height":800,"caption":"Spectacle de 3: 3 pieds au FC Barcelone contre l'Inter"},{"@type":"BreadcrumbList","@id":"https:\/\/vieassociative.be\/actualites\/spectacle-de-3-3-pieds-au-fc-barcelone-contre-linter\/#breadcrumb","itemListElement":[{"@type":"ListItem","position":1,"name":"Accueil","item":"https:\/\/vieassociative.be\/actualites\/"},{"@type":"ListItem","position":2,"name":"Spectacle de 3: 3 pieds au FC Barcelone contre l&rsquo;Inter"}]},{"@type":"WebSite","@id":"https:\/\/vieassociative.be\/actualites\/#website","url":"https:\/\/vieassociative.be\/actualites\/","name":"Vie Associative","description":"","publisher":{"@id":"https:\/\/vieassociative.be\/actualites\/#organization"},"potentialAction":[{"@type":"SearchAction","target":{"@type":"EntryPoint","urlTemplate":"https:\/\/vieassociative.be\/actualites\/?s={search_term_string}"},"query-input":{"@type":"PropertyValueSpecification","valueRequired":true,"valueName":"search_term_string"}}],"inLanguage":"fr-BE"},{"@type":"Organization","@id":"https:\/\/vieassociative.be\/actualites\/#organization","name":"Vie Associative","url":"https:\/\/vieassociative.be\/actualites\/","logo":{"@type":"ImageObject","inLanguage":"fr-BE","@id":"https:\/\/vieassociative.be\/actualites\/#\/schema\/logo\/image\/","url":"https:\/\/vieassociative.be\/actualites\/wp-content\/uploads\/2024\/09\/cropped-vieassociative_favicon.ico.png","contentUrl":"https:\/\/vieassociative.be\/actualites\/wp-content\/uploads\/2024\/09\/cropped-vieassociative_favicon.ico.png","width":512,"height":512,"caption":"Vie Associative"},"image":{"@id":"https:\/\/vieassociative.be\/actualites\/#\/schema\/logo\/image\/"}},{"@type":"Person","@id":"https:\/\/vieassociative.be\/actualites\/#\/schema\/person\/b87ac4f82f9d4e7b7cec7395b679edc4","name":"Julien","image":{"@type":"ImageObject","inLanguage":"fr-BE","@id":"https:\/\/vieassociative.be\/actualites\/#\/schema\/person\/image\/","url":"https:\/\/vieassociative.be\/actualites\/wp-content\/uploads\/2024\/09\/vie-associative-1-150x150.jpg","contentUrl":"https:\/\/vieassociative.be\/actualites\/wp-content\/uploads\/2024\/09\/vie-associative-1-150x150.jpg","caption":"Julien"},"description":"Je suis Julien, r\u00e9dacteur pour Vie Associative. Passionn\u00e9 par le monde associatif depuis plus de 10 ans, j'ai \u00e0 c\u0153ur de partager des histoires inspirantes et de mettre en lumi\u00e8re les initiatives locales. Mon objectif est de sensibiliser et d'encourager l'engagement communautaire \u00e0 travers mes articles.","sameAs":["https:\/\/vieassociative.be\/"]}]}},"_links":{"self":[{"href":"https:\/\/vieassociative.be\/actualites\/wp-json\/wp\/v2\/posts\/7186"}],"collection":[{"href":"https:\/\/vieassociative.be\/actualites\/wp-json\/wp\/v2\/posts"}],"about":[{"href":"https:\/\/vieassociative.be\/actualites\/wp-json\/wp\/v2\/types\/post"}],"author":[{"embeddable":true,"href":"https:\/\/vieassociative.be\/actualites\/wp-json\/wp\/v2\/users\/1"}],"replies":[{"embeddable":true,"href":"https:\/\/vieassociative.be\/actualites\/wp-json\/wp\/v2\/comments?post=7186"}],"version-history":[{"count":0,"href":"https:\/\/vieassociative.be\/actualites\/wp-json\/wp\/v2\/posts\/7186\/revisions"}],"wp:featuredmedia":[{"embeddable":true,"href":"https:\/\/vieassociative.be\/actualites\/wp-json\/wp\/v2\/media\/7187"}],"wp:attachment":[{"href":"https:\/\/vieassociative.be\/actualites\/wp-json\/wp\/v2\/media?parent=7186"}],"wp:term":[{"taxonomy":"category","embeddable":true,"href":"https:\/\/vieassociative.be\/actualites\/wp-json\/wp\/v2\/categories?post=7186"},{"taxonomy":"post_tag","embeddable":true,"href":"https:\/\/vieassociative.be\/actualites\/wp-json\/wp\/v2\/tags?post=7186"}],"curies":[{"name":"wp","href":"https:\/\/api.w.org\/{rel}","templated":true}]}}