{"id":7178,"date":"2025-04-30T22:17:34","date_gmt":"2025-04-30T20:17:34","guid":{"rendered":"https:\/\/vieassociative.be\/actualites\/les-parents-allemands-ont-garde-leurs-trois-enfants-dans-une-maison-dhorreur-en-espagne-pendant-des-annees\/"},"modified":"2025-04-30T22:17:34","modified_gmt":"2025-04-30T20:17:34","slug":"les-parents-allemands-ont-garde-leurs-trois-enfants-dans-une-maison-dhorreur-en-espagne-pendant-des-annees","status":"publish","type":"post","link":"https:\/\/vieassociative.be\/actualites\/les-parents-allemands-ont-garde-leurs-trois-enfants-dans-une-maison-dhorreur-en-espagne-pendant-des-annees\/","title":{"rendered":"Les parents allemands ont gard\u00e9 leurs trois enfants dans une \u00abmaison d&rsquo;horreur\u00bb en Espagne pendant des ann\u00e9es"},"content":{"rendered":"<p><strong>La police n&rsquo;a jamais rien vu de tel \u00e0 Oviedo Northern Espagnol: trois enfants n&rsquo;ont pas \u00e9t\u00e9 autoris\u00e9s \u00e0 quitter une maison compl\u00e8tement pleine pendant des ann\u00e9es. M\u00eame les enqu\u00eateurs exp\u00e9riment\u00e9s secouent les d\u00e9tails.<\/strong><\/p>\n<p><span id=\"more-414522\"><\/span>Des parents allemands auraient enferm\u00e9 ses trois enfants en Espagne dans une maison pleine de d\u00e9chets pendant des ann\u00e9es. La pr\u00e9occupation a \u00e9t\u00e9 \u00e9crite sur le visage de Javier Lozano lorsqu&rsquo;il a rapport\u00e9 \u00e0 Oviedo dans le nord du pays sur la campagne pour la lib\u00e9ration des huit \u00e0 dix enfants. \u00ab\u00a0Les fonctionnaires ont \u00e9t\u00e9 stup\u00e9faits, nous n&rsquo;avons jamais eu une telle situation ici \u00e0 Oviedo\u00a0\u00bb, a-t-il d\u00e9clar\u00e9 aux journalistes.<\/p>\n<p>Les parents, un allemand de 53 ans et un germano-am\u00e9ricain de 48 ans, auraient \u00e9t\u00e9 arr\u00eat\u00e9s \u00e0 la p\u00e9riph\u00e9rie d&rsquo;Oviedo lors du d\u00e9ploiement de trois heures dans la maison familiale de Fitoria. Ils ont \u00e9t\u00e9 montr\u00e9s \u00e0 un juge d&rsquo;enqu\u00eate qui d\u00e9cidera d&rsquo;une \u00e9ventuelle garde \u00e0 vue. Les enfants \u00e9taient h\u00e9berg\u00e9s dans une maison. \u00ab\u00a0Votre puits vient en premier\u00a0\u00bb, a soulign\u00e9 Lozano.<\/p>\n<div id=\"attachment_414526\" class=\"wp-caption alignleft\" style=\"max-width: 300px\"><img fetchpriority=\"high\" decoding=\"async\" class=\"wp-image-414526 size-medium\" src=\"https:\/\/vieassociative.be\/actualites\/wp-content\/uploads\/2025\/04\/Les-parents-allemands-ont-garde-leurs-trois-enfants-dans-une.jpg\" alt=\"\" width=\"300\" height=\"200\"  ><\/p>\n<p class=\"wp-caption-text\">20\/09\/2024, Espagne, Madrid: une voiture de patrouille de la politique Nacional est dans une rue. La police a \u00e9t\u00e9 inform\u00e9e par un voisin \u00e0 mi-avril. Photo: Jan Woitas \/ DPA<\/p>\n<\/div>\n<p><strong>&#8211; Un voisin a alert\u00e9 la police:<\/strong> On pense que les enfants y ont \u00e9t\u00e9 enregistr\u00e9s depuis la location de la maison en octobre 2021, a d\u00e9clar\u00e9 Lozano. Entre autres choses, il est connu qu&rsquo;ils ne sont jamais all\u00e9s \u00e0 l&rsquo;\u00e9cole ou au m\u00e9decin \u00e0 Oviedo. Lozano a soulign\u00e9 qu&rsquo;il ne voulait pas anticiper le pouvoir judiciaire, mais il y avait \u00ab\u00a0des preuves claires de crime\u00a0\u00bb.<\/p>\n<p>Le chef des op\u00e9rations a d\u00e9clar\u00e9 qu&rsquo;un voisin avait alert\u00e9 la police en milieu avril. La maison a \u00e9t\u00e9 observ\u00e9e depuis lors. Les enfants ne l&rsquo;ont jamais quitt\u00e9 depuis. Au cours de ces environ deux semaines, les parents n&rsquo;ouvriraient la porte que pour recevoir des commandes en ligne.<\/p>\n<p><strong>&#8211; Danger s\u00e9rieux:<\/strong> La campagne de lib\u00e9ration a finalement \u00e9t\u00e9 lanc\u00e9e lundi. Les services d&rsquo;urgence ont \u00e9t\u00e9 surpris par la d\u00e9faillance massive de puissance dans toute l&rsquo;Espagne, a d\u00e9clar\u00e9 Lozano. \u00ab\u00a0Mais nous avons rapidement d\u00e9clar\u00e9 un risque grave pour le puits et la sant\u00e9 des enfants.\u00a0\u00bb<\/p>\n<p>Lozano a \u00e9t\u00e9 cit\u00e9 par la station de t\u00e9l\u00e9vision d&rsquo;\u00c9tat RTVE et le journal r\u00e9gional \u00ab\u00a0La Nueva Espa\u00f1a\u00a0\u00bb avec les mots qu&rsquo;il s&rsquo;agissait d&rsquo;une v\u00e9ritable \u00ab\u00a0maison d&rsquo;horreur\u00a0\u00bb. La situation a r\u00e9v\u00e9l\u00e9 que m\u00eame les enqu\u00eateurs exp\u00e9riment\u00e9s frissonner. Les m\u00e9dias ont publi\u00e9 les autorit\u00e9s, citant les autorit\u00e9s, dont un porte-parole de la police d&rsquo;Oviedo a confirm\u00e9 \u00e0 la demande de l&rsquo;agence de presse allemande DPA.<\/p>\n<p><strong>&#8211; ordures et un chat malade au milieu des excr\u00e9ments:<\/strong> \u00ab\u00a0Les enfants \u00e9taient sales, en pyjama et fortement n\u00e9glig\u00e9s\u00a0\u00bb, a-t-il d\u00e9clar\u00e9. Ils sont \u00e9galement \u00ab\u00a0de mani\u00e8re significative\u00a0\u00bb. La maison \u00e9tait \u00ab\u00a0jonch\u00e9e de d\u00e9chets partout\u00a0\u00bb, \u00ab\u00a0m\u00eame sous les lits\u00a0\u00bb. Un chat gravement malade a \u00e9galement \u00e9t\u00e9 trouv\u00e9 l\u00e0-bas au milieu des excr\u00e9ments.<\/p>\n<p>Les enfants, des jumeaux de huit ans et un gar\u00e7on de dix ans, auraient d\u00fb dormir dans de petits lits de grille. Ils ont \u00e9t\u00e9 forc\u00e9s par leurs parents \u00e0 porter des couches et des masques \u00e0 nez de la bouche et ont \u00e9t\u00e9 compl\u00e8tement scell\u00e9s du monde ext\u00e9rieur. Ils n&rsquo;auraient m\u00eame pas \u00e9t\u00e9 d\u00e9tect\u00e9s dans le jardin de la maison. \u00ab\u00a0Nous avons ramen\u00e9 trois mineurs \u00e0 la vie. Je n&rsquo;ai jamais pens\u00e9 que quelque chose comme \u00e7a pourrait arriver dans ce pays\u00a0\u00bb, a d\u00e9clar\u00e9 Lozano.<\/p>\n<p><strong>&#8211; Les enfants respiraient profond\u00e9ment et s&rsquo;interrogent sur l&rsquo;herbe:<\/strong> Les autorit\u00e9s n&rsquo;ont initialement fourni aucune information sur les raisons pour lesquelles les parents avaient isol\u00e9 leurs enfants du monde ext\u00e9rieur. Lorsque les petits ont \u00e9t\u00e9 sortis de la maison pour la premi\u00e8re fois, l&rsquo;un d&rsquo;eux a touch\u00e9 l&rsquo;herbe de la pelouse \u00e9tonn\u00e9e. \u00ab\u00a0D\u00e8s que nous les avons sortis, tous les trois ont commenc\u00e9 \u00e0 respirer profond\u00e9ment comme s&rsquo;ils n&rsquo;avaient jamais \u00e9t\u00e9 dans l&rsquo;air frais\u00a0\u00bb, a d\u00e9clar\u00e9 un enqu\u00eateur sur le journal \u00ab\u00a0La Nueva Espa\u00f1a\u00a0\u00bb. D&rsquo;o\u00f9 vient la famille en Allemagne et depuis qu&rsquo;il \u00e9tait en Espagne, il n&rsquo;\u00e9tait pas clair. (DPA)<\/p>\n","protected":false},"excerpt":{"rendered":"<p>La police n&rsquo;a jamais rien vu de tel \u00e0 Oviedo Northern Espagnol: trois enfants n&rsquo;ont pas \u00e9t\u00e9 autoris\u00e9s \u00e0 quitter une maison compl\u00e8tement pleine pendant<\/p>\n","protected":false},"author":1,"featured_media":7179,"comment_status":"","ping_status":"","sticky":false,"template":"","format":"standard","meta":{"footnotes":""},"categories":[298],"tags":[6730,2392,166,29,2053,324,648,903,14,845,560,1374,1319,198,771,110],"class_list":["post-7178","post","type-post","status-publish","format-standard","has-post-thumbnail","hentry","category-belgique","tag-allemands","tag-annees","tag-dans","tag-des","tag-dhorreur","tag-enfants","tag-espagne","tag-garde","tag-les","tag-leurs","tag-maison","tag-ont","tag-parents","tag-pendant","tag-trois","tag-une","generate-columns","tablet-grid-50","mobile-grid-100","grid-parent","grid-33"],"yoast_head":"<!-- This site is optimized with the Yoast SEO plugin v24.0 - https:\/\/yoast.com\/wordpress\/plugins\/seo\/ -->\n<title>Les parents allemands ont gard\u00e9 leurs trois enfants dans une \u00abmaison d&#039;horreur\u00bb en Espagne pendant des ann\u00e9es | Vie Associative<\/title>\n<meta name=\"robots\" content=\"index, follow, max-snippet:-1, max-image-preview:large, max-video-preview:-1\" \/>\n<link rel=\"canonical\" href=\"https:\/\/vieassociative.be\/actualites\/les-parents-allemands-ont-garde-leurs-trois-enfants-dans-une-maison-dhorreur-en-espagne-pendant-des-annees\/\" \/>\n<meta property=\"og:locale\" content=\"fr_FR\" \/>\n<meta property=\"og:type\" content=\"article\" \/>\n<meta property=\"og:title\" content=\"Les parents allemands ont gard\u00e9 leurs trois enfants dans une \u00abmaison d&#039;horreur\u00bb en Espagne pendant des ann\u00e9es | Vie Associative\" \/>\n<meta property=\"og:description\" content=\"La police n&rsquo;a jamais rien vu de tel \u00e0 Oviedo Northern Espagnol: trois enfants n&rsquo;ont pas \u00e9t\u00e9 autoris\u00e9s \u00e0 quitter une maison compl\u00e8tement pleine pendant\" \/>\n<meta property=\"og:url\" content=\"https:\/\/vieassociative.be\/actualites\/les-parents-allemands-ont-garde-leurs-trois-enfants-dans-une-maison-dhorreur-en-espagne-pendant-des-annees\/\" \/>\n<meta property=\"og:site_name\" content=\"Vie Associative\" \/>\n<meta property=\"article:published_time\" content=\"2025-04-30T20:17:34+00:00\" \/>\n<meta property=\"og:image\" content=\"https:\/\/vieassociative.be\/actualites\/wp-content\/uploads\/2024\/09\/header_backgroundk-01-e1726694325946.png\" \/>\n\t<meta property=\"og:image:width\" content=\"279\" \/>\n\t<meta property=\"og:image:height\" content=\"92\" \/>\n\t<meta property=\"og:image:type\" content=\"image\/png\" \/>\n<meta name=\"author\" content=\"Julien\" \/>\n<meta name=\"twitter:card\" content=\"summary_large_image\" \/>\n<meta name=\"twitter:label1\" content=\"\u00c9crit par\" \/>\n\t<meta name=\"twitter:data1\" content=\"Julien\" \/>\n\t<meta name=\"twitter:label2\" content=\"Dur\u00e9e de lecture est.\" \/>\n\t<meta name=\"twitter:data2\" content=\"4 minutes\" \/>\n<script type=\"application\/ld+json\" class=\"yoast-schema-graph\">{\"@context\":\"https:\/\/schema.org\",\"@graph\":[{\"@type\":\"Article\",\"@id\":\"https:\/\/vieassociative.be\/actualites\/les-parents-allemands-ont-garde-leurs-trois-enfants-dans-une-maison-dhorreur-en-espagne-pendant-des-annees\/#article\",\"isPartOf\":{\"@id\":\"https:\/\/vieassociative.be\/actualites\/les-parents-allemands-ont-garde-leurs-trois-enfants-dans-une-maison-dhorreur-en-espagne-pendant-des-annees\/\"},\"author\":{\"name\":\"Julien\",\"@id\":\"https:\/\/vieassociative.be\/actualites\/#\/schema\/person\/b87ac4f82f9d4e7b7cec7395b679edc4\"},\"headline\":\"Les parents allemands ont gard\u00e9 leurs trois enfants dans une \u00abmaison d&rsquo;horreur\u00bb en Espagne pendant des ann\u00e9es\",\"datePublished\":\"2025-04-30T20:17:34+00:00\",\"dateModified\":\"2025-04-30T20:17:34+00:00\",\"mainEntityOfPage\":{\"@id\":\"https:\/\/vieassociative.be\/actualites\/les-parents-allemands-ont-garde-leurs-trois-enfants-dans-une-maison-dhorreur-en-espagne-pendant-des-annees\/\"},\"wordCount\":774,\"publisher\":{\"@id\":\"https:\/\/vieassociative.be\/actualites\/#organization\"},\"image\":{\"@id\":\"https:\/\/vieassociative.be\/actualites\/les-parents-allemands-ont-garde-leurs-trois-enfants-dans-une-maison-dhorreur-en-espagne-pendant-des-annees\/#primaryimage\"},\"thumbnailUrl\":\"https:\/\/vieassociative.be\/actualites\/wp-content\/uploads\/2025\/04\/1746044254_Les-parents-allemands-ont-garde-leurs-trois-enfants-dans-une.jpg\",\"keywords\":[\"allemands\",\"ann\u00e9es\",\"dans\",\"Des\",\"dhorreur\",\"enfants\",\"Espagne\",\"garde\",\"Les\",\"leurs\",\"maison\",\"ont\",\"parents\",\"pendant\",\"trois\",\"une\"],\"articleSection\":[\"Belgique\"],\"inLanguage\":\"fr-BE\"},{\"@type\":\"WebPage\",\"@id\":\"https:\/\/vieassociative.be\/actualites\/les-parents-allemands-ont-garde-leurs-trois-enfants-dans-une-maison-dhorreur-en-espagne-pendant-des-annees\/\",\"url\":\"https:\/\/vieassociative.be\/actualites\/les-parents-allemands-ont-garde-leurs-trois-enfants-dans-une-maison-dhorreur-en-espagne-pendant-des-annees\/\",\"name\":\"Les parents allemands ont gard\u00e9 leurs trois enfants dans une \u00abmaison d'horreur\u00bb en Espagne pendant des ann\u00e9es | Vie Associative\",\"isPartOf\":{\"@id\":\"https:\/\/vieassociative.be\/actualites\/#website\"},\"primaryImageOfPage\":{\"@id\":\"https:\/\/vieassociative.be\/actualites\/les-parents-allemands-ont-garde-leurs-trois-enfants-dans-une-maison-dhorreur-en-espagne-pendant-des-annees\/#primaryimage\"},\"image\":{\"@id\":\"https:\/\/vieassociative.be\/actualites\/les-parents-allemands-ont-garde-leurs-trois-enfants-dans-une-maison-dhorreur-en-espagne-pendant-des-annees\/#primaryimage\"},\"thumbnailUrl\":\"https:\/\/vieassociative.be\/actualites\/wp-content\/uploads\/2025\/04\/1746044254_Les-parents-allemands-ont-garde-leurs-trois-enfants-dans-une.jpg\",\"datePublished\":\"2025-04-30T20:17:34+00:00\",\"dateModified\":\"2025-04-30T20:17:34+00:00\",\"breadcrumb\":{\"@id\":\"https:\/\/vieassociative.be\/actualites\/les-parents-allemands-ont-garde-leurs-trois-enfants-dans-une-maison-dhorreur-en-espagne-pendant-des-annees\/#breadcrumb\"},\"inLanguage\":\"fr-BE\",\"potentialAction\":[{\"@type\":\"ReadAction\",\"target\":[\"https:\/\/vieassociative.be\/actualites\/les-parents-allemands-ont-garde-leurs-trois-enfants-dans-une-maison-dhorreur-en-espagne-pendant-des-annees\/\"]}]},{\"@type\":\"ImageObject\",\"inLanguage\":\"fr-BE\",\"@id\":\"https:\/\/vieassociative.be\/actualites\/les-parents-allemands-ont-garde-leurs-trois-enfants-dans-une-maison-dhorreur-en-espagne-pendant-des-annees\/#primaryimage\",\"url\":\"https:\/\/vieassociative.be\/actualites\/wp-content\/uploads\/2025\/04\/1746044254_Les-parents-allemands-ont-garde-leurs-trois-enfants-dans-une.jpg\",\"contentUrl\":\"https:\/\/vieassociative.be\/actualites\/wp-content\/uploads\/2025\/04\/1746044254_Les-parents-allemands-ont-garde-leurs-trois-enfants-dans-une.jpg\",\"width\":1200,\"height\":800,\"caption\":\"Les parents allemands ont gard\u00e9 leurs trois enfants dans une \u00abmaison d'horreur\u00bb en Espagne pendant des ann\u00e9es\"},{\"@type\":\"BreadcrumbList\",\"@id\":\"https:\/\/vieassociative.be\/actualites\/les-parents-allemands-ont-garde-leurs-trois-enfants-dans-une-maison-dhorreur-en-espagne-pendant-des-annees\/#breadcrumb\",\"itemListElement\":[{\"@type\":\"ListItem\",\"position\":1,\"name\":\"Accueil\",\"item\":\"https:\/\/vieassociative.be\/actualites\/\"},{\"@type\":\"ListItem\",\"position\":2,\"name\":\"Les parents allemands ont gard\u00e9 leurs trois enfants dans une \u00abmaison d&rsquo;horreur\u00bb en Espagne pendant des ann\u00e9es\"}]},{\"@type\":\"WebSite\",\"@id\":\"https:\/\/vieassociative.be\/actualites\/#website\",\"url\":\"https:\/\/vieassociative.be\/actualites\/\",\"name\":\"Vie Associative\",\"description\":\"\",\"publisher\":{\"@id\":\"https:\/\/vieassociative.be\/actualites\/#organization\"},\"potentialAction\":[{\"@type\":\"SearchAction\",\"target\":{\"@type\":\"EntryPoint\",\"urlTemplate\":\"https:\/\/vieassociative.be\/actualites\/?s={search_term_string}\"},\"query-input\":{\"@type\":\"PropertyValueSpecification\",\"valueRequired\":true,\"valueName\":\"search_term_string\"}}],\"inLanguage\":\"fr-BE\"},{\"@type\":\"Organization\",\"@id\":\"https:\/\/vieassociative.be\/actualites\/#organization\",\"name\":\"Vie Associative\",\"url\":\"https:\/\/vieassociative.be\/actualites\/\",\"logo\":{\"@type\":\"ImageObject\",\"inLanguage\":\"fr-BE\",\"@id\":\"https:\/\/vieassociative.be\/actualites\/#\/schema\/logo\/image\/\",\"url\":\"https:\/\/vieassociative.be\/actualites\/wp-content\/uploads\/2024\/09\/cropped-vieassociative_favicon.ico.png\",\"contentUrl\":\"https:\/\/vieassociative.be\/actualites\/wp-content\/uploads\/2024\/09\/cropped-vieassociative_favicon.ico.png\",\"width\":512,\"height\":512,\"caption\":\"Vie Associative\"},\"image\":{\"@id\":\"https:\/\/vieassociative.be\/actualites\/#\/schema\/logo\/image\/\"}},{\"@type\":\"Person\",\"@id\":\"https:\/\/vieassociative.be\/actualites\/#\/schema\/person\/b87ac4f82f9d4e7b7cec7395b679edc4\",\"name\":\"Julien\",\"image\":{\"@type\":\"ImageObject\",\"inLanguage\":\"fr-BE\",\"@id\":\"https:\/\/vieassociative.be\/actualites\/#\/schema\/person\/image\/\",\"url\":\"https:\/\/vieassociative.be\/actualites\/wp-content\/uploads\/2024\/09\/vie-associative-1-150x150.jpg\",\"contentUrl\":\"https:\/\/vieassociative.be\/actualites\/wp-content\/uploads\/2024\/09\/vie-associative-1-150x150.jpg\",\"caption\":\"Julien\"},\"description\":\"Je suis Julien, r\u00e9dacteur pour Vie Associative. Passionn\u00e9 par le monde associatif depuis plus de 10 ans, j'ai \u00e0 c\u0153ur de partager des histoires inspirantes et de mettre en lumi\u00e8re les initiatives locales. Mon objectif est de sensibiliser et d'encourager l'engagement communautaire \u00e0 travers mes articles.\",\"sameAs\":[\"https:\/\/vieassociative.be\/\"]}]}<\/script>\n<!-- \/ Yoast SEO plugin. -->","yoast_head_json":{"title":"Les parents allemands ont gard\u00e9 leurs trois enfants dans une \u00abmaison d'horreur\u00bb en Espagne pendant des ann\u00e9es | Vie Associative","robots":{"index":"index","follow":"follow","max-snippet":"max-snippet:-1","max-image-preview":"max-image-preview:large","max-video-preview":"max-video-preview:-1"},"canonical":"https:\/\/vieassociative.be\/actualites\/les-parents-allemands-ont-garde-leurs-trois-enfants-dans-une-maison-dhorreur-en-espagne-pendant-des-annees\/","og_locale":"fr_FR","og_type":"article","og_title":"Les parents allemands ont gard\u00e9 leurs trois enfants dans une \u00abmaison d'horreur\u00bb en Espagne pendant des ann\u00e9es | Vie Associative","og_description":"La police n&rsquo;a jamais rien vu de tel \u00e0 Oviedo Northern Espagnol: trois enfants n&rsquo;ont pas \u00e9t\u00e9 autoris\u00e9s \u00e0 quitter une maison compl\u00e8tement pleine pendant","og_url":"https:\/\/vieassociative.be\/actualites\/les-parents-allemands-ont-garde-leurs-trois-enfants-dans-une-maison-dhorreur-en-espagne-pendant-des-annees\/","og_site_name":"Vie Associative","article_published_time":"2025-04-30T20:17:34+00:00","og_image":[{"width":279,"height":92,"url":"https:\/\/vieassociative.be\/actualites\/wp-content\/uploads\/2024\/09\/header_backgroundk-01-e1726694325946.png","type":"image\/png"}],"author":"Julien","twitter_card":"summary_large_image","twitter_misc":{"\u00c9crit par":"Julien","Dur\u00e9e de lecture est.":"4 minutes"},"schema":{"@context":"https:\/\/schema.org","@graph":[{"@type":"Article","@id":"https:\/\/vieassociative.be\/actualites\/les-parents-allemands-ont-garde-leurs-trois-enfants-dans-une-maison-dhorreur-en-espagne-pendant-des-annees\/#article","isPartOf":{"@id":"https:\/\/vieassociative.be\/actualites\/les-parents-allemands-ont-garde-leurs-trois-enfants-dans-une-maison-dhorreur-en-espagne-pendant-des-annees\/"},"author":{"name":"Julien","@id":"https:\/\/vieassociative.be\/actualites\/#\/schema\/person\/b87ac4f82f9d4e7b7cec7395b679edc4"},"headline":"Les parents allemands ont gard\u00e9 leurs trois enfants dans une \u00abmaison d&rsquo;horreur\u00bb en Espagne pendant des ann\u00e9es","datePublished":"2025-04-30T20:17:34+00:00","dateModified":"2025-04-30T20:17:34+00:00","mainEntityOfPage":{"@id":"https:\/\/vieassociative.be\/actualites\/les-parents-allemands-ont-garde-leurs-trois-enfants-dans-une-maison-dhorreur-en-espagne-pendant-des-annees\/"},"wordCount":774,"publisher":{"@id":"https:\/\/vieassociative.be\/actualites\/#organization"},"image":{"@id":"https:\/\/vieassociative.be\/actualites\/les-parents-allemands-ont-garde-leurs-trois-enfants-dans-une-maison-dhorreur-en-espagne-pendant-des-annees\/#primaryimage"},"thumbnailUrl":"https:\/\/vieassociative.be\/actualites\/wp-content\/uploads\/2025\/04\/1746044254_Les-parents-allemands-ont-garde-leurs-trois-enfants-dans-une.jpg","keywords":["allemands","ann\u00e9es","dans","Des","dhorreur","enfants","Espagne","garde","Les","leurs","maison","ont","parents","pendant","trois","une"],"articleSection":["Belgique"],"inLanguage":"fr-BE"},{"@type":"WebPage","@id":"https:\/\/vieassociative.be\/actualites\/les-parents-allemands-ont-garde-leurs-trois-enfants-dans-une-maison-dhorreur-en-espagne-pendant-des-annees\/","url":"https:\/\/vieassociative.be\/actualites\/les-parents-allemands-ont-garde-leurs-trois-enfants-dans-une-maison-dhorreur-en-espagne-pendant-des-annees\/","name":"Les parents allemands ont gard\u00e9 leurs trois enfants dans une \u00abmaison d'horreur\u00bb en Espagne pendant des ann\u00e9es | Vie Associative","isPartOf":{"@id":"https:\/\/vieassociative.be\/actualites\/#website"},"primaryImageOfPage":{"@id":"https:\/\/vieassociative.be\/actualites\/les-parents-allemands-ont-garde-leurs-trois-enfants-dans-une-maison-dhorreur-en-espagne-pendant-des-annees\/#primaryimage"},"image":{"@id":"https:\/\/vieassociative.be\/actualites\/les-parents-allemands-ont-garde-leurs-trois-enfants-dans-une-maison-dhorreur-en-espagne-pendant-des-annees\/#primaryimage"},"thumbnailUrl":"https:\/\/vieassociative.be\/actualites\/wp-content\/uploads\/2025\/04\/1746044254_Les-parents-allemands-ont-garde-leurs-trois-enfants-dans-une.jpg","datePublished":"2025-04-30T20:17:34+00:00","dateModified":"2025-04-30T20:17:34+00:00","breadcrumb":{"@id":"https:\/\/vieassociative.be\/actualites\/les-parents-allemands-ont-garde-leurs-trois-enfants-dans-une-maison-dhorreur-en-espagne-pendant-des-annees\/#breadcrumb"},"inLanguage":"fr-BE","potentialAction":[{"@type":"ReadAction","target":["https:\/\/vieassociative.be\/actualites\/les-parents-allemands-ont-garde-leurs-trois-enfants-dans-une-maison-dhorreur-en-espagne-pendant-des-annees\/"]}]},{"@type":"ImageObject","inLanguage":"fr-BE","@id":"https:\/\/vieassociative.be\/actualites\/les-parents-allemands-ont-garde-leurs-trois-enfants-dans-une-maison-dhorreur-en-espagne-pendant-des-annees\/#primaryimage","url":"https:\/\/vieassociative.be\/actualites\/wp-content\/uploads\/2025\/04\/1746044254_Les-parents-allemands-ont-garde-leurs-trois-enfants-dans-une.jpg","contentUrl":"https:\/\/vieassociative.be\/actualites\/wp-content\/uploads\/2025\/04\/1746044254_Les-parents-allemands-ont-garde-leurs-trois-enfants-dans-une.jpg","width":1200,"height":800,"caption":"Les parents allemands ont gard\u00e9 leurs trois enfants dans une \u00abmaison d'horreur\u00bb en Espagne pendant des ann\u00e9es"},{"@type":"BreadcrumbList","@id":"https:\/\/vieassociative.be\/actualites\/les-parents-allemands-ont-garde-leurs-trois-enfants-dans-une-maison-dhorreur-en-espagne-pendant-des-annees\/#breadcrumb","itemListElement":[{"@type":"ListItem","position":1,"name":"Accueil","item":"https:\/\/vieassociative.be\/actualites\/"},{"@type":"ListItem","position":2,"name":"Les parents allemands ont gard\u00e9 leurs trois enfants dans une \u00abmaison d&rsquo;horreur\u00bb en Espagne pendant des ann\u00e9es"}]},{"@type":"WebSite","@id":"https:\/\/vieassociative.be\/actualites\/#website","url":"https:\/\/vieassociative.be\/actualites\/","name":"Vie Associative","description":"","publisher":{"@id":"https:\/\/vieassociative.be\/actualites\/#organization"},"potentialAction":[{"@type":"SearchAction","target":{"@type":"EntryPoint","urlTemplate":"https:\/\/vieassociative.be\/actualites\/?s={search_term_string}"},"query-input":{"@type":"PropertyValueSpecification","valueRequired":true,"valueName":"search_term_string"}}],"inLanguage":"fr-BE"},{"@type":"Organization","@id":"https:\/\/vieassociative.be\/actualites\/#organization","name":"Vie Associative","url":"https:\/\/vieassociative.be\/actualites\/","logo":{"@type":"ImageObject","inLanguage":"fr-BE","@id":"https:\/\/vieassociative.be\/actualites\/#\/schema\/logo\/image\/","url":"https:\/\/vieassociative.be\/actualites\/wp-content\/uploads\/2024\/09\/cropped-vieassociative_favicon.ico.png","contentUrl":"https:\/\/vieassociative.be\/actualites\/wp-content\/uploads\/2024\/09\/cropped-vieassociative_favicon.ico.png","width":512,"height":512,"caption":"Vie Associative"},"image":{"@id":"https:\/\/vieassociative.be\/actualites\/#\/schema\/logo\/image\/"}},{"@type":"Person","@id":"https:\/\/vieassociative.be\/actualites\/#\/schema\/person\/b87ac4f82f9d4e7b7cec7395b679edc4","name":"Julien","image":{"@type":"ImageObject","inLanguage":"fr-BE","@id":"https:\/\/vieassociative.be\/actualites\/#\/schema\/person\/image\/","url":"https:\/\/vieassociative.be\/actualites\/wp-content\/uploads\/2024\/09\/vie-associative-1-150x150.jpg","contentUrl":"https:\/\/vieassociative.be\/actualites\/wp-content\/uploads\/2024\/09\/vie-associative-1-150x150.jpg","caption":"Julien"},"description":"Je suis Julien, r\u00e9dacteur pour Vie Associative. Passionn\u00e9 par le monde associatif depuis plus de 10 ans, j'ai \u00e0 c\u0153ur de partager des histoires inspirantes et de mettre en lumi\u00e8re les initiatives locales. Mon objectif est de sensibiliser et d'encourager l'engagement communautaire \u00e0 travers mes articles.","sameAs":["https:\/\/vieassociative.be\/"]}]}},"_links":{"self":[{"href":"https:\/\/vieassociative.be\/actualites\/wp-json\/wp\/v2\/posts\/7178"}],"collection":[{"href":"https:\/\/vieassociative.be\/actualites\/wp-json\/wp\/v2\/posts"}],"about":[{"href":"https:\/\/vieassociative.be\/actualites\/wp-json\/wp\/v2\/types\/post"}],"author":[{"embeddable":true,"href":"https:\/\/vieassociative.be\/actualites\/wp-json\/wp\/v2\/users\/1"}],"replies":[{"embeddable":true,"href":"https:\/\/vieassociative.be\/actualites\/wp-json\/wp\/v2\/comments?post=7178"}],"version-history":[{"count":0,"href":"https:\/\/vieassociative.be\/actualites\/wp-json\/wp\/v2\/posts\/7178\/revisions"}],"wp:featuredmedia":[{"embeddable":true,"href":"https:\/\/vieassociative.be\/actualites\/wp-json\/wp\/v2\/media\/7179"}],"wp:attachment":[{"href":"https:\/\/vieassociative.be\/actualites\/wp-json\/wp\/v2\/media?parent=7178"}],"wp:term":[{"taxonomy":"category","embeddable":true,"href":"https:\/\/vieassociative.be\/actualites\/wp-json\/wp\/v2\/categories?post=7178"},{"taxonomy":"post_tag","embeddable":true,"href":"https:\/\/vieassociative.be\/actualites\/wp-json\/wp\/v2\/tags?post=7178"}],"curies":[{"name":"wp","href":"https:\/\/api.w.org\/{rel}","templated":true}]}}