{"id":7176,"date":"2025-04-30T21:17:34","date_gmt":"2025-04-30T19:17:34","guid":{"rendered":"https:\/\/vieassociative.be\/actualites\/mettez-a-jour-vos-appareils-apple-maintenant-pour-les-proteger-de-la-nouvelle-vulnerabilite-airplay\/"},"modified":"2025-04-30T21:17:34","modified_gmt":"2025-04-30T19:17:34","slug":"mettez-a-jour-vos-appareils-apple-maintenant-pour-les-proteger-de-la-nouvelle-vulnerabilite-airplay","status":"publish","type":"post","link":"https:\/\/vieassociative.be\/actualites\/mettez-a-jour-vos-appareils-apple-maintenant-pour-les-proteger-de-la-nouvelle-vulnerabilite-airplay\/","title":{"rendered":"Mettez \u00e0 jour vos appareils Apple maintenant pour les prot\u00e9ger de la nouvelle vuln\u00e9rabilit\u00e9 AirPlay"},"content":{"rendered":"<div class=\"mt-4 leading-6 md:mb-8\">Un nouveau virus est dans l&rsquo;air.<\/div>\n<p><\/p>\n<p>Il y a un nouveau probl\u00e8me de s\u00e9curit\u00e9 Apple en ville, et cette fois, c&rsquo;est en l&rsquo;air. Ou bien, c&rsquo;est comme \u00e7a que les chercheurs en s\u00e9curit\u00e9 l&rsquo;appellent. Comme la soci\u00e9t\u00e9 de cybers\u00e9curit\u00e9 Oligo l&rsquo;a r\u00e9v\u00e9l\u00e9 mardi, une collection de vuln\u00e9rabilit\u00e9s de s\u00e9curit\u00e9 affecte d\u00e9sormais la fonction AirPlay dans les produits Apple, et le SDK Airplay utilis\u00e9 dans des gadgets tiers comme les t\u00e9l\u00e9viseurs, les haut-parleurs, les r\u00e9cepteurs, etc.<\/p>\n<p>Comme l&rsquo;a rapport\u00e9 Wired, la vuln\u00e9rabilit\u00e9 permet aux pirates de prendre le contr\u00f4le du protocole AirPlay pour injecter des logiciels malveillants et prendre le contr\u00f4le des appareils impact\u00e9s. Il s&rsquo;agit d&rsquo;une attaque z\u00e9ro cliquez, donc cela fonctionne m\u00eame si vous ne cliquez sur rien.<\/p>\n<p>AirPlay est un protocole largement pris en charge et un moyen populaire pour les appareils Apple pour partager l&rsquo;audio et la vid\u00e9o. Heureusement, Oligo avait alert\u00e9 Apple \u00e0 propos de ce probl\u00e8me et a pass\u00e9 des mois en arri\u00e8re-plan \u00e0 r\u00e9soudre les probl\u00e8mes.<\/p>\n<h2 id=\"how-airbornes-hijacking-works\">Comment fonctionne le d\u00e9tournement d&rsquo;Airborne<\/h2>\n<p>La vuln\u00e9rabilit\u00e9 a\u00e9roport\u00e9e ne fonctionne que sur un r\u00e9seau local, donc le pirate de l&rsquo;air devra \u00eatre \u00e0 proximit\u00e9 de vous et sur ce m\u00eame r\u00e9seau. Ce r\u00e9seau local peut \u00eatre n&rsquo;importe o\u00f9, comme votre maison, votre espace de travail ou le r\u00e9seau WiFi de l&rsquo;a\u00e9roport.<\/p>\n<p>Si un pirate est sur votre r\u00e9seau local et si vos appareils Airplay sont d\u00e9couvrables, il est sensible \u00e0 une attaque z\u00e9ro cliquez sur. Ce qui signifie que le pirate de l&rsquo;air peut prendre le contr\u00f4le de l&rsquo;appareil sans aucune action de votre part. Alternativement, ils pourraient diriger un autre type d&rsquo;attaque \u00e0 votre appareil, comme une attaque de l&rsquo;homme au milieu (MITM) ou une attaque de d\u00e9ni de service (DOS).<\/p>\n<p>Sur un Mac, cela pourrait permettre au pirate de pirate de prendre le contr\u00f4le et d&rsquo;ex\u00e9cuter du code malveillant sur votre ordinateur.<\/p>\n<p>Sur un appareil connect\u00e9, comme un haut-parleur Bluetooth, il pourrait \u00e9galement permettre au pirate de pirate de jouer tout ce qu&rsquo;ils veulent, ou allumer le microphone pour \u00e9couter les conversations. La vid\u00e9o ci-dessous montre les chercheurs en s\u00e9curit\u00e9 qui prennent le contr\u00f4le d&rsquo;un haut-parleur Bose.<\/p>\n<div class=\"pogoClear relative my-10 border-b-(1.5px) border-t-(1.5px) border-dashed border-black py-5 sm:my-14 sm:border-0 sm:py-0\" data-ga-click data-ga-template=\"News\" data-ga-module=\"openweb_widget\" data-ga-element=\"openweb_scroll\" data-ga-item=\"openweb_scroll_midpage\" x-cloak x-data=\"{ commentsCount: null, hasComments: false }\" x-init=\"commentsCount = await window.openweb.getMessagesCount(01JT3TFENM4F1Z5WYGNA1R81DX);\n     hasComments = commentsCount !== null &amp;&amp; commentsCount &gt; 0\"><\/p>\n<div class=\"absolute top-1\/2 hidden w-full -translate-y-1\/2 border-t-(1.5px) border-dashed border-black sm:block\"><\/div>\n<div class=\"relative flex justify-center\">\n<div class=\"flex max-w-max items-center gap-x-3 bg-white px-5\">\n<div class=\"relative\">\n                <span class=\"absolute left-1\/2 top-1\/2 -translate-x-1\/2 -translate-y-1\/2 font-akshar text-sm font-medium text-black\" x-show=\"hasComments\" x-text=\"commentsCount\"><\/span><\/p>\n<p>                <svg class=\"h-8 w-8 text-black\">\n                    <use href=\"http:\/\/lifehacker.com\/images\/icons\/spritemap.svg#sprite-chat-bubble\"><\/use>\n                <\/svg>\n            <\/div>\n<p>            <span class=\"text-sm font-medium text-black\"><\/p>\n<p>                Que pensez-vous jusqu&rsquo;\u00e0 pr\u00e9sent?<br \/>\n                <button class=\"font-semibold text-brand-green underline hover:text-brand-green-700\" onclick=\"window.openweb.scrollToComments('01JT3TFENM4F1Z5WYGNA1R81DX')\" x-text=\"hasComments ? 'Post a comment.' : 'Be the first to post a comment.'\"><\/button><br \/>\n            <\/span>\n        <\/div>\n<\/p><\/div>\n<\/div>\n<div class=\"mx-auto mt-8 w-full max-w-4xl aspect-video\">\n<div id=\"video-container-vcs5G4JWab8\"><\/div>\n<\/div>\n<h2 id=\"time-to-update-all-your-apple-devices\">Il est temps de mettre \u00e0 jour tous vos appareils Apple<\/h2>\n<p>Apple a corrig\u00e9 la vuln\u00e9rabilit\u00e9 a\u00e9roport\u00e9e sur tous ses derniers logiciels. Cela signifie qu&rsquo;il est temps de mettre \u00e0 jour votre iPhone, iPad, Mac, Apple Watch et Apple Vision Pro vers la derni\u00e8re version du logiciel disponible. Vous pouvez le faire en allant \u00e0 <strong>Param\u00e8tres<\/strong> > <strong>G\u00e9n\u00e9ral<\/strong> > <strong>Mise \u00e0 jour logicielle<\/strong> sur votre iPhone ou iPad, et <strong>Param\u00e8tres du syst\u00e8me<\/strong> > <strong>G\u00e9n\u00e9ral<\/strong> > <strong>Mise \u00e0 jour logicielle<\/strong> sur le mac.<\/p>\n<h2 id=\"what-to-do-about-third-party-devices\">Que faire sur des appareils tiers<\/h2>\n<p>Alors qu&rsquo;Oligo a travaill\u00e9 en \u00e9troite collaboration avec Apple pour corriger la vuln\u00e9rabilit\u00e9 dans ses propres appareils, le probl\u00e8me reste sur les appareils qui prennent en charge le protocole AirPlay, comme votre t\u00e9l\u00e9viseur ou votre haut-parleur intelligent, qui sera toujours expos\u00e9 \u00e0 ce probl\u00e8me. Ces appareils, dont il y a des dizaines de millions \u00e0 l&rsquo;\u00e9tat sauvage, sont le vrai probl\u00e8me, car les chercheurs en s\u00e9curit\u00e9 ne peuvent pas travailler avec chaque entreprise pour r\u00e9soudre le probl\u00e8me.<\/p>\n<p>Vous ne pouvez pas faire beaucoup de dispositifs tiers, mais si vous voyez une mise \u00e0 jour d&rsquo;un appareil pris en charge AirPlay dans votre maison, assurez-vous de l&rsquo;installer.<\/p>\n<h2 id=\"how-to-protect-yourself-from-airplay-hijacking\">Comment vous prot\u00e9ger contre le d\u00e9tournement de l&rsquo;air<\/h2>\n<div class=\"eloquent-imagery-image\">\n<div class=\"flex justify-center\">\n                    <img decoding=\"async\" class=\"border border-gray-100\" src=\"https:\/\/vieassociative.be\/actualites\/wp-content\/uploads\/2025\/04\/Mettez-a-jour-vos-appareils-Apple-maintenant-pour-les-proteger.png\" alt=\"D\u00e9sactivation de la re\u00e7ue a\u00e9r\u00e9e sur Mac.\" width=\"2000\" height=\"1555\" loading=\"lazy\"  >\n            <\/div>\n<\/p><\/div>\n<p>Oui, vous avez mis \u00e0 jour vos appareils Apple officiels, mais selon votre appareil, cela pourrait ne pas \u00eatre suffisant, comme mentionn\u00e9 ci-dessus. Bien que vous ne puissiez pas vraiment vous attendre \u00e0 mettre \u00e0 jour le firmware sur votre haut-parleur, vous pouvez faire quelques choses pour r\u00e9duire la probabilit\u00e9 d&rsquo;une attaque.<\/p>\n<ol>\n<li>\n<p>Tout d&rsquo;abord, assurez-vous de mettre \u00e0 jour tous les appareils tiers qui prennent en charge AirPlay. Cela signifie votre t\u00e9l\u00e9viseur ou votre syst\u00e8me audio intelligent.<\/p>\n<\/li>\n<li>\n<p>Ensuite, assurez-vous qu&rsquo;AirPlay est d\u00e9sactiv\u00e9 lorsque vous ne l&rsquo;utilisez pas activement. Comment proc\u00e9der diff\u00e8rera en fonction de votre appareil, mais pour le faire sur un Mac, allez \u00e0 <strong>Syst\u00e8me<\/strong> <strong>Param\u00e8tres<\/strong> > <strong>Airdrop &#038; Transhoff<\/strong> et d\u00e9sactiver <strong>R\u00e9cepteur d&rsquo;a\u00e9ration<\/strong>.<\/p>\n<\/li>\n<li>\n<p>Utilisez uniquement des appareils de confiance pour diffuser du contenu AirPlay.<\/p>\n<\/li>\n<li>\n<p>Ensuite, limitez le streaming AirPlay \u00e0 vous-m\u00eame. Sur un Mac, c&rsquo;est sous <strong>Param\u00e8tres<\/strong> > <strong>G\u00e9n\u00e9ral<\/strong> > <strong>Airdrop &#038; Transhoff<\/strong>. Acc\u00e9dez \u00e0 ce menu, puis dans la liste d\u00e9roulante \u00e0 c\u00f4t\u00e9 de <strong>Autoriser la diffusion<\/strong>choisir <strong>Utilisateur actuel<\/strong>.<\/p>\n<\/li>\n<li>\n<p>Plus important encore, \u00e9vitez de jouer du contenu via AirPlay lorsque vous \u00eates dans un r\u00e9seau public ou utilisez un r\u00e9seau inconnu comme ceux des a\u00e9roports, des caf\u00e9s ou des h\u00f4tels.<\/p>\n<\/li>\n<\/ol>\n","protected":false},"excerpt":{"rendered":"<p>Un nouveau virus est dans l&rsquo;air. Il y a un nouveau probl\u00e8me de s\u00e9curit\u00e9 Apple en ville, et cette fois, c&rsquo;est en l&rsquo;air. Ou bien,<\/p>\n","protected":false},"author":1,"featured_media":7177,"comment_status":"","ping_status":"","sticky":false,"template":"","format":"standard","meta":{"footnotes":""},"categories":[13],"tags":[6729,451,54,53,14,233,1424,491,81,275,27,6728],"class_list":["post-7176","post","type-post","status-publish","format-standard","has-post-thumbnail","hentry","category-technologie","tag-airplay","tag-appareils","tag-apple","tag-jour","tag-les","tag-maintenant","tag-mettez","tag-nouvelle","tag-pour","tag-proteger","tag-vos","tag-vulnerabilite","generate-columns","tablet-grid-50","mobile-grid-100","grid-parent","grid-33"],"yoast_head":"<!-- This site is optimized with the Yoast SEO plugin v24.0 - https:\/\/yoast.com\/wordpress\/plugins\/seo\/ -->\n<title>Mettez \u00e0 jour vos appareils Apple maintenant pour les prot\u00e9ger de la nouvelle vuln\u00e9rabilit\u00e9 AirPlay | Vie Associative<\/title>\n<meta name=\"robots\" content=\"index, follow, max-snippet:-1, max-image-preview:large, max-video-preview:-1\" \/>\n<link rel=\"canonical\" href=\"https:\/\/vieassociative.be\/actualites\/mettez-a-jour-vos-appareils-apple-maintenant-pour-les-proteger-de-la-nouvelle-vulnerabilite-airplay\/\" \/>\n<meta property=\"og:locale\" content=\"fr_FR\" \/>\n<meta property=\"og:type\" content=\"article\" \/>\n<meta property=\"og:title\" content=\"Mettez \u00e0 jour vos appareils Apple maintenant pour les prot\u00e9ger de la nouvelle vuln\u00e9rabilit\u00e9 AirPlay | Vie Associative\" \/>\n<meta property=\"og:description\" content=\"Un nouveau virus est dans l&rsquo;air. Il y a un nouveau probl\u00e8me de s\u00e9curit\u00e9 Apple en ville, et cette fois, c&rsquo;est en l&rsquo;air. Ou bien,\" \/>\n<meta property=\"og:url\" content=\"https:\/\/vieassociative.be\/actualites\/mettez-a-jour-vos-appareils-apple-maintenant-pour-les-proteger-de-la-nouvelle-vulnerabilite-airplay\/\" \/>\n<meta property=\"og:site_name\" content=\"Vie Associative\" \/>\n<meta property=\"article:published_time\" content=\"2025-04-30T19:17:34+00:00\" \/>\n<meta property=\"og:image\" content=\"https:\/\/vieassociative.be\/actualites\/wp-content\/uploads\/2025\/04\/Mettez-a-jour-vos-appareils-Apple-maintenant-pour-les-proteger.png\" \/>\n<meta name=\"author\" content=\"Julien\" \/>\n<meta name=\"twitter:card\" content=\"summary_large_image\" \/>\n<meta name=\"twitter:label1\" content=\"\u00c9crit par\" \/>\n\t<meta name=\"twitter:data1\" content=\"Julien\" \/>\n\t<meta name=\"twitter:label2\" content=\"Dur\u00e9e de lecture est.\" \/>\n\t<meta name=\"twitter:data2\" content=\"4 minutes\" \/>\n<script type=\"application\/ld+json\" class=\"yoast-schema-graph\">{\"@context\":\"https:\/\/schema.org\",\"@graph\":[{\"@type\":\"Article\",\"@id\":\"https:\/\/vieassociative.be\/actualites\/mettez-a-jour-vos-appareils-apple-maintenant-pour-les-proteger-de-la-nouvelle-vulnerabilite-airplay\/#article\",\"isPartOf\":{\"@id\":\"https:\/\/vieassociative.be\/actualites\/mettez-a-jour-vos-appareils-apple-maintenant-pour-les-proteger-de-la-nouvelle-vulnerabilite-airplay\/\"},\"author\":{\"name\":\"Julien\",\"@id\":\"https:\/\/vieassociative.be\/actualites\/#\/schema\/person\/b87ac4f82f9d4e7b7cec7395b679edc4\"},\"headline\":\"Mettez \u00e0 jour vos appareils Apple maintenant pour les prot\u00e9ger de la nouvelle vuln\u00e9rabilit\u00e9 AirPlay\",\"datePublished\":\"2025-04-30T19:17:34+00:00\",\"dateModified\":\"2025-04-30T19:17:34+00:00\",\"mainEntityOfPage\":{\"@id\":\"https:\/\/vieassociative.be\/actualites\/mettez-a-jour-vos-appareils-apple-maintenant-pour-les-proteger-de-la-nouvelle-vulnerabilite-airplay\/\"},\"wordCount\":861,\"publisher\":{\"@id\":\"https:\/\/vieassociative.be\/actualites\/#organization\"},\"image\":{\"@id\":\"https:\/\/vieassociative.be\/actualites\/mettez-a-jour-vos-appareils-apple-maintenant-pour-les-proteger-de-la-nouvelle-vulnerabilite-airplay\/#primaryimage\"},\"thumbnailUrl\":\"https:\/\/vieassociative.be\/actualites\/wp-content\/uploads\/2025\/04\/1746040654_Mettez-a-jour-vos-appareils-Apple-maintenant-pour-les-proteger.png\",\"keywords\":[\"AirPlay\",\"appareils\",\"Apple\",\"jour\",\"Les\",\"maintenant\",\"Mettez\",\"nouvelle\",\"pour\",\"prot\u00e9ger\",\"vos\",\"vuln\u00e9rabilit\u00e9\"],\"articleSection\":[\"Technologie\"],\"inLanguage\":\"fr-BE\"},{\"@type\":\"WebPage\",\"@id\":\"https:\/\/vieassociative.be\/actualites\/mettez-a-jour-vos-appareils-apple-maintenant-pour-les-proteger-de-la-nouvelle-vulnerabilite-airplay\/\",\"url\":\"https:\/\/vieassociative.be\/actualites\/mettez-a-jour-vos-appareils-apple-maintenant-pour-les-proteger-de-la-nouvelle-vulnerabilite-airplay\/\",\"name\":\"Mettez \u00e0 jour vos appareils Apple maintenant pour les prot\u00e9ger de la nouvelle vuln\u00e9rabilit\u00e9 AirPlay | Vie Associative\",\"isPartOf\":{\"@id\":\"https:\/\/vieassociative.be\/actualites\/#website\"},\"primaryImageOfPage\":{\"@id\":\"https:\/\/vieassociative.be\/actualites\/mettez-a-jour-vos-appareils-apple-maintenant-pour-les-proteger-de-la-nouvelle-vulnerabilite-airplay\/#primaryimage\"},\"image\":{\"@id\":\"https:\/\/vieassociative.be\/actualites\/mettez-a-jour-vos-appareils-apple-maintenant-pour-les-proteger-de-la-nouvelle-vulnerabilite-airplay\/#primaryimage\"},\"thumbnailUrl\":\"https:\/\/vieassociative.be\/actualites\/wp-content\/uploads\/2025\/04\/1746040654_Mettez-a-jour-vos-appareils-Apple-maintenant-pour-les-proteger.png\",\"datePublished\":\"2025-04-30T19:17:34+00:00\",\"dateModified\":\"2025-04-30T19:17:34+00:00\",\"breadcrumb\":{\"@id\":\"https:\/\/vieassociative.be\/actualites\/mettez-a-jour-vos-appareils-apple-maintenant-pour-les-proteger-de-la-nouvelle-vulnerabilite-airplay\/#breadcrumb\"},\"inLanguage\":\"fr-BE\",\"potentialAction\":[{\"@type\":\"ReadAction\",\"target\":[\"https:\/\/vieassociative.be\/actualites\/mettez-a-jour-vos-appareils-apple-maintenant-pour-les-proteger-de-la-nouvelle-vulnerabilite-airplay\/\"]}]},{\"@type\":\"ImageObject\",\"inLanguage\":\"fr-BE\",\"@id\":\"https:\/\/vieassociative.be\/actualites\/mettez-a-jour-vos-appareils-apple-maintenant-pour-les-proteger-de-la-nouvelle-vulnerabilite-airplay\/#primaryimage\",\"url\":\"https:\/\/vieassociative.be\/actualites\/wp-content\/uploads\/2025\/04\/1746040654_Mettez-a-jour-vos-appareils-Apple-maintenant-pour-les-proteger.png\",\"contentUrl\":\"https:\/\/vieassociative.be\/actualites\/wp-content\/uploads\/2025\/04\/1746040654_Mettez-a-jour-vos-appareils-Apple-maintenant-pour-les-proteger.png\",\"width\":1200,\"height\":675,\"caption\":\"Mettez \u00e0 jour vos appareils Apple maintenant pour les prot\u00e9ger de la nouvelle vuln\u00e9rabilit\u00e9 AirPlay\"},{\"@type\":\"BreadcrumbList\",\"@id\":\"https:\/\/vieassociative.be\/actualites\/mettez-a-jour-vos-appareils-apple-maintenant-pour-les-proteger-de-la-nouvelle-vulnerabilite-airplay\/#breadcrumb\",\"itemListElement\":[{\"@type\":\"ListItem\",\"position\":1,\"name\":\"Accueil\",\"item\":\"https:\/\/vieassociative.be\/actualites\/\"},{\"@type\":\"ListItem\",\"position\":2,\"name\":\"Mettez \u00e0 jour vos appareils Apple maintenant pour les prot\u00e9ger de la nouvelle vuln\u00e9rabilit\u00e9 AirPlay\"}]},{\"@type\":\"WebSite\",\"@id\":\"https:\/\/vieassociative.be\/actualites\/#website\",\"url\":\"https:\/\/vieassociative.be\/actualites\/\",\"name\":\"Vie Associative\",\"description\":\"\",\"publisher\":{\"@id\":\"https:\/\/vieassociative.be\/actualites\/#organization\"},\"potentialAction\":[{\"@type\":\"SearchAction\",\"target\":{\"@type\":\"EntryPoint\",\"urlTemplate\":\"https:\/\/vieassociative.be\/actualites\/?s={search_term_string}\"},\"query-input\":{\"@type\":\"PropertyValueSpecification\",\"valueRequired\":true,\"valueName\":\"search_term_string\"}}],\"inLanguage\":\"fr-BE\"},{\"@type\":\"Organization\",\"@id\":\"https:\/\/vieassociative.be\/actualites\/#organization\",\"name\":\"Vie Associative\",\"url\":\"https:\/\/vieassociative.be\/actualites\/\",\"logo\":{\"@type\":\"ImageObject\",\"inLanguage\":\"fr-BE\",\"@id\":\"https:\/\/vieassociative.be\/actualites\/#\/schema\/logo\/image\/\",\"url\":\"https:\/\/vieassociative.be\/actualites\/wp-content\/uploads\/2024\/09\/cropped-vieassociative_favicon.ico.png\",\"contentUrl\":\"https:\/\/vieassociative.be\/actualites\/wp-content\/uploads\/2024\/09\/cropped-vieassociative_favicon.ico.png\",\"width\":512,\"height\":512,\"caption\":\"Vie Associative\"},\"image\":{\"@id\":\"https:\/\/vieassociative.be\/actualites\/#\/schema\/logo\/image\/\"}},{\"@type\":\"Person\",\"@id\":\"https:\/\/vieassociative.be\/actualites\/#\/schema\/person\/b87ac4f82f9d4e7b7cec7395b679edc4\",\"name\":\"Julien\",\"image\":{\"@type\":\"ImageObject\",\"inLanguage\":\"fr-BE\",\"@id\":\"https:\/\/vieassociative.be\/actualites\/#\/schema\/person\/image\/\",\"url\":\"https:\/\/vieassociative.be\/actualites\/wp-content\/uploads\/2024\/09\/vie-associative-1-150x150.jpg\",\"contentUrl\":\"https:\/\/vieassociative.be\/actualites\/wp-content\/uploads\/2024\/09\/vie-associative-1-150x150.jpg\",\"caption\":\"Julien\"},\"description\":\"Je suis Julien, r\u00e9dacteur pour Vie Associative. Passionn\u00e9 par le monde associatif depuis plus de 10 ans, j'ai \u00e0 c\u0153ur de partager des histoires inspirantes et de mettre en lumi\u00e8re les initiatives locales. Mon objectif est de sensibiliser et d'encourager l'engagement communautaire \u00e0 travers mes articles.\",\"sameAs\":[\"https:\/\/vieassociative.be\/\"]}]}<\/script>\n<!-- \/ Yoast SEO plugin. -->","yoast_head_json":{"title":"Mettez \u00e0 jour vos appareils Apple maintenant pour les prot\u00e9ger de la nouvelle vuln\u00e9rabilit\u00e9 AirPlay | Vie Associative","robots":{"index":"index","follow":"follow","max-snippet":"max-snippet:-1","max-image-preview":"max-image-preview:large","max-video-preview":"max-video-preview:-1"},"canonical":"https:\/\/vieassociative.be\/actualites\/mettez-a-jour-vos-appareils-apple-maintenant-pour-les-proteger-de-la-nouvelle-vulnerabilite-airplay\/","og_locale":"fr_FR","og_type":"article","og_title":"Mettez \u00e0 jour vos appareils Apple maintenant pour les prot\u00e9ger de la nouvelle vuln\u00e9rabilit\u00e9 AirPlay | Vie Associative","og_description":"Un nouveau virus est dans l&rsquo;air. Il y a un nouveau probl\u00e8me de s\u00e9curit\u00e9 Apple en ville, et cette fois, c&rsquo;est en l&rsquo;air. Ou bien,","og_url":"https:\/\/vieassociative.be\/actualites\/mettez-a-jour-vos-appareils-apple-maintenant-pour-les-proteger-de-la-nouvelle-vulnerabilite-airplay\/","og_site_name":"Vie Associative","article_published_time":"2025-04-30T19:17:34+00:00","og_image":[{"url":"https:\/\/vieassociative.be\/actualites\/wp-content\/uploads\/2025\/04\/Mettez-a-jour-vos-appareils-Apple-maintenant-pour-les-proteger.png","type":"","width":"","height":""}],"author":"Julien","twitter_card":"summary_large_image","twitter_misc":{"\u00c9crit par":"Julien","Dur\u00e9e de lecture est.":"4 minutes"},"schema":{"@context":"https:\/\/schema.org","@graph":[{"@type":"Article","@id":"https:\/\/vieassociative.be\/actualites\/mettez-a-jour-vos-appareils-apple-maintenant-pour-les-proteger-de-la-nouvelle-vulnerabilite-airplay\/#article","isPartOf":{"@id":"https:\/\/vieassociative.be\/actualites\/mettez-a-jour-vos-appareils-apple-maintenant-pour-les-proteger-de-la-nouvelle-vulnerabilite-airplay\/"},"author":{"name":"Julien","@id":"https:\/\/vieassociative.be\/actualites\/#\/schema\/person\/b87ac4f82f9d4e7b7cec7395b679edc4"},"headline":"Mettez \u00e0 jour vos appareils Apple maintenant pour les prot\u00e9ger de la nouvelle vuln\u00e9rabilit\u00e9 AirPlay","datePublished":"2025-04-30T19:17:34+00:00","dateModified":"2025-04-30T19:17:34+00:00","mainEntityOfPage":{"@id":"https:\/\/vieassociative.be\/actualites\/mettez-a-jour-vos-appareils-apple-maintenant-pour-les-proteger-de-la-nouvelle-vulnerabilite-airplay\/"},"wordCount":861,"publisher":{"@id":"https:\/\/vieassociative.be\/actualites\/#organization"},"image":{"@id":"https:\/\/vieassociative.be\/actualites\/mettez-a-jour-vos-appareils-apple-maintenant-pour-les-proteger-de-la-nouvelle-vulnerabilite-airplay\/#primaryimage"},"thumbnailUrl":"https:\/\/vieassociative.be\/actualites\/wp-content\/uploads\/2025\/04\/1746040654_Mettez-a-jour-vos-appareils-Apple-maintenant-pour-les-proteger.png","keywords":["AirPlay","appareils","Apple","jour","Les","maintenant","Mettez","nouvelle","pour","prot\u00e9ger","vos","vuln\u00e9rabilit\u00e9"],"articleSection":["Technologie"],"inLanguage":"fr-BE"},{"@type":"WebPage","@id":"https:\/\/vieassociative.be\/actualites\/mettez-a-jour-vos-appareils-apple-maintenant-pour-les-proteger-de-la-nouvelle-vulnerabilite-airplay\/","url":"https:\/\/vieassociative.be\/actualites\/mettez-a-jour-vos-appareils-apple-maintenant-pour-les-proteger-de-la-nouvelle-vulnerabilite-airplay\/","name":"Mettez \u00e0 jour vos appareils Apple maintenant pour les prot\u00e9ger de la nouvelle vuln\u00e9rabilit\u00e9 AirPlay | Vie Associative","isPartOf":{"@id":"https:\/\/vieassociative.be\/actualites\/#website"},"primaryImageOfPage":{"@id":"https:\/\/vieassociative.be\/actualites\/mettez-a-jour-vos-appareils-apple-maintenant-pour-les-proteger-de-la-nouvelle-vulnerabilite-airplay\/#primaryimage"},"image":{"@id":"https:\/\/vieassociative.be\/actualites\/mettez-a-jour-vos-appareils-apple-maintenant-pour-les-proteger-de-la-nouvelle-vulnerabilite-airplay\/#primaryimage"},"thumbnailUrl":"https:\/\/vieassociative.be\/actualites\/wp-content\/uploads\/2025\/04\/1746040654_Mettez-a-jour-vos-appareils-Apple-maintenant-pour-les-proteger.png","datePublished":"2025-04-30T19:17:34+00:00","dateModified":"2025-04-30T19:17:34+00:00","breadcrumb":{"@id":"https:\/\/vieassociative.be\/actualites\/mettez-a-jour-vos-appareils-apple-maintenant-pour-les-proteger-de-la-nouvelle-vulnerabilite-airplay\/#breadcrumb"},"inLanguage":"fr-BE","potentialAction":[{"@type":"ReadAction","target":["https:\/\/vieassociative.be\/actualites\/mettez-a-jour-vos-appareils-apple-maintenant-pour-les-proteger-de-la-nouvelle-vulnerabilite-airplay\/"]}]},{"@type":"ImageObject","inLanguage":"fr-BE","@id":"https:\/\/vieassociative.be\/actualites\/mettez-a-jour-vos-appareils-apple-maintenant-pour-les-proteger-de-la-nouvelle-vulnerabilite-airplay\/#primaryimage","url":"https:\/\/vieassociative.be\/actualites\/wp-content\/uploads\/2025\/04\/1746040654_Mettez-a-jour-vos-appareils-Apple-maintenant-pour-les-proteger.png","contentUrl":"https:\/\/vieassociative.be\/actualites\/wp-content\/uploads\/2025\/04\/1746040654_Mettez-a-jour-vos-appareils-Apple-maintenant-pour-les-proteger.png","width":1200,"height":675,"caption":"Mettez \u00e0 jour vos appareils Apple maintenant pour les prot\u00e9ger de la nouvelle vuln\u00e9rabilit\u00e9 AirPlay"},{"@type":"BreadcrumbList","@id":"https:\/\/vieassociative.be\/actualites\/mettez-a-jour-vos-appareils-apple-maintenant-pour-les-proteger-de-la-nouvelle-vulnerabilite-airplay\/#breadcrumb","itemListElement":[{"@type":"ListItem","position":1,"name":"Accueil","item":"https:\/\/vieassociative.be\/actualites\/"},{"@type":"ListItem","position":2,"name":"Mettez \u00e0 jour vos appareils Apple maintenant pour les prot\u00e9ger de la nouvelle vuln\u00e9rabilit\u00e9 AirPlay"}]},{"@type":"WebSite","@id":"https:\/\/vieassociative.be\/actualites\/#website","url":"https:\/\/vieassociative.be\/actualites\/","name":"Vie Associative","description":"","publisher":{"@id":"https:\/\/vieassociative.be\/actualites\/#organization"},"potentialAction":[{"@type":"SearchAction","target":{"@type":"EntryPoint","urlTemplate":"https:\/\/vieassociative.be\/actualites\/?s={search_term_string}"},"query-input":{"@type":"PropertyValueSpecification","valueRequired":true,"valueName":"search_term_string"}}],"inLanguage":"fr-BE"},{"@type":"Organization","@id":"https:\/\/vieassociative.be\/actualites\/#organization","name":"Vie Associative","url":"https:\/\/vieassociative.be\/actualites\/","logo":{"@type":"ImageObject","inLanguage":"fr-BE","@id":"https:\/\/vieassociative.be\/actualites\/#\/schema\/logo\/image\/","url":"https:\/\/vieassociative.be\/actualites\/wp-content\/uploads\/2024\/09\/cropped-vieassociative_favicon.ico.png","contentUrl":"https:\/\/vieassociative.be\/actualites\/wp-content\/uploads\/2024\/09\/cropped-vieassociative_favicon.ico.png","width":512,"height":512,"caption":"Vie Associative"},"image":{"@id":"https:\/\/vieassociative.be\/actualites\/#\/schema\/logo\/image\/"}},{"@type":"Person","@id":"https:\/\/vieassociative.be\/actualites\/#\/schema\/person\/b87ac4f82f9d4e7b7cec7395b679edc4","name":"Julien","image":{"@type":"ImageObject","inLanguage":"fr-BE","@id":"https:\/\/vieassociative.be\/actualites\/#\/schema\/person\/image\/","url":"https:\/\/vieassociative.be\/actualites\/wp-content\/uploads\/2024\/09\/vie-associative-1-150x150.jpg","contentUrl":"https:\/\/vieassociative.be\/actualites\/wp-content\/uploads\/2024\/09\/vie-associative-1-150x150.jpg","caption":"Julien"},"description":"Je suis Julien, r\u00e9dacteur pour Vie Associative. Passionn\u00e9 par le monde associatif depuis plus de 10 ans, j'ai \u00e0 c\u0153ur de partager des histoires inspirantes et de mettre en lumi\u00e8re les initiatives locales. Mon objectif est de sensibiliser et d'encourager l'engagement communautaire \u00e0 travers mes articles.","sameAs":["https:\/\/vieassociative.be\/"]}]}},"_links":{"self":[{"href":"https:\/\/vieassociative.be\/actualites\/wp-json\/wp\/v2\/posts\/7176"}],"collection":[{"href":"https:\/\/vieassociative.be\/actualites\/wp-json\/wp\/v2\/posts"}],"about":[{"href":"https:\/\/vieassociative.be\/actualites\/wp-json\/wp\/v2\/types\/post"}],"author":[{"embeddable":true,"href":"https:\/\/vieassociative.be\/actualites\/wp-json\/wp\/v2\/users\/1"}],"replies":[{"embeddable":true,"href":"https:\/\/vieassociative.be\/actualites\/wp-json\/wp\/v2\/comments?post=7176"}],"version-history":[{"count":0,"href":"https:\/\/vieassociative.be\/actualites\/wp-json\/wp\/v2\/posts\/7176\/revisions"}],"wp:featuredmedia":[{"embeddable":true,"href":"https:\/\/vieassociative.be\/actualites\/wp-json\/wp\/v2\/media\/7177"}],"wp:attachment":[{"href":"https:\/\/vieassociative.be\/actualites\/wp-json\/wp\/v2\/media?parent=7176"}],"wp:term":[{"taxonomy":"category","embeddable":true,"href":"https:\/\/vieassociative.be\/actualites\/wp-json\/wp\/v2\/categories?post=7176"},{"taxonomy":"post_tag","embeddable":true,"href":"https:\/\/vieassociative.be\/actualites\/wp-json\/wp\/v2\/tags?post=7176"}],"curies":[{"name":"wp","href":"https:\/\/api.w.org\/{rel}","templated":true}]}}