{"id":7172,"date":"2025-04-30T16:17:30","date_gmt":"2025-04-30T14:17:30","guid":{"rendered":"https:\/\/vieassociative.be\/actualites\/le-nourrisson-est-trouve-vivant-par-un-passeur-par-le-maire-aborde-lappel-a-la-mere-de-lenfant\/"},"modified":"2025-04-30T16:17:30","modified_gmt":"2025-04-30T14:17:30","slug":"le-nourrisson-est-trouve-vivant-par-un-passeur-par-le-maire-aborde-lappel-a-la-mere-de-lenfant","status":"publish","type":"post","link":"https:\/\/vieassociative.be\/actualites\/le-nourrisson-est-trouve-vivant-par-un-passeur-par-le-maire-aborde-lappel-a-la-mere-de-lenfant\/","title":{"rendered":"Le nourrisson est trouv\u00e9 vivant par un passeur &#8211; par le maire aborde l&rsquo;appel \u00e0 la m\u00e8re de l&rsquo;enfant"},"content":{"rendered":"<p><strong>Samedi dernier vers 16 heures, un nourrisson a \u00e9t\u00e9 retrouv\u00e9 par un passeur dans la province de Hennegau. Le b\u00e9b\u00e9 a \u00e9t\u00e9 envelopp\u00e9 dans un plafond pr\u00e8s du canal de L&rsquo;EPIERRES sur la rue de l&rsquo;Ecluse \u00e0 Warcoing.<\/strong><\/p>\n<p><span id=\"more-414492\"><\/span>La petite fille a \u00e9t\u00e9 retrouv\u00e9e vivante et soign\u00e9e dans un h\u00f4pital. \u00ab\u00a0Elle n&rsquo;avait aucun signe externe d&rsquo;un probl\u00e8me de sant\u00e9\u00a0\u00bb, a assur\u00e9 le commissaire Tom Deldae du quotidien \u00ab\u00a0L&rsquo;Avenir\u00a0\u00bb. Le service social devrait prendre soin des soins de la fille.<\/p>\n<p>Le maire de PECQ, Aur\u00e9lien Brabant, qui a \u00e9t\u00e9 inform\u00e9 de la d\u00e9couverte samedi soir, a rendu l&rsquo;histoire publique et a laiss\u00e9 ses sentiments se d\u00e9cha\u00eener mardi soir: \u00ab\u00a0Depuis ce moment, nos c\u0153urs ont \u00e9t\u00e9 \u00e9branl\u00e9s. Parce que dans cette histoire, il y a de l&rsquo;incompr\u00e9hension, la tristesse, parfois la col\u00e8re, un jugement fr\u00e9quent, mais nous avons toujours \u00e0 choisir le puits.<\/p>\n<div id=\"attachment_414498\" class=\"wp-caption alignleft\" style=\"max-width: 300px\"><img fetchpriority=\"high\" decoding=\"async\" class=\"wp-image-414498 size-medium\" src=\"https:\/\/vieassociative.be\/actualites\/wp-content\/uploads\/2025\/04\/Le-nourrisson-est-trouve-vivant-par-un-passeur-par.jpg\" alt=\"\" width=\"300\" height=\"200\"  ><\/p>\n<p class=\"wp-caption-text\">Aur\u00e9lien Brabant, maire de la municipalit\u00e9 de Pecq dans la province de Hennegau, a fait appel \u00e0 la m\u00e8re de l&rsquo;enfant via les m\u00e9dias sociaux. Photo: Facebook<\/p>\n<\/div>\n<p>Le maire a envoy\u00e9 un appel \u00e0 la m\u00e8re pour se pr\u00e9senter aux autorit\u00e9s. \u00ab\u00a0Elle devrait savoir qu&rsquo;il n&rsquo;est jamais trop tard. Que les gens seront l\u00e0 pour la recevoir pour l&rsquo;\u00e9couter, loin de tout jugement, seulement avec le respect de son histoire et de sa douleur.\u00a0\u00bb<\/p>\n<p>La petite fille a \u00e9t\u00e9 baptis\u00e9e Lucie mardi. \u00ab\u00a0Aujourd&rsquo;hui, c&rsquo;est \u00e0 nous de mettre un premier geste. Un geste fort: pour vous donner un pr\u00e9nom. Un pr\u00e9nom signifie dire \u00e0 un enfant: vous comptez, vous existez, vous faites partie de notre histoire \u00e0 partir de maintenant. Avec la volont\u00e9 de vous donner quelque chose de beau, tendre et brillant, nous vous appelons toujours Lucie. Parce qu&rsquo;apr\u00e8s l&rsquo;obscurit\u00e9, apr\u00e8s l&rsquo;ombre, la luminosit\u00e9 d&rsquo;un nouveau matin vient toujours.\u00a0\u00bb<\/p>\n<p>L&rsquo;affaire est actuellement \u00e0 l&rsquo;\u00e9tude. \u00ab\u00a0L&rsquo;objet principal de l&rsquo;enqu\u00eate est toujours l&rsquo;identification de ce b\u00e9b\u00e9\u00a0\u00bb, a d\u00e9clar\u00e9 un porte-parole de la police. (Cre)<\/p>\n","protected":false},"excerpt":{"rendered":"<p>Samedi dernier vers 16 heures, un nourrisson a \u00e9t\u00e9 retrouv\u00e9 par un passeur dans la province de Hennegau. Le b\u00e9b\u00e9 a \u00e9t\u00e9 envelopp\u00e9 dans un<\/p>\n","protected":false},"author":1,"featured_media":7173,"comment_status":"","ping_status":"","sticky":false,"template":"","format":"standard","meta":{"footnotes":""},"categories":[298],"tags":[6724,76,6725,1288,4378,2145,6722,676,6723,829,3138],"class_list":["post-7172","post","type-post","status-publish","format-standard","has-post-thumbnail","hentry","category-belgique","tag-aborde","tag-est","tag-lappel","tag-lenfant","tag-maire","tag-mere","tag-nourrisson","tag-par","tag-passeur","tag-trouve","tag-vivant","generate-columns","tablet-grid-50","mobile-grid-100","grid-parent","grid-33"],"yoast_head":"<!-- This site is optimized with the Yoast SEO plugin v24.0 - https:\/\/yoast.com\/wordpress\/plugins\/seo\/ -->\n<title>Le nourrisson est trouv\u00e9 vivant par un passeur - par le maire aborde l&#039;appel \u00e0 la m\u00e8re de l&#039;enfant | Vie Associative<\/title>\n<meta name=\"robots\" content=\"index, follow, max-snippet:-1, max-image-preview:large, max-video-preview:-1\" \/>\n<link rel=\"canonical\" href=\"https:\/\/vieassociative.be\/actualites\/le-nourrisson-est-trouve-vivant-par-un-passeur-par-le-maire-aborde-lappel-a-la-mere-de-lenfant\/\" \/>\n<meta property=\"og:locale\" content=\"fr_FR\" \/>\n<meta property=\"og:type\" content=\"article\" \/>\n<meta property=\"og:title\" content=\"Le nourrisson est trouv\u00e9 vivant par un passeur - par le maire aborde l&#039;appel \u00e0 la m\u00e8re de l&#039;enfant | Vie Associative\" \/>\n<meta property=\"og:description\" content=\"Samedi dernier vers 16 heures, un nourrisson a \u00e9t\u00e9 retrouv\u00e9 par un passeur dans la province de Hennegau. Le b\u00e9b\u00e9 a \u00e9t\u00e9 envelopp\u00e9 dans un\" \/>\n<meta property=\"og:url\" content=\"https:\/\/vieassociative.be\/actualites\/le-nourrisson-est-trouve-vivant-par-un-passeur-par-le-maire-aborde-lappel-a-la-mere-de-lenfant\/\" \/>\n<meta property=\"og:site_name\" content=\"Vie Associative\" \/>\n<meta property=\"article:published_time\" content=\"2025-04-30T14:17:30+00:00\" \/>\n<meta property=\"og:image\" content=\"https:\/\/vieassociative.be\/actualites\/wp-content\/uploads\/2024\/09\/header_backgroundk-01-e1726694325946.png\" \/>\n\t<meta property=\"og:image:width\" content=\"279\" \/>\n\t<meta property=\"og:image:height\" content=\"92\" \/>\n\t<meta property=\"og:image:type\" content=\"image\/png\" \/>\n<meta name=\"author\" content=\"Julien\" \/>\n<meta name=\"twitter:card\" content=\"summary_large_image\" \/>\n<meta name=\"twitter:label1\" content=\"\u00c9crit par\" \/>\n\t<meta name=\"twitter:data1\" content=\"Julien\" \/>\n\t<meta name=\"twitter:label2\" content=\"Dur\u00e9e de lecture est.\" \/>\n\t<meta name=\"twitter:data2\" content=\"2 minutes\" \/>\n<script type=\"application\/ld+json\" class=\"yoast-schema-graph\">{\"@context\":\"https:\/\/schema.org\",\"@graph\":[{\"@type\":\"Article\",\"@id\":\"https:\/\/vieassociative.be\/actualites\/le-nourrisson-est-trouve-vivant-par-un-passeur-par-le-maire-aborde-lappel-a-la-mere-de-lenfant\/#article\",\"isPartOf\":{\"@id\":\"https:\/\/vieassociative.be\/actualites\/le-nourrisson-est-trouve-vivant-par-un-passeur-par-le-maire-aborde-lappel-a-la-mere-de-lenfant\/\"},\"author\":{\"name\":\"Julien\",\"@id\":\"https:\/\/vieassociative.be\/actualites\/#\/schema\/person\/b87ac4f82f9d4e7b7cec7395b679edc4\"},\"headline\":\"Le nourrisson est trouv\u00e9 vivant par un passeur &#8211; par le maire aborde l&rsquo;appel \u00e0 la m\u00e8re de l&rsquo;enfant\",\"datePublished\":\"2025-04-30T14:17:30+00:00\",\"dateModified\":\"2025-04-30T14:17:30+00:00\",\"mainEntityOfPage\":{\"@id\":\"https:\/\/vieassociative.be\/actualites\/le-nourrisson-est-trouve-vivant-par-un-passeur-par-le-maire-aborde-lappel-a-la-mere-de-lenfant\/\"},\"wordCount\":377,\"publisher\":{\"@id\":\"https:\/\/vieassociative.be\/actualites\/#organization\"},\"image\":{\"@id\":\"https:\/\/vieassociative.be\/actualites\/le-nourrisson-est-trouve-vivant-par-un-passeur-par-le-maire-aborde-lappel-a-la-mere-de-lenfant\/#primaryimage\"},\"thumbnailUrl\":\"https:\/\/vieassociative.be\/actualites\/wp-content\/uploads\/2025\/04\/1746022650_Le-nourrisson-est-trouve-vivant-par-un-passeur-par.jpg\",\"keywords\":[\"aborde\",\"est\",\"lappel\",\"lenfant\",\"maire\",\"m\u00e8re\",\"nourrisson\",\"par\",\"passeur\",\"trouv\u00e9\",\"Vivant\"],\"articleSection\":[\"Belgique\"],\"inLanguage\":\"fr-BE\"},{\"@type\":\"WebPage\",\"@id\":\"https:\/\/vieassociative.be\/actualites\/le-nourrisson-est-trouve-vivant-par-un-passeur-par-le-maire-aborde-lappel-a-la-mere-de-lenfant\/\",\"url\":\"https:\/\/vieassociative.be\/actualites\/le-nourrisson-est-trouve-vivant-par-un-passeur-par-le-maire-aborde-lappel-a-la-mere-de-lenfant\/\",\"name\":\"Le nourrisson est trouv\u00e9 vivant par un passeur - par le maire aborde l'appel \u00e0 la m\u00e8re de l'enfant | Vie Associative\",\"isPartOf\":{\"@id\":\"https:\/\/vieassociative.be\/actualites\/#website\"},\"primaryImageOfPage\":{\"@id\":\"https:\/\/vieassociative.be\/actualites\/le-nourrisson-est-trouve-vivant-par-un-passeur-par-le-maire-aborde-lappel-a-la-mere-de-lenfant\/#primaryimage\"},\"image\":{\"@id\":\"https:\/\/vieassociative.be\/actualites\/le-nourrisson-est-trouve-vivant-par-un-passeur-par-le-maire-aborde-lappel-a-la-mere-de-lenfant\/#primaryimage\"},\"thumbnailUrl\":\"https:\/\/vieassociative.be\/actualites\/wp-content\/uploads\/2025\/04\/1746022650_Le-nourrisson-est-trouve-vivant-par-un-passeur-par.jpg\",\"datePublished\":\"2025-04-30T14:17:30+00:00\",\"dateModified\":\"2025-04-30T14:17:30+00:00\",\"breadcrumb\":{\"@id\":\"https:\/\/vieassociative.be\/actualites\/le-nourrisson-est-trouve-vivant-par-un-passeur-par-le-maire-aborde-lappel-a-la-mere-de-lenfant\/#breadcrumb\"},\"inLanguage\":\"fr-BE\",\"potentialAction\":[{\"@type\":\"ReadAction\",\"target\":[\"https:\/\/vieassociative.be\/actualites\/le-nourrisson-est-trouve-vivant-par-un-passeur-par-le-maire-aborde-lappel-a-la-mere-de-lenfant\/\"]}]},{\"@type\":\"ImageObject\",\"inLanguage\":\"fr-BE\",\"@id\":\"https:\/\/vieassociative.be\/actualites\/le-nourrisson-est-trouve-vivant-par-un-passeur-par-le-maire-aborde-lappel-a-la-mere-de-lenfant\/#primaryimage\",\"url\":\"https:\/\/vieassociative.be\/actualites\/wp-content\/uploads\/2025\/04\/1746022650_Le-nourrisson-est-trouve-vivant-par-un-passeur-par.jpg\",\"contentUrl\":\"https:\/\/vieassociative.be\/actualites\/wp-content\/uploads\/2025\/04\/1746022650_Le-nourrisson-est-trouve-vivant-par-un-passeur-par.jpg\",\"width\":1200,\"height\":800,\"caption\":\"Le nourrisson est trouv\u00e9 vivant par un passeur - par le maire aborde l'appel \u00e0 la m\u00e8re de l'enfant\"},{\"@type\":\"BreadcrumbList\",\"@id\":\"https:\/\/vieassociative.be\/actualites\/le-nourrisson-est-trouve-vivant-par-un-passeur-par-le-maire-aborde-lappel-a-la-mere-de-lenfant\/#breadcrumb\",\"itemListElement\":[{\"@type\":\"ListItem\",\"position\":1,\"name\":\"Accueil\",\"item\":\"https:\/\/vieassociative.be\/actualites\/\"},{\"@type\":\"ListItem\",\"position\":2,\"name\":\"Le nourrisson est trouv\u00e9 vivant par un passeur &#8211; par le maire aborde l&rsquo;appel \u00e0 la m\u00e8re de l&rsquo;enfant\"}]},{\"@type\":\"WebSite\",\"@id\":\"https:\/\/vieassociative.be\/actualites\/#website\",\"url\":\"https:\/\/vieassociative.be\/actualites\/\",\"name\":\"Vie Associative\",\"description\":\"\",\"publisher\":{\"@id\":\"https:\/\/vieassociative.be\/actualites\/#organization\"},\"potentialAction\":[{\"@type\":\"SearchAction\",\"target\":{\"@type\":\"EntryPoint\",\"urlTemplate\":\"https:\/\/vieassociative.be\/actualites\/?s={search_term_string}\"},\"query-input\":{\"@type\":\"PropertyValueSpecification\",\"valueRequired\":true,\"valueName\":\"search_term_string\"}}],\"inLanguage\":\"fr-BE\"},{\"@type\":\"Organization\",\"@id\":\"https:\/\/vieassociative.be\/actualites\/#organization\",\"name\":\"Vie Associative\",\"url\":\"https:\/\/vieassociative.be\/actualites\/\",\"logo\":{\"@type\":\"ImageObject\",\"inLanguage\":\"fr-BE\",\"@id\":\"https:\/\/vieassociative.be\/actualites\/#\/schema\/logo\/image\/\",\"url\":\"https:\/\/vieassociative.be\/actualites\/wp-content\/uploads\/2024\/09\/cropped-vieassociative_favicon.ico.png\",\"contentUrl\":\"https:\/\/vieassociative.be\/actualites\/wp-content\/uploads\/2024\/09\/cropped-vieassociative_favicon.ico.png\",\"width\":512,\"height\":512,\"caption\":\"Vie Associative\"},\"image\":{\"@id\":\"https:\/\/vieassociative.be\/actualites\/#\/schema\/logo\/image\/\"}},{\"@type\":\"Person\",\"@id\":\"https:\/\/vieassociative.be\/actualites\/#\/schema\/person\/b87ac4f82f9d4e7b7cec7395b679edc4\",\"name\":\"Julien\",\"image\":{\"@type\":\"ImageObject\",\"inLanguage\":\"fr-BE\",\"@id\":\"https:\/\/vieassociative.be\/actualites\/#\/schema\/person\/image\/\",\"url\":\"https:\/\/vieassociative.be\/actualites\/wp-content\/uploads\/2024\/09\/vie-associative-1-150x150.jpg\",\"contentUrl\":\"https:\/\/vieassociative.be\/actualites\/wp-content\/uploads\/2024\/09\/vie-associative-1-150x150.jpg\",\"caption\":\"Julien\"},\"description\":\"Je suis Julien, r\u00e9dacteur pour Vie Associative. Passionn\u00e9 par le monde associatif depuis plus de 10 ans, j'ai \u00e0 c\u0153ur de partager des histoires inspirantes et de mettre en lumi\u00e8re les initiatives locales. Mon objectif est de sensibiliser et d'encourager l'engagement communautaire \u00e0 travers mes articles.\",\"sameAs\":[\"https:\/\/vieassociative.be\/\"]}]}<\/script>\n<!-- \/ Yoast SEO plugin. -->","yoast_head_json":{"title":"Le nourrisson est trouv\u00e9 vivant par un passeur - par le maire aborde l'appel \u00e0 la m\u00e8re de l'enfant | Vie Associative","robots":{"index":"index","follow":"follow","max-snippet":"max-snippet:-1","max-image-preview":"max-image-preview:large","max-video-preview":"max-video-preview:-1"},"canonical":"https:\/\/vieassociative.be\/actualites\/le-nourrisson-est-trouve-vivant-par-un-passeur-par-le-maire-aborde-lappel-a-la-mere-de-lenfant\/","og_locale":"fr_FR","og_type":"article","og_title":"Le nourrisson est trouv\u00e9 vivant par un passeur - par le maire aborde l'appel \u00e0 la m\u00e8re de l'enfant | Vie Associative","og_description":"Samedi dernier vers 16 heures, un nourrisson a \u00e9t\u00e9 retrouv\u00e9 par un passeur dans la province de Hennegau. Le b\u00e9b\u00e9 a \u00e9t\u00e9 envelopp\u00e9 dans un","og_url":"https:\/\/vieassociative.be\/actualites\/le-nourrisson-est-trouve-vivant-par-un-passeur-par-le-maire-aborde-lappel-a-la-mere-de-lenfant\/","og_site_name":"Vie Associative","article_published_time":"2025-04-30T14:17:30+00:00","og_image":[{"width":279,"height":92,"url":"https:\/\/vieassociative.be\/actualites\/wp-content\/uploads\/2024\/09\/header_backgroundk-01-e1726694325946.png","type":"image\/png"}],"author":"Julien","twitter_card":"summary_large_image","twitter_misc":{"\u00c9crit par":"Julien","Dur\u00e9e de lecture est.":"2 minutes"},"schema":{"@context":"https:\/\/schema.org","@graph":[{"@type":"Article","@id":"https:\/\/vieassociative.be\/actualites\/le-nourrisson-est-trouve-vivant-par-un-passeur-par-le-maire-aborde-lappel-a-la-mere-de-lenfant\/#article","isPartOf":{"@id":"https:\/\/vieassociative.be\/actualites\/le-nourrisson-est-trouve-vivant-par-un-passeur-par-le-maire-aborde-lappel-a-la-mere-de-lenfant\/"},"author":{"name":"Julien","@id":"https:\/\/vieassociative.be\/actualites\/#\/schema\/person\/b87ac4f82f9d4e7b7cec7395b679edc4"},"headline":"Le nourrisson est trouv\u00e9 vivant par un passeur &#8211; par le maire aborde l&rsquo;appel \u00e0 la m\u00e8re de l&rsquo;enfant","datePublished":"2025-04-30T14:17:30+00:00","dateModified":"2025-04-30T14:17:30+00:00","mainEntityOfPage":{"@id":"https:\/\/vieassociative.be\/actualites\/le-nourrisson-est-trouve-vivant-par-un-passeur-par-le-maire-aborde-lappel-a-la-mere-de-lenfant\/"},"wordCount":377,"publisher":{"@id":"https:\/\/vieassociative.be\/actualites\/#organization"},"image":{"@id":"https:\/\/vieassociative.be\/actualites\/le-nourrisson-est-trouve-vivant-par-un-passeur-par-le-maire-aborde-lappel-a-la-mere-de-lenfant\/#primaryimage"},"thumbnailUrl":"https:\/\/vieassociative.be\/actualites\/wp-content\/uploads\/2025\/04\/1746022650_Le-nourrisson-est-trouve-vivant-par-un-passeur-par.jpg","keywords":["aborde","est","lappel","lenfant","maire","m\u00e8re","nourrisson","par","passeur","trouv\u00e9","Vivant"],"articleSection":["Belgique"],"inLanguage":"fr-BE"},{"@type":"WebPage","@id":"https:\/\/vieassociative.be\/actualites\/le-nourrisson-est-trouve-vivant-par-un-passeur-par-le-maire-aborde-lappel-a-la-mere-de-lenfant\/","url":"https:\/\/vieassociative.be\/actualites\/le-nourrisson-est-trouve-vivant-par-un-passeur-par-le-maire-aborde-lappel-a-la-mere-de-lenfant\/","name":"Le nourrisson est trouv\u00e9 vivant par un passeur - par le maire aborde l'appel \u00e0 la m\u00e8re de l'enfant | Vie Associative","isPartOf":{"@id":"https:\/\/vieassociative.be\/actualites\/#website"},"primaryImageOfPage":{"@id":"https:\/\/vieassociative.be\/actualites\/le-nourrisson-est-trouve-vivant-par-un-passeur-par-le-maire-aborde-lappel-a-la-mere-de-lenfant\/#primaryimage"},"image":{"@id":"https:\/\/vieassociative.be\/actualites\/le-nourrisson-est-trouve-vivant-par-un-passeur-par-le-maire-aborde-lappel-a-la-mere-de-lenfant\/#primaryimage"},"thumbnailUrl":"https:\/\/vieassociative.be\/actualites\/wp-content\/uploads\/2025\/04\/1746022650_Le-nourrisson-est-trouve-vivant-par-un-passeur-par.jpg","datePublished":"2025-04-30T14:17:30+00:00","dateModified":"2025-04-30T14:17:30+00:00","breadcrumb":{"@id":"https:\/\/vieassociative.be\/actualites\/le-nourrisson-est-trouve-vivant-par-un-passeur-par-le-maire-aborde-lappel-a-la-mere-de-lenfant\/#breadcrumb"},"inLanguage":"fr-BE","potentialAction":[{"@type":"ReadAction","target":["https:\/\/vieassociative.be\/actualites\/le-nourrisson-est-trouve-vivant-par-un-passeur-par-le-maire-aborde-lappel-a-la-mere-de-lenfant\/"]}]},{"@type":"ImageObject","inLanguage":"fr-BE","@id":"https:\/\/vieassociative.be\/actualites\/le-nourrisson-est-trouve-vivant-par-un-passeur-par-le-maire-aborde-lappel-a-la-mere-de-lenfant\/#primaryimage","url":"https:\/\/vieassociative.be\/actualites\/wp-content\/uploads\/2025\/04\/1746022650_Le-nourrisson-est-trouve-vivant-par-un-passeur-par.jpg","contentUrl":"https:\/\/vieassociative.be\/actualites\/wp-content\/uploads\/2025\/04\/1746022650_Le-nourrisson-est-trouve-vivant-par-un-passeur-par.jpg","width":1200,"height":800,"caption":"Le nourrisson est trouv\u00e9 vivant par un passeur - par le maire aborde l'appel \u00e0 la m\u00e8re de l'enfant"},{"@type":"BreadcrumbList","@id":"https:\/\/vieassociative.be\/actualites\/le-nourrisson-est-trouve-vivant-par-un-passeur-par-le-maire-aborde-lappel-a-la-mere-de-lenfant\/#breadcrumb","itemListElement":[{"@type":"ListItem","position":1,"name":"Accueil","item":"https:\/\/vieassociative.be\/actualites\/"},{"@type":"ListItem","position":2,"name":"Le nourrisson est trouv\u00e9 vivant par un passeur &#8211; par le maire aborde l&rsquo;appel \u00e0 la m\u00e8re de l&rsquo;enfant"}]},{"@type":"WebSite","@id":"https:\/\/vieassociative.be\/actualites\/#website","url":"https:\/\/vieassociative.be\/actualites\/","name":"Vie Associative","description":"","publisher":{"@id":"https:\/\/vieassociative.be\/actualites\/#organization"},"potentialAction":[{"@type":"SearchAction","target":{"@type":"EntryPoint","urlTemplate":"https:\/\/vieassociative.be\/actualites\/?s={search_term_string}"},"query-input":{"@type":"PropertyValueSpecification","valueRequired":true,"valueName":"search_term_string"}}],"inLanguage":"fr-BE"},{"@type":"Organization","@id":"https:\/\/vieassociative.be\/actualites\/#organization","name":"Vie Associative","url":"https:\/\/vieassociative.be\/actualites\/","logo":{"@type":"ImageObject","inLanguage":"fr-BE","@id":"https:\/\/vieassociative.be\/actualites\/#\/schema\/logo\/image\/","url":"https:\/\/vieassociative.be\/actualites\/wp-content\/uploads\/2024\/09\/cropped-vieassociative_favicon.ico.png","contentUrl":"https:\/\/vieassociative.be\/actualites\/wp-content\/uploads\/2024\/09\/cropped-vieassociative_favicon.ico.png","width":512,"height":512,"caption":"Vie Associative"},"image":{"@id":"https:\/\/vieassociative.be\/actualites\/#\/schema\/logo\/image\/"}},{"@type":"Person","@id":"https:\/\/vieassociative.be\/actualites\/#\/schema\/person\/b87ac4f82f9d4e7b7cec7395b679edc4","name":"Julien","image":{"@type":"ImageObject","inLanguage":"fr-BE","@id":"https:\/\/vieassociative.be\/actualites\/#\/schema\/person\/image\/","url":"https:\/\/vieassociative.be\/actualites\/wp-content\/uploads\/2024\/09\/vie-associative-1-150x150.jpg","contentUrl":"https:\/\/vieassociative.be\/actualites\/wp-content\/uploads\/2024\/09\/vie-associative-1-150x150.jpg","caption":"Julien"},"description":"Je suis Julien, r\u00e9dacteur pour Vie Associative. Passionn\u00e9 par le monde associatif depuis plus de 10 ans, j'ai \u00e0 c\u0153ur de partager des histoires inspirantes et de mettre en lumi\u00e8re les initiatives locales. Mon objectif est de sensibiliser et d'encourager l'engagement communautaire \u00e0 travers mes articles.","sameAs":["https:\/\/vieassociative.be\/"]}]}},"_links":{"self":[{"href":"https:\/\/vieassociative.be\/actualites\/wp-json\/wp\/v2\/posts\/7172"}],"collection":[{"href":"https:\/\/vieassociative.be\/actualites\/wp-json\/wp\/v2\/posts"}],"about":[{"href":"https:\/\/vieassociative.be\/actualites\/wp-json\/wp\/v2\/types\/post"}],"author":[{"embeddable":true,"href":"https:\/\/vieassociative.be\/actualites\/wp-json\/wp\/v2\/users\/1"}],"replies":[{"embeddable":true,"href":"https:\/\/vieassociative.be\/actualites\/wp-json\/wp\/v2\/comments?post=7172"}],"version-history":[{"count":0,"href":"https:\/\/vieassociative.be\/actualites\/wp-json\/wp\/v2\/posts\/7172\/revisions"}],"wp:featuredmedia":[{"embeddable":true,"href":"https:\/\/vieassociative.be\/actualites\/wp-json\/wp\/v2\/media\/7173"}],"wp:attachment":[{"href":"https:\/\/vieassociative.be\/actualites\/wp-json\/wp\/v2\/media?parent=7172"}],"wp:term":[{"taxonomy":"category","embeddable":true,"href":"https:\/\/vieassociative.be\/actualites\/wp-json\/wp\/v2\/categories?post=7172"},{"taxonomy":"post_tag","embeddable":true,"href":"https:\/\/vieassociative.be\/actualites\/wp-json\/wp\/v2\/tags?post=7172"}],"curies":[{"name":"wp","href":"https:\/\/api.w.org\/{rel}","templated":true}]}}