{"id":7156,"date":"2025-04-30T03:17:03","date_gmt":"2025-04-30T01:17:03","guid":{"rendered":"https:\/\/vieassociative.be\/actualites\/essayez-cette-alternative-de-bloc-notes-basee-sur-mac-pour-donner-vos-super-pouvoirs-de-notes-collantes\/"},"modified":"2025-04-30T03:17:03","modified_gmt":"2025-04-30T01:17:03","slug":"essayez-cette-alternative-de-bloc-notes-basee-sur-mac-pour-donner-vos-super-pouvoirs-de-notes-collantes","status":"publish","type":"post","link":"https:\/\/vieassociative.be\/actualites\/essayez-cette-alternative-de-bloc-notes-basee-sur-mac-pour-donner-vos-super-pouvoirs-de-notes-collantes\/","title":{"rendered":"Essayez cette alternative de bloc-notes bas\u00e9e sur Mac pour donner vos super pouvoirs de notes collantes"},"content":{"rendered":"<div class=\"mt-4 leading-6 md:mb-8\">C&rsquo;est comme si le bloc-notes \u00e9tait sur Mac, et aussi une calculatrice et une minuterie de cuisine.<\/div>\n<p><\/p>\n<p>En ce qui concerne les applications de prise de notes sur le Mac, il est difficile de regarder au-del\u00e0 des notes d&rsquo;Apple, car il a beaucoup de fonctionnalit\u00e9s et s&rsquo;est av\u00e9r\u00e9 assez fiable. Mais dans mon flux de travail, je manque parfois d&rsquo;avoir un \u00e9crat sur mon Mac, quelque chose qui ressemble au bloc-notes sur Windows. J&rsquo;aime utiliser des outils comme celui-ci pour d\u00e9crire mes articles, noter des notes qui peuvent se transformer en id\u00e9es d&rsquo;histoire ou simplement cr\u00e9er des listes de t\u00e2ches rapides pour des t\u00e2ches de routine. <\/p>\n<p>MacOS poss\u00e8de une application int\u00e9gr\u00e9e appel\u00e9e Stickies qui fait certaines de ces choses, mais elle a d\u00e9sesp\u00e9r\u00e9ment besoin d&rsquo;une mise \u00e0 jour, car le design semble obsol\u00e8te et il n&rsquo;est pas id\u00e9al pour g\u00e9rer plusieurs notes. J&rsquo;ai r\u00e9cemment d\u00e9couvert Antinote, une application magnifiquement con\u00e7ue qui fait tout ce dont j&rsquo;ai besoin dans une application de notes collantes, et poss\u00e8de beaucoup plus de fonctionnalit\u00e9s, notamment la cr\u00e9ation de timeurs de pomodoro et les devises de conversion, ce qui plaira \u00e9galement aux utilisateurs de puissance. Antinote a un essai gratuit de sept jours, apr\u00e8s quoi vous pouvez payer des frais ponctuels de 5 $ pour acheter l&rsquo;application.<\/p>\n<h2 id=\"speeding-up-your-antinote-workflow\">Acc\u00e9l\u00e9rer votre flux de travail antinote<\/h2>\n<div class=\"eloquent-imagery-image\">\n<div class=\"flex justify-center\">\n                    <img decoding=\"async\" class=\"border border-gray-100\" src=\"https:\/\/vieassociative.be\/actualites\/wp-content\/uploads\/2025\/04\/Essayez-cette-alternative-de-bloc-notes-basee-sur-Mac-pour-donner.jpg\" alt=\"Calculs math\u00e9matiques dans l'antinote.\" width=\"2000\" height=\"1125\" loading=\"lazy\"  >\n            <\/div>\n<\/p><\/div>\n<p>La premi\u00e8re chose que vous devriez faire apr\u00e8s avoir t\u00e9l\u00e9charg\u00e9 Antinote est d&rsquo;apprendre le ciel chaud pour le lancer, qui est <strong>Option-a <\/strong>par d\u00e9faut. Personnellement, j&rsquo;ai configur\u00e9 un raccourci de clavier personnalis\u00e9 pour tirer l&rsquo;application chaque fois que j&rsquo;en ai besoin, ce que vous pouvez faire <strong>Param\u00e8tres> raccourcis> Hot-major global<\/strong>et cela convient tr\u00e8s bien \u00e0 mon flux de travail. <\/p>\n<p>G\u00e9n\u00e9ralement, je n&rsquo;ai pas besoin d&rsquo;utiliser ce raccourci. Au lieu de cela, j&rsquo;ai tendance \u00e0 \u00e9pingler l&rsquo;antinote sur mon \u00e9cran, ce qui signifie qu&rsquo;il se trouve dans une fen\u00eatre flottante au-dessus de toutes mes autres applications. Cependant, lorsque vous utilisez une application en mode plein \u00e9cran sur votre Mac, Antinote est cach\u00e9. Dans ces cas, l&rsquo;utilisation du ciel chaud vous emm\u00e8ne au bureau et retour \u00e0 Antinote, qui est une bou\u00e9e de sauvetage.<\/p>\n<p>Vous devez \u00e9galement passer une minute ou deux <strong>Param\u00e8tres> Visuels<\/strong>. Ici, l&rsquo;application vous permet de choisir si vous voulez qu&rsquo;il apparaisse dans le quai, la barre de menu ou non. Je suis r\u00e9cemment pass\u00e9 \u00e0 Barbee pour la gestion des barres de menu, qui garde le chaos sous contr\u00f4le lorsque j&rsquo;ai beaucoup d&rsquo;applications de barre de menus ouvertes, et donc je pr\u00e9f\u00e8re utiliser Antinote comme application de barre de menu. Cependant, j&rsquo;en fais parfois une application \u00absans t\u00eate\u00bb, ce qui signifie qu&rsquo;il n&rsquo;appara\u00eet que lorsque j&rsquo;utilise le raccourci clavier pour le lancer (une autre raison de le faire m\u00e9moriser).<\/p>\n<h2 id=\"understanding-antinotes-keywords\">Comprendre les mots cl\u00e9s d&rsquo;Antinote<\/h2>\n<div class=\"eloquent-imagery-image\">\n<div class=\"flex justify-center\">\n                    <img decoding=\"async\" class=\"border border-gray-100\" src=\"https:\/\/vieassociative.be\/actualites\/wp-content\/uploads\/2025\/04\/1745975823_700_Essayez-cette-alternative-de-bloc-notes-basee-sur-Mac-pour-donner.jpg\" alt=\"Page Param\u00e8tres de mots cl\u00e9s d'Antinote.\" width=\"2000\" height=\"1126\" loading=\"lazy\"  >\n            <\/div>\n<\/p><\/div>\n<p>Antinote utilise des mots cl\u00e9s pour d\u00e9cider quelles fonctionnalit\u00e9s sont activ\u00e9es dans une note donn\u00e9e. Vous pouvez taper le mot \u00abtemporisateur\u00bb en haut d&rsquo;une note et il vous montrera toutes les commandes n\u00e9cessaires pour d\u00e9marrer une minuterie. Par exemple, tapez \u00abTimer 5\u00bb pour d\u00e9marrer une minuterie de cinq minutes, ou \u00abTimer Pomo\u00bb pour activer une minuterie de pomodor qui vous permet de travailler pendant 25 minutes avant de commencer une minuterie de cinq minutes pour les pauses. Les autres mots cl\u00e9s incluent \u00abmath\u00e9matiques\u00bb pour les calculs, \u00abcoller\u00bb pour faire de l&rsquo;historique des extraits du presse-papiers et \u00abliste\u00bb pour d\u00e9marrer une liste de contr\u00f4le. Acc\u00e9dez aux param\u00e8tres de l&rsquo;application et acc\u00e9dez \u00e0 <strong>Mots cl\u00e9s<\/strong> onglet pour m\u00e9moriser ou personnaliser tous ces mots cl\u00e9s.<\/p>\n<h2 id=\"navigating-between-notes\">Naviguer entre les notes<\/h2>\n<div class=\"eloquent-imagery-image\">\n<div class=\"flex justify-center\">\n                    <img decoding=\"async\" class=\"border border-gray-100\" src=\"https:\/\/vieassociative.be\/actualites\/wp-content\/uploads\/2025\/04\/1745975823_689_Essayez-cette-alternative-de-bloc-notes-basee-sur-Mac-pour-donner.jpg\" alt=\"D\u00e9finition de la bonne taille de la police pour les notes dans l'antinote pour Mac.\" width=\"2000\" height=\"1126\" loading=\"lazy\"  >\n            <\/div>\n<\/p><\/div>\n<p>Bien qu&rsquo;il existe de nombreux raccourcis au clavier pour g\u00e9rer vos notes, j&rsquo;adore l&rsquo;utilisation par l&rsquo;application de balayages pour basculer entre diverses notes. Vous pouvez utiliser le trackpad de votre Mac pour effectuer ces gestes. Utilisez un coup \u00e0 deux doigts vers la gauche pour d\u00e9marrer une nouvelle note et glisser vers la droite pour acc\u00e9der \u00e0 la note pr\u00e9c\u00e9dente. De cette fa\u00e7on, vous pouvez passer par votre historique de notes en glissant simplement. Ces gestes sont rapides et les notes s&rsquo;ouvrent presque instantan\u00e9ment apr\u00e8s avoir glisser dans les deux sens.<\/p>\n<p>L&rsquo;antinote enregistre \u00e9galement automatiquement toutes vos notes dans l&rsquo;application, mais si vous souhaitez partager une note avec d&rsquo;autres, vous pouvez cliquer sur le bouton Partager dans le coin inf\u00e9rieur droit de la fen\u00eatre de l&rsquo;application. Cela enregistrera la note en tant que fichier TXT dans le dossier de votre choix. Vous pouvez ensuite utiliser d&rsquo;autres applications pour partager la note. Malheureusement, il n&rsquo;y a pas de fonctionnalit\u00e9 de collaboration en temps r\u00e9el.<\/p>\n<div class=\"pogoClear relative my-10 border-b-(1.5px) border-t-(1.5px) border-dashed border-black py-5 sm:my-14 sm:border-0 sm:py-0\" data-ga-click data-ga-template=\"Hacks\" data-ga-module=\"openweb_widget\" data-ga-element=\"openweb_scroll\" data-ga-item=\"openweb_scroll_midpage\" x-cloak x-data=\"{ commentsCount: null, hasComments: false }\" x-init=\"commentsCount = await window.openweb.getMessagesCount(01JT1BCZMDYX5JZ7190B6778SY);\n     hasComments = commentsCount !== null &amp;&amp; commentsCount &gt; 0\"><\/p>\n<div class=\"absolute top-1\/2 hidden w-full -translate-y-1\/2 border-t-(1.5px) border-dashed border-black sm:block\"><\/div>\n<div class=\"relative flex justify-center\">\n<div class=\"flex max-w-max items-center gap-x-3 bg-white px-5\">\n<div class=\"relative\">\n                <span class=\"absolute left-1\/2 top-1\/2 -translate-x-1\/2 -translate-y-1\/2 font-akshar text-sm font-medium text-black\" x-show=\"hasComments\" x-text=\"commentsCount\"><\/span><\/p>\n<p>                <svg class=\"h-8 w-8 text-black\">\n                    <use href=\"http:\/\/lifehacker.com\/images\/icons\/spritemap.svg#sprite-chat-bubble\"><\/use>\n                <\/svg>\n            <\/div>\n<p>            <span class=\"text-sm font-medium text-black\"><\/p>\n<p>                Que pensez-vous jusqu&rsquo;\u00e0 pr\u00e9sent?<br \/>\n                <button class=\"font-semibold text-brand-green underline hover:text-brand-green-700\" onclick=\"window.openweb.scrollToComments(01JT1BCZMDYX5JZ7190B6778SY)\" x-text=\"hasComments ? 'Post a comment.' : 'Be the first to post a comment.'\"><\/button><br \/>\n            <\/span>\n        <\/div>\n<\/p><\/div>\n<\/div>\n<h2 id=\"interesting-additional-features\">Fonctionnalit\u00e9s suppl\u00e9mentaires int\u00e9ressantes<\/h2>\n<div class=\"eloquent-imagery-image\">\n<div class=\"flex justify-center\">\n                    <img decoding=\"async\" class=\"border border-gray-100\" src=\"https:\/\/vieassociative.be\/actualites\/wp-content\/uploads\/2025\/04\/1745975823_537_Essayez-cette-alternative-de-bloc-notes-basee-sur-Mac-pour-donner.jpg\" alt=\"Une minuterie fonctionnant dans l'antinote.\" width=\"2000\" height=\"1125\" loading=\"lazy\"  >\n            <\/div>\n<\/p><\/div>\n<p>Au-del\u00e0 d&rsquo;\u00eatre simplement rapide et facile \u00e0 utiliser pour noter les id\u00e9es ou effectuer des conversions d&rsquo;unit\u00e9s rapides, cette application a quelques fonctionnalit\u00e9s plus utiles dans sa bo\u00eete \u00e0 outils. Vous pouvez prendre une capture d&rsquo;\u00e9cran de texte et l&rsquo;application utilisera OCR pour l&rsquo;extraire dans une note. Le raccourci du clavier macOS par d\u00e9faut &#8211; Command-Control-Shift-4 &#8211; vous permettra de capturer une zone sur votre \u00e9cran. Utilisez-le pour copier la capture d&rsquo;\u00e9cran dans votre presse-papiers et collez-le en antinote. L&rsquo;application extraire automatiquement n&rsquo;importe quel texte pour vous.<\/p>\n<p>J&rsquo;aime aussi l&rsquo;interface utilisateur sans distraction d&rsquo;Antinote. Il affiche du texte et vous permet d&rsquo;\u00e9crire sans afficher tous vos boutons disponibles jusqu&rsquo;\u00e0 ce que vous d\u00e9placiez le curseur pr\u00e8s de ces boutons. Il y a quelques boutons en haut de la fen\u00eatre de l&rsquo;application et quelques-uns vers le bas, donc si vous trouvez que vous ne trouvez pas quelque chose dont vous avez besoin, essayez les deux emplacements. L&rsquo;un des boutons en haut est un bouton de recherche global qui vous permet de rechercher toutes vos notes d&rsquo;antinote, ce qui est tr\u00e8s utile.<\/p>\n<p>L&rsquo;application vous permet de configurer un calendrier de suppression automatique, ce qui est bien si vous souhaitez principalement l&rsquo;utiliser pour des notes temporaires. Dans ses contextes, allez au <strong>Notes<\/strong> Section pour configurer ceci. Je l&rsquo;ai configur\u00e9 pour supprimer des notes apr\u00e8s un mois, mais vous pouvez m\u00eame effacer tout dans l&rsquo;application dans une journ\u00e9e si vous le souhaitez. L&rsquo;application prend \u00e9galement en charge plusieurs th\u00e8mes disponibles sous <strong>Param\u00e8tres> Visuels<\/strong>. Vous pouvez faire en sorte que l&rsquo;application ressemble plus \u00e0 un ordinateur portable physique, par exemple, ou changer votre toile de non r\u00e9duit \u00e0 la gouvernante ou bas\u00e9e sur la grille. <\/p>\n<p><strong>Param\u00e8tres> Visuels<\/strong> Vous permet \u00e9galement de modifier la taille de la fen\u00eatre et la taille de la police par d\u00e9faut en fonction de vos besoins. Lorsque j&rsquo;utilise l&rsquo;affichage de mon MacBook, je le garde \u00e0 Medium, mais j&rsquo;augmente la taille de la police lorsque l&rsquo;ordinateur portable est connect\u00e9 \u00e0 un grand moniteur. <\/p>\n","protected":false},"excerpt":{"rendered":"<p>C&rsquo;est comme si le bloc-notes \u00e9tait sur Mac, et aussi une calculatrice et une minuterie de cuisine. En ce qui concerne les applications de prise<\/p>\n","protected":false},"author":1,"featured_media":7157,"comment_status":"","ping_status":"","sticky":false,"template":"","format":"standard","meta":{"footnotes":""},"categories":[13],"tags":[1126,1133,6714,206,6716,818,770,1112,145,81,6715,2810,33,27],"class_list":["post-7156","post","type-post","status-publish","format-standard","has-post-thumbnail","hentry","category-technologie","tag-alternative","tag-basee","tag-blocnotes","tag-cette","tag-collantes","tag-donner","tag-essayez","tag-mac","tag-notes","tag-pour","tag-pouvoirs","tag-super","tag-sur","tag-vos","generate-columns","tablet-grid-50","mobile-grid-100","grid-parent","grid-33"],"yoast_head":"<!-- This site is optimized with the Yoast SEO plugin v24.0 - https:\/\/yoast.com\/wordpress\/plugins\/seo\/ -->\n<title>Essayez cette alternative de bloc-notes bas\u00e9e sur Mac pour donner vos super pouvoirs de notes collantes | Vie Associative<\/title>\n<meta name=\"robots\" content=\"index, follow, max-snippet:-1, max-image-preview:large, max-video-preview:-1\" \/>\n<link rel=\"canonical\" href=\"https:\/\/vieassociative.be\/actualites\/essayez-cette-alternative-de-bloc-notes-basee-sur-mac-pour-donner-vos-super-pouvoirs-de-notes-collantes\/\" \/>\n<meta property=\"og:locale\" content=\"fr_FR\" \/>\n<meta property=\"og:type\" content=\"article\" \/>\n<meta property=\"og:title\" content=\"Essayez cette alternative de bloc-notes bas\u00e9e sur Mac pour donner vos super pouvoirs de notes collantes | Vie Associative\" \/>\n<meta property=\"og:description\" content=\"C&rsquo;est comme si le bloc-notes \u00e9tait sur Mac, et aussi une calculatrice et une minuterie de cuisine. En ce qui concerne les applications de prise\" \/>\n<meta property=\"og:url\" content=\"https:\/\/vieassociative.be\/actualites\/essayez-cette-alternative-de-bloc-notes-basee-sur-mac-pour-donner-vos-super-pouvoirs-de-notes-collantes\/\" \/>\n<meta property=\"og:site_name\" content=\"Vie Associative\" \/>\n<meta property=\"article:published_time\" content=\"2025-04-30T01:17:03+00:00\" \/>\n<meta property=\"og:image\" content=\"https:\/\/vieassociative.be\/actualites\/wp-content\/uploads\/2025\/04\/Essayez-cette-alternative-de-bloc-notes-basee-sur-Mac-pour-donner.jpg\" \/>\n<meta name=\"author\" content=\"Julien\" \/>\n<meta name=\"twitter:card\" content=\"summary_large_image\" \/>\n<meta name=\"twitter:label1\" content=\"\u00c9crit par\" \/>\n\t<meta name=\"twitter:data1\" content=\"Julien\" \/>\n\t<meta name=\"twitter:label2\" content=\"Dur\u00e9e de lecture est.\" \/>\n\t<meta name=\"twitter:data2\" content=\"6 minutes\" \/>\n<script type=\"application\/ld+json\" class=\"yoast-schema-graph\">{\"@context\":\"https:\/\/schema.org\",\"@graph\":[{\"@type\":\"Article\",\"@id\":\"https:\/\/vieassociative.be\/actualites\/essayez-cette-alternative-de-bloc-notes-basee-sur-mac-pour-donner-vos-super-pouvoirs-de-notes-collantes\/#article\",\"isPartOf\":{\"@id\":\"https:\/\/vieassociative.be\/actualites\/essayez-cette-alternative-de-bloc-notes-basee-sur-mac-pour-donner-vos-super-pouvoirs-de-notes-collantes\/\"},\"author\":{\"name\":\"Julien\",\"@id\":\"https:\/\/vieassociative.be\/actualites\/#\/schema\/person\/b87ac4f82f9d4e7b7cec7395b679edc4\"},\"headline\":\"Essayez cette alternative de bloc-notes bas\u00e9e sur Mac pour donner vos super pouvoirs de notes collantes\",\"datePublished\":\"2025-04-30T01:17:03+00:00\",\"dateModified\":\"2025-04-30T01:17:03+00:00\",\"mainEntityOfPage\":{\"@id\":\"https:\/\/vieassociative.be\/actualites\/essayez-cette-alternative-de-bloc-notes-basee-sur-mac-pour-donner-vos-super-pouvoirs-de-notes-collantes\/\"},\"wordCount\":1248,\"publisher\":{\"@id\":\"https:\/\/vieassociative.be\/actualites\/#organization\"},\"image\":{\"@id\":\"https:\/\/vieassociative.be\/actualites\/essayez-cette-alternative-de-bloc-notes-basee-sur-mac-pour-donner-vos-super-pouvoirs-de-notes-collantes\/#primaryimage\"},\"thumbnailUrl\":\"https:\/\/vieassociative.be\/actualites\/wp-content\/uploads\/2025\/04\/1745975824_Essayez-cette-alternative-de-bloc-notes-basee-sur-Mac-pour-donner.jpg\",\"keywords\":[\"alternative\",\"bas\u00e9e\",\"blocnotes\",\"cette\",\"collantes\",\"donner\",\"Essayez\",\"Mac\",\"notes\",\"pour\",\"pouvoirs\",\"Super\",\"sur\",\"vos\"],\"articleSection\":[\"Technologie\"],\"inLanguage\":\"fr-BE\"},{\"@type\":\"WebPage\",\"@id\":\"https:\/\/vieassociative.be\/actualites\/essayez-cette-alternative-de-bloc-notes-basee-sur-mac-pour-donner-vos-super-pouvoirs-de-notes-collantes\/\",\"url\":\"https:\/\/vieassociative.be\/actualites\/essayez-cette-alternative-de-bloc-notes-basee-sur-mac-pour-donner-vos-super-pouvoirs-de-notes-collantes\/\",\"name\":\"Essayez cette alternative de bloc-notes bas\u00e9e sur Mac pour donner vos super pouvoirs de notes collantes | Vie Associative\",\"isPartOf\":{\"@id\":\"https:\/\/vieassociative.be\/actualites\/#website\"},\"primaryImageOfPage\":{\"@id\":\"https:\/\/vieassociative.be\/actualites\/essayez-cette-alternative-de-bloc-notes-basee-sur-mac-pour-donner-vos-super-pouvoirs-de-notes-collantes\/#primaryimage\"},\"image\":{\"@id\":\"https:\/\/vieassociative.be\/actualites\/essayez-cette-alternative-de-bloc-notes-basee-sur-mac-pour-donner-vos-super-pouvoirs-de-notes-collantes\/#primaryimage\"},\"thumbnailUrl\":\"https:\/\/vieassociative.be\/actualites\/wp-content\/uploads\/2025\/04\/1745975824_Essayez-cette-alternative-de-bloc-notes-basee-sur-Mac-pour-donner.jpg\",\"datePublished\":\"2025-04-30T01:17:03+00:00\",\"dateModified\":\"2025-04-30T01:17:03+00:00\",\"breadcrumb\":{\"@id\":\"https:\/\/vieassociative.be\/actualites\/essayez-cette-alternative-de-bloc-notes-basee-sur-mac-pour-donner-vos-super-pouvoirs-de-notes-collantes\/#breadcrumb\"},\"inLanguage\":\"fr-BE\",\"potentialAction\":[{\"@type\":\"ReadAction\",\"target\":[\"https:\/\/vieassociative.be\/actualites\/essayez-cette-alternative-de-bloc-notes-basee-sur-mac-pour-donner-vos-super-pouvoirs-de-notes-collantes\/\"]}]},{\"@type\":\"ImageObject\",\"inLanguage\":\"fr-BE\",\"@id\":\"https:\/\/vieassociative.be\/actualites\/essayez-cette-alternative-de-bloc-notes-basee-sur-mac-pour-donner-vos-super-pouvoirs-de-notes-collantes\/#primaryimage\",\"url\":\"https:\/\/vieassociative.be\/actualites\/wp-content\/uploads\/2025\/04\/1745975824_Essayez-cette-alternative-de-bloc-notes-basee-sur-Mac-pour-donner.jpg\",\"contentUrl\":\"https:\/\/vieassociative.be\/actualites\/wp-content\/uploads\/2025\/04\/1745975824_Essayez-cette-alternative-de-bloc-notes-basee-sur-Mac-pour-donner.jpg\",\"width\":1200,\"height\":675,\"caption\":\"Essayez cette alternative de bloc-notes bas\u00e9e sur Mac pour donner vos super pouvoirs de notes collantes\"},{\"@type\":\"BreadcrumbList\",\"@id\":\"https:\/\/vieassociative.be\/actualites\/essayez-cette-alternative-de-bloc-notes-basee-sur-mac-pour-donner-vos-super-pouvoirs-de-notes-collantes\/#breadcrumb\",\"itemListElement\":[{\"@type\":\"ListItem\",\"position\":1,\"name\":\"Accueil\",\"item\":\"https:\/\/vieassociative.be\/actualites\/\"},{\"@type\":\"ListItem\",\"position\":2,\"name\":\"Essayez cette alternative de bloc-notes bas\u00e9e sur Mac pour donner vos super pouvoirs de notes collantes\"}]},{\"@type\":\"WebSite\",\"@id\":\"https:\/\/vieassociative.be\/actualites\/#website\",\"url\":\"https:\/\/vieassociative.be\/actualites\/\",\"name\":\"Vie Associative\",\"description\":\"\",\"publisher\":{\"@id\":\"https:\/\/vieassociative.be\/actualites\/#organization\"},\"potentialAction\":[{\"@type\":\"SearchAction\",\"target\":{\"@type\":\"EntryPoint\",\"urlTemplate\":\"https:\/\/vieassociative.be\/actualites\/?s={search_term_string}\"},\"query-input\":{\"@type\":\"PropertyValueSpecification\",\"valueRequired\":true,\"valueName\":\"search_term_string\"}}],\"inLanguage\":\"fr-BE\"},{\"@type\":\"Organization\",\"@id\":\"https:\/\/vieassociative.be\/actualites\/#organization\",\"name\":\"Vie Associative\",\"url\":\"https:\/\/vieassociative.be\/actualites\/\",\"logo\":{\"@type\":\"ImageObject\",\"inLanguage\":\"fr-BE\",\"@id\":\"https:\/\/vieassociative.be\/actualites\/#\/schema\/logo\/image\/\",\"url\":\"https:\/\/vieassociative.be\/actualites\/wp-content\/uploads\/2024\/09\/cropped-vieassociative_favicon.ico.png\",\"contentUrl\":\"https:\/\/vieassociative.be\/actualites\/wp-content\/uploads\/2024\/09\/cropped-vieassociative_favicon.ico.png\",\"width\":512,\"height\":512,\"caption\":\"Vie Associative\"},\"image\":{\"@id\":\"https:\/\/vieassociative.be\/actualites\/#\/schema\/logo\/image\/\"}},{\"@type\":\"Person\",\"@id\":\"https:\/\/vieassociative.be\/actualites\/#\/schema\/person\/b87ac4f82f9d4e7b7cec7395b679edc4\",\"name\":\"Julien\",\"image\":{\"@type\":\"ImageObject\",\"inLanguage\":\"fr-BE\",\"@id\":\"https:\/\/vieassociative.be\/actualites\/#\/schema\/person\/image\/\",\"url\":\"https:\/\/vieassociative.be\/actualites\/wp-content\/uploads\/2024\/09\/vie-associative-1-150x150.jpg\",\"contentUrl\":\"https:\/\/vieassociative.be\/actualites\/wp-content\/uploads\/2024\/09\/vie-associative-1-150x150.jpg\",\"caption\":\"Julien\"},\"description\":\"Je suis Julien, r\u00e9dacteur pour Vie Associative. Passionn\u00e9 par le monde associatif depuis plus de 10 ans, j'ai \u00e0 c\u0153ur de partager des histoires inspirantes et de mettre en lumi\u00e8re les initiatives locales. Mon objectif est de sensibiliser et d'encourager l'engagement communautaire \u00e0 travers mes articles.\",\"sameAs\":[\"https:\/\/vieassociative.be\/\"]}]}<\/script>\n<!-- \/ Yoast SEO plugin. -->","yoast_head_json":{"title":"Essayez cette alternative de bloc-notes bas\u00e9e sur Mac pour donner vos super pouvoirs de notes collantes | Vie Associative","robots":{"index":"index","follow":"follow","max-snippet":"max-snippet:-1","max-image-preview":"max-image-preview:large","max-video-preview":"max-video-preview:-1"},"canonical":"https:\/\/vieassociative.be\/actualites\/essayez-cette-alternative-de-bloc-notes-basee-sur-mac-pour-donner-vos-super-pouvoirs-de-notes-collantes\/","og_locale":"fr_FR","og_type":"article","og_title":"Essayez cette alternative de bloc-notes bas\u00e9e sur Mac pour donner vos super pouvoirs de notes collantes | Vie Associative","og_description":"C&rsquo;est comme si le bloc-notes \u00e9tait sur Mac, et aussi une calculatrice et une minuterie de cuisine. En ce qui concerne les applications de prise","og_url":"https:\/\/vieassociative.be\/actualites\/essayez-cette-alternative-de-bloc-notes-basee-sur-mac-pour-donner-vos-super-pouvoirs-de-notes-collantes\/","og_site_name":"Vie Associative","article_published_time":"2025-04-30T01:17:03+00:00","og_image":[{"url":"https:\/\/vieassociative.be\/actualites\/wp-content\/uploads\/2025\/04\/Essayez-cette-alternative-de-bloc-notes-basee-sur-Mac-pour-donner.jpg","type":"","width":"","height":""}],"author":"Julien","twitter_card":"summary_large_image","twitter_misc":{"\u00c9crit par":"Julien","Dur\u00e9e de lecture est.":"6 minutes"},"schema":{"@context":"https:\/\/schema.org","@graph":[{"@type":"Article","@id":"https:\/\/vieassociative.be\/actualites\/essayez-cette-alternative-de-bloc-notes-basee-sur-mac-pour-donner-vos-super-pouvoirs-de-notes-collantes\/#article","isPartOf":{"@id":"https:\/\/vieassociative.be\/actualites\/essayez-cette-alternative-de-bloc-notes-basee-sur-mac-pour-donner-vos-super-pouvoirs-de-notes-collantes\/"},"author":{"name":"Julien","@id":"https:\/\/vieassociative.be\/actualites\/#\/schema\/person\/b87ac4f82f9d4e7b7cec7395b679edc4"},"headline":"Essayez cette alternative de bloc-notes bas\u00e9e sur Mac pour donner vos super pouvoirs de notes collantes","datePublished":"2025-04-30T01:17:03+00:00","dateModified":"2025-04-30T01:17:03+00:00","mainEntityOfPage":{"@id":"https:\/\/vieassociative.be\/actualites\/essayez-cette-alternative-de-bloc-notes-basee-sur-mac-pour-donner-vos-super-pouvoirs-de-notes-collantes\/"},"wordCount":1248,"publisher":{"@id":"https:\/\/vieassociative.be\/actualites\/#organization"},"image":{"@id":"https:\/\/vieassociative.be\/actualites\/essayez-cette-alternative-de-bloc-notes-basee-sur-mac-pour-donner-vos-super-pouvoirs-de-notes-collantes\/#primaryimage"},"thumbnailUrl":"https:\/\/vieassociative.be\/actualites\/wp-content\/uploads\/2025\/04\/1745975824_Essayez-cette-alternative-de-bloc-notes-basee-sur-Mac-pour-donner.jpg","keywords":["alternative","bas\u00e9e","blocnotes","cette","collantes","donner","Essayez","Mac","notes","pour","pouvoirs","Super","sur","vos"],"articleSection":["Technologie"],"inLanguage":"fr-BE"},{"@type":"WebPage","@id":"https:\/\/vieassociative.be\/actualites\/essayez-cette-alternative-de-bloc-notes-basee-sur-mac-pour-donner-vos-super-pouvoirs-de-notes-collantes\/","url":"https:\/\/vieassociative.be\/actualites\/essayez-cette-alternative-de-bloc-notes-basee-sur-mac-pour-donner-vos-super-pouvoirs-de-notes-collantes\/","name":"Essayez cette alternative de bloc-notes bas\u00e9e sur Mac pour donner vos super pouvoirs de notes collantes | Vie Associative","isPartOf":{"@id":"https:\/\/vieassociative.be\/actualites\/#website"},"primaryImageOfPage":{"@id":"https:\/\/vieassociative.be\/actualites\/essayez-cette-alternative-de-bloc-notes-basee-sur-mac-pour-donner-vos-super-pouvoirs-de-notes-collantes\/#primaryimage"},"image":{"@id":"https:\/\/vieassociative.be\/actualites\/essayez-cette-alternative-de-bloc-notes-basee-sur-mac-pour-donner-vos-super-pouvoirs-de-notes-collantes\/#primaryimage"},"thumbnailUrl":"https:\/\/vieassociative.be\/actualites\/wp-content\/uploads\/2025\/04\/1745975824_Essayez-cette-alternative-de-bloc-notes-basee-sur-Mac-pour-donner.jpg","datePublished":"2025-04-30T01:17:03+00:00","dateModified":"2025-04-30T01:17:03+00:00","breadcrumb":{"@id":"https:\/\/vieassociative.be\/actualites\/essayez-cette-alternative-de-bloc-notes-basee-sur-mac-pour-donner-vos-super-pouvoirs-de-notes-collantes\/#breadcrumb"},"inLanguage":"fr-BE","potentialAction":[{"@type":"ReadAction","target":["https:\/\/vieassociative.be\/actualites\/essayez-cette-alternative-de-bloc-notes-basee-sur-mac-pour-donner-vos-super-pouvoirs-de-notes-collantes\/"]}]},{"@type":"ImageObject","inLanguage":"fr-BE","@id":"https:\/\/vieassociative.be\/actualites\/essayez-cette-alternative-de-bloc-notes-basee-sur-mac-pour-donner-vos-super-pouvoirs-de-notes-collantes\/#primaryimage","url":"https:\/\/vieassociative.be\/actualites\/wp-content\/uploads\/2025\/04\/1745975824_Essayez-cette-alternative-de-bloc-notes-basee-sur-Mac-pour-donner.jpg","contentUrl":"https:\/\/vieassociative.be\/actualites\/wp-content\/uploads\/2025\/04\/1745975824_Essayez-cette-alternative-de-bloc-notes-basee-sur-Mac-pour-donner.jpg","width":1200,"height":675,"caption":"Essayez cette alternative de bloc-notes bas\u00e9e sur Mac pour donner vos super pouvoirs de notes collantes"},{"@type":"BreadcrumbList","@id":"https:\/\/vieassociative.be\/actualites\/essayez-cette-alternative-de-bloc-notes-basee-sur-mac-pour-donner-vos-super-pouvoirs-de-notes-collantes\/#breadcrumb","itemListElement":[{"@type":"ListItem","position":1,"name":"Accueil","item":"https:\/\/vieassociative.be\/actualites\/"},{"@type":"ListItem","position":2,"name":"Essayez cette alternative de bloc-notes bas\u00e9e sur Mac pour donner vos super pouvoirs de notes collantes"}]},{"@type":"WebSite","@id":"https:\/\/vieassociative.be\/actualites\/#website","url":"https:\/\/vieassociative.be\/actualites\/","name":"Vie Associative","description":"","publisher":{"@id":"https:\/\/vieassociative.be\/actualites\/#organization"},"potentialAction":[{"@type":"SearchAction","target":{"@type":"EntryPoint","urlTemplate":"https:\/\/vieassociative.be\/actualites\/?s={search_term_string}"},"query-input":{"@type":"PropertyValueSpecification","valueRequired":true,"valueName":"search_term_string"}}],"inLanguage":"fr-BE"},{"@type":"Organization","@id":"https:\/\/vieassociative.be\/actualites\/#organization","name":"Vie Associative","url":"https:\/\/vieassociative.be\/actualites\/","logo":{"@type":"ImageObject","inLanguage":"fr-BE","@id":"https:\/\/vieassociative.be\/actualites\/#\/schema\/logo\/image\/","url":"https:\/\/vieassociative.be\/actualites\/wp-content\/uploads\/2024\/09\/cropped-vieassociative_favicon.ico.png","contentUrl":"https:\/\/vieassociative.be\/actualites\/wp-content\/uploads\/2024\/09\/cropped-vieassociative_favicon.ico.png","width":512,"height":512,"caption":"Vie Associative"},"image":{"@id":"https:\/\/vieassociative.be\/actualites\/#\/schema\/logo\/image\/"}},{"@type":"Person","@id":"https:\/\/vieassociative.be\/actualites\/#\/schema\/person\/b87ac4f82f9d4e7b7cec7395b679edc4","name":"Julien","image":{"@type":"ImageObject","inLanguage":"fr-BE","@id":"https:\/\/vieassociative.be\/actualites\/#\/schema\/person\/image\/","url":"https:\/\/vieassociative.be\/actualites\/wp-content\/uploads\/2024\/09\/vie-associative-1-150x150.jpg","contentUrl":"https:\/\/vieassociative.be\/actualites\/wp-content\/uploads\/2024\/09\/vie-associative-1-150x150.jpg","caption":"Julien"},"description":"Je suis Julien, r\u00e9dacteur pour Vie Associative. Passionn\u00e9 par le monde associatif depuis plus de 10 ans, j'ai \u00e0 c\u0153ur de partager des histoires inspirantes et de mettre en lumi\u00e8re les initiatives locales. Mon objectif est de sensibiliser et d'encourager l'engagement communautaire \u00e0 travers mes articles.","sameAs":["https:\/\/vieassociative.be\/"]}]}},"_links":{"self":[{"href":"https:\/\/vieassociative.be\/actualites\/wp-json\/wp\/v2\/posts\/7156"}],"collection":[{"href":"https:\/\/vieassociative.be\/actualites\/wp-json\/wp\/v2\/posts"}],"about":[{"href":"https:\/\/vieassociative.be\/actualites\/wp-json\/wp\/v2\/types\/post"}],"author":[{"embeddable":true,"href":"https:\/\/vieassociative.be\/actualites\/wp-json\/wp\/v2\/users\/1"}],"replies":[{"embeddable":true,"href":"https:\/\/vieassociative.be\/actualites\/wp-json\/wp\/v2\/comments?post=7156"}],"version-history":[{"count":0,"href":"https:\/\/vieassociative.be\/actualites\/wp-json\/wp\/v2\/posts\/7156\/revisions"}],"wp:featuredmedia":[{"embeddable":true,"href":"https:\/\/vieassociative.be\/actualites\/wp-json\/wp\/v2\/media\/7157"}],"wp:attachment":[{"href":"https:\/\/vieassociative.be\/actualites\/wp-json\/wp\/v2\/media?parent=7156"}],"wp:term":[{"taxonomy":"category","embeddable":true,"href":"https:\/\/vieassociative.be\/actualites\/wp-json\/wp\/v2\/categories?post=7156"},{"taxonomy":"post_tag","embeddable":true,"href":"https:\/\/vieassociative.be\/actualites\/wp-json\/wp\/v2\/tags?post=7156"}],"curies":[{"name":"wp","href":"https:\/\/api.w.org\/{rel}","templated":true}]}}