{"id":7152,"date":"2025-04-30T01:17:04","date_gmt":"2025-04-29T23:17:04","guid":{"rendered":"https:\/\/vieassociative.be\/actualites\/votre-iphone-peut-obtenir-un-mode-bureau-avec-ios-19\/"},"modified":"2025-04-30T01:17:04","modified_gmt":"2025-04-29T23:17:04","slug":"votre-iphone-peut-obtenir-un-mode-bureau-avec-ios-19","status":"publish","type":"post","link":"https:\/\/vieassociative.be\/actualites\/votre-iphone-peut-obtenir-un-mode-bureau-avec-ios-19\/","title":{"rendered":"Votre iPhone peut obtenir un mode \u00abbureau\u00bb avec iOS 19"},"content":{"rendered":"<div class=\"mt-4 leading-6 md:mb-8\">Les rumeurs sugg\u00e8rent que vous pourrez \u00e9tendre l&rsquo;\u00e9cran de votre iPhone \u00e0 un \u00e9cran externe.<\/div>\n<p><\/p>\n<p>Les rumeurs sugg\u00e8rent qu&rsquo;Apple travaille sur des moyens de rendre l&rsquo;iPad plus comme un Mac avec iPados 19. Bien que l&rsquo;entreprise n&rsquo;apportera plus de macOS \u00e0 l&rsquo;iPad (autant que j&rsquo;aimerais que ce soit le cas), il pourrait y avoir des mises \u00e0 niveau qui transforment l&rsquo;exp\u00e9rience de tablette davantage en une exp\u00e9rience informatique de bureau. Le fait est que ce n&rsquo;est pas seulement l&rsquo;iPad qui semble obtenir des fonctionnalit\u00e9s de bureau &#8211; l&rsquo;iPhone pourrait \u00e9galement s&rsquo;amuser.<\/p>\n<p>Dans un article couvrant les rumeurs d&rsquo;iPados 19, le fuite Majin Bu avait ceci \u00e0 dire sur l&rsquo;iPhone: \u00ab\u00a0iOS 19 n&rsquo;est pas laiss\u00e9 pour compte. Source dit que les iPhones avec USB-C prendront en charge les \u00e9crans externes, offrant une interface (semblable \u00e0 un gestionnaire de sc\u00e8ne). Bien que ce ne soit pas un mode de bureau complet, il permettra aux utilisateurs d&rsquo;\u00e9tendre leur espace d&rsquo;\u00e9cran, excellent pour les pr\u00e9sentations, ou non un mode de bureau complet.\u00a0\u00bb<\/p>\n<p>Si cela est vrai, ce serait un \u00e9norme changement pour l&rsquo;iPhone. Alors qu&rsquo;Apple vous permet de refl\u00e9ter l&rsquo;\u00e9cran de votre iPhone aux \u00e9crans externes, il n&rsquo;a jamais offert de <em>\u00e9tendu<\/em> option d&rsquo;affichage. Avec des \u00e9crans \u00e9tendus, vous pouvez avoir diff\u00e9rentes fen\u00eatres ouvertes sur diff\u00e9rents appareils: vous pouvez utiliser votre t\u00e9l\u00e9phone pour pr\u00e9senter un diaporama sur un moniteur ou un projecteur, tout en utilisant votre t\u00e9l\u00e9phone pour r\u00e9f\u00e9rencer les notes de haut-parleurs, par exemple. <\/p>\n<p>Un \u00e9cran en miroir, en revanche, est beaucoup plus limit\u00e9, car vous affichez seulement ce qui se trouve sur l&rsquo;\u00e9cran de votre iPhone sur le plus grand \u00e9cran. Cela peut \u00eatre utile, mais aussi g\u00eanant, comme <em>tout<\/em> Sur l&rsquo;\u00e9cran de votre iPhone se refl\u00e8te. Avoir \u00e0 garder l&rsquo;affichage de votre iPhone priv\u00e9 tout en contr\u00f4lant ce qui s&rsquo;affiche sur l&rsquo;\u00e9cran externe serait un changeur de jeu. <\/p>\n<p>Les \u00e9crans \u00e9tendus respectent \u00e9galement les dimensions de l&rsquo;\u00e9cran que vous \u00eates connect\u00e9. Lorsque vous refl\u00e9tez votre iPhone sur un t\u00e9l\u00e9viseur, par exemple, il appara\u00eetra verticalement. Si vous \u00eates dans une application qui prend en charge le mode paysage, vous pouvez retourner votre iPhone pour remplir davantage l&rsquo;affichage, mais il ne correspondra toujours pas aux dimensions de la plupart des t\u00e9l\u00e9viseurs et des moniteurs (\u00e0 moins que vous n&rsquo;utilisiez un iPhone de l&rsquo;\u00e8re du bouton d&rsquo;accueil avec un \u00e9cran 16: 9). L&rsquo;autre exception est la lecture des m\u00e9dias, qui rendra dans les dimensions de la photo ou de la vid\u00e9o originale, mais toute la configuration est loin d&rsquo;\u00eatre id\u00e9ale. <\/p>\n<p>Cela dit, Majin Bu rapporte qu&rsquo;il est possible qu&rsquo;il y ait des probl\u00e8mes avec la r\u00e9solution ou le nombre d&rsquo;applications qui peuvent \u00eatre \u00e9tendues \u00e0 tout moment. Vraiment, cette rumeur est mince et ne nous offre pas beaucoup d&rsquo;informations \u00e0 partir du travail pour le moment. <\/p>\n<p>L&rsquo;iPhone serait loin du premier appareil mobile \u00e0 offrir une fonctionnalit\u00e9 comme celle-ci. Les propres iPads d&rsquo;Apple sont capables de s&rsquo;\u00e9tendre \u00e0 d&rsquo;autres \u00e9crans via le gestionnaire de sc\u00e8ne, et de nombreux smartphones offrent un mode de bureau, comme le Dex de Samsung.  <\/p>\n<div class=\"pogoClear relative my-10 border-b-(1.5px) border-t-(1.5px) border-dashed border-black py-5 sm:my-14 sm:border-0 sm:py-0\" data-ga-click data-ga-template=\"News\" data-ga-module=\"openweb_widget\" data-ga-element=\"openweb_scroll\" data-ga-item=\"openweb_scroll_midpage\" x-cloak x-data=\"{ commentsCount: null, hasComments: false }\" x-init=\"commentsCount = await window.openweb.getMessagesCount(01JSZ26ABYB8T9QJZTFSP4P9AM);\n     hasComments = commentsCount !== null &amp;&amp; commentsCount &gt; 0\"><\/p>\n<div class=\"absolute top-1\/2 hidden w-full -translate-y-1\/2 border-t-(1.5px) border-dashed border-black sm:block\"><\/div>\n<div class=\"relative flex justify-center\">\n<div class=\"flex max-w-max items-center gap-x-3 bg-white px-5\">\n<div class=\"relative\">\n                <span class=\"absolute left-1\/2 top-1\/2 -translate-x-1\/2 -translate-y-1\/2 font-akshar text-sm font-medium text-black\" x-show=\"hasComments\" x-text=\"commentsCount\"><\/span><\/p>\n<p>                <svg class=\"h-8 w-8 text-black\">\n                    <use href=\"http:\/\/lifehacker.com\/images\/icons\/spritemap.svg#sprite-chat-bubble\"><\/use>\n                <\/svg>\n            <\/div>\n<p>            <span class=\"text-sm font-medium text-black\"><\/p>\n<p>                Que pensez-vous jusqu&rsquo;\u00e0 pr\u00e9sent?<br \/>\n                <button class=\"font-semibold text-brand-green underline hover:text-brand-green-700\" onclick=\"window.openweb.scrollToComments(01JSZ26ABYB8T9QJZTFSP4P9AM)\" x-text=\"hasComments ? 'Post a comment.' : 'Be the first to post a comment.'\"><\/button><br \/>\n            <\/span>\n        <\/div>\n<\/p><\/div>\n<\/div>\n<h2 id=\"could-this-desktop-mode-be-a-sign-for-a-future-device\">Ce mode \u00ab\u00a0Desktop\u00a0\u00bb pourrait-il \u00eatre un signe pour un futur appareil?<\/h2>\n<p>9to5mac semble penser que cette fonctionnalit\u00e9 rumeur n&rsquo;est pas tant sur la vision d&rsquo;Apple pour l&rsquo;iPhone qu&rsquo;elle existe actuellement, mais un autre appareil enti\u00e8rement: le pli d&rsquo;iPhone. <\/p>\n<p>L&rsquo;iPhone pliable rumeur d&rsquo;Apple est encore \u00e0 au moins un an si les fuites doivent \u00eatre fiables, mais 9to5Mac voit d\u00e9j\u00e0 son influence. La prise estime que l&rsquo;appareil agira comme un iPhone lorsqu&rsquo;il est pli\u00e9 et un iPad Mini lorsqu&rsquo;il est d\u00e9pli\u00e9, donc un tel appareil b\u00e9n\u00e9ficierait d&rsquo;un mode de bureau.<\/p>\n<p>J&rsquo;ach\u00e8te l&rsquo;argument: si un iPhone pliable b\u00e9n\u00e9ficierait d&rsquo;un mode de bureau &#8211; ou du moins un support d&rsquo;affichage \u00e9tendu &#8211; pourquoi ne pas tester la b\u00eata sur cette fonctionnalit\u00e9 sur les iPhones existants pendant que vous continuez \u00e0 travailler sur le pliable? Bien s\u00fbr, tout est de sp\u00e9culation, et Apple ne r\u00e9v\u00e9lera certainement pas un t\u00e9l\u00e9phone pliable \u00e0 la WWDC 2025. Mais si la soci\u00e9t\u00e9 annonce un mode d&rsquo;affichage \u00e9tendu dans le cadre de iOS 19, il pourrait offrir un indice sur les plans futurs de la soci\u00e9t\u00e9 pour l&rsquo;iPhone.<\/p>\n","protected":false},"excerpt":{"rendered":"<p>Les rumeurs sugg\u00e8rent que vous pourrez \u00e9tendre l&rsquo;\u00e9cran de votre iPhone \u00e0 un \u00e9cran externe. Les rumeurs sugg\u00e8rent qu&rsquo;Apple travaille sur des moyens de rendre<\/p>\n","protected":false},"author":1,"featured_media":7153,"comment_status":"","ping_status":"","sticky":false,"template":"","format":"standard","meta":{"footnotes":""},"categories":[13],"tags":[61,4737,21,652,2050,227,22,8],"class_list":["post-7152","post","type-post","status-publish","format-standard","has-post-thumbnail","hentry","category-technologie","tag-avec","tag-bureau","tag-ios","tag-iphone","tag-mode","tag-obtenir","tag-peut","tag-votre","generate-columns","tablet-grid-50","mobile-grid-100","grid-parent","grid-33"],"yoast_head":"<!-- This site is optimized with the Yoast SEO plugin v24.0 - https:\/\/yoast.com\/wordpress\/plugins\/seo\/ -->\n<title>Votre iPhone peut obtenir un mode \u00abbureau\u00bb avec iOS 19 | Vie Associative<\/title>\n<meta name=\"robots\" content=\"index, follow, max-snippet:-1, max-image-preview:large, max-video-preview:-1\" \/>\n<link rel=\"canonical\" href=\"https:\/\/vieassociative.be\/actualites\/votre-iphone-peut-obtenir-un-mode-bureau-avec-ios-19\/\" \/>\n<meta property=\"og:locale\" content=\"fr_FR\" \/>\n<meta property=\"og:type\" content=\"article\" \/>\n<meta property=\"og:title\" content=\"Votre iPhone peut obtenir un mode \u00abbureau\u00bb avec iOS 19 | Vie Associative\" \/>\n<meta property=\"og:description\" content=\"Les rumeurs sugg\u00e8rent que vous pourrez \u00e9tendre l&rsquo;\u00e9cran de votre iPhone \u00e0 un \u00e9cran externe. Les rumeurs sugg\u00e8rent qu&rsquo;Apple travaille sur des moyens de rendre\" \/>\n<meta property=\"og:url\" content=\"https:\/\/vieassociative.be\/actualites\/votre-iphone-peut-obtenir-un-mode-bureau-avec-ios-19\/\" \/>\n<meta property=\"og:site_name\" content=\"Vie Associative\" \/>\n<meta property=\"article:published_time\" content=\"2025-04-29T23:17:04+00:00\" \/>\n<meta property=\"og:image\" content=\"https:\/\/vieassociative.be\/actualites\/wp-content\/uploads\/2024\/09\/header_backgroundk-01-e1726694325946.png\" \/>\n\t<meta property=\"og:image:width\" content=\"279\" \/>\n\t<meta property=\"og:image:height\" content=\"92\" \/>\n\t<meta property=\"og:image:type\" content=\"image\/png\" \/>\n<meta name=\"author\" content=\"Julien\" \/>\n<meta name=\"twitter:card\" content=\"summary_large_image\" \/>\n<meta name=\"twitter:label1\" content=\"\u00c9crit par\" \/>\n\t<meta name=\"twitter:data1\" content=\"Julien\" \/>\n\t<meta name=\"twitter:label2\" content=\"Dur\u00e9e de lecture est.\" \/>\n\t<meta name=\"twitter:data2\" content=\"4 minutes\" \/>\n<script type=\"application\/ld+json\" class=\"yoast-schema-graph\">{\"@context\":\"https:\/\/schema.org\",\"@graph\":[{\"@type\":\"Article\",\"@id\":\"https:\/\/vieassociative.be\/actualites\/votre-iphone-peut-obtenir-un-mode-bureau-avec-ios-19\/#article\",\"isPartOf\":{\"@id\":\"https:\/\/vieassociative.be\/actualites\/votre-iphone-peut-obtenir-un-mode-bureau-avec-ios-19\/\"},\"author\":{\"name\":\"Julien\",\"@id\":\"https:\/\/vieassociative.be\/actualites\/#\/schema\/person\/b87ac4f82f9d4e7b7cec7395b679edc4\"},\"headline\":\"Votre iPhone peut obtenir un mode \u00abbureau\u00bb avec iOS 19\",\"datePublished\":\"2025-04-29T23:17:04+00:00\",\"dateModified\":\"2025-04-29T23:17:04+00:00\",\"mainEntityOfPage\":{\"@id\":\"https:\/\/vieassociative.be\/actualites\/votre-iphone-peut-obtenir-un-mode-bureau-avec-ios-19\/\"},\"wordCount\":788,\"publisher\":{\"@id\":\"https:\/\/vieassociative.be\/actualites\/#organization\"},\"image\":{\"@id\":\"https:\/\/vieassociative.be\/actualites\/votre-iphone-peut-obtenir-un-mode-bureau-avec-ios-19\/#primaryimage\"},\"thumbnailUrl\":\"https:\/\/vieassociative.be\/actualites\/wp-content\/uploads\/2025\/04\/Votre-iPhone-peut-obtenir-un-mode-bureau-avec-iOS-19.png\",\"keywords\":[\"avec\",\"bureau\",\"iOS\",\"iPhone\",\"mode\",\"obtenir\",\"peut\",\"votre\"],\"articleSection\":[\"Technologie\"],\"inLanguage\":\"fr-BE\"},{\"@type\":\"WebPage\",\"@id\":\"https:\/\/vieassociative.be\/actualites\/votre-iphone-peut-obtenir-un-mode-bureau-avec-ios-19\/\",\"url\":\"https:\/\/vieassociative.be\/actualites\/votre-iphone-peut-obtenir-un-mode-bureau-avec-ios-19\/\",\"name\":\"Votre iPhone peut obtenir un mode \u00abbureau\u00bb avec iOS 19 | Vie Associative\",\"isPartOf\":{\"@id\":\"https:\/\/vieassociative.be\/actualites\/#website\"},\"primaryImageOfPage\":{\"@id\":\"https:\/\/vieassociative.be\/actualites\/votre-iphone-peut-obtenir-un-mode-bureau-avec-ios-19\/#primaryimage\"},\"image\":{\"@id\":\"https:\/\/vieassociative.be\/actualites\/votre-iphone-peut-obtenir-un-mode-bureau-avec-ios-19\/#primaryimage\"},\"thumbnailUrl\":\"https:\/\/vieassociative.be\/actualites\/wp-content\/uploads\/2025\/04\/Votre-iPhone-peut-obtenir-un-mode-bureau-avec-iOS-19.png\",\"datePublished\":\"2025-04-29T23:17:04+00:00\",\"dateModified\":\"2025-04-29T23:17:04+00:00\",\"breadcrumb\":{\"@id\":\"https:\/\/vieassociative.be\/actualites\/votre-iphone-peut-obtenir-un-mode-bureau-avec-ios-19\/#breadcrumb\"},\"inLanguage\":\"fr-BE\",\"potentialAction\":[{\"@type\":\"ReadAction\",\"target\":[\"https:\/\/vieassociative.be\/actualites\/votre-iphone-peut-obtenir-un-mode-bureau-avec-ios-19\/\"]}]},{\"@type\":\"ImageObject\",\"inLanguage\":\"fr-BE\",\"@id\":\"https:\/\/vieassociative.be\/actualites\/votre-iphone-peut-obtenir-un-mode-bureau-avec-ios-19\/#primaryimage\",\"url\":\"https:\/\/vieassociative.be\/actualites\/wp-content\/uploads\/2025\/04\/Votre-iPhone-peut-obtenir-un-mode-bureau-avec-iOS-19.png\",\"contentUrl\":\"https:\/\/vieassociative.be\/actualites\/wp-content\/uploads\/2025\/04\/Votre-iPhone-peut-obtenir-un-mode-bureau-avec-iOS-19.png\",\"width\":1200,\"height\":675,\"caption\":\"Votre iPhone peut obtenir un mode \u00abbureau\u00bb avec iOS 19\"},{\"@type\":\"BreadcrumbList\",\"@id\":\"https:\/\/vieassociative.be\/actualites\/votre-iphone-peut-obtenir-un-mode-bureau-avec-ios-19\/#breadcrumb\",\"itemListElement\":[{\"@type\":\"ListItem\",\"position\":1,\"name\":\"Accueil\",\"item\":\"https:\/\/vieassociative.be\/actualites\/\"},{\"@type\":\"ListItem\",\"position\":2,\"name\":\"Votre iPhone peut obtenir un mode \u00abbureau\u00bb avec iOS 19\"}]},{\"@type\":\"WebSite\",\"@id\":\"https:\/\/vieassociative.be\/actualites\/#website\",\"url\":\"https:\/\/vieassociative.be\/actualites\/\",\"name\":\"Vie Associative\",\"description\":\"\",\"publisher\":{\"@id\":\"https:\/\/vieassociative.be\/actualites\/#organization\"},\"potentialAction\":[{\"@type\":\"SearchAction\",\"target\":{\"@type\":\"EntryPoint\",\"urlTemplate\":\"https:\/\/vieassociative.be\/actualites\/?s={search_term_string}\"},\"query-input\":{\"@type\":\"PropertyValueSpecification\",\"valueRequired\":true,\"valueName\":\"search_term_string\"}}],\"inLanguage\":\"fr-BE\"},{\"@type\":\"Organization\",\"@id\":\"https:\/\/vieassociative.be\/actualites\/#organization\",\"name\":\"Vie Associative\",\"url\":\"https:\/\/vieassociative.be\/actualites\/\",\"logo\":{\"@type\":\"ImageObject\",\"inLanguage\":\"fr-BE\",\"@id\":\"https:\/\/vieassociative.be\/actualites\/#\/schema\/logo\/image\/\",\"url\":\"https:\/\/vieassociative.be\/actualites\/wp-content\/uploads\/2024\/09\/cropped-vieassociative_favicon.ico.png\",\"contentUrl\":\"https:\/\/vieassociative.be\/actualites\/wp-content\/uploads\/2024\/09\/cropped-vieassociative_favicon.ico.png\",\"width\":512,\"height\":512,\"caption\":\"Vie Associative\"},\"image\":{\"@id\":\"https:\/\/vieassociative.be\/actualites\/#\/schema\/logo\/image\/\"}},{\"@type\":\"Person\",\"@id\":\"https:\/\/vieassociative.be\/actualites\/#\/schema\/person\/b87ac4f82f9d4e7b7cec7395b679edc4\",\"name\":\"Julien\",\"image\":{\"@type\":\"ImageObject\",\"inLanguage\":\"fr-BE\",\"@id\":\"https:\/\/vieassociative.be\/actualites\/#\/schema\/person\/image\/\",\"url\":\"https:\/\/vieassociative.be\/actualites\/wp-content\/uploads\/2024\/09\/vie-associative-1-150x150.jpg\",\"contentUrl\":\"https:\/\/vieassociative.be\/actualites\/wp-content\/uploads\/2024\/09\/vie-associative-1-150x150.jpg\",\"caption\":\"Julien\"},\"description\":\"Je suis Julien, r\u00e9dacteur pour Vie Associative. Passionn\u00e9 par le monde associatif depuis plus de 10 ans, j'ai \u00e0 c\u0153ur de partager des histoires inspirantes et de mettre en lumi\u00e8re les initiatives locales. Mon objectif est de sensibiliser et d'encourager l'engagement communautaire \u00e0 travers mes articles.\",\"sameAs\":[\"https:\/\/vieassociative.be\/\"]}]}<\/script>\n<!-- \/ Yoast SEO plugin. -->","yoast_head_json":{"title":"Votre iPhone peut obtenir un mode \u00abbureau\u00bb avec iOS 19 | Vie Associative","robots":{"index":"index","follow":"follow","max-snippet":"max-snippet:-1","max-image-preview":"max-image-preview:large","max-video-preview":"max-video-preview:-1"},"canonical":"https:\/\/vieassociative.be\/actualites\/votre-iphone-peut-obtenir-un-mode-bureau-avec-ios-19\/","og_locale":"fr_FR","og_type":"article","og_title":"Votre iPhone peut obtenir un mode \u00abbureau\u00bb avec iOS 19 | Vie Associative","og_description":"Les rumeurs sugg\u00e8rent que vous pourrez \u00e9tendre l&rsquo;\u00e9cran de votre iPhone \u00e0 un \u00e9cran externe. Les rumeurs sugg\u00e8rent qu&rsquo;Apple travaille sur des moyens de rendre","og_url":"https:\/\/vieassociative.be\/actualites\/votre-iphone-peut-obtenir-un-mode-bureau-avec-ios-19\/","og_site_name":"Vie Associative","article_published_time":"2025-04-29T23:17:04+00:00","og_image":[{"width":279,"height":92,"url":"https:\/\/vieassociative.be\/actualites\/wp-content\/uploads\/2024\/09\/header_backgroundk-01-e1726694325946.png","type":"image\/png"}],"author":"Julien","twitter_card":"summary_large_image","twitter_misc":{"\u00c9crit par":"Julien","Dur\u00e9e de lecture est.":"4 minutes"},"schema":{"@context":"https:\/\/schema.org","@graph":[{"@type":"Article","@id":"https:\/\/vieassociative.be\/actualites\/votre-iphone-peut-obtenir-un-mode-bureau-avec-ios-19\/#article","isPartOf":{"@id":"https:\/\/vieassociative.be\/actualites\/votre-iphone-peut-obtenir-un-mode-bureau-avec-ios-19\/"},"author":{"name":"Julien","@id":"https:\/\/vieassociative.be\/actualites\/#\/schema\/person\/b87ac4f82f9d4e7b7cec7395b679edc4"},"headline":"Votre iPhone peut obtenir un mode \u00abbureau\u00bb avec iOS 19","datePublished":"2025-04-29T23:17:04+00:00","dateModified":"2025-04-29T23:17:04+00:00","mainEntityOfPage":{"@id":"https:\/\/vieassociative.be\/actualites\/votre-iphone-peut-obtenir-un-mode-bureau-avec-ios-19\/"},"wordCount":788,"publisher":{"@id":"https:\/\/vieassociative.be\/actualites\/#organization"},"image":{"@id":"https:\/\/vieassociative.be\/actualites\/votre-iphone-peut-obtenir-un-mode-bureau-avec-ios-19\/#primaryimage"},"thumbnailUrl":"https:\/\/vieassociative.be\/actualites\/wp-content\/uploads\/2025\/04\/Votre-iPhone-peut-obtenir-un-mode-bureau-avec-iOS-19.png","keywords":["avec","bureau","iOS","iPhone","mode","obtenir","peut","votre"],"articleSection":["Technologie"],"inLanguage":"fr-BE"},{"@type":"WebPage","@id":"https:\/\/vieassociative.be\/actualites\/votre-iphone-peut-obtenir-un-mode-bureau-avec-ios-19\/","url":"https:\/\/vieassociative.be\/actualites\/votre-iphone-peut-obtenir-un-mode-bureau-avec-ios-19\/","name":"Votre iPhone peut obtenir un mode \u00abbureau\u00bb avec iOS 19 | Vie Associative","isPartOf":{"@id":"https:\/\/vieassociative.be\/actualites\/#website"},"primaryImageOfPage":{"@id":"https:\/\/vieassociative.be\/actualites\/votre-iphone-peut-obtenir-un-mode-bureau-avec-ios-19\/#primaryimage"},"image":{"@id":"https:\/\/vieassociative.be\/actualites\/votre-iphone-peut-obtenir-un-mode-bureau-avec-ios-19\/#primaryimage"},"thumbnailUrl":"https:\/\/vieassociative.be\/actualites\/wp-content\/uploads\/2025\/04\/Votre-iPhone-peut-obtenir-un-mode-bureau-avec-iOS-19.png","datePublished":"2025-04-29T23:17:04+00:00","dateModified":"2025-04-29T23:17:04+00:00","breadcrumb":{"@id":"https:\/\/vieassociative.be\/actualites\/votre-iphone-peut-obtenir-un-mode-bureau-avec-ios-19\/#breadcrumb"},"inLanguage":"fr-BE","potentialAction":[{"@type":"ReadAction","target":["https:\/\/vieassociative.be\/actualites\/votre-iphone-peut-obtenir-un-mode-bureau-avec-ios-19\/"]}]},{"@type":"ImageObject","inLanguage":"fr-BE","@id":"https:\/\/vieassociative.be\/actualites\/votre-iphone-peut-obtenir-un-mode-bureau-avec-ios-19\/#primaryimage","url":"https:\/\/vieassociative.be\/actualites\/wp-content\/uploads\/2025\/04\/Votre-iPhone-peut-obtenir-un-mode-bureau-avec-iOS-19.png","contentUrl":"https:\/\/vieassociative.be\/actualites\/wp-content\/uploads\/2025\/04\/Votre-iPhone-peut-obtenir-un-mode-bureau-avec-iOS-19.png","width":1200,"height":675,"caption":"Votre iPhone peut obtenir un mode \u00abbureau\u00bb avec iOS 19"},{"@type":"BreadcrumbList","@id":"https:\/\/vieassociative.be\/actualites\/votre-iphone-peut-obtenir-un-mode-bureau-avec-ios-19\/#breadcrumb","itemListElement":[{"@type":"ListItem","position":1,"name":"Accueil","item":"https:\/\/vieassociative.be\/actualites\/"},{"@type":"ListItem","position":2,"name":"Votre iPhone peut obtenir un mode \u00abbureau\u00bb avec iOS 19"}]},{"@type":"WebSite","@id":"https:\/\/vieassociative.be\/actualites\/#website","url":"https:\/\/vieassociative.be\/actualites\/","name":"Vie Associative","description":"","publisher":{"@id":"https:\/\/vieassociative.be\/actualites\/#organization"},"potentialAction":[{"@type":"SearchAction","target":{"@type":"EntryPoint","urlTemplate":"https:\/\/vieassociative.be\/actualites\/?s={search_term_string}"},"query-input":{"@type":"PropertyValueSpecification","valueRequired":true,"valueName":"search_term_string"}}],"inLanguage":"fr-BE"},{"@type":"Organization","@id":"https:\/\/vieassociative.be\/actualites\/#organization","name":"Vie Associative","url":"https:\/\/vieassociative.be\/actualites\/","logo":{"@type":"ImageObject","inLanguage":"fr-BE","@id":"https:\/\/vieassociative.be\/actualites\/#\/schema\/logo\/image\/","url":"https:\/\/vieassociative.be\/actualites\/wp-content\/uploads\/2024\/09\/cropped-vieassociative_favicon.ico.png","contentUrl":"https:\/\/vieassociative.be\/actualites\/wp-content\/uploads\/2024\/09\/cropped-vieassociative_favicon.ico.png","width":512,"height":512,"caption":"Vie Associative"},"image":{"@id":"https:\/\/vieassociative.be\/actualites\/#\/schema\/logo\/image\/"}},{"@type":"Person","@id":"https:\/\/vieassociative.be\/actualites\/#\/schema\/person\/b87ac4f82f9d4e7b7cec7395b679edc4","name":"Julien","image":{"@type":"ImageObject","inLanguage":"fr-BE","@id":"https:\/\/vieassociative.be\/actualites\/#\/schema\/person\/image\/","url":"https:\/\/vieassociative.be\/actualites\/wp-content\/uploads\/2024\/09\/vie-associative-1-150x150.jpg","contentUrl":"https:\/\/vieassociative.be\/actualites\/wp-content\/uploads\/2024\/09\/vie-associative-1-150x150.jpg","caption":"Julien"},"description":"Je suis Julien, r\u00e9dacteur pour Vie Associative. Passionn\u00e9 par le monde associatif depuis plus de 10 ans, j'ai \u00e0 c\u0153ur de partager des histoires inspirantes et de mettre en lumi\u00e8re les initiatives locales. Mon objectif est de sensibiliser et d'encourager l'engagement communautaire \u00e0 travers mes articles.","sameAs":["https:\/\/vieassociative.be\/"]}]}},"_links":{"self":[{"href":"https:\/\/vieassociative.be\/actualites\/wp-json\/wp\/v2\/posts\/7152"}],"collection":[{"href":"https:\/\/vieassociative.be\/actualites\/wp-json\/wp\/v2\/posts"}],"about":[{"href":"https:\/\/vieassociative.be\/actualites\/wp-json\/wp\/v2\/types\/post"}],"author":[{"embeddable":true,"href":"https:\/\/vieassociative.be\/actualites\/wp-json\/wp\/v2\/users\/1"}],"replies":[{"embeddable":true,"href":"https:\/\/vieassociative.be\/actualites\/wp-json\/wp\/v2\/comments?post=7152"}],"version-history":[{"count":0,"href":"https:\/\/vieassociative.be\/actualites\/wp-json\/wp\/v2\/posts\/7152\/revisions"}],"wp:featuredmedia":[{"embeddable":true,"href":"https:\/\/vieassociative.be\/actualites\/wp-json\/wp\/v2\/media\/7153"}],"wp:attachment":[{"href":"https:\/\/vieassociative.be\/actualites\/wp-json\/wp\/v2\/media?parent=7152"}],"wp:term":[{"taxonomy":"category","embeddable":true,"href":"https:\/\/vieassociative.be\/actualites\/wp-json\/wp\/v2\/categories?post=7152"},{"taxonomy":"post_tag","embeddable":true,"href":"https:\/\/vieassociative.be\/actualites\/wp-json\/wp\/v2\/tags?post=7152"}],"curies":[{"name":"wp","href":"https:\/\/api.w.org\/{rel}","templated":true}]}}