{"id":715,"date":"2024-10-01T06:39:07","date_gmt":"2024-10-01T04:39:07","guid":{"rendered":"https:\/\/vieassociative.be\/actualites\/les-signes-que-votre-enfant-se-sent-ignore-et-les-meilleures-facons-dy-faire-face\/"},"modified":"2024-10-01T06:39:07","modified_gmt":"2024-10-01T04:39:07","slug":"les-signes-que-votre-enfant-se-sent-ignore-et-les-meilleures-facons-dy-faire-face","status":"publish","type":"post","link":"https:\/\/vieassociative.be\/actualites\/les-signes-que-votre-enfant-se-sent-ignore-et-les-meilleures-facons-dy-faire-face\/","title":{"rendered":"Les signes que votre enfant se sent ignor\u00e9 (et les meilleures fa\u00e7ons d&rsquo;y faire face)"},"content":{"rendered":"<div class=\"mt-4 leading-6 md:mb-8\">Cela arrive aux meilleurs d&rsquo;entre nous\u00a0: la vie devient compliqu\u00e9e et votre enfant peut avoir l&rsquo;impression de ne pas recevoir suffisamment d&rsquo;attention.<\/div>\n<p><\/p>\n<p>\u00catre parent est difficile, surtout lorsque la vie devient compliqu\u00e9e et accablante. Il peut \u00eatre trop facile de laisser les choses passer entre les mailles du filet lorsque vous faites face \u00e0 des urgences familiales, que vous jonglez avec la famille et un travail exigeant, ou que vous essayez d&rsquo;\u00e9quilibrer les besoins de tous les membres de la famille. Parfois, malgr\u00e9 les efforts et les intentions d&rsquo;un parent, l&rsquo;enfant peut se sentir ignor\u00e9. <\/p>\n<p>\u00ab Se sentir vu et entendu est crucial pour la sant\u00e9 mentale \u00bb, d\u00e9clare Mary Murphy, psychologue sociale \u00e0 l&rsquo;Universit\u00e9 de Stanford et auteur du livre. <em>Cultures de croissance<\/em>. \u00ab\u00a0Lorsque les enfants ne se sentent pas vus ou entendus, ils souffrent davantage d&rsquo;anxi\u00e9t\u00e9, de d\u00e9pression et d&rsquo;autres probl\u00e8mes de sant\u00e9 mentale.\u00a0\u00bb <\/p>\n<h2 id=\"signs-a-child-feels-ignored\">Signes qu&rsquo;un enfant se sent ignor\u00e9 <\/h2>\n<p>Les enfants peuvent finir par se sentir ignor\u00e9s par leurs parents pour plusieurs raisons. Certaines des principales raisons, selon Murphy, peuvent inclure un manque d&rsquo;attention de la part de leurs parents ; avoir un fr\u00e8re ou une s\u0153ur qui a des besoins \u00e9lev\u00e9s ou qui est tr\u00e8s performant, au point qu&rsquo;il existe un \u00e9quilibre d\u00e9s\u00e9quilibr\u00e9 entre le temps et l&rsquo;attention consacr\u00e9s aux diff\u00e9rents enfants\u00a0; ou s&rsquo;il y a beaucoup de conflits au sein de la famille, ce qui peut souvent d\u00e9tourner du temps et de l&rsquo;\u00e9nergie d&rsquo;un enfant.  <\/p>\n<p>Si un enfant commence \u00e0 avoir l\u2019impression que ses parents l\u2019ignorent, il pr\u00e9sentera souvent un certain nombre de signes avant-coureurs, comme poser beaucoup de questions, exiger beaucoup de passer du temps avec ses parents ; ou demander de faire des activit\u00e9s sp\u00e9cifiques ensemble. \u00ab\u00a0Ce sont des signaux ou des indices indiquant que les enfants souhaitent s&rsquo;engager davantage avec leurs parents\u00a0\u00bb, explique Murphy.  <\/p>\n<p>Ce sont quelques-uns des premiers signes indiquant qu\u2019un enfant se sent ignor\u00e9. Si cela continue pendant un certain temps, les enfants finiront souvent par montrer de la col\u00e8re, du ressentiment ou de l&rsquo;apathie \u00e0 l&rsquo;\u00e9cole ou \u00e0 la maison. Qu&rsquo;il s&rsquo;agisse d&rsquo;une crise de col\u00e8re ou d&rsquo;un d\u00e9sengagement, ces comportements peuvent \u00eatre un signe avant-coureur qu&rsquo;ils se sentent ignor\u00e9s depuis un certain temps.  <\/p>\n<h2 id=\"some-of-the-common-mistakes-parents-make\">Certaines des erreurs courantes commises par les parents <\/h2>\n<p>Comme le note Murphy, un enfant peut se sentir ignor\u00e9 de plusieurs mani\u00e8res, que ce soit en raison de tensions entre les membres de la famille, du fait qu&rsquo;un fr\u00e8re ou d&rsquo;une s\u0153ur est trait\u00e9 diff\u00e9remment par ses parents ou d&rsquo;un manque g\u00e9n\u00e9ral d&rsquo;attention. De mani\u00e8re g\u00e9n\u00e9rale, certaines des erreurs majeures constat\u00e9es par Murphy sont les parents qui ignorent certains des signes avant-coureurs, qui attendent seulement que leur enfant commence \u00e0 passer \u00e0 l&rsquo;acte ou qui ne reconnaissent pas l&rsquo;impact que peut avoir un traitement diff\u00e9rent de leurs enfants. <\/p>\n<p>\u00ab\u00a0En st\u00e9r\u00e9otypant les enfants, leur personnalit\u00e9 et leurs capacit\u00e9s (cet enfant est excellent en math\u00e9matiques, cet enfant est plut\u00f4t un artiste), cela les met dans des cases et peut les faire se sentir ignor\u00e9s ou ignor\u00e9s\u00a0\u00bb, explique Murphy. Cela peut \u00e9galement avoir pour effet de faire h\u00e9siter les enfants \u00e0 essayer de nouvelles activit\u00e9s ou \u00e0 prendre des risques. <\/p>\n<h2 id=\"how-to-help-your-children-feel-seen-and-heard\">Comment aider vos enfants \u00e0 se sentir vus et entendus <\/h2>\n<p>Comme le note Murphy, les parents peuvent aider leurs enfants \u00e0 se sentir vus et entendus de plusieurs mani\u00e8res. Une strat\u00e9gie importante consiste \u00e0 pr\u00e9voir du temps pour des enregistrements r\u00e9guliers avec chaque enfant et \u00e0 donner la priorit\u00e9 \u00e0 passer r\u00e9guli\u00e8rement du temps de qualit\u00e9 avec eux.  <\/p>\n<p>Une autre strat\u00e9gie cl\u00e9 consiste \u00e0 favoriser un environnement dans lequel ils se sentent \u00e0 l\u2019aise pour poser des questions, essayer de nouvelles choses et avoir la possibilit\u00e9 d\u2019\u00e9chouer, car cela les aidera \u00e0 se sentir accept\u00e9s tels qu\u2019ils sont. \u00abAssurez-vous qu&rsquo;ils savent qu&rsquo;ils peuvent changer d&rsquo;avis et que vous v\u00e9rifierez ici et l\u00e0 pour vous assurer qu&rsquo;ils passent un bon moment tout en apprenant et en grandissant\u00bb, explique Murphy.  <\/p>\n<p>Cela peut \u00e9galement aider \u00e0 encourager leurs int\u00e9r\u00eats et \u00e0 faire un effort actif pour se tenir au courant de ces int\u00e9r\u00eats, car cela a pour effet de leur faire savoir que leurs parents les comprennent et les acceptent. \u00ab Les voir comme des individus uniques, en dehors des perceptions et st\u00e9r\u00e9otypes positifs ou n\u00e9gatifs qui leur sont souvent appliqu\u00e9s, aide les enfants \u00e0 se sentir valid\u00e9s et entiers \u00bb, explique Murphy.<\/p>\n","protected":false},"excerpt":{"rendered":"<p>Cela arrive aux meilleurs d&rsquo;entre nous\u00a0: la vie devient compliqu\u00e9e et votre enfant peut avoir l&rsquo;impression de ne pas recevoir suffisamment d&rsquo;attention. \u00catre parent est<\/p>\n","protected":false},"author":1,"featured_media":716,"comment_status":"","ping_status":"","sticky":false,"template":"","format":"standard","meta":{"footnotes":""},"categories":[37],"tags":[295,733,119,127,1141,14,79,1140,8],"class_list":["post-715","post","type-post","status-publish","format-standard","has-post-thumbnail","hentry","category-famille","tag-enfant","tag-face","tag-facons","tag-faire","tag-ignore","tag-les","tag-meilleures","tag-signes","tag-votre","generate-columns","tablet-grid-50","mobile-grid-100","grid-parent","grid-33"],"yoast_head":"<!-- This site is optimized with the Yoast SEO plugin v24.0 - https:\/\/yoast.com\/wordpress\/plugins\/seo\/ -->\n<title>Les signes que votre enfant se sent ignor\u00e9 (et les meilleures fa\u00e7ons d&#039;y faire face) | Vie Associative<\/title>\n<meta name=\"robots\" content=\"index, follow, max-snippet:-1, max-image-preview:large, max-video-preview:-1\" \/>\n<link rel=\"canonical\" href=\"https:\/\/vieassociative.be\/actualites\/les-signes-que-votre-enfant-se-sent-ignore-et-les-meilleures-facons-dy-faire-face\/\" \/>\n<meta property=\"og:locale\" content=\"fr_FR\" \/>\n<meta property=\"og:type\" content=\"article\" \/>\n<meta property=\"og:title\" content=\"Les signes que votre enfant se sent ignor\u00e9 (et les meilleures fa\u00e7ons d&#039;y faire face) | Vie Associative\" \/>\n<meta property=\"og:description\" content=\"Cela arrive aux meilleurs d&rsquo;entre nous\u00a0: la vie devient compliqu\u00e9e et votre enfant peut avoir l&rsquo;impression de ne pas recevoir suffisamment d&rsquo;attention. \u00catre parent est\" \/>\n<meta property=\"og:url\" content=\"https:\/\/vieassociative.be\/actualites\/les-signes-que-votre-enfant-se-sent-ignore-et-les-meilleures-facons-dy-faire-face\/\" \/>\n<meta property=\"og:site_name\" content=\"Vie Associative\" \/>\n<meta property=\"article:published_time\" content=\"2024-10-01T04:39:07+00:00\" \/>\n<meta property=\"og:image\" content=\"https:\/\/vieassociative.be\/actualites\/wp-content\/uploads\/2024\/09\/header_backgroundk-01-e1726694325946.png\" \/>\n\t<meta property=\"og:image:width\" content=\"279\" \/>\n\t<meta property=\"og:image:height\" content=\"92\" \/>\n\t<meta property=\"og:image:type\" content=\"image\/png\" \/>\n<meta name=\"author\" content=\"Julien\" \/>\n<meta name=\"twitter:card\" content=\"summary_large_image\" \/>\n<meta name=\"twitter:label1\" content=\"\u00c9crit par\" \/>\n\t<meta name=\"twitter:data1\" content=\"Julien\" \/>\n\t<meta name=\"twitter:label2\" content=\"Dur\u00e9e de lecture est.\" \/>\n\t<meta name=\"twitter:data2\" content=\"4 minutes\" \/>\n<script type=\"application\/ld+json\" class=\"yoast-schema-graph\">{\"@context\":\"https:\/\/schema.org\",\"@graph\":[{\"@type\":\"Article\",\"@id\":\"https:\/\/vieassociative.be\/actualites\/les-signes-que-votre-enfant-se-sent-ignore-et-les-meilleures-facons-dy-faire-face\/#article\",\"isPartOf\":{\"@id\":\"https:\/\/vieassociative.be\/actualites\/les-signes-que-votre-enfant-se-sent-ignore-et-les-meilleures-facons-dy-faire-face\/\"},\"author\":{\"name\":\"Julien\",\"@id\":\"https:\/\/vieassociative.be\/actualites\/#\/schema\/person\/b87ac4f82f9d4e7b7cec7395b679edc4\"},\"headline\":\"Les signes que votre enfant se sent ignor\u00e9 (et les meilleures fa\u00e7ons d&rsquo;y faire face)\",\"datePublished\":\"2024-10-01T04:39:07+00:00\",\"dateModified\":\"2024-10-01T04:39:07+00:00\",\"mainEntityOfPage\":{\"@id\":\"https:\/\/vieassociative.be\/actualites\/les-signes-que-votre-enfant-se-sent-ignore-et-les-meilleures-facons-dy-faire-face\/\"},\"wordCount\":813,\"publisher\":{\"@id\":\"https:\/\/vieassociative.be\/actualites\/#organization\"},\"image\":{\"@id\":\"https:\/\/vieassociative.be\/actualites\/les-signes-que-votre-enfant-se-sent-ignore-et-les-meilleures-facons-dy-faire-face\/#primaryimage\"},\"thumbnailUrl\":\"https:\/\/vieassociative.be\/actualites\/wp-content\/uploads\/2024\/10\/Les-signes-que-votre-enfant-se-sent-ignore-et-les.jpg\",\"keywords\":[\"enfant\",\"face\",\"fa\u00e7ons\",\"faire\",\"ignor\u00e9\",\"Les\",\"meilleures\",\"signes\",\"votre\"],\"articleSection\":[\"Famille\"],\"inLanguage\":\"fr-BE\"},{\"@type\":\"WebPage\",\"@id\":\"https:\/\/vieassociative.be\/actualites\/les-signes-que-votre-enfant-se-sent-ignore-et-les-meilleures-facons-dy-faire-face\/\",\"url\":\"https:\/\/vieassociative.be\/actualites\/les-signes-que-votre-enfant-se-sent-ignore-et-les-meilleures-facons-dy-faire-face\/\",\"name\":\"Les signes que votre enfant se sent ignor\u00e9 (et les meilleures fa\u00e7ons d'y faire face) | Vie Associative\",\"isPartOf\":{\"@id\":\"https:\/\/vieassociative.be\/actualites\/#website\"},\"primaryImageOfPage\":{\"@id\":\"https:\/\/vieassociative.be\/actualites\/les-signes-que-votre-enfant-se-sent-ignore-et-les-meilleures-facons-dy-faire-face\/#primaryimage\"},\"image\":{\"@id\":\"https:\/\/vieassociative.be\/actualites\/les-signes-que-votre-enfant-se-sent-ignore-et-les-meilleures-facons-dy-faire-face\/#primaryimage\"},\"thumbnailUrl\":\"https:\/\/vieassociative.be\/actualites\/wp-content\/uploads\/2024\/10\/Les-signes-que-votre-enfant-se-sent-ignore-et-les.jpg\",\"datePublished\":\"2024-10-01T04:39:07+00:00\",\"dateModified\":\"2024-10-01T04:39:07+00:00\",\"breadcrumb\":{\"@id\":\"https:\/\/vieassociative.be\/actualites\/les-signes-que-votre-enfant-se-sent-ignore-et-les-meilleures-facons-dy-faire-face\/#breadcrumb\"},\"inLanguage\":\"fr-BE\",\"potentialAction\":[{\"@type\":\"ReadAction\",\"target\":[\"https:\/\/vieassociative.be\/actualites\/les-signes-que-votre-enfant-se-sent-ignore-et-les-meilleures-facons-dy-faire-face\/\"]}]},{\"@type\":\"ImageObject\",\"inLanguage\":\"fr-BE\",\"@id\":\"https:\/\/vieassociative.be\/actualites\/les-signes-que-votre-enfant-se-sent-ignore-et-les-meilleures-facons-dy-faire-face\/#primaryimage\",\"url\":\"https:\/\/vieassociative.be\/actualites\/wp-content\/uploads\/2024\/10\/Les-signes-que-votre-enfant-se-sent-ignore-et-les.jpg\",\"contentUrl\":\"https:\/\/vieassociative.be\/actualites\/wp-content\/uploads\/2024\/10\/Les-signes-que-votre-enfant-se-sent-ignore-et-les.jpg\",\"width\":1200,\"height\":675,\"caption\":\"Les signes que votre enfant se sent ignor\u00e9 (et les meilleures fa\u00e7ons d'y faire face)\"},{\"@type\":\"BreadcrumbList\",\"@id\":\"https:\/\/vieassociative.be\/actualites\/les-signes-que-votre-enfant-se-sent-ignore-et-les-meilleures-facons-dy-faire-face\/#breadcrumb\",\"itemListElement\":[{\"@type\":\"ListItem\",\"position\":1,\"name\":\"Accueil\",\"item\":\"https:\/\/vieassociative.be\/actualites\/\"},{\"@type\":\"ListItem\",\"position\":2,\"name\":\"Les signes que votre enfant se sent ignor\u00e9 (et les meilleures fa\u00e7ons d&rsquo;y faire face)\"}]},{\"@type\":\"WebSite\",\"@id\":\"https:\/\/vieassociative.be\/actualites\/#website\",\"url\":\"https:\/\/vieassociative.be\/actualites\/\",\"name\":\"Vie Associative\",\"description\":\"\",\"publisher\":{\"@id\":\"https:\/\/vieassociative.be\/actualites\/#organization\"},\"potentialAction\":[{\"@type\":\"SearchAction\",\"target\":{\"@type\":\"EntryPoint\",\"urlTemplate\":\"https:\/\/vieassociative.be\/actualites\/?s={search_term_string}\"},\"query-input\":{\"@type\":\"PropertyValueSpecification\",\"valueRequired\":true,\"valueName\":\"search_term_string\"}}],\"inLanguage\":\"fr-BE\"},{\"@type\":\"Organization\",\"@id\":\"https:\/\/vieassociative.be\/actualites\/#organization\",\"name\":\"Vie Associative\",\"url\":\"https:\/\/vieassociative.be\/actualites\/\",\"logo\":{\"@type\":\"ImageObject\",\"inLanguage\":\"fr-BE\",\"@id\":\"https:\/\/vieassociative.be\/actualites\/#\/schema\/logo\/image\/\",\"url\":\"https:\/\/vieassociative.be\/actualites\/wp-content\/uploads\/2024\/09\/cropped-vieassociative_favicon.ico.png\",\"contentUrl\":\"https:\/\/vieassociative.be\/actualites\/wp-content\/uploads\/2024\/09\/cropped-vieassociative_favicon.ico.png\",\"width\":512,\"height\":512,\"caption\":\"Vie Associative\"},\"image\":{\"@id\":\"https:\/\/vieassociative.be\/actualites\/#\/schema\/logo\/image\/\"}},{\"@type\":\"Person\",\"@id\":\"https:\/\/vieassociative.be\/actualites\/#\/schema\/person\/b87ac4f82f9d4e7b7cec7395b679edc4\",\"name\":\"Julien\",\"image\":{\"@type\":\"ImageObject\",\"inLanguage\":\"fr-BE\",\"@id\":\"https:\/\/vieassociative.be\/actualites\/#\/schema\/person\/image\/\",\"url\":\"https:\/\/vieassociative.be\/actualites\/wp-content\/uploads\/2024\/09\/vie-associative-1-150x150.jpg\",\"contentUrl\":\"https:\/\/vieassociative.be\/actualites\/wp-content\/uploads\/2024\/09\/vie-associative-1-150x150.jpg\",\"caption\":\"Julien\"},\"description\":\"Je suis Julien, r\u00e9dacteur pour Vie Associative. Passionn\u00e9 par le monde associatif depuis plus de 10 ans, j'ai \u00e0 c\u0153ur de partager des histoires inspirantes et de mettre en lumi\u00e8re les initiatives locales. Mon objectif est de sensibiliser et d'encourager l'engagement communautaire \u00e0 travers mes articles.\",\"sameAs\":[\"https:\/\/vieassociative.be\/\"]}]}<\/script>\n<!-- \/ Yoast SEO plugin. -->","yoast_head_json":{"title":"Les signes que votre enfant se sent ignor\u00e9 (et les meilleures fa\u00e7ons d'y faire face) | Vie Associative","robots":{"index":"index","follow":"follow","max-snippet":"max-snippet:-1","max-image-preview":"max-image-preview:large","max-video-preview":"max-video-preview:-1"},"canonical":"https:\/\/vieassociative.be\/actualites\/les-signes-que-votre-enfant-se-sent-ignore-et-les-meilleures-facons-dy-faire-face\/","og_locale":"fr_FR","og_type":"article","og_title":"Les signes que votre enfant se sent ignor\u00e9 (et les meilleures fa\u00e7ons d'y faire face) | Vie Associative","og_description":"Cela arrive aux meilleurs d&rsquo;entre nous\u00a0: la vie devient compliqu\u00e9e et votre enfant peut avoir l&rsquo;impression de ne pas recevoir suffisamment d&rsquo;attention. \u00catre parent est","og_url":"https:\/\/vieassociative.be\/actualites\/les-signes-que-votre-enfant-se-sent-ignore-et-les-meilleures-facons-dy-faire-face\/","og_site_name":"Vie Associative","article_published_time":"2024-10-01T04:39:07+00:00","og_image":[{"width":279,"height":92,"url":"https:\/\/vieassociative.be\/actualites\/wp-content\/uploads\/2024\/09\/header_backgroundk-01-e1726694325946.png","type":"image\/png"}],"author":"Julien","twitter_card":"summary_large_image","twitter_misc":{"\u00c9crit par":"Julien","Dur\u00e9e de lecture est.":"4 minutes"},"schema":{"@context":"https:\/\/schema.org","@graph":[{"@type":"Article","@id":"https:\/\/vieassociative.be\/actualites\/les-signes-que-votre-enfant-se-sent-ignore-et-les-meilleures-facons-dy-faire-face\/#article","isPartOf":{"@id":"https:\/\/vieassociative.be\/actualites\/les-signes-que-votre-enfant-se-sent-ignore-et-les-meilleures-facons-dy-faire-face\/"},"author":{"name":"Julien","@id":"https:\/\/vieassociative.be\/actualites\/#\/schema\/person\/b87ac4f82f9d4e7b7cec7395b679edc4"},"headline":"Les signes que votre enfant se sent ignor\u00e9 (et les meilleures fa\u00e7ons d&rsquo;y faire face)","datePublished":"2024-10-01T04:39:07+00:00","dateModified":"2024-10-01T04:39:07+00:00","mainEntityOfPage":{"@id":"https:\/\/vieassociative.be\/actualites\/les-signes-que-votre-enfant-se-sent-ignore-et-les-meilleures-facons-dy-faire-face\/"},"wordCount":813,"publisher":{"@id":"https:\/\/vieassociative.be\/actualites\/#organization"},"image":{"@id":"https:\/\/vieassociative.be\/actualites\/les-signes-que-votre-enfant-se-sent-ignore-et-les-meilleures-facons-dy-faire-face\/#primaryimage"},"thumbnailUrl":"https:\/\/vieassociative.be\/actualites\/wp-content\/uploads\/2024\/10\/Les-signes-que-votre-enfant-se-sent-ignore-et-les.jpg","keywords":["enfant","face","fa\u00e7ons","faire","ignor\u00e9","Les","meilleures","signes","votre"],"articleSection":["Famille"],"inLanguage":"fr-BE"},{"@type":"WebPage","@id":"https:\/\/vieassociative.be\/actualites\/les-signes-que-votre-enfant-se-sent-ignore-et-les-meilleures-facons-dy-faire-face\/","url":"https:\/\/vieassociative.be\/actualites\/les-signes-que-votre-enfant-se-sent-ignore-et-les-meilleures-facons-dy-faire-face\/","name":"Les signes que votre enfant se sent ignor\u00e9 (et les meilleures fa\u00e7ons d'y faire face) | Vie Associative","isPartOf":{"@id":"https:\/\/vieassociative.be\/actualites\/#website"},"primaryImageOfPage":{"@id":"https:\/\/vieassociative.be\/actualites\/les-signes-que-votre-enfant-se-sent-ignore-et-les-meilleures-facons-dy-faire-face\/#primaryimage"},"image":{"@id":"https:\/\/vieassociative.be\/actualites\/les-signes-que-votre-enfant-se-sent-ignore-et-les-meilleures-facons-dy-faire-face\/#primaryimage"},"thumbnailUrl":"https:\/\/vieassociative.be\/actualites\/wp-content\/uploads\/2024\/10\/Les-signes-que-votre-enfant-se-sent-ignore-et-les.jpg","datePublished":"2024-10-01T04:39:07+00:00","dateModified":"2024-10-01T04:39:07+00:00","breadcrumb":{"@id":"https:\/\/vieassociative.be\/actualites\/les-signes-que-votre-enfant-se-sent-ignore-et-les-meilleures-facons-dy-faire-face\/#breadcrumb"},"inLanguage":"fr-BE","potentialAction":[{"@type":"ReadAction","target":["https:\/\/vieassociative.be\/actualites\/les-signes-que-votre-enfant-se-sent-ignore-et-les-meilleures-facons-dy-faire-face\/"]}]},{"@type":"ImageObject","inLanguage":"fr-BE","@id":"https:\/\/vieassociative.be\/actualites\/les-signes-que-votre-enfant-se-sent-ignore-et-les-meilleures-facons-dy-faire-face\/#primaryimage","url":"https:\/\/vieassociative.be\/actualites\/wp-content\/uploads\/2024\/10\/Les-signes-que-votre-enfant-se-sent-ignore-et-les.jpg","contentUrl":"https:\/\/vieassociative.be\/actualites\/wp-content\/uploads\/2024\/10\/Les-signes-que-votre-enfant-se-sent-ignore-et-les.jpg","width":1200,"height":675,"caption":"Les signes que votre enfant se sent ignor\u00e9 (et les meilleures fa\u00e7ons d'y faire face)"},{"@type":"BreadcrumbList","@id":"https:\/\/vieassociative.be\/actualites\/les-signes-que-votre-enfant-se-sent-ignore-et-les-meilleures-facons-dy-faire-face\/#breadcrumb","itemListElement":[{"@type":"ListItem","position":1,"name":"Accueil","item":"https:\/\/vieassociative.be\/actualites\/"},{"@type":"ListItem","position":2,"name":"Les signes que votre enfant se sent ignor\u00e9 (et les meilleures fa\u00e7ons d&rsquo;y faire face)"}]},{"@type":"WebSite","@id":"https:\/\/vieassociative.be\/actualites\/#website","url":"https:\/\/vieassociative.be\/actualites\/","name":"Vie Associative","description":"","publisher":{"@id":"https:\/\/vieassociative.be\/actualites\/#organization"},"potentialAction":[{"@type":"SearchAction","target":{"@type":"EntryPoint","urlTemplate":"https:\/\/vieassociative.be\/actualites\/?s={search_term_string}"},"query-input":{"@type":"PropertyValueSpecification","valueRequired":true,"valueName":"search_term_string"}}],"inLanguage":"fr-BE"},{"@type":"Organization","@id":"https:\/\/vieassociative.be\/actualites\/#organization","name":"Vie Associative","url":"https:\/\/vieassociative.be\/actualites\/","logo":{"@type":"ImageObject","inLanguage":"fr-BE","@id":"https:\/\/vieassociative.be\/actualites\/#\/schema\/logo\/image\/","url":"https:\/\/vieassociative.be\/actualites\/wp-content\/uploads\/2024\/09\/cropped-vieassociative_favicon.ico.png","contentUrl":"https:\/\/vieassociative.be\/actualites\/wp-content\/uploads\/2024\/09\/cropped-vieassociative_favicon.ico.png","width":512,"height":512,"caption":"Vie Associative"},"image":{"@id":"https:\/\/vieassociative.be\/actualites\/#\/schema\/logo\/image\/"}},{"@type":"Person","@id":"https:\/\/vieassociative.be\/actualites\/#\/schema\/person\/b87ac4f82f9d4e7b7cec7395b679edc4","name":"Julien","image":{"@type":"ImageObject","inLanguage":"fr-BE","@id":"https:\/\/vieassociative.be\/actualites\/#\/schema\/person\/image\/","url":"https:\/\/vieassociative.be\/actualites\/wp-content\/uploads\/2024\/09\/vie-associative-1-150x150.jpg","contentUrl":"https:\/\/vieassociative.be\/actualites\/wp-content\/uploads\/2024\/09\/vie-associative-1-150x150.jpg","caption":"Julien"},"description":"Je suis Julien, r\u00e9dacteur pour Vie Associative. Passionn\u00e9 par le monde associatif depuis plus de 10 ans, j'ai \u00e0 c\u0153ur de partager des histoires inspirantes et de mettre en lumi\u00e8re les initiatives locales. Mon objectif est de sensibiliser et d'encourager l'engagement communautaire \u00e0 travers mes articles.","sameAs":["https:\/\/vieassociative.be\/"]}]}},"_links":{"self":[{"href":"https:\/\/vieassociative.be\/actualites\/wp-json\/wp\/v2\/posts\/715"}],"collection":[{"href":"https:\/\/vieassociative.be\/actualites\/wp-json\/wp\/v2\/posts"}],"about":[{"href":"https:\/\/vieassociative.be\/actualites\/wp-json\/wp\/v2\/types\/post"}],"author":[{"embeddable":true,"href":"https:\/\/vieassociative.be\/actualites\/wp-json\/wp\/v2\/users\/1"}],"replies":[{"embeddable":true,"href":"https:\/\/vieassociative.be\/actualites\/wp-json\/wp\/v2\/comments?post=715"}],"version-history":[{"count":0,"href":"https:\/\/vieassociative.be\/actualites\/wp-json\/wp\/v2\/posts\/715\/revisions"}],"wp:featuredmedia":[{"embeddable":true,"href":"https:\/\/vieassociative.be\/actualites\/wp-json\/wp\/v2\/media\/716"}],"wp:attachment":[{"href":"https:\/\/vieassociative.be\/actualites\/wp-json\/wp\/v2\/media?parent=715"}],"wp:term":[{"taxonomy":"category","embeddable":true,"href":"https:\/\/vieassociative.be\/actualites\/wp-json\/wp\/v2\/categories?post=715"},{"taxonomy":"post_tag","embeddable":true,"href":"https:\/\/vieassociative.be\/actualites\/wp-json\/wp\/v2\/tags?post=715"}],"curies":[{"name":"wp","href":"https:\/\/api.w.org\/{rel}","templated":true}]}}