{"id":7149,"date":"2025-04-29T22:17:25","date_gmt":"2025-04-29T20:17:25","guid":{"rendered":"https:\/\/vieassociative.be\/actualites\/le-salon-de-coiffure-a-eupen-a-jete-des-oeufs-lecole-de-lecole-de-raeren-enduit-de-graffitis\/"},"modified":"2025-04-29T22:17:25","modified_gmt":"2025-04-29T20:17:25","slug":"le-salon-de-coiffure-a-eupen-a-jete-des-oeufs-lecole-de-lecole-de-raeren-enduit-de-graffitis","status":"publish","type":"post","link":"https:\/\/vieassociative.be\/actualites\/le-salon-de-coiffure-a-eupen-a-jete-des-oeufs-lecole-de-lecole-de-raeren-enduit-de-graffitis\/","title":{"rendered":"Le salon de coiffure \u00e0 Eupen a jet\u00e9 des \u0153ufs &#8211; L&rsquo;\u00e9cole de l&rsquo;\u00e9cole de Raeren enduit de graffitis"},"content":{"rendered":"<p><strong>La zone de police de Weser-G\u00f6hl rapporte deux incidents dans son rapport \u00e0 partir du mardi 29 avril 2025.<\/strong><\/p>\n<p><span id=\"more-414451\"><\/span><strong>&#8211; Tout au long du salon de coiffure \u00e0 Eupen avec des \u0153ufs:<\/strong> Le 28 avril vers 10 h 45, un coiffeur rapporte que la fen\u00eatre de son salon \u00e0 Bergstrasse \u00e0 Eupen a \u00e9t\u00e9 lanc\u00e9e sur des \u0153ufs. Le moment o\u00f9 le crime est probablement entre le dimanche 27 avril, vers midi et le lundi 28 avril, vers 9 h 30.<\/p>\n<p><strong>&#8211; Graffiti \u00e0 la Raeren Community School:<\/strong> Le 28 avril vers 13 h 55, la Raeren Community School rapporte des graffitis sur un mur sur le c\u00f4t\u00e9 de Burgstrasse et d\u00e9pose une plainte. Le crime s&rsquo;est probablement produit entre le vendredi 18 avril, vers 16 h. et vendredi 25 avril, vers 15 h Les informations peuvent \u00eatre communiqu\u00e9es au commissaire de police Raeren au 087\/450 470.<\/p>\n","protected":false},"excerpt":{"rendered":"<p>La zone de police de Weser-G\u00f6hl rapporte deux incidents dans son rapport \u00e0 partir du mardi 29 avril 2025. &#8211; Tout au long du salon<\/p>\n","protected":false},"author":1,"featured_media":1939,"comment_status":"","ping_status":"","sticky":false,"template":"","format":"standard","meta":{"footnotes":""},"categories":[298],"tags":[6708,29,6710,2329,6711,6709,2437,1803,2645,4301],"class_list":["post-7149","post","type-post","status-publish","format-standard","has-post-thumbnail","hentry","category-belgique","tag-coiffure","tag-des","tag-enduit","tag-eupen","tag-graffitis","tag-jete","tag-lecole","tag-oeufs","tag-raeren","tag-salon","generate-columns","tablet-grid-50","mobile-grid-100","grid-parent","grid-33"],"yoast_head":"<!-- This site is optimized with the Yoast SEO plugin v24.0 - https:\/\/yoast.com\/wordpress\/plugins\/seo\/ -->\n<title>Le salon de coiffure \u00e0 Eupen a jet\u00e9 des \u0153ufs - L&#039;\u00e9cole de l&#039;\u00e9cole de Raeren enduit de graffitis | Vie Associative<\/title>\n<meta name=\"robots\" content=\"index, follow, max-snippet:-1, max-image-preview:large, max-video-preview:-1\" \/>\n<link rel=\"canonical\" href=\"https:\/\/vieassociative.be\/actualites\/le-salon-de-coiffure-a-eupen-a-jete-des-oeufs-lecole-de-lecole-de-raeren-enduit-de-graffitis\/\" \/>\n<meta property=\"og:locale\" content=\"fr_FR\" \/>\n<meta property=\"og:type\" content=\"article\" \/>\n<meta property=\"og:title\" content=\"Le salon de coiffure \u00e0 Eupen a jet\u00e9 des \u0153ufs - L&#039;\u00e9cole de l&#039;\u00e9cole de Raeren enduit de graffitis | Vie Associative\" \/>\n<meta property=\"og:description\" content=\"La zone de police de Weser-G\u00f6hl rapporte deux incidents dans son rapport \u00e0 partir du mardi 29 avril 2025. &#8211; Tout au long du salon\" \/>\n<meta property=\"og:url\" content=\"https:\/\/vieassociative.be\/actualites\/le-salon-de-coiffure-a-eupen-a-jete-des-oeufs-lecole-de-lecole-de-raeren-enduit-de-graffitis\/\" \/>\n<meta property=\"og:site_name\" content=\"Vie Associative\" \/>\n<meta property=\"article:published_time\" content=\"2025-04-29T20:17:25+00:00\" \/>\n<meta property=\"og:image\" content=\"https:\/\/vieassociative.be\/actualites\/wp-content\/uploads\/2024\/09\/header_backgroundk-01-e1726694325946.png\" \/>\n\t<meta property=\"og:image:width\" content=\"279\" \/>\n\t<meta property=\"og:image:height\" content=\"92\" \/>\n\t<meta property=\"og:image:type\" content=\"image\/png\" \/>\n<meta name=\"author\" content=\"Julien\" \/>\n<meta name=\"twitter:card\" content=\"summary_large_image\" \/>\n<meta name=\"twitter:label1\" content=\"\u00c9crit par\" \/>\n\t<meta name=\"twitter:data1\" content=\"Julien\" \/>\n\t<meta name=\"twitter:label2\" content=\"Dur\u00e9e de lecture est.\" \/>\n\t<meta name=\"twitter:data2\" content=\"1 minute\" \/>\n<script type=\"application\/ld+json\" class=\"yoast-schema-graph\">{\"@context\":\"https:\/\/schema.org\",\"@graph\":[{\"@type\":\"Article\",\"@id\":\"https:\/\/vieassociative.be\/actualites\/le-salon-de-coiffure-a-eupen-a-jete-des-oeufs-lecole-de-lecole-de-raeren-enduit-de-graffitis\/#article\",\"isPartOf\":{\"@id\":\"https:\/\/vieassociative.be\/actualites\/le-salon-de-coiffure-a-eupen-a-jete-des-oeufs-lecole-de-lecole-de-raeren-enduit-de-graffitis\/\"},\"author\":{\"name\":\"Julien\",\"@id\":\"https:\/\/vieassociative.be\/actualites\/#\/schema\/person\/b87ac4f82f9d4e7b7cec7395b679edc4\"},\"headline\":\"Le salon de coiffure \u00e0 Eupen a jet\u00e9 des \u0153ufs &#8211; L&rsquo;\u00e9cole de l&rsquo;\u00e9cole de Raeren enduit de graffitis\",\"datePublished\":\"2025-04-29T20:17:25+00:00\",\"dateModified\":\"2025-04-29T20:17:25+00:00\",\"mainEntityOfPage\":{\"@id\":\"https:\/\/vieassociative.be\/actualites\/le-salon-de-coiffure-a-eupen-a-jete-des-oeufs-lecole-de-lecole-de-raeren-enduit-de-graffitis\/\"},\"wordCount\":151,\"publisher\":{\"@id\":\"https:\/\/vieassociative.be\/actualites\/#organization\"},\"image\":{\"@id\":\"https:\/\/vieassociative.be\/actualites\/le-salon-de-coiffure-a-eupen-a-jete-des-oeufs-lecole-de-lecole-de-raeren-enduit-de-graffitis\/#primaryimage\"},\"thumbnailUrl\":\"https:\/\/vieassociative.be\/actualites\/wp-content\/uploads\/2024\/11\/Raeren-Le-conducteur-tombe-dans-un-micro-sommeil-a-midi.jpeg\",\"keywords\":[\"coiffure\",\"Des\",\"enduit\",\"Eupen\",\"graffitis\",\"jet\u00e9\",\"l\u00e9cole\",\"\u0153ufs\",\"Raeren\",\"Salon\"],\"articleSection\":[\"Belgique\"],\"inLanguage\":\"fr-BE\"},{\"@type\":\"WebPage\",\"@id\":\"https:\/\/vieassociative.be\/actualites\/le-salon-de-coiffure-a-eupen-a-jete-des-oeufs-lecole-de-lecole-de-raeren-enduit-de-graffitis\/\",\"url\":\"https:\/\/vieassociative.be\/actualites\/le-salon-de-coiffure-a-eupen-a-jete-des-oeufs-lecole-de-lecole-de-raeren-enduit-de-graffitis\/\",\"name\":\"Le salon de coiffure \u00e0 Eupen a jet\u00e9 des \u0153ufs - L'\u00e9cole de l'\u00e9cole de Raeren enduit de graffitis | Vie Associative\",\"isPartOf\":{\"@id\":\"https:\/\/vieassociative.be\/actualites\/#website\"},\"primaryImageOfPage\":{\"@id\":\"https:\/\/vieassociative.be\/actualites\/le-salon-de-coiffure-a-eupen-a-jete-des-oeufs-lecole-de-lecole-de-raeren-enduit-de-graffitis\/#primaryimage\"},\"image\":{\"@id\":\"https:\/\/vieassociative.be\/actualites\/le-salon-de-coiffure-a-eupen-a-jete-des-oeufs-lecole-de-lecole-de-raeren-enduit-de-graffitis\/#primaryimage\"},\"thumbnailUrl\":\"https:\/\/vieassociative.be\/actualites\/wp-content\/uploads\/2024\/11\/Raeren-Le-conducteur-tombe-dans-un-micro-sommeil-a-midi.jpeg\",\"datePublished\":\"2025-04-29T20:17:25+00:00\",\"dateModified\":\"2025-04-29T20:17:25+00:00\",\"breadcrumb\":{\"@id\":\"https:\/\/vieassociative.be\/actualites\/le-salon-de-coiffure-a-eupen-a-jete-des-oeufs-lecole-de-lecole-de-raeren-enduit-de-graffitis\/#breadcrumb\"},\"inLanguage\":\"fr-BE\",\"potentialAction\":[{\"@type\":\"ReadAction\",\"target\":[\"https:\/\/vieassociative.be\/actualites\/le-salon-de-coiffure-a-eupen-a-jete-des-oeufs-lecole-de-lecole-de-raeren-enduit-de-graffitis\/\"]}]},{\"@type\":\"ImageObject\",\"inLanguage\":\"fr-BE\",\"@id\":\"https:\/\/vieassociative.be\/actualites\/le-salon-de-coiffure-a-eupen-a-jete-des-oeufs-lecole-de-lecole-de-raeren-enduit-de-graffitis\/#primaryimage\",\"url\":\"https:\/\/vieassociative.be\/actualites\/wp-content\/uploads\/2024\/11\/Raeren-Le-conducteur-tombe-dans-un-micro-sommeil-a-midi.jpeg\",\"contentUrl\":\"https:\/\/vieassociative.be\/actualites\/wp-content\/uploads\/2024\/11\/Raeren-Le-conducteur-tombe-dans-un-micro-sommeil-a-midi.jpeg\",\"width\":1200,\"height\":800,\"caption\":\"Raeren : Le conducteur tombe dans un micro-sommeil \u00e0 midi\"},{\"@type\":\"BreadcrumbList\",\"@id\":\"https:\/\/vieassociative.be\/actualites\/le-salon-de-coiffure-a-eupen-a-jete-des-oeufs-lecole-de-lecole-de-raeren-enduit-de-graffitis\/#breadcrumb\",\"itemListElement\":[{\"@type\":\"ListItem\",\"position\":1,\"name\":\"Accueil\",\"item\":\"https:\/\/vieassociative.be\/actualites\/\"},{\"@type\":\"ListItem\",\"position\":2,\"name\":\"Le salon de coiffure \u00e0 Eupen a jet\u00e9 des \u0153ufs &#8211; L&rsquo;\u00e9cole de l&rsquo;\u00e9cole de Raeren enduit de graffitis\"}]},{\"@type\":\"WebSite\",\"@id\":\"https:\/\/vieassociative.be\/actualites\/#website\",\"url\":\"https:\/\/vieassociative.be\/actualites\/\",\"name\":\"Vie Associative\",\"description\":\"\",\"publisher\":{\"@id\":\"https:\/\/vieassociative.be\/actualites\/#organization\"},\"potentialAction\":[{\"@type\":\"SearchAction\",\"target\":{\"@type\":\"EntryPoint\",\"urlTemplate\":\"https:\/\/vieassociative.be\/actualites\/?s={search_term_string}\"},\"query-input\":{\"@type\":\"PropertyValueSpecification\",\"valueRequired\":true,\"valueName\":\"search_term_string\"}}],\"inLanguage\":\"fr-BE\"},{\"@type\":\"Organization\",\"@id\":\"https:\/\/vieassociative.be\/actualites\/#organization\",\"name\":\"Vie Associative\",\"url\":\"https:\/\/vieassociative.be\/actualites\/\",\"logo\":{\"@type\":\"ImageObject\",\"inLanguage\":\"fr-BE\",\"@id\":\"https:\/\/vieassociative.be\/actualites\/#\/schema\/logo\/image\/\",\"url\":\"https:\/\/vieassociative.be\/actualites\/wp-content\/uploads\/2024\/09\/cropped-vieassociative_favicon.ico.png\",\"contentUrl\":\"https:\/\/vieassociative.be\/actualites\/wp-content\/uploads\/2024\/09\/cropped-vieassociative_favicon.ico.png\",\"width\":512,\"height\":512,\"caption\":\"Vie Associative\"},\"image\":{\"@id\":\"https:\/\/vieassociative.be\/actualites\/#\/schema\/logo\/image\/\"}},{\"@type\":\"Person\",\"@id\":\"https:\/\/vieassociative.be\/actualites\/#\/schema\/person\/b87ac4f82f9d4e7b7cec7395b679edc4\",\"name\":\"Julien\",\"image\":{\"@type\":\"ImageObject\",\"inLanguage\":\"fr-BE\",\"@id\":\"https:\/\/vieassociative.be\/actualites\/#\/schema\/person\/image\/\",\"url\":\"https:\/\/vieassociative.be\/actualites\/wp-content\/uploads\/2024\/09\/vie-associative-1-150x150.jpg\",\"contentUrl\":\"https:\/\/vieassociative.be\/actualites\/wp-content\/uploads\/2024\/09\/vie-associative-1-150x150.jpg\",\"caption\":\"Julien\"},\"description\":\"Je suis Julien, r\u00e9dacteur pour Vie Associative. Passionn\u00e9 par le monde associatif depuis plus de 10 ans, j'ai \u00e0 c\u0153ur de partager des histoires inspirantes et de mettre en lumi\u00e8re les initiatives locales. Mon objectif est de sensibiliser et d'encourager l'engagement communautaire \u00e0 travers mes articles.\",\"sameAs\":[\"https:\/\/vieassociative.be\/\"]}]}<\/script>\n<!-- \/ Yoast SEO plugin. -->","yoast_head_json":{"title":"Le salon de coiffure \u00e0 Eupen a jet\u00e9 des \u0153ufs - L'\u00e9cole de l'\u00e9cole de Raeren enduit de graffitis | Vie Associative","robots":{"index":"index","follow":"follow","max-snippet":"max-snippet:-1","max-image-preview":"max-image-preview:large","max-video-preview":"max-video-preview:-1"},"canonical":"https:\/\/vieassociative.be\/actualites\/le-salon-de-coiffure-a-eupen-a-jete-des-oeufs-lecole-de-lecole-de-raeren-enduit-de-graffitis\/","og_locale":"fr_FR","og_type":"article","og_title":"Le salon de coiffure \u00e0 Eupen a jet\u00e9 des \u0153ufs - L'\u00e9cole de l'\u00e9cole de Raeren enduit de graffitis | Vie Associative","og_description":"La zone de police de Weser-G\u00f6hl rapporte deux incidents dans son rapport \u00e0 partir du mardi 29 avril 2025. &#8211; Tout au long du salon","og_url":"https:\/\/vieassociative.be\/actualites\/le-salon-de-coiffure-a-eupen-a-jete-des-oeufs-lecole-de-lecole-de-raeren-enduit-de-graffitis\/","og_site_name":"Vie Associative","article_published_time":"2025-04-29T20:17:25+00:00","og_image":[{"width":279,"height":92,"url":"https:\/\/vieassociative.be\/actualites\/wp-content\/uploads\/2024\/09\/header_backgroundk-01-e1726694325946.png","type":"image\/png"}],"author":"Julien","twitter_card":"summary_large_image","twitter_misc":{"\u00c9crit par":"Julien","Dur\u00e9e de lecture est.":"1 minute"},"schema":{"@context":"https:\/\/schema.org","@graph":[{"@type":"Article","@id":"https:\/\/vieassociative.be\/actualites\/le-salon-de-coiffure-a-eupen-a-jete-des-oeufs-lecole-de-lecole-de-raeren-enduit-de-graffitis\/#article","isPartOf":{"@id":"https:\/\/vieassociative.be\/actualites\/le-salon-de-coiffure-a-eupen-a-jete-des-oeufs-lecole-de-lecole-de-raeren-enduit-de-graffitis\/"},"author":{"name":"Julien","@id":"https:\/\/vieassociative.be\/actualites\/#\/schema\/person\/b87ac4f82f9d4e7b7cec7395b679edc4"},"headline":"Le salon de coiffure \u00e0 Eupen a jet\u00e9 des \u0153ufs &#8211; L&rsquo;\u00e9cole de l&rsquo;\u00e9cole de Raeren enduit de graffitis","datePublished":"2025-04-29T20:17:25+00:00","dateModified":"2025-04-29T20:17:25+00:00","mainEntityOfPage":{"@id":"https:\/\/vieassociative.be\/actualites\/le-salon-de-coiffure-a-eupen-a-jete-des-oeufs-lecole-de-lecole-de-raeren-enduit-de-graffitis\/"},"wordCount":151,"publisher":{"@id":"https:\/\/vieassociative.be\/actualites\/#organization"},"image":{"@id":"https:\/\/vieassociative.be\/actualites\/le-salon-de-coiffure-a-eupen-a-jete-des-oeufs-lecole-de-lecole-de-raeren-enduit-de-graffitis\/#primaryimage"},"thumbnailUrl":"https:\/\/vieassociative.be\/actualites\/wp-content\/uploads\/2024\/11\/Raeren-Le-conducteur-tombe-dans-un-micro-sommeil-a-midi.jpeg","keywords":["coiffure","Des","enduit","Eupen","graffitis","jet\u00e9","l\u00e9cole","\u0153ufs","Raeren","Salon"],"articleSection":["Belgique"],"inLanguage":"fr-BE"},{"@type":"WebPage","@id":"https:\/\/vieassociative.be\/actualites\/le-salon-de-coiffure-a-eupen-a-jete-des-oeufs-lecole-de-lecole-de-raeren-enduit-de-graffitis\/","url":"https:\/\/vieassociative.be\/actualites\/le-salon-de-coiffure-a-eupen-a-jete-des-oeufs-lecole-de-lecole-de-raeren-enduit-de-graffitis\/","name":"Le salon de coiffure \u00e0 Eupen a jet\u00e9 des \u0153ufs - L'\u00e9cole de l'\u00e9cole de Raeren enduit de graffitis | Vie Associative","isPartOf":{"@id":"https:\/\/vieassociative.be\/actualites\/#website"},"primaryImageOfPage":{"@id":"https:\/\/vieassociative.be\/actualites\/le-salon-de-coiffure-a-eupen-a-jete-des-oeufs-lecole-de-lecole-de-raeren-enduit-de-graffitis\/#primaryimage"},"image":{"@id":"https:\/\/vieassociative.be\/actualites\/le-salon-de-coiffure-a-eupen-a-jete-des-oeufs-lecole-de-lecole-de-raeren-enduit-de-graffitis\/#primaryimage"},"thumbnailUrl":"https:\/\/vieassociative.be\/actualites\/wp-content\/uploads\/2024\/11\/Raeren-Le-conducteur-tombe-dans-un-micro-sommeil-a-midi.jpeg","datePublished":"2025-04-29T20:17:25+00:00","dateModified":"2025-04-29T20:17:25+00:00","breadcrumb":{"@id":"https:\/\/vieassociative.be\/actualites\/le-salon-de-coiffure-a-eupen-a-jete-des-oeufs-lecole-de-lecole-de-raeren-enduit-de-graffitis\/#breadcrumb"},"inLanguage":"fr-BE","potentialAction":[{"@type":"ReadAction","target":["https:\/\/vieassociative.be\/actualites\/le-salon-de-coiffure-a-eupen-a-jete-des-oeufs-lecole-de-lecole-de-raeren-enduit-de-graffitis\/"]}]},{"@type":"ImageObject","inLanguage":"fr-BE","@id":"https:\/\/vieassociative.be\/actualites\/le-salon-de-coiffure-a-eupen-a-jete-des-oeufs-lecole-de-lecole-de-raeren-enduit-de-graffitis\/#primaryimage","url":"https:\/\/vieassociative.be\/actualites\/wp-content\/uploads\/2024\/11\/Raeren-Le-conducteur-tombe-dans-un-micro-sommeil-a-midi.jpeg","contentUrl":"https:\/\/vieassociative.be\/actualites\/wp-content\/uploads\/2024\/11\/Raeren-Le-conducteur-tombe-dans-un-micro-sommeil-a-midi.jpeg","width":1200,"height":800,"caption":"Raeren : Le conducteur tombe dans un micro-sommeil \u00e0 midi"},{"@type":"BreadcrumbList","@id":"https:\/\/vieassociative.be\/actualites\/le-salon-de-coiffure-a-eupen-a-jete-des-oeufs-lecole-de-lecole-de-raeren-enduit-de-graffitis\/#breadcrumb","itemListElement":[{"@type":"ListItem","position":1,"name":"Accueil","item":"https:\/\/vieassociative.be\/actualites\/"},{"@type":"ListItem","position":2,"name":"Le salon de coiffure \u00e0 Eupen a jet\u00e9 des \u0153ufs &#8211; L&rsquo;\u00e9cole de l&rsquo;\u00e9cole de Raeren enduit de graffitis"}]},{"@type":"WebSite","@id":"https:\/\/vieassociative.be\/actualites\/#website","url":"https:\/\/vieassociative.be\/actualites\/","name":"Vie Associative","description":"","publisher":{"@id":"https:\/\/vieassociative.be\/actualites\/#organization"},"potentialAction":[{"@type":"SearchAction","target":{"@type":"EntryPoint","urlTemplate":"https:\/\/vieassociative.be\/actualites\/?s={search_term_string}"},"query-input":{"@type":"PropertyValueSpecification","valueRequired":true,"valueName":"search_term_string"}}],"inLanguage":"fr-BE"},{"@type":"Organization","@id":"https:\/\/vieassociative.be\/actualites\/#organization","name":"Vie Associative","url":"https:\/\/vieassociative.be\/actualites\/","logo":{"@type":"ImageObject","inLanguage":"fr-BE","@id":"https:\/\/vieassociative.be\/actualites\/#\/schema\/logo\/image\/","url":"https:\/\/vieassociative.be\/actualites\/wp-content\/uploads\/2024\/09\/cropped-vieassociative_favicon.ico.png","contentUrl":"https:\/\/vieassociative.be\/actualites\/wp-content\/uploads\/2024\/09\/cropped-vieassociative_favicon.ico.png","width":512,"height":512,"caption":"Vie Associative"},"image":{"@id":"https:\/\/vieassociative.be\/actualites\/#\/schema\/logo\/image\/"}},{"@type":"Person","@id":"https:\/\/vieassociative.be\/actualites\/#\/schema\/person\/b87ac4f82f9d4e7b7cec7395b679edc4","name":"Julien","image":{"@type":"ImageObject","inLanguage":"fr-BE","@id":"https:\/\/vieassociative.be\/actualites\/#\/schema\/person\/image\/","url":"https:\/\/vieassociative.be\/actualites\/wp-content\/uploads\/2024\/09\/vie-associative-1-150x150.jpg","contentUrl":"https:\/\/vieassociative.be\/actualites\/wp-content\/uploads\/2024\/09\/vie-associative-1-150x150.jpg","caption":"Julien"},"description":"Je suis Julien, r\u00e9dacteur pour Vie Associative. Passionn\u00e9 par le monde associatif depuis plus de 10 ans, j'ai \u00e0 c\u0153ur de partager des histoires inspirantes et de mettre en lumi\u00e8re les initiatives locales. Mon objectif est de sensibiliser et d'encourager l'engagement communautaire \u00e0 travers mes articles.","sameAs":["https:\/\/vieassociative.be\/"]}]}},"_links":{"self":[{"href":"https:\/\/vieassociative.be\/actualites\/wp-json\/wp\/v2\/posts\/7149"}],"collection":[{"href":"https:\/\/vieassociative.be\/actualites\/wp-json\/wp\/v2\/posts"}],"about":[{"href":"https:\/\/vieassociative.be\/actualites\/wp-json\/wp\/v2\/types\/post"}],"author":[{"embeddable":true,"href":"https:\/\/vieassociative.be\/actualites\/wp-json\/wp\/v2\/users\/1"}],"replies":[{"embeddable":true,"href":"https:\/\/vieassociative.be\/actualites\/wp-json\/wp\/v2\/comments?post=7149"}],"version-history":[{"count":0,"href":"https:\/\/vieassociative.be\/actualites\/wp-json\/wp\/v2\/posts\/7149\/revisions"}],"wp:featuredmedia":[{"embeddable":true,"href":"https:\/\/vieassociative.be\/actualites\/wp-json\/wp\/v2\/media\/1939"}],"wp:attachment":[{"href":"https:\/\/vieassociative.be\/actualites\/wp-json\/wp\/v2\/media?parent=7149"}],"wp:term":[{"taxonomy":"category","embeddable":true,"href":"https:\/\/vieassociative.be\/actualites\/wp-json\/wp\/v2\/categories?post=7149"},{"taxonomy":"post_tag","embeddable":true,"href":"https:\/\/vieassociative.be\/actualites\/wp-json\/wp\/v2\/tags?post=7149"}],"curies":[{"name":"wp","href":"https:\/\/api.w.org\/{rel}","templated":true}]}}