{"id":7140,"date":"2025-04-29T16:17:36","date_gmt":"2025-04-29T14:17:36","guid":{"rendered":"https:\/\/vieassociative.be\/actualites\/campagne-de-protestation-du-fgtb-am-clown-a-eupen-contre-les-mesures-dausterite-drastiques-du-gouvernement-arizona\/"},"modified":"2025-04-29T16:17:36","modified_gmt":"2025-04-29T14:17:36","slug":"campagne-de-protestation-du-fgtb-am-clown-a-eupen-contre-les-mesures-dausterite-drastiques-du-gouvernement-arizona","status":"publish","type":"post","link":"https:\/\/vieassociative.be\/actualites\/campagne-de-protestation-du-fgtb-am-clown-a-eupen-contre-les-mesures-dausterite-drastiques-du-gouvernement-arizona\/","title":{"rendered":"Campagne de protestation du FGTB AM Clown \u00e0 Eupen contre les mesures d&rsquo;aust\u00e9rit\u00e9 drastiques du gouvernement \u00ab\u00a0Arizona\u00a0\u00bb"},"content":{"rendered":"<p><strong>Mardi, de grandes parties du pays ont \u00e9t\u00e9 touch\u00e9es par une autre campagne de gr\u00e8ve nationale des syndicats. Leur protestation est principalement dirig\u00e9e contre la r\u00e9duction des avantages sociaux et un certain nombre de r\u00e9formes profondes de la fonction publique, comme le pr\u00e9voient le gouvernement \u00ab\u00a0Arizona\u00a0\u00bb.<\/strong><\/p>\n<p><span id=\"more-414406\"><\/span>En tant que m\u00e9moire: le gouvernement \u00ab\u00a0Arizona\u00a0\u00bb comprend N-VA, MR, Vooruit, CD &#038; V et Les Engages.<\/p>\n<p>Les syndicats portent essentiellement sur la r\u00e9forme des pensions, la limitation temporelle du soutien au ch\u00f4mage et les coupes budg\u00e9taires dans la fonction publique. \u00ab\u00a0Des milliards d&rsquo;armes, des miettes pour les travailleurs\u00a0\u00bb, se plaint une d\u00e9pliante de l&rsquo;Union socialiste.<\/p>\n<p>En plus des manifestations, de nombreux articles de flux ont \u00e9t\u00e9 mis en place dans les zones industrielles et devant les entreprises. Les syndicats veulent \u00e9galement sensibiliser \u00e0 la population avec des campagnes de d\u00e9pliants sur les routes d&rsquo;acc\u00e8s charg\u00e9es et sur les inversions circulaires.<\/p>\n<div id=\"attachment_414435\" class=\"wp-caption alignleft\" style=\"max-width: 300px\"><img fetchpriority=\"high\" decoding=\"async\" class=\"wp-image-414435 size-medium\" src=\"https:\/\/vieassociative.be\/actualites\/wp-content\/uploads\/2025\/04\/Campagne-de-protestation-du-FGTB-AM-Clown-a-Eupen-contre.jpg\" alt=\"\" width=\"300\" height=\"201\"  ><\/p>\n<p class=\"wp-caption-text\">Photo: Patrick von Staufenberg<\/p>\n<\/div>\n<p>Tous les services publics (h\u00f4pitaux, \u00e9limination des ordures, services postaux, administrations municipales, maisons de soins infirmiers, etc.) ont \u00e9t\u00e9 principalement affect\u00e9es par cette campagne.<\/p>\n<p>Le FGTB Verviers-Eastbelgien a invit\u00e9 \u00e0 une campagne de protestation sur la place sur le clown d&rsquo;Eupen. Le CSC Ostbelgium a \u00e9galement particip\u00e9 \u00e0 la gr\u00e8ve. Dans un message, il a \u00e9t\u00e9 dit qu&rsquo;ils se d\u00e9fendent toujours contre les mesures antisociales pr\u00e9vues par le gouvernement \u00ab\u00a0Arizona\u00a0\u00bb.<\/p>\n<p>La question demeure de savoir si de telles frappes apportent quelque chose. Les gouvernements ne peuvent g\u00e9n\u00e9ralement pas \u00eatre dissuad\u00e9s de leurs projets \u00e0 travers des manifestations s\u00e9lectives comme celle-ci, dans la mesure o\u00f9 elles peuvent compter sur une majorit\u00e9 au Parlement. Cependant, il est \u00e9galement clair qu&rsquo;en plus des frappes et des races de protestation, les syndicats n&rsquo;ont pas beaucoup d&rsquo;autres formes de r\u00e9sistance. (Cre)<\/p>\n<p><em><strong>Plus de photos du photographe Patrick von Staufenberg de la campagne de protestation du FGTB mardi au clown d&rsquo;Eupen (cliquez pour l&rsquo;\u00e9largissement):<\/strong><\/em><\/p>\n<div class=\"wp-gallery row\">\n<figure class=\"column small-6 medium-3 end\"><img decoding=\"async\" src=\"https:\/\/vieassociative.be\/actualites\/wp-content\/uploads\/2025\/04\/1745936256_92_Campagne-de-protestation-du-FGTB-AM-Clown-a-Eupen-contre.jpg\" width=\"159\" height=\"159\" alt=\"\"><\/figure>\n<figure class=\"column small-6 medium-3 end\"><img decoding=\"async\" src=\"https:\/\/vieassociative.be\/actualites\/wp-content\/uploads\/2025\/04\/1745936256_358_Campagne-de-protestation-du-FGTB-AM-Clown-a-Eupen-contre.jpg\" width=\"159\" height=\"159\" alt=\"\"><\/figure>\n<figure class=\"column small-6 medium-3 end\"><img loading=\"lazy\" decoding=\"async\" src=\"https:\/\/vieassociative.be\/actualites\/wp-content\/uploads\/2025\/04\/1745936256_194_Campagne-de-protestation-du-FGTB-AM-Clown-a-Eupen-contre.jpg\" width=\"159\" height=\"159\" alt=\"\"><\/figure>\n<figure class=\"column small-6 medium-3 end\"><img loading=\"lazy\" decoding=\"async\" src=\"https:\/\/vieassociative.be\/actualites\/wp-content\/uploads\/2025\/04\/1745936256_872_Campagne-de-protestation-du-FGTB-AM-Clown-a-Eupen-contre.jpg\" width=\"159\" height=\"159\" alt=\"\"><\/figure>\n<\/div>\n","protected":false},"excerpt":{"rendered":"<p>Mardi, de grandes parties du pays ont \u00e9t\u00e9 touch\u00e9es par une autre campagne de gr\u00e8ve nationale des syndicats. Leur protestation est principalement dirig\u00e9e contre la<\/p>\n","protected":false},"author":1,"featured_media":7141,"comment_status":"","ping_status":"","sticky":false,"template":"","format":"standard","meta":{"footnotes":""},"categories":[298],"tags":[5333,3311,6703,796,5332,6704,2329,6079,615,14,5331,6073],"class_list":["post-7140","post","type-post","status-publish","format-standard","has-post-thumbnail","hentry","category-belgique","tag-arizona","tag-campagne","tag-clown","tag-contre","tag-dausterite","tag-drastiques","tag-eupen","tag-fgtb","tag-gouvernement","tag-les","tag-mesures","tag-protestation","generate-columns","tablet-grid-50","mobile-grid-100","grid-parent","grid-33"],"yoast_head":"<!-- This site is optimized with the Yoast SEO plugin v24.0 - https:\/\/yoast.com\/wordpress\/plugins\/seo\/ -->\n<title>Campagne de protestation du FGTB AM Clown \u00e0 Eupen contre les mesures d&#039;aust\u00e9rit\u00e9 drastiques du gouvernement &quot;Arizona&quot; | Vie Associative<\/title>\n<meta name=\"robots\" content=\"index, follow, max-snippet:-1, max-image-preview:large, max-video-preview:-1\" \/>\n<link rel=\"canonical\" href=\"https:\/\/vieassociative.be\/actualites\/campagne-de-protestation-du-fgtb-am-clown-a-eupen-contre-les-mesures-dausterite-drastiques-du-gouvernement-arizona\/\" \/>\n<meta property=\"og:locale\" content=\"fr_FR\" \/>\n<meta property=\"og:type\" content=\"article\" \/>\n<meta property=\"og:title\" content=\"Campagne de protestation du FGTB AM Clown \u00e0 Eupen contre les mesures d&#039;aust\u00e9rit\u00e9 drastiques du gouvernement &quot;Arizona&quot; | Vie Associative\" \/>\n<meta property=\"og:description\" content=\"Mardi, de grandes parties du pays ont \u00e9t\u00e9 touch\u00e9es par une autre campagne de gr\u00e8ve nationale des syndicats. Leur protestation est principalement dirig\u00e9e contre la\" \/>\n<meta property=\"og:url\" content=\"https:\/\/vieassociative.be\/actualites\/campagne-de-protestation-du-fgtb-am-clown-a-eupen-contre-les-mesures-dausterite-drastiques-du-gouvernement-arizona\/\" \/>\n<meta property=\"og:site_name\" content=\"Vie Associative\" \/>\n<meta property=\"article:published_time\" content=\"2025-04-29T14:17:36+00:00\" \/>\n<meta property=\"og:image\" content=\"https:\/\/vieassociative.be\/actualites\/wp-content\/uploads\/2024\/09\/header_backgroundk-01-e1726694325946.png\" \/>\n\t<meta property=\"og:image:width\" content=\"279\" \/>\n\t<meta property=\"og:image:height\" content=\"92\" \/>\n\t<meta property=\"og:image:type\" content=\"image\/png\" \/>\n<meta name=\"author\" content=\"Julien\" \/>\n<meta name=\"twitter:card\" content=\"summary_large_image\" \/>\n<meta name=\"twitter:label1\" content=\"\u00c9crit par\" \/>\n\t<meta name=\"twitter:data1\" content=\"Julien\" \/>\n\t<meta name=\"twitter:label2\" content=\"Dur\u00e9e de lecture est.\" \/>\n\t<meta name=\"twitter:data2\" content=\"2 minutes\" \/>\n<script type=\"application\/ld+json\" class=\"yoast-schema-graph\">{\"@context\":\"https:\/\/schema.org\",\"@graph\":[{\"@type\":\"Article\",\"@id\":\"https:\/\/vieassociative.be\/actualites\/campagne-de-protestation-du-fgtb-am-clown-a-eupen-contre-les-mesures-dausterite-drastiques-du-gouvernement-arizona\/#article\",\"isPartOf\":{\"@id\":\"https:\/\/vieassociative.be\/actualites\/campagne-de-protestation-du-fgtb-am-clown-a-eupen-contre-les-mesures-dausterite-drastiques-du-gouvernement-arizona\/\"},\"author\":{\"name\":\"Julien\",\"@id\":\"https:\/\/vieassociative.be\/actualites\/#\/schema\/person\/b87ac4f82f9d4e7b7cec7395b679edc4\"},\"headline\":\"Campagne de protestation du FGTB AM Clown \u00e0 Eupen contre les mesures d&rsquo;aust\u00e9rit\u00e9 drastiques du gouvernement \u00ab\u00a0Arizona\u00a0\u00bb\",\"datePublished\":\"2025-04-29T14:17:36+00:00\",\"dateModified\":\"2025-04-29T14:17:36+00:00\",\"mainEntityOfPage\":{\"@id\":\"https:\/\/vieassociative.be\/actualites\/campagne-de-protestation-du-fgtb-am-clown-a-eupen-contre-les-mesures-dausterite-drastiques-du-gouvernement-arizona\/\"},\"wordCount\":356,\"publisher\":{\"@id\":\"https:\/\/vieassociative.be\/actualites\/#organization\"},\"image\":{\"@id\":\"https:\/\/vieassociative.be\/actualites\/campagne-de-protestation-du-fgtb-am-clown-a-eupen-contre-les-mesures-dausterite-drastiques-du-gouvernement-arizona\/#primaryimage\"},\"thumbnailUrl\":\"https:\/\/vieassociative.be\/actualites\/wp-content\/uploads\/2025\/04\/1745936257_Campagne-de-protestation-du-FGTB-AM-Clown-a-Eupen-contre.jpg\",\"keywords\":[\"Arizona\",\"campagne\",\"Clown\",\"contre\",\"daust\u00e9rit\u00e9\",\"drastiques\",\"Eupen\",\"FGTB\",\"gouvernement\",\"Les\",\"mesures\",\"Protestation\"],\"articleSection\":[\"Belgique\"],\"inLanguage\":\"fr-BE\"},{\"@type\":\"WebPage\",\"@id\":\"https:\/\/vieassociative.be\/actualites\/campagne-de-protestation-du-fgtb-am-clown-a-eupen-contre-les-mesures-dausterite-drastiques-du-gouvernement-arizona\/\",\"url\":\"https:\/\/vieassociative.be\/actualites\/campagne-de-protestation-du-fgtb-am-clown-a-eupen-contre-les-mesures-dausterite-drastiques-du-gouvernement-arizona\/\",\"name\":\"Campagne de protestation du FGTB AM Clown \u00e0 Eupen contre les mesures d'aust\u00e9rit\u00e9 drastiques du gouvernement \\\"Arizona\\\" | Vie Associative\",\"isPartOf\":{\"@id\":\"https:\/\/vieassociative.be\/actualites\/#website\"},\"primaryImageOfPage\":{\"@id\":\"https:\/\/vieassociative.be\/actualites\/campagne-de-protestation-du-fgtb-am-clown-a-eupen-contre-les-mesures-dausterite-drastiques-du-gouvernement-arizona\/#primaryimage\"},\"image\":{\"@id\":\"https:\/\/vieassociative.be\/actualites\/campagne-de-protestation-du-fgtb-am-clown-a-eupen-contre-les-mesures-dausterite-drastiques-du-gouvernement-arizona\/#primaryimage\"},\"thumbnailUrl\":\"https:\/\/vieassociative.be\/actualites\/wp-content\/uploads\/2025\/04\/1745936257_Campagne-de-protestation-du-FGTB-AM-Clown-a-Eupen-contre.jpg\",\"datePublished\":\"2025-04-29T14:17:36+00:00\",\"dateModified\":\"2025-04-29T14:17:36+00:00\",\"breadcrumb\":{\"@id\":\"https:\/\/vieassociative.be\/actualites\/campagne-de-protestation-du-fgtb-am-clown-a-eupen-contre-les-mesures-dausterite-drastiques-du-gouvernement-arizona\/#breadcrumb\"},\"inLanguage\":\"fr-BE\",\"potentialAction\":[{\"@type\":\"ReadAction\",\"target\":[\"https:\/\/vieassociative.be\/actualites\/campagne-de-protestation-du-fgtb-am-clown-a-eupen-contre-les-mesures-dausterite-drastiques-du-gouvernement-arizona\/\"]}]},{\"@type\":\"ImageObject\",\"inLanguage\":\"fr-BE\",\"@id\":\"https:\/\/vieassociative.be\/actualites\/campagne-de-protestation-du-fgtb-am-clown-a-eupen-contre-les-mesures-dausterite-drastiques-du-gouvernement-arizona\/#primaryimage\",\"url\":\"https:\/\/vieassociative.be\/actualites\/wp-content\/uploads\/2025\/04\/1745936257_Campagne-de-protestation-du-FGTB-AM-Clown-a-Eupen-contre.jpg\",\"contentUrl\":\"https:\/\/vieassociative.be\/actualites\/wp-content\/uploads\/2025\/04\/1745936257_Campagne-de-protestation-du-FGTB-AM-Clown-a-Eupen-contre.jpg\",\"width\":1300,\"height\":869,\"caption\":\"Campagne de protestation du FGTB AM Clown \u00e0 Eupen contre les mesures d'aust\u00e9rit\u00e9 drastiques du gouvernement \\\"Arizona\\\"\"},{\"@type\":\"BreadcrumbList\",\"@id\":\"https:\/\/vieassociative.be\/actualites\/campagne-de-protestation-du-fgtb-am-clown-a-eupen-contre-les-mesures-dausterite-drastiques-du-gouvernement-arizona\/#breadcrumb\",\"itemListElement\":[{\"@type\":\"ListItem\",\"position\":1,\"name\":\"Accueil\",\"item\":\"https:\/\/vieassociative.be\/actualites\/\"},{\"@type\":\"ListItem\",\"position\":2,\"name\":\"Campagne de protestation du FGTB AM Clown \u00e0 Eupen contre les mesures d&rsquo;aust\u00e9rit\u00e9 drastiques du gouvernement \u00ab\u00a0Arizona\u00a0\u00bb\"}]},{\"@type\":\"WebSite\",\"@id\":\"https:\/\/vieassociative.be\/actualites\/#website\",\"url\":\"https:\/\/vieassociative.be\/actualites\/\",\"name\":\"Vie Associative\",\"description\":\"\",\"publisher\":{\"@id\":\"https:\/\/vieassociative.be\/actualites\/#organization\"},\"potentialAction\":[{\"@type\":\"SearchAction\",\"target\":{\"@type\":\"EntryPoint\",\"urlTemplate\":\"https:\/\/vieassociative.be\/actualites\/?s={search_term_string}\"},\"query-input\":{\"@type\":\"PropertyValueSpecification\",\"valueRequired\":true,\"valueName\":\"search_term_string\"}}],\"inLanguage\":\"fr-BE\"},{\"@type\":\"Organization\",\"@id\":\"https:\/\/vieassociative.be\/actualites\/#organization\",\"name\":\"Vie Associative\",\"url\":\"https:\/\/vieassociative.be\/actualites\/\",\"logo\":{\"@type\":\"ImageObject\",\"inLanguage\":\"fr-BE\",\"@id\":\"https:\/\/vieassociative.be\/actualites\/#\/schema\/logo\/image\/\",\"url\":\"https:\/\/vieassociative.be\/actualites\/wp-content\/uploads\/2024\/09\/cropped-vieassociative_favicon.ico.png\",\"contentUrl\":\"https:\/\/vieassociative.be\/actualites\/wp-content\/uploads\/2024\/09\/cropped-vieassociative_favicon.ico.png\",\"width\":512,\"height\":512,\"caption\":\"Vie Associative\"},\"image\":{\"@id\":\"https:\/\/vieassociative.be\/actualites\/#\/schema\/logo\/image\/\"}},{\"@type\":\"Person\",\"@id\":\"https:\/\/vieassociative.be\/actualites\/#\/schema\/person\/b87ac4f82f9d4e7b7cec7395b679edc4\",\"name\":\"Julien\",\"image\":{\"@type\":\"ImageObject\",\"inLanguage\":\"fr-BE\",\"@id\":\"https:\/\/vieassociative.be\/actualites\/#\/schema\/person\/image\/\",\"url\":\"https:\/\/vieassociative.be\/actualites\/wp-content\/uploads\/2024\/09\/vie-associative-1-150x150.jpg\",\"contentUrl\":\"https:\/\/vieassociative.be\/actualites\/wp-content\/uploads\/2024\/09\/vie-associative-1-150x150.jpg\",\"caption\":\"Julien\"},\"description\":\"Je suis Julien, r\u00e9dacteur pour Vie Associative. Passionn\u00e9 par le monde associatif depuis plus de 10 ans, j'ai \u00e0 c\u0153ur de partager des histoires inspirantes et de mettre en lumi\u00e8re les initiatives locales. Mon objectif est de sensibiliser et d'encourager l'engagement communautaire \u00e0 travers mes articles.\",\"sameAs\":[\"https:\/\/vieassociative.be\/\"]}]}<\/script>\n<!-- \/ Yoast SEO plugin. -->","yoast_head_json":{"title":"Campagne de protestation du FGTB AM Clown \u00e0 Eupen contre les mesures d'aust\u00e9rit\u00e9 drastiques du gouvernement \"Arizona\" | Vie Associative","robots":{"index":"index","follow":"follow","max-snippet":"max-snippet:-1","max-image-preview":"max-image-preview:large","max-video-preview":"max-video-preview:-1"},"canonical":"https:\/\/vieassociative.be\/actualites\/campagne-de-protestation-du-fgtb-am-clown-a-eupen-contre-les-mesures-dausterite-drastiques-du-gouvernement-arizona\/","og_locale":"fr_FR","og_type":"article","og_title":"Campagne de protestation du FGTB AM Clown \u00e0 Eupen contre les mesures d'aust\u00e9rit\u00e9 drastiques du gouvernement \"Arizona\" | Vie Associative","og_description":"Mardi, de grandes parties du pays ont \u00e9t\u00e9 touch\u00e9es par une autre campagne de gr\u00e8ve nationale des syndicats. Leur protestation est principalement dirig\u00e9e contre la","og_url":"https:\/\/vieassociative.be\/actualites\/campagne-de-protestation-du-fgtb-am-clown-a-eupen-contre-les-mesures-dausterite-drastiques-du-gouvernement-arizona\/","og_site_name":"Vie Associative","article_published_time":"2025-04-29T14:17:36+00:00","og_image":[{"width":279,"height":92,"url":"https:\/\/vieassociative.be\/actualites\/wp-content\/uploads\/2024\/09\/header_backgroundk-01-e1726694325946.png","type":"image\/png"}],"author":"Julien","twitter_card":"summary_large_image","twitter_misc":{"\u00c9crit par":"Julien","Dur\u00e9e de lecture est.":"2 minutes"},"schema":{"@context":"https:\/\/schema.org","@graph":[{"@type":"Article","@id":"https:\/\/vieassociative.be\/actualites\/campagne-de-protestation-du-fgtb-am-clown-a-eupen-contre-les-mesures-dausterite-drastiques-du-gouvernement-arizona\/#article","isPartOf":{"@id":"https:\/\/vieassociative.be\/actualites\/campagne-de-protestation-du-fgtb-am-clown-a-eupen-contre-les-mesures-dausterite-drastiques-du-gouvernement-arizona\/"},"author":{"name":"Julien","@id":"https:\/\/vieassociative.be\/actualites\/#\/schema\/person\/b87ac4f82f9d4e7b7cec7395b679edc4"},"headline":"Campagne de protestation du FGTB AM Clown \u00e0 Eupen contre les mesures d&rsquo;aust\u00e9rit\u00e9 drastiques du gouvernement \u00ab\u00a0Arizona\u00a0\u00bb","datePublished":"2025-04-29T14:17:36+00:00","dateModified":"2025-04-29T14:17:36+00:00","mainEntityOfPage":{"@id":"https:\/\/vieassociative.be\/actualites\/campagne-de-protestation-du-fgtb-am-clown-a-eupen-contre-les-mesures-dausterite-drastiques-du-gouvernement-arizona\/"},"wordCount":356,"publisher":{"@id":"https:\/\/vieassociative.be\/actualites\/#organization"},"image":{"@id":"https:\/\/vieassociative.be\/actualites\/campagne-de-protestation-du-fgtb-am-clown-a-eupen-contre-les-mesures-dausterite-drastiques-du-gouvernement-arizona\/#primaryimage"},"thumbnailUrl":"https:\/\/vieassociative.be\/actualites\/wp-content\/uploads\/2025\/04\/1745936257_Campagne-de-protestation-du-FGTB-AM-Clown-a-Eupen-contre.jpg","keywords":["Arizona","campagne","Clown","contre","daust\u00e9rit\u00e9","drastiques","Eupen","FGTB","gouvernement","Les","mesures","Protestation"],"articleSection":["Belgique"],"inLanguage":"fr-BE"},{"@type":"WebPage","@id":"https:\/\/vieassociative.be\/actualites\/campagne-de-protestation-du-fgtb-am-clown-a-eupen-contre-les-mesures-dausterite-drastiques-du-gouvernement-arizona\/","url":"https:\/\/vieassociative.be\/actualites\/campagne-de-protestation-du-fgtb-am-clown-a-eupen-contre-les-mesures-dausterite-drastiques-du-gouvernement-arizona\/","name":"Campagne de protestation du FGTB AM Clown \u00e0 Eupen contre les mesures d'aust\u00e9rit\u00e9 drastiques du gouvernement \"Arizona\" | Vie Associative","isPartOf":{"@id":"https:\/\/vieassociative.be\/actualites\/#website"},"primaryImageOfPage":{"@id":"https:\/\/vieassociative.be\/actualites\/campagne-de-protestation-du-fgtb-am-clown-a-eupen-contre-les-mesures-dausterite-drastiques-du-gouvernement-arizona\/#primaryimage"},"image":{"@id":"https:\/\/vieassociative.be\/actualites\/campagne-de-protestation-du-fgtb-am-clown-a-eupen-contre-les-mesures-dausterite-drastiques-du-gouvernement-arizona\/#primaryimage"},"thumbnailUrl":"https:\/\/vieassociative.be\/actualites\/wp-content\/uploads\/2025\/04\/1745936257_Campagne-de-protestation-du-FGTB-AM-Clown-a-Eupen-contre.jpg","datePublished":"2025-04-29T14:17:36+00:00","dateModified":"2025-04-29T14:17:36+00:00","breadcrumb":{"@id":"https:\/\/vieassociative.be\/actualites\/campagne-de-protestation-du-fgtb-am-clown-a-eupen-contre-les-mesures-dausterite-drastiques-du-gouvernement-arizona\/#breadcrumb"},"inLanguage":"fr-BE","potentialAction":[{"@type":"ReadAction","target":["https:\/\/vieassociative.be\/actualites\/campagne-de-protestation-du-fgtb-am-clown-a-eupen-contre-les-mesures-dausterite-drastiques-du-gouvernement-arizona\/"]}]},{"@type":"ImageObject","inLanguage":"fr-BE","@id":"https:\/\/vieassociative.be\/actualites\/campagne-de-protestation-du-fgtb-am-clown-a-eupen-contre-les-mesures-dausterite-drastiques-du-gouvernement-arizona\/#primaryimage","url":"https:\/\/vieassociative.be\/actualites\/wp-content\/uploads\/2025\/04\/1745936257_Campagne-de-protestation-du-FGTB-AM-Clown-a-Eupen-contre.jpg","contentUrl":"https:\/\/vieassociative.be\/actualites\/wp-content\/uploads\/2025\/04\/1745936257_Campagne-de-protestation-du-FGTB-AM-Clown-a-Eupen-contre.jpg","width":1300,"height":869,"caption":"Campagne de protestation du FGTB AM Clown \u00e0 Eupen contre les mesures d'aust\u00e9rit\u00e9 drastiques du gouvernement \"Arizona\""},{"@type":"BreadcrumbList","@id":"https:\/\/vieassociative.be\/actualites\/campagne-de-protestation-du-fgtb-am-clown-a-eupen-contre-les-mesures-dausterite-drastiques-du-gouvernement-arizona\/#breadcrumb","itemListElement":[{"@type":"ListItem","position":1,"name":"Accueil","item":"https:\/\/vieassociative.be\/actualites\/"},{"@type":"ListItem","position":2,"name":"Campagne de protestation du FGTB AM Clown \u00e0 Eupen contre les mesures d&rsquo;aust\u00e9rit\u00e9 drastiques du gouvernement \u00ab\u00a0Arizona\u00a0\u00bb"}]},{"@type":"WebSite","@id":"https:\/\/vieassociative.be\/actualites\/#website","url":"https:\/\/vieassociative.be\/actualites\/","name":"Vie Associative","description":"","publisher":{"@id":"https:\/\/vieassociative.be\/actualites\/#organization"},"potentialAction":[{"@type":"SearchAction","target":{"@type":"EntryPoint","urlTemplate":"https:\/\/vieassociative.be\/actualites\/?s={search_term_string}"},"query-input":{"@type":"PropertyValueSpecification","valueRequired":true,"valueName":"search_term_string"}}],"inLanguage":"fr-BE"},{"@type":"Organization","@id":"https:\/\/vieassociative.be\/actualites\/#organization","name":"Vie Associative","url":"https:\/\/vieassociative.be\/actualites\/","logo":{"@type":"ImageObject","inLanguage":"fr-BE","@id":"https:\/\/vieassociative.be\/actualites\/#\/schema\/logo\/image\/","url":"https:\/\/vieassociative.be\/actualites\/wp-content\/uploads\/2024\/09\/cropped-vieassociative_favicon.ico.png","contentUrl":"https:\/\/vieassociative.be\/actualites\/wp-content\/uploads\/2024\/09\/cropped-vieassociative_favicon.ico.png","width":512,"height":512,"caption":"Vie Associative"},"image":{"@id":"https:\/\/vieassociative.be\/actualites\/#\/schema\/logo\/image\/"}},{"@type":"Person","@id":"https:\/\/vieassociative.be\/actualites\/#\/schema\/person\/b87ac4f82f9d4e7b7cec7395b679edc4","name":"Julien","image":{"@type":"ImageObject","inLanguage":"fr-BE","@id":"https:\/\/vieassociative.be\/actualites\/#\/schema\/person\/image\/","url":"https:\/\/vieassociative.be\/actualites\/wp-content\/uploads\/2024\/09\/vie-associative-1-150x150.jpg","contentUrl":"https:\/\/vieassociative.be\/actualites\/wp-content\/uploads\/2024\/09\/vie-associative-1-150x150.jpg","caption":"Julien"},"description":"Je suis Julien, r\u00e9dacteur pour Vie Associative. Passionn\u00e9 par le monde associatif depuis plus de 10 ans, j'ai \u00e0 c\u0153ur de partager des histoires inspirantes et de mettre en lumi\u00e8re les initiatives locales. Mon objectif est de sensibiliser et d'encourager l'engagement communautaire \u00e0 travers mes articles.","sameAs":["https:\/\/vieassociative.be\/"]}]}},"_links":{"self":[{"href":"https:\/\/vieassociative.be\/actualites\/wp-json\/wp\/v2\/posts\/7140"}],"collection":[{"href":"https:\/\/vieassociative.be\/actualites\/wp-json\/wp\/v2\/posts"}],"about":[{"href":"https:\/\/vieassociative.be\/actualites\/wp-json\/wp\/v2\/types\/post"}],"author":[{"embeddable":true,"href":"https:\/\/vieassociative.be\/actualites\/wp-json\/wp\/v2\/users\/1"}],"replies":[{"embeddable":true,"href":"https:\/\/vieassociative.be\/actualites\/wp-json\/wp\/v2\/comments?post=7140"}],"version-history":[{"count":0,"href":"https:\/\/vieassociative.be\/actualites\/wp-json\/wp\/v2\/posts\/7140\/revisions"}],"wp:featuredmedia":[{"embeddable":true,"href":"https:\/\/vieassociative.be\/actualites\/wp-json\/wp\/v2\/media\/7141"}],"wp:attachment":[{"href":"https:\/\/vieassociative.be\/actualites\/wp-json\/wp\/v2\/media?parent=7140"}],"wp:term":[{"taxonomy":"category","embeddable":true,"href":"https:\/\/vieassociative.be\/actualites\/wp-json\/wp\/v2\/categories?post=7140"},{"taxonomy":"post_tag","embeddable":true,"href":"https:\/\/vieassociative.be\/actualites\/wp-json\/wp\/v2\/tags?post=7140"}],"curies":[{"name":"wp","href":"https:\/\/api.w.org\/{rel}","templated":true}]}}