{"id":7138,"date":"2025-04-29T15:17:18","date_gmt":"2025-04-29T13:17:18","guid":{"rendered":"https:\/\/vieassociative.be\/actualites\/10-podcasts-qui-vous-aideront-a-comprendre-leconomie-et-les-tarifs-de-trump\/"},"modified":"2025-04-29T15:17:18","modified_gmt":"2025-04-29T13:17:18","slug":"10-podcasts-qui-vous-aideront-a-comprendre-leconomie-et-les-tarifs-de-trump","status":"publish","type":"post","link":"https:\/\/vieassociative.be\/actualites\/10-podcasts-qui-vous-aideront-a-comprendre-leconomie-et-les-tarifs-de-trump\/","title":{"rendered":"10 podcasts qui vous aideront \u00e0 comprendre l&rsquo;\u00e9conomie (et les tarifs de Trump)"},"content":{"rendered":"<div class=\"mt-4 leading-6 md:mb-8\">Ils ne vous feront pas n\u00e9cessairement arr\u00eater de paniquer, mais au moins vous saurez pourquoi vous paniquez.<\/div>\n<p><\/p>\n<p>Comme si ce n&rsquo;\u00e9tait pas d\u00e9j\u00e0 un concept assez difficile \u00e0 saisir, les tarifs de Trump ont rendu la compr\u00e9hension de l&rsquo;\u00e9conomie encore plus difficile, et il n&rsquo;y a aucun signe que les choses vont devenir moins compliqu\u00e9es de si t\u00f4t. Peut-\u00eatre que les podcasts peuvent aider?<\/p>\n<p>Ces 10 spectacles couvrent les derni\u00e8res nouvelles \u00e9conomiques d&rsquo;une mani\u00e8re approfondie et r\u00e9fl\u00e9chie, avec des rapports nets, une analyse accessible et m\u00eame un peu d&rsquo;humour. H\u00e9berg\u00e9es par des journalistes NPR, des professionnels financiers et des \u00e9conomistes universitaires, ils d\u00e9composent tout, des guerres commerciales \u00e0 l&rsquo;inflation d&rsquo;une mani\u00e8re qui a du sens &#8211; m\u00eame si vous avez dormi via Econ Class. <\/p>\n<hr>\n<h2 id=\"planet-money\"><em>Argent de la plan\u00e8te<\/em><\/h2>\n<div class=\"eloquent-imagery-image\">\n<div class=\"flex justify-center\">\n                    <img decoding=\"async\" class=\"border border-gray-100\" src=\"https:\/\/vieassociative.be\/actualites\/wp-content\/uploads\/2025\/04\/10-podcasts-qui-vous-aideront-a-comprendre-leconomie-et-les.jpg\" alt=\"Logo de podcast\" width=\"2000\" height=\"2000\" loading=\"lazy\"  >\n            <\/div>\n<\/p><\/div>\n<p>H\u00e9berg\u00e9 par une \u00e9quipe rotative de journalistes NPR, <strong><em>Argent de la plan\u00e8te<\/em><\/strong>  est l&rsquo;\u00e9talon-or pour les podcasts qui rendent la compr\u00e9hension de l&rsquo;\u00e9conomie non seulement faisable, mais divertissante. Chaque \u00e9pisode d\u00e9ballait un concept unique &#8211; comme des tarifs ou des taux d&rsquo;int\u00e9r\u00eat &#8211; en utilisant des histoires, des interviews et des explications accessibles dans le monde r\u00e9el. Il est particuli\u00e8rement bon pour montrer les effets d&rsquo;entra\u00eenement des d\u00e9cisions \u00e9conomiques de haut niveau dans la vie quotidienne. Pour obtenir une compr\u00e9hension de base de la question cl\u00e9 de la journ\u00e9e, commencez par \u00ab\u00a0Tarifs: \u00e0 quoi sont-ils bons?\u00a0\u00bb<\/p>\n<hr>\n<h2 id=\"marketplace\"><em>March\u00e9<\/em><\/h2>\n<div class=\"eloquent-imagery-image\">\n<div class=\"flex justify-center\">\n                    <img decoding=\"async\" class=\"border border-gray-100\" src=\"https:\/\/vieassociative.be\/actualites\/wp-content\/uploads\/2025\/04\/1745932637_607_10-podcasts-qui-vous-aideront-a-comprendre-leconomie-et-les.jpg\" alt=\"Logo de podcast\" width=\"2000\" height=\"2000\" loading=\"lazy\"  >\n            <\/div>\n<\/p><\/div>\n<p>Connu pour son segment de signature \u00abFaisons les chiffres\u00bb, le spectacle quotidien de Kai Ryssdal <strong><em>March\u00e9<\/em><\/strong>  Coupe le bruit avec clart\u00e9 et esprit, offrant des mises \u00e0 jour sur les derni\u00e8res nouvelles sur Wall Street et \u00e0 Washington. Ryssdal et son \u00e9quipe plongent r\u00e9guli\u00e8rement dans la fa\u00e7on dont la politique affecte les emplois, les cha\u00eenes d&rsquo;approvisionnement et les prix \u00e0 la consommation. Le spectacle est parfait pour les gens qui veulent rester inform\u00e9s mais ne veulent pas de conf\u00e9rence.<\/p>\n<hr>\n<h2 id=\"the-indicator\"><em>L&rsquo;indicateur<\/em><\/h2>\n<div class=\"eloquent-imagery-image\">\n<div class=\"flex justify-center\">\n                    <img decoding=\"async\" class=\"border border-gray-100\" src=\"https:\/\/vieassociative.be\/actualites\/wp-content\/uploads\/2025\/04\/1745932637_526_10-podcasts-qui-vous-aideront-a-comprendre-leconomie-et-les.jpg\" alt=\"Logo de podcast\" width=\"2000\" height=\"2000\" loading=\"lazy\"  >\n            <\/div>\n<\/p><\/div>\n<p>Si vous voulez des informations nettes et collatibles sur l&rsquo;\u00e9conomie, <strong><em>L&rsquo;indicateur<\/em><\/strong>  Fournit des \u00e9pisodes en moins de 10 minutes. Des gens de Planet Money, c&rsquo;est rapide, informatif et ne suppose pas que vous \u00eates un pro. L&rsquo;\u00e9mission couvre tout, de la politique \u00e9conomique aux statistiques \u00e9tranges, y compris la fa\u00e7on dont les tarifs ont affect\u00e9 les entreprises am\u00e9ricaines. Essayez \u00abla guerre commerciale de Trump, revisit\u00e9\u00bb pour un rafra\u00eechissement rapide mais puissant.<\/p>\n<hr>\n<h2 id=\"odd-lots\"><em>Terrains bizarres<\/em><\/h2>\n<div class=\"eloquent-imagery-image\">\n<div class=\"flex justify-center\">\n                    <img decoding=\"async\" class=\"border border-gray-100\" src=\"https:\/\/vieassociative.be\/actualites\/wp-content\/uploads\/2025\/04\/10-podcasts-qui-vous-aideront-a-comprendre-leconomie-et-les.png\" alt=\"Logo de podcast\" width=\"2000\" height=\"2000\" loading=\"lazy\"  >\n            <\/div>\n<\/p><\/div>\n<p>Sur <strong><em>Terrains bizarres<\/em><\/strong>Joe Weisenthal et Tracy Alloway de Bloomberg va profond\u00e9ment dans les coins \u00e9tranges mais importants de l&rsquo;\u00e9conomie mondiale. Avec les invit\u00e9s de haut niveau et un \u0153il pour des sujets en temps opportun, les lots \u00e9tranges sont id\u00e9aux si vous \u00eates pr\u00eat pour une \u00e9coute l\u00e9g\u00e8rement plus technique (mais toujours accessible). Ils ont tout couvert, des perturbations du commerce du soja \u00e0 l&rsquo;inflation apr\u00e8s des hausses tarifaires. <\/p>\n<hr>\n<h2 id=\"so-money\"><em>So de l&rsquo;argent <\/em><\/h2>\n<div class=\"eloquent-imagery-image\">\n<div class=\"flex justify-center\">\n                    <img decoding=\"async\" class=\"border border-gray-100\" src=\"https:\/\/vieassociative.be\/actualites\/wp-content\/uploads\/2025\/04\/1745932637_373_10-podcasts-qui-vous-aideront-a-comprendre-leconomie-et-les.jpg\" alt=\"Logo de podcast\" width=\"2000\" height=\"2000\" loading=\"lazy\"  >\n            <\/div>\n<\/p><\/div>\n<p>Sur <strong><em>So de l&rsquo;argent<\/em><\/strong>Farnoosh Torabi apporte une nouvelle voix \u00e0 des discussions sur l&rsquo;argent, combler l&rsquo;\u00e9cart entre les finances personnelles et les tendances macro\u00e9conomiques. Elle interroge fr\u00e9quemment des experts sur la fa\u00e7on dont les politiques peuvent affecter l&rsquo;argent des gens et les d\u00e9cisions financi\u00e8res, en particulier utile pour connecter les points entre les tarifs, l&rsquo;inflation et votre portefeuille. Sa force r\u00e9side dans l&rsquo;accessibilit\u00e9 et l&rsquo;inclusion. <\/p>\n<hr>\n<h2 id=\"trade-talks\"><em>N\u00e9gociations commerciales<\/em><\/h2>\n<div class=\"eloquent-imagery-image\">\n<div class=\"flex justify-center\">\n                    <img decoding=\"async\" class=\"border border-gray-100\" src=\"https:\/\/vieassociative.be\/actualites\/wp-content\/uploads\/2025\/04\/1745932638_852_10-podcasts-qui-vous-aideront-a-comprendre-leconomie-et-les.png\" alt=\"Logo de podcast\" width=\"2000\" height=\"2000\" loading=\"lazy\"  >\n            <\/div>\n<\/p><\/div>\n<p><strong><em>N\u00e9gociations commerciales<\/em><\/strong>  est une excellente ressource (et poss\u00e8de une merveilleuse archive robuste) pour comprendre le commerce international et les tarifs. H\u00e9berg\u00e9 par l&rsquo;\u00e9conomiste Chad P. Bown et Soumaya Keynes, <em>N\u00e9gociations commerciales<\/em> a explor\u00e9 la politique commerciale mondiale avec clart\u00e9, esprit et beaucoup de contexte. Bien que l&rsquo;\u00e9mission ne soit revenue que r\u00e9cemment avec de nouveaux \u00e9pisodes, les archives sont toujours tr\u00e8s pertinentes, expliquant comment les politiques qui nous affectaient ont tous \u00e9volu\u00e9 &#8211; et pourquoi nous avons toujours affaire aux retomb\u00e9es.<\/p>\n<div class=\"pogoClear relative my-10 border-b-(1.5px) border-t-(1.5px) border-dashed border-black py-5 sm:my-14 sm:border-0 sm:py-0\" data-ga-click data-ga-template=\"Opinions\" data-ga-module=\"openweb_widget\" data-ga-element=\"openweb_scroll\" data-ga-item=\"openweb_scroll_midpage\" x-cloak x-data=\"{ commentsCount: null, hasComments: false }\" x-init=\"commentsCount = await window.openweb.getMessagesCount(01JSYYG2XDV6P076YEZQ0NRJ1E);\n     hasComments = commentsCount !== null &amp;&amp; commentsCount &gt; 0\"><\/p>\n<div class=\"absolute top-1\/2 hidden w-full -translate-y-1\/2 border-t-(1.5px) border-dashed border-black sm:block\"><\/div>\n<div class=\"relative flex justify-center\">\n<div class=\"flex max-w-max items-center gap-x-3 bg-white px-5\">\n<div class=\"relative\">\n                <span class=\"absolute left-1\/2 top-1\/2 -translate-x-1\/2 -translate-y-1\/2 font-akshar text-sm font-medium text-black\" x-show=\"hasComments\" x-text=\"commentsCount\"><\/span><\/p>\n<p>                <svg class=\"h-8 w-8 text-black\">\n                    <use href=\"http:\/\/lifehacker.com\/images\/icons\/spritemap.svg#sprite-chat-bubble\"><\/use>\n                <\/svg>\n            <\/div>\n<p>            <span class=\"text-sm font-medium text-black\"><\/p>\n<p>                Que pensez-vous jusqu&rsquo;\u00e0 pr\u00e9sent?<br \/>\n                <button class=\"font-semibold text-brand-green underline hover:text-brand-green-700\" onclick=\"window.openweb.scrollToComments(01JSYYG2XDV6P076YEZQ0NRJ1E)\" x-text=\"hasComments ? 'Post a comment.' : 'Be the first to post a comment.'\"><\/button><br \/>\n            <\/span>\n        <\/div>\n<\/p><\/div>\n<\/div>\n<hr>\n<h2 id=\"capitalisnt\"><em>Capital Not<\/em><\/h2>\n<div class=\"eloquent-imagery-image\">\n<div class=\"flex justify-center\">\n                    <img decoding=\"async\" class=\"border border-gray-100\" src=\"https:\/\/vieassociative.be\/actualites\/wp-content\/uploads\/2025\/04\/1745932638_580_10-podcasts-qui-vous-aideront-a-comprendre-leconomie-et-les.jpg\" alt=\"Logo de podcast\" width=\"2000\" height=\"2000\" loading=\"lazy\"  >\n            <\/div>\n<\/p><\/div>\n<p>H\u00e9ros\u00e9 par l&rsquo;\u00e9conomiste Luigi Zingales et le journaliste Bethany McLean, <strong><em>Capital Not<\/em><\/strong><em> <\/em>Dissecte le fonctionnement du capitalisme &#8211; et quand il ne le fait pas. Avec des \u00e9pisodes ax\u00e9s sur le pouvoir des entreprises, la r\u00e9glementation et les in\u00e9galit\u00e9s \u00e9conomiques, l&rsquo;\u00e9mission analyse fr\u00e9quemment les impacts r\u00e9els de la politique commerciale et de l&rsquo;intervention gouvernementale. C&rsquo;est id\u00e9al pour les auditeurs qui veulent un regard r\u00e9fl\u00e9chi et critique sur le syst\u00e8me lui-m\u00eame. <\/p>\n<hr>\n<h2 id=\"brown-ambition\"><em>Ambition brune<\/em><\/h2>\n<div class=\"eloquent-imagery-image\">\n<div class=\"flex justify-center\">\n                    <img decoding=\"async\" class=\"border border-gray-100\" src=\"https:\/\/vieassociative.be\/actualites\/wp-content\/uploads\/2025\/04\/1745932638_533_10-podcasts-qui-vous-aideront-a-comprendre-leconomie-et-les.jpg\" alt=\"Logo de podcast\" width=\"2000\" height=\"2000\" loading=\"lazy\"  >\n            <\/div>\n<\/p><\/div>\n<p>Co-organis\u00e9 par Mandi Woodruff-Santos et Tiffany \u00abThe BudgetNista\u00bb Aliche, <strong><em>Ambition brune<\/em><\/strong>  Apporte des commentaires nets, dr\u00f4les et perspicaces \u00e0 la fois \u00e0 la finance personnelle et \u00e0 l&rsquo;\u00e9conomie plus large. Les ant\u00e9c\u00e9dents de Mandi en tant que journaliste d&rsquo;entreprise signifient que vous serez souvent inform\u00e9 des prises sur les politiques, les march\u00e9s et la fa\u00e7on dont les personnes de couleur sont particuli\u00e8rement affect\u00e9es. C&rsquo;est une perspective fond\u00e9e. <\/p>\n<hr>\n<h2 id=\"freakonomics-radio\"><em>Radio Freakonomics<\/em><\/h2>\n<div class=\"eloquent-imagery-image\">\n<div class=\"flex justify-center\">\n                    <img decoding=\"async\" class=\"border border-gray-100\" src=\"https:\/\/vieassociative.be\/actualites\/wp-content\/uploads\/2025\/04\/1745932638_561_10-podcasts-qui-vous-aideront-a-comprendre-leconomie-et-les.jpg\" alt=\"Logo de podcast\" width=\"2000\" height=\"2000\" loading=\"lazy\"  >\n            <\/div>\n<\/p><\/div>\n<p>Stephen Dubner <strong><em>Freakonomics<\/em><\/strong>  La marque consiste \u00e0 creuser \u00able c\u00f4t\u00e9 cach\u00e9 de tout\u00bb, et cela inclut la politique \u00e9conomique. Bien qu&rsquo;il soit moins ax\u00e9 sur les journaux que d&rsquo;autres sur cette liste, l&rsquo;\u00e9mission apporte une pens\u00e9e grave et une recherche approfondie \u00e0 des sujets tels que les tarifs, la mondialisation et les forces du march\u00e9. La narration le maintient engageant pendant que les id\u00e9es frappent fort. <\/p>\n<hr>\n<h2 id=\"money-with-katie\"><em>Argent avec Katie<\/em><\/h2>\n<div class=\"eloquent-imagery-image\">\n<div class=\"flex justify-center\">\n                    <img decoding=\"async\" class=\"border border-gray-100\" src=\"https:\/\/vieassociative.be\/actualites\/wp-content\/uploads\/2025\/04\/1745932638_929_10-podcasts-qui-vous-aideront-a-comprendre-leconomie-et-les.png\" alt=\"Logo de podcast\" width=\"2000\" height=\"2000\" loading=\"lazy\"  >\n            <\/div>\n<\/p><\/div>\n<p>Sur <strong><em>Argent avec Katie<\/em><\/strong>Katie Gatti Tassin rend l&rsquo;\u00e9conomie relatable, concentrant un objectif adapt\u00e9 \u00e0 la mill\u00e9naire sur tout, de l&rsquo;inflation \u00e0 l&rsquo;investissement. Bien qu&rsquo;il soit enracin\u00e9 dans la finance personnelle, le spectacle zoome fr\u00e9quemment pour expliquer comment les d\u00e9cisions politiques &#8211; comme les tarifs ou les changements fiscaux &#8211; affectaient votre vie financi\u00e8re quotidienne. Le ton est plein d&rsquo;esprit mais bien document\u00e9. <\/p>\n","protected":false},"excerpt":{"rendered":"<p>Ils ne vous feront pas n\u00e9cessairement arr\u00eater de paniquer, mais au moins vous saurez pourquoi vous paniquez. Comme si ce n&rsquo;\u00e9tait pas d\u00e9j\u00e0 un concept<\/p>\n","protected":false},"author":1,"featured_media":7139,"comment_status":"","ping_status":"","sticky":false,"template":"","format":"standard","meta":{"footnotes":""},"categories":[36],"tags":[6701,2140,6702,14,158,99,5819,2425,4],"class_list":["post-7138","post","type-post","status-publish","format-standard","has-post-thumbnail","hentry","category-divertissement","tag-aideront","tag-comprendre","tag-leconomie","tag-les","tag-podcasts","tag-qui","tag-tarifs","tag-trump","tag-vous","generate-columns","tablet-grid-50","mobile-grid-100","grid-parent","grid-33"],"yoast_head":"<!-- This site is optimized with the Yoast SEO plugin v24.0 - https:\/\/yoast.com\/wordpress\/plugins\/seo\/ -->\n<title>10 podcasts qui vous aideront \u00e0 comprendre l&#039;\u00e9conomie (et les tarifs de Trump) | Vie Associative<\/title>\n<meta name=\"robots\" content=\"index, follow, max-snippet:-1, max-image-preview:large, max-video-preview:-1\" \/>\n<link rel=\"canonical\" href=\"https:\/\/vieassociative.be\/actualites\/10-podcasts-qui-vous-aideront-a-comprendre-leconomie-et-les-tarifs-de-trump\/\" \/>\n<meta property=\"og:locale\" content=\"fr_FR\" \/>\n<meta property=\"og:type\" content=\"article\" \/>\n<meta property=\"og:title\" content=\"10 podcasts qui vous aideront \u00e0 comprendre l&#039;\u00e9conomie (et les tarifs de Trump) | Vie Associative\" \/>\n<meta property=\"og:description\" content=\"Ils ne vous feront pas n\u00e9cessairement arr\u00eater de paniquer, mais au moins vous saurez pourquoi vous paniquez. Comme si ce n&rsquo;\u00e9tait pas d\u00e9j\u00e0 un concept\" \/>\n<meta property=\"og:url\" content=\"https:\/\/vieassociative.be\/actualites\/10-podcasts-qui-vous-aideront-a-comprendre-leconomie-et-les-tarifs-de-trump\/\" \/>\n<meta property=\"og:site_name\" content=\"Vie Associative\" \/>\n<meta property=\"article:published_time\" content=\"2025-04-29T13:17:18+00:00\" \/>\n<meta property=\"og:image\" content=\"https:\/\/vieassociative.be\/actualites\/wp-content\/uploads\/2025\/04\/10-podcasts-qui-vous-aideront-a-comprendre-leconomie-et-les.jpg\" \/>\n<meta name=\"author\" content=\"Julien\" \/>\n<meta name=\"twitter:card\" content=\"summary_large_image\" \/>\n<meta name=\"twitter:label1\" content=\"\u00c9crit par\" \/>\n\t<meta name=\"twitter:data1\" content=\"Julien\" \/>\n\t<meta name=\"twitter:label2\" content=\"Dur\u00e9e de lecture est.\" \/>\n\t<meta name=\"twitter:data2\" content=\"5 minutes\" \/>\n<script type=\"application\/ld+json\" class=\"yoast-schema-graph\">{\"@context\":\"https:\/\/schema.org\",\"@graph\":[{\"@type\":\"Article\",\"@id\":\"https:\/\/vieassociative.be\/actualites\/10-podcasts-qui-vous-aideront-a-comprendre-leconomie-et-les-tarifs-de-trump\/#article\",\"isPartOf\":{\"@id\":\"https:\/\/vieassociative.be\/actualites\/10-podcasts-qui-vous-aideront-a-comprendre-leconomie-et-les-tarifs-de-trump\/\"},\"author\":{\"name\":\"Julien\",\"@id\":\"https:\/\/vieassociative.be\/actualites\/#\/schema\/person\/b87ac4f82f9d4e7b7cec7395b679edc4\"},\"headline\":\"10 podcasts qui vous aideront \u00e0 comprendre l&rsquo;\u00e9conomie (et les tarifs de Trump)\",\"datePublished\":\"2025-04-29T13:17:18+00:00\",\"dateModified\":\"2025-04-29T13:17:18+00:00\",\"mainEntityOfPage\":{\"@id\":\"https:\/\/vieassociative.be\/actualites\/10-podcasts-qui-vous-aideront-a-comprendre-leconomie-et-les-tarifs-de-trump\/\"},\"wordCount\":1007,\"publisher\":{\"@id\":\"https:\/\/vieassociative.be\/actualites\/#organization\"},\"image\":{\"@id\":\"https:\/\/vieassociative.be\/actualites\/10-podcasts-qui-vous-aideront-a-comprendre-leconomie-et-les-tarifs-de-trump\/#primaryimage\"},\"thumbnailUrl\":\"https:\/\/vieassociative.be\/actualites\/wp-content\/uploads\/2025\/04\/1745932638_10-podcasts-qui-vous-aideront-a-comprendre-leconomie-et-les.jpg\",\"keywords\":[\"aideront\",\"comprendre\",\"l\u00e9conomie\",\"Les\",\"podcasts\",\"qui\",\"tarifs\",\"Trump\",\"Vous\"],\"articleSection\":[\"Divertissement\"],\"inLanguage\":\"fr-BE\"},{\"@type\":\"WebPage\",\"@id\":\"https:\/\/vieassociative.be\/actualites\/10-podcasts-qui-vous-aideront-a-comprendre-leconomie-et-les-tarifs-de-trump\/\",\"url\":\"https:\/\/vieassociative.be\/actualites\/10-podcasts-qui-vous-aideront-a-comprendre-leconomie-et-les-tarifs-de-trump\/\",\"name\":\"10 podcasts qui vous aideront \u00e0 comprendre l'\u00e9conomie (et les tarifs de Trump) | Vie Associative\",\"isPartOf\":{\"@id\":\"https:\/\/vieassociative.be\/actualites\/#website\"},\"primaryImageOfPage\":{\"@id\":\"https:\/\/vieassociative.be\/actualites\/10-podcasts-qui-vous-aideront-a-comprendre-leconomie-et-les-tarifs-de-trump\/#primaryimage\"},\"image\":{\"@id\":\"https:\/\/vieassociative.be\/actualites\/10-podcasts-qui-vous-aideront-a-comprendre-leconomie-et-les-tarifs-de-trump\/#primaryimage\"},\"thumbnailUrl\":\"https:\/\/vieassociative.be\/actualites\/wp-content\/uploads\/2025\/04\/1745932638_10-podcasts-qui-vous-aideront-a-comprendre-leconomie-et-les.jpg\",\"datePublished\":\"2025-04-29T13:17:18+00:00\",\"dateModified\":\"2025-04-29T13:17:18+00:00\",\"breadcrumb\":{\"@id\":\"https:\/\/vieassociative.be\/actualites\/10-podcasts-qui-vous-aideront-a-comprendre-leconomie-et-les-tarifs-de-trump\/#breadcrumb\"},\"inLanguage\":\"fr-BE\",\"potentialAction\":[{\"@type\":\"ReadAction\",\"target\":[\"https:\/\/vieassociative.be\/actualites\/10-podcasts-qui-vous-aideront-a-comprendre-leconomie-et-les-tarifs-de-trump\/\"]}]},{\"@type\":\"ImageObject\",\"inLanguage\":\"fr-BE\",\"@id\":\"https:\/\/vieassociative.be\/actualites\/10-podcasts-qui-vous-aideront-a-comprendre-leconomie-et-les-tarifs-de-trump\/#primaryimage\",\"url\":\"https:\/\/vieassociative.be\/actualites\/wp-content\/uploads\/2025\/04\/1745932638_10-podcasts-qui-vous-aideront-a-comprendre-leconomie-et-les.jpg\",\"contentUrl\":\"https:\/\/vieassociative.be\/actualites\/wp-content\/uploads\/2025\/04\/1745932638_10-podcasts-qui-vous-aideront-a-comprendre-leconomie-et-les.jpg\",\"width\":1200,\"height\":675,\"caption\":\"10 podcasts qui vous aideront \u00e0 comprendre l'\u00e9conomie (et les tarifs de Trump)\"},{\"@type\":\"BreadcrumbList\",\"@id\":\"https:\/\/vieassociative.be\/actualites\/10-podcasts-qui-vous-aideront-a-comprendre-leconomie-et-les-tarifs-de-trump\/#breadcrumb\",\"itemListElement\":[{\"@type\":\"ListItem\",\"position\":1,\"name\":\"Accueil\",\"item\":\"https:\/\/vieassociative.be\/actualites\/\"},{\"@type\":\"ListItem\",\"position\":2,\"name\":\"10 podcasts qui vous aideront \u00e0 comprendre l&rsquo;\u00e9conomie (et les tarifs de Trump)\"}]},{\"@type\":\"WebSite\",\"@id\":\"https:\/\/vieassociative.be\/actualites\/#website\",\"url\":\"https:\/\/vieassociative.be\/actualites\/\",\"name\":\"Vie Associative\",\"description\":\"\",\"publisher\":{\"@id\":\"https:\/\/vieassociative.be\/actualites\/#organization\"},\"potentialAction\":[{\"@type\":\"SearchAction\",\"target\":{\"@type\":\"EntryPoint\",\"urlTemplate\":\"https:\/\/vieassociative.be\/actualites\/?s={search_term_string}\"},\"query-input\":{\"@type\":\"PropertyValueSpecification\",\"valueRequired\":true,\"valueName\":\"search_term_string\"}}],\"inLanguage\":\"fr-BE\"},{\"@type\":\"Organization\",\"@id\":\"https:\/\/vieassociative.be\/actualites\/#organization\",\"name\":\"Vie Associative\",\"url\":\"https:\/\/vieassociative.be\/actualites\/\",\"logo\":{\"@type\":\"ImageObject\",\"inLanguage\":\"fr-BE\",\"@id\":\"https:\/\/vieassociative.be\/actualites\/#\/schema\/logo\/image\/\",\"url\":\"https:\/\/vieassociative.be\/actualites\/wp-content\/uploads\/2024\/09\/cropped-vieassociative_favicon.ico.png\",\"contentUrl\":\"https:\/\/vieassociative.be\/actualites\/wp-content\/uploads\/2024\/09\/cropped-vieassociative_favicon.ico.png\",\"width\":512,\"height\":512,\"caption\":\"Vie Associative\"},\"image\":{\"@id\":\"https:\/\/vieassociative.be\/actualites\/#\/schema\/logo\/image\/\"}},{\"@type\":\"Person\",\"@id\":\"https:\/\/vieassociative.be\/actualites\/#\/schema\/person\/b87ac4f82f9d4e7b7cec7395b679edc4\",\"name\":\"Julien\",\"image\":{\"@type\":\"ImageObject\",\"inLanguage\":\"fr-BE\",\"@id\":\"https:\/\/vieassociative.be\/actualites\/#\/schema\/person\/image\/\",\"url\":\"https:\/\/vieassociative.be\/actualites\/wp-content\/uploads\/2024\/09\/vie-associative-1-150x150.jpg\",\"contentUrl\":\"https:\/\/vieassociative.be\/actualites\/wp-content\/uploads\/2024\/09\/vie-associative-1-150x150.jpg\",\"caption\":\"Julien\"},\"description\":\"Je suis Julien, r\u00e9dacteur pour Vie Associative. Passionn\u00e9 par le monde associatif depuis plus de 10 ans, j'ai \u00e0 c\u0153ur de partager des histoires inspirantes et de mettre en lumi\u00e8re les initiatives locales. Mon objectif est de sensibiliser et d'encourager l'engagement communautaire \u00e0 travers mes articles.\",\"sameAs\":[\"https:\/\/vieassociative.be\/\"]}]}<\/script>\n<!-- \/ Yoast SEO plugin. -->","yoast_head_json":{"title":"10 podcasts qui vous aideront \u00e0 comprendre l'\u00e9conomie (et les tarifs de Trump) | Vie Associative","robots":{"index":"index","follow":"follow","max-snippet":"max-snippet:-1","max-image-preview":"max-image-preview:large","max-video-preview":"max-video-preview:-1"},"canonical":"https:\/\/vieassociative.be\/actualites\/10-podcasts-qui-vous-aideront-a-comprendre-leconomie-et-les-tarifs-de-trump\/","og_locale":"fr_FR","og_type":"article","og_title":"10 podcasts qui vous aideront \u00e0 comprendre l'\u00e9conomie (et les tarifs de Trump) | Vie Associative","og_description":"Ils ne vous feront pas n\u00e9cessairement arr\u00eater de paniquer, mais au moins vous saurez pourquoi vous paniquez. Comme si ce n&rsquo;\u00e9tait pas d\u00e9j\u00e0 un concept","og_url":"https:\/\/vieassociative.be\/actualites\/10-podcasts-qui-vous-aideront-a-comprendre-leconomie-et-les-tarifs-de-trump\/","og_site_name":"Vie Associative","article_published_time":"2025-04-29T13:17:18+00:00","og_image":[{"url":"https:\/\/vieassociative.be\/actualites\/wp-content\/uploads\/2025\/04\/10-podcasts-qui-vous-aideront-a-comprendre-leconomie-et-les.jpg","type":"","width":"","height":""}],"author":"Julien","twitter_card":"summary_large_image","twitter_misc":{"\u00c9crit par":"Julien","Dur\u00e9e de lecture est.":"5 minutes"},"schema":{"@context":"https:\/\/schema.org","@graph":[{"@type":"Article","@id":"https:\/\/vieassociative.be\/actualites\/10-podcasts-qui-vous-aideront-a-comprendre-leconomie-et-les-tarifs-de-trump\/#article","isPartOf":{"@id":"https:\/\/vieassociative.be\/actualites\/10-podcasts-qui-vous-aideront-a-comprendre-leconomie-et-les-tarifs-de-trump\/"},"author":{"name":"Julien","@id":"https:\/\/vieassociative.be\/actualites\/#\/schema\/person\/b87ac4f82f9d4e7b7cec7395b679edc4"},"headline":"10 podcasts qui vous aideront \u00e0 comprendre l&rsquo;\u00e9conomie (et les tarifs de Trump)","datePublished":"2025-04-29T13:17:18+00:00","dateModified":"2025-04-29T13:17:18+00:00","mainEntityOfPage":{"@id":"https:\/\/vieassociative.be\/actualites\/10-podcasts-qui-vous-aideront-a-comprendre-leconomie-et-les-tarifs-de-trump\/"},"wordCount":1007,"publisher":{"@id":"https:\/\/vieassociative.be\/actualites\/#organization"},"image":{"@id":"https:\/\/vieassociative.be\/actualites\/10-podcasts-qui-vous-aideront-a-comprendre-leconomie-et-les-tarifs-de-trump\/#primaryimage"},"thumbnailUrl":"https:\/\/vieassociative.be\/actualites\/wp-content\/uploads\/2025\/04\/1745932638_10-podcasts-qui-vous-aideront-a-comprendre-leconomie-et-les.jpg","keywords":["aideront","comprendre","l\u00e9conomie","Les","podcasts","qui","tarifs","Trump","Vous"],"articleSection":["Divertissement"],"inLanguage":"fr-BE"},{"@type":"WebPage","@id":"https:\/\/vieassociative.be\/actualites\/10-podcasts-qui-vous-aideront-a-comprendre-leconomie-et-les-tarifs-de-trump\/","url":"https:\/\/vieassociative.be\/actualites\/10-podcasts-qui-vous-aideront-a-comprendre-leconomie-et-les-tarifs-de-trump\/","name":"10 podcasts qui vous aideront \u00e0 comprendre l'\u00e9conomie (et les tarifs de Trump) | Vie Associative","isPartOf":{"@id":"https:\/\/vieassociative.be\/actualites\/#website"},"primaryImageOfPage":{"@id":"https:\/\/vieassociative.be\/actualites\/10-podcasts-qui-vous-aideront-a-comprendre-leconomie-et-les-tarifs-de-trump\/#primaryimage"},"image":{"@id":"https:\/\/vieassociative.be\/actualites\/10-podcasts-qui-vous-aideront-a-comprendre-leconomie-et-les-tarifs-de-trump\/#primaryimage"},"thumbnailUrl":"https:\/\/vieassociative.be\/actualites\/wp-content\/uploads\/2025\/04\/1745932638_10-podcasts-qui-vous-aideront-a-comprendre-leconomie-et-les.jpg","datePublished":"2025-04-29T13:17:18+00:00","dateModified":"2025-04-29T13:17:18+00:00","breadcrumb":{"@id":"https:\/\/vieassociative.be\/actualites\/10-podcasts-qui-vous-aideront-a-comprendre-leconomie-et-les-tarifs-de-trump\/#breadcrumb"},"inLanguage":"fr-BE","potentialAction":[{"@type":"ReadAction","target":["https:\/\/vieassociative.be\/actualites\/10-podcasts-qui-vous-aideront-a-comprendre-leconomie-et-les-tarifs-de-trump\/"]}]},{"@type":"ImageObject","inLanguage":"fr-BE","@id":"https:\/\/vieassociative.be\/actualites\/10-podcasts-qui-vous-aideront-a-comprendre-leconomie-et-les-tarifs-de-trump\/#primaryimage","url":"https:\/\/vieassociative.be\/actualites\/wp-content\/uploads\/2025\/04\/1745932638_10-podcasts-qui-vous-aideront-a-comprendre-leconomie-et-les.jpg","contentUrl":"https:\/\/vieassociative.be\/actualites\/wp-content\/uploads\/2025\/04\/1745932638_10-podcasts-qui-vous-aideront-a-comprendre-leconomie-et-les.jpg","width":1200,"height":675,"caption":"10 podcasts qui vous aideront \u00e0 comprendre l'\u00e9conomie (et les tarifs de Trump)"},{"@type":"BreadcrumbList","@id":"https:\/\/vieassociative.be\/actualites\/10-podcasts-qui-vous-aideront-a-comprendre-leconomie-et-les-tarifs-de-trump\/#breadcrumb","itemListElement":[{"@type":"ListItem","position":1,"name":"Accueil","item":"https:\/\/vieassociative.be\/actualites\/"},{"@type":"ListItem","position":2,"name":"10 podcasts qui vous aideront \u00e0 comprendre l&rsquo;\u00e9conomie (et les tarifs de Trump)"}]},{"@type":"WebSite","@id":"https:\/\/vieassociative.be\/actualites\/#website","url":"https:\/\/vieassociative.be\/actualites\/","name":"Vie Associative","description":"","publisher":{"@id":"https:\/\/vieassociative.be\/actualites\/#organization"},"potentialAction":[{"@type":"SearchAction","target":{"@type":"EntryPoint","urlTemplate":"https:\/\/vieassociative.be\/actualites\/?s={search_term_string}"},"query-input":{"@type":"PropertyValueSpecification","valueRequired":true,"valueName":"search_term_string"}}],"inLanguage":"fr-BE"},{"@type":"Organization","@id":"https:\/\/vieassociative.be\/actualites\/#organization","name":"Vie Associative","url":"https:\/\/vieassociative.be\/actualites\/","logo":{"@type":"ImageObject","inLanguage":"fr-BE","@id":"https:\/\/vieassociative.be\/actualites\/#\/schema\/logo\/image\/","url":"https:\/\/vieassociative.be\/actualites\/wp-content\/uploads\/2024\/09\/cropped-vieassociative_favicon.ico.png","contentUrl":"https:\/\/vieassociative.be\/actualites\/wp-content\/uploads\/2024\/09\/cropped-vieassociative_favicon.ico.png","width":512,"height":512,"caption":"Vie Associative"},"image":{"@id":"https:\/\/vieassociative.be\/actualites\/#\/schema\/logo\/image\/"}},{"@type":"Person","@id":"https:\/\/vieassociative.be\/actualites\/#\/schema\/person\/b87ac4f82f9d4e7b7cec7395b679edc4","name":"Julien","image":{"@type":"ImageObject","inLanguage":"fr-BE","@id":"https:\/\/vieassociative.be\/actualites\/#\/schema\/person\/image\/","url":"https:\/\/vieassociative.be\/actualites\/wp-content\/uploads\/2024\/09\/vie-associative-1-150x150.jpg","contentUrl":"https:\/\/vieassociative.be\/actualites\/wp-content\/uploads\/2024\/09\/vie-associative-1-150x150.jpg","caption":"Julien"},"description":"Je suis Julien, r\u00e9dacteur pour Vie Associative. Passionn\u00e9 par le monde associatif depuis plus de 10 ans, j'ai \u00e0 c\u0153ur de partager des histoires inspirantes et de mettre en lumi\u00e8re les initiatives locales. Mon objectif est de sensibiliser et d'encourager l'engagement communautaire \u00e0 travers mes articles.","sameAs":["https:\/\/vieassociative.be\/"]}]}},"_links":{"self":[{"href":"https:\/\/vieassociative.be\/actualites\/wp-json\/wp\/v2\/posts\/7138"}],"collection":[{"href":"https:\/\/vieassociative.be\/actualites\/wp-json\/wp\/v2\/posts"}],"about":[{"href":"https:\/\/vieassociative.be\/actualites\/wp-json\/wp\/v2\/types\/post"}],"author":[{"embeddable":true,"href":"https:\/\/vieassociative.be\/actualites\/wp-json\/wp\/v2\/users\/1"}],"replies":[{"embeddable":true,"href":"https:\/\/vieassociative.be\/actualites\/wp-json\/wp\/v2\/comments?post=7138"}],"version-history":[{"count":0,"href":"https:\/\/vieassociative.be\/actualites\/wp-json\/wp\/v2\/posts\/7138\/revisions"}],"wp:featuredmedia":[{"embeddable":true,"href":"https:\/\/vieassociative.be\/actualites\/wp-json\/wp\/v2\/media\/7139"}],"wp:attachment":[{"href":"https:\/\/vieassociative.be\/actualites\/wp-json\/wp\/v2\/media?parent=7138"}],"wp:term":[{"taxonomy":"category","embeddable":true,"href":"https:\/\/vieassociative.be\/actualites\/wp-json\/wp\/v2\/categories?post=7138"},{"taxonomy":"post_tag","embeddable":true,"href":"https:\/\/vieassociative.be\/actualites\/wp-json\/wp\/v2\/tags?post=7138"}],"curies":[{"name":"wp","href":"https:\/\/api.w.org\/{rel}","templated":true}]}}