{"id":7136,"date":"2025-04-29T12:18:16","date_gmt":"2025-04-29T10:18:16","guid":{"rendered":"https:\/\/vieassociative.be\/actualites\/obtenez-un-frisson-bon-marche-avec-du-fromage-a-la-creme-sucree\/"},"modified":"2025-04-29T12:18:16","modified_gmt":"2025-04-29T10:18:16","slug":"obtenez-un-frisson-bon-marche-avec-du-fromage-a-la-creme-sucree","status":"publish","type":"post","link":"https:\/\/vieassociative.be\/actualites\/obtenez-un-frisson-bon-marche-avec-du-fromage-a-la-creme-sucree\/","title":{"rendered":"Obtenez un frisson bon march\u00e9 avec du fromage \u00e0 la cr\u00e8me sucr\u00e9e"},"content":{"rendered":"<div class=\"mt-4 leading-6 md:mb-8\">Sur les fruits, sur le pain aux bananes, sur un biscuit nature &#8211; le fromage \u00e0 la cr\u00e8me sucr\u00e9 donne tout ce qu&rsquo;il touche une ambiance de g\u00e2teau au fromage.<\/div>\n<p><\/p>\n<p>En raison d&rsquo;un seul faux pas qui a entra\u00een\u00e9 la bris\u00e9 la cheville gauche, je suis rest\u00e9 avec mes parents pendant la semaine, car je suis toujours &#8211; trois semaines apr\u00e8s l&rsquo;incident &#8211; pas tout \u00e0 fait capable d&rsquo;effectuer des t\u00e2ches simples ou de cuisiner pour moi-m\u00eame de mani\u00e8re significative. Heureusement, ma belle-m\u00e8re, Annette, est un tr\u00e8s bon cuisinier, donc je n&rsquo;ai pas faim et j&rsquo;ai en fait aim\u00e9 manger la cuisine de quelqu&rsquo;un d&rsquo;autre. <\/p>\n<p>Je n&rsquo;ai peut-\u00eatre pas h\u00e9rit\u00e9 de la g\u00e9n\u00e9tique d&rsquo;Annette, mais j&rsquo;ai h\u00e9rit\u00e9 de ses comp\u00e9tences en sandwich, ainsi que son talent pour ajouter de petits extras \u00e9tonnamment simples qui font toute la diff\u00e9rence. (Comme mettre une serviette en papier humide sous votre bol \u00e0 soupe pour l&#8217;emp\u00eacher de glisser.) Annette est actuellement tr\u00e8s dans le fromage \u00e0 la cr\u00e8me sucr\u00e9 sur les choses, un peu de luxe qui co\u00fbte tr\u00e8s peu mais offre tout un tas de joie. Sur les fruits, sur le pain aux bananes, sur un biscuit nature &#8211; le fromage \u00e0 la cr\u00e8me sucr\u00e9 donne tout ce qu&rsquo;il touche une ambiance de g\u00e2teau au fromage, et c&rsquo;est une bonne ambiance.<\/p>\n<p>La fabrication du fromage \u00e0 la cr\u00e8me sucr\u00e9e est facile. Il suffit de laisser 8 onces de fromage \u00e0 la cr\u00e8me compl\u00e8te s&rsquo;asseoir sur le comptoir jusqu&rsquo;\u00e0 ce qu&rsquo;il adoucit, puis m\u00e9langez-le avec une tasse de sucre en poudre 1 \/ 4-1 \/ 2, selon votre go\u00fbt. Vous pouvez \u00e9clabousser un peu de vanille, d&rsquo;extrait d&rsquo;amande ou de liqueur si vous en avez envie. \u00c9craser le tout avec une spatule en plastique pour l&rsquo;obtenir \u00e0 ultra dense et lisse, ou frappez-la avec un m\u00e9langeur d&rsquo;immersion ou un m\u00e9langeur \u00e0 main ou pour le faire super durs et lisse. Vous \u00eates maintenant pr\u00eat \u00e0 ajouter un peu de luxe doux \u00e0 votre vie.<\/p>\n<div class=\"pogoClear relative my-10 border-b-(1.5px) border-t-(1.5px) border-dashed border-black py-5 sm:my-14 sm:border-0 sm:py-0\" data-ga-click data-ga-template=\"News\" data-ga-module=\"openweb_widget\" data-ga-element=\"openweb_scroll\" data-ga-item=\"openweb_scroll_midpage\" x-cloak x-data=\"{ commentsCount: null, hasComments: false }\" x-init=\"commentsCount = await window.openweb.getMessagesCount(1849890869);\n     hasComments = commentsCount !== null &amp;&amp; commentsCount &gt; 0\"><\/p>\n<div class=\"absolute top-1\/2 hidden w-full -translate-y-1\/2 border-t-(1.5px) border-dashed border-black sm:block\"><\/div>\n<div class=\"relative flex justify-center\">\n<div class=\"flex max-w-max items-center gap-x-3 bg-white px-5\">\n<div class=\"relative\">\n                <span class=\"absolute left-1\/2 top-1\/2 -translate-x-1\/2 -translate-y-1\/2 font-akshar text-sm font-medium text-black\" x-show=\"hasComments\" x-text=\"commentsCount\"><\/span><\/p>\n<p>                <svg class=\"h-8 w-8 text-black\">\n                    <use href=\"http:\/\/lifehacker.com\/images\/icons\/spritemap.svg#sprite-chat-bubble\"><\/use>\n                <\/svg>\n            <\/div>\n<p>            <span class=\"text-sm font-medium text-black\"><\/p>\n<p>                Que pensez-vous jusqu&rsquo;\u00e0 pr\u00e9sent?<br \/>\n                <button class=\"font-semibold text-brand-green underline hover:text-brand-green-700\" onclick=\"window.openweb.scrollToComments(1849890869)\" x-text=\"hasComments ? 'Post a comment.' : 'Be the first to post a comment.'\"><\/button><br \/>\n            <\/span>\n        <\/div>\n<\/p><\/div>\n<\/div>\n<p>Mon application de fromage \u00e0 la cr\u00e8me sucr\u00e9e pr\u00e9f\u00e9r\u00e9e est personnelle qui le fait sur une poule broy\u00e9e par le vin, mais une poire en conserve r\u00e9frig\u00e9r\u00e9e est plut\u00f4t bonne \u00e0 la pinc\u00e9e. Les glucides de petit-d\u00e9jeuner sont un autre v\u00e9hicule \u00e9vident, car qui ne veut pas manger de g\u00e2teau au fromage d\u00e9construit pour le petit d\u00e9jeuner?<\/p>\n","protected":false},"excerpt":{"rendered":"<p>Sur les fruits, sur le pain aux bananes, sur un biscuit nature &#8211; le fromage \u00e0 la cr\u00e8me sucr\u00e9 donne tout ce qu&rsquo;il touche une<\/p>\n","protected":false},"author":1,"featured_media":7137,"comment_status":"","ping_status":"","sticky":false,"template":"","format":"standard","meta":{"footnotes":""},"categories":[1],"tags":[61,1036,979,6523,1368,1523,953,6700],"class_list":["post-7136","post","type-post","status-publish","format-standard","has-post-thumbnail","hentry","category-non-classe","tag-avec","tag-bon","tag-creme","tag-frisson","tag-fromage","tag-marche","tag-obtenez","tag-sucree","generate-columns","tablet-grid-50","mobile-grid-100","grid-parent","grid-33"],"yoast_head":"<!-- This site is optimized with the Yoast SEO plugin v24.0 - https:\/\/yoast.com\/wordpress\/plugins\/seo\/ -->\n<title>Obtenez un frisson bon march\u00e9 avec du fromage \u00e0 la cr\u00e8me sucr\u00e9e | Vie Associative<\/title>\n<meta name=\"robots\" content=\"index, follow, max-snippet:-1, max-image-preview:large, max-video-preview:-1\" \/>\n<link rel=\"canonical\" href=\"https:\/\/vieassociative.be\/actualites\/obtenez-un-frisson-bon-marche-avec-du-fromage-a-la-creme-sucree\/\" \/>\n<meta property=\"og:locale\" content=\"fr_FR\" \/>\n<meta property=\"og:type\" content=\"article\" \/>\n<meta property=\"og:title\" content=\"Obtenez un frisson bon march\u00e9 avec du fromage \u00e0 la cr\u00e8me sucr\u00e9e | Vie Associative\" \/>\n<meta property=\"og:description\" content=\"Sur les fruits, sur le pain aux bananes, sur un biscuit nature &#8211; le fromage \u00e0 la cr\u00e8me sucr\u00e9 donne tout ce qu&rsquo;il touche une\" \/>\n<meta property=\"og:url\" content=\"https:\/\/vieassociative.be\/actualites\/obtenez-un-frisson-bon-marche-avec-du-fromage-a-la-creme-sucree\/\" \/>\n<meta property=\"og:site_name\" content=\"Vie Associative\" \/>\n<meta property=\"article:published_time\" content=\"2025-04-29T10:18:16+00:00\" \/>\n<meta property=\"og:image\" content=\"https:\/\/vieassociative.be\/actualites\/wp-content\/uploads\/2024\/09\/header_backgroundk-01-e1726694325946.png\" \/>\n\t<meta property=\"og:image:width\" content=\"279\" \/>\n\t<meta property=\"og:image:height\" content=\"92\" \/>\n\t<meta property=\"og:image:type\" content=\"image\/png\" \/>\n<meta name=\"author\" content=\"Julien\" \/>\n<meta name=\"twitter:card\" content=\"summary_large_image\" \/>\n<meta name=\"twitter:label1\" content=\"\u00c9crit par\" \/>\n\t<meta name=\"twitter:data1\" content=\"Julien\" \/>\n\t<meta name=\"twitter:label2\" content=\"Dur\u00e9e de lecture est.\" \/>\n\t<meta name=\"twitter:data2\" content=\"2 minutes\" \/>\n<script type=\"application\/ld+json\" class=\"yoast-schema-graph\">{\"@context\":\"https:\/\/schema.org\",\"@graph\":[{\"@type\":\"Article\",\"@id\":\"https:\/\/vieassociative.be\/actualites\/obtenez-un-frisson-bon-marche-avec-du-fromage-a-la-creme-sucree\/#article\",\"isPartOf\":{\"@id\":\"https:\/\/vieassociative.be\/actualites\/obtenez-un-frisson-bon-marche-avec-du-fromage-a-la-creme-sucree\/\"},\"author\":{\"name\":\"Julien\",\"@id\":\"https:\/\/vieassociative.be\/actualites\/#\/schema\/person\/b87ac4f82f9d4e7b7cec7395b679edc4\"},\"headline\":\"Obtenez un frisson bon march\u00e9 avec du fromage \u00e0 la cr\u00e8me sucr\u00e9e\",\"datePublished\":\"2025-04-29T10:18:16+00:00\",\"dateModified\":\"2025-04-29T10:18:16+00:00\",\"mainEntityOfPage\":{\"@id\":\"https:\/\/vieassociative.be\/actualites\/obtenez-un-frisson-bon-marche-avec-du-fromage-a-la-creme-sucree\/\"},\"wordCount\":455,\"publisher\":{\"@id\":\"https:\/\/vieassociative.be\/actualites\/#organization\"},\"image\":{\"@id\":\"https:\/\/vieassociative.be\/actualites\/obtenez-un-frisson-bon-marche-avec-du-fromage-a-la-creme-sucree\/#primaryimage\"},\"thumbnailUrl\":\"https:\/\/vieassociative.be\/actualites\/wp-content\/uploads\/2025\/04\/Obtenez-un-frisson-bon-marche-avec-du-fromage-a-la.jpg\",\"keywords\":[\"avec\",\"bon\",\"cr\u00e8me\",\"frisson\",\"fromage\",\"march\u00e9\",\"obtenez\",\"sucr\u00e9e\"],\"inLanguage\":\"fr-BE\"},{\"@type\":\"WebPage\",\"@id\":\"https:\/\/vieassociative.be\/actualites\/obtenez-un-frisson-bon-marche-avec-du-fromage-a-la-creme-sucree\/\",\"url\":\"https:\/\/vieassociative.be\/actualites\/obtenez-un-frisson-bon-marche-avec-du-fromage-a-la-creme-sucree\/\",\"name\":\"Obtenez un frisson bon march\u00e9 avec du fromage \u00e0 la cr\u00e8me sucr\u00e9e | Vie Associative\",\"isPartOf\":{\"@id\":\"https:\/\/vieassociative.be\/actualites\/#website\"},\"primaryImageOfPage\":{\"@id\":\"https:\/\/vieassociative.be\/actualites\/obtenez-un-frisson-bon-marche-avec-du-fromage-a-la-creme-sucree\/#primaryimage\"},\"image\":{\"@id\":\"https:\/\/vieassociative.be\/actualites\/obtenez-un-frisson-bon-marche-avec-du-fromage-a-la-creme-sucree\/#primaryimage\"},\"thumbnailUrl\":\"https:\/\/vieassociative.be\/actualites\/wp-content\/uploads\/2025\/04\/Obtenez-un-frisson-bon-marche-avec-du-fromage-a-la.jpg\",\"datePublished\":\"2025-04-29T10:18:16+00:00\",\"dateModified\":\"2025-04-29T10:18:16+00:00\",\"breadcrumb\":{\"@id\":\"https:\/\/vieassociative.be\/actualites\/obtenez-un-frisson-bon-marche-avec-du-fromage-a-la-creme-sucree\/#breadcrumb\"},\"inLanguage\":\"fr-BE\",\"potentialAction\":[{\"@type\":\"ReadAction\",\"target\":[\"https:\/\/vieassociative.be\/actualites\/obtenez-un-frisson-bon-marche-avec-du-fromage-a-la-creme-sucree\/\"]}]},{\"@type\":\"ImageObject\",\"inLanguage\":\"fr-BE\",\"@id\":\"https:\/\/vieassociative.be\/actualites\/obtenez-un-frisson-bon-marche-avec-du-fromage-a-la-creme-sucree\/#primaryimage\",\"url\":\"https:\/\/vieassociative.be\/actualites\/wp-content\/uploads\/2025\/04\/Obtenez-un-frisson-bon-marche-avec-du-fromage-a-la.jpg\",\"contentUrl\":\"https:\/\/vieassociative.be\/actualites\/wp-content\/uploads\/2025\/04\/Obtenez-un-frisson-bon-marche-avec-du-fromage-a-la.jpg\",\"width\":1200,\"height\":675,\"caption\":\"Obtenez un frisson bon march\u00e9 avec du fromage \u00e0 la cr\u00e8me sucr\u00e9e\"},{\"@type\":\"BreadcrumbList\",\"@id\":\"https:\/\/vieassociative.be\/actualites\/obtenez-un-frisson-bon-marche-avec-du-fromage-a-la-creme-sucree\/#breadcrumb\",\"itemListElement\":[{\"@type\":\"ListItem\",\"position\":1,\"name\":\"Accueil\",\"item\":\"https:\/\/vieassociative.be\/actualites\/\"},{\"@type\":\"ListItem\",\"position\":2,\"name\":\"Obtenez un frisson bon march\u00e9 avec du fromage \u00e0 la cr\u00e8me sucr\u00e9e\"}]},{\"@type\":\"WebSite\",\"@id\":\"https:\/\/vieassociative.be\/actualites\/#website\",\"url\":\"https:\/\/vieassociative.be\/actualites\/\",\"name\":\"Vie Associative\",\"description\":\"\",\"publisher\":{\"@id\":\"https:\/\/vieassociative.be\/actualites\/#organization\"},\"potentialAction\":[{\"@type\":\"SearchAction\",\"target\":{\"@type\":\"EntryPoint\",\"urlTemplate\":\"https:\/\/vieassociative.be\/actualites\/?s={search_term_string}\"},\"query-input\":{\"@type\":\"PropertyValueSpecification\",\"valueRequired\":true,\"valueName\":\"search_term_string\"}}],\"inLanguage\":\"fr-BE\"},{\"@type\":\"Organization\",\"@id\":\"https:\/\/vieassociative.be\/actualites\/#organization\",\"name\":\"Vie Associative\",\"url\":\"https:\/\/vieassociative.be\/actualites\/\",\"logo\":{\"@type\":\"ImageObject\",\"inLanguage\":\"fr-BE\",\"@id\":\"https:\/\/vieassociative.be\/actualites\/#\/schema\/logo\/image\/\",\"url\":\"https:\/\/vieassociative.be\/actualites\/wp-content\/uploads\/2024\/09\/cropped-vieassociative_favicon.ico.png\",\"contentUrl\":\"https:\/\/vieassociative.be\/actualites\/wp-content\/uploads\/2024\/09\/cropped-vieassociative_favicon.ico.png\",\"width\":512,\"height\":512,\"caption\":\"Vie Associative\"},\"image\":{\"@id\":\"https:\/\/vieassociative.be\/actualites\/#\/schema\/logo\/image\/\"}},{\"@type\":\"Person\",\"@id\":\"https:\/\/vieassociative.be\/actualites\/#\/schema\/person\/b87ac4f82f9d4e7b7cec7395b679edc4\",\"name\":\"Julien\",\"image\":{\"@type\":\"ImageObject\",\"inLanguage\":\"fr-BE\",\"@id\":\"https:\/\/vieassociative.be\/actualites\/#\/schema\/person\/image\/\",\"url\":\"https:\/\/vieassociative.be\/actualites\/wp-content\/uploads\/2024\/09\/vie-associative-1-150x150.jpg\",\"contentUrl\":\"https:\/\/vieassociative.be\/actualites\/wp-content\/uploads\/2024\/09\/vie-associative-1-150x150.jpg\",\"caption\":\"Julien\"},\"description\":\"Je suis Julien, r\u00e9dacteur pour Vie Associative. Passionn\u00e9 par le monde associatif depuis plus de 10 ans, j'ai \u00e0 c\u0153ur de partager des histoires inspirantes et de mettre en lumi\u00e8re les initiatives locales. Mon objectif est de sensibiliser et d'encourager l'engagement communautaire \u00e0 travers mes articles.\",\"sameAs\":[\"https:\/\/vieassociative.be\/\"]}]}<\/script>\n<!-- \/ Yoast SEO plugin. -->","yoast_head_json":{"title":"Obtenez un frisson bon march\u00e9 avec du fromage \u00e0 la cr\u00e8me sucr\u00e9e | Vie Associative","robots":{"index":"index","follow":"follow","max-snippet":"max-snippet:-1","max-image-preview":"max-image-preview:large","max-video-preview":"max-video-preview:-1"},"canonical":"https:\/\/vieassociative.be\/actualites\/obtenez-un-frisson-bon-marche-avec-du-fromage-a-la-creme-sucree\/","og_locale":"fr_FR","og_type":"article","og_title":"Obtenez un frisson bon march\u00e9 avec du fromage \u00e0 la cr\u00e8me sucr\u00e9e | Vie Associative","og_description":"Sur les fruits, sur le pain aux bananes, sur un biscuit nature &#8211; le fromage \u00e0 la cr\u00e8me sucr\u00e9 donne tout ce qu&rsquo;il touche une","og_url":"https:\/\/vieassociative.be\/actualites\/obtenez-un-frisson-bon-marche-avec-du-fromage-a-la-creme-sucree\/","og_site_name":"Vie Associative","article_published_time":"2025-04-29T10:18:16+00:00","og_image":[{"width":279,"height":92,"url":"https:\/\/vieassociative.be\/actualites\/wp-content\/uploads\/2024\/09\/header_backgroundk-01-e1726694325946.png","type":"image\/png"}],"author":"Julien","twitter_card":"summary_large_image","twitter_misc":{"\u00c9crit par":"Julien","Dur\u00e9e de lecture est.":"2 minutes"},"schema":{"@context":"https:\/\/schema.org","@graph":[{"@type":"Article","@id":"https:\/\/vieassociative.be\/actualites\/obtenez-un-frisson-bon-marche-avec-du-fromage-a-la-creme-sucree\/#article","isPartOf":{"@id":"https:\/\/vieassociative.be\/actualites\/obtenez-un-frisson-bon-marche-avec-du-fromage-a-la-creme-sucree\/"},"author":{"name":"Julien","@id":"https:\/\/vieassociative.be\/actualites\/#\/schema\/person\/b87ac4f82f9d4e7b7cec7395b679edc4"},"headline":"Obtenez un frisson bon march\u00e9 avec du fromage \u00e0 la cr\u00e8me sucr\u00e9e","datePublished":"2025-04-29T10:18:16+00:00","dateModified":"2025-04-29T10:18:16+00:00","mainEntityOfPage":{"@id":"https:\/\/vieassociative.be\/actualites\/obtenez-un-frisson-bon-marche-avec-du-fromage-a-la-creme-sucree\/"},"wordCount":455,"publisher":{"@id":"https:\/\/vieassociative.be\/actualites\/#organization"},"image":{"@id":"https:\/\/vieassociative.be\/actualites\/obtenez-un-frisson-bon-marche-avec-du-fromage-a-la-creme-sucree\/#primaryimage"},"thumbnailUrl":"https:\/\/vieassociative.be\/actualites\/wp-content\/uploads\/2025\/04\/Obtenez-un-frisson-bon-marche-avec-du-fromage-a-la.jpg","keywords":["avec","bon","cr\u00e8me","frisson","fromage","march\u00e9","obtenez","sucr\u00e9e"],"inLanguage":"fr-BE"},{"@type":"WebPage","@id":"https:\/\/vieassociative.be\/actualites\/obtenez-un-frisson-bon-marche-avec-du-fromage-a-la-creme-sucree\/","url":"https:\/\/vieassociative.be\/actualites\/obtenez-un-frisson-bon-marche-avec-du-fromage-a-la-creme-sucree\/","name":"Obtenez un frisson bon march\u00e9 avec du fromage \u00e0 la cr\u00e8me sucr\u00e9e | Vie Associative","isPartOf":{"@id":"https:\/\/vieassociative.be\/actualites\/#website"},"primaryImageOfPage":{"@id":"https:\/\/vieassociative.be\/actualites\/obtenez-un-frisson-bon-marche-avec-du-fromage-a-la-creme-sucree\/#primaryimage"},"image":{"@id":"https:\/\/vieassociative.be\/actualites\/obtenez-un-frisson-bon-marche-avec-du-fromage-a-la-creme-sucree\/#primaryimage"},"thumbnailUrl":"https:\/\/vieassociative.be\/actualites\/wp-content\/uploads\/2025\/04\/Obtenez-un-frisson-bon-marche-avec-du-fromage-a-la.jpg","datePublished":"2025-04-29T10:18:16+00:00","dateModified":"2025-04-29T10:18:16+00:00","breadcrumb":{"@id":"https:\/\/vieassociative.be\/actualites\/obtenez-un-frisson-bon-marche-avec-du-fromage-a-la-creme-sucree\/#breadcrumb"},"inLanguage":"fr-BE","potentialAction":[{"@type":"ReadAction","target":["https:\/\/vieassociative.be\/actualites\/obtenez-un-frisson-bon-marche-avec-du-fromage-a-la-creme-sucree\/"]}]},{"@type":"ImageObject","inLanguage":"fr-BE","@id":"https:\/\/vieassociative.be\/actualites\/obtenez-un-frisson-bon-marche-avec-du-fromage-a-la-creme-sucree\/#primaryimage","url":"https:\/\/vieassociative.be\/actualites\/wp-content\/uploads\/2025\/04\/Obtenez-un-frisson-bon-marche-avec-du-fromage-a-la.jpg","contentUrl":"https:\/\/vieassociative.be\/actualites\/wp-content\/uploads\/2025\/04\/Obtenez-un-frisson-bon-marche-avec-du-fromage-a-la.jpg","width":1200,"height":675,"caption":"Obtenez un frisson bon march\u00e9 avec du fromage \u00e0 la cr\u00e8me sucr\u00e9e"},{"@type":"BreadcrumbList","@id":"https:\/\/vieassociative.be\/actualites\/obtenez-un-frisson-bon-marche-avec-du-fromage-a-la-creme-sucree\/#breadcrumb","itemListElement":[{"@type":"ListItem","position":1,"name":"Accueil","item":"https:\/\/vieassociative.be\/actualites\/"},{"@type":"ListItem","position":2,"name":"Obtenez un frisson bon march\u00e9 avec du fromage \u00e0 la cr\u00e8me sucr\u00e9e"}]},{"@type":"WebSite","@id":"https:\/\/vieassociative.be\/actualites\/#website","url":"https:\/\/vieassociative.be\/actualites\/","name":"Vie Associative","description":"","publisher":{"@id":"https:\/\/vieassociative.be\/actualites\/#organization"},"potentialAction":[{"@type":"SearchAction","target":{"@type":"EntryPoint","urlTemplate":"https:\/\/vieassociative.be\/actualites\/?s={search_term_string}"},"query-input":{"@type":"PropertyValueSpecification","valueRequired":true,"valueName":"search_term_string"}}],"inLanguage":"fr-BE"},{"@type":"Organization","@id":"https:\/\/vieassociative.be\/actualites\/#organization","name":"Vie Associative","url":"https:\/\/vieassociative.be\/actualites\/","logo":{"@type":"ImageObject","inLanguage":"fr-BE","@id":"https:\/\/vieassociative.be\/actualites\/#\/schema\/logo\/image\/","url":"https:\/\/vieassociative.be\/actualites\/wp-content\/uploads\/2024\/09\/cropped-vieassociative_favicon.ico.png","contentUrl":"https:\/\/vieassociative.be\/actualites\/wp-content\/uploads\/2024\/09\/cropped-vieassociative_favicon.ico.png","width":512,"height":512,"caption":"Vie Associative"},"image":{"@id":"https:\/\/vieassociative.be\/actualites\/#\/schema\/logo\/image\/"}},{"@type":"Person","@id":"https:\/\/vieassociative.be\/actualites\/#\/schema\/person\/b87ac4f82f9d4e7b7cec7395b679edc4","name":"Julien","image":{"@type":"ImageObject","inLanguage":"fr-BE","@id":"https:\/\/vieassociative.be\/actualites\/#\/schema\/person\/image\/","url":"https:\/\/vieassociative.be\/actualites\/wp-content\/uploads\/2024\/09\/vie-associative-1-150x150.jpg","contentUrl":"https:\/\/vieassociative.be\/actualites\/wp-content\/uploads\/2024\/09\/vie-associative-1-150x150.jpg","caption":"Julien"},"description":"Je suis Julien, r\u00e9dacteur pour Vie Associative. Passionn\u00e9 par le monde associatif depuis plus de 10 ans, j'ai \u00e0 c\u0153ur de partager des histoires inspirantes et de mettre en lumi\u00e8re les initiatives locales. Mon objectif est de sensibiliser et d'encourager l'engagement communautaire \u00e0 travers mes articles.","sameAs":["https:\/\/vieassociative.be\/"]}]}},"_links":{"self":[{"href":"https:\/\/vieassociative.be\/actualites\/wp-json\/wp\/v2\/posts\/7136"}],"collection":[{"href":"https:\/\/vieassociative.be\/actualites\/wp-json\/wp\/v2\/posts"}],"about":[{"href":"https:\/\/vieassociative.be\/actualites\/wp-json\/wp\/v2\/types\/post"}],"author":[{"embeddable":true,"href":"https:\/\/vieassociative.be\/actualites\/wp-json\/wp\/v2\/users\/1"}],"replies":[{"embeddable":true,"href":"https:\/\/vieassociative.be\/actualites\/wp-json\/wp\/v2\/comments?post=7136"}],"version-history":[{"count":0,"href":"https:\/\/vieassociative.be\/actualites\/wp-json\/wp\/v2\/posts\/7136\/revisions"}],"wp:featuredmedia":[{"embeddable":true,"href":"https:\/\/vieassociative.be\/actualites\/wp-json\/wp\/v2\/media\/7137"}],"wp:attachment":[{"href":"https:\/\/vieassociative.be\/actualites\/wp-json\/wp\/v2\/media?parent=7136"}],"wp:term":[{"taxonomy":"category","embeddable":true,"href":"https:\/\/vieassociative.be\/actualites\/wp-json\/wp\/v2\/categories?post=7136"},{"taxonomy":"post_tag","embeddable":true,"href":"https:\/\/vieassociative.be\/actualites\/wp-json\/wp\/v2\/tags?post=7136"}],"curies":[{"name":"wp","href":"https:\/\/api.w.org\/{rel}","templated":true}]}}