{"id":7134,"date":"2025-04-29T10:17:38","date_gmt":"2025-04-29T08:17:38","guid":{"rendered":"https:\/\/vieassociative.be\/actualites\/soleil-plein-wetzlarbad-ouvre-ses-installations-exterieures\/"},"modified":"2025-04-29T10:17:38","modified_gmt":"2025-04-29T08:17:38","slug":"soleil-plein-wetzlarbad-ouvre-ses-installations-exterieures","status":"publish","type":"post","link":"https:\/\/vieassociative.be\/actualites\/soleil-plein-wetzlarbad-ouvre-ses-installations-exterieures\/","title":{"rendered":"Soleil plein: Wetzlarbad ouvre ses installations ext\u00e9rieures"},"content":{"rendered":"<p><strong>Il se r\u00e9chauffe. Cela a incit\u00e9 la Direction de l&rsquo;Eupen Wetzlarbad \u00e0 ouvrir les installations ext\u00e9rieures de cette semaine de vacances, qui tombe \u00e9galement dans les vacances du 1er mai.<\/strong><\/p>\n<p><span id=\"more-414410\"><\/span>Cela a annonc\u00e9 que Bertrand Thieffry, directeur du centre de Lago Eupen Wetzlarbad, mardi matin.<\/p>\n<p>Cet apr\u00e8s-midi, le soleil en a marre. Les temp\u00e9ratures fluctuent entre 20 et 23 degr\u00e9s, rapporte le KGL. Institut m\u00e9t\u00e9orologique \u00e0 UCCLE.<\/p>\n<div id=\"attachment_219729\" class=\"wp-caption alignleft\" style=\"max-width: 268px\"><img fetchpriority=\"high\" decoding=\"async\" class=\"wp-image-219729 size-medium\" src=\"https:\/\/vieassociative.be\/actualites\/wp-content\/uploads\/2025\/04\/Soleil-plein-Wetzlarbad-ouvre-ses-installations-exterieures.jpeg\" alt=\"\" width=\"268\" height=\"300\"  ><\/p>\n<p class=\"wp-caption-text\">Bertrand Thieffry, directeur du centre du Lago Eupen Wetzlarbad.<\/p>\n<\/div>\n<p>Demain mercredi avec un temps chaud pour la saison avec des valeurs comprises entre 21 et 26 degr\u00e9s. Cela pourrait faire des temp\u00e9ratures estivales pour la premi\u00e8re fois cette ann\u00e9e.<\/p>\n<p>Jeudi, les vacances du 1er mai, il se r\u00e9chauffe en \u00e9t\u00e9. Les temp\u00e9ratures maximales passent \u00e0 22 \u00e0 27 degr\u00e9s. Ce sera probablement le jour le plus chaud de la semaine.<\/p>\n<p>Une jolie belle journ\u00e9e nous attend vendredi. Les temp\u00e9ratures sont l\u00e9g\u00e8rement en baisse, mais toujours tr\u00e8s agr\u00e9ables \u00e0 22 \u00e0 25 degr\u00e9s.<\/p>\n<p>Il reste ensoleill\u00e9 samedi, bien qu&rsquo;il y ait des nuages \u200b\u200bde printemps dans le ciel pendant la journ\u00e9e. Un orage peut \u00e9clater localement. La chaleur remonte \u00e0 20 \u00e0 24 degr\u00e9s. Le courant change dans le nord-est dimanche, de sorte que les temp\u00e9ratures continuent de baisser. Il devient m\u00eame assez frais dans un ciel nuageux global, mais reste sec. Les temp\u00e9ratures maximales remontent \u00e0 14 \u00e0 16 degr\u00e9s. (Cre)<\/p>\n","protected":false},"excerpt":{"rendered":"<p>Il se r\u00e9chauffe. Cela a incit\u00e9 la Direction de l&rsquo;Eupen Wetzlarbad \u00e0 ouvrir les installations ext\u00e9rieures de cette semaine de vacances, qui tombe \u00e9galement dans<\/p>\n","protected":false},"author":1,"featured_media":7135,"comment_status":"","ping_status":"","sticky":false,"template":"","format":"standard","meta":{"footnotes":""},"categories":[298],"tags":[3520,6699,3760,3734,1055,5635,4722],"class_list":["post-7134","post","type-post","status-publish","format-standard","has-post-thumbnail","hentry","category-belgique","tag-exterieures","tag-installations","tag-ouvre","tag-plein","tag-ses","tag-soleil","tag-wetzlarbad","generate-columns","tablet-grid-50","mobile-grid-100","grid-parent","grid-33"],"yoast_head":"<!-- This site is optimized with the Yoast SEO plugin v24.0 - https:\/\/yoast.com\/wordpress\/plugins\/seo\/ -->\n<title>Soleil plein: Wetzlarbad ouvre ses installations ext\u00e9rieures | Vie Associative<\/title>\n<meta name=\"robots\" content=\"index, follow, max-snippet:-1, max-image-preview:large, max-video-preview:-1\" \/>\n<link rel=\"canonical\" href=\"https:\/\/vieassociative.be\/actualites\/soleil-plein-wetzlarbad-ouvre-ses-installations-exterieures\/\" \/>\n<meta property=\"og:locale\" content=\"fr_FR\" \/>\n<meta property=\"og:type\" content=\"article\" \/>\n<meta property=\"og:title\" content=\"Soleil plein: Wetzlarbad ouvre ses installations ext\u00e9rieures | Vie Associative\" \/>\n<meta property=\"og:description\" content=\"Il se r\u00e9chauffe. Cela a incit\u00e9 la Direction de l&rsquo;Eupen Wetzlarbad \u00e0 ouvrir les installations ext\u00e9rieures de cette semaine de vacances, qui tombe \u00e9galement dans\" \/>\n<meta property=\"og:url\" content=\"https:\/\/vieassociative.be\/actualites\/soleil-plein-wetzlarbad-ouvre-ses-installations-exterieures\/\" \/>\n<meta property=\"og:site_name\" content=\"Vie Associative\" \/>\n<meta property=\"article:published_time\" content=\"2025-04-29T08:17:38+00:00\" \/>\n<meta property=\"og:image\" content=\"https:\/\/vieassociative.be\/actualites\/wp-content\/uploads\/2024\/09\/header_backgroundk-01-e1726694325946.png\" \/>\n\t<meta property=\"og:image:width\" content=\"279\" \/>\n\t<meta property=\"og:image:height\" content=\"92\" \/>\n\t<meta property=\"og:image:type\" content=\"image\/png\" \/>\n<meta name=\"author\" content=\"Julien\" \/>\n<meta name=\"twitter:card\" content=\"summary_large_image\" \/>\n<meta name=\"twitter:label1\" content=\"\u00c9crit par\" \/>\n\t<meta name=\"twitter:data1\" content=\"Julien\" \/>\n\t<meta name=\"twitter:label2\" content=\"Dur\u00e9e de lecture est.\" \/>\n\t<meta name=\"twitter:data2\" content=\"1 minute\" \/>\n<script type=\"application\/ld+json\" class=\"yoast-schema-graph\">{\"@context\":\"https:\/\/schema.org\",\"@graph\":[{\"@type\":\"Article\",\"@id\":\"https:\/\/vieassociative.be\/actualites\/soleil-plein-wetzlarbad-ouvre-ses-installations-exterieures\/#article\",\"isPartOf\":{\"@id\":\"https:\/\/vieassociative.be\/actualites\/soleil-plein-wetzlarbad-ouvre-ses-installations-exterieures\/\"},\"author\":{\"name\":\"Julien\",\"@id\":\"https:\/\/vieassociative.be\/actualites\/#\/schema\/person\/b87ac4f82f9d4e7b7cec7395b679edc4\"},\"headline\":\"Soleil plein: Wetzlarbad ouvre ses installations ext\u00e9rieures\",\"datePublished\":\"2025-04-29T08:17:38+00:00\",\"dateModified\":\"2025-04-29T08:17:38+00:00\",\"mainEntityOfPage\":{\"@id\":\"https:\/\/vieassociative.be\/actualites\/soleil-plein-wetzlarbad-ouvre-ses-installations-exterieures\/\"},\"wordCount\":243,\"publisher\":{\"@id\":\"https:\/\/vieassociative.be\/actualites\/#organization\"},\"image\":{\"@id\":\"https:\/\/vieassociative.be\/actualites\/soleil-plein-wetzlarbad-ouvre-ses-installations-exterieures\/#primaryimage\"},\"thumbnailUrl\":\"https:\/\/vieassociative.be\/actualites\/wp-content\/uploads\/2025\/04\/Soleil-plein-Wetzlarbad-ouvre-ses-installations-exterieures.jpg\",\"keywords\":[\"ext\u00e9rieures\",\"installations\",\"ouvre\",\"plein\",\"ses\",\"soleil\",\"Wetzlarbad\"],\"articleSection\":[\"Belgique\"],\"inLanguage\":\"fr-BE\"},{\"@type\":\"WebPage\",\"@id\":\"https:\/\/vieassociative.be\/actualites\/soleil-plein-wetzlarbad-ouvre-ses-installations-exterieures\/\",\"url\":\"https:\/\/vieassociative.be\/actualites\/soleil-plein-wetzlarbad-ouvre-ses-installations-exterieures\/\",\"name\":\"Soleil plein: Wetzlarbad ouvre ses installations ext\u00e9rieures | Vie Associative\",\"isPartOf\":{\"@id\":\"https:\/\/vieassociative.be\/actualites\/#website\"},\"primaryImageOfPage\":{\"@id\":\"https:\/\/vieassociative.be\/actualites\/soleil-plein-wetzlarbad-ouvre-ses-installations-exterieures\/#primaryimage\"},\"image\":{\"@id\":\"https:\/\/vieassociative.be\/actualites\/soleil-plein-wetzlarbad-ouvre-ses-installations-exterieures\/#primaryimage\"},\"thumbnailUrl\":\"https:\/\/vieassociative.be\/actualites\/wp-content\/uploads\/2025\/04\/Soleil-plein-Wetzlarbad-ouvre-ses-installations-exterieures.jpg\",\"datePublished\":\"2025-04-29T08:17:38+00:00\",\"dateModified\":\"2025-04-29T08:17:38+00:00\",\"breadcrumb\":{\"@id\":\"https:\/\/vieassociative.be\/actualites\/soleil-plein-wetzlarbad-ouvre-ses-installations-exterieures\/#breadcrumb\"},\"inLanguage\":\"fr-BE\",\"potentialAction\":[{\"@type\":\"ReadAction\",\"target\":[\"https:\/\/vieassociative.be\/actualites\/soleil-plein-wetzlarbad-ouvre-ses-installations-exterieures\/\"]}]},{\"@type\":\"ImageObject\",\"inLanguage\":\"fr-BE\",\"@id\":\"https:\/\/vieassociative.be\/actualites\/soleil-plein-wetzlarbad-ouvre-ses-installations-exterieures\/#primaryimage\",\"url\":\"https:\/\/vieassociative.be\/actualites\/wp-content\/uploads\/2025\/04\/Soleil-plein-Wetzlarbad-ouvre-ses-installations-exterieures.jpg\",\"contentUrl\":\"https:\/\/vieassociative.be\/actualites\/wp-content\/uploads\/2025\/04\/Soleil-plein-Wetzlarbad-ouvre-ses-installations-exterieures.jpg\",\"width\":1200,\"height\":802,\"caption\":\"Soleil plein: Wetzlarbad ouvre ses installations ext\u00e9rieures\"},{\"@type\":\"BreadcrumbList\",\"@id\":\"https:\/\/vieassociative.be\/actualites\/soleil-plein-wetzlarbad-ouvre-ses-installations-exterieures\/#breadcrumb\",\"itemListElement\":[{\"@type\":\"ListItem\",\"position\":1,\"name\":\"Accueil\",\"item\":\"https:\/\/vieassociative.be\/actualites\/\"},{\"@type\":\"ListItem\",\"position\":2,\"name\":\"Soleil plein: Wetzlarbad ouvre ses installations ext\u00e9rieures\"}]},{\"@type\":\"WebSite\",\"@id\":\"https:\/\/vieassociative.be\/actualites\/#website\",\"url\":\"https:\/\/vieassociative.be\/actualites\/\",\"name\":\"Vie Associative\",\"description\":\"\",\"publisher\":{\"@id\":\"https:\/\/vieassociative.be\/actualites\/#organization\"},\"potentialAction\":[{\"@type\":\"SearchAction\",\"target\":{\"@type\":\"EntryPoint\",\"urlTemplate\":\"https:\/\/vieassociative.be\/actualites\/?s={search_term_string}\"},\"query-input\":{\"@type\":\"PropertyValueSpecification\",\"valueRequired\":true,\"valueName\":\"search_term_string\"}}],\"inLanguage\":\"fr-BE\"},{\"@type\":\"Organization\",\"@id\":\"https:\/\/vieassociative.be\/actualites\/#organization\",\"name\":\"Vie Associative\",\"url\":\"https:\/\/vieassociative.be\/actualites\/\",\"logo\":{\"@type\":\"ImageObject\",\"inLanguage\":\"fr-BE\",\"@id\":\"https:\/\/vieassociative.be\/actualites\/#\/schema\/logo\/image\/\",\"url\":\"https:\/\/vieassociative.be\/actualites\/wp-content\/uploads\/2024\/09\/cropped-vieassociative_favicon.ico.png\",\"contentUrl\":\"https:\/\/vieassociative.be\/actualites\/wp-content\/uploads\/2024\/09\/cropped-vieassociative_favicon.ico.png\",\"width\":512,\"height\":512,\"caption\":\"Vie Associative\"},\"image\":{\"@id\":\"https:\/\/vieassociative.be\/actualites\/#\/schema\/logo\/image\/\"}},{\"@type\":\"Person\",\"@id\":\"https:\/\/vieassociative.be\/actualites\/#\/schema\/person\/b87ac4f82f9d4e7b7cec7395b679edc4\",\"name\":\"Julien\",\"image\":{\"@type\":\"ImageObject\",\"inLanguage\":\"fr-BE\",\"@id\":\"https:\/\/vieassociative.be\/actualites\/#\/schema\/person\/image\/\",\"url\":\"https:\/\/vieassociative.be\/actualites\/wp-content\/uploads\/2024\/09\/vie-associative-1-150x150.jpg\",\"contentUrl\":\"https:\/\/vieassociative.be\/actualites\/wp-content\/uploads\/2024\/09\/vie-associative-1-150x150.jpg\",\"caption\":\"Julien\"},\"description\":\"Je suis Julien, r\u00e9dacteur pour Vie Associative. Passionn\u00e9 par le monde associatif depuis plus de 10 ans, j'ai \u00e0 c\u0153ur de partager des histoires inspirantes et de mettre en lumi\u00e8re les initiatives locales. Mon objectif est de sensibiliser et d'encourager l'engagement communautaire \u00e0 travers mes articles.\",\"sameAs\":[\"https:\/\/vieassociative.be\/\"]}]}<\/script>\n<!-- \/ Yoast SEO plugin. -->","yoast_head_json":{"title":"Soleil plein: Wetzlarbad ouvre ses installations ext\u00e9rieures | Vie Associative","robots":{"index":"index","follow":"follow","max-snippet":"max-snippet:-1","max-image-preview":"max-image-preview:large","max-video-preview":"max-video-preview:-1"},"canonical":"https:\/\/vieassociative.be\/actualites\/soleil-plein-wetzlarbad-ouvre-ses-installations-exterieures\/","og_locale":"fr_FR","og_type":"article","og_title":"Soleil plein: Wetzlarbad ouvre ses installations ext\u00e9rieures | Vie Associative","og_description":"Il se r\u00e9chauffe. Cela a incit\u00e9 la Direction de l&rsquo;Eupen Wetzlarbad \u00e0 ouvrir les installations ext\u00e9rieures de cette semaine de vacances, qui tombe \u00e9galement dans","og_url":"https:\/\/vieassociative.be\/actualites\/soleil-plein-wetzlarbad-ouvre-ses-installations-exterieures\/","og_site_name":"Vie Associative","article_published_time":"2025-04-29T08:17:38+00:00","og_image":[{"width":279,"height":92,"url":"https:\/\/vieassociative.be\/actualites\/wp-content\/uploads\/2024\/09\/header_backgroundk-01-e1726694325946.png","type":"image\/png"}],"author":"Julien","twitter_card":"summary_large_image","twitter_misc":{"\u00c9crit par":"Julien","Dur\u00e9e de lecture est.":"1 minute"},"schema":{"@context":"https:\/\/schema.org","@graph":[{"@type":"Article","@id":"https:\/\/vieassociative.be\/actualites\/soleil-plein-wetzlarbad-ouvre-ses-installations-exterieures\/#article","isPartOf":{"@id":"https:\/\/vieassociative.be\/actualites\/soleil-plein-wetzlarbad-ouvre-ses-installations-exterieures\/"},"author":{"name":"Julien","@id":"https:\/\/vieassociative.be\/actualites\/#\/schema\/person\/b87ac4f82f9d4e7b7cec7395b679edc4"},"headline":"Soleil plein: Wetzlarbad ouvre ses installations ext\u00e9rieures","datePublished":"2025-04-29T08:17:38+00:00","dateModified":"2025-04-29T08:17:38+00:00","mainEntityOfPage":{"@id":"https:\/\/vieassociative.be\/actualites\/soleil-plein-wetzlarbad-ouvre-ses-installations-exterieures\/"},"wordCount":243,"publisher":{"@id":"https:\/\/vieassociative.be\/actualites\/#organization"},"image":{"@id":"https:\/\/vieassociative.be\/actualites\/soleil-plein-wetzlarbad-ouvre-ses-installations-exterieures\/#primaryimage"},"thumbnailUrl":"https:\/\/vieassociative.be\/actualites\/wp-content\/uploads\/2025\/04\/Soleil-plein-Wetzlarbad-ouvre-ses-installations-exterieures.jpg","keywords":["ext\u00e9rieures","installations","ouvre","plein","ses","soleil","Wetzlarbad"],"articleSection":["Belgique"],"inLanguage":"fr-BE"},{"@type":"WebPage","@id":"https:\/\/vieassociative.be\/actualites\/soleil-plein-wetzlarbad-ouvre-ses-installations-exterieures\/","url":"https:\/\/vieassociative.be\/actualites\/soleil-plein-wetzlarbad-ouvre-ses-installations-exterieures\/","name":"Soleil plein: Wetzlarbad ouvre ses installations ext\u00e9rieures | Vie Associative","isPartOf":{"@id":"https:\/\/vieassociative.be\/actualites\/#website"},"primaryImageOfPage":{"@id":"https:\/\/vieassociative.be\/actualites\/soleil-plein-wetzlarbad-ouvre-ses-installations-exterieures\/#primaryimage"},"image":{"@id":"https:\/\/vieassociative.be\/actualites\/soleil-plein-wetzlarbad-ouvre-ses-installations-exterieures\/#primaryimage"},"thumbnailUrl":"https:\/\/vieassociative.be\/actualites\/wp-content\/uploads\/2025\/04\/Soleil-plein-Wetzlarbad-ouvre-ses-installations-exterieures.jpg","datePublished":"2025-04-29T08:17:38+00:00","dateModified":"2025-04-29T08:17:38+00:00","breadcrumb":{"@id":"https:\/\/vieassociative.be\/actualites\/soleil-plein-wetzlarbad-ouvre-ses-installations-exterieures\/#breadcrumb"},"inLanguage":"fr-BE","potentialAction":[{"@type":"ReadAction","target":["https:\/\/vieassociative.be\/actualites\/soleil-plein-wetzlarbad-ouvre-ses-installations-exterieures\/"]}]},{"@type":"ImageObject","inLanguage":"fr-BE","@id":"https:\/\/vieassociative.be\/actualites\/soleil-plein-wetzlarbad-ouvre-ses-installations-exterieures\/#primaryimage","url":"https:\/\/vieassociative.be\/actualites\/wp-content\/uploads\/2025\/04\/Soleil-plein-Wetzlarbad-ouvre-ses-installations-exterieures.jpg","contentUrl":"https:\/\/vieassociative.be\/actualites\/wp-content\/uploads\/2025\/04\/Soleil-plein-Wetzlarbad-ouvre-ses-installations-exterieures.jpg","width":1200,"height":802,"caption":"Soleil plein: Wetzlarbad ouvre ses installations ext\u00e9rieures"},{"@type":"BreadcrumbList","@id":"https:\/\/vieassociative.be\/actualites\/soleil-plein-wetzlarbad-ouvre-ses-installations-exterieures\/#breadcrumb","itemListElement":[{"@type":"ListItem","position":1,"name":"Accueil","item":"https:\/\/vieassociative.be\/actualites\/"},{"@type":"ListItem","position":2,"name":"Soleil plein: Wetzlarbad ouvre ses installations ext\u00e9rieures"}]},{"@type":"WebSite","@id":"https:\/\/vieassociative.be\/actualites\/#website","url":"https:\/\/vieassociative.be\/actualites\/","name":"Vie Associative","description":"","publisher":{"@id":"https:\/\/vieassociative.be\/actualites\/#organization"},"potentialAction":[{"@type":"SearchAction","target":{"@type":"EntryPoint","urlTemplate":"https:\/\/vieassociative.be\/actualites\/?s={search_term_string}"},"query-input":{"@type":"PropertyValueSpecification","valueRequired":true,"valueName":"search_term_string"}}],"inLanguage":"fr-BE"},{"@type":"Organization","@id":"https:\/\/vieassociative.be\/actualites\/#organization","name":"Vie Associative","url":"https:\/\/vieassociative.be\/actualites\/","logo":{"@type":"ImageObject","inLanguage":"fr-BE","@id":"https:\/\/vieassociative.be\/actualites\/#\/schema\/logo\/image\/","url":"https:\/\/vieassociative.be\/actualites\/wp-content\/uploads\/2024\/09\/cropped-vieassociative_favicon.ico.png","contentUrl":"https:\/\/vieassociative.be\/actualites\/wp-content\/uploads\/2024\/09\/cropped-vieassociative_favicon.ico.png","width":512,"height":512,"caption":"Vie Associative"},"image":{"@id":"https:\/\/vieassociative.be\/actualites\/#\/schema\/logo\/image\/"}},{"@type":"Person","@id":"https:\/\/vieassociative.be\/actualites\/#\/schema\/person\/b87ac4f82f9d4e7b7cec7395b679edc4","name":"Julien","image":{"@type":"ImageObject","inLanguage":"fr-BE","@id":"https:\/\/vieassociative.be\/actualites\/#\/schema\/person\/image\/","url":"https:\/\/vieassociative.be\/actualites\/wp-content\/uploads\/2024\/09\/vie-associative-1-150x150.jpg","contentUrl":"https:\/\/vieassociative.be\/actualites\/wp-content\/uploads\/2024\/09\/vie-associative-1-150x150.jpg","caption":"Julien"},"description":"Je suis Julien, r\u00e9dacteur pour Vie Associative. Passionn\u00e9 par le monde associatif depuis plus de 10 ans, j'ai \u00e0 c\u0153ur de partager des histoires inspirantes et de mettre en lumi\u00e8re les initiatives locales. Mon objectif est de sensibiliser et d'encourager l'engagement communautaire \u00e0 travers mes articles.","sameAs":["https:\/\/vieassociative.be\/"]}]}},"_links":{"self":[{"href":"https:\/\/vieassociative.be\/actualites\/wp-json\/wp\/v2\/posts\/7134"}],"collection":[{"href":"https:\/\/vieassociative.be\/actualites\/wp-json\/wp\/v2\/posts"}],"about":[{"href":"https:\/\/vieassociative.be\/actualites\/wp-json\/wp\/v2\/types\/post"}],"author":[{"embeddable":true,"href":"https:\/\/vieassociative.be\/actualites\/wp-json\/wp\/v2\/users\/1"}],"replies":[{"embeddable":true,"href":"https:\/\/vieassociative.be\/actualites\/wp-json\/wp\/v2\/comments?post=7134"}],"version-history":[{"count":0,"href":"https:\/\/vieassociative.be\/actualites\/wp-json\/wp\/v2\/posts\/7134\/revisions"}],"wp:featuredmedia":[{"embeddable":true,"href":"https:\/\/vieassociative.be\/actualites\/wp-json\/wp\/v2\/media\/7135"}],"wp:attachment":[{"href":"https:\/\/vieassociative.be\/actualites\/wp-json\/wp\/v2\/media?parent=7134"}],"wp:term":[{"taxonomy":"category","embeddable":true,"href":"https:\/\/vieassociative.be\/actualites\/wp-json\/wp\/v2\/categories?post=7134"},{"taxonomy":"post_tag","embeddable":true,"href":"https:\/\/vieassociative.be\/actualites\/wp-json\/wp\/v2\/tags?post=7134"}],"curies":[{"name":"wp","href":"https:\/\/api.w.org\/{rel}","templated":true}]}}