{"id":713,"date":"2024-10-01T05:28:49","date_gmt":"2024-10-01T03:28:49","guid":{"rendered":"https:\/\/vieassociative.be\/actualites\/devriez-vous-acheter-lasus-rog-ally-z1-ou-le-z1-extreme\/"},"modified":"2024-10-01T05:28:49","modified_gmt":"2024-10-01T03:28:49","slug":"devriez-vous-acheter-lasus-rog-ally-z1-ou-le-z1-extreme","status":"publish","type":"post","link":"https:\/\/vieassociative.be\/actualites\/devriez-vous-acheter-lasus-rog-ally-z1-ou-le-z1-extreme\/","title":{"rendered":"Devriez-vous acheter l\u2019ASUS ROG Ally Z1 ou le Z1 Extreme ?"},"content":{"rendered":"<div class=\"mt-4 leading-6 md:mb-8\">Bien que les deux appareils offrent des jeux portables d\u00e9cents, le Z1 Extreme l&#8217;emporte sur son fr\u00e8re moins cher.<\/div>\n<p><\/p>\n<p>L&rsquo;ASUS ROG Ally Z1 Extreme a \u00e9t\u00e9 rapidement surnomm\u00e9 \u00ab le tueur du Steam Deck \u00bb lors de son lancement plus t\u00f4t cette ann\u00e9e, offrant de meilleures performances que le Steam Deck, un \u00e9cran de r\u00e9solution plus \u00e9lev\u00e9e et un acc\u00e8s facile \u00e0 la version compl\u00e8te de Windows 11.<\/p>\n<p>Mais maintenant que la soci\u00e9t\u00e9 a propos\u00e9 une version moins ch\u00e8re et moins puissante, ceux qui ach\u00e8tent un ordinateur de poche ROG Ally doivent choisir entre le Z1 ou le Z1 Extreme. Mais en quoi sont-ils diff\u00e9rents ? Et est-ce vraiment important de savoir lequel vous obtenez ? <\/p>\n<p>Apr\u00e8s avoir pass\u00e9 deux semaines \u00e0 bricoler les Z1 et Z1 Extreme, je suis convaincu que <em>absolument<\/em> compte celui que vous achetez.<\/p>\n<h2 id=\"design-and-pricing\">Conception et prix<\/h2>\n<p>S&rsquo;ils sont plac\u00e9s c\u00f4te \u00e0 c\u00f4te, vous aurez du mal \u00e0 distinguer le Z1 du Z1 Extreme sans chercher le petit autocollant au bas de l&rsquo;ordinateur de poche. C&rsquo;est parce qu&rsquo;ASUS a fourni le m\u00eame design ext\u00e9rieur pour ces deux ordinateurs de poche, et c&rsquo;est une bonne chose, car le design est g\u00e9nial.<\/p>\n<p>Ces deux appareils sont des appareils portables solides qui ne semblent pas trop lourds dans vos mains et sont faciles \u00e0 tenir pendant une p\u00e9riode prolong\u00e9e. (La couleur blanche est \u00e9galement agr\u00e9able.) L&#8217;emplacement des joysticks, des boutons et des d\u00e9clencheurs est id\u00e9al, car vous pouvez vous d\u00e9placer dans l&rsquo;ordinateur de poche sans avoir \u00e0 vous d\u00e9gourdir les doigts de mani\u00e8re inconfortable.<\/p>\n<p>Mais l\u00e0 o\u00f9 le design est le m\u00eame, le prix est diff\u00e9rent. Bien qu&rsquo;ils puissent para\u00eetre identiques, \u00e0 600 $, l&rsquo;ASUS ROG Ally Z1 co\u00fbte 100 $ de moins que le Z1 Extreme. Bien que 100 $ soit une diff\u00e9rence significative, si vous envisagez de d\u00e9penser de l&rsquo;argent pour un appareil comme celui-ci, je vous recommande d&rsquo;aller de l&rsquo;avant et d&rsquo;acqu\u00e9rir le Z1 Extreme, juste pour les performances suppl\u00e9mentaires. <\/p>\n<h2 id=\"how-the-rog-ally-z1-and-z1-extreme-perform\">Comment fonctionnent les ROG Ally Z1 et Z1 Extreme<\/h2>\n<p>C\u2019est vraiment l\u00e0 que l\u2019on commence \u00e0 voir les diff\u00e9rences entre les deux appareils. Si vous d\u00e9boursez 100 $ suppl\u00e9mentaires pour le Z1 Extreme, vous obtiendrez des c\u0153urs suppl\u00e9mentaires sur le CPU et le GPU. Bien que cela puisse ressembler \u00e0 un bavardage techno \u00e9ph\u00e9m\u00e8re, en pratique, cela fait une r\u00e9elle diff\u00e9rence lorsque vous essayez de jouer \u00e0 des jeux AAA comme <em>Red Dead R\u00e9demption 2<\/em> ou <em>Champ d&rsquo;\u00e9toiles. <\/em>Le Z1 Extreme b\u00e9n\u00e9ficie v\u00e9ritablement de ces noyaux de performances suppl\u00e9mentaires.<\/p>\n<p>Les deux appareils offrent le m\u00eame SSD interne de 512 Go, ainsi que le m\u00eame \u00e9cran 1080p avec un taux de rafra\u00eechissement allant jusqu&rsquo;\u00e0 120 Hz. Mais si vous souhaitez tirer le meilleur parti de ce taux de rafra\u00eechissement, le Z1 Extreme est la seule solution. (J&rsquo;ai r\u00e9cemment examin\u00e9 l&rsquo;Asus ROG Ally Z1, et m\u00eame si ce n&rsquo;est en aucun cas un mauvais appareil, je suis reparti un peu d\u00e9\u00e7u par ses capacit\u00e9s.)<\/p>\n<p>Bien que les deux appareils offrent un acc\u00e8s complet \u00e0 Windows 11, il n&rsquo;est pas toujours facile de s&rsquo;y retrouver et les jeux sont souvent lents sur la puce plus lente du Z1. En testant ces m\u00eames jeux sur le Z1 Extreme, j\u2019ai pu y jouer de mani\u00e8re plus fiable sans avoir \u00e0 modifier les param\u00e8tres. Sur le Z1 Extreme, par exemple, j&rsquo;ai jou\u00e9 <em>Champ d&rsquo;\u00e9toiles<\/em> \u00e0 un 30FPS relativement fiable, bien qu&rsquo;avec quelques baisses ici et l\u00e0. Ce n&rsquo;est pas <em>incroyable<\/em>mais le Z1 standard avait du mal \u00e0 le lire \u00e0 15 FPS, et je devais souvent attendre plusieurs minutes pour que le syst\u00e8me rattrape ce que j&rsquo;essayais de faire. (Le Steam Deck, qui fonctionne quelque part entre le Z1 et le Z1 Extreme, a pu g\u00e9rer <em>Champ d&rsquo;\u00e9toiles<\/em> \u00e0 environ 30 FPS \u00e9galement, bien qu&rsquo;il ait subi plus de baisses que le Z1 Extreme.)<\/p>\n<p>Pour \u00eatre honn\u00eate, de tels probl\u00e8mes sont pr\u00e9visibles avec des ordinateurs de poche comme ceux-ci : aucun ordinateur de poche n&rsquo;offrira le m\u00eame niveau de performances que celui que l&rsquo;on attend d&rsquo;un ordinateur de bureau plus cher ou m\u00eame d&rsquo;un ordinateur portable de jeu. Mais si vous souhaitez pouvoir jouer \u00e0 plus de jeux avec moins de probl\u00e8mes, l&rsquo;ASUS ROG Ally Z1 Extreme est certainement le meilleur choix.<\/p>\n<p>Cependant, si vous envisagez simplement de jouer \u00e0 des jeux ind\u00e9pendants peu exigeants et que les temps de r\u00e9ponse ne vous d\u00e9rangent pas, l&rsquo;Asus ROG Ally Z1 reste un choix solide. Il est tout simplement difficile de le recommander \u00e0 son fr\u00e8re l\u00e9g\u00e8rement plus cher.<\/p>\n","protected":false},"excerpt":{"rendered":"<p>Bien que les deux appareils offrent des jeux portables d\u00e9cents, le Z1 Extreme l&#8217;emporte sur son fr\u00e8re moins cher. L&rsquo;ASUS ROG Ally Z1 Extreme a<\/p>\n","protected":false},"author":1,"featured_media":714,"comment_status":"","ping_status":"","sticky":false,"template":"","format":"standard","meta":{"footnotes":""},"categories":[36],"tags":[428,1125,1078,1139,1123,1124],"class_list":["post-713","post","type-post","status-publish","format-standard","has-post-thumbnail","hentry","category-divertissement","tag-acheter","tag-ally","tag-devriezvous","tag-extreme","tag-lasus","tag-rog","generate-columns","tablet-grid-50","mobile-grid-100","grid-parent","grid-33"],"yoast_head":"<!-- This site is optimized with the Yoast SEO plugin v24.0 - https:\/\/yoast.com\/wordpress\/plugins\/seo\/ -->\n<title>Devriez-vous acheter l\u2019ASUS ROG Ally Z1 ou le Z1 Extreme ? | Vie Associative<\/title>\n<meta name=\"robots\" content=\"index, follow, max-snippet:-1, max-image-preview:large, max-video-preview:-1\" \/>\n<link rel=\"canonical\" href=\"https:\/\/vieassociative.be\/actualites\/devriez-vous-acheter-lasus-rog-ally-z1-ou-le-z1-extreme\/\" \/>\n<meta property=\"og:locale\" content=\"fr_FR\" \/>\n<meta property=\"og:type\" content=\"article\" \/>\n<meta property=\"og:title\" content=\"Devriez-vous acheter l\u2019ASUS ROG Ally Z1 ou le Z1 Extreme ? | Vie Associative\" \/>\n<meta property=\"og:description\" content=\"Bien que les deux appareils offrent des jeux portables d\u00e9cents, le Z1 Extreme l&#8217;emporte sur son fr\u00e8re moins cher. L&rsquo;ASUS ROG Ally Z1 Extreme a\" \/>\n<meta property=\"og:url\" content=\"https:\/\/vieassociative.be\/actualites\/devriez-vous-acheter-lasus-rog-ally-z1-ou-le-z1-extreme\/\" \/>\n<meta property=\"og:site_name\" content=\"Vie Associative\" \/>\n<meta property=\"article:published_time\" content=\"2024-10-01T03:28:49+00:00\" \/>\n<meta property=\"og:image\" content=\"https:\/\/vieassociative.be\/actualites\/wp-content\/uploads\/2024\/09\/header_backgroundk-01-e1726694325946.png\" \/>\n\t<meta property=\"og:image:width\" content=\"279\" \/>\n\t<meta property=\"og:image:height\" content=\"92\" \/>\n\t<meta property=\"og:image:type\" content=\"image\/png\" \/>\n<meta name=\"author\" content=\"Julien\" \/>\n<meta name=\"twitter:card\" content=\"summary_large_image\" \/>\n<meta name=\"twitter:label1\" content=\"\u00c9crit par\" \/>\n\t<meta name=\"twitter:data1\" content=\"Julien\" \/>\n\t<meta name=\"twitter:label2\" content=\"Dur\u00e9e de lecture est.\" \/>\n\t<meta name=\"twitter:data2\" content=\"4 minutes\" \/>\n<script type=\"application\/ld+json\" class=\"yoast-schema-graph\">{\"@context\":\"https:\/\/schema.org\",\"@graph\":[{\"@type\":\"Article\",\"@id\":\"https:\/\/vieassociative.be\/actualites\/devriez-vous-acheter-lasus-rog-ally-z1-ou-le-z1-extreme\/#article\",\"isPartOf\":{\"@id\":\"https:\/\/vieassociative.be\/actualites\/devriez-vous-acheter-lasus-rog-ally-z1-ou-le-z1-extreme\/\"},\"author\":{\"name\":\"Julien\",\"@id\":\"https:\/\/vieassociative.be\/actualites\/#\/schema\/person\/b87ac4f82f9d4e7b7cec7395b679edc4\"},\"headline\":\"Devriez-vous acheter l\u2019ASUS ROG Ally Z1 ou le Z1 Extreme ?\",\"datePublished\":\"2024-10-01T03:28:49+00:00\",\"dateModified\":\"2024-10-01T03:28:49+00:00\",\"mainEntityOfPage\":{\"@id\":\"https:\/\/vieassociative.be\/actualites\/devriez-vous-acheter-lasus-rog-ally-z1-ou-le-z1-extreme\/\"},\"wordCount\":829,\"publisher\":{\"@id\":\"https:\/\/vieassociative.be\/actualites\/#organization\"},\"image\":{\"@id\":\"https:\/\/vieassociative.be\/actualites\/devriez-vous-acheter-lasus-rog-ally-z1-ou-le-z1-extreme\/#primaryimage\"},\"thumbnailUrl\":\"https:\/\/vieassociative.be\/actualites\/wp-content\/uploads\/2024\/10\/Devriez-vous-acheter-lASUS-ROG-Ally-Z1-ou-le-Z1-Extreme.png\",\"keywords\":[\"acheter\",\"Ally\",\"devriezvous\",\"Extreme\",\"LASUS\",\"Rog\"],\"articleSection\":[\"Divertissement\"],\"inLanguage\":\"fr-BE\"},{\"@type\":\"WebPage\",\"@id\":\"https:\/\/vieassociative.be\/actualites\/devriez-vous-acheter-lasus-rog-ally-z1-ou-le-z1-extreme\/\",\"url\":\"https:\/\/vieassociative.be\/actualites\/devriez-vous-acheter-lasus-rog-ally-z1-ou-le-z1-extreme\/\",\"name\":\"Devriez-vous acheter l\u2019ASUS ROG Ally Z1 ou le Z1 Extreme ? | Vie Associative\",\"isPartOf\":{\"@id\":\"https:\/\/vieassociative.be\/actualites\/#website\"},\"primaryImageOfPage\":{\"@id\":\"https:\/\/vieassociative.be\/actualites\/devriez-vous-acheter-lasus-rog-ally-z1-ou-le-z1-extreme\/#primaryimage\"},\"image\":{\"@id\":\"https:\/\/vieassociative.be\/actualites\/devriez-vous-acheter-lasus-rog-ally-z1-ou-le-z1-extreme\/#primaryimage\"},\"thumbnailUrl\":\"https:\/\/vieassociative.be\/actualites\/wp-content\/uploads\/2024\/10\/Devriez-vous-acheter-lASUS-ROG-Ally-Z1-ou-le-Z1-Extreme.png\",\"datePublished\":\"2024-10-01T03:28:49+00:00\",\"dateModified\":\"2024-10-01T03:28:49+00:00\",\"breadcrumb\":{\"@id\":\"https:\/\/vieassociative.be\/actualites\/devriez-vous-acheter-lasus-rog-ally-z1-ou-le-z1-extreme\/#breadcrumb\"},\"inLanguage\":\"fr-BE\",\"potentialAction\":[{\"@type\":\"ReadAction\",\"target\":[\"https:\/\/vieassociative.be\/actualites\/devriez-vous-acheter-lasus-rog-ally-z1-ou-le-z1-extreme\/\"]}]},{\"@type\":\"ImageObject\",\"inLanguage\":\"fr-BE\",\"@id\":\"https:\/\/vieassociative.be\/actualites\/devriez-vous-acheter-lasus-rog-ally-z1-ou-le-z1-extreme\/#primaryimage\",\"url\":\"https:\/\/vieassociative.be\/actualites\/wp-content\/uploads\/2024\/10\/Devriez-vous-acheter-lASUS-ROG-Ally-Z1-ou-le-Z1-Extreme.png\",\"contentUrl\":\"https:\/\/vieassociative.be\/actualites\/wp-content\/uploads\/2024\/10\/Devriez-vous-acheter-lASUS-ROG-Ally-Z1-ou-le-Z1-Extreme.png\",\"width\":1200,\"height\":675,\"caption\":\"Devriez-vous acheter l\u2019ASUS ROG Ally Z1 ou le Z1 Extreme ?\"},{\"@type\":\"BreadcrumbList\",\"@id\":\"https:\/\/vieassociative.be\/actualites\/devriez-vous-acheter-lasus-rog-ally-z1-ou-le-z1-extreme\/#breadcrumb\",\"itemListElement\":[{\"@type\":\"ListItem\",\"position\":1,\"name\":\"Accueil\",\"item\":\"https:\/\/vieassociative.be\/actualites\/\"},{\"@type\":\"ListItem\",\"position\":2,\"name\":\"Devriez-vous acheter l\u2019ASUS ROG Ally Z1 ou le Z1 Extreme ?\"}]},{\"@type\":\"WebSite\",\"@id\":\"https:\/\/vieassociative.be\/actualites\/#website\",\"url\":\"https:\/\/vieassociative.be\/actualites\/\",\"name\":\"Vie Associative\",\"description\":\"\",\"publisher\":{\"@id\":\"https:\/\/vieassociative.be\/actualites\/#organization\"},\"potentialAction\":[{\"@type\":\"SearchAction\",\"target\":{\"@type\":\"EntryPoint\",\"urlTemplate\":\"https:\/\/vieassociative.be\/actualites\/?s={search_term_string}\"},\"query-input\":{\"@type\":\"PropertyValueSpecification\",\"valueRequired\":true,\"valueName\":\"search_term_string\"}}],\"inLanguage\":\"fr-BE\"},{\"@type\":\"Organization\",\"@id\":\"https:\/\/vieassociative.be\/actualites\/#organization\",\"name\":\"Vie Associative\",\"url\":\"https:\/\/vieassociative.be\/actualites\/\",\"logo\":{\"@type\":\"ImageObject\",\"inLanguage\":\"fr-BE\",\"@id\":\"https:\/\/vieassociative.be\/actualites\/#\/schema\/logo\/image\/\",\"url\":\"https:\/\/vieassociative.be\/actualites\/wp-content\/uploads\/2024\/09\/cropped-vieassociative_favicon.ico.png\",\"contentUrl\":\"https:\/\/vieassociative.be\/actualites\/wp-content\/uploads\/2024\/09\/cropped-vieassociative_favicon.ico.png\",\"width\":512,\"height\":512,\"caption\":\"Vie Associative\"},\"image\":{\"@id\":\"https:\/\/vieassociative.be\/actualites\/#\/schema\/logo\/image\/\"}},{\"@type\":\"Person\",\"@id\":\"https:\/\/vieassociative.be\/actualites\/#\/schema\/person\/b87ac4f82f9d4e7b7cec7395b679edc4\",\"name\":\"Julien\",\"image\":{\"@type\":\"ImageObject\",\"inLanguage\":\"fr-BE\",\"@id\":\"https:\/\/vieassociative.be\/actualites\/#\/schema\/person\/image\/\",\"url\":\"https:\/\/vieassociative.be\/actualites\/wp-content\/uploads\/2024\/09\/vie-associative-1-150x150.jpg\",\"contentUrl\":\"https:\/\/vieassociative.be\/actualites\/wp-content\/uploads\/2024\/09\/vie-associative-1-150x150.jpg\",\"caption\":\"Julien\"},\"description\":\"Je suis Julien, r\u00e9dacteur pour Vie Associative. Passionn\u00e9 par le monde associatif depuis plus de 10 ans, j'ai \u00e0 c\u0153ur de partager des histoires inspirantes et de mettre en lumi\u00e8re les initiatives locales. Mon objectif est de sensibiliser et d'encourager l'engagement communautaire \u00e0 travers mes articles.\",\"sameAs\":[\"https:\/\/vieassociative.be\/\"]}]}<\/script>\n<!-- \/ Yoast SEO plugin. -->","yoast_head_json":{"title":"Devriez-vous acheter l\u2019ASUS ROG Ally Z1 ou le Z1 Extreme ? | Vie Associative","robots":{"index":"index","follow":"follow","max-snippet":"max-snippet:-1","max-image-preview":"max-image-preview:large","max-video-preview":"max-video-preview:-1"},"canonical":"https:\/\/vieassociative.be\/actualites\/devriez-vous-acheter-lasus-rog-ally-z1-ou-le-z1-extreme\/","og_locale":"fr_FR","og_type":"article","og_title":"Devriez-vous acheter l\u2019ASUS ROG Ally Z1 ou le Z1 Extreme ? | Vie Associative","og_description":"Bien que les deux appareils offrent des jeux portables d\u00e9cents, le Z1 Extreme l&#8217;emporte sur son fr\u00e8re moins cher. L&rsquo;ASUS ROG Ally Z1 Extreme a","og_url":"https:\/\/vieassociative.be\/actualites\/devriez-vous-acheter-lasus-rog-ally-z1-ou-le-z1-extreme\/","og_site_name":"Vie Associative","article_published_time":"2024-10-01T03:28:49+00:00","og_image":[{"width":279,"height":92,"url":"https:\/\/vieassociative.be\/actualites\/wp-content\/uploads\/2024\/09\/header_backgroundk-01-e1726694325946.png","type":"image\/png"}],"author":"Julien","twitter_card":"summary_large_image","twitter_misc":{"\u00c9crit par":"Julien","Dur\u00e9e de lecture est.":"4 minutes"},"schema":{"@context":"https:\/\/schema.org","@graph":[{"@type":"Article","@id":"https:\/\/vieassociative.be\/actualites\/devriez-vous-acheter-lasus-rog-ally-z1-ou-le-z1-extreme\/#article","isPartOf":{"@id":"https:\/\/vieassociative.be\/actualites\/devriez-vous-acheter-lasus-rog-ally-z1-ou-le-z1-extreme\/"},"author":{"name":"Julien","@id":"https:\/\/vieassociative.be\/actualites\/#\/schema\/person\/b87ac4f82f9d4e7b7cec7395b679edc4"},"headline":"Devriez-vous acheter l\u2019ASUS ROG Ally Z1 ou le Z1 Extreme ?","datePublished":"2024-10-01T03:28:49+00:00","dateModified":"2024-10-01T03:28:49+00:00","mainEntityOfPage":{"@id":"https:\/\/vieassociative.be\/actualites\/devriez-vous-acheter-lasus-rog-ally-z1-ou-le-z1-extreme\/"},"wordCount":829,"publisher":{"@id":"https:\/\/vieassociative.be\/actualites\/#organization"},"image":{"@id":"https:\/\/vieassociative.be\/actualites\/devriez-vous-acheter-lasus-rog-ally-z1-ou-le-z1-extreme\/#primaryimage"},"thumbnailUrl":"https:\/\/vieassociative.be\/actualites\/wp-content\/uploads\/2024\/10\/Devriez-vous-acheter-lASUS-ROG-Ally-Z1-ou-le-Z1-Extreme.png","keywords":["acheter","Ally","devriezvous","Extreme","LASUS","Rog"],"articleSection":["Divertissement"],"inLanguage":"fr-BE"},{"@type":"WebPage","@id":"https:\/\/vieassociative.be\/actualites\/devriez-vous-acheter-lasus-rog-ally-z1-ou-le-z1-extreme\/","url":"https:\/\/vieassociative.be\/actualites\/devriez-vous-acheter-lasus-rog-ally-z1-ou-le-z1-extreme\/","name":"Devriez-vous acheter l\u2019ASUS ROG Ally Z1 ou le Z1 Extreme ? | Vie Associative","isPartOf":{"@id":"https:\/\/vieassociative.be\/actualites\/#website"},"primaryImageOfPage":{"@id":"https:\/\/vieassociative.be\/actualites\/devriez-vous-acheter-lasus-rog-ally-z1-ou-le-z1-extreme\/#primaryimage"},"image":{"@id":"https:\/\/vieassociative.be\/actualites\/devriez-vous-acheter-lasus-rog-ally-z1-ou-le-z1-extreme\/#primaryimage"},"thumbnailUrl":"https:\/\/vieassociative.be\/actualites\/wp-content\/uploads\/2024\/10\/Devriez-vous-acheter-lASUS-ROG-Ally-Z1-ou-le-Z1-Extreme.png","datePublished":"2024-10-01T03:28:49+00:00","dateModified":"2024-10-01T03:28:49+00:00","breadcrumb":{"@id":"https:\/\/vieassociative.be\/actualites\/devriez-vous-acheter-lasus-rog-ally-z1-ou-le-z1-extreme\/#breadcrumb"},"inLanguage":"fr-BE","potentialAction":[{"@type":"ReadAction","target":["https:\/\/vieassociative.be\/actualites\/devriez-vous-acheter-lasus-rog-ally-z1-ou-le-z1-extreme\/"]}]},{"@type":"ImageObject","inLanguage":"fr-BE","@id":"https:\/\/vieassociative.be\/actualites\/devriez-vous-acheter-lasus-rog-ally-z1-ou-le-z1-extreme\/#primaryimage","url":"https:\/\/vieassociative.be\/actualites\/wp-content\/uploads\/2024\/10\/Devriez-vous-acheter-lASUS-ROG-Ally-Z1-ou-le-Z1-Extreme.png","contentUrl":"https:\/\/vieassociative.be\/actualites\/wp-content\/uploads\/2024\/10\/Devriez-vous-acheter-lASUS-ROG-Ally-Z1-ou-le-Z1-Extreme.png","width":1200,"height":675,"caption":"Devriez-vous acheter l\u2019ASUS ROG Ally Z1 ou le Z1 Extreme ?"},{"@type":"BreadcrumbList","@id":"https:\/\/vieassociative.be\/actualites\/devriez-vous-acheter-lasus-rog-ally-z1-ou-le-z1-extreme\/#breadcrumb","itemListElement":[{"@type":"ListItem","position":1,"name":"Accueil","item":"https:\/\/vieassociative.be\/actualites\/"},{"@type":"ListItem","position":2,"name":"Devriez-vous acheter l\u2019ASUS ROG Ally Z1 ou le Z1 Extreme ?"}]},{"@type":"WebSite","@id":"https:\/\/vieassociative.be\/actualites\/#website","url":"https:\/\/vieassociative.be\/actualites\/","name":"Vie Associative","description":"","publisher":{"@id":"https:\/\/vieassociative.be\/actualites\/#organization"},"potentialAction":[{"@type":"SearchAction","target":{"@type":"EntryPoint","urlTemplate":"https:\/\/vieassociative.be\/actualites\/?s={search_term_string}"},"query-input":{"@type":"PropertyValueSpecification","valueRequired":true,"valueName":"search_term_string"}}],"inLanguage":"fr-BE"},{"@type":"Organization","@id":"https:\/\/vieassociative.be\/actualites\/#organization","name":"Vie Associative","url":"https:\/\/vieassociative.be\/actualites\/","logo":{"@type":"ImageObject","inLanguage":"fr-BE","@id":"https:\/\/vieassociative.be\/actualites\/#\/schema\/logo\/image\/","url":"https:\/\/vieassociative.be\/actualites\/wp-content\/uploads\/2024\/09\/cropped-vieassociative_favicon.ico.png","contentUrl":"https:\/\/vieassociative.be\/actualites\/wp-content\/uploads\/2024\/09\/cropped-vieassociative_favicon.ico.png","width":512,"height":512,"caption":"Vie Associative"},"image":{"@id":"https:\/\/vieassociative.be\/actualites\/#\/schema\/logo\/image\/"}},{"@type":"Person","@id":"https:\/\/vieassociative.be\/actualites\/#\/schema\/person\/b87ac4f82f9d4e7b7cec7395b679edc4","name":"Julien","image":{"@type":"ImageObject","inLanguage":"fr-BE","@id":"https:\/\/vieassociative.be\/actualites\/#\/schema\/person\/image\/","url":"https:\/\/vieassociative.be\/actualites\/wp-content\/uploads\/2024\/09\/vie-associative-1-150x150.jpg","contentUrl":"https:\/\/vieassociative.be\/actualites\/wp-content\/uploads\/2024\/09\/vie-associative-1-150x150.jpg","caption":"Julien"},"description":"Je suis Julien, r\u00e9dacteur pour Vie Associative. Passionn\u00e9 par le monde associatif depuis plus de 10 ans, j'ai \u00e0 c\u0153ur de partager des histoires inspirantes et de mettre en lumi\u00e8re les initiatives locales. Mon objectif est de sensibiliser et d'encourager l'engagement communautaire \u00e0 travers mes articles.","sameAs":["https:\/\/vieassociative.be\/"]}]}},"_links":{"self":[{"href":"https:\/\/vieassociative.be\/actualites\/wp-json\/wp\/v2\/posts\/713"}],"collection":[{"href":"https:\/\/vieassociative.be\/actualites\/wp-json\/wp\/v2\/posts"}],"about":[{"href":"https:\/\/vieassociative.be\/actualites\/wp-json\/wp\/v2\/types\/post"}],"author":[{"embeddable":true,"href":"https:\/\/vieassociative.be\/actualites\/wp-json\/wp\/v2\/users\/1"}],"replies":[{"embeddable":true,"href":"https:\/\/vieassociative.be\/actualites\/wp-json\/wp\/v2\/comments?post=713"}],"version-history":[{"count":0,"href":"https:\/\/vieassociative.be\/actualites\/wp-json\/wp\/v2\/posts\/713\/revisions"}],"wp:featuredmedia":[{"embeddable":true,"href":"https:\/\/vieassociative.be\/actualites\/wp-json\/wp\/v2\/media\/714"}],"wp:attachment":[{"href":"https:\/\/vieassociative.be\/actualites\/wp-json\/wp\/v2\/media?parent=713"}],"wp:term":[{"taxonomy":"category","embeddable":true,"href":"https:\/\/vieassociative.be\/actualites\/wp-json\/wp\/v2\/categories?post=713"},{"taxonomy":"post_tag","embeddable":true,"href":"https:\/\/vieassociative.be\/actualites\/wp-json\/wp\/v2\/tags?post=713"}],"curies":[{"name":"wp","href":"https:\/\/api.w.org\/{rel}","templated":true}]}}