{"id":7122,"date":"2025-04-29T03:17:49","date_gmt":"2025-04-29T01:17:49","guid":{"rendered":"https:\/\/vieassociative.be\/actualites\/google-annonce-android-news-avant-les-e-s\/"},"modified":"2025-04-29T03:17:49","modified_gmt":"2025-04-29T01:17:49","slug":"google-annonce-android-news-avant-les-e-s","status":"publish","type":"post","link":"https:\/\/vieassociative.be\/actualites\/google-annonce-android-news-avant-les-e-s\/","title":{"rendered":"Google annonce Android News avant les E \/ S"},"content":{"rendered":"<div class=\"mt-4 leading-6 md:mb-8\">Android obtient un projecteur avant la conf\u00e9rence.<\/div>\n<p><\/p>\n<p>Google E \/ S, la conf\u00e9rence annuelle des d\u00e9veloppeurs de l&rsquo;entreprise, est presque l\u00e0. L&rsquo;\u00e9mission d\u00e9marre le 20 mai et se concentrera probablement autour des plans de Google pour ses services et produits pour l&rsquo;ann\u00e9e \u00e0 venir.<\/p>\n<p>Android, bien s\u00fbr, est un \u00e9norme service Google qui est g\u00e9n\u00e9ralement mis en \u00e9vidence \u00e0 chaque E \/ S. Cette ann\u00e9e, cependant, il semble que l&rsquo;entreprise adopte une approche diff\u00e9rente; Plut\u00f4t que de comporter Android dans le cadre de la pr\u00e9sentation g\u00e9n\u00e9rale d&rsquo;E \/ S, Google donne \u00e0 Android son propre \u00e9v\u00e9nement, appel\u00e9 de mani\u00e8re appropri\u00e9e, \u00ab\u00a0The Android Show: E \/ S Edition\u00a0\u00bb.<\/p>\n<p>\u00ab\u00a0The Android Show\u00a0\u00bb lui-m\u00eame n&rsquo;est pas quelque chose de nouveau pour les E \/ S de cette ann\u00e9e. Il s&rsquo;agit en fait d&rsquo;un podcast Google existant qui couvre les nouvelles fonctionnalit\u00e9s et modifications entourant le syst\u00e8me d&rsquo;exploitation mobile. Cependant, pour les E \/ S, Google d\u00e9ploie une \u00e9dition sp\u00e9ciale de son podcast qui agit comme la partie Android d&rsquo;une pr\u00e9sentation d&rsquo;E \/ S donn\u00e9e &#8211; c&rsquo;est juste une semaine plus t\u00f4t. <\/p>\n<p>L&rsquo;\u00e9mission Android: l&rsquo;\u00e9dition d&rsquo;E \/ S sera diffus\u00e9e le 13 mai, et bien que nous ne sachions pas <em>exactement<\/em> Ce que Google discutera, nous savons que la raison officielle d&rsquo;Android obtient sa propre journ\u00e9e d&rsquo;annonces en dehors des E \/ S. Selon Google, il y a juste \u00abtellement de nouvelles choses \u00e0 partager\u00bb concernant Android qu&rsquo;il n&rsquo;y a tout simplement pas assez de temps pour inclure le syst\u00e8me d&rsquo;exploitation aux c\u00f4t\u00e9s d&rsquo;autres nouvelles d&rsquo;E \/ S.   <\/p>\n<p>Cela pourrait \u00eatre vrai: Android 16 sera probablement au centre de ce podcast en \u00e9dition sp\u00e9ciale, qui est actuellement en test b\u00eata. Jusqu&rsquo;\u00e0 pr\u00e9sent, le logiciel a ajout\u00e9 de nouvelles fonctionnalit\u00e9s telles que les m\u00e9dias et les mises \u00e0 jour de la cam\u00e9ra, les raccourcis de bouton d&rsquo;alimentation, les mises \u00e0 niveau de la commutation des utilisateurs, entre autres. Il est possible que la soci\u00e9t\u00e9 ait un certain nombre de nouvelles annonces en r\u00e9serve pour les appareils Android 16 et Android dans son ensemble, et souhaite s&rsquo;assurer que la plate-forme obtient son temps sous les projecteurs. <\/p>\n<div class=\"pogoClear relative my-10 border-b-(1.5px) border-t-(1.5px) border-dashed border-black py-5 sm:my-14 sm:border-0 sm:py-0\" data-ga-click data-ga-template=\"News\" data-ga-module=\"openweb_widget\" data-ga-element=\"openweb_scroll\" data-ga-item=\"openweb_scroll_midpage\" x-cloak x-data=\"{ commentsCount: null, hasComments: false }\" x-init=\"commentsCount = await window.openweb.getMessagesCount(01JSYVD79Z94RFXD4TAKGCBS47);\n     hasComments = commentsCount !== null &amp;&amp; commentsCount &gt; 0\"><\/p>\n<div class=\"absolute top-1\/2 hidden w-full -translate-y-1\/2 border-t-(1.5px) border-dashed border-black sm:block\"><\/div>\n<div class=\"relative flex justify-center\">\n<div class=\"flex max-w-max items-center gap-x-3 bg-white px-5\">\n<div class=\"relative\">\n                <span class=\"absolute left-1\/2 top-1\/2 -translate-x-1\/2 -translate-y-1\/2 font-akshar text-sm font-medium text-black\" x-show=\"hasComments\" x-text=\"commentsCount\"><\/span><\/p>\n<p>                <svg class=\"h-8 w-8 text-black\">\n                    <use href=\"http:\/\/lifehacker.com\/images\/icons\/spritemap.svg#sprite-chat-bubble\"><\/use>\n                <\/svg>\n            <\/div>\n<p>            <span class=\"text-sm font-medium text-black\"><\/p>\n<p>                Que pensez-vous jusqu&rsquo;\u00e0 pr\u00e9sent?<br \/>\n                <button class=\"font-semibold text-brand-green underline hover:text-brand-green-700\" onclick=\"window.openweb.scrollToComments(01JSYVD79Z94RFXD4TAKGCBS47)\" x-text=\"hasComments ? 'Post a comment.' : 'Be the first to post a comment.'\"><\/button><br \/>\n            <\/span>\n        <\/div>\n<\/p><\/div>\n<\/div>\n<p>Cependant, il est \u00e9galement possible qu&rsquo;il y ait une quantit\u00e9 standard de nouvelles Android \u00e0 partager, et la cause r\u00e9elle de la scission est l&rsquo;IA. Google, comme les autres grandes entreprises technologiques, est enti\u00e8rement sur l&rsquo;IA, \u00e9mettant de nouvelles mises \u00e0 jour aux G\u00e9meaux apparemment quotidiennement. Les E \/ S seront probablement ax\u00e9es sur ces d\u00e9veloppements d&rsquo;IA, mettant en \u00e9vidence le mode vocal Gemini Live de l&rsquo;entreprise, son g\u00e9n\u00e9rateur de vid\u00e9os VEO 2, ainsi que sur les derni\u00e8res mises \u00e0 jour du mod\u00e8le Gemini AI.<\/p>\n<p>Esp\u00e9rons que pour le bien d&rsquo;Android, la soci\u00e9t\u00e9 a beaucoup d&rsquo;annonces \u00e0 faire. Mais ne soyez pas surpris si les E \/ S en g\u00e9n\u00e9ral sont plus ax\u00e9es sur l&rsquo;intelligence artificielle qu&rsquo;autre chose.<\/p>\n","protected":false},"excerpt":{"rendered":"<p>Android obtient un projecteur avant la conf\u00e9rence. Google E \/ S, la conf\u00e9rence annuelle des d\u00e9veloppeurs de l&rsquo;entreprise, est presque l\u00e0. L&rsquo;\u00e9mission d\u00e9marre le 20<\/p>\n","protected":false},"author":1,"featured_media":7123,"comment_status":"","ping_status":"","sticky":false,"template":"","format":"standard","meta":{"footnotes":""},"categories":[13],"tags":[946,1987,142,968,14,6692],"class_list":["post-7122","post","type-post","status-publish","format-standard","has-post-thumbnail","hentry","category-technologie","tag-android","tag-annonce","tag-avant","tag-google","tag-les","tag-news","generate-columns","tablet-grid-50","mobile-grid-100","grid-parent","grid-33"],"yoast_head":"<!-- This site is optimized with the Yoast SEO plugin v24.0 - https:\/\/yoast.com\/wordpress\/plugins\/seo\/ -->\n<title>Google annonce Android News avant les E \/ S | Vie Associative<\/title>\n<meta name=\"robots\" content=\"index, follow, max-snippet:-1, max-image-preview:large, max-video-preview:-1\" \/>\n<link rel=\"canonical\" href=\"https:\/\/vieassociative.be\/actualites\/google-annonce-android-news-avant-les-e-s\/\" \/>\n<meta property=\"og:locale\" content=\"fr_FR\" \/>\n<meta property=\"og:type\" content=\"article\" \/>\n<meta property=\"og:title\" content=\"Google annonce Android News avant les E \/ S | Vie Associative\" \/>\n<meta property=\"og:description\" content=\"Android obtient un projecteur avant la conf\u00e9rence. Google E \/ S, la conf\u00e9rence annuelle des d\u00e9veloppeurs de l&rsquo;entreprise, est presque l\u00e0. L&rsquo;\u00e9mission d\u00e9marre le 20\" \/>\n<meta property=\"og:url\" content=\"https:\/\/vieassociative.be\/actualites\/google-annonce-android-news-avant-les-e-s\/\" \/>\n<meta property=\"og:site_name\" content=\"Vie Associative\" \/>\n<meta property=\"article:published_time\" content=\"2025-04-29T01:17:49+00:00\" \/>\n<meta property=\"og:image\" content=\"https:\/\/vieassociative.be\/actualites\/wp-content\/uploads\/2024\/09\/header_backgroundk-01-e1726694325946.png\" \/>\n\t<meta property=\"og:image:width\" content=\"279\" \/>\n\t<meta property=\"og:image:height\" content=\"92\" \/>\n\t<meta property=\"og:image:type\" content=\"image\/png\" \/>\n<meta name=\"author\" content=\"Julien\" \/>\n<meta name=\"twitter:card\" content=\"summary_large_image\" \/>\n<meta name=\"twitter:label1\" content=\"\u00c9crit par\" \/>\n\t<meta name=\"twitter:data1\" content=\"Julien\" \/>\n\t<meta name=\"twitter:label2\" content=\"Dur\u00e9e de lecture est.\" \/>\n\t<meta name=\"twitter:data2\" content=\"3 minutes\" \/>\n<script type=\"application\/ld+json\" class=\"yoast-schema-graph\">{\"@context\":\"https:\/\/schema.org\",\"@graph\":[{\"@type\":\"Article\",\"@id\":\"https:\/\/vieassociative.be\/actualites\/google-annonce-android-news-avant-les-e-s\/#article\",\"isPartOf\":{\"@id\":\"https:\/\/vieassociative.be\/actualites\/google-annonce-android-news-avant-les-e-s\/\"},\"author\":{\"name\":\"Julien\",\"@id\":\"https:\/\/vieassociative.be\/actualites\/#\/schema\/person\/b87ac4f82f9d4e7b7cec7395b679edc4\"},\"headline\":\"Google annonce Android News avant les E \/ S\",\"datePublished\":\"2025-04-29T01:17:49+00:00\",\"dateModified\":\"2025-04-29T01:17:49+00:00\",\"mainEntityOfPage\":{\"@id\":\"https:\/\/vieassociative.be\/actualites\/google-annonce-android-news-avant-les-e-s\/\"},\"wordCount\":541,\"publisher\":{\"@id\":\"https:\/\/vieassociative.be\/actualites\/#organization\"},\"image\":{\"@id\":\"https:\/\/vieassociative.be\/actualites\/google-annonce-android-news-avant-les-e-s\/#primaryimage\"},\"thumbnailUrl\":\"https:\/\/vieassociative.be\/actualites\/wp-content\/uploads\/2025\/04\/Google-annonce-Android-News-avant-les-E-S.jpg\",\"keywords\":[\"Android\",\"annonce\",\"avant\",\"Google\",\"Les\",\"News\"],\"articleSection\":[\"Technologie\"],\"inLanguage\":\"fr-BE\"},{\"@type\":\"WebPage\",\"@id\":\"https:\/\/vieassociative.be\/actualites\/google-annonce-android-news-avant-les-e-s\/\",\"url\":\"https:\/\/vieassociative.be\/actualites\/google-annonce-android-news-avant-les-e-s\/\",\"name\":\"Google annonce Android News avant les E \/ S | Vie Associative\",\"isPartOf\":{\"@id\":\"https:\/\/vieassociative.be\/actualites\/#website\"},\"primaryImageOfPage\":{\"@id\":\"https:\/\/vieassociative.be\/actualites\/google-annonce-android-news-avant-les-e-s\/#primaryimage\"},\"image\":{\"@id\":\"https:\/\/vieassociative.be\/actualites\/google-annonce-android-news-avant-les-e-s\/#primaryimage\"},\"thumbnailUrl\":\"https:\/\/vieassociative.be\/actualites\/wp-content\/uploads\/2025\/04\/Google-annonce-Android-News-avant-les-E-S.jpg\",\"datePublished\":\"2025-04-29T01:17:49+00:00\",\"dateModified\":\"2025-04-29T01:17:49+00:00\",\"breadcrumb\":{\"@id\":\"https:\/\/vieassociative.be\/actualites\/google-annonce-android-news-avant-les-e-s\/#breadcrumb\"},\"inLanguage\":\"fr-BE\",\"potentialAction\":[{\"@type\":\"ReadAction\",\"target\":[\"https:\/\/vieassociative.be\/actualites\/google-annonce-android-news-avant-les-e-s\/\"]}]},{\"@type\":\"ImageObject\",\"inLanguage\":\"fr-BE\",\"@id\":\"https:\/\/vieassociative.be\/actualites\/google-annonce-android-news-avant-les-e-s\/#primaryimage\",\"url\":\"https:\/\/vieassociative.be\/actualites\/wp-content\/uploads\/2025\/04\/Google-annonce-Android-News-avant-les-E-S.jpg\",\"contentUrl\":\"https:\/\/vieassociative.be\/actualites\/wp-content\/uploads\/2025\/04\/Google-annonce-Android-News-avant-les-E-S.jpg\",\"width\":1200,\"height\":675,\"caption\":\"Google annonce Android News avant les E \/ S\"},{\"@type\":\"BreadcrumbList\",\"@id\":\"https:\/\/vieassociative.be\/actualites\/google-annonce-android-news-avant-les-e-s\/#breadcrumb\",\"itemListElement\":[{\"@type\":\"ListItem\",\"position\":1,\"name\":\"Accueil\",\"item\":\"https:\/\/vieassociative.be\/actualites\/\"},{\"@type\":\"ListItem\",\"position\":2,\"name\":\"Google annonce Android News avant les E \/ S\"}]},{\"@type\":\"WebSite\",\"@id\":\"https:\/\/vieassociative.be\/actualites\/#website\",\"url\":\"https:\/\/vieassociative.be\/actualites\/\",\"name\":\"Vie Associative\",\"description\":\"\",\"publisher\":{\"@id\":\"https:\/\/vieassociative.be\/actualites\/#organization\"},\"potentialAction\":[{\"@type\":\"SearchAction\",\"target\":{\"@type\":\"EntryPoint\",\"urlTemplate\":\"https:\/\/vieassociative.be\/actualites\/?s={search_term_string}\"},\"query-input\":{\"@type\":\"PropertyValueSpecification\",\"valueRequired\":true,\"valueName\":\"search_term_string\"}}],\"inLanguage\":\"fr-BE\"},{\"@type\":\"Organization\",\"@id\":\"https:\/\/vieassociative.be\/actualites\/#organization\",\"name\":\"Vie Associative\",\"url\":\"https:\/\/vieassociative.be\/actualites\/\",\"logo\":{\"@type\":\"ImageObject\",\"inLanguage\":\"fr-BE\",\"@id\":\"https:\/\/vieassociative.be\/actualites\/#\/schema\/logo\/image\/\",\"url\":\"https:\/\/vieassociative.be\/actualites\/wp-content\/uploads\/2024\/09\/cropped-vieassociative_favicon.ico.png\",\"contentUrl\":\"https:\/\/vieassociative.be\/actualites\/wp-content\/uploads\/2024\/09\/cropped-vieassociative_favicon.ico.png\",\"width\":512,\"height\":512,\"caption\":\"Vie Associative\"},\"image\":{\"@id\":\"https:\/\/vieassociative.be\/actualites\/#\/schema\/logo\/image\/\"}},{\"@type\":\"Person\",\"@id\":\"https:\/\/vieassociative.be\/actualites\/#\/schema\/person\/b87ac4f82f9d4e7b7cec7395b679edc4\",\"name\":\"Julien\",\"image\":{\"@type\":\"ImageObject\",\"inLanguage\":\"fr-BE\",\"@id\":\"https:\/\/vieassociative.be\/actualites\/#\/schema\/person\/image\/\",\"url\":\"https:\/\/vieassociative.be\/actualites\/wp-content\/uploads\/2024\/09\/vie-associative-1-150x150.jpg\",\"contentUrl\":\"https:\/\/vieassociative.be\/actualites\/wp-content\/uploads\/2024\/09\/vie-associative-1-150x150.jpg\",\"caption\":\"Julien\"},\"description\":\"Je suis Julien, r\u00e9dacteur pour Vie Associative. Passionn\u00e9 par le monde associatif depuis plus de 10 ans, j'ai \u00e0 c\u0153ur de partager des histoires inspirantes et de mettre en lumi\u00e8re les initiatives locales. Mon objectif est de sensibiliser et d'encourager l'engagement communautaire \u00e0 travers mes articles.\",\"sameAs\":[\"https:\/\/vieassociative.be\/\"]}]}<\/script>\n<!-- \/ Yoast SEO plugin. -->","yoast_head_json":{"title":"Google annonce Android News avant les E \/ S | Vie Associative","robots":{"index":"index","follow":"follow","max-snippet":"max-snippet:-1","max-image-preview":"max-image-preview:large","max-video-preview":"max-video-preview:-1"},"canonical":"https:\/\/vieassociative.be\/actualites\/google-annonce-android-news-avant-les-e-s\/","og_locale":"fr_FR","og_type":"article","og_title":"Google annonce Android News avant les E \/ S | Vie Associative","og_description":"Android obtient un projecteur avant la conf\u00e9rence. Google E \/ S, la conf\u00e9rence annuelle des d\u00e9veloppeurs de l&rsquo;entreprise, est presque l\u00e0. L&rsquo;\u00e9mission d\u00e9marre le 20","og_url":"https:\/\/vieassociative.be\/actualites\/google-annonce-android-news-avant-les-e-s\/","og_site_name":"Vie Associative","article_published_time":"2025-04-29T01:17:49+00:00","og_image":[{"width":279,"height":92,"url":"https:\/\/vieassociative.be\/actualites\/wp-content\/uploads\/2024\/09\/header_backgroundk-01-e1726694325946.png","type":"image\/png"}],"author":"Julien","twitter_card":"summary_large_image","twitter_misc":{"\u00c9crit par":"Julien","Dur\u00e9e de lecture est.":"3 minutes"},"schema":{"@context":"https:\/\/schema.org","@graph":[{"@type":"Article","@id":"https:\/\/vieassociative.be\/actualites\/google-annonce-android-news-avant-les-e-s\/#article","isPartOf":{"@id":"https:\/\/vieassociative.be\/actualites\/google-annonce-android-news-avant-les-e-s\/"},"author":{"name":"Julien","@id":"https:\/\/vieassociative.be\/actualites\/#\/schema\/person\/b87ac4f82f9d4e7b7cec7395b679edc4"},"headline":"Google annonce Android News avant les E \/ S","datePublished":"2025-04-29T01:17:49+00:00","dateModified":"2025-04-29T01:17:49+00:00","mainEntityOfPage":{"@id":"https:\/\/vieassociative.be\/actualites\/google-annonce-android-news-avant-les-e-s\/"},"wordCount":541,"publisher":{"@id":"https:\/\/vieassociative.be\/actualites\/#organization"},"image":{"@id":"https:\/\/vieassociative.be\/actualites\/google-annonce-android-news-avant-les-e-s\/#primaryimage"},"thumbnailUrl":"https:\/\/vieassociative.be\/actualites\/wp-content\/uploads\/2025\/04\/Google-annonce-Android-News-avant-les-E-S.jpg","keywords":["Android","annonce","avant","Google","Les","News"],"articleSection":["Technologie"],"inLanguage":"fr-BE"},{"@type":"WebPage","@id":"https:\/\/vieassociative.be\/actualites\/google-annonce-android-news-avant-les-e-s\/","url":"https:\/\/vieassociative.be\/actualites\/google-annonce-android-news-avant-les-e-s\/","name":"Google annonce Android News avant les E \/ S | Vie Associative","isPartOf":{"@id":"https:\/\/vieassociative.be\/actualites\/#website"},"primaryImageOfPage":{"@id":"https:\/\/vieassociative.be\/actualites\/google-annonce-android-news-avant-les-e-s\/#primaryimage"},"image":{"@id":"https:\/\/vieassociative.be\/actualites\/google-annonce-android-news-avant-les-e-s\/#primaryimage"},"thumbnailUrl":"https:\/\/vieassociative.be\/actualites\/wp-content\/uploads\/2025\/04\/Google-annonce-Android-News-avant-les-E-S.jpg","datePublished":"2025-04-29T01:17:49+00:00","dateModified":"2025-04-29T01:17:49+00:00","breadcrumb":{"@id":"https:\/\/vieassociative.be\/actualites\/google-annonce-android-news-avant-les-e-s\/#breadcrumb"},"inLanguage":"fr-BE","potentialAction":[{"@type":"ReadAction","target":["https:\/\/vieassociative.be\/actualites\/google-annonce-android-news-avant-les-e-s\/"]}]},{"@type":"ImageObject","inLanguage":"fr-BE","@id":"https:\/\/vieassociative.be\/actualites\/google-annonce-android-news-avant-les-e-s\/#primaryimage","url":"https:\/\/vieassociative.be\/actualites\/wp-content\/uploads\/2025\/04\/Google-annonce-Android-News-avant-les-E-S.jpg","contentUrl":"https:\/\/vieassociative.be\/actualites\/wp-content\/uploads\/2025\/04\/Google-annonce-Android-News-avant-les-E-S.jpg","width":1200,"height":675,"caption":"Google annonce Android News avant les E \/ S"},{"@type":"BreadcrumbList","@id":"https:\/\/vieassociative.be\/actualites\/google-annonce-android-news-avant-les-e-s\/#breadcrumb","itemListElement":[{"@type":"ListItem","position":1,"name":"Accueil","item":"https:\/\/vieassociative.be\/actualites\/"},{"@type":"ListItem","position":2,"name":"Google annonce Android News avant les E \/ S"}]},{"@type":"WebSite","@id":"https:\/\/vieassociative.be\/actualites\/#website","url":"https:\/\/vieassociative.be\/actualites\/","name":"Vie Associative","description":"","publisher":{"@id":"https:\/\/vieassociative.be\/actualites\/#organization"},"potentialAction":[{"@type":"SearchAction","target":{"@type":"EntryPoint","urlTemplate":"https:\/\/vieassociative.be\/actualites\/?s={search_term_string}"},"query-input":{"@type":"PropertyValueSpecification","valueRequired":true,"valueName":"search_term_string"}}],"inLanguage":"fr-BE"},{"@type":"Organization","@id":"https:\/\/vieassociative.be\/actualites\/#organization","name":"Vie Associative","url":"https:\/\/vieassociative.be\/actualites\/","logo":{"@type":"ImageObject","inLanguage":"fr-BE","@id":"https:\/\/vieassociative.be\/actualites\/#\/schema\/logo\/image\/","url":"https:\/\/vieassociative.be\/actualites\/wp-content\/uploads\/2024\/09\/cropped-vieassociative_favicon.ico.png","contentUrl":"https:\/\/vieassociative.be\/actualites\/wp-content\/uploads\/2024\/09\/cropped-vieassociative_favicon.ico.png","width":512,"height":512,"caption":"Vie Associative"},"image":{"@id":"https:\/\/vieassociative.be\/actualites\/#\/schema\/logo\/image\/"}},{"@type":"Person","@id":"https:\/\/vieassociative.be\/actualites\/#\/schema\/person\/b87ac4f82f9d4e7b7cec7395b679edc4","name":"Julien","image":{"@type":"ImageObject","inLanguage":"fr-BE","@id":"https:\/\/vieassociative.be\/actualites\/#\/schema\/person\/image\/","url":"https:\/\/vieassociative.be\/actualites\/wp-content\/uploads\/2024\/09\/vie-associative-1-150x150.jpg","contentUrl":"https:\/\/vieassociative.be\/actualites\/wp-content\/uploads\/2024\/09\/vie-associative-1-150x150.jpg","caption":"Julien"},"description":"Je suis Julien, r\u00e9dacteur pour Vie Associative. Passionn\u00e9 par le monde associatif depuis plus de 10 ans, j'ai \u00e0 c\u0153ur de partager des histoires inspirantes et de mettre en lumi\u00e8re les initiatives locales. Mon objectif est de sensibiliser et d'encourager l'engagement communautaire \u00e0 travers mes articles.","sameAs":["https:\/\/vieassociative.be\/"]}]}},"_links":{"self":[{"href":"https:\/\/vieassociative.be\/actualites\/wp-json\/wp\/v2\/posts\/7122"}],"collection":[{"href":"https:\/\/vieassociative.be\/actualites\/wp-json\/wp\/v2\/posts"}],"about":[{"href":"https:\/\/vieassociative.be\/actualites\/wp-json\/wp\/v2\/types\/post"}],"author":[{"embeddable":true,"href":"https:\/\/vieassociative.be\/actualites\/wp-json\/wp\/v2\/users\/1"}],"replies":[{"embeddable":true,"href":"https:\/\/vieassociative.be\/actualites\/wp-json\/wp\/v2\/comments?post=7122"}],"version-history":[{"count":0,"href":"https:\/\/vieassociative.be\/actualites\/wp-json\/wp\/v2\/posts\/7122\/revisions"}],"wp:featuredmedia":[{"embeddable":true,"href":"https:\/\/vieassociative.be\/actualites\/wp-json\/wp\/v2\/media\/7123"}],"wp:attachment":[{"href":"https:\/\/vieassociative.be\/actualites\/wp-json\/wp\/v2\/media?parent=7122"}],"wp:term":[{"taxonomy":"category","embeddable":true,"href":"https:\/\/vieassociative.be\/actualites\/wp-json\/wp\/v2\/categories?post=7122"},{"taxonomy":"post_tag","embeddable":true,"href":"https:\/\/vieassociative.be\/actualites\/wp-json\/wp\/v2\/tags?post=7122"}],"curies":[{"name":"wp","href":"https:\/\/api.w.org\/{rel}","templated":true}]}}