{"id":7118,"date":"2025-04-29T01:17:34","date_gmt":"2025-04-28T23:17:34","guid":{"rendered":"https:\/\/vieassociative.be\/actualites\/le-guide-des-adultes-hors-contact-de-la-culture-des-enfants-la-fin-de-largot\/"},"modified":"2025-04-29T01:17:34","modified_gmt":"2025-04-28T23:17:34","slug":"le-guide-des-adultes-hors-contact-de-la-culture-des-enfants-la-fin-de-largot","status":"publish","type":"post","link":"https:\/\/vieassociative.be\/actualites\/le-guide-des-adultes-hors-contact-de-la-culture-des-enfants-la-fin-de-largot\/","title":{"rendered":"Le Guide des adultes hors contact de la culture des enfants: la fin de l&rsquo;argot"},"content":{"rendered":"<div class=\"mt-4 leading-6 md:mb-8\">Dire \u00ab\u00a0Toilettes de skibidi\u00a0\u00bb et \u00ab\u00a0Rizz\u00a0\u00bb il y a huit minutes.<\/div>\n<p><\/p>\n<p>La culture des jeunes se d\u00e9place rapidement. Un nouvel argot est cr\u00e9\u00e9 et abandonn\u00e9 \u00e0 quelques jours, des communaut\u00e9s enti\u00e8res s&rsquo;organisent autour d&rsquo;une photographie floue, des blagues deviennent des m\u00e8mes, les m\u00e8mes deviennent des rituels et tout pourrait \u00eatre abandonn\u00e9 avant m\u00eame de remarquer qu&rsquo;il existe. C&rsquo;est comme essayer d&rsquo;\u00e9tudier un flocon de neige: une fois que vous pouvez le regarder, il est d\u00e9j\u00e0 fondu. C&rsquo;est donc cette semaine, alors que je regarde un nouveau lexique de l&rsquo;argot de Rot de cerveau (qui pourrait ne pas \u00eatre vraiment l&rsquo;argot), un format de m\u00e8me bas\u00e9 sur la menace de manger votre conducteur Uber et la d\u00e9ception performative de la jeunesse. De plus, pour rappeler que nous partageons encore quelque chose, une vid\u00e9o sur la fascination sans fin de l&rsquo;humanit\u00e9 pour creuser des trous.<\/p>\n<h2 id=\"what-do-kevin-gurt-and-ikiab-mean\">Que signifie \u00ab\u00a0Kevin\u00a0\u00bb, \u00ab\u00a0Gurt\u00a0\u00bb et \u00ab\u00a0Ikiab\u00a0\u00bb? <\/h2>\n<p>Je couvre beaucoup de l&rsquo;argot dans cette colonne et garde un glossaire en cours d&rsquo;ex\u00e9cution de la g\u00e9n\u00e9ration Z et des mots Gen A, mais je ne sais pas quoi faire de \u00ab\u00a0Kevin\u00a0\u00bb, \u00ab\u00a0Gurt\u00a0\u00bb, \u00ab\u00a0Ikiab\u00a0\u00bb et d&rsquo;innombrables autres termes d&rsquo;argot n\u00e9s au cours des deux derni\u00e8res semaines. Pour beaucoup de jeunes, tout ce qui est de mauvais peut \u00eatre d\u00e9crit comme Kevin, et le mot Gurt signifie quelque chose comme \u00ab\u00a0intelligent mais dangereux\u00a0\u00bb et Ikiab est un acronyme pour \u00ab\u00a0Imma Keep It a Buck\u00a0\u00bb, ce qui signifie \u00ab\u00a0je dis la v\u00e9rit\u00e9\u00a0\u00bb. Mais peut-\u00eatre qu&rsquo;ils ne veulent rien dire. <\/p>\n<p>Tous ces nouveaux mots font partie du monde en \u00e9volution rapide des m\u00e8mes de rot du cerveau, et ils chevauchent une ligne entre la parodie de l&rsquo;argot et l&rsquo;argot r\u00e9el. Ikiab a \u00e9t\u00e9 invent\u00e9 il y a quelques semaines par l&rsquo;utilisateur de Tiktok @xznthos, qui a d\u00e9clar\u00e9 que c&rsquo;\u00e9tait un nouvel argot que tout le monde utiliserait maintenant. Gurt a \u00e9t\u00e9 invent\u00e9 et d\u00e9fini quelques jours plus tard, et Kevin quelques jours apr\u00e8s cela. Cela a conduit \u00e0 inventer des mots d&rsquo;argot de devenir un format de m\u00e8me dans des vid\u00e9os de rot du cerveau, toutes sortes de personnes d\u00e9clarant que toutes sortes de mots signifient d\u00e9sormais toutes sortes de choses. Mais le font-ils? L&rsquo;argot est-il vraiment de l&rsquo;argot simplement parce que quelqu&rsquo;un le dit et beaucoup de gens voient la vid\u00e9o?   <\/p>\n<p>En allant un peu plus loin, un \u00e9crivain de Daily Dot a demand\u00e9 un aper\u00e7u g\u00e9n\u00e9ratif de l&rsquo;IA de Google Search pour d\u00e9finir des phrases absurdes comme \u00ab\u00a0Banana Slurp\u00a0\u00bb et \u00ab\u00a0Cyclops vibing\u00a0\u00bb, et il a r\u00e9pondu que la banane Slurp \u00ab\u00a0pourrait potentiellement \u00eatre une mauvaise interpr\u00e9tation de` `qui est des bananes \u00a0\u00bb ou\u00a0\u00bb elle \/ il est all\u00e9 aux bananes \u00ab\u00a0qui sugg\u00e8rent que quelque chose est fou, ou extr\u00eame Une personne s&rsquo;amuse et dans un bon endroit, m\u00eame si elle est repr\u00e9sent\u00e9e avec une image quelque peu intimidante ou inhabituelle comme un cyclope. \u00bb<\/p>\n<p>Donc, vous n&rsquo;avez m\u00eame pas besoin d&rsquo;une personne pour avoir jamais utilis\u00e9 un mot ou une phrase pour qu&rsquo;il ait une d\u00e9finition (au moins sur un ordinateur), alors quand est un argot de mot et quand est-ce un non-sens? C&rsquo;est le genre de question que seule une cigogne totale se poserait plus fluide.<\/p>\n<h2 id=\"what-is-the-im-so-hungry-i-could-eat-trend\">Quelle est la tendance \u00ab\u00a0J&rsquo;ai si faim que je pourrais manger &#8230;\u00a0\u00bb?<\/h2>\n<p>La tendance \u00ab\u00a0J&rsquo;ai tellement faim que je pourrais manger &#8230;\u00a0\u00bb est beaucoup plus facile \u00e0 comprendre que l&rsquo;argot de rot du cerveau. C&rsquo;est une forme de vid\u00e9o de farce o\u00f9 vous enregistrez secr\u00e8tement la r\u00e9action de quelqu&rsquo;un \u00e0 vous en disant: \u00ab\u00a0J&rsquo;ai tellement faim que je pourrais manger X\u00a0\u00bb, avec X \u00e9tant ce qui est susceptible d&rsquo;obtenir la plus grande r\u00e9action. <\/p>\n<p>Cela a commenc\u00e9 avec des vid\u00e9os de parents disant \u00ab\u00a0J&rsquo;ai tellement faim que je pouvais manger un enfant\u00a0\u00bb \u00e0 leurs enfants, ce qui est adorable:<\/p>\n<blockquote class=\"tiktokEmbed tiktok-embed\" data-video-id=\"7494750673020538143\" style=\"max-width: 605px;min-width: 325px;\">\n<section><\/section>\n<\/blockquote>\n<p>Ensuite, les propri\u00e9taires de chiens ont commenc\u00e9 \u00e0 menacer de manger leurs chiens:<\/p>\n<blockquote class=\"tiktokEmbed tiktok-embed\" data-video-id=\"7495460368999795990\" style=\"max-width: 605px;min-width: 325px;\">\n<section><\/section>\n<\/blockquote>\n<p>Ensuite, les choses ont commenc\u00e9 \u00e0 devenir \u00e9trang\u00e8res, comme cette vid\u00e9o o\u00f9 quelqu&rsquo;un menace de manger son conducteur Uber.<\/p>\n<blockquote class=\"tiktokEmbed tiktok-embed\" data-video-id=\"7495157400886873375\" style=\"max-width: 605px;min-width: 325px;\">\n<section><\/section>\n<\/blockquote>\n<p>Mais la plus grande partie de la tendance dit que vous avez tellement faim qu&rsquo;ils pourraient manger une personne al\u00e9atoire et sp\u00e9cifique du pass\u00e9 de leur victime. Comme un vieux camarade de classe qui aurait pu \u00eatre dangereux:<\/p>\n<blockquote class=\"tiktokEmbed tiktok-embed\" data-video-id=\"7496647328342822174\" style=\"max-width: 605px;min-width: 325px;\">\n<section><\/section>\n<\/blockquote>\n<p>Ou leur premier petit ami:<\/p>\n<blockquote class=\"tiktokEmbed tiktok-embed\" data-video-id=\"7497293307240926507\" style=\"max-width: 605px;min-width: 325px;\">\n<section><\/section>\n<\/blockquote>\n<p>ou leur concessionnaire de coke des ann\u00e9es 90. <\/p>\n<div class=\"pogoClear relative my-10 border-b-(1.5px) border-t-(1.5px) border-dashed border-black py-5 sm:my-14 sm:border-0 sm:py-0\" data-ga-click data-ga-template=\"Opinions\" data-ga-module=\"openweb_widget\" data-ga-element=\"openweb_scroll\" data-ga-item=\"openweb_scroll_midpage\" x-cloak x-data=\"{ commentsCount: null, hasComments: false }\" x-init=\"commentsCount = await window.openweb.getMessagesCount(01JSQS5SYFGQCPD7BSVGZ0R4J1);\n     hasComments = commentsCount !== null &amp;&amp; commentsCount &gt; 0\"><\/p>\n<div class=\"absolute top-1\/2 hidden w-full -translate-y-1\/2 border-t-(1.5px) border-dashed border-black sm:block\"><\/div>\n<div class=\"relative flex justify-center\">\n<div class=\"flex max-w-max items-center gap-x-3 bg-white px-5\">\n<div class=\"relative\">\n                <span class=\"absolute left-1\/2 top-1\/2 -translate-x-1\/2 -translate-y-1\/2 font-akshar text-sm font-medium text-black\" x-show=\"hasComments\" x-text=\"commentsCount\"><\/span><\/p>\n<p>                <svg class=\"h-8 w-8 text-black\">\n                    <use href=\"http:\/\/lifehacker.com\/images\/icons\/spritemap.svg#sprite-chat-bubble\"><\/use>\n                <\/svg>\n            <\/div>\n<p>            <span class=\"text-sm font-medium text-black\"><\/p>\n<p>                Que pensez-vous jusqu&rsquo;\u00e0 pr\u00e9sent?<br \/>\n                <button class=\"font-semibold text-brand-green underline hover:text-brand-green-700\" onclick=\"window.openweb.scrollToComments(01JSQS5SYFGQCPD7BSVGZ0R4J1)\" x-text=\"hasComments ? 'Post a comment.' : 'Be the first to post a comment.'\"><\/button><br \/>\n            <\/span>\n        <\/div>\n<\/p><\/div>\n<\/div>\n<blockquote class=\"tiktokEmbed tiktok-embed\" data-video-id=\"7496682539956833579\" style=\"max-width: 605px;min-width: 325px;\">\n<section><\/section>\n<\/blockquote>\n<h2 id=\"what-is-the-hiccup-cult\">Qu&rsquo;est-ce que le culte hoquet?<\/h2>\n<p>Si votre enfant vient de rejoindre le culte du hoquet, ne vous inqui\u00e9tez pas. Ce n&rsquo;est pas un culte comme le temple du peuple; C&rsquo;est juste une chose Tiktok al\u00e9atoire sans r\u00e9elle signification. Il y a quelques semaines, Tiktoker @annessTinkysock a publi\u00e9 une vid\u00e9o o\u00f9 ils ont soulign\u00e9 que le personnage hoquet de <em>Comment entra\u00eener votre dragon<\/em> est plut\u00f4t dr\u00f4le, et qu&rsquo;elle avait chang\u00e9 sa photo de profil en une image de hoquet. C&rsquo;est \u00e7a. C&rsquo;est toute l&rsquo;histoire d&rsquo;origine. Pour une raison quelconque, personne ne peut expliquer, cette vid\u00e9o a \u00e9t\u00e9 crach\u00e9e \u00e0 des millions d&rsquo;utilisateurs de Tiktok, des milliers (peut-\u00eatre des centaines de milliers) qui ont chang\u00e9 leurs propres images de profil en hoquet. Beaucoup d&rsquo;entre eux ont commenc\u00e9 \u00e0 se suivre et un culte est n\u00e9. Pour vous joindre, il vous suffit de changer votre photo de profil en hoquet et vous \u00eates. <\/p>\n<p>Les cultes de Tiktok ne sont pas nouveaux. Il y en a eu une tonne tournant autour d&rsquo;une image d&rsquo;un hamster, d&rsquo;un personnage de Dragon Ball Goku, ou de serviteurs. C&rsquo;est le genre de chose qui sera oubli\u00e9 rapidement, mais peut-\u00eatre que cela donne un sentiment d&rsquo;appartenance pour les 12 secondes qu&rsquo;il existe. <\/p>\n<h2 id=\"rejection-cakes-take-over-the-internet\">\u00ab\u00a0G\u00e2teaux de rejet\u00a0\u00bb reprennent Internet<\/h2>\n<p>C&rsquo;est la p\u00e9riode de l&rsquo;ann\u00e9e o\u00f9 les a\u00een\u00e9s du secondaire traversent leurs doigts et re\u00e7oivent leurs e-mails d&rsquo;acceptation ou de rejet des coll\u00e8ges auxquels ils ont postul\u00e9. Comme vous vous en doutez probablement, les m\u00e9dias sociaux sont remplis de vid\u00e9os de sur-performants qui pleurent des larmes heureuses parce qu&rsquo;ils ont \u00e9t\u00e9 accept\u00e9s \u00e0 Harvard, au Boston College, ou dans les quatre \u00e9coles de la Ivy League auxquelles ils ont postul\u00e9. Comme vous vous en doutez probablement, cela devient ridicule. D\u00e9couvrez \u00e0 quel point cette vid\u00e9o est \u00e9labor\u00e9e pour entrer dans UT Austin:<\/p>\n<blockquote class=\"tiktokEmbed tiktok-embed\" data-video-id=\"7491781331630771486\" style=\"max-width: 605px;min-width: 325px;\">\n<section><\/section>\n<\/blockquote>\n<p>Bon pour elle et tout, mais je veux dire, c&rsquo;est <em>UT Austin<\/em>? Quoi qu&rsquo;il en soit, je suis plus int\u00e9ress\u00e9 par les gens qui ne choisiront pas entre Yale et Dartmouth cet automne. La tendance pour le reste d&rsquo;entre nous, les \u00e9galement-rans et les presque fabriqu\u00e9s, cette ann\u00e9e, ce sont les g\u00e2teaux de rejet. Des vid\u00e9os comme celle-ci:<\/p>\n<blockquote class=\"tiktokEmbed tiktok-embed\" data-video-id=\"7490024845753781547\" style=\"max-width: 605px;min-width: 325px;\">\n<section><\/section>\n<\/blockquote>\n<p>Et celui-ci:<\/p>\n<blockquote class=\"tiktokEmbed tiktok-embed\" data-video-id=\"7492912718236749087\" style=\"max-width: 605px;min-width: 325px;\">\n<section><\/section>\n<\/blockquote>\n<p>offrent un contre-r\u00e9cit indispensable \u00e0 tous les terribles succ\u00e8s que certaines personnes \u00e9prouvent. Je pense qu&rsquo;il y a quelque chose de plus pr\u00e9cieux dans les d\u00e9monstrations performatives de r\u00e9silience que les d\u00e9monstrations de fiert\u00e9, car nous ne pouvons pas tous entrer \u00e0 Stanford, mais nous pouvons tous manger du g\u00e2teau. Quoi qu&rsquo;il en soit, si vous souhaitez regarder les jeunes qui ont eu leurs espoirs t\u00f4t au lieu de les faire passer lorsqu&rsquo;ils sont dipl\u00f4m\u00e9s de leur coll\u00e8ge de r\u00eave, il y a un tas de vid\u00e9os ici. <\/p>\n<h2 id=\"viral-video-of-the-week-a-video-about-digging-a-hole\">Vid\u00e9o virale de la semaine: une vid\u00e9o sur la fouille d&rsquo;un trou<\/h2>\n<div class=\"mx-auto mt-8 w-full max-w-4xl aspect-video\">\n<div id=\"video-container-5iQ8dpu-W4k\"><\/div>\n<\/div>\n<p>Beaucoup de culture de la jeunesse de nos jours est \u00e0 la hauteur du nom de \u00ab\u00a0Rot du cerveau\u00a0\u00bb, mais il y a toujours un yin au Yang, comme la vid\u00e9o virale de cette semaine, \u00ab\u00a0une vid\u00e9o sur la fouille d&rsquo;un trou.\u00a0\u00bb Cette vid\u00e9o n&rsquo;a pourrir le cerveau de personne. Dans ce document, YouTuber Jacob Geller va profond\u00e9ment dans le sujet des trous. Les gens, en particulier les plus jeunes, ont toujours \u00e9t\u00e9 fascin\u00e9s par les trous, et la vid\u00e9o de Geller examine le pouvoir culturel et symbolique du trou simple dans le sol, trouvant des liens entre le roman classique des jeunes adultes de Louis Sachar <em>Trous<\/em>, <em>Minecraft<\/em> Digging et tunneling constant, jeu vid\u00e9o \u00e0 succ\u00e8s inattendu de 2025 <em>Un jeu sur la creusage d&rsquo;un trou<\/em><em>,<\/em> et bien plus de m\u00e9dias bas\u00e9s sur des trous. Cette vid\u00e9o vaut la peine pour la section sur le trou de forage Kola Superdeep &#8211; le trou le plus profond que les humains ont jamais creus\u00e9. <\/p>\n<p><script async src=\"\/\/www.tiktok.com\/embed.js\"><\/script><\/p>\n","protected":false},"excerpt":{"rendered":"<p>Dire \u00ab\u00a0Toilettes de skibidi\u00a0\u00bb et \u00ab\u00a0Rizz\u00a0\u00bb il y a huit minutes. La culture des jeunes se d\u00e9place rapidement. Un nouvel argot est cr\u00e9\u00e9 et abandonn\u00e9<\/p>\n","protected":false},"author":1,"featured_media":7119,"comment_status":"","ping_status":"","sticky":false,"template":"","format":"standard","meta":{"footnotes":""},"categories":[36],"tags":[899,5283,2805,29,324,1908,461,2494,6691],"class_list":["post-7118","post","type-post","status-publish","format-standard","has-post-thumbnail","hentry","category-divertissement","tag-adultes","tag-contact","tag-culture","tag-des","tag-enfants","tag-fin","tag-guide","tag-hors","tag-largot","generate-columns","tablet-grid-50","mobile-grid-100","grid-parent","grid-33"],"yoast_head":"<!-- This site is optimized with the Yoast SEO plugin v24.0 - https:\/\/yoast.com\/wordpress\/plugins\/seo\/ -->\n<title>Le Guide des adultes hors contact de la culture des enfants: la fin de l&#039;argot | Vie Associative<\/title>\n<meta name=\"robots\" content=\"index, follow, max-snippet:-1, max-image-preview:large, max-video-preview:-1\" \/>\n<link rel=\"canonical\" href=\"https:\/\/vieassociative.be\/actualites\/le-guide-des-adultes-hors-contact-de-la-culture-des-enfants-la-fin-de-largot\/\" \/>\n<meta property=\"og:locale\" content=\"fr_FR\" \/>\n<meta property=\"og:type\" content=\"article\" \/>\n<meta property=\"og:title\" content=\"Le Guide des adultes hors contact de la culture des enfants: la fin de l&#039;argot | Vie Associative\" \/>\n<meta property=\"og:description\" content=\"Dire \u00ab\u00a0Toilettes de skibidi\u00a0\u00bb et \u00ab\u00a0Rizz\u00a0\u00bb il y a huit minutes. La culture des jeunes se d\u00e9place rapidement. Un nouvel argot est cr\u00e9\u00e9 et abandonn\u00e9\" \/>\n<meta property=\"og:url\" content=\"https:\/\/vieassociative.be\/actualites\/le-guide-des-adultes-hors-contact-de-la-culture-des-enfants-la-fin-de-largot\/\" \/>\n<meta property=\"og:site_name\" content=\"Vie Associative\" \/>\n<meta property=\"article:published_time\" content=\"2025-04-28T23:17:34+00:00\" \/>\n<meta property=\"og:image\" content=\"https:\/\/vieassociative.be\/actualites\/wp-content\/uploads\/2024\/09\/header_backgroundk-01-e1726694325946.png\" \/>\n\t<meta property=\"og:image:width\" content=\"279\" \/>\n\t<meta property=\"og:image:height\" content=\"92\" \/>\n\t<meta property=\"og:image:type\" content=\"image\/png\" \/>\n<meta name=\"author\" content=\"Julien\" \/>\n<meta name=\"twitter:card\" content=\"summary_large_image\" \/>\n<meta name=\"twitter:label1\" content=\"\u00c9crit par\" \/>\n\t<meta name=\"twitter:data1\" content=\"Julien\" \/>\n\t<meta name=\"twitter:label2\" content=\"Dur\u00e9e de lecture est.\" \/>\n\t<meta name=\"twitter:data2\" content=\"7 minutes\" \/>\n<script type=\"application\/ld+json\" class=\"yoast-schema-graph\">{\"@context\":\"https:\/\/schema.org\",\"@graph\":[{\"@type\":\"Article\",\"@id\":\"https:\/\/vieassociative.be\/actualites\/le-guide-des-adultes-hors-contact-de-la-culture-des-enfants-la-fin-de-largot\/#article\",\"isPartOf\":{\"@id\":\"https:\/\/vieassociative.be\/actualites\/le-guide-des-adultes-hors-contact-de-la-culture-des-enfants-la-fin-de-largot\/\"},\"author\":{\"name\":\"Julien\",\"@id\":\"https:\/\/vieassociative.be\/actualites\/#\/schema\/person\/b87ac4f82f9d4e7b7cec7395b679edc4\"},\"headline\":\"Le Guide des adultes hors contact de la culture des enfants: la fin de l&rsquo;argot\",\"datePublished\":\"2025-04-28T23:17:34+00:00\",\"dateModified\":\"2025-04-28T23:17:34+00:00\",\"mainEntityOfPage\":{\"@id\":\"https:\/\/vieassociative.be\/actualites\/le-guide-des-adultes-hors-contact-de-la-culture-des-enfants-la-fin-de-largot\/\"},\"wordCount\":1503,\"publisher\":{\"@id\":\"https:\/\/vieassociative.be\/actualites\/#organization\"},\"image\":{\"@id\":\"https:\/\/vieassociative.be\/actualites\/le-guide-des-adultes-hors-contact-de-la-culture-des-enfants-la-fin-de-largot\/#primaryimage\"},\"thumbnailUrl\":\"https:\/\/vieassociative.be\/actualites\/wp-content\/uploads\/2025\/04\/Le-Guide-des-adultes-hors-contact-de-la-culture-des.jpg\",\"keywords\":[\"adultes\",\"contact\",\"culture\",\"Des\",\"enfants\",\"fin\",\"Guide\",\"hors\",\"largot\"],\"articleSection\":[\"Divertissement\"],\"inLanguage\":\"fr-BE\"},{\"@type\":\"WebPage\",\"@id\":\"https:\/\/vieassociative.be\/actualites\/le-guide-des-adultes-hors-contact-de-la-culture-des-enfants-la-fin-de-largot\/\",\"url\":\"https:\/\/vieassociative.be\/actualites\/le-guide-des-adultes-hors-contact-de-la-culture-des-enfants-la-fin-de-largot\/\",\"name\":\"Le Guide des adultes hors contact de la culture des enfants: la fin de l'argot | Vie Associative\",\"isPartOf\":{\"@id\":\"https:\/\/vieassociative.be\/actualites\/#website\"},\"primaryImageOfPage\":{\"@id\":\"https:\/\/vieassociative.be\/actualites\/le-guide-des-adultes-hors-contact-de-la-culture-des-enfants-la-fin-de-largot\/#primaryimage\"},\"image\":{\"@id\":\"https:\/\/vieassociative.be\/actualites\/le-guide-des-adultes-hors-contact-de-la-culture-des-enfants-la-fin-de-largot\/#primaryimage\"},\"thumbnailUrl\":\"https:\/\/vieassociative.be\/actualites\/wp-content\/uploads\/2025\/04\/Le-Guide-des-adultes-hors-contact-de-la-culture-des.jpg\",\"datePublished\":\"2025-04-28T23:17:34+00:00\",\"dateModified\":\"2025-04-28T23:17:34+00:00\",\"breadcrumb\":{\"@id\":\"https:\/\/vieassociative.be\/actualites\/le-guide-des-adultes-hors-contact-de-la-culture-des-enfants-la-fin-de-largot\/#breadcrumb\"},\"inLanguage\":\"fr-BE\",\"potentialAction\":[{\"@type\":\"ReadAction\",\"target\":[\"https:\/\/vieassociative.be\/actualites\/le-guide-des-adultes-hors-contact-de-la-culture-des-enfants-la-fin-de-largot\/\"]}]},{\"@type\":\"ImageObject\",\"inLanguage\":\"fr-BE\",\"@id\":\"https:\/\/vieassociative.be\/actualites\/le-guide-des-adultes-hors-contact-de-la-culture-des-enfants-la-fin-de-largot\/#primaryimage\",\"url\":\"https:\/\/vieassociative.be\/actualites\/wp-content\/uploads\/2025\/04\/Le-Guide-des-adultes-hors-contact-de-la-culture-des.jpg\",\"contentUrl\":\"https:\/\/vieassociative.be\/actualites\/wp-content\/uploads\/2025\/04\/Le-Guide-des-adultes-hors-contact-de-la-culture-des.jpg\",\"width\":1200,\"height\":675,\"caption\":\"Le Guide des adultes hors contact de la culture des enfants: la fin de l'argot\"},{\"@type\":\"BreadcrumbList\",\"@id\":\"https:\/\/vieassociative.be\/actualites\/le-guide-des-adultes-hors-contact-de-la-culture-des-enfants-la-fin-de-largot\/#breadcrumb\",\"itemListElement\":[{\"@type\":\"ListItem\",\"position\":1,\"name\":\"Accueil\",\"item\":\"https:\/\/vieassociative.be\/actualites\/\"},{\"@type\":\"ListItem\",\"position\":2,\"name\":\"Le Guide des adultes hors contact de la culture des enfants: la fin de l&rsquo;argot\"}]},{\"@type\":\"WebSite\",\"@id\":\"https:\/\/vieassociative.be\/actualites\/#website\",\"url\":\"https:\/\/vieassociative.be\/actualites\/\",\"name\":\"Vie Associative\",\"description\":\"\",\"publisher\":{\"@id\":\"https:\/\/vieassociative.be\/actualites\/#organization\"},\"potentialAction\":[{\"@type\":\"SearchAction\",\"target\":{\"@type\":\"EntryPoint\",\"urlTemplate\":\"https:\/\/vieassociative.be\/actualites\/?s={search_term_string}\"},\"query-input\":{\"@type\":\"PropertyValueSpecification\",\"valueRequired\":true,\"valueName\":\"search_term_string\"}}],\"inLanguage\":\"fr-BE\"},{\"@type\":\"Organization\",\"@id\":\"https:\/\/vieassociative.be\/actualites\/#organization\",\"name\":\"Vie Associative\",\"url\":\"https:\/\/vieassociative.be\/actualites\/\",\"logo\":{\"@type\":\"ImageObject\",\"inLanguage\":\"fr-BE\",\"@id\":\"https:\/\/vieassociative.be\/actualites\/#\/schema\/logo\/image\/\",\"url\":\"https:\/\/vieassociative.be\/actualites\/wp-content\/uploads\/2024\/09\/cropped-vieassociative_favicon.ico.png\",\"contentUrl\":\"https:\/\/vieassociative.be\/actualites\/wp-content\/uploads\/2024\/09\/cropped-vieassociative_favicon.ico.png\",\"width\":512,\"height\":512,\"caption\":\"Vie Associative\"},\"image\":{\"@id\":\"https:\/\/vieassociative.be\/actualites\/#\/schema\/logo\/image\/\"}},{\"@type\":\"Person\",\"@id\":\"https:\/\/vieassociative.be\/actualites\/#\/schema\/person\/b87ac4f82f9d4e7b7cec7395b679edc4\",\"name\":\"Julien\",\"image\":{\"@type\":\"ImageObject\",\"inLanguage\":\"fr-BE\",\"@id\":\"https:\/\/vieassociative.be\/actualites\/#\/schema\/person\/image\/\",\"url\":\"https:\/\/vieassociative.be\/actualites\/wp-content\/uploads\/2024\/09\/vie-associative-1-150x150.jpg\",\"contentUrl\":\"https:\/\/vieassociative.be\/actualites\/wp-content\/uploads\/2024\/09\/vie-associative-1-150x150.jpg\",\"caption\":\"Julien\"},\"description\":\"Je suis Julien, r\u00e9dacteur pour Vie Associative. Passionn\u00e9 par le monde associatif depuis plus de 10 ans, j'ai \u00e0 c\u0153ur de partager des histoires inspirantes et de mettre en lumi\u00e8re les initiatives locales. Mon objectif est de sensibiliser et d'encourager l'engagement communautaire \u00e0 travers mes articles.\",\"sameAs\":[\"https:\/\/vieassociative.be\/\"]}]}<\/script>\n<!-- \/ Yoast SEO plugin. -->","yoast_head_json":{"title":"Le Guide des adultes hors contact de la culture des enfants: la fin de l'argot | Vie Associative","robots":{"index":"index","follow":"follow","max-snippet":"max-snippet:-1","max-image-preview":"max-image-preview:large","max-video-preview":"max-video-preview:-1"},"canonical":"https:\/\/vieassociative.be\/actualites\/le-guide-des-adultes-hors-contact-de-la-culture-des-enfants-la-fin-de-largot\/","og_locale":"fr_FR","og_type":"article","og_title":"Le Guide des adultes hors contact de la culture des enfants: la fin de l'argot | Vie Associative","og_description":"Dire \u00ab\u00a0Toilettes de skibidi\u00a0\u00bb et \u00ab\u00a0Rizz\u00a0\u00bb il y a huit minutes. La culture des jeunes se d\u00e9place rapidement. Un nouvel argot est cr\u00e9\u00e9 et abandonn\u00e9","og_url":"https:\/\/vieassociative.be\/actualites\/le-guide-des-adultes-hors-contact-de-la-culture-des-enfants-la-fin-de-largot\/","og_site_name":"Vie Associative","article_published_time":"2025-04-28T23:17:34+00:00","og_image":[{"width":279,"height":92,"url":"https:\/\/vieassociative.be\/actualites\/wp-content\/uploads\/2024\/09\/header_backgroundk-01-e1726694325946.png","type":"image\/png"}],"author":"Julien","twitter_card":"summary_large_image","twitter_misc":{"\u00c9crit par":"Julien","Dur\u00e9e de lecture est.":"7 minutes"},"schema":{"@context":"https:\/\/schema.org","@graph":[{"@type":"Article","@id":"https:\/\/vieassociative.be\/actualites\/le-guide-des-adultes-hors-contact-de-la-culture-des-enfants-la-fin-de-largot\/#article","isPartOf":{"@id":"https:\/\/vieassociative.be\/actualites\/le-guide-des-adultes-hors-contact-de-la-culture-des-enfants-la-fin-de-largot\/"},"author":{"name":"Julien","@id":"https:\/\/vieassociative.be\/actualites\/#\/schema\/person\/b87ac4f82f9d4e7b7cec7395b679edc4"},"headline":"Le Guide des adultes hors contact de la culture des enfants: la fin de l&rsquo;argot","datePublished":"2025-04-28T23:17:34+00:00","dateModified":"2025-04-28T23:17:34+00:00","mainEntityOfPage":{"@id":"https:\/\/vieassociative.be\/actualites\/le-guide-des-adultes-hors-contact-de-la-culture-des-enfants-la-fin-de-largot\/"},"wordCount":1503,"publisher":{"@id":"https:\/\/vieassociative.be\/actualites\/#organization"},"image":{"@id":"https:\/\/vieassociative.be\/actualites\/le-guide-des-adultes-hors-contact-de-la-culture-des-enfants-la-fin-de-largot\/#primaryimage"},"thumbnailUrl":"https:\/\/vieassociative.be\/actualites\/wp-content\/uploads\/2025\/04\/Le-Guide-des-adultes-hors-contact-de-la-culture-des.jpg","keywords":["adultes","contact","culture","Des","enfants","fin","Guide","hors","largot"],"articleSection":["Divertissement"],"inLanguage":"fr-BE"},{"@type":"WebPage","@id":"https:\/\/vieassociative.be\/actualites\/le-guide-des-adultes-hors-contact-de-la-culture-des-enfants-la-fin-de-largot\/","url":"https:\/\/vieassociative.be\/actualites\/le-guide-des-adultes-hors-contact-de-la-culture-des-enfants-la-fin-de-largot\/","name":"Le Guide des adultes hors contact de la culture des enfants: la fin de l'argot | Vie Associative","isPartOf":{"@id":"https:\/\/vieassociative.be\/actualites\/#website"},"primaryImageOfPage":{"@id":"https:\/\/vieassociative.be\/actualites\/le-guide-des-adultes-hors-contact-de-la-culture-des-enfants-la-fin-de-largot\/#primaryimage"},"image":{"@id":"https:\/\/vieassociative.be\/actualites\/le-guide-des-adultes-hors-contact-de-la-culture-des-enfants-la-fin-de-largot\/#primaryimage"},"thumbnailUrl":"https:\/\/vieassociative.be\/actualites\/wp-content\/uploads\/2025\/04\/Le-Guide-des-adultes-hors-contact-de-la-culture-des.jpg","datePublished":"2025-04-28T23:17:34+00:00","dateModified":"2025-04-28T23:17:34+00:00","breadcrumb":{"@id":"https:\/\/vieassociative.be\/actualites\/le-guide-des-adultes-hors-contact-de-la-culture-des-enfants-la-fin-de-largot\/#breadcrumb"},"inLanguage":"fr-BE","potentialAction":[{"@type":"ReadAction","target":["https:\/\/vieassociative.be\/actualites\/le-guide-des-adultes-hors-contact-de-la-culture-des-enfants-la-fin-de-largot\/"]}]},{"@type":"ImageObject","inLanguage":"fr-BE","@id":"https:\/\/vieassociative.be\/actualites\/le-guide-des-adultes-hors-contact-de-la-culture-des-enfants-la-fin-de-largot\/#primaryimage","url":"https:\/\/vieassociative.be\/actualites\/wp-content\/uploads\/2025\/04\/Le-Guide-des-adultes-hors-contact-de-la-culture-des.jpg","contentUrl":"https:\/\/vieassociative.be\/actualites\/wp-content\/uploads\/2025\/04\/Le-Guide-des-adultes-hors-contact-de-la-culture-des.jpg","width":1200,"height":675,"caption":"Le Guide des adultes hors contact de la culture des enfants: la fin de l'argot"},{"@type":"BreadcrumbList","@id":"https:\/\/vieassociative.be\/actualites\/le-guide-des-adultes-hors-contact-de-la-culture-des-enfants-la-fin-de-largot\/#breadcrumb","itemListElement":[{"@type":"ListItem","position":1,"name":"Accueil","item":"https:\/\/vieassociative.be\/actualites\/"},{"@type":"ListItem","position":2,"name":"Le Guide des adultes hors contact de la culture des enfants: la fin de l&rsquo;argot"}]},{"@type":"WebSite","@id":"https:\/\/vieassociative.be\/actualites\/#website","url":"https:\/\/vieassociative.be\/actualites\/","name":"Vie Associative","description":"","publisher":{"@id":"https:\/\/vieassociative.be\/actualites\/#organization"},"potentialAction":[{"@type":"SearchAction","target":{"@type":"EntryPoint","urlTemplate":"https:\/\/vieassociative.be\/actualites\/?s={search_term_string}"},"query-input":{"@type":"PropertyValueSpecification","valueRequired":true,"valueName":"search_term_string"}}],"inLanguage":"fr-BE"},{"@type":"Organization","@id":"https:\/\/vieassociative.be\/actualites\/#organization","name":"Vie Associative","url":"https:\/\/vieassociative.be\/actualites\/","logo":{"@type":"ImageObject","inLanguage":"fr-BE","@id":"https:\/\/vieassociative.be\/actualites\/#\/schema\/logo\/image\/","url":"https:\/\/vieassociative.be\/actualites\/wp-content\/uploads\/2024\/09\/cropped-vieassociative_favicon.ico.png","contentUrl":"https:\/\/vieassociative.be\/actualites\/wp-content\/uploads\/2024\/09\/cropped-vieassociative_favicon.ico.png","width":512,"height":512,"caption":"Vie Associative"},"image":{"@id":"https:\/\/vieassociative.be\/actualites\/#\/schema\/logo\/image\/"}},{"@type":"Person","@id":"https:\/\/vieassociative.be\/actualites\/#\/schema\/person\/b87ac4f82f9d4e7b7cec7395b679edc4","name":"Julien","image":{"@type":"ImageObject","inLanguage":"fr-BE","@id":"https:\/\/vieassociative.be\/actualites\/#\/schema\/person\/image\/","url":"https:\/\/vieassociative.be\/actualites\/wp-content\/uploads\/2024\/09\/vie-associative-1-150x150.jpg","contentUrl":"https:\/\/vieassociative.be\/actualites\/wp-content\/uploads\/2024\/09\/vie-associative-1-150x150.jpg","caption":"Julien"},"description":"Je suis Julien, r\u00e9dacteur pour Vie Associative. Passionn\u00e9 par le monde associatif depuis plus de 10 ans, j'ai \u00e0 c\u0153ur de partager des histoires inspirantes et de mettre en lumi\u00e8re les initiatives locales. Mon objectif est de sensibiliser et d'encourager l'engagement communautaire \u00e0 travers mes articles.","sameAs":["https:\/\/vieassociative.be\/"]}]}},"_links":{"self":[{"href":"https:\/\/vieassociative.be\/actualites\/wp-json\/wp\/v2\/posts\/7118"}],"collection":[{"href":"https:\/\/vieassociative.be\/actualites\/wp-json\/wp\/v2\/posts"}],"about":[{"href":"https:\/\/vieassociative.be\/actualites\/wp-json\/wp\/v2\/types\/post"}],"author":[{"embeddable":true,"href":"https:\/\/vieassociative.be\/actualites\/wp-json\/wp\/v2\/users\/1"}],"replies":[{"embeddable":true,"href":"https:\/\/vieassociative.be\/actualites\/wp-json\/wp\/v2\/comments?post=7118"}],"version-history":[{"count":0,"href":"https:\/\/vieassociative.be\/actualites\/wp-json\/wp\/v2\/posts\/7118\/revisions"}],"wp:featuredmedia":[{"embeddable":true,"href":"https:\/\/vieassociative.be\/actualites\/wp-json\/wp\/v2\/media\/7119"}],"wp:attachment":[{"href":"https:\/\/vieassociative.be\/actualites\/wp-json\/wp\/v2\/media?parent=7118"}],"wp:term":[{"taxonomy":"category","embeddable":true,"href":"https:\/\/vieassociative.be\/actualites\/wp-json\/wp\/v2\/categories?post=7118"},{"taxonomy":"post_tag","embeddable":true,"href":"https:\/\/vieassociative.be\/actualites\/wp-json\/wp\/v2\/tags?post=7118"}],"curies":[{"name":"wp","href":"https:\/\/api.w.org\/{rel}","templated":true}]}}