{"id":7116,"date":"2025-04-29T00:19:33","date_gmt":"2025-04-28T22:19:33","guid":{"rendered":"https:\/\/vieassociative.be\/actualites\/12-des-podcasts-de-fiction-de-comedie-les-plus-droles\/"},"modified":"2025-04-29T00:19:33","modified_gmt":"2025-04-28T22:19:33","slug":"12-des-podcasts-de-fiction-de-comedie-les-plus-droles","status":"publish","type":"post","link":"https:\/\/vieassociative.be\/actualites\/12-des-podcasts-de-fiction-de-comedie-les-plus-droles\/","title":{"rendered":"12 des podcasts de fiction de com\u00e9die les plus dr\u00f4les"},"content":{"rendered":"<div class=\"mt-4 leading-6 md:mb-8\">D&rsquo;un faux documentaire musical \u00e0 un podcast \u00ab\u00a0True Crime\u00a0\u00bb enqu\u00eatant sur Willy Wonka, ces podcasts de fiction sont aussi \u00e9tranges que dr\u00f4les.<\/div>\n<p><\/p>\n<p>Lorsque vous pensez aux podcasts de fiction, vous pensez probablement \u00e0 des plats s\u00e9rieux, sp\u00e9culatifs et \/ ou dystopiques comme <em>Les sessions brillantes<\/em> ou<em> Limetown<\/em>. Mais le podcasting est un m\u00e9dium, pas un genre, et il y a des \u00e9missions de fiction de toutes sortes, y compris une tonne de com\u00e9dies hilarantes et d\u00e9cal\u00e9es. Mes podcasts de fiction dr\u00f4les pr\u00e9f\u00e9r\u00e9s vous emm\u00e8nent au camp d&rsquo;\u00e9t\u00e9, pour r\u00e9soudre un myst\u00e8re sur la tourn\u00e9e Warped et pour enqu\u00eater sur les activit\u00e9s criminelles de Willy Wonka et un groupe de rap fictif \/ s\u0153ur chr\u00e9tien nomm\u00e9 Crossbread. (Obtenez-le?) Chacun est plus absurde que le suivant, et tous m\u00e9ritent une place dans votre file d&rsquo;attente de podcast de fiction. <\/p>\n<hr>\n<h2 id=\"crossbread\"><strong><em>Pain crois\u00e9<\/em><\/strong><\/h2>\n<div class=\"eloquent-imagery-image\">\n<div class=\"flex justify-center\">\n                    <img decoding=\"async\" class=\"border border-gray-100\" src=\"https:\/\/vieassociative.be\/actualites\/wp-content\/uploads\/2025\/04\/12-des-podcasts-de-fiction-de-comedie-les-plus-droles.jpg\" alt=\"Logo de podcast\" width=\"2000\" height=\"2000\" loading=\"lazy\"  >\n            <\/div>\n<\/p><\/div>\n<p><em><strong>Pain crois\u00e9<\/strong> <\/em>est un faux documentaire musical qui suit la mont\u00e9e et la chute du duo de rap chr\u00e9tiens, dirig\u00e9 par les jumeaux Josh et Joan Burns. Rapport\u00e9 par Ken Lim (le fanboy et directeur des m\u00e9dias sociaux du groupe), qui partage ostensiblement ces pistes audio de leurs archives, c&rsquo;est un sc\u00e9nario scandaleux rempli de jeux de mots hyst\u00e9riques J\u00e9sus, en fait de la bonne musique (si vous pouvez surmonter l&rsquo;absurdit\u00e9 des paroles), et deux Leadcharacters avec trop de confiance en essayant de gagner 1 000 $ dans la bataille de la bataille des croyances.<\/p>\n<hr>\n<h2 id=\"the-candyman\"><strong><em>Le Candyman<\/em><\/strong><\/h2>\n<div class=\"eloquent-imagery-image\">\n<div class=\"flex justify-center\">\n                    <img decoding=\"async\" class=\"border border-gray-100\" src=\"https:\/\/vieassociative.be\/actualites\/wp-content\/uploads\/2025\/04\/1745878765_611_12-des-podcasts-de-fiction-de-comedie-les-plus-droles.jpg\" alt=\"Image de vie\" width=\"2000\" height=\"2000\" loading=\"lazy\"  >\n            <\/div>\n<\/p><\/div>\n<p>Vous avez ri et chant\u00e9 au film de 1971 <em>Willy Wonka et la chocolaterie<\/em>mais avez-vous vraiment consid\u00e9r\u00e9 le fait que l&rsquo;usine \u00e9tait une horrible sc\u00e8ne de crime? De nombreuses atrocit\u00e9s de l&rsquo;histoire auraient pu \u00eatre facilement \u00e9vit\u00e9es avec la pr\u00e9sence de mains courantes, de verrouillage de s\u00e9curit\u00e9, de couvertures de protection ou de l&rsquo;un des autres \u00e9quipements de s\u00e9curit\u00e9 standard. Sur <strong><em>Le Candyman<\/em><\/strong>  Les \u00abjournalistes d&rsquo;investigation\u00bb Ella, Maddie et Millie (du trio de com\u00e9die Big Big) jettent un autre coup d&rsquo;\u0153il au film, creusant profond\u00e9ment pour d\u00e9couvrir les actes sombres de Wonka et exiger une certaine responsabilit\u00e9. La production est brillamment ex\u00e9cut\u00e9e, et chaque seconde est originale et frapp\u00e9e avec la b\u00eatise.<\/p>\n<hr>\n<h2 id=\"who-killed-avril-lavigne\"><strong><em>Qui a tu\u00e9 Avril Lavigne?<\/em><\/strong><\/h2>\n<div class=\"eloquent-imagery-image\">\n<div class=\"flex justify-center\">\n                    <img decoding=\"async\" class=\"border border-gray-100\" src=\"https:\/\/vieassociative.be\/actualites\/wp-content\/uploads\/2025\/04\/1745878765_249_12-des-podcasts-de-fiction-de-comedie-les-plus-droles.jpg\" alt=\"Image de vie\" width=\"2000\" height=\"2000\" loading=\"lazy\"  >\n            <\/div>\n<\/p><\/div>\n<p>Je ne sais pas comment vous \u00eates dans les th\u00e9ories du complot, mais il y a un vol qui pose Avril Lavigne est mort en 2003, peu de temps apr\u00e8s la sortie de son premier album r\u00e9ussi, et a \u00e9t\u00e9 remplac\u00e9 par un double corps nomm\u00e9 Melissa Vandella. <strong><em>Qui a tu\u00e9 Avril Lavigne?<\/em><\/strong>  est l&rsquo;histoire de Derek Walker, qui est obs\u00e9d\u00e9 par le Pop Punk des ann\u00e9es 2000 et d\u00e9couvre que les forces arrivent pour d\u00e9truire la Terre \u00e0 moins que Derek ne puisse remonter le temps \u00e0 la tourn\u00e9e d\u00e9form\u00e9e de 2005 pour arr\u00eater l&rsquo;enl\u00e8vement et le remplacement d&rsquo;Avril Lavigne. Apr\u00e8s avoir voyag\u00e9 dans Time V (ia a Porta-Potty), il se pr\u00e9cipite pour former un groupe et monter sur la sc\u00e8ne principale afin qu&rsquo;il puisse jouer le plus grand spectacle de tous les temps et sauver le monde dans le processus. Le script enti\u00e8rement original est pomp\u00e9 avec de la musique pop accrocheuse et comprend tous les \u00e9l\u00e9ments dramatiques audio de science-fiction familiers &#8211; les Aliens, les voyages dans le temps, les complots &#8211; avec 0% de s\u00e9rieux.<\/p>\n<hr>\n<h2 id=\"valley-heat\"><strong><em>Chaleur de la vall\u00e9e<\/em><\/strong><\/h2>\n<div class=\"eloquent-imagery-image\">\n<div class=\"flex justify-center\">\n                    <img decoding=\"async\" class=\"border border-gray-100\" src=\"https:\/\/vieassociative.be\/actualites\/wp-content\/uploads\/2025\/04\/1745878766_551_12-des-podcasts-de-fiction-de-comedie-les-plus-droles.jpg\" alt=\"Image de vie\" width=\"2000\" height=\"2000\" loading=\"lazy\"  >\n            <\/div>\n<\/p><\/div>\n<p>L&rsquo;expert en assurance ind\u00e9pendante Doug Duguay (exprim\u00e9 par le com\u00e9dien Christian Duguay) soup\u00e7onne que son gars de la piscine m\u00e8ne des gouttes de drogue dans sa poubelle, mais il se sent trop g\u00eanant pour y faire quoi que ce soit. (Relatable.) Au lieu de cela, il fait un podcast \u00e0 ce sujet. <strong><em>Chaleur de la vall\u00e9e<\/em><\/strong>  est ce spectacle, une enqu\u00eate sur ce qui se passe avec sa poubelle et tout ce qui se passe dans son quartier, le district \u00e9questre de Rancho \u00e0 Burbank. Ce spectacle idiot est rempli de personnages originaux et de musique originale du groupe Cephalopods Are People (le plus grand groupe de rock du district \u00e9questre de Rancho). On peut dire que les meilleures publicit\u00e9s sont les fausses publicit\u00e9s pour les entreprises locales comme Karate Trophy City, Janie Cakes Breakfast Ice-Cream et Pants de Jan Robinson.<\/p>\n<hr>\n<h2 id=\"starship-q-star\"><strong><em>Starship Q Star<\/em><\/strong><\/h2>\n<div class=\"eloquent-imagery-image\">\n<div class=\"flex justify-center\">\n                    <img decoding=\"async\" class=\"border border-gray-100\" src=\"https:\/\/vieassociative.be\/actualites\/wp-content\/uploads\/2025\/04\/12-des-podcasts-de-fiction-de-comedie-les-plus-droles.png\" alt=\"Image de vie\" width=\"2000\" height=\"2000\" loading=\"lazy\"  >\n            <\/div>\n<\/p><\/div>\n<p>\u00c9crit par un vrai couple queer Meegan May et Lauren Anderson,<em> <strong>Starship Q Star<\/strong> <\/em>est un m\u00e9lange cr\u00e9atif de<em> Star trek<\/em> et <em>Le mot l<\/em>. Il suit les ex-petites amies Aurelia et SIM qui sont choisies par une agence spatiale sourde comme le \u00abpremier \u00e9quipage de tous les non-hommes\u00bb sur une mission de relations publiques \u00e0 Mars, seulement pour que la Terre soit d\u00e9truite apr\u00e8s leur d\u00e9part. Ce pod de style sitcom suit les aventures d&rsquo;Aurelia et Sim de plan\u00e8te \u00e0 la plan\u00e8te alors qu&rsquo;ils d\u00e9couvrent de nouveaux mondes, des cr\u00e9atures \u00e9tranges et des civilisations bizarres.<\/p>\n<hr>\n<h2 id=\"corked\"><strong><em>Bouch\u00e9<\/em><\/strong><\/h2>\n<div class=\"eloquent-imagery-image\">\n<div class=\"flex justify-center\">\n                    <img decoding=\"async\" class=\"border border-gray-100\" src=\"https:\/\/vieassociative.be\/actualites\/wp-content\/uploads\/2025\/04\/1745878769_852_12-des-podcasts-de-fiction-de-comedie-les-plus-droles.jpg\" alt=\"Image de vie\" width=\"2000\" height=\"2000\" loading=\"lazy\"  >\n            <\/div>\n<\/p><\/div>\n<p><em><strong>Bouch\u00e9<\/strong> <\/em>est un \u00abvrai\u00bb podcast de com\u00e9die criminelle narrative qui suit Jeffers Tatum Trench, qui cherche l&rsquo;aide du journaliste d&rsquo;investigation Miles Fletcher pour r\u00e9soudre le myst\u00e8re de ce qui est arriv\u00e9 \u00e0 Frances Meyer, la petite amie manquante du c\u00e9l\u00e8bre vigneron Lyle Le Monde. Trench est s\u00fbr que Lyle l&rsquo;a assassin\u00e9e, mais pendant l&rsquo;enqu\u00eate, Miles d\u00e9couvre que son client a un pass\u00e9 compliqu\u00e9 avec Jeffers &#8211; les deux \u00e9taient un duo criminel en Louisiane il y a des ann\u00e9es. Chaque fois que Miles \u00e9moute une avance, un nouveau appara\u00eet. <em>Bouch\u00e9<\/em> m\u00e9lange la b\u00eatise avec un format traditionnel du vrai crime, ce qui en fait une surprise agr\u00e9able pour quiconque conna\u00eet les enqu\u00eates de radio publique. <\/p>\n<hr>\n<h2 id=\"wooden-overcoats\"><strong><em>Pardessus en bois<\/em><\/strong><\/h2>\n<div class=\"eloquent-imagery-image\">\n<div class=\"flex justify-center\">\n                    <img decoding=\"async\" class=\"border border-gray-100\" src=\"https:\/\/vieassociative.be\/actualites\/wp-content\/uploads\/2025\/04\/1745878769_641_12-des-podcasts-de-fiction-de-comedie-les-plus-droles.jpg\" alt=\"Image de vie\" width=\"2000\" height=\"2000\" loading=\"lazy\"  >\n            <\/div>\n<\/p><\/div>\n<p><strong><em>Pardessus en bois<\/em><\/strong>situ\u00e9 dans le village des \u00eeles Fictional Channel de Piffling Vale, suit la rivalit\u00e9 qui explose quand Eric Chapman met en place une entreprise d&rsquo;entreprise en face des fun\u00e9railles familiales Funn, anciennement le seul fournisseur de services fun\u00e9raires de la ville (malgr\u00e9 le fait que personne n&rsquo;aime le propri\u00e9taire, Rudyard Funn.) ville. L&rsquo;histoire est racont\u00e9e par la meilleure amie de Rudyard, Madeleine, qui se trouve \u00eatre une souris qui r\u00e9side dans les fun\u00e9railles Funn. <\/p>\n<div class=\"pogoClear relative my-10 border-b-(1.5px) border-t-(1.5px) border-dashed border-black py-5 sm:my-14 sm:border-0 sm:py-0\" data-ga-click data-ga-template=\"News\" data-ga-module=\"openweb_widget\" data-ga-element=\"openweb_scroll\" data-ga-item=\"openweb_scroll_midpage\" x-cloak x-data=\"{ commentsCount: null, hasComments: false }\" x-init=\"commentsCount = await window.openweb.getMessagesCount(1850802452);\n     hasComments = commentsCount !== null &amp;&amp; commentsCount &gt; 0\"><\/p>\n<div class=\"absolute top-1\/2 hidden w-full -translate-y-1\/2 border-t-(1.5px) border-dashed border-black sm:block\"><\/div>\n<div class=\"relative flex justify-center\">\n<div class=\"flex max-w-max items-center gap-x-3 bg-white px-5\">\n<div class=\"relative\">\n                <span class=\"absolute left-1\/2 top-1\/2 -translate-x-1\/2 -translate-y-1\/2 font-akshar text-sm font-medium text-black\" x-show=\"hasComments\" x-text=\"commentsCount\"><\/span><\/p>\n<p>                <svg class=\"h-8 w-8 text-black\">\n                    <use href=\"http:\/\/lifehacker.com\/images\/icons\/spritemap.svg#sprite-chat-bubble\"><\/use>\n                <\/svg>\n            <\/div>\n<p>            <span class=\"text-sm font-medium text-black\"><\/p>\n<p>                Que pensez-vous jusqu&rsquo;\u00e0 pr\u00e9sent?<br \/>\n                <button class=\"font-semibold text-brand-green underline hover:text-brand-green-700\" onclick=\"window.openweb.scrollToComments(1850802452)\" x-text=\"hasComments ? 'Post a comment.' : 'Be the first to post a comment.'\"><\/button><br \/>\n            <\/span>\n        <\/div>\n<\/p><\/div>\n<\/div>\n<hr>\n<h2 id=\"mockery-manor\"><strong><em>Manoir moquerie<\/em><\/strong><\/h2>\n<div class=\"eloquent-imagery-image\">\n<div class=\"flex justify-center\">\n                    <img decoding=\"async\" class=\"border border-gray-100\" src=\"https:\/\/vieassociative.be\/actualites\/wp-content\/uploads\/2025\/04\/1745878770_685_12-des-podcasts-de-fiction-de-comedie-les-plus-droles.jpg\" alt=\"Image de vie\" width=\"2000\" height=\"2000\" loading=\"lazy\"  >\n            <\/div>\n<\/p><\/div>\n<p><strong><em>Manoir moquerie<\/em><\/strong>  C&rsquo;est comme n&rsquo;importe quel autre parc \u00e0 th\u00e8me, jusqu&rsquo;\u00e0 ce que les gens commencent \u00e0 dispara\u00eetre. Ensuite, c&rsquo;est aux adolescents jumeaux de comprendre ce qui se passe. Ce spectacle des ann\u00e9es 90 est une exp\u00e9rience de construction mondiale, avec des saisons suivantes qui couvrent les parcs spin-off Dunkelschloss et Claytonville (inspir\u00e9s par les chansons de la l\u00e9gende country Clayton Woodrow III), et une autre saison compl\u00e8tement compos\u00e9e de \u00abrubans\u00bb de l&rsquo;un des cas du PI. Les jumeaux continuent de s&rsquo;arr\u00eater dans l&rsquo;escalade des myst\u00e8res qui se penchent dans la nature bizarre des parcs \u00e0 th\u00e8me, pr\u00e9sent\u00e9 avec une musique atmosph\u00e9rique et effrayante et des jingles de carnaval. (C&rsquo;est tr\u00e8s Disney apr\u00e8s la tomb\u00e9e de la nuit.) <\/p>\n<hr>\n<h2 id=\"in-the-cards\"><strong><em>Dans les cartes<\/em><\/strong><\/h2>\n<div class=\"eloquent-imagery-image\">\n<div class=\"flex justify-center\">\n                    <img decoding=\"async\" class=\"border border-gray-100\" src=\"https:\/\/vieassociative.be\/actualites\/wp-content\/uploads\/2025\/04\/1745878772_431_12-des-podcasts-de-fiction-de-comedie-les-plus-droles.png\" alt=\"Image de vie\" width=\"2000\" height=\"2000\" loading=\"lazy\"  >\n            <\/div>\n<\/p><\/div>\n<p>Souviens-toi <strong><em>Yeux morts<\/em><\/strong>l&rsquo;\u00e9mission sur quel acteur \/ com\u00e9dien Connor Ratliff a lanc\u00e9 une qu\u00eate pour comprendre pourquoi Tom Hanks l&rsquo;a tir\u00e9 d&rsquo;un petit r\u00f4le dans la mini-s\u00e9rie HBO 2001, <em>Bande de fr\u00e8res<\/em>? Les yeux morts de Conor sont revenus pour<em> <strong>Dans les cartes<\/strong><\/em>un drame audio sur Gil (Ratliff) un AD Man de bas niveau comiquement malchanceux (il \u00e9crit une copie pour les tentes de table dans les restaurants) qui d\u00e9couvre via une carte de tarot qui a lu que oui, l&rsquo;univers est contre lui, une d\u00e9couverte qui le pousse \u00e0 prendre en charge son propre sort pour la premi\u00e8re fois. Le spectacle nettement \u00e9crit est saupoudr\u00e9 de l&rsquo;humour auto-d\u00e9pr\u00e9ci\u00e9 de Gil et de la r\u00e9flexion existentielle r\u00e9fl\u00e9chie de la nature du destin. C&rsquo;est un m\u00e9lange de com\u00e9die, de romance, d&rsquo;\u00e9l\u00e9ments surnaturels et d&rsquo;une histoire vraiment d\u00e9licieuse.<\/p>\n<hr>\n<h2 id=\"summer-camp-the-case-of-the-phantom-pooper\"><strong><em>Camp d&rsquo;\u00e9t\u00e9: le cas du fant\u00f4me Pooper<\/em><\/strong><\/h2>\n<div class=\"eloquent-imagery-image\">\n<div class=\"flex justify-center\">\n                    <img decoding=\"async\" class=\"border border-gray-100\" src=\"https:\/\/vieassociative.be\/actualites\/wp-content\/uploads\/2025\/04\/1745878772_476_12-des-podcasts-de-fiction-de-comedie-les-plus-droles.jpg\" alt=\"Image de vie\" width=\"2000\" height=\"2000\" loading=\"lazy\"  >\n            <\/div>\n<\/p><\/div>\n<p><strong><em>Camp d&rsquo;\u00e9t\u00e9: le cas du fant\u00f4me Pooper<\/em><\/strong>  Raconte l&rsquo;histoire d&rsquo;un camp d&rsquo;\u00e9t\u00e9 comme celui de votre enfance, avec le chant autour du feu de camp, le temps d&rsquo;artisanat et tout. Mais ce camp d&rsquo;\u00e9t\u00e9 a \u00e9galement un caca fant\u00f4me en libert\u00e9. Mais qui est-ce? <em>Colonie de vacances <\/em>est une histoire d\u00e9tective anim\u00e9e qui semble saine et nostalgique, m\u00eame si elle se penche dans l&rsquo;humour scatologique. (Bas\u00e9 sur une histoire vraie!)<\/p>\n<hr>\n<h2 id=\"cold-case-crime-cuts\"><strong><em>Coupes de crimes \u00e0 l&rsquo;affaire froide<\/em><\/strong><\/h2>\n<div class=\"eloquent-imagery-image\">\n<div class=\"flex justify-center\">\n                    <img decoding=\"async\" class=\"border border-gray-100\" src=\"https:\/\/vieassociative.be\/actualites\/wp-content\/uploads\/2025\/04\/1745878773_728_12-des-podcasts-de-fiction-de-comedie-les-plus-droles.jpg\" alt=\"Image de vie\" width=\"2000\" height=\"2000\" loading=\"lazy\"  >\n            <\/div>\n<\/p><\/div>\n<p><strong><em>Coupes de crimes \u00e0 l&rsquo;affaire froide<\/em> <\/strong>est un podcast qui plonge dans certains des crimes les plus horribles (fictifs) jamais commis dans des chansons pop. Qui a vraiment tu\u00e9 la star de la radio? Qui a tir\u00e9 sur le sh\u00e9rif? Le \u00abd\u00e9tective\u00bb utilise de vraies paroles de chacune des chansons pour r\u00e9soudre l&rsquo;affaire. C&rsquo;est formidable de penser de mani\u00e8re cr\u00e9ative \u00e0 ces vers d&rsquo;oreille, et aussi g\u00e9nial si vous connaissez ce style de podcasting criminel trop grave. Mais c&rsquo;est aussi hyst\u00e9rique m\u00eame si vous ne savez absolument rien non plus. (Le meilleur \u00e9pisode jusqu&rsquo;\u00e0 pr\u00e9sent est tout au sujet du Copacabana.) Cette \u00e9mission a invent\u00e9 un nouveau type de blague, et c&rsquo;est infiniment dr\u00f4le.<\/p>\n<hr>\n<h2 id=\"we-stay-looking\"><strong><em>Nous restons \u00e0 la recherche<\/em> <\/strong><\/h2>\n<div class=\"eloquent-imagery-image\">\n<div class=\"flex justify-center\">\n                    <img decoding=\"async\" class=\"border border-gray-100\" src=\"https:\/\/vieassociative.be\/actualites\/wp-content\/uploads\/2025\/04\/1745878773_158_12-des-podcasts-de-fiction-de-comedie-les-plus-droles.jpg\" alt=\"Logo de podcast \" width=\"2000\" height=\"2000\" loading=\"lazy\"  >\n            <\/div>\n<\/p><\/div>\n<p><em><strong>Nous restons \u00e0 la recherche<\/strong> <\/em>est une s\u00e9rie satirique \u00abTrue Crime\u00bb &#8211; une extension du podcast d&rsquo;Insecure <em>\u00c0 la recherche de latoya<\/em>qui a racont\u00e9 la recherche fictive d&rsquo;une fille noire manquante nomm\u00e9e Latoya Thompson (jou\u00e9e par SZA). Ce podcast, qui mettait en vedette \u00abRose Cranberry\u00bb (Terri J. Vaughn,) se moque des podcasts d&rsquo;enqu\u00eate comme moyen d&rsquo;illustrer une v\u00e9ritable corruption dans le syst\u00e8me judiciaire. <em>\u00c0 la recherche de latoya<\/em> a dur\u00e9 un \u00e9pisode avant que Latoya ne soit \u00abretrouv\u00e9\u00bb, un moyen d&rsquo;illustrer \u00e0 quel point les efforts des forces de l&rsquo;ordre sont souvent absents en ce qui concerne la r\u00e9cup\u00e9ration des femmes noires perdues. Rose est ensuite revenue pour la saison deux pour retrouver non seulement les femmes, mais toute personne qui a disparu et a \u00e9t\u00e9 n\u00e9glig\u00e9e. (Il n&rsquo;y a que six \u00e9pisodes dans la saison deux car, \u00ab\u00a0Le budget ne permet que tant d&rsquo;histoires noires par an. Apparemment, apr\u00e8s six, ils auraient atteint leur quota pour divers mat\u00e9riaux.\u00a0\u00bb) C&rsquo;est dr\u00f4le, mais l&rsquo;homme fait un coup de poing.<\/p>\n","protected":false},"excerpt":{"rendered":"<p>D&rsquo;un faux documentaire musical \u00e0 un podcast \u00ab\u00a0True Crime\u00a0\u00bb enqu\u00eatant sur Willy Wonka, ces podcasts de fiction sont aussi \u00e9tranges que dr\u00f4les. Lorsque vous pensez<\/p>\n","protected":false},"author":1,"featured_media":7117,"comment_status":"","ping_status":"","sticky":false,"template":"","format":"standard","meta":{"footnotes":""},"categories":[36],"tags":[6689,29,6690,6688,14,158],"class_list":["post-7116","post","type-post","status-publish","format-standard","has-post-thumbnail","hentry","category-divertissement","tag-comedie","tag-des","tag-droles","tag-fiction","tag-les","tag-podcasts","generate-columns","tablet-grid-50","mobile-grid-100","grid-parent","grid-33"],"yoast_head":"<!-- This site is optimized with the Yoast SEO plugin v24.0 - https:\/\/yoast.com\/wordpress\/plugins\/seo\/ -->\n<title>12 des podcasts de fiction de com\u00e9die les plus dr\u00f4les | Vie Associative<\/title>\n<meta name=\"robots\" content=\"index, follow, max-snippet:-1, max-image-preview:large, max-video-preview:-1\" \/>\n<link rel=\"canonical\" href=\"https:\/\/vieassociative.be\/actualites\/12-des-podcasts-de-fiction-de-comedie-les-plus-droles\/\" \/>\n<meta property=\"og:locale\" content=\"fr_FR\" \/>\n<meta property=\"og:type\" content=\"article\" \/>\n<meta property=\"og:title\" content=\"12 des podcasts de fiction de com\u00e9die les plus dr\u00f4les | Vie Associative\" \/>\n<meta property=\"og:description\" content=\"D&rsquo;un faux documentaire musical \u00e0 un podcast \u00ab\u00a0True Crime\u00a0\u00bb enqu\u00eatant sur Willy Wonka, ces podcasts de fiction sont aussi \u00e9tranges que dr\u00f4les. Lorsque vous pensez\" \/>\n<meta property=\"og:url\" content=\"https:\/\/vieassociative.be\/actualites\/12-des-podcasts-de-fiction-de-comedie-les-plus-droles\/\" \/>\n<meta property=\"og:site_name\" content=\"Vie Associative\" \/>\n<meta property=\"article:published_time\" content=\"2025-04-28T22:19:33+00:00\" \/>\n<meta property=\"og:image\" content=\"https:\/\/vieassociative.be\/actualites\/wp-content\/uploads\/2025\/04\/12-des-podcasts-de-fiction-de-comedie-les-plus-droles.jpg\" \/>\n<meta name=\"author\" content=\"Julien\" \/>\n<meta name=\"twitter:card\" content=\"summary_large_image\" \/>\n<meta name=\"twitter:label1\" content=\"\u00c9crit par\" \/>\n\t<meta name=\"twitter:data1\" content=\"Julien\" \/>\n\t<meta name=\"twitter:label2\" content=\"Dur\u00e9e de lecture est.\" \/>\n\t<meta name=\"twitter:data2\" content=\"9 minutes\" \/>\n<script type=\"application\/ld+json\" class=\"yoast-schema-graph\">{\"@context\":\"https:\/\/schema.org\",\"@graph\":[{\"@type\":\"Article\",\"@id\":\"https:\/\/vieassociative.be\/actualites\/12-des-podcasts-de-fiction-de-comedie-les-plus-droles\/#article\",\"isPartOf\":{\"@id\":\"https:\/\/vieassociative.be\/actualites\/12-des-podcasts-de-fiction-de-comedie-les-plus-droles\/\"},\"author\":{\"name\":\"Julien\",\"@id\":\"https:\/\/vieassociative.be\/actualites\/#\/schema\/person\/b87ac4f82f9d4e7b7cec7395b679edc4\"},\"headline\":\"12 des podcasts de fiction de com\u00e9die les plus dr\u00f4les\",\"datePublished\":\"2025-04-28T22:19:33+00:00\",\"dateModified\":\"2025-04-28T22:19:33+00:00\",\"mainEntityOfPage\":{\"@id\":\"https:\/\/vieassociative.be\/actualites\/12-des-podcasts-de-fiction-de-comedie-les-plus-droles\/\"},\"wordCount\":1811,\"publisher\":{\"@id\":\"https:\/\/vieassociative.be\/actualites\/#organization\"},\"image\":{\"@id\":\"https:\/\/vieassociative.be\/actualites\/12-des-podcasts-de-fiction-de-comedie-les-plus-droles\/#primaryimage\"},\"thumbnailUrl\":\"https:\/\/vieassociative.be\/actualites\/wp-content\/uploads\/2025\/04\/1745878775_12-des-podcasts-de-fiction-de-comedie-les-plus-droles.jpg\",\"keywords\":[\"com\u00e9die\",\"Des\",\"dr\u00f4les\",\"fiction\",\"Les\",\"podcasts\"],\"articleSection\":[\"Divertissement\"],\"inLanguage\":\"fr-BE\"},{\"@type\":\"WebPage\",\"@id\":\"https:\/\/vieassociative.be\/actualites\/12-des-podcasts-de-fiction-de-comedie-les-plus-droles\/\",\"url\":\"https:\/\/vieassociative.be\/actualites\/12-des-podcasts-de-fiction-de-comedie-les-plus-droles\/\",\"name\":\"12 des podcasts de fiction de com\u00e9die les plus dr\u00f4les | Vie Associative\",\"isPartOf\":{\"@id\":\"https:\/\/vieassociative.be\/actualites\/#website\"},\"primaryImageOfPage\":{\"@id\":\"https:\/\/vieassociative.be\/actualites\/12-des-podcasts-de-fiction-de-comedie-les-plus-droles\/#primaryimage\"},\"image\":{\"@id\":\"https:\/\/vieassociative.be\/actualites\/12-des-podcasts-de-fiction-de-comedie-les-plus-droles\/#primaryimage\"},\"thumbnailUrl\":\"https:\/\/vieassociative.be\/actualites\/wp-content\/uploads\/2025\/04\/1745878775_12-des-podcasts-de-fiction-de-comedie-les-plus-droles.jpg\",\"datePublished\":\"2025-04-28T22:19:33+00:00\",\"dateModified\":\"2025-04-28T22:19:33+00:00\",\"breadcrumb\":{\"@id\":\"https:\/\/vieassociative.be\/actualites\/12-des-podcasts-de-fiction-de-comedie-les-plus-droles\/#breadcrumb\"},\"inLanguage\":\"fr-BE\",\"potentialAction\":[{\"@type\":\"ReadAction\",\"target\":[\"https:\/\/vieassociative.be\/actualites\/12-des-podcasts-de-fiction-de-comedie-les-plus-droles\/\"]}]},{\"@type\":\"ImageObject\",\"inLanguage\":\"fr-BE\",\"@id\":\"https:\/\/vieassociative.be\/actualites\/12-des-podcasts-de-fiction-de-comedie-les-plus-droles\/#primaryimage\",\"url\":\"https:\/\/vieassociative.be\/actualites\/wp-content\/uploads\/2025\/04\/1745878775_12-des-podcasts-de-fiction-de-comedie-les-plus-droles.jpg\",\"contentUrl\":\"https:\/\/vieassociative.be\/actualites\/wp-content\/uploads\/2025\/04\/1745878775_12-des-podcasts-de-fiction-de-comedie-les-plus-droles.jpg\",\"width\":1200,\"height\":675,\"caption\":\"12 des podcasts de fiction de com\u00e9die les plus dr\u00f4les\"},{\"@type\":\"BreadcrumbList\",\"@id\":\"https:\/\/vieassociative.be\/actualites\/12-des-podcasts-de-fiction-de-comedie-les-plus-droles\/#breadcrumb\",\"itemListElement\":[{\"@type\":\"ListItem\",\"position\":1,\"name\":\"Accueil\",\"item\":\"https:\/\/vieassociative.be\/actualites\/\"},{\"@type\":\"ListItem\",\"position\":2,\"name\":\"12 des podcasts de fiction de com\u00e9die les plus dr\u00f4les\"}]},{\"@type\":\"WebSite\",\"@id\":\"https:\/\/vieassociative.be\/actualites\/#website\",\"url\":\"https:\/\/vieassociative.be\/actualites\/\",\"name\":\"Vie Associative\",\"description\":\"\",\"publisher\":{\"@id\":\"https:\/\/vieassociative.be\/actualites\/#organization\"},\"potentialAction\":[{\"@type\":\"SearchAction\",\"target\":{\"@type\":\"EntryPoint\",\"urlTemplate\":\"https:\/\/vieassociative.be\/actualites\/?s={search_term_string}\"},\"query-input\":{\"@type\":\"PropertyValueSpecification\",\"valueRequired\":true,\"valueName\":\"search_term_string\"}}],\"inLanguage\":\"fr-BE\"},{\"@type\":\"Organization\",\"@id\":\"https:\/\/vieassociative.be\/actualites\/#organization\",\"name\":\"Vie Associative\",\"url\":\"https:\/\/vieassociative.be\/actualites\/\",\"logo\":{\"@type\":\"ImageObject\",\"inLanguage\":\"fr-BE\",\"@id\":\"https:\/\/vieassociative.be\/actualites\/#\/schema\/logo\/image\/\",\"url\":\"https:\/\/vieassociative.be\/actualites\/wp-content\/uploads\/2024\/09\/cropped-vieassociative_favicon.ico.png\",\"contentUrl\":\"https:\/\/vieassociative.be\/actualites\/wp-content\/uploads\/2024\/09\/cropped-vieassociative_favicon.ico.png\",\"width\":512,\"height\":512,\"caption\":\"Vie Associative\"},\"image\":{\"@id\":\"https:\/\/vieassociative.be\/actualites\/#\/schema\/logo\/image\/\"}},{\"@type\":\"Person\",\"@id\":\"https:\/\/vieassociative.be\/actualites\/#\/schema\/person\/b87ac4f82f9d4e7b7cec7395b679edc4\",\"name\":\"Julien\",\"image\":{\"@type\":\"ImageObject\",\"inLanguage\":\"fr-BE\",\"@id\":\"https:\/\/vieassociative.be\/actualites\/#\/schema\/person\/image\/\",\"url\":\"https:\/\/vieassociative.be\/actualites\/wp-content\/uploads\/2024\/09\/vie-associative-1-150x150.jpg\",\"contentUrl\":\"https:\/\/vieassociative.be\/actualites\/wp-content\/uploads\/2024\/09\/vie-associative-1-150x150.jpg\",\"caption\":\"Julien\"},\"description\":\"Je suis Julien, r\u00e9dacteur pour Vie Associative. Passionn\u00e9 par le monde associatif depuis plus de 10 ans, j'ai \u00e0 c\u0153ur de partager des histoires inspirantes et de mettre en lumi\u00e8re les initiatives locales. Mon objectif est de sensibiliser et d'encourager l'engagement communautaire \u00e0 travers mes articles.\",\"sameAs\":[\"https:\/\/vieassociative.be\/\"]}]}<\/script>\n<!-- \/ Yoast SEO plugin. -->","yoast_head_json":{"title":"12 des podcasts de fiction de com\u00e9die les plus dr\u00f4les | Vie Associative","robots":{"index":"index","follow":"follow","max-snippet":"max-snippet:-1","max-image-preview":"max-image-preview:large","max-video-preview":"max-video-preview:-1"},"canonical":"https:\/\/vieassociative.be\/actualites\/12-des-podcasts-de-fiction-de-comedie-les-plus-droles\/","og_locale":"fr_FR","og_type":"article","og_title":"12 des podcasts de fiction de com\u00e9die les plus dr\u00f4les | Vie Associative","og_description":"D&rsquo;un faux documentaire musical \u00e0 un podcast \u00ab\u00a0True Crime\u00a0\u00bb enqu\u00eatant sur Willy Wonka, ces podcasts de fiction sont aussi \u00e9tranges que dr\u00f4les. Lorsque vous pensez","og_url":"https:\/\/vieassociative.be\/actualites\/12-des-podcasts-de-fiction-de-comedie-les-plus-droles\/","og_site_name":"Vie Associative","article_published_time":"2025-04-28T22:19:33+00:00","og_image":[{"url":"https:\/\/vieassociative.be\/actualites\/wp-content\/uploads\/2025\/04\/12-des-podcasts-de-fiction-de-comedie-les-plus-droles.jpg","type":"","width":"","height":""}],"author":"Julien","twitter_card":"summary_large_image","twitter_misc":{"\u00c9crit par":"Julien","Dur\u00e9e de lecture est.":"9 minutes"},"schema":{"@context":"https:\/\/schema.org","@graph":[{"@type":"Article","@id":"https:\/\/vieassociative.be\/actualites\/12-des-podcasts-de-fiction-de-comedie-les-plus-droles\/#article","isPartOf":{"@id":"https:\/\/vieassociative.be\/actualites\/12-des-podcasts-de-fiction-de-comedie-les-plus-droles\/"},"author":{"name":"Julien","@id":"https:\/\/vieassociative.be\/actualites\/#\/schema\/person\/b87ac4f82f9d4e7b7cec7395b679edc4"},"headline":"12 des podcasts de fiction de com\u00e9die les plus dr\u00f4les","datePublished":"2025-04-28T22:19:33+00:00","dateModified":"2025-04-28T22:19:33+00:00","mainEntityOfPage":{"@id":"https:\/\/vieassociative.be\/actualites\/12-des-podcasts-de-fiction-de-comedie-les-plus-droles\/"},"wordCount":1811,"publisher":{"@id":"https:\/\/vieassociative.be\/actualites\/#organization"},"image":{"@id":"https:\/\/vieassociative.be\/actualites\/12-des-podcasts-de-fiction-de-comedie-les-plus-droles\/#primaryimage"},"thumbnailUrl":"https:\/\/vieassociative.be\/actualites\/wp-content\/uploads\/2025\/04\/1745878775_12-des-podcasts-de-fiction-de-comedie-les-plus-droles.jpg","keywords":["com\u00e9die","Des","dr\u00f4les","fiction","Les","podcasts"],"articleSection":["Divertissement"],"inLanguage":"fr-BE"},{"@type":"WebPage","@id":"https:\/\/vieassociative.be\/actualites\/12-des-podcasts-de-fiction-de-comedie-les-plus-droles\/","url":"https:\/\/vieassociative.be\/actualites\/12-des-podcasts-de-fiction-de-comedie-les-plus-droles\/","name":"12 des podcasts de fiction de com\u00e9die les plus dr\u00f4les | Vie Associative","isPartOf":{"@id":"https:\/\/vieassociative.be\/actualites\/#website"},"primaryImageOfPage":{"@id":"https:\/\/vieassociative.be\/actualites\/12-des-podcasts-de-fiction-de-comedie-les-plus-droles\/#primaryimage"},"image":{"@id":"https:\/\/vieassociative.be\/actualites\/12-des-podcasts-de-fiction-de-comedie-les-plus-droles\/#primaryimage"},"thumbnailUrl":"https:\/\/vieassociative.be\/actualites\/wp-content\/uploads\/2025\/04\/1745878775_12-des-podcasts-de-fiction-de-comedie-les-plus-droles.jpg","datePublished":"2025-04-28T22:19:33+00:00","dateModified":"2025-04-28T22:19:33+00:00","breadcrumb":{"@id":"https:\/\/vieassociative.be\/actualites\/12-des-podcasts-de-fiction-de-comedie-les-plus-droles\/#breadcrumb"},"inLanguage":"fr-BE","potentialAction":[{"@type":"ReadAction","target":["https:\/\/vieassociative.be\/actualites\/12-des-podcasts-de-fiction-de-comedie-les-plus-droles\/"]}]},{"@type":"ImageObject","inLanguage":"fr-BE","@id":"https:\/\/vieassociative.be\/actualites\/12-des-podcasts-de-fiction-de-comedie-les-plus-droles\/#primaryimage","url":"https:\/\/vieassociative.be\/actualites\/wp-content\/uploads\/2025\/04\/1745878775_12-des-podcasts-de-fiction-de-comedie-les-plus-droles.jpg","contentUrl":"https:\/\/vieassociative.be\/actualites\/wp-content\/uploads\/2025\/04\/1745878775_12-des-podcasts-de-fiction-de-comedie-les-plus-droles.jpg","width":1200,"height":675,"caption":"12 des podcasts de fiction de com\u00e9die les plus dr\u00f4les"},{"@type":"BreadcrumbList","@id":"https:\/\/vieassociative.be\/actualites\/12-des-podcasts-de-fiction-de-comedie-les-plus-droles\/#breadcrumb","itemListElement":[{"@type":"ListItem","position":1,"name":"Accueil","item":"https:\/\/vieassociative.be\/actualites\/"},{"@type":"ListItem","position":2,"name":"12 des podcasts de fiction de com\u00e9die les plus dr\u00f4les"}]},{"@type":"WebSite","@id":"https:\/\/vieassociative.be\/actualites\/#website","url":"https:\/\/vieassociative.be\/actualites\/","name":"Vie Associative","description":"","publisher":{"@id":"https:\/\/vieassociative.be\/actualites\/#organization"},"potentialAction":[{"@type":"SearchAction","target":{"@type":"EntryPoint","urlTemplate":"https:\/\/vieassociative.be\/actualites\/?s={search_term_string}"},"query-input":{"@type":"PropertyValueSpecification","valueRequired":true,"valueName":"search_term_string"}}],"inLanguage":"fr-BE"},{"@type":"Organization","@id":"https:\/\/vieassociative.be\/actualites\/#organization","name":"Vie Associative","url":"https:\/\/vieassociative.be\/actualites\/","logo":{"@type":"ImageObject","inLanguage":"fr-BE","@id":"https:\/\/vieassociative.be\/actualites\/#\/schema\/logo\/image\/","url":"https:\/\/vieassociative.be\/actualites\/wp-content\/uploads\/2024\/09\/cropped-vieassociative_favicon.ico.png","contentUrl":"https:\/\/vieassociative.be\/actualites\/wp-content\/uploads\/2024\/09\/cropped-vieassociative_favicon.ico.png","width":512,"height":512,"caption":"Vie Associative"},"image":{"@id":"https:\/\/vieassociative.be\/actualites\/#\/schema\/logo\/image\/"}},{"@type":"Person","@id":"https:\/\/vieassociative.be\/actualites\/#\/schema\/person\/b87ac4f82f9d4e7b7cec7395b679edc4","name":"Julien","image":{"@type":"ImageObject","inLanguage":"fr-BE","@id":"https:\/\/vieassociative.be\/actualites\/#\/schema\/person\/image\/","url":"https:\/\/vieassociative.be\/actualites\/wp-content\/uploads\/2024\/09\/vie-associative-1-150x150.jpg","contentUrl":"https:\/\/vieassociative.be\/actualites\/wp-content\/uploads\/2024\/09\/vie-associative-1-150x150.jpg","caption":"Julien"},"description":"Je suis Julien, r\u00e9dacteur pour Vie Associative. Passionn\u00e9 par le monde associatif depuis plus de 10 ans, j'ai \u00e0 c\u0153ur de partager des histoires inspirantes et de mettre en lumi\u00e8re les initiatives locales. Mon objectif est de sensibiliser et d'encourager l'engagement communautaire \u00e0 travers mes articles.","sameAs":["https:\/\/vieassociative.be\/"]}]}},"_links":{"self":[{"href":"https:\/\/vieassociative.be\/actualites\/wp-json\/wp\/v2\/posts\/7116"}],"collection":[{"href":"https:\/\/vieassociative.be\/actualites\/wp-json\/wp\/v2\/posts"}],"about":[{"href":"https:\/\/vieassociative.be\/actualites\/wp-json\/wp\/v2\/types\/post"}],"author":[{"embeddable":true,"href":"https:\/\/vieassociative.be\/actualites\/wp-json\/wp\/v2\/users\/1"}],"replies":[{"embeddable":true,"href":"https:\/\/vieassociative.be\/actualites\/wp-json\/wp\/v2\/comments?post=7116"}],"version-history":[{"count":0,"href":"https:\/\/vieassociative.be\/actualites\/wp-json\/wp\/v2\/posts\/7116\/revisions"}],"wp:featuredmedia":[{"embeddable":true,"href":"https:\/\/vieassociative.be\/actualites\/wp-json\/wp\/v2\/media\/7117"}],"wp:attachment":[{"href":"https:\/\/vieassociative.be\/actualites\/wp-json\/wp\/v2\/media?parent=7116"}],"wp:term":[{"taxonomy":"category","embeddable":true,"href":"https:\/\/vieassociative.be\/actualites\/wp-json\/wp\/v2\/categories?post=7116"},{"taxonomy":"post_tag","embeddable":true,"href":"https:\/\/vieassociative.be\/actualites\/wp-json\/wp\/v2\/tags?post=7116"}],"curies":[{"name":"wp","href":"https:\/\/api.w.org\/{rel}","templated":true}]}}