{"id":7114,"date":"2025-04-28T22:16:56","date_gmt":"2025-04-28T20:16:56","guid":{"rendered":"https:\/\/vieassociative.be\/actualites\/une-panne-de-puissance-massive-trace-lespagne-et-le-portugal-lahm\/"},"modified":"2025-04-28T22:16:56","modified_gmt":"2025-04-28T20:16:56","slug":"une-panne-de-puissance-massive-trace-lespagne-et-le-portugal-lahm","status":"publish","type":"post","link":"https:\/\/vieassociative.be\/actualites\/une-panne-de-puissance-massive-trace-lespagne-et-le-portugal-lahm\/","title":{"rendered":"Une panne de puissance massive trace l&rsquo;Espagne et le Portugal Lahm"},"content":{"rendered":"<p><strong>Soudain, l&rsquo;\u00e9lectricit\u00e9 avait disparu: des millions de personnes sur la p\u00e9ninsule ib\u00e9rique sont affect\u00e9es par une panne de courant massive. On sait peu de choses sur la cause &#8211; mais il y a d\u00e9j\u00e0 des nouvelles positives.<\/strong><\/p>\n<p><span id=\"more-414398\"><\/span>Des feux de circulation inhabituels, des trains debout et un tournoi de tennis cass\u00e9: une d\u00e9faillance d&rsquo;\u00e9nergie massive a frapp\u00e9 la p\u00e9ninsule ib\u00e9rique lundi apr\u00e8s-midi. Des millions de personnes ont \u00e9t\u00e9 touch\u00e9es par la panne de courant dans de grandes parties de l&rsquo;Espagne et du Portugal sur le continent.<\/p>\n<p>La bonne nouvelle: l&rsquo;offre a maintenant \u00e9t\u00e9 s\u00e9curis\u00e9e dans plusieurs r\u00e9gions du nord, du sud et de l&rsquo;ouest de la p\u00e9ninsule, l&rsquo;op\u00e9rateur du r\u00e9seau d&rsquo;espagnol Red El\u00e9ctrica a rendu compte des r\u00e9gions X. telles que la Catalogne, Aragon, Basque Country, Galicia, Asturias, Navarra et Castilia.<\/p>\n<div id=\"attachment_414401\" class=\"wp-caption alignleft\" style=\"max-width: 300px\"><img fetchpriority=\"high\" decoding=\"async\" class=\"wp-image-414401 size-medium\" src=\"https:\/\/vieassociative.be\/actualites\/wp-content\/uploads\/2025\/04\/Une-panne-de-puissance-massive-trace-lEspagne-et-le-Portugal.jpg\" alt=\"\" width=\"300\" height=\"200\"><\/p>\n<p class=\"wp-caption-text\">28\/04\/2025, Espagne, Premia de Mar: Julia et son chien Lassie attendaient environ deux heures pour continuer leur train de Premia de Mar dans la province de Barcelone. Photo: Jan-Uwe Ronneburger \/ DPA<\/p>\n<\/div>\n<p>La restauration compl\u00e8te de l&rsquo;alimentation en espagnol pourrait encore prendre entre six et dix heures, le journal espagnol \u00ab\u00a0El Pa\u00eds\u00a0\u00bb a cit\u00e9 un porte-parole de l&rsquo;op\u00e9rateur du r\u00e9seau \u00e9lectrique Red Electrica. Selon \u00abEl Pa\u00eds\u00bb, le Premier ministre espagnol Pedro S\u00e1nchez a appel\u00e9 une r\u00e9union du Conseil de s\u00e9curit\u00e9 nationale.<\/p>\n<p><strong>&#8211; Aucune r\u00e9f\u00e9rence \u00e0 la cyberattaque:<\/strong> La cause est recherch\u00e9e. Selon \u00ab\u00a0El Pa\u00eds\u00a0\u00bb, l&rsquo;Institut national national de cybers\u00e9curit\u00e9 espagnol avait annonc\u00e9 qu&rsquo;il examinait si une attaque de pirate pourrait \u00eatre \u00e0 l&rsquo;origine de l&rsquo;\u00e9chec du pouvoir. Selon le pr\u00e9sident du Conseil de l&rsquo;UE, Ant\u00f3nio Costa, il n&rsquo;y a actuellement aucune indication d&rsquo;une cyberattaque. La Commission de l&rsquo;UE a trait\u00e9 la d\u00e9faillance de l&rsquo;\u00e9nergie \u00e0 grande \u00e9chelle. \u00ab\u00a0La Commission continuera d&rsquo;observer la situation et veillera \u00e0 ce qu&rsquo;un \u00e9change d&rsquo;informations fluide ait lieu entre toutes les personnes impliqu\u00e9es\u00a0\u00bb, a d\u00e9clar\u00e9 l&rsquo;autorit\u00e9 \u00e0 Bruxelles.<\/p>\n<p><strong>&#8211; Les gens sont sauv\u00e9s des ascenseurs:<\/strong> Des journalistes de l&rsquo;agence de presse allemande ont rapport\u00e9 \u00e0 Madrid et \u00e0 Barcelone qu&rsquo;il n&rsquo;y avait pas d&rsquo;\u00e9lectricit\u00e9 lundi apr\u00e8s-midi. Le fonctionnement de l&rsquo;infrastructure et des communications mobiles ainsi que le trafic sont affect\u00e9s \u00e0 travers le pays, le journal espagnol \u00ab\u00a0El Pa\u00eds\u00a0\u00bb a \u00e9crit: Les feux de circulation et les ascenseurs dans les gares, dans les a\u00e9roports et dans d&rsquo;autres b\u00e2timents. Les gens devaient \u00eatre sauv\u00e9s des tunnels de m\u00e9tro et des ascenseurs. Selon le minist\u00e8re de la Sant\u00e9 de l&rsquo;Espagne, les h\u00f4pitaux n&rsquo;ont pas \u00e9t\u00e9 touch\u00e9s gr\u00e2ce \u00e0 l&rsquo;utilisation de g\u00e9n\u00e9rateurs.<\/p>\n<p>La plupart des magasins et restaurants de Premi\u00e0 de Mar pr\u00e8s de Barcelone et d&rsquo;autres endroits de l&rsquo;Espagne ont ferm\u00e9 selon un journaliste de la DPA. Les entreprises avec des marchandises p\u00e9rissables et des salons de cr\u00e8me glac\u00e9e en particulier attendaient avec impatience la restauration de l&rsquo;alimentation \u00e9lectrique. \u00ab\u00a0Nous pouvons le supporter pendant quelques heures, puis la glace sera liquide\u00a0\u00bb, a d\u00e9clar\u00e9 un vendeur dans un glacier en Premi\u00e0 de Mar.<\/p>\n<div id=\"attachment_414402\" class=\"wp-caption alignleft\" style=\"max-width: 300px\"><img decoding=\"async\" class=\"wp-image-414402 size-medium\" src=\"https:\/\/vieassociative.be\/actualites\/wp-content\/uploads\/2025\/04\/1745871416_189_Une-panne-de-puissance-massive-trace-lEspagne-et-le-Portugal.jpg\" alt=\"\" width=\"300\" height=\"200\"><\/p>\n<p class=\"wp-caption-text\">28\/04\/2025, Portugal, Lisbonne: Les passagers attendent devant l&rsquo;a\u00e9roport de Lisbonne lors d&rsquo;une d\u00e9faillance de puissance massive. Photo: Armando Franca \/ AP \/ DPA<\/p>\n<\/div>\n<p>Le mot \u00ab\u00a0Luz\u00a0\u00bb, espagnol pour l&rsquo;\u00e9lectricit\u00e9, fait partie de presque tous les divertissements des gens dans la rue. Les voisins appellent les derni\u00e8res nouvelles et rumeurs du balcon au balcon.<\/p>\n<p>\u00ab\u00a0Et comment dois-je cuisiner maintenant?\u00a0\u00bb Demande une femme au foyer en Premi\u00e0 de Mar. Bien qu&rsquo;elle et son mari aient des modules solaires sur le toit, cela n&rsquo;est pas utile, car le syst\u00e8me ne fonctionne que lorsque le r\u00e9seau est en service. Un voisin invite tout le monde \u00e0 cuisiner avec elle &#8211; sur son po\u00eale \u00e0 gaz.<\/p>\n<p>En raison de la d\u00e9faillance de l&rsquo;\u00e9nergie, le tournoi de tennis Masters 1000 \u00e0 Madrid a d\u00fb \u00eatre interrompu.<\/p>\n<p><strong>&#8211; Les trains se tiennent, les feux de circulation ont \u00e9chou\u00e9:<\/strong> La circulation et le transport dans la p\u00e9ninsule d&rsquo;Europe du Sud ont \u00e9t\u00e9 largement perturb\u00e9s. Selon la compagnie ferroviaire espagnole Renfe, le \u00ab\u00a0National Power Grid\u00a0\u00bb entier avait \u00e9chou\u00e9 \u00e0 12h30. (Heure locale) &#8211; Les trains s&rsquo;\u00e9taient arr\u00eat\u00e9s dans tous les gares et ne sont pas partis. Une reprise des transports moyens et longue distance n&rsquo;est actuellement pas pr\u00e9visible, a d\u00e9clar\u00e9 le ministre des Transports espagnol \u00d3scar Puente sur la plate-forme X.<\/p>\n<p>L&rsquo;op\u00e9rateur de l&rsquo;a\u00e9roport espagnol Aena a \u00e9galement signal\u00e9 des \u00abincidents\u00bb en raison de la panne de courant. Les g\u00e9n\u00e9rateurs d&rsquo;urgence sont actifs. Les passagers doivent contacter leur compagnie a\u00e9rienne respective avec des questions, car il peut y avoir des probl\u00e8mes lors de leur voyage en cours sur le terrain. Les images t\u00e9l\u00e9vis\u00e9es du diffuseur RTVE des grands a\u00e9roports du pays ont montr\u00e9 des passagers bloqu\u00e9s, des escaliers m\u00e9caniques et des tapis roulants et des derniers points.<\/p>\n<p>Selon le journal espagnol \u00ab\u00a0El Pa\u00eds\u00a0\u00bb, la panne d&rsquo;\u00e9lectricit\u00e9 massive \u00e9tait limit\u00e9e au continent. En cons\u00e9quence, les journalistes ont indiqu\u00e9 que les groupes insulaires appartenant au pays ne sont pas affect\u00e9s par les \u00eeles canares et bal\u00e9ares.<\/p>\n<div id=\"attachment_414403\" class=\"wp-caption alignleft\" style=\"max-width: 300px\"><img decoding=\"async\" class=\"wp-image-414403 size-medium\" src=\"https:\/\/vieassociative.be\/actualites\/wp-content\/uploads\/2025\/04\/1745871416_157_Une-panne-de-puissance-massive-trace-lEspagne-et-le-Portugal.jpg\" alt=\"\" width=\"300\" height=\"200\"><\/p>\n<p class=\"wp-caption-text\">28\/04\/2025, Espagne, Barcelone: \u200b\u200bles gens attendent devant une station de m\u00e9tro ferm\u00e9e lors d&rsquo;une grande panne de courant. Photo: Emilio Morenatti \/ AP \/ DPA<\/p>\n<\/div>\n<p>Le pays voisin du Portugal a \u00e9galement connu une panne de courant \u00e9loign\u00e9e, du nord au sud du pays, a rapport\u00e9 RTP. Le ministre de la D\u00e9fense du Portugal, Nuno Melo, a appel\u00e9 la population \u00e0 se reposer.<\/p>\n<p>La d\u00e9faillance de la puissance au Portugal a \u00e9t\u00e9 caus\u00e9e par une perturbation du r\u00e9seau \u00e9lectrique espagnol, qui est due \u00e0 un \u00ab\u00a0ph\u00e9nom\u00e8ne atmosph\u00e9rique rare\u00a0\u00bb, a rapport\u00e9, entre autres, le diffuseur portugais RTP et le diffuseur britannique Sky News, se r\u00e9f\u00e9rant \u00e0 l&rsquo;op\u00e9rateur de r\u00e9seau \u00e9lectrique portugais. L&rsquo;entreprise est progressivement restaur\u00e9e, par laquelle la s\u00e9curit\u00e9 et la stabilit\u00e9 du r\u00e9seau ont la priorit\u00e9. La normalisation compl\u00e8te du r\u00e9seau pourrait prendre jusqu&rsquo;\u00e0 une semaine en raison de la complexit\u00e9 du ph\u00e9nom\u00e8ne.<\/p>\n<p><strong>&#8211; La France a \u00e9galement affect\u00e9 entre-temps:<\/strong> Dans le petit \u00e9tat d&rsquo;Andorre dans les Pyr\u00e9n\u00e9es, en revanche, la d\u00e9faillance de la puissance n&rsquo;a pris que quelques secondes, son fournisseur d&rsquo;\u00e9nergie Feda a rapport\u00e9 X. La d\u00e9faillance a \u00e9t\u00e9 caus\u00e9e du c\u00f4t\u00e9 espagnol et l&rsquo;\u00e9lectricit\u00e9 a \u00e9t\u00e9 imm\u00e9diatement restaur\u00e9e gr\u00e2ce \u00e0 la \u00ab\u00a0connexion automatique de la France\u00a0\u00bb.<\/p>\n<p>La France a \u00e9galement \u00e9t\u00e9 affect\u00e9e par la panne de courant entre-temps. L&rsquo;op\u00e9rateur du r\u00e9seau \u00e9lectrique RTE a \u00e9crit que les m\u00e9nages de la partie fran\u00e7aise du pays basque \u00e9taient sans \u00e9lectricit\u00e9 pendant quelques minutes. Cependant, l&rsquo;alimentation a \u00e9t\u00e9 restaur\u00e9e. (DPA)<\/p>\n","protected":false},"excerpt":{"rendered":"<p>Soudain, l&rsquo;\u00e9lectricit\u00e9 avait disparu: des millions de personnes sur la p\u00e9ninsule ib\u00e9rique sont affect\u00e9es par une panne de courant massive. On sait peu de choses<\/p>\n","protected":false},"author":1,"featured_media":7115,"comment_status":"","ping_status":"","sticky":false,"template":"","format":"standard","meta":{"footnotes":""},"categories":[298],"tags":[6687,2511,1138,1137,4056,6686,4462,110],"class_list":["post-7114","post","type-post","status-publish","format-standard","has-post-thumbnail","hentry","category-belgique","tag-lahm","tag-lespagne","tag-massive","tag-panne","tag-portugal","tag-puissance","tag-trace","tag-une","generate-columns","tablet-grid-50","mobile-grid-100","grid-parent","grid-33"],"yoast_head":"<!-- This site is optimized with the Yoast SEO plugin v24.0 - https:\/\/yoast.com\/wordpress\/plugins\/seo\/ -->\n<title>Une panne de puissance massive trace l&#039;Espagne et le Portugal Lahm | Vie Associative<\/title>\n<meta name=\"robots\" content=\"index, follow, max-snippet:-1, max-image-preview:large, max-video-preview:-1\" \/>\n<link rel=\"canonical\" href=\"https:\/\/vieassociative.be\/actualites\/une-panne-de-puissance-massive-trace-lespagne-et-le-portugal-lahm\/\" \/>\n<meta property=\"og:locale\" content=\"fr_FR\" \/>\n<meta property=\"og:type\" content=\"article\" \/>\n<meta property=\"og:title\" content=\"Une panne de puissance massive trace l&#039;Espagne et le Portugal Lahm | Vie Associative\" \/>\n<meta property=\"og:description\" content=\"Soudain, l&rsquo;\u00e9lectricit\u00e9 avait disparu: des millions de personnes sur la p\u00e9ninsule ib\u00e9rique sont affect\u00e9es par une panne de courant massive. On sait peu de choses\" \/>\n<meta property=\"og:url\" content=\"https:\/\/vieassociative.be\/actualites\/une-panne-de-puissance-massive-trace-lespagne-et-le-portugal-lahm\/\" \/>\n<meta property=\"og:site_name\" content=\"Vie Associative\" \/>\n<meta property=\"article:published_time\" content=\"2025-04-28T20:16:56+00:00\" \/>\n<meta property=\"og:image\" content=\"https:\/\/vieassociative.be\/actualites\/wp-content\/uploads\/2024\/09\/header_backgroundk-01-e1726694325946.png\" \/>\n\t<meta property=\"og:image:width\" content=\"279\" \/>\n\t<meta property=\"og:image:height\" content=\"92\" \/>\n\t<meta property=\"og:image:type\" content=\"image\/png\" \/>\n<meta name=\"author\" content=\"Julien\" \/>\n<meta name=\"twitter:card\" content=\"summary_large_image\" \/>\n<meta name=\"twitter:label1\" content=\"\u00c9crit par\" \/>\n\t<meta name=\"twitter:data1\" content=\"Julien\" \/>\n\t<meta name=\"twitter:label2\" content=\"Dur\u00e9e de lecture est.\" \/>\n\t<meta name=\"twitter:data2\" content=\"6 minutes\" \/>\n<script type=\"application\/ld+json\" class=\"yoast-schema-graph\">{\"@context\":\"https:\/\/schema.org\",\"@graph\":[{\"@type\":\"Article\",\"@id\":\"https:\/\/vieassociative.be\/actualites\/une-panne-de-puissance-massive-trace-lespagne-et-le-portugal-lahm\/#article\",\"isPartOf\":{\"@id\":\"https:\/\/vieassociative.be\/actualites\/une-panne-de-puissance-massive-trace-lespagne-et-le-portugal-lahm\/\"},\"author\":{\"name\":\"Julien\",\"@id\":\"https:\/\/vieassociative.be\/actualites\/#\/schema\/person\/b87ac4f82f9d4e7b7cec7395b679edc4\"},\"headline\":\"Une panne de puissance massive trace l&rsquo;Espagne et le Portugal Lahm\",\"datePublished\":\"2025-04-28T20:16:56+00:00\",\"dateModified\":\"2025-04-28T20:16:56+00:00\",\"mainEntityOfPage\":{\"@id\":\"https:\/\/vieassociative.be\/actualites\/une-panne-de-puissance-massive-trace-lespagne-et-le-portugal-lahm\/\"},\"wordCount\":1203,\"publisher\":{\"@id\":\"https:\/\/vieassociative.be\/actualites\/#organization\"},\"image\":{\"@id\":\"https:\/\/vieassociative.be\/actualites\/une-panne-de-puissance-massive-trace-lespagne-et-le-portugal-lahm\/#primaryimage\"},\"thumbnailUrl\":\"https:\/\/vieassociative.be\/actualites\/wp-content\/uploads\/2025\/04\/1745871417_Une-panne-de-puissance-massive-trace-lEspagne-et-le-Portugal.jpg\",\"keywords\":[\"Lahm\",\"LEspagne\",\"massive\",\"panne\",\"Portugal\",\"puissance\",\"trace\",\"une\"],\"articleSection\":[\"Belgique\"],\"inLanguage\":\"fr-BE\"},{\"@type\":\"WebPage\",\"@id\":\"https:\/\/vieassociative.be\/actualites\/une-panne-de-puissance-massive-trace-lespagne-et-le-portugal-lahm\/\",\"url\":\"https:\/\/vieassociative.be\/actualites\/une-panne-de-puissance-massive-trace-lespagne-et-le-portugal-lahm\/\",\"name\":\"Une panne de puissance massive trace l'Espagne et le Portugal Lahm | Vie Associative\",\"isPartOf\":{\"@id\":\"https:\/\/vieassociative.be\/actualites\/#website\"},\"primaryImageOfPage\":{\"@id\":\"https:\/\/vieassociative.be\/actualites\/une-panne-de-puissance-massive-trace-lespagne-et-le-portugal-lahm\/#primaryimage\"},\"image\":{\"@id\":\"https:\/\/vieassociative.be\/actualites\/une-panne-de-puissance-massive-trace-lespagne-et-le-portugal-lahm\/#primaryimage\"},\"thumbnailUrl\":\"https:\/\/vieassociative.be\/actualites\/wp-content\/uploads\/2025\/04\/1745871417_Une-panne-de-puissance-massive-trace-lEspagne-et-le-Portugal.jpg\",\"datePublished\":\"2025-04-28T20:16:56+00:00\",\"dateModified\":\"2025-04-28T20:16:56+00:00\",\"breadcrumb\":{\"@id\":\"https:\/\/vieassociative.be\/actualites\/une-panne-de-puissance-massive-trace-lespagne-et-le-portugal-lahm\/#breadcrumb\"},\"inLanguage\":\"fr-BE\",\"potentialAction\":[{\"@type\":\"ReadAction\",\"target\":[\"https:\/\/vieassociative.be\/actualites\/une-panne-de-puissance-massive-trace-lespagne-et-le-portugal-lahm\/\"]}]},{\"@type\":\"ImageObject\",\"inLanguage\":\"fr-BE\",\"@id\":\"https:\/\/vieassociative.be\/actualites\/une-panne-de-puissance-massive-trace-lespagne-et-le-portugal-lahm\/#primaryimage\",\"url\":\"https:\/\/vieassociative.be\/actualites\/wp-content\/uploads\/2025\/04\/1745871417_Une-panne-de-puissance-massive-trace-lEspagne-et-le-Portugal.jpg\",\"contentUrl\":\"https:\/\/vieassociative.be\/actualites\/wp-content\/uploads\/2025\/04\/1745871417_Une-panne-de-puissance-massive-trace-lEspagne-et-le-Portugal.jpg\",\"width\":1200,\"height\":800,\"caption\":\"Une panne de puissance massive trace l'Espagne et le Portugal Lahm\"},{\"@type\":\"BreadcrumbList\",\"@id\":\"https:\/\/vieassociative.be\/actualites\/une-panne-de-puissance-massive-trace-lespagne-et-le-portugal-lahm\/#breadcrumb\",\"itemListElement\":[{\"@type\":\"ListItem\",\"position\":1,\"name\":\"Accueil\",\"item\":\"https:\/\/vieassociative.be\/actualites\/\"},{\"@type\":\"ListItem\",\"position\":2,\"name\":\"Une panne de puissance massive trace l&rsquo;Espagne et le Portugal Lahm\"}]},{\"@type\":\"WebSite\",\"@id\":\"https:\/\/vieassociative.be\/actualites\/#website\",\"url\":\"https:\/\/vieassociative.be\/actualites\/\",\"name\":\"Vie Associative\",\"description\":\"\",\"publisher\":{\"@id\":\"https:\/\/vieassociative.be\/actualites\/#organization\"},\"potentialAction\":[{\"@type\":\"SearchAction\",\"target\":{\"@type\":\"EntryPoint\",\"urlTemplate\":\"https:\/\/vieassociative.be\/actualites\/?s={search_term_string}\"},\"query-input\":{\"@type\":\"PropertyValueSpecification\",\"valueRequired\":true,\"valueName\":\"search_term_string\"}}],\"inLanguage\":\"fr-BE\"},{\"@type\":\"Organization\",\"@id\":\"https:\/\/vieassociative.be\/actualites\/#organization\",\"name\":\"Vie Associative\",\"url\":\"https:\/\/vieassociative.be\/actualites\/\",\"logo\":{\"@type\":\"ImageObject\",\"inLanguage\":\"fr-BE\",\"@id\":\"https:\/\/vieassociative.be\/actualites\/#\/schema\/logo\/image\/\",\"url\":\"https:\/\/vieassociative.be\/actualites\/wp-content\/uploads\/2024\/09\/cropped-vieassociative_favicon.ico.png\",\"contentUrl\":\"https:\/\/vieassociative.be\/actualites\/wp-content\/uploads\/2024\/09\/cropped-vieassociative_favicon.ico.png\",\"width\":512,\"height\":512,\"caption\":\"Vie Associative\"},\"image\":{\"@id\":\"https:\/\/vieassociative.be\/actualites\/#\/schema\/logo\/image\/\"}},{\"@type\":\"Person\",\"@id\":\"https:\/\/vieassociative.be\/actualites\/#\/schema\/person\/b87ac4f82f9d4e7b7cec7395b679edc4\",\"name\":\"Julien\",\"image\":{\"@type\":\"ImageObject\",\"inLanguage\":\"fr-BE\",\"@id\":\"https:\/\/vieassociative.be\/actualites\/#\/schema\/person\/image\/\",\"url\":\"https:\/\/vieassociative.be\/actualites\/wp-content\/uploads\/2024\/09\/vie-associative-1-150x150.jpg\",\"contentUrl\":\"https:\/\/vieassociative.be\/actualites\/wp-content\/uploads\/2024\/09\/vie-associative-1-150x150.jpg\",\"caption\":\"Julien\"},\"description\":\"Je suis Julien, r\u00e9dacteur pour Vie Associative. Passionn\u00e9 par le monde associatif depuis plus de 10 ans, j'ai \u00e0 c\u0153ur de partager des histoires inspirantes et de mettre en lumi\u00e8re les initiatives locales. Mon objectif est de sensibiliser et d'encourager l'engagement communautaire \u00e0 travers mes articles.\",\"sameAs\":[\"https:\/\/vieassociative.be\/\"]}]}<\/script>\n<!-- \/ Yoast SEO plugin. -->","yoast_head_json":{"title":"Une panne de puissance massive trace l'Espagne et le Portugal Lahm | Vie Associative","robots":{"index":"index","follow":"follow","max-snippet":"max-snippet:-1","max-image-preview":"max-image-preview:large","max-video-preview":"max-video-preview:-1"},"canonical":"https:\/\/vieassociative.be\/actualites\/une-panne-de-puissance-massive-trace-lespagne-et-le-portugal-lahm\/","og_locale":"fr_FR","og_type":"article","og_title":"Une panne de puissance massive trace l'Espagne et le Portugal Lahm | Vie Associative","og_description":"Soudain, l&rsquo;\u00e9lectricit\u00e9 avait disparu: des millions de personnes sur la p\u00e9ninsule ib\u00e9rique sont affect\u00e9es par une panne de courant massive. On sait peu de choses","og_url":"https:\/\/vieassociative.be\/actualites\/une-panne-de-puissance-massive-trace-lespagne-et-le-portugal-lahm\/","og_site_name":"Vie Associative","article_published_time":"2025-04-28T20:16:56+00:00","og_image":[{"width":279,"height":92,"url":"https:\/\/vieassociative.be\/actualites\/wp-content\/uploads\/2024\/09\/header_backgroundk-01-e1726694325946.png","type":"image\/png"}],"author":"Julien","twitter_card":"summary_large_image","twitter_misc":{"\u00c9crit par":"Julien","Dur\u00e9e de lecture est.":"6 minutes"},"schema":{"@context":"https:\/\/schema.org","@graph":[{"@type":"Article","@id":"https:\/\/vieassociative.be\/actualites\/une-panne-de-puissance-massive-trace-lespagne-et-le-portugal-lahm\/#article","isPartOf":{"@id":"https:\/\/vieassociative.be\/actualites\/une-panne-de-puissance-massive-trace-lespagne-et-le-portugal-lahm\/"},"author":{"name":"Julien","@id":"https:\/\/vieassociative.be\/actualites\/#\/schema\/person\/b87ac4f82f9d4e7b7cec7395b679edc4"},"headline":"Une panne de puissance massive trace l&rsquo;Espagne et le Portugal Lahm","datePublished":"2025-04-28T20:16:56+00:00","dateModified":"2025-04-28T20:16:56+00:00","mainEntityOfPage":{"@id":"https:\/\/vieassociative.be\/actualites\/une-panne-de-puissance-massive-trace-lespagne-et-le-portugal-lahm\/"},"wordCount":1203,"publisher":{"@id":"https:\/\/vieassociative.be\/actualites\/#organization"},"image":{"@id":"https:\/\/vieassociative.be\/actualites\/une-panne-de-puissance-massive-trace-lespagne-et-le-portugal-lahm\/#primaryimage"},"thumbnailUrl":"https:\/\/vieassociative.be\/actualites\/wp-content\/uploads\/2025\/04\/1745871417_Une-panne-de-puissance-massive-trace-lEspagne-et-le-Portugal.jpg","keywords":["Lahm","LEspagne","massive","panne","Portugal","puissance","trace","une"],"articleSection":["Belgique"],"inLanguage":"fr-BE"},{"@type":"WebPage","@id":"https:\/\/vieassociative.be\/actualites\/une-panne-de-puissance-massive-trace-lespagne-et-le-portugal-lahm\/","url":"https:\/\/vieassociative.be\/actualites\/une-panne-de-puissance-massive-trace-lespagne-et-le-portugal-lahm\/","name":"Une panne de puissance massive trace l'Espagne et le Portugal Lahm | Vie Associative","isPartOf":{"@id":"https:\/\/vieassociative.be\/actualites\/#website"},"primaryImageOfPage":{"@id":"https:\/\/vieassociative.be\/actualites\/une-panne-de-puissance-massive-trace-lespagne-et-le-portugal-lahm\/#primaryimage"},"image":{"@id":"https:\/\/vieassociative.be\/actualites\/une-panne-de-puissance-massive-trace-lespagne-et-le-portugal-lahm\/#primaryimage"},"thumbnailUrl":"https:\/\/vieassociative.be\/actualites\/wp-content\/uploads\/2025\/04\/1745871417_Une-panne-de-puissance-massive-trace-lEspagne-et-le-Portugal.jpg","datePublished":"2025-04-28T20:16:56+00:00","dateModified":"2025-04-28T20:16:56+00:00","breadcrumb":{"@id":"https:\/\/vieassociative.be\/actualites\/une-panne-de-puissance-massive-trace-lespagne-et-le-portugal-lahm\/#breadcrumb"},"inLanguage":"fr-BE","potentialAction":[{"@type":"ReadAction","target":["https:\/\/vieassociative.be\/actualites\/une-panne-de-puissance-massive-trace-lespagne-et-le-portugal-lahm\/"]}]},{"@type":"ImageObject","inLanguage":"fr-BE","@id":"https:\/\/vieassociative.be\/actualites\/une-panne-de-puissance-massive-trace-lespagne-et-le-portugal-lahm\/#primaryimage","url":"https:\/\/vieassociative.be\/actualites\/wp-content\/uploads\/2025\/04\/1745871417_Une-panne-de-puissance-massive-trace-lEspagne-et-le-Portugal.jpg","contentUrl":"https:\/\/vieassociative.be\/actualites\/wp-content\/uploads\/2025\/04\/1745871417_Une-panne-de-puissance-massive-trace-lEspagne-et-le-Portugal.jpg","width":1200,"height":800,"caption":"Une panne de puissance massive trace l'Espagne et le Portugal Lahm"},{"@type":"BreadcrumbList","@id":"https:\/\/vieassociative.be\/actualites\/une-panne-de-puissance-massive-trace-lespagne-et-le-portugal-lahm\/#breadcrumb","itemListElement":[{"@type":"ListItem","position":1,"name":"Accueil","item":"https:\/\/vieassociative.be\/actualites\/"},{"@type":"ListItem","position":2,"name":"Une panne de puissance massive trace l&rsquo;Espagne et le Portugal Lahm"}]},{"@type":"WebSite","@id":"https:\/\/vieassociative.be\/actualites\/#website","url":"https:\/\/vieassociative.be\/actualites\/","name":"Vie Associative","description":"","publisher":{"@id":"https:\/\/vieassociative.be\/actualites\/#organization"},"potentialAction":[{"@type":"SearchAction","target":{"@type":"EntryPoint","urlTemplate":"https:\/\/vieassociative.be\/actualites\/?s={search_term_string}"},"query-input":{"@type":"PropertyValueSpecification","valueRequired":true,"valueName":"search_term_string"}}],"inLanguage":"fr-BE"},{"@type":"Organization","@id":"https:\/\/vieassociative.be\/actualites\/#organization","name":"Vie Associative","url":"https:\/\/vieassociative.be\/actualites\/","logo":{"@type":"ImageObject","inLanguage":"fr-BE","@id":"https:\/\/vieassociative.be\/actualites\/#\/schema\/logo\/image\/","url":"https:\/\/vieassociative.be\/actualites\/wp-content\/uploads\/2024\/09\/cropped-vieassociative_favicon.ico.png","contentUrl":"https:\/\/vieassociative.be\/actualites\/wp-content\/uploads\/2024\/09\/cropped-vieassociative_favicon.ico.png","width":512,"height":512,"caption":"Vie Associative"},"image":{"@id":"https:\/\/vieassociative.be\/actualites\/#\/schema\/logo\/image\/"}},{"@type":"Person","@id":"https:\/\/vieassociative.be\/actualites\/#\/schema\/person\/b87ac4f82f9d4e7b7cec7395b679edc4","name":"Julien","image":{"@type":"ImageObject","inLanguage":"fr-BE","@id":"https:\/\/vieassociative.be\/actualites\/#\/schema\/person\/image\/","url":"https:\/\/vieassociative.be\/actualites\/wp-content\/uploads\/2024\/09\/vie-associative-1-150x150.jpg","contentUrl":"https:\/\/vieassociative.be\/actualites\/wp-content\/uploads\/2024\/09\/vie-associative-1-150x150.jpg","caption":"Julien"},"description":"Je suis Julien, r\u00e9dacteur pour Vie Associative. Passionn\u00e9 par le monde associatif depuis plus de 10 ans, j'ai \u00e0 c\u0153ur de partager des histoires inspirantes et de mettre en lumi\u00e8re les initiatives locales. Mon objectif est de sensibiliser et d'encourager l'engagement communautaire \u00e0 travers mes articles.","sameAs":["https:\/\/vieassociative.be\/"]}]}},"_links":{"self":[{"href":"https:\/\/vieassociative.be\/actualites\/wp-json\/wp\/v2\/posts\/7114"}],"collection":[{"href":"https:\/\/vieassociative.be\/actualites\/wp-json\/wp\/v2\/posts"}],"about":[{"href":"https:\/\/vieassociative.be\/actualites\/wp-json\/wp\/v2\/types\/post"}],"author":[{"embeddable":true,"href":"https:\/\/vieassociative.be\/actualites\/wp-json\/wp\/v2\/users\/1"}],"replies":[{"embeddable":true,"href":"https:\/\/vieassociative.be\/actualites\/wp-json\/wp\/v2\/comments?post=7114"}],"version-history":[{"count":0,"href":"https:\/\/vieassociative.be\/actualites\/wp-json\/wp\/v2\/posts\/7114\/revisions"}],"wp:featuredmedia":[{"embeddable":true,"href":"https:\/\/vieassociative.be\/actualites\/wp-json\/wp\/v2\/media\/7115"}],"wp:attachment":[{"href":"https:\/\/vieassociative.be\/actualites\/wp-json\/wp\/v2\/media?parent=7114"}],"wp:term":[{"taxonomy":"category","embeddable":true,"href":"https:\/\/vieassociative.be\/actualites\/wp-json\/wp\/v2\/categories?post=7114"},{"taxonomy":"post_tag","embeddable":true,"href":"https:\/\/vieassociative.be\/actualites\/wp-json\/wp\/v2\/tags?post=7114"}],"curies":[{"name":"wp","href":"https:\/\/api.w.org\/{rel}","templated":true}]}}