{"id":7107,"date":"2025-04-28T16:16:59","date_gmt":"2025-04-28T14:16:59","guid":{"rendered":"https:\/\/vieassociative.be\/actualites\/qui-succedera-au-pape-francois\/"},"modified":"2025-04-28T16:16:59","modified_gmt":"2025-04-28T14:16:59","slug":"qui-succedera-au-pape-francois","status":"publish","type":"post","link":"https:\/\/vieassociative.be\/actualites\/qui-succedera-au-pape-francois\/","title":{"rendered":"Qui succ\u00e9dera au pape Fran\u00e7ois?"},"content":{"rendered":"<p><strong>Jusqu&rsquo;\u00e0 pr\u00e9sent, il s&rsquo;agissait du pape mort Fran\u00e7ois. Maintenant, tous les yeux visent \u00e0 choisir le successeur. Qui pourrait devenir le num\u00e9ro 267?<\/strong><\/p>\n<p><span id=\"more-414297\"><\/span>Le vieux pape est maintenant l&rsquo;histoire. Une simple tombe dans le Marienkirche Santa Maria Maggiore, puis seulement son nom en latin: Franciscus. Maintenant, il s&rsquo;agit de qui sera le successeur. M\u00eame il n&rsquo;y a m\u00eame pas de nomination quant au moment o\u00f9 le conclave pour l&rsquo;\u00e9lection du 267e Pontifx commence (m\u00eame si beaucoup calculent le 5 ou le 6 mai) &#8211; les noms sont d\u00e9j\u00e0 largement n\u00e9goci\u00e9s.<\/p>\n<p>La d\u00e9cision sera prise d&rsquo;une mani\u00e8re extr\u00eamement ancienne que le monde est toujours fascinant: dans la chapelle Sixtine, tous les cardinaux de moins de 80 ans sont assis ensemble pendant si longtemps (sur le latin: cum clave, avec la cl\u00e9) jusqu&rsquo;\u00e0 ce que l&rsquo;un d&rsquo;eux re\u00e7oive les deux tiers des votes. Puis la fum\u00e9e blanche s&rsquo;\u00e9l\u00e8ve d&rsquo;une chemin\u00e9e.<\/p>\n<div id=\"attachment_414362\" class=\"wp-caption alignleft\" style=\"max-width: 300px\"><img fetchpriority=\"high\" decoding=\"async\" class=\"wp-image-414362 size-medium\" src=\"https:\/\/vieassociative.be\/actualites\/wp-content\/uploads\/2025\/04\/Qui-succedera-au-pape-Francois.jpg\" alt=\"\" width=\"300\" height=\"195\"><\/p>\n<p class=\"wp-caption-text\">Les tables et les chaises sont dans la chapelle Sixtine du Vatican en pr\u00e9paration du conclave le 16 avril 2005. Photo: Pier Paolo Cito \/ AP \/ DPA<\/p>\n<\/div>\n<p>La lutte pour le poste terrestre le plus important du christianisme catholique a depuis longtemps commenc\u00e9. Presque tous les 135 cardinaux autoris\u00e9s \u00e0 voter sont d\u00e9j\u00e0 \u00e0 Rome. Dans l&rsquo;\u00c9tat de l&rsquo;\u00e9glise avec ses seuls kilom\u00e8tres carr\u00e9s de 0,44 et les nombreuses ruelles de la face tout autour, il est maintenant utilis\u00e9. Les prochains jours pourraient \u00eatre d\u00e9cisifs.<\/p>\n<p><b>&#8211; De nombreux cardinaux choisissent un pape pour la premi\u00e8re fois: <\/b>Le choix est consid\u00e9r\u00e9 comme ouvert que depuis des d\u00e9cennies &#8211; \u00e9galement parce que le conclave est international que jamais. De plus, la grande majorit\u00e9 des cardinaux sont l\u00e0 pour la premi\u00e8re fois. Plus de 100 ont \u00e9t\u00e9 nomm\u00e9s par Francis au cours des douze derni\u00e8res ann\u00e9es. Il aimait appeler des hommes d&rsquo;\u00e9glise de pays comme la C\u00f4te d&rsquo;Ivoire, le Timor oriental ou la Mongolie. Seuls 53 viennent d&rsquo;Europe.<\/p>\n<p>Il y a toujours un favori: l&rsquo;italien <b>Pietro Paroline<\/b>le num\u00e9ro deux pr\u00e9c\u00e9dent du Vatican. \u00c0 l&rsquo;\u00e2ge de 70 ans, il aurait un bon \u00e2ge: les hommes des robes rouges h\u00e9sitent \u00e0 choisir quelqu&rsquo;un qui peut rester tr\u00e8s longtemps.<\/p>\n<p>La paroline est consid\u00e9r\u00e9e comme un excellent diplomate et gestionnaire. Cela parlerait pour lui si le milieu de trois sc\u00e9narios actuellement beaucoup discut\u00e9: que quelqu&rsquo;un est n\u00e9cessaire qui apporte \u00e0 nouveau la paix \u00e0 l&rsquo;\u00e9glise. De plus, il y a une th\u00e8se qu&rsquo;apr\u00e8s pr\u00e8s d&rsquo;un demi-si\u00e8cle avec des papes de Pologne, d&rsquo;Allemagne et d&rsquo;Argentine, il pourrait \u00e0 nouveau faire un italien.<\/p>\n<p>Les deux autres sc\u00e9narios: si les cardinaux continuent de s&rsquo;appuyer sur des r\u00e9formes, une sorte de Francis II entre en fonction. Ou l&rsquo;inverse: un conservateur. Quant \u00e0 tant de choses, il y a un dicton \u00e0 Rome: \u00ab\u00a0Un pape \u00e9pais suit un mince\u00a0\u00bb. Mais un autre vieux dicton est encore plus important: \u00ab\u00a0Celui qui entre dans le conclave en tant que pape sort comme cardinal.\u00a0\u00bb En plus du slogan, plusieurs autres hommes sont en discussion.<\/p>\n<p><b>Matteo Zuppi:<\/b> En tant que pr\u00e9sident de la conf\u00e9rence des \u00e9v\u00eaques italiens, l&rsquo;archev\u00eaque de Bologne est l&rsquo;office de l&rsquo;une des figures centrales de l&rsquo;\u00c9glise catholique. Il \u00e9tait \u00e9galement un courtier du Vatican dans la guerre de l&rsquo;Ukraine, mais sans grand succ\u00e8s. Plus d&rsquo;une fois, son habilet\u00e9 diplomatique a \u00e9t\u00e9 interrog\u00e9e quand Francis a \u00e9tonnamment fait la une des journaux. Zuppi est consid\u00e9r\u00e9 comme un r\u00e9formateur, qui peut \u00e9galement \u00eatre \u00e9quilibr\u00e9. \u00c0 69 ans, il aurait un bon \u00e2ge.<\/p>\n<div id=\"attachment_414365\" class=\"wp-caption alignleft\" style=\"max-width: 300px\"><img decoding=\"async\" class=\"wp-image-414365 size-medium\" src=\"https:\/\/vieassociative.be\/actualites\/wp-content\/uploads\/2025\/04\/1745849819_456_Qui-succedera-au-pape-Francois.jpg\" alt=\"\" width=\"300\" height=\"208\"><\/p>\n<p class=\"wp-caption-text\">27 avril 2025, Italie, Rome: Cardinals Le dernier honneur du d\u00e9funt pape Fran\u00e7ois dans la tombe de la basilique papale de Santa Maria Maggiore \u00e0 Rome. Photo: Alessia Giuliani \/ IPA via Zuma Press \/ DPA<\/p>\n<\/div>\n<p><b>Pierbattista Pizzaballa: <\/b>Le patriarche de J\u00e9rusalem dirige l&rsquo;une des dioc\u00e8ses les plus difficiles du monde: les chr\u00e9tiens se tiennent entre les fronts de Saint-La8Jnd. Donc, en tant que constructeur de ponts, il a de l&rsquo;exp\u00e9rience. Pizzaballa vient de l&rsquo;ordre franciscain. \u00c0 60 ans, il est l&rsquo;un des plus jeunes parmi les \u00abpapiles\u00bb. Cela pourrait parler contre lui.<\/p>\n<p><b>Peter Erd\u00f6: <\/b>Les primas de la Hongrie, archev\u00eaque d&rsquo;Esztergom-Budapest, est clairement l&rsquo;un des conservateurs. Il a \u00e9t\u00e9 nomm\u00e9 l&rsquo;un des rares par Jean-Paul II. Son nom a d\u00e9j\u00e0 \u00e9t\u00e9 jou\u00e9 en 2013 en ce qui concerne le successeur de Benedict XVI. est all\u00e9. Il a critiqu\u00e9 les r\u00e9formes depuis lors. Erd\u00f6 est plus intellectuel qu&rsquo;un homme du peuple. Il aurait le bon \u00e2ge \u00e0 72 ans.<\/p>\n<p><b>Jean-Marc Aveline: <\/b>L&rsquo;archev\u00eaque de Marseille est consid\u00e9r\u00e9 comme proche du peuple &#8211; un trait qu&rsquo;il partage avec feu le pape. Sinon, le Fran\u00e7ais est consid\u00e9r\u00e9 comme quelqu&rsquo;un qui a beaucoup en commun dans le style et la politique avec Jorge Mario Bergoglio. Certains l&rsquo;appellent m\u00eame un super bergoglian \u00bb. L&rsquo;homme de 66 ans d\u00e9fendrait l&rsquo;h\u00e9ritage des Pontifx morts.<\/p>\n<p><b>Jean-Claude Hollerich: <\/b>L&rsquo;archev\u00eaque du Luxembourg est l&rsquo;un des hommes les plus influents du Vatican. L&rsquo;homme de 66 ans se trouve dans plusieurs dicons importants &#8211; les minist\u00e8res du Vatican. Au dernier Synode mondial, il \u00e9tait une sorte de m\u00e9diateur en tant que \u00abrelateur g\u00e9n\u00e9ral.<\/p>\n<p><b>Crist\u00f3bal L\u00f3pez Romero: <\/b>L&rsquo;Espagnol pourrait \u00eatre l&rsquo;un des candidats surprise. Il est archev\u00eaque de Rabat au Maroc depuis 2017. Auparavant, il a travaill\u00e9 comme missionnaire au Paraguay et en Bolivie. L&rsquo;homme de 72 ans appartient \u00e0 la communaut\u00e9 des Squalins Don Boscos (SDB). La d\u00e9fense des droits des migrants et le dialogue avec l&rsquo;islam sont particuli\u00e8rement importants pour lui.<\/p>\n<p><b>Et Arborelius: <\/b>L&rsquo;\u00e9v\u00eaque de Stockholm serait un pape extr\u00eamement inhabituel. N\u00e9 en 1949 en Suisse, il a transf\u00e9r\u00e9 la foi catholique \u00e0 20 ans. Francis a fait de lui le premier cardinal de Scandinavie et consultant en \u0153cum\u00e9nisme. Le Su\u00e9dois est connu en Allemagne parce qu&rsquo;il en tant que visiteur apostolique a examin\u00e9 les all\u00e9gations contre le cardinal de Cologne Rainer Maria Woelki.<\/p>\n<div id=\"attachment_414367\" class=\"wp-caption alignleft\" style=\"max-width: 300px\"><img decoding=\"async\" class=\"wp-image-414367 size-medium\" src=\"https:\/\/vieassociative.be\/actualites\/wp-content\/uploads\/2025\/04\/1745849819_997_Qui-succedera-au-pape-Francois.jpg\" alt=\"\" width=\"300\" height=\"200\"><\/p>\n<p class=\"wp-caption-text\">26\/04\/2025, Vatican, Vatican City: Les Cardinals arrivent au pape Fran\u00e7ois sur la place Saint-Pierre au Vatican. Photo: Gregorio Borgia \/ AP \/ DPA<\/p>\n<\/div>\n<p><b>Jos\u00e9 Tolentino de Mendon\u00e7a<\/b>: Le cardinal Curia du Portugal est consid\u00e9r\u00e9 comme une aile progressiste de l&rsquo;\u00c9glise catholique. Et il a r\u00e9cemment fait l&rsquo;une des carri\u00e8res les plus abruptes: en 2018, Francis l&rsquo;a nomm\u00e9 le meilleur biblioth\u00e9caire, un an plus tard en tant que cardinal et en 2022 en tant que chef du dicter pour la culture et l&rsquo;\u00e9ducation. De Mendon\u00e7a est un intellectuel qui peut aussi avec les gens. Son \u00e2ge parle contre lui: il n&rsquo;a que 60 ans cette ann\u00e9e.<\/p>\n<p><b>Luis Antonio Tagle: <\/b>L&rsquo;ancien archev\u00eaque de Manille est mentionn\u00e9 \u00e0 plusieurs reprises comme le candidat le plus prometteur si les \u00e9lections devaient tomber sur une Asie pour la premi\u00e8re fois. L&rsquo;homme de 67 ans \u00e9tait d\u00e9j\u00e0 en discussion en 2013. Comme Francis, il est attach\u00e9 \u00e0 une \u00e9glise aux c\u00f4t\u00e9s des pauvres. Aujourd&rsquo;hui, il est dans le pr\u00e9fet de Curia Pro du dicaster pour l&rsquo;\u00e9vang\u00e9lisation. Cependant, sa carri\u00e8re a r\u00e9cemment eu un pli: Francis l&rsquo;a laiss\u00e9 tomber \u00e0 la t\u00eate des Caritas internationaux.<\/p>\n<p><b>Charles Maung Bo: <\/b>L&rsquo;homme de 76 ans vient \u00e9galement d&rsquo;Asie du Myanmar, l&rsquo;ancienne Birmanie. Son choix serait un signe sp\u00e9cial: son pays d&rsquo;origine s&rsquo;enfonce dans la guerre civile et la violence depuis des ann\u00e9es. De plus, il n&rsquo;a \u00e9t\u00e9 touch\u00e9 que par un mauvais tremblement de terre. L&rsquo;\u00e9glise ne pouvait plus montrer de sympathie. Le conservateur mod\u00e9r\u00e9 aurait \u00e9galement un \u00e2ge assez parfait. Il repr\u00e9sente \u00e9galement le grand groupe d&rsquo;hommes d&rsquo;\u00e9glise de pays lointains.<\/p>\n<p><b>Fridolin Ambongo Bedu: <\/b>Depuis un certain temps maintenant, il a \u00e9galement \u00e9t\u00e9 suppos\u00e9 qu&rsquo;un pape pourrait \u00e9galement provenir d&rsquo;Afrique: un \u00ab\u00a0pape noir\u00a0\u00bb. L&rsquo;archev\u00eaque de Kinshasa, la capitale de la R\u00e9publique d\u00e9mocratique du Congo: Fridolin Ambongo Besunu, est le plus souvent mentionn\u00e9. L&rsquo;homme de 65 ans est consid\u00e9r\u00e9 comme conservateur. Il voit l&rsquo;ouverture pour la b\u00e9n\u00e9diction des m\u00eames couples de sexe tr\u00e8s critique. Cependant, il serait assez jeune pour un pape. Et m\u00eame sans grande exp\u00e9rience \u00e0 Rome.<\/p>\n<p><b>Raymond Burke: <\/b>Le pr\u00eatre cardinal de 76 ans des \u00c9tats-Unis, ancien archev\u00eaque de Saint-Louis, \u00e9tait consid\u00e9r\u00e9 comme l&rsquo;un des opposants les plus coriaces de Francis. Le Hardliner conservateur a m\u00eame critiqu\u00e9 des r\u00e9formes minutieuses telles que la b\u00e9n\u00e9diction pour les couples homosexuels. Certains consid\u00e8rent Burke comme les candidats de Donald Trump. Ses chances: plut\u00f4t bas.<\/p>\n<p><b>Robert Francis Prevost: <\/b>L&rsquo;Am\u00e9ricain avec un lieu de naissance de Chicago m\u00e8ne l&rsquo;important DiCasterium pour les \u00e9v\u00eaques en tant que curie. Il \u00e9tait missionnaire et \u00e9v\u00eaque au P\u00e9rou et la priorit\u00e9 g\u00e9n\u00e9rale de l&rsquo;ordre augustinien. L&rsquo;homme de 69 ans pourrait \u00eatre un candidat de compromis si les camps ne peuvent pas \u00eatre d&rsquo;accord. (DPA)<\/p>\n","protected":false},"excerpt":{"rendered":"<p>Jusqu&rsquo;\u00e0 pr\u00e9sent, il s&rsquo;agissait du pape mort Fran\u00e7ois. Maintenant, tous les yeux visent \u00e0 choisir le successeur. Qui pourrait devenir le num\u00e9ro 267? Le vieux<\/p>\n","protected":false},"author":1,"featured_media":7108,"comment_status":"","ping_status":"","sticky":false,"template":"","format":"standard","meta":{"footnotes":""},"categories":[298],"tags":[4202,4201,99,6677],"class_list":["post-7107","post","type-post","status-publish","format-standard","has-post-thumbnail","hentry","category-belgique","tag-francois","tag-pape","tag-qui","tag-succedera","generate-columns","tablet-grid-50","mobile-grid-100","grid-parent","grid-33"],"yoast_head":"<!-- This site is optimized with the Yoast SEO plugin v24.0 - https:\/\/yoast.com\/wordpress\/plugins\/seo\/ -->\n<title>Qui succ\u00e9dera au pape Fran\u00e7ois? | Vie Associative<\/title>\n<meta name=\"robots\" content=\"index, follow, max-snippet:-1, max-image-preview:large, max-video-preview:-1\" \/>\n<link rel=\"canonical\" href=\"https:\/\/vieassociative.be\/actualites\/qui-succedera-au-pape-francois\/\" \/>\n<meta property=\"og:locale\" content=\"fr_FR\" \/>\n<meta property=\"og:type\" content=\"article\" \/>\n<meta property=\"og:title\" content=\"Qui succ\u00e9dera au pape Fran\u00e7ois? | Vie Associative\" \/>\n<meta property=\"og:description\" content=\"Jusqu&rsquo;\u00e0 pr\u00e9sent, il s&rsquo;agissait du pape mort Fran\u00e7ois. Maintenant, tous les yeux visent \u00e0 choisir le successeur. Qui pourrait devenir le num\u00e9ro 267? Le vieux\" \/>\n<meta property=\"og:url\" content=\"https:\/\/vieassociative.be\/actualites\/qui-succedera-au-pape-francois\/\" \/>\n<meta property=\"og:site_name\" content=\"Vie Associative\" \/>\n<meta property=\"article:published_time\" content=\"2025-04-28T14:16:59+00:00\" \/>\n<meta property=\"og:image\" content=\"https:\/\/vieassociative.be\/actualites\/wp-content\/uploads\/2024\/09\/header_backgroundk-01-e1726694325946.png\" \/>\n\t<meta property=\"og:image:width\" content=\"279\" \/>\n\t<meta property=\"og:image:height\" content=\"92\" \/>\n\t<meta property=\"og:image:type\" content=\"image\/png\" \/>\n<meta name=\"author\" content=\"Julien\" \/>\n<meta name=\"twitter:card\" content=\"summary_large_image\" \/>\n<meta name=\"twitter:label1\" content=\"\u00c9crit par\" \/>\n\t<meta name=\"twitter:data1\" content=\"Julien\" \/>\n\t<meta name=\"twitter:label2\" content=\"Dur\u00e9e de lecture est.\" \/>\n\t<meta name=\"twitter:data2\" content=\"7 minutes\" \/>\n<script type=\"application\/ld+json\" class=\"yoast-schema-graph\">{\"@context\":\"https:\/\/schema.org\",\"@graph\":[{\"@type\":\"Article\",\"@id\":\"https:\/\/vieassociative.be\/actualites\/qui-succedera-au-pape-francois\/#article\",\"isPartOf\":{\"@id\":\"https:\/\/vieassociative.be\/actualites\/qui-succedera-au-pape-francois\/\"},\"author\":{\"name\":\"Julien\",\"@id\":\"https:\/\/vieassociative.be\/actualites\/#\/schema\/person\/b87ac4f82f9d4e7b7cec7395b679edc4\"},\"headline\":\"Qui succ\u00e9dera au pape Fran\u00e7ois?\",\"datePublished\":\"2025-04-28T14:16:59+00:00\",\"dateModified\":\"2025-04-28T14:16:59+00:00\",\"mainEntityOfPage\":{\"@id\":\"https:\/\/vieassociative.be\/actualites\/qui-succedera-au-pape-francois\/\"},\"wordCount\":1563,\"publisher\":{\"@id\":\"https:\/\/vieassociative.be\/actualites\/#organization\"},\"image\":{\"@id\":\"https:\/\/vieassociative.be\/actualites\/qui-succedera-au-pape-francois\/#primaryimage\"},\"thumbnailUrl\":\"https:\/\/vieassociative.be\/actualites\/wp-content\/uploads\/2025\/04\/1745849819_Qui-succedera-au-pape-Francois.jpg\",\"keywords\":[\"Fran\u00e7ois\",\"pape\",\"qui\",\"succ\u00e9dera\"],\"articleSection\":[\"Belgique\"],\"inLanguage\":\"fr-BE\"},{\"@type\":\"WebPage\",\"@id\":\"https:\/\/vieassociative.be\/actualites\/qui-succedera-au-pape-francois\/\",\"url\":\"https:\/\/vieassociative.be\/actualites\/qui-succedera-au-pape-francois\/\",\"name\":\"Qui succ\u00e9dera au pape Fran\u00e7ois? | Vie Associative\",\"isPartOf\":{\"@id\":\"https:\/\/vieassociative.be\/actualites\/#website\"},\"primaryImageOfPage\":{\"@id\":\"https:\/\/vieassociative.be\/actualites\/qui-succedera-au-pape-francois\/#primaryimage\"},\"image\":{\"@id\":\"https:\/\/vieassociative.be\/actualites\/qui-succedera-au-pape-francois\/#primaryimage\"},\"thumbnailUrl\":\"https:\/\/vieassociative.be\/actualites\/wp-content\/uploads\/2025\/04\/1745849819_Qui-succedera-au-pape-Francois.jpg\",\"datePublished\":\"2025-04-28T14:16:59+00:00\",\"dateModified\":\"2025-04-28T14:16:59+00:00\",\"breadcrumb\":{\"@id\":\"https:\/\/vieassociative.be\/actualites\/qui-succedera-au-pape-francois\/#breadcrumb\"},\"inLanguage\":\"fr-BE\",\"potentialAction\":[{\"@type\":\"ReadAction\",\"target\":[\"https:\/\/vieassociative.be\/actualites\/qui-succedera-au-pape-francois\/\"]}]},{\"@type\":\"ImageObject\",\"inLanguage\":\"fr-BE\",\"@id\":\"https:\/\/vieassociative.be\/actualites\/qui-succedera-au-pape-francois\/#primaryimage\",\"url\":\"https:\/\/vieassociative.be\/actualites\/wp-content\/uploads\/2025\/04\/1745849819_Qui-succedera-au-pape-Francois.jpg\",\"contentUrl\":\"https:\/\/vieassociative.be\/actualites\/wp-content\/uploads\/2025\/04\/1745849819_Qui-succedera-au-pape-Francois.jpg\",\"width\":900,\"height\":300,\"caption\":\"Qui succ\u00e9dera au pape Fran\u00e7ois?\"},{\"@type\":\"BreadcrumbList\",\"@id\":\"https:\/\/vieassociative.be\/actualites\/qui-succedera-au-pape-francois\/#breadcrumb\",\"itemListElement\":[{\"@type\":\"ListItem\",\"position\":1,\"name\":\"Accueil\",\"item\":\"https:\/\/vieassociative.be\/actualites\/\"},{\"@type\":\"ListItem\",\"position\":2,\"name\":\"Qui succ\u00e9dera au pape Fran\u00e7ois?\"}]},{\"@type\":\"WebSite\",\"@id\":\"https:\/\/vieassociative.be\/actualites\/#website\",\"url\":\"https:\/\/vieassociative.be\/actualites\/\",\"name\":\"Vie Associative\",\"description\":\"\",\"publisher\":{\"@id\":\"https:\/\/vieassociative.be\/actualites\/#organization\"},\"potentialAction\":[{\"@type\":\"SearchAction\",\"target\":{\"@type\":\"EntryPoint\",\"urlTemplate\":\"https:\/\/vieassociative.be\/actualites\/?s={search_term_string}\"},\"query-input\":{\"@type\":\"PropertyValueSpecification\",\"valueRequired\":true,\"valueName\":\"search_term_string\"}}],\"inLanguage\":\"fr-BE\"},{\"@type\":\"Organization\",\"@id\":\"https:\/\/vieassociative.be\/actualites\/#organization\",\"name\":\"Vie Associative\",\"url\":\"https:\/\/vieassociative.be\/actualites\/\",\"logo\":{\"@type\":\"ImageObject\",\"inLanguage\":\"fr-BE\",\"@id\":\"https:\/\/vieassociative.be\/actualites\/#\/schema\/logo\/image\/\",\"url\":\"https:\/\/vieassociative.be\/actualites\/wp-content\/uploads\/2024\/09\/cropped-vieassociative_favicon.ico.png\",\"contentUrl\":\"https:\/\/vieassociative.be\/actualites\/wp-content\/uploads\/2024\/09\/cropped-vieassociative_favicon.ico.png\",\"width\":512,\"height\":512,\"caption\":\"Vie Associative\"},\"image\":{\"@id\":\"https:\/\/vieassociative.be\/actualites\/#\/schema\/logo\/image\/\"}},{\"@type\":\"Person\",\"@id\":\"https:\/\/vieassociative.be\/actualites\/#\/schema\/person\/b87ac4f82f9d4e7b7cec7395b679edc4\",\"name\":\"Julien\",\"image\":{\"@type\":\"ImageObject\",\"inLanguage\":\"fr-BE\",\"@id\":\"https:\/\/vieassociative.be\/actualites\/#\/schema\/person\/image\/\",\"url\":\"https:\/\/vieassociative.be\/actualites\/wp-content\/uploads\/2024\/09\/vie-associative-1-150x150.jpg\",\"contentUrl\":\"https:\/\/vieassociative.be\/actualites\/wp-content\/uploads\/2024\/09\/vie-associative-1-150x150.jpg\",\"caption\":\"Julien\"},\"description\":\"Je suis Julien, r\u00e9dacteur pour Vie Associative. Passionn\u00e9 par le monde associatif depuis plus de 10 ans, j'ai \u00e0 c\u0153ur de partager des histoires inspirantes et de mettre en lumi\u00e8re les initiatives locales. Mon objectif est de sensibiliser et d'encourager l'engagement communautaire \u00e0 travers mes articles.\",\"sameAs\":[\"https:\/\/vieassociative.be\/\"]}]}<\/script>\n<!-- \/ Yoast SEO plugin. -->","yoast_head_json":{"title":"Qui succ\u00e9dera au pape Fran\u00e7ois? | Vie Associative","robots":{"index":"index","follow":"follow","max-snippet":"max-snippet:-1","max-image-preview":"max-image-preview:large","max-video-preview":"max-video-preview:-1"},"canonical":"https:\/\/vieassociative.be\/actualites\/qui-succedera-au-pape-francois\/","og_locale":"fr_FR","og_type":"article","og_title":"Qui succ\u00e9dera au pape Fran\u00e7ois? | Vie Associative","og_description":"Jusqu&rsquo;\u00e0 pr\u00e9sent, il s&rsquo;agissait du pape mort Fran\u00e7ois. Maintenant, tous les yeux visent \u00e0 choisir le successeur. Qui pourrait devenir le num\u00e9ro 267? Le vieux","og_url":"https:\/\/vieassociative.be\/actualites\/qui-succedera-au-pape-francois\/","og_site_name":"Vie Associative","article_published_time":"2025-04-28T14:16:59+00:00","og_image":[{"width":279,"height":92,"url":"https:\/\/vieassociative.be\/actualites\/wp-content\/uploads\/2024\/09\/header_backgroundk-01-e1726694325946.png","type":"image\/png"}],"author":"Julien","twitter_card":"summary_large_image","twitter_misc":{"\u00c9crit par":"Julien","Dur\u00e9e de lecture est.":"7 minutes"},"schema":{"@context":"https:\/\/schema.org","@graph":[{"@type":"Article","@id":"https:\/\/vieassociative.be\/actualites\/qui-succedera-au-pape-francois\/#article","isPartOf":{"@id":"https:\/\/vieassociative.be\/actualites\/qui-succedera-au-pape-francois\/"},"author":{"name":"Julien","@id":"https:\/\/vieassociative.be\/actualites\/#\/schema\/person\/b87ac4f82f9d4e7b7cec7395b679edc4"},"headline":"Qui succ\u00e9dera au pape Fran\u00e7ois?","datePublished":"2025-04-28T14:16:59+00:00","dateModified":"2025-04-28T14:16:59+00:00","mainEntityOfPage":{"@id":"https:\/\/vieassociative.be\/actualites\/qui-succedera-au-pape-francois\/"},"wordCount":1563,"publisher":{"@id":"https:\/\/vieassociative.be\/actualites\/#organization"},"image":{"@id":"https:\/\/vieassociative.be\/actualites\/qui-succedera-au-pape-francois\/#primaryimage"},"thumbnailUrl":"https:\/\/vieassociative.be\/actualites\/wp-content\/uploads\/2025\/04\/1745849819_Qui-succedera-au-pape-Francois.jpg","keywords":["Fran\u00e7ois","pape","qui","succ\u00e9dera"],"articleSection":["Belgique"],"inLanguage":"fr-BE"},{"@type":"WebPage","@id":"https:\/\/vieassociative.be\/actualites\/qui-succedera-au-pape-francois\/","url":"https:\/\/vieassociative.be\/actualites\/qui-succedera-au-pape-francois\/","name":"Qui succ\u00e9dera au pape Fran\u00e7ois? | Vie Associative","isPartOf":{"@id":"https:\/\/vieassociative.be\/actualites\/#website"},"primaryImageOfPage":{"@id":"https:\/\/vieassociative.be\/actualites\/qui-succedera-au-pape-francois\/#primaryimage"},"image":{"@id":"https:\/\/vieassociative.be\/actualites\/qui-succedera-au-pape-francois\/#primaryimage"},"thumbnailUrl":"https:\/\/vieassociative.be\/actualites\/wp-content\/uploads\/2025\/04\/1745849819_Qui-succedera-au-pape-Francois.jpg","datePublished":"2025-04-28T14:16:59+00:00","dateModified":"2025-04-28T14:16:59+00:00","breadcrumb":{"@id":"https:\/\/vieassociative.be\/actualites\/qui-succedera-au-pape-francois\/#breadcrumb"},"inLanguage":"fr-BE","potentialAction":[{"@type":"ReadAction","target":["https:\/\/vieassociative.be\/actualites\/qui-succedera-au-pape-francois\/"]}]},{"@type":"ImageObject","inLanguage":"fr-BE","@id":"https:\/\/vieassociative.be\/actualites\/qui-succedera-au-pape-francois\/#primaryimage","url":"https:\/\/vieassociative.be\/actualites\/wp-content\/uploads\/2025\/04\/1745849819_Qui-succedera-au-pape-Francois.jpg","contentUrl":"https:\/\/vieassociative.be\/actualites\/wp-content\/uploads\/2025\/04\/1745849819_Qui-succedera-au-pape-Francois.jpg","width":900,"height":300,"caption":"Qui succ\u00e9dera au pape Fran\u00e7ois?"},{"@type":"BreadcrumbList","@id":"https:\/\/vieassociative.be\/actualites\/qui-succedera-au-pape-francois\/#breadcrumb","itemListElement":[{"@type":"ListItem","position":1,"name":"Accueil","item":"https:\/\/vieassociative.be\/actualites\/"},{"@type":"ListItem","position":2,"name":"Qui succ\u00e9dera au pape Fran\u00e7ois?"}]},{"@type":"WebSite","@id":"https:\/\/vieassociative.be\/actualites\/#website","url":"https:\/\/vieassociative.be\/actualites\/","name":"Vie Associative","description":"","publisher":{"@id":"https:\/\/vieassociative.be\/actualites\/#organization"},"potentialAction":[{"@type":"SearchAction","target":{"@type":"EntryPoint","urlTemplate":"https:\/\/vieassociative.be\/actualites\/?s={search_term_string}"},"query-input":{"@type":"PropertyValueSpecification","valueRequired":true,"valueName":"search_term_string"}}],"inLanguage":"fr-BE"},{"@type":"Organization","@id":"https:\/\/vieassociative.be\/actualites\/#organization","name":"Vie Associative","url":"https:\/\/vieassociative.be\/actualites\/","logo":{"@type":"ImageObject","inLanguage":"fr-BE","@id":"https:\/\/vieassociative.be\/actualites\/#\/schema\/logo\/image\/","url":"https:\/\/vieassociative.be\/actualites\/wp-content\/uploads\/2024\/09\/cropped-vieassociative_favicon.ico.png","contentUrl":"https:\/\/vieassociative.be\/actualites\/wp-content\/uploads\/2024\/09\/cropped-vieassociative_favicon.ico.png","width":512,"height":512,"caption":"Vie Associative"},"image":{"@id":"https:\/\/vieassociative.be\/actualites\/#\/schema\/logo\/image\/"}},{"@type":"Person","@id":"https:\/\/vieassociative.be\/actualites\/#\/schema\/person\/b87ac4f82f9d4e7b7cec7395b679edc4","name":"Julien","image":{"@type":"ImageObject","inLanguage":"fr-BE","@id":"https:\/\/vieassociative.be\/actualites\/#\/schema\/person\/image\/","url":"https:\/\/vieassociative.be\/actualites\/wp-content\/uploads\/2024\/09\/vie-associative-1-150x150.jpg","contentUrl":"https:\/\/vieassociative.be\/actualites\/wp-content\/uploads\/2024\/09\/vie-associative-1-150x150.jpg","caption":"Julien"},"description":"Je suis Julien, r\u00e9dacteur pour Vie Associative. Passionn\u00e9 par le monde associatif depuis plus de 10 ans, j'ai \u00e0 c\u0153ur de partager des histoires inspirantes et de mettre en lumi\u00e8re les initiatives locales. Mon objectif est de sensibiliser et d'encourager l'engagement communautaire \u00e0 travers mes articles.","sameAs":["https:\/\/vieassociative.be\/"]}]}},"_links":{"self":[{"href":"https:\/\/vieassociative.be\/actualites\/wp-json\/wp\/v2\/posts\/7107"}],"collection":[{"href":"https:\/\/vieassociative.be\/actualites\/wp-json\/wp\/v2\/posts"}],"about":[{"href":"https:\/\/vieassociative.be\/actualites\/wp-json\/wp\/v2\/types\/post"}],"author":[{"embeddable":true,"href":"https:\/\/vieassociative.be\/actualites\/wp-json\/wp\/v2\/users\/1"}],"replies":[{"embeddable":true,"href":"https:\/\/vieassociative.be\/actualites\/wp-json\/wp\/v2\/comments?post=7107"}],"version-history":[{"count":0,"href":"https:\/\/vieassociative.be\/actualites\/wp-json\/wp\/v2\/posts\/7107\/revisions"}],"wp:featuredmedia":[{"embeddable":true,"href":"https:\/\/vieassociative.be\/actualites\/wp-json\/wp\/v2\/media\/7108"}],"wp:attachment":[{"href":"https:\/\/vieassociative.be\/actualites\/wp-json\/wp\/v2\/media?parent=7107"}],"wp:term":[{"taxonomy":"category","embeddable":true,"href":"https:\/\/vieassociative.be\/actualites\/wp-json\/wp\/v2\/categories?post=7107"},{"taxonomy":"post_tag","embeddable":true,"href":"https:\/\/vieassociative.be\/actualites\/wp-json\/wp\/v2\/tags?post=7107"}],"curies":[{"name":"wp","href":"https:\/\/api.w.org\/{rel}","templated":true}]}}