{"id":7101,"date":"2025-04-28T12:17:29","date_gmt":"2025-04-28T10:17:29","guid":{"rendered":"https:\/\/vieassociative.be\/actualites\/la-creme-glacee-enroulee-des-fruits-est-un-delice-textural\/"},"modified":"2025-04-28T12:17:29","modified_gmt":"2025-04-28T10:17:29","slug":"la-creme-glacee-enroulee-des-fruits-est-un-delice-textural","status":"publish","type":"post","link":"https:\/\/vieassociative.be\/actualites\/la-creme-glacee-enroulee-des-fruits-est-un-delice-textural\/","title":{"rendered":"La cr\u00e8me glac\u00e9e enroul\u00e9e des fruits est un d\u00e9lice textural"},"content":{"rendered":"<div class=\"mt-4 leading-6 md:mb-8\">Envelopper la cr\u00e8me glac\u00e9e dans des bonbons est une excellente id\u00e9e. Voici quelques conseils pour am\u00e9liorer l&rsquo;exp\u00e9rience.<\/div>\n<p><\/p>\n<p>J&rsquo;adore quand les tendances alimentaires donnent aux produits fatigu\u00e9s de nouvelles vies, comme faire un sandwich \u00e0 la cr\u00e8me glac\u00e9e \u00e0 la pointe pop ou gu\u00e9rir vos bonbons gommeux. Envelopper la cr\u00e8me glac\u00e9e dans les roll-ups de fruits est la tendance Tiktok qui fait actuellement revivre la collation de la bo\u00eete \u00e0 lunch des ann\u00e9es 80 et, bien qu&rsquo;elle soit s\u00fbre de grimper mon niveau de sucre, c&rsquo;est une exp\u00e9rience alimentaire \u00e9tonnamment divertissante.<\/p>\n<p>La puissance \u00e9toil\u00e9e de cette collation super-saccharine r\u00e9side non seulement dans la saveur, mais le changement inattendu de la texture. Vous pouvez imm\u00e9diatement sentir comment la temp\u00e9rature de la cr\u00e8me glac\u00e9e commence \u00e0 transformer l&rsquo;enveloppe gommeuse autrefois flexible en un bo\u00eetier rigide et croustillant. Lorsque vous prenez une bouch\u00e9e, la glace fond sur votre langue et le roll-up des fruits se brise dans vos dents. En m\u00e2chant, un autre changement de texture passionnant se produit, et le bonbon gommeux endurci revient \u00e0 sa forme originale, plus moelleuse et plus extensible. Cela semble assez facile, d\u00e9placez votre roll-up, recouvrez de la cr\u00e8me glac\u00e9e et roulez, mais il y a quelques fa\u00e7ons de rendre cette collation bizarre encore mieux.<\/p>\n<div class=\"eloquent-imagery-image\">\n<div class=\"flex justify-center\">\n                    <img decoding=\"async\" class=\"border border-gray-100\" src=\"https:\/\/vieassociative.be\/actualites\/wp-content\/uploads\/2025\/04\/La-creme-glacee-enroulee-des-fruits-est-un-delice-textural.jpg\" alt=\"Image de vie\" width=\"2000\" height=\"1124\" loading=\"lazy\"  >\n            <\/div>\n<\/p><\/div>\n<h2 id=\"roll-it-the-easy-way\"><strong>Roulez-le de la mani\u00e8re facile<\/strong><\/h2>\n<p>S&rsquo;il y a une chose que je sais sur la cr\u00e8me glac\u00e9e, c&rsquo;est que les trucs se fondent plus rapidement que vous ne le pensez. Soyez votre fruit qui se d\u00e9roule et pr\u00eat avant de prendre la cr\u00e8me glac\u00e9e. Une fois que vous avez ramass\u00e9 quelques dollars dans une ligne perpendiculaire \u00e0 un bord, il est temps de rouler. L&rsquo;inclinaison pourrait \u00eatre de soulever la seule extr\u00e9mit\u00e9 et de commencer \u00e0 la recroqueviller sur la cr\u00e8me glac\u00e9e, \u00e0 la pousser, en esp\u00e9rant qu&rsquo;elle se retournera, de la m\u00eame mani\u00e8re que la fabrication d&rsquo;un rouleau de gel\u00e9e ou des petits pains \u00e0 cannelle. Cependant, la cr\u00e8me glac\u00e9e \u00e0 la fusion rapide rend cela assez difficile, car il n&rsquo;y a pas de traction sur la surface lisse du roll-up, donc elle glisse juste. Au lieu de cela, apr\u00e8s avoir ramass\u00e9 la cr\u00e8me glac\u00e9e sur la pellicule de bonbons, soulevez les deux bords sur les c\u00f4t\u00e9s oppos\u00e9s de la cr\u00e8me glac\u00e9e et laissez la gravit\u00e9 faire la moiti\u00e9 de l&rsquo;\u0153uvre. Faites un peu de berceau, puis rentrez une extr\u00e9mit\u00e9 sur le dessus. Tout exc\u00e8s est repli\u00e9.<\/p>\n<div class=\"eloquent-imagery-image\">\n<div class=\"flex justify-center\">\n                    <img decoding=\"async\" class=\"border border-gray-100\" src=\"https:\/\/vieassociative.be\/actualites\/wp-content\/uploads\/2025\/04\/1745835449_32_La-creme-glacee-enroulee-des-fruits-est-un-delice-textural.jpg\" alt=\"Image de vie\" width=\"2000\" height=\"1236\" loading=\"lazy\"  >\n            <\/div>\n<\/p><\/div>\n<h2 id=\"add-other-ingredients\">Ajouter d&rsquo;autres ingr\u00e9dients<br \/><\/h2>\n<p>Vous pouvez faire des accords tr\u00e8s int\u00e9ressants avec des glaces et des rollos \u00e0 fruits, comme un combo classique de vanille aux fraises, des rouleaux aigres avec cerise noire ou les roll-ups de fruits \u00e0 la saveur tropicale avec g\u00e2teau au fromage \u00e0 framboise que j&rsquo;ai assembl\u00e9. Pour amener votre tube de cr\u00e8me glac\u00e9e \u00e0 un nouveau niveau, jouez avec la texture et la saveur. Ajouter les fruits, comme une tranche de mangue acidul\u00e9e ou quelques bleuets. Saupoudrer encore plus de texture avec quelques p\u00e9pites de chocolat, des noix hach\u00e9es, du bacon cuit croustillant ou des paillettes r\u00e9elles, ou essayez d&rsquo;ajouter un coup de beurre d&rsquo;arachide, de sauce au chocolat ou de confiture.<\/p>\n<div class=\"pogoClear relative my-10 border-b-(1.5px) border-t-(1.5px) border-dashed border-black py-5 sm:my-14 sm:border-0 sm:py-0\" data-ga-click data-ga-template=\"News\" data-ga-module=\"openweb_widget\" data-ga-element=\"openweb_scroll\" data-ga-item=\"openweb_scroll_midpage\" x-cloak x-data=\"{ commentsCount: null, hasComments: false }\" x-init=\"commentsCount = await window.openweb.getMessagesCount(1850253022);\n     hasComments = commentsCount !== null &amp;&amp; commentsCount &gt; 0\"><\/p>\n<div class=\"absolute top-1\/2 hidden w-full -translate-y-1\/2 border-t-(1.5px) border-dashed border-black sm:block\"><\/div>\n<div class=\"relative flex justify-center\">\n<div class=\"flex max-w-max items-center gap-x-3 bg-white px-5\">\n<div class=\"relative\">\n                <span class=\"absolute left-1\/2 top-1\/2 -translate-x-1\/2 -translate-y-1\/2 font-akshar text-sm font-medium text-black\" x-show=\"hasComments\" x-text=\"commentsCount\"><\/span><\/p>\n<p>                <svg class=\"h-8 w-8 text-black\">\n                    <use href=\"http:\/\/lifehacker.com\/images\/icons\/spritemap.svg#sprite-chat-bubble\"><\/use>\n                <\/svg>\n            <\/div>\n<p>            <span class=\"text-sm font-medium text-black\"><\/p>\n<p>                Que pensez-vous jusqu&rsquo;\u00e0 pr\u00e9sent?<br \/>\n                <button class=\"font-semibold text-brand-green underline hover:text-brand-green-700\" onclick=\"window.openweb.scrollToComments(1850253022)\" x-text=\"hasComments ? 'Post a comment.' : 'Be the first to post a comment.'\"><\/button><br \/>\n            <\/span>\n        <\/div>\n<\/p><\/div>\n<\/div>\n<h2 id=\"bulk-prep-and-freeze\">Pr\u00e9paration et gel<\/h2>\n<p>Une fois que vous avez r\u00e9ussi \u00e0 rouler un tube fruit\u00e9 de cr\u00e8me glac\u00e9e, le roll-up durcit rapidement et vous pouvez (techniquement) profiter imm\u00e9diatement du plaisir de texture qui est une coque croustillante et fruit\u00e9e associ\u00e9e \u00e0 une glace douce. Consid\u00e9rez-vous, cependant, la cr\u00e8me glac\u00e9e ramolli essaiera d&rsquo;inonder l&rsquo;autre extr\u00e9mit\u00e9. \u00c0 moins que vous ne soyez en mode de dessert-dessert d&rsquo;urgence, placez l&rsquo;enveloppe sur un morceau de papier et faites-le mettre au cong\u00e9lateur pendant 20 minutes pour se solidifier. Dans le cas o\u00f9 vous tombez amoureux de cette douce collation, vous devriez les pr\u00e9parer en vrac. D\u00e9ballez quatre (ou plus) enroulements de fruits, posez-les sur un petit plateau en feuille et remplissez-les l\u00e0-bas. Une fois roul\u00e9 et pr\u00eat, placez le plateau entier du cong\u00e9lateur pendant 30 minutes jusqu&rsquo;\u00e0 ce que la glace ait r\u00e9gl\u00e9, puis d\u00e9posez-les tous dans un sac de cong\u00e9lateur zipp\u00e9. Gardez-les dans le coffre de glace, pr\u00eat pour quand l&rsquo;ambiance frappe.<\/p>\n","protected":false},"excerpt":{"rendered":"<p>Envelopper la cr\u00e8me glac\u00e9e dans des bonbons est une excellente id\u00e9e. Voici quelques conseils pour am\u00e9liorer l&rsquo;exp\u00e9rience. J&rsquo;adore quand les tendances alimentaires donnent aux produits<\/p>\n","protected":false},"author":1,"featured_media":7102,"comment_status":"","ping_status":"","sticky":false,"template":"","format":"standard","meta":{"footnotes":""},"categories":[1],"tags":[979,6675,29,6673,76,6674,6672,6676],"class_list":["post-7101","post","type-post","status-publish","format-standard","has-post-thumbnail","hentry","category-non-classe","tag-creme","tag-delice","tag-des","tag-enroulee","tag-est","tag-fruits","tag-glacee","tag-textural","generate-columns","tablet-grid-50","mobile-grid-100","grid-parent","grid-33"],"yoast_head":"<!-- This site is optimized with the Yoast SEO plugin v24.0 - https:\/\/yoast.com\/wordpress\/plugins\/seo\/ -->\n<title>La cr\u00e8me glac\u00e9e enroul\u00e9e des fruits est un d\u00e9lice textural | Vie Associative<\/title>\n<meta name=\"robots\" content=\"index, follow, max-snippet:-1, max-image-preview:large, max-video-preview:-1\" \/>\n<link rel=\"canonical\" href=\"https:\/\/vieassociative.be\/actualites\/la-creme-glacee-enroulee-des-fruits-est-un-delice-textural\/\" \/>\n<meta property=\"og:locale\" content=\"fr_FR\" \/>\n<meta property=\"og:type\" content=\"article\" \/>\n<meta property=\"og:title\" content=\"La cr\u00e8me glac\u00e9e enroul\u00e9e des fruits est un d\u00e9lice textural | Vie Associative\" \/>\n<meta property=\"og:description\" content=\"Envelopper la cr\u00e8me glac\u00e9e dans des bonbons est une excellente id\u00e9e. Voici quelques conseils pour am\u00e9liorer l&rsquo;exp\u00e9rience. J&rsquo;adore quand les tendances alimentaires donnent aux produits\" \/>\n<meta property=\"og:url\" content=\"https:\/\/vieassociative.be\/actualites\/la-creme-glacee-enroulee-des-fruits-est-un-delice-textural\/\" \/>\n<meta property=\"og:site_name\" content=\"Vie Associative\" \/>\n<meta property=\"article:published_time\" content=\"2025-04-28T10:17:29+00:00\" \/>\n<meta property=\"og:image\" content=\"https:\/\/vieassociative.be\/actualites\/wp-content\/uploads\/2025\/04\/La-creme-glacee-enroulee-des-fruits-est-un-delice-textural.jpg\" \/>\n<meta name=\"author\" content=\"Julien\" \/>\n<meta name=\"twitter:card\" content=\"summary_large_image\" \/>\n<meta name=\"twitter:label1\" content=\"\u00c9crit par\" \/>\n\t<meta name=\"twitter:data1\" content=\"Julien\" \/>\n\t<meta name=\"twitter:label2\" content=\"Dur\u00e9e de lecture est.\" \/>\n\t<meta name=\"twitter:data2\" content=\"4 minutes\" \/>\n<script type=\"application\/ld+json\" class=\"yoast-schema-graph\">{\"@context\":\"https:\/\/schema.org\",\"@graph\":[{\"@type\":\"Article\",\"@id\":\"https:\/\/vieassociative.be\/actualites\/la-creme-glacee-enroulee-des-fruits-est-un-delice-textural\/#article\",\"isPartOf\":{\"@id\":\"https:\/\/vieassociative.be\/actualites\/la-creme-glacee-enroulee-des-fruits-est-un-delice-textural\/\"},\"author\":{\"name\":\"Julien\",\"@id\":\"https:\/\/vieassociative.be\/actualites\/#\/schema\/person\/b87ac4f82f9d4e7b7cec7395b679edc4\"},\"headline\":\"La cr\u00e8me glac\u00e9e enroul\u00e9e des fruits est un d\u00e9lice textural\",\"datePublished\":\"2025-04-28T10:17:29+00:00\",\"dateModified\":\"2025-04-28T10:17:29+00:00\",\"mainEntityOfPage\":{\"@id\":\"https:\/\/vieassociative.be\/actualites\/la-creme-glacee-enroulee-des-fruits-est-un-delice-textural\/\"},\"wordCount\":773,\"publisher\":{\"@id\":\"https:\/\/vieassociative.be\/actualites\/#organization\"},\"image\":{\"@id\":\"https:\/\/vieassociative.be\/actualites\/la-creme-glacee-enroulee-des-fruits-est-un-delice-textural\/#primaryimage\"},\"thumbnailUrl\":\"https:\/\/vieassociative.be\/actualites\/wp-content\/uploads\/2025\/04\/1745835450_La-creme-glacee-enroulee-des-fruits-est-un-delice-textural.jpg\",\"keywords\":[\"cr\u00e8me\",\"d\u00e9lice\",\"Des\",\"enroul\u00e9e\",\"est\",\"fruits\",\"glac\u00e9e\",\"textural\"],\"inLanguage\":\"fr-BE\"},{\"@type\":\"WebPage\",\"@id\":\"https:\/\/vieassociative.be\/actualites\/la-creme-glacee-enroulee-des-fruits-est-un-delice-textural\/\",\"url\":\"https:\/\/vieassociative.be\/actualites\/la-creme-glacee-enroulee-des-fruits-est-un-delice-textural\/\",\"name\":\"La cr\u00e8me glac\u00e9e enroul\u00e9e des fruits est un d\u00e9lice textural | Vie Associative\",\"isPartOf\":{\"@id\":\"https:\/\/vieassociative.be\/actualites\/#website\"},\"primaryImageOfPage\":{\"@id\":\"https:\/\/vieassociative.be\/actualites\/la-creme-glacee-enroulee-des-fruits-est-un-delice-textural\/#primaryimage\"},\"image\":{\"@id\":\"https:\/\/vieassociative.be\/actualites\/la-creme-glacee-enroulee-des-fruits-est-un-delice-textural\/#primaryimage\"},\"thumbnailUrl\":\"https:\/\/vieassociative.be\/actualites\/wp-content\/uploads\/2025\/04\/1745835450_La-creme-glacee-enroulee-des-fruits-est-un-delice-textural.jpg\",\"datePublished\":\"2025-04-28T10:17:29+00:00\",\"dateModified\":\"2025-04-28T10:17:29+00:00\",\"breadcrumb\":{\"@id\":\"https:\/\/vieassociative.be\/actualites\/la-creme-glacee-enroulee-des-fruits-est-un-delice-textural\/#breadcrumb\"},\"inLanguage\":\"fr-BE\",\"potentialAction\":[{\"@type\":\"ReadAction\",\"target\":[\"https:\/\/vieassociative.be\/actualites\/la-creme-glacee-enroulee-des-fruits-est-un-delice-textural\/\"]}]},{\"@type\":\"ImageObject\",\"inLanguage\":\"fr-BE\",\"@id\":\"https:\/\/vieassociative.be\/actualites\/la-creme-glacee-enroulee-des-fruits-est-un-delice-textural\/#primaryimage\",\"url\":\"https:\/\/vieassociative.be\/actualites\/wp-content\/uploads\/2025\/04\/1745835450_La-creme-glacee-enroulee-des-fruits-est-un-delice-textural.jpg\",\"contentUrl\":\"https:\/\/vieassociative.be\/actualites\/wp-content\/uploads\/2025\/04\/1745835450_La-creme-glacee-enroulee-des-fruits-est-un-delice-textural.jpg\",\"width\":1200,\"height\":675,\"caption\":\"La cr\u00e8me glac\u00e9e enroul\u00e9e des fruits est un d\u00e9lice textural\"},{\"@type\":\"BreadcrumbList\",\"@id\":\"https:\/\/vieassociative.be\/actualites\/la-creme-glacee-enroulee-des-fruits-est-un-delice-textural\/#breadcrumb\",\"itemListElement\":[{\"@type\":\"ListItem\",\"position\":1,\"name\":\"Accueil\",\"item\":\"https:\/\/vieassociative.be\/actualites\/\"},{\"@type\":\"ListItem\",\"position\":2,\"name\":\"La cr\u00e8me glac\u00e9e enroul\u00e9e des fruits est un d\u00e9lice textural\"}]},{\"@type\":\"WebSite\",\"@id\":\"https:\/\/vieassociative.be\/actualites\/#website\",\"url\":\"https:\/\/vieassociative.be\/actualites\/\",\"name\":\"Vie Associative\",\"description\":\"\",\"publisher\":{\"@id\":\"https:\/\/vieassociative.be\/actualites\/#organization\"},\"potentialAction\":[{\"@type\":\"SearchAction\",\"target\":{\"@type\":\"EntryPoint\",\"urlTemplate\":\"https:\/\/vieassociative.be\/actualites\/?s={search_term_string}\"},\"query-input\":{\"@type\":\"PropertyValueSpecification\",\"valueRequired\":true,\"valueName\":\"search_term_string\"}}],\"inLanguage\":\"fr-BE\"},{\"@type\":\"Organization\",\"@id\":\"https:\/\/vieassociative.be\/actualites\/#organization\",\"name\":\"Vie Associative\",\"url\":\"https:\/\/vieassociative.be\/actualites\/\",\"logo\":{\"@type\":\"ImageObject\",\"inLanguage\":\"fr-BE\",\"@id\":\"https:\/\/vieassociative.be\/actualites\/#\/schema\/logo\/image\/\",\"url\":\"https:\/\/vieassociative.be\/actualites\/wp-content\/uploads\/2024\/09\/cropped-vieassociative_favicon.ico.png\",\"contentUrl\":\"https:\/\/vieassociative.be\/actualites\/wp-content\/uploads\/2024\/09\/cropped-vieassociative_favicon.ico.png\",\"width\":512,\"height\":512,\"caption\":\"Vie Associative\"},\"image\":{\"@id\":\"https:\/\/vieassociative.be\/actualites\/#\/schema\/logo\/image\/\"}},{\"@type\":\"Person\",\"@id\":\"https:\/\/vieassociative.be\/actualites\/#\/schema\/person\/b87ac4f82f9d4e7b7cec7395b679edc4\",\"name\":\"Julien\",\"image\":{\"@type\":\"ImageObject\",\"inLanguage\":\"fr-BE\",\"@id\":\"https:\/\/vieassociative.be\/actualites\/#\/schema\/person\/image\/\",\"url\":\"https:\/\/vieassociative.be\/actualites\/wp-content\/uploads\/2024\/09\/vie-associative-1-150x150.jpg\",\"contentUrl\":\"https:\/\/vieassociative.be\/actualites\/wp-content\/uploads\/2024\/09\/vie-associative-1-150x150.jpg\",\"caption\":\"Julien\"},\"description\":\"Je suis Julien, r\u00e9dacteur pour Vie Associative. Passionn\u00e9 par le monde associatif depuis plus de 10 ans, j'ai \u00e0 c\u0153ur de partager des histoires inspirantes et de mettre en lumi\u00e8re les initiatives locales. Mon objectif est de sensibiliser et d'encourager l'engagement communautaire \u00e0 travers mes articles.\",\"sameAs\":[\"https:\/\/vieassociative.be\/\"]}]}<\/script>\n<!-- \/ Yoast SEO plugin. -->","yoast_head_json":{"title":"La cr\u00e8me glac\u00e9e enroul\u00e9e des fruits est un d\u00e9lice textural | Vie Associative","robots":{"index":"index","follow":"follow","max-snippet":"max-snippet:-1","max-image-preview":"max-image-preview:large","max-video-preview":"max-video-preview:-1"},"canonical":"https:\/\/vieassociative.be\/actualites\/la-creme-glacee-enroulee-des-fruits-est-un-delice-textural\/","og_locale":"fr_FR","og_type":"article","og_title":"La cr\u00e8me glac\u00e9e enroul\u00e9e des fruits est un d\u00e9lice textural | Vie Associative","og_description":"Envelopper la cr\u00e8me glac\u00e9e dans des bonbons est une excellente id\u00e9e. Voici quelques conseils pour am\u00e9liorer l&rsquo;exp\u00e9rience. J&rsquo;adore quand les tendances alimentaires donnent aux produits","og_url":"https:\/\/vieassociative.be\/actualites\/la-creme-glacee-enroulee-des-fruits-est-un-delice-textural\/","og_site_name":"Vie Associative","article_published_time":"2025-04-28T10:17:29+00:00","og_image":[{"url":"https:\/\/vieassociative.be\/actualites\/wp-content\/uploads\/2025\/04\/La-creme-glacee-enroulee-des-fruits-est-un-delice-textural.jpg","type":"","width":"","height":""}],"author":"Julien","twitter_card":"summary_large_image","twitter_misc":{"\u00c9crit par":"Julien","Dur\u00e9e de lecture est.":"4 minutes"},"schema":{"@context":"https:\/\/schema.org","@graph":[{"@type":"Article","@id":"https:\/\/vieassociative.be\/actualites\/la-creme-glacee-enroulee-des-fruits-est-un-delice-textural\/#article","isPartOf":{"@id":"https:\/\/vieassociative.be\/actualites\/la-creme-glacee-enroulee-des-fruits-est-un-delice-textural\/"},"author":{"name":"Julien","@id":"https:\/\/vieassociative.be\/actualites\/#\/schema\/person\/b87ac4f82f9d4e7b7cec7395b679edc4"},"headline":"La cr\u00e8me glac\u00e9e enroul\u00e9e des fruits est un d\u00e9lice textural","datePublished":"2025-04-28T10:17:29+00:00","dateModified":"2025-04-28T10:17:29+00:00","mainEntityOfPage":{"@id":"https:\/\/vieassociative.be\/actualites\/la-creme-glacee-enroulee-des-fruits-est-un-delice-textural\/"},"wordCount":773,"publisher":{"@id":"https:\/\/vieassociative.be\/actualites\/#organization"},"image":{"@id":"https:\/\/vieassociative.be\/actualites\/la-creme-glacee-enroulee-des-fruits-est-un-delice-textural\/#primaryimage"},"thumbnailUrl":"https:\/\/vieassociative.be\/actualites\/wp-content\/uploads\/2025\/04\/1745835450_La-creme-glacee-enroulee-des-fruits-est-un-delice-textural.jpg","keywords":["cr\u00e8me","d\u00e9lice","Des","enroul\u00e9e","est","fruits","glac\u00e9e","textural"],"inLanguage":"fr-BE"},{"@type":"WebPage","@id":"https:\/\/vieassociative.be\/actualites\/la-creme-glacee-enroulee-des-fruits-est-un-delice-textural\/","url":"https:\/\/vieassociative.be\/actualites\/la-creme-glacee-enroulee-des-fruits-est-un-delice-textural\/","name":"La cr\u00e8me glac\u00e9e enroul\u00e9e des fruits est un d\u00e9lice textural | Vie Associative","isPartOf":{"@id":"https:\/\/vieassociative.be\/actualites\/#website"},"primaryImageOfPage":{"@id":"https:\/\/vieassociative.be\/actualites\/la-creme-glacee-enroulee-des-fruits-est-un-delice-textural\/#primaryimage"},"image":{"@id":"https:\/\/vieassociative.be\/actualites\/la-creme-glacee-enroulee-des-fruits-est-un-delice-textural\/#primaryimage"},"thumbnailUrl":"https:\/\/vieassociative.be\/actualites\/wp-content\/uploads\/2025\/04\/1745835450_La-creme-glacee-enroulee-des-fruits-est-un-delice-textural.jpg","datePublished":"2025-04-28T10:17:29+00:00","dateModified":"2025-04-28T10:17:29+00:00","breadcrumb":{"@id":"https:\/\/vieassociative.be\/actualites\/la-creme-glacee-enroulee-des-fruits-est-un-delice-textural\/#breadcrumb"},"inLanguage":"fr-BE","potentialAction":[{"@type":"ReadAction","target":["https:\/\/vieassociative.be\/actualites\/la-creme-glacee-enroulee-des-fruits-est-un-delice-textural\/"]}]},{"@type":"ImageObject","inLanguage":"fr-BE","@id":"https:\/\/vieassociative.be\/actualites\/la-creme-glacee-enroulee-des-fruits-est-un-delice-textural\/#primaryimage","url":"https:\/\/vieassociative.be\/actualites\/wp-content\/uploads\/2025\/04\/1745835450_La-creme-glacee-enroulee-des-fruits-est-un-delice-textural.jpg","contentUrl":"https:\/\/vieassociative.be\/actualites\/wp-content\/uploads\/2025\/04\/1745835450_La-creme-glacee-enroulee-des-fruits-est-un-delice-textural.jpg","width":1200,"height":675,"caption":"La cr\u00e8me glac\u00e9e enroul\u00e9e des fruits est un d\u00e9lice textural"},{"@type":"BreadcrumbList","@id":"https:\/\/vieassociative.be\/actualites\/la-creme-glacee-enroulee-des-fruits-est-un-delice-textural\/#breadcrumb","itemListElement":[{"@type":"ListItem","position":1,"name":"Accueil","item":"https:\/\/vieassociative.be\/actualites\/"},{"@type":"ListItem","position":2,"name":"La cr\u00e8me glac\u00e9e enroul\u00e9e des fruits est un d\u00e9lice textural"}]},{"@type":"WebSite","@id":"https:\/\/vieassociative.be\/actualites\/#website","url":"https:\/\/vieassociative.be\/actualites\/","name":"Vie Associative","description":"","publisher":{"@id":"https:\/\/vieassociative.be\/actualites\/#organization"},"potentialAction":[{"@type":"SearchAction","target":{"@type":"EntryPoint","urlTemplate":"https:\/\/vieassociative.be\/actualites\/?s={search_term_string}"},"query-input":{"@type":"PropertyValueSpecification","valueRequired":true,"valueName":"search_term_string"}}],"inLanguage":"fr-BE"},{"@type":"Organization","@id":"https:\/\/vieassociative.be\/actualites\/#organization","name":"Vie Associative","url":"https:\/\/vieassociative.be\/actualites\/","logo":{"@type":"ImageObject","inLanguage":"fr-BE","@id":"https:\/\/vieassociative.be\/actualites\/#\/schema\/logo\/image\/","url":"https:\/\/vieassociative.be\/actualites\/wp-content\/uploads\/2024\/09\/cropped-vieassociative_favicon.ico.png","contentUrl":"https:\/\/vieassociative.be\/actualites\/wp-content\/uploads\/2024\/09\/cropped-vieassociative_favicon.ico.png","width":512,"height":512,"caption":"Vie Associative"},"image":{"@id":"https:\/\/vieassociative.be\/actualites\/#\/schema\/logo\/image\/"}},{"@type":"Person","@id":"https:\/\/vieassociative.be\/actualites\/#\/schema\/person\/b87ac4f82f9d4e7b7cec7395b679edc4","name":"Julien","image":{"@type":"ImageObject","inLanguage":"fr-BE","@id":"https:\/\/vieassociative.be\/actualites\/#\/schema\/person\/image\/","url":"https:\/\/vieassociative.be\/actualites\/wp-content\/uploads\/2024\/09\/vie-associative-1-150x150.jpg","contentUrl":"https:\/\/vieassociative.be\/actualites\/wp-content\/uploads\/2024\/09\/vie-associative-1-150x150.jpg","caption":"Julien"},"description":"Je suis Julien, r\u00e9dacteur pour Vie Associative. Passionn\u00e9 par le monde associatif depuis plus de 10 ans, j'ai \u00e0 c\u0153ur de partager des histoires inspirantes et de mettre en lumi\u00e8re les initiatives locales. Mon objectif est de sensibiliser et d'encourager l'engagement communautaire \u00e0 travers mes articles.","sameAs":["https:\/\/vieassociative.be\/"]}]}},"_links":{"self":[{"href":"https:\/\/vieassociative.be\/actualites\/wp-json\/wp\/v2\/posts\/7101"}],"collection":[{"href":"https:\/\/vieassociative.be\/actualites\/wp-json\/wp\/v2\/posts"}],"about":[{"href":"https:\/\/vieassociative.be\/actualites\/wp-json\/wp\/v2\/types\/post"}],"author":[{"embeddable":true,"href":"https:\/\/vieassociative.be\/actualites\/wp-json\/wp\/v2\/users\/1"}],"replies":[{"embeddable":true,"href":"https:\/\/vieassociative.be\/actualites\/wp-json\/wp\/v2\/comments?post=7101"}],"version-history":[{"count":0,"href":"https:\/\/vieassociative.be\/actualites\/wp-json\/wp\/v2\/posts\/7101\/revisions"}],"wp:featuredmedia":[{"embeddable":true,"href":"https:\/\/vieassociative.be\/actualites\/wp-json\/wp\/v2\/media\/7102"}],"wp:attachment":[{"href":"https:\/\/vieassociative.be\/actualites\/wp-json\/wp\/v2\/media?parent=7101"}],"wp:term":[{"taxonomy":"category","embeddable":true,"href":"https:\/\/vieassociative.be\/actualites\/wp-json\/wp\/v2\/categories?post=7101"},{"taxonomy":"post_tag","embeddable":true,"href":"https:\/\/vieassociative.be\/actualites\/wp-json\/wp\/v2\/tags?post=7101"}],"curies":[{"name":"wp","href":"https:\/\/api.w.org\/{rel}","templated":true}]}}