{"id":7099,"date":"2025-04-28T10:18:10","date_gmt":"2025-04-28T08:18:10","guid":{"rendered":"https:\/\/vieassociative.be\/actualites\/aix-un-femme-obtient-un-enfant-sur-le-siege-passager\/"},"modified":"2025-04-28T10:18:10","modified_gmt":"2025-04-28T08:18:10","slug":"aix-un-femme-obtient-un-enfant-sur-le-siege-passager","status":"publish","type":"post","link":"https:\/\/vieassociative.be\/actualites\/aix-un-femme-obtient-un-enfant-sur-le-siege-passager\/","title":{"rendered":"Aix-un: femme obtient un enfant sur le si\u00e8ge passager"},"content":{"rendered":"<p><strong>Une femme r\u00e9side dans les contractions dans un si\u00e8ge d&rsquo;auto au centre-ville d&rsquo;Aix-la-l&rsquo;Inde. Les policiers essaient d&#8217;emmener le couple \u00e0 l&rsquo;h\u00f4pital le plus rapidement possible &#8211; mais il \u00e9tait trop tard.<\/strong><\/p>\n<p><span id=\"more-414341\"><\/span>Dimanche matin, deux policiers du poste de police ont eu un engagement extraordinaire \u00e0 Aix-un. Vous avez aid\u00e9 qu&rsquo;une femme tr\u00e8s enceinte puisse aller \u00e0 l&rsquo;h\u00f4pital d\u00e8s que possible.<\/p>\n<div id=\"attachment_380131\" class=\"wp-caption alignleft\" style=\"max-width: 300px\"><img fetchpriority=\"high\" decoding=\"async\" class=\"wp-image-380131 size-medium\" src=\"https:\/\/vieassociative.be\/actualites\/wp-content\/uploads\/2025\/04\/Aix-un-femme-obtient-un-enfant-sur-le-siege-passager.jpg\" alt=\"\" width=\"300\" height=\"200\"><\/p>\n<p class=\"wp-caption-text\">Une lumi\u00e8re bleue brille sur une patrouille de police. Photo: Lino Mirgeler \/ DPA<\/p>\n<\/div>\n<p>Peu apr\u00e8s 6 heures du matin, les officiers de la voiture de patrouille \u00e9taient en route pour une affectation lorsqu&rsquo;ils ont pris conscience d&rsquo;un conducteur dans le quartier de Monheimallee qui a klaxonn\u00e9 et a appel\u00e9 hors de la voiture. Il est rapidement devenu clair pourquoi l&rsquo;homme nageait et criait: une femme qui \u00e9tait sur le point de donner naissance \u00e0 un enfant \u00e9tait assise sur le si\u00e8ge passager.<\/p>\n<p>La police a reconnu la gravit\u00e9 de la situation et, avec des lumi\u00e8res clignotantes et Martinshorn, a assur\u00e9 que la femme \u00e9tait amen\u00e9e dans un h\u00f4pital voisin de la mani\u00e8re la plus rapide. Une fois l\u00e0-bas, elle \u00e9tait d\u00e9j\u00e0 attendue par une \u00e9quipe de l&rsquo;h\u00f4pital.<\/p>\n<p>Le b\u00e9b\u00e9 n&rsquo;\u00e9tait toujours pas en mesure de faire tout cela assez rapidement: il est n\u00e9 dans le v\u00e9hicule \u00e0 l&rsquo;h\u00f4pital. La plus belle nouvelle de la journ\u00e9e: la m\u00e8re et le petit homme vont bien malgr\u00e9 les circonstances inhabituelles. (Cre)<\/p>\n","protected":false},"excerpt":{"rendered":"<p>Une femme r\u00e9side dans les contractions dans un si\u00e8ge d&rsquo;auto au centre-ville d&rsquo;Aix-la-l&rsquo;Inde. Les policiers essaient d&#8217;emmener le couple \u00e0 l&rsquo;h\u00f4pital le plus rapidement possible<\/p>\n","protected":false},"author":1,"featured_media":7100,"comment_status":"","ping_status":"","sticky":false,"template":"","format":"standard","meta":{"footnotes":""},"categories":[298],"tags":[5083,295,4918,4304,6671,4518,33],"class_list":["post-7099","post","type-post","status-publish","format-standard","has-post-thumbnail","hentry","category-belgique","tag-aixun","tag-enfant","tag-femme","tag-obtient","tag-passager","tag-siege","tag-sur","generate-columns","tablet-grid-50","mobile-grid-100","grid-parent","grid-33"],"yoast_head":"<!-- This site is optimized with the Yoast SEO plugin v24.0 - https:\/\/yoast.com\/wordpress\/plugins\/seo\/ -->\n<title>Aix-un: femme obtient un enfant sur le si\u00e8ge passager | Vie Associative<\/title>\n<meta name=\"robots\" content=\"index, follow, max-snippet:-1, max-image-preview:large, max-video-preview:-1\" \/>\n<link rel=\"canonical\" href=\"https:\/\/vieassociative.be\/actualites\/aix-un-femme-obtient-un-enfant-sur-le-siege-passager\/\" \/>\n<meta property=\"og:locale\" content=\"fr_FR\" \/>\n<meta property=\"og:type\" content=\"article\" \/>\n<meta property=\"og:title\" content=\"Aix-un: femme obtient un enfant sur le si\u00e8ge passager | Vie Associative\" \/>\n<meta property=\"og:description\" content=\"Une femme r\u00e9side dans les contractions dans un si\u00e8ge d&rsquo;auto au centre-ville d&rsquo;Aix-la-l&rsquo;Inde. Les policiers essaient d&#8217;emmener le couple \u00e0 l&rsquo;h\u00f4pital le plus rapidement possible\" \/>\n<meta property=\"og:url\" content=\"https:\/\/vieassociative.be\/actualites\/aix-un-femme-obtient-un-enfant-sur-le-siege-passager\/\" \/>\n<meta property=\"og:site_name\" content=\"Vie Associative\" \/>\n<meta property=\"article:published_time\" content=\"2025-04-28T08:18:10+00:00\" \/>\n<meta property=\"og:image\" content=\"https:\/\/vieassociative.be\/actualites\/wp-content\/uploads\/2024\/09\/header_backgroundk-01-e1726694325946.png\" \/>\n\t<meta property=\"og:image:width\" content=\"279\" \/>\n\t<meta property=\"og:image:height\" content=\"92\" \/>\n\t<meta property=\"og:image:type\" content=\"image\/png\" \/>\n<meta name=\"author\" content=\"Julien\" \/>\n<meta name=\"twitter:card\" content=\"summary_large_image\" \/>\n<meta name=\"twitter:label1\" content=\"\u00c9crit par\" \/>\n\t<meta name=\"twitter:data1\" content=\"Julien\" \/>\n\t<meta name=\"twitter:label2\" content=\"Dur\u00e9e de lecture est.\" \/>\n\t<meta name=\"twitter:data2\" content=\"1 minute\" \/>\n<script type=\"application\/ld+json\" class=\"yoast-schema-graph\">{\"@context\":\"https:\/\/schema.org\",\"@graph\":[{\"@type\":\"Article\",\"@id\":\"https:\/\/vieassociative.be\/actualites\/aix-un-femme-obtient-un-enfant-sur-le-siege-passager\/#article\",\"isPartOf\":{\"@id\":\"https:\/\/vieassociative.be\/actualites\/aix-un-femme-obtient-un-enfant-sur-le-siege-passager\/\"},\"author\":{\"name\":\"Julien\",\"@id\":\"https:\/\/vieassociative.be\/actualites\/#\/schema\/person\/b87ac4f82f9d4e7b7cec7395b679edc4\"},\"headline\":\"Aix-un: femme obtient un enfant sur le si\u00e8ge passager\",\"datePublished\":\"2025-04-28T08:18:10+00:00\",\"dateModified\":\"2025-04-28T08:18:10+00:00\",\"mainEntityOfPage\":{\"@id\":\"https:\/\/vieassociative.be\/actualites\/aix-un-femme-obtient-un-enfant-sur-le-siege-passager\/\"},\"wordCount\":266,\"publisher\":{\"@id\":\"https:\/\/vieassociative.be\/actualites\/#organization\"},\"image\":{\"@id\":\"https:\/\/vieassociative.be\/actualites\/aix-un-femme-obtient-un-enfant-sur-le-siege-passager\/#primaryimage\"},\"thumbnailUrl\":\"https:\/\/vieassociative.be\/actualites\/wp-content\/uploads\/2025\/04\/Aix-un-femme-obtient-un-enfant-sur-le-siege-passager.jpeg\",\"keywords\":[\"Aixun\",\"enfant\",\"femme\",\"obtient\",\"passager\",\"si\u00e8ge\",\"sur\"],\"articleSection\":[\"Belgique\"],\"inLanguage\":\"fr-BE\"},{\"@type\":\"WebPage\",\"@id\":\"https:\/\/vieassociative.be\/actualites\/aix-un-femme-obtient-un-enfant-sur-le-siege-passager\/\",\"url\":\"https:\/\/vieassociative.be\/actualites\/aix-un-femme-obtient-un-enfant-sur-le-siege-passager\/\",\"name\":\"Aix-un: femme obtient un enfant sur le si\u00e8ge passager | Vie Associative\",\"isPartOf\":{\"@id\":\"https:\/\/vieassociative.be\/actualites\/#website\"},\"primaryImageOfPage\":{\"@id\":\"https:\/\/vieassociative.be\/actualites\/aix-un-femme-obtient-un-enfant-sur-le-siege-passager\/#primaryimage\"},\"image\":{\"@id\":\"https:\/\/vieassociative.be\/actualites\/aix-un-femme-obtient-un-enfant-sur-le-siege-passager\/#primaryimage\"},\"thumbnailUrl\":\"https:\/\/vieassociative.be\/actualites\/wp-content\/uploads\/2025\/04\/Aix-un-femme-obtient-un-enfant-sur-le-siege-passager.jpeg\",\"datePublished\":\"2025-04-28T08:18:10+00:00\",\"dateModified\":\"2025-04-28T08:18:10+00:00\",\"breadcrumb\":{\"@id\":\"https:\/\/vieassociative.be\/actualites\/aix-un-femme-obtient-un-enfant-sur-le-siege-passager\/#breadcrumb\"},\"inLanguage\":\"fr-BE\",\"potentialAction\":[{\"@type\":\"ReadAction\",\"target\":[\"https:\/\/vieassociative.be\/actualites\/aix-un-femme-obtient-un-enfant-sur-le-siege-passager\/\"]}]},{\"@type\":\"ImageObject\",\"inLanguage\":\"fr-BE\",\"@id\":\"https:\/\/vieassociative.be\/actualites\/aix-un-femme-obtient-un-enfant-sur-le-siege-passager\/#primaryimage\",\"url\":\"https:\/\/vieassociative.be\/actualites\/wp-content\/uploads\/2025\/04\/Aix-un-femme-obtient-un-enfant-sur-le-siege-passager.jpeg\",\"contentUrl\":\"https:\/\/vieassociative.be\/actualites\/wp-content\/uploads\/2025\/04\/Aix-un-femme-obtient-un-enfant-sur-le-siege-passager.jpeg\",\"width\":1000,\"height\":662,\"caption\":\"Aix-un: femme obtient un enfant sur le si\u00e8ge passager\"},{\"@type\":\"BreadcrumbList\",\"@id\":\"https:\/\/vieassociative.be\/actualites\/aix-un-femme-obtient-un-enfant-sur-le-siege-passager\/#breadcrumb\",\"itemListElement\":[{\"@type\":\"ListItem\",\"position\":1,\"name\":\"Accueil\",\"item\":\"https:\/\/vieassociative.be\/actualites\/\"},{\"@type\":\"ListItem\",\"position\":2,\"name\":\"Aix-un: femme obtient un enfant sur le si\u00e8ge passager\"}]},{\"@type\":\"WebSite\",\"@id\":\"https:\/\/vieassociative.be\/actualites\/#website\",\"url\":\"https:\/\/vieassociative.be\/actualites\/\",\"name\":\"Vie Associative\",\"description\":\"\",\"publisher\":{\"@id\":\"https:\/\/vieassociative.be\/actualites\/#organization\"},\"potentialAction\":[{\"@type\":\"SearchAction\",\"target\":{\"@type\":\"EntryPoint\",\"urlTemplate\":\"https:\/\/vieassociative.be\/actualites\/?s={search_term_string}\"},\"query-input\":{\"@type\":\"PropertyValueSpecification\",\"valueRequired\":true,\"valueName\":\"search_term_string\"}}],\"inLanguage\":\"fr-BE\"},{\"@type\":\"Organization\",\"@id\":\"https:\/\/vieassociative.be\/actualites\/#organization\",\"name\":\"Vie Associative\",\"url\":\"https:\/\/vieassociative.be\/actualites\/\",\"logo\":{\"@type\":\"ImageObject\",\"inLanguage\":\"fr-BE\",\"@id\":\"https:\/\/vieassociative.be\/actualites\/#\/schema\/logo\/image\/\",\"url\":\"https:\/\/vieassociative.be\/actualites\/wp-content\/uploads\/2024\/09\/cropped-vieassociative_favicon.ico.png\",\"contentUrl\":\"https:\/\/vieassociative.be\/actualites\/wp-content\/uploads\/2024\/09\/cropped-vieassociative_favicon.ico.png\",\"width\":512,\"height\":512,\"caption\":\"Vie Associative\"},\"image\":{\"@id\":\"https:\/\/vieassociative.be\/actualites\/#\/schema\/logo\/image\/\"}},{\"@type\":\"Person\",\"@id\":\"https:\/\/vieassociative.be\/actualites\/#\/schema\/person\/b87ac4f82f9d4e7b7cec7395b679edc4\",\"name\":\"Julien\",\"image\":{\"@type\":\"ImageObject\",\"inLanguage\":\"fr-BE\",\"@id\":\"https:\/\/vieassociative.be\/actualites\/#\/schema\/person\/image\/\",\"url\":\"https:\/\/vieassociative.be\/actualites\/wp-content\/uploads\/2024\/09\/vie-associative-1-150x150.jpg\",\"contentUrl\":\"https:\/\/vieassociative.be\/actualites\/wp-content\/uploads\/2024\/09\/vie-associative-1-150x150.jpg\",\"caption\":\"Julien\"},\"description\":\"Je suis Julien, r\u00e9dacteur pour Vie Associative. Passionn\u00e9 par le monde associatif depuis plus de 10 ans, j'ai \u00e0 c\u0153ur de partager des histoires inspirantes et de mettre en lumi\u00e8re les initiatives locales. Mon objectif est de sensibiliser et d'encourager l'engagement communautaire \u00e0 travers mes articles.\",\"sameAs\":[\"https:\/\/vieassociative.be\/\"]}]}<\/script>\n<!-- \/ Yoast SEO plugin. -->","yoast_head_json":{"title":"Aix-un: femme obtient un enfant sur le si\u00e8ge passager | Vie Associative","robots":{"index":"index","follow":"follow","max-snippet":"max-snippet:-1","max-image-preview":"max-image-preview:large","max-video-preview":"max-video-preview:-1"},"canonical":"https:\/\/vieassociative.be\/actualites\/aix-un-femme-obtient-un-enfant-sur-le-siege-passager\/","og_locale":"fr_FR","og_type":"article","og_title":"Aix-un: femme obtient un enfant sur le si\u00e8ge passager | Vie Associative","og_description":"Une femme r\u00e9side dans les contractions dans un si\u00e8ge d&rsquo;auto au centre-ville d&rsquo;Aix-la-l&rsquo;Inde. Les policiers essaient d&#8217;emmener le couple \u00e0 l&rsquo;h\u00f4pital le plus rapidement possible","og_url":"https:\/\/vieassociative.be\/actualites\/aix-un-femme-obtient-un-enfant-sur-le-siege-passager\/","og_site_name":"Vie Associative","article_published_time":"2025-04-28T08:18:10+00:00","og_image":[{"width":279,"height":92,"url":"https:\/\/vieassociative.be\/actualites\/wp-content\/uploads\/2024\/09\/header_backgroundk-01-e1726694325946.png","type":"image\/png"}],"author":"Julien","twitter_card":"summary_large_image","twitter_misc":{"\u00c9crit par":"Julien","Dur\u00e9e de lecture est.":"1 minute"},"schema":{"@context":"https:\/\/schema.org","@graph":[{"@type":"Article","@id":"https:\/\/vieassociative.be\/actualites\/aix-un-femme-obtient-un-enfant-sur-le-siege-passager\/#article","isPartOf":{"@id":"https:\/\/vieassociative.be\/actualites\/aix-un-femme-obtient-un-enfant-sur-le-siege-passager\/"},"author":{"name":"Julien","@id":"https:\/\/vieassociative.be\/actualites\/#\/schema\/person\/b87ac4f82f9d4e7b7cec7395b679edc4"},"headline":"Aix-un: femme obtient un enfant sur le si\u00e8ge passager","datePublished":"2025-04-28T08:18:10+00:00","dateModified":"2025-04-28T08:18:10+00:00","mainEntityOfPage":{"@id":"https:\/\/vieassociative.be\/actualites\/aix-un-femme-obtient-un-enfant-sur-le-siege-passager\/"},"wordCount":266,"publisher":{"@id":"https:\/\/vieassociative.be\/actualites\/#organization"},"image":{"@id":"https:\/\/vieassociative.be\/actualites\/aix-un-femme-obtient-un-enfant-sur-le-siege-passager\/#primaryimage"},"thumbnailUrl":"https:\/\/vieassociative.be\/actualites\/wp-content\/uploads\/2025\/04\/Aix-un-femme-obtient-un-enfant-sur-le-siege-passager.jpeg","keywords":["Aixun","enfant","femme","obtient","passager","si\u00e8ge","sur"],"articleSection":["Belgique"],"inLanguage":"fr-BE"},{"@type":"WebPage","@id":"https:\/\/vieassociative.be\/actualites\/aix-un-femme-obtient-un-enfant-sur-le-siege-passager\/","url":"https:\/\/vieassociative.be\/actualites\/aix-un-femme-obtient-un-enfant-sur-le-siege-passager\/","name":"Aix-un: femme obtient un enfant sur le si\u00e8ge passager | Vie Associative","isPartOf":{"@id":"https:\/\/vieassociative.be\/actualites\/#website"},"primaryImageOfPage":{"@id":"https:\/\/vieassociative.be\/actualites\/aix-un-femme-obtient-un-enfant-sur-le-siege-passager\/#primaryimage"},"image":{"@id":"https:\/\/vieassociative.be\/actualites\/aix-un-femme-obtient-un-enfant-sur-le-siege-passager\/#primaryimage"},"thumbnailUrl":"https:\/\/vieassociative.be\/actualites\/wp-content\/uploads\/2025\/04\/Aix-un-femme-obtient-un-enfant-sur-le-siege-passager.jpeg","datePublished":"2025-04-28T08:18:10+00:00","dateModified":"2025-04-28T08:18:10+00:00","breadcrumb":{"@id":"https:\/\/vieassociative.be\/actualites\/aix-un-femme-obtient-un-enfant-sur-le-siege-passager\/#breadcrumb"},"inLanguage":"fr-BE","potentialAction":[{"@type":"ReadAction","target":["https:\/\/vieassociative.be\/actualites\/aix-un-femme-obtient-un-enfant-sur-le-siege-passager\/"]}]},{"@type":"ImageObject","inLanguage":"fr-BE","@id":"https:\/\/vieassociative.be\/actualites\/aix-un-femme-obtient-un-enfant-sur-le-siege-passager\/#primaryimage","url":"https:\/\/vieassociative.be\/actualites\/wp-content\/uploads\/2025\/04\/Aix-un-femme-obtient-un-enfant-sur-le-siege-passager.jpeg","contentUrl":"https:\/\/vieassociative.be\/actualites\/wp-content\/uploads\/2025\/04\/Aix-un-femme-obtient-un-enfant-sur-le-siege-passager.jpeg","width":1000,"height":662,"caption":"Aix-un: femme obtient un enfant sur le si\u00e8ge passager"},{"@type":"BreadcrumbList","@id":"https:\/\/vieassociative.be\/actualites\/aix-un-femme-obtient-un-enfant-sur-le-siege-passager\/#breadcrumb","itemListElement":[{"@type":"ListItem","position":1,"name":"Accueil","item":"https:\/\/vieassociative.be\/actualites\/"},{"@type":"ListItem","position":2,"name":"Aix-un: femme obtient un enfant sur le si\u00e8ge passager"}]},{"@type":"WebSite","@id":"https:\/\/vieassociative.be\/actualites\/#website","url":"https:\/\/vieassociative.be\/actualites\/","name":"Vie Associative","description":"","publisher":{"@id":"https:\/\/vieassociative.be\/actualites\/#organization"},"potentialAction":[{"@type":"SearchAction","target":{"@type":"EntryPoint","urlTemplate":"https:\/\/vieassociative.be\/actualites\/?s={search_term_string}"},"query-input":{"@type":"PropertyValueSpecification","valueRequired":true,"valueName":"search_term_string"}}],"inLanguage":"fr-BE"},{"@type":"Organization","@id":"https:\/\/vieassociative.be\/actualites\/#organization","name":"Vie Associative","url":"https:\/\/vieassociative.be\/actualites\/","logo":{"@type":"ImageObject","inLanguage":"fr-BE","@id":"https:\/\/vieassociative.be\/actualites\/#\/schema\/logo\/image\/","url":"https:\/\/vieassociative.be\/actualites\/wp-content\/uploads\/2024\/09\/cropped-vieassociative_favicon.ico.png","contentUrl":"https:\/\/vieassociative.be\/actualites\/wp-content\/uploads\/2024\/09\/cropped-vieassociative_favicon.ico.png","width":512,"height":512,"caption":"Vie Associative"},"image":{"@id":"https:\/\/vieassociative.be\/actualites\/#\/schema\/logo\/image\/"}},{"@type":"Person","@id":"https:\/\/vieassociative.be\/actualites\/#\/schema\/person\/b87ac4f82f9d4e7b7cec7395b679edc4","name":"Julien","image":{"@type":"ImageObject","inLanguage":"fr-BE","@id":"https:\/\/vieassociative.be\/actualites\/#\/schema\/person\/image\/","url":"https:\/\/vieassociative.be\/actualites\/wp-content\/uploads\/2024\/09\/vie-associative-1-150x150.jpg","contentUrl":"https:\/\/vieassociative.be\/actualites\/wp-content\/uploads\/2024\/09\/vie-associative-1-150x150.jpg","caption":"Julien"},"description":"Je suis Julien, r\u00e9dacteur pour Vie Associative. Passionn\u00e9 par le monde associatif depuis plus de 10 ans, j'ai \u00e0 c\u0153ur de partager des histoires inspirantes et de mettre en lumi\u00e8re les initiatives locales. Mon objectif est de sensibiliser et d'encourager l'engagement communautaire \u00e0 travers mes articles.","sameAs":["https:\/\/vieassociative.be\/"]}]}},"_links":{"self":[{"href":"https:\/\/vieassociative.be\/actualites\/wp-json\/wp\/v2\/posts\/7099"}],"collection":[{"href":"https:\/\/vieassociative.be\/actualites\/wp-json\/wp\/v2\/posts"}],"about":[{"href":"https:\/\/vieassociative.be\/actualites\/wp-json\/wp\/v2\/types\/post"}],"author":[{"embeddable":true,"href":"https:\/\/vieassociative.be\/actualites\/wp-json\/wp\/v2\/users\/1"}],"replies":[{"embeddable":true,"href":"https:\/\/vieassociative.be\/actualites\/wp-json\/wp\/v2\/comments?post=7099"}],"version-history":[{"count":0,"href":"https:\/\/vieassociative.be\/actualites\/wp-json\/wp\/v2\/posts\/7099\/revisions"}],"wp:featuredmedia":[{"embeddable":true,"href":"https:\/\/vieassociative.be\/actualites\/wp-json\/wp\/v2\/media\/7100"}],"wp:attachment":[{"href":"https:\/\/vieassociative.be\/actualites\/wp-json\/wp\/v2\/media?parent=7099"}],"wp:term":[{"taxonomy":"category","embeddable":true,"href":"https:\/\/vieassociative.be\/actualites\/wp-json\/wp\/v2\/categories?post=7099"},{"taxonomy":"post_tag","embeddable":true,"href":"https:\/\/vieassociative.be\/actualites\/wp-json\/wp\/v2\/tags?post=7099"}],"curies":[{"name":"wp","href":"https:\/\/api.w.org\/{rel}","templated":true}]}}