{"id":7093,"date":"2025-04-28T06:17:43","date_gmt":"2025-04-28T04:17:43","guid":{"rendered":"https:\/\/vieassociative.be\/actualites\/les-pruneaux-geles-sont-incroyables-en-fait\/"},"modified":"2025-04-28T06:17:43","modified_gmt":"2025-04-28T04:17:43","slug":"les-pruneaux-geles-sont-incroyables-en-fait","status":"publish","type":"post","link":"https:\/\/vieassociative.be\/actualites\/les-pruneaux-geles-sont-incroyables-en-fait\/","title":{"rendered":"Les pruneaux gel\u00e9s sont incroyables, en fait"},"content":{"rendered":"<div class=\"mt-4 leading-6 md:mb-8\">Pruneaux, pruneaux, ils ne quittent pas. Plus vous mangez, plus vous &#8230; \u00e9coutez, ils ont bon go\u00fbt, croyez-moi.<\/div>\n<p><\/p>\n<p>Les pruneaux sont maltrait\u00e9s. Nous ne traitons pas d&rsquo;autres fruits secs avec presque le m\u00eame type de manque de respect flagrant. Ok, leur contenu \u00e0 haute fibre pourrait vous faire caca, mais depuis quand \u00e9tait-ce une mauvaise chose? Il est temps d&#8217;embrasser la prune s\u00e9ch\u00e9e pour ce qu&rsquo;elle est: une g\u00e2terie agr\u00e9able qui emballe les nutriments et la douceur en une seule bouch\u00e9e. Pas convaincu? Je vous mets au d\u00e9fi d&rsquo;en faire quelques-uns dans le cong\u00e9lateur et <em>alors<\/em> Dites-moi ce que vous pensez. De plus, il fait chaud comme l&rsquo;enfer dehors et vous avez besoin de plus de collations froides.<\/p>\n<p>J&rsquo;\u00e9tais aussi un haineux pruneau (honn\u00eatement, ce pourrait \u00eatre le jus qui est le probl\u00e8me), mais j&rsquo;ai \u00e9t\u00e9 converti apr\u00e8s avoir eu un froid et moelleux du cong\u00e9lateur. C&rsquo;\u00e9tait \u00e0 l&rsquo;universit\u00e9 et j&rsquo;avais un colocataire atteint de la maladie c\u0153liaque, et elle avait de nombreux choix de collations sans gluten. Quand elle a atteint derri\u00e8re les gla\u00e7ons et a sorti un sac de pruneaux, mon visage a d\u00fb lire \u00ab\u00a0Ewwww\u00a0\u00bb parce qu&rsquo;elle les a d\u00e9fendus en disant imm\u00e9diatement: \u00ab\u00a0Ils n&rsquo;ont pas un go\u00fbt de pruneaux quand ils sont gel\u00e9s.\u00a0\u00bb Le coll\u00e8ge est pour l&rsquo;exp\u00e9rimentation, donc j&rsquo;en ai essay\u00e9 un.<\/p>\n<p>Les pruneaux surgel\u00e9s sont incroyables. Ils sont doux, presque sirups, et malgr\u00e9 le cong\u00e9lateur, ils ne deviennent pas solides. Ont-ils un go\u00fbt de pruneaux? Oui, parce que ce sont des pruneaux. Quelque part, nous nous sommes perdus, pensant \u00e0 tort que les prunes s\u00e9ch\u00e9es ont mauvais go\u00fbt. Les pruneaux ont une peau notable, comme tous les fruits, mais \u00e0 l&rsquo;int\u00e9rieur, ils sont plus doux avec une douceur prononc\u00e9e, et elles sont tr\u00e8s juteuses. Mesquer une peau en quelque chose de p\u00e2teux peut \u00eatre rebutant. Le gel r\u00e9sout ce probl\u00e8me en rafra\u00eechissant la chair \u00e0 l&rsquo;int\u00e9rieur pour \u00eatre la m\u00eame texture que la peau, en supprimant compl\u00e8tement la bizarrerie de texture contrast\u00e9e et en faisant le tout m\u00e2ch\u00e9 comme un bonbon gommeux. Les fruits s\u00e9ch\u00e9s \u00e0 cet \u00e9tat conservent environ 20% \u00e0 30% de leur humidit\u00e9, de sorte qu&rsquo;ils ne g\u00e8lent que semi-solide, que vous les laissiez au cong\u00e9lateur pendant une heure ou deux semaines.<\/p>\n<div class=\"eloquent-imagery-image\">\n<div class=\"flex justify-center\">\n                    <img decoding=\"async\" class=\"border border-gray-100\" src=\"https:\/\/vieassociative.be\/actualites\/wp-content\/uploads\/2025\/04\/Les-pruneaux-geles-sont-incroyables-en-fait.jpg\" alt=\"Image de vie\" width=\"2000\" height=\"1500\" loading=\"lazy\"  >\n            <\/div>\n<\/p><\/div>\n<p>Pour vous faire une collation savoureuse, froide et naturellement sans gluten, achetez simplement un ensemble de prunes s\u00e9ch\u00e9es et mettez l&rsquo;ensemble du paquet dans le cong\u00e9lateur pendant au moins deux heures. J&rsquo;aime parfois changer la saveur avec des \u00abessences\u00bb du soleil. En ce moment, j&rsquo;ai la saveur de la baie, qui est uniquement r\u00e9pertori\u00e9e dans les ingr\u00e9dients comme une saveur naturelle, mais je suis \u00e9galement partiel \u00e0 l&rsquo;essence des cerises. (Je conteste la quantit\u00e9 de plastique inutile que cet emballage utilise, donc je re\u00e7ois normalement un conteneur de 16 onces de la marque de magasin.)<\/p>\n<div class=\"pogoClear relative my-10 border-b-(1.5px) border-t-(1.5px) border-dashed border-black py-5 sm:my-14 sm:border-0 sm:py-0\" data-ga-click data-ga-template=\"News\" data-ga-module=\"openweb_widget\" data-ga-element=\"openweb_scroll\" data-ga-item=\"openweb_scroll_midpage\" x-cloak x-data=\"{ commentsCount: null, hasComments: false }\" x-init=\"commentsCount = await window.openweb.getMessagesCount(1849315080);\n     hasComments = commentsCount !== null &amp;&amp; commentsCount &gt; 0\"><\/p>\n<div class=\"absolute top-1\/2 hidden w-full -translate-y-1\/2 border-t-(1.5px) border-dashed border-black sm:block\"><\/div>\n<div class=\"relative flex justify-center\">\n<div class=\"flex max-w-max items-center gap-x-3 bg-white px-5\">\n<div class=\"relative\">\n                <span class=\"absolute left-1\/2 top-1\/2 -translate-x-1\/2 -translate-y-1\/2 font-akshar text-sm font-medium text-black\" x-show=\"hasComments\" x-text=\"commentsCount\"><\/span><\/p>\n<p>                <svg class=\"h-8 w-8 text-black\">\n                    <use href=\"http:\/\/lifehacker.com\/images\/icons\/spritemap.svg#sprite-chat-bubble\"><\/use>\n                <\/svg>\n            <\/div>\n<p>            <span class=\"text-sm font-medium text-black\"><\/p>\n<p>                Que pensez-vous jusqu&rsquo;\u00e0 pr\u00e9sent?<br \/>\n                <button class=\"font-semibold text-brand-green underline hover:text-brand-green-700\" onclick=\"window.openweb.scrollToComments(1849315080)\" x-text=\"hasComments ? 'Post a comment.' : 'Be the first to post a comment.'\"><\/button><br \/>\n            <\/span>\n        <\/div>\n<\/p><\/div>\n<\/div>\n<p>Si je ne peux pas vous convaincre de vous brancher avec des pruneaux, vous pouvez le faire avec n&rsquo;importe quel fruit s\u00e9ch\u00e9 d&rsquo;une teneur en humidit\u00e9 similaire. Essayez cette approche avec des abricots s\u00e9ch\u00e9s, des cerises, des dattes ou des p\u00eaches, et obtenez d&rsquo;excellents r\u00e9sultats. Apr\u00e8s tout, c&rsquo;est l&rsquo;\u00e9t\u00e9, et quand sortir a l&rsquo;impression d&rsquo;entrer dans un s\u00e8che-cheveux \u00e0 feu vif, toute la nourriture que vous mettez dans votre corps devrait \u00eatre d\u00e9licieusement froide. <\/p>\n<p><\/p>\n","protected":false},"excerpt":{"rendered":"<p>Pruneaux, pruneaux, ils ne quittent pas. Plus vous mangez, plus vous &#8230; \u00e9coutez, ils ont bon go\u00fbt, croyez-moi. Les pruneaux sont maltrait\u00e9s. Nous ne traitons<\/p>\n","protected":false},"author":1,"featured_media":7094,"comment_status":"","ping_status":"","sticky":false,"template":"","format":"standard","meta":{"footnotes":""},"categories":[1],"tags":[635,6668,6669,14,6667,18],"class_list":["post-7093","post","type-post","status-publish","format-standard","has-post-thumbnail","hentry","category-non-classe","tag-fait","tag-geles","tag-incroyables","tag-les","tag-pruneaux","tag-sont","generate-columns","tablet-grid-50","mobile-grid-100","grid-parent","grid-33"],"yoast_head":"<!-- This site is optimized with the Yoast SEO plugin v24.0 - https:\/\/yoast.com\/wordpress\/plugins\/seo\/ -->\n<title>Les pruneaux gel\u00e9s sont incroyables, en fait | Vie Associative<\/title>\n<meta name=\"robots\" content=\"index, follow, max-snippet:-1, max-image-preview:large, max-video-preview:-1\" \/>\n<link rel=\"canonical\" href=\"https:\/\/vieassociative.be\/actualites\/les-pruneaux-geles-sont-incroyables-en-fait\/\" \/>\n<meta property=\"og:locale\" content=\"fr_FR\" \/>\n<meta property=\"og:type\" content=\"article\" \/>\n<meta property=\"og:title\" content=\"Les pruneaux gel\u00e9s sont incroyables, en fait | Vie Associative\" \/>\n<meta property=\"og:description\" content=\"Pruneaux, pruneaux, ils ne quittent pas. Plus vous mangez, plus vous &#8230; \u00e9coutez, ils ont bon go\u00fbt, croyez-moi. Les pruneaux sont maltrait\u00e9s. Nous ne traitons\" \/>\n<meta property=\"og:url\" content=\"https:\/\/vieassociative.be\/actualites\/les-pruneaux-geles-sont-incroyables-en-fait\/\" \/>\n<meta property=\"og:site_name\" content=\"Vie Associative\" \/>\n<meta property=\"article:published_time\" content=\"2025-04-28T04:17:43+00:00\" \/>\n<meta property=\"og:image\" content=\"https:\/\/vieassociative.be\/actualites\/wp-content\/uploads\/2025\/04\/Les-pruneaux-geles-sont-incroyables-en-fait.jpg\" \/>\n<meta name=\"author\" content=\"Julien\" \/>\n<meta name=\"twitter:card\" content=\"summary_large_image\" \/>\n<meta name=\"twitter:label1\" content=\"\u00c9crit par\" \/>\n\t<meta name=\"twitter:data1\" content=\"Julien\" \/>\n\t<meta name=\"twitter:label2\" content=\"Dur\u00e9e de lecture est.\" \/>\n\t<meta name=\"twitter:data2\" content=\"3 minutes\" \/>\n<script type=\"application\/ld+json\" class=\"yoast-schema-graph\">{\"@context\":\"https:\/\/schema.org\",\"@graph\":[{\"@type\":\"Article\",\"@id\":\"https:\/\/vieassociative.be\/actualites\/les-pruneaux-geles-sont-incroyables-en-fait\/#article\",\"isPartOf\":{\"@id\":\"https:\/\/vieassociative.be\/actualites\/les-pruneaux-geles-sont-incroyables-en-fait\/\"},\"author\":{\"name\":\"Julien\",\"@id\":\"https:\/\/vieassociative.be\/actualites\/#\/schema\/person\/b87ac4f82f9d4e7b7cec7395b679edc4\"},\"headline\":\"Les pruneaux gel\u00e9s sont incroyables, en fait\",\"datePublished\":\"2025-04-28T04:17:43+00:00\",\"dateModified\":\"2025-04-28T04:17:43+00:00\",\"mainEntityOfPage\":{\"@id\":\"https:\/\/vieassociative.be\/actualites\/les-pruneaux-geles-sont-incroyables-en-fait\/\"},\"wordCount\":628,\"publisher\":{\"@id\":\"https:\/\/vieassociative.be\/actualites\/#organization\"},\"image\":{\"@id\":\"https:\/\/vieassociative.be\/actualites\/les-pruneaux-geles-sont-incroyables-en-fait\/#primaryimage\"},\"thumbnailUrl\":\"https:\/\/vieassociative.be\/actualites\/wp-content\/uploads\/2025\/04\/1745813865_Les-pruneaux-geles-sont-incroyables-en-fait.jpg\",\"keywords\":[\"fait\",\"gel\u00e9s\",\"incroyables\",\"Les\",\"pruneaux\",\"sont\"],\"inLanguage\":\"fr-BE\"},{\"@type\":\"WebPage\",\"@id\":\"https:\/\/vieassociative.be\/actualites\/les-pruneaux-geles-sont-incroyables-en-fait\/\",\"url\":\"https:\/\/vieassociative.be\/actualites\/les-pruneaux-geles-sont-incroyables-en-fait\/\",\"name\":\"Les pruneaux gel\u00e9s sont incroyables, en fait | Vie Associative\",\"isPartOf\":{\"@id\":\"https:\/\/vieassociative.be\/actualites\/#website\"},\"primaryImageOfPage\":{\"@id\":\"https:\/\/vieassociative.be\/actualites\/les-pruneaux-geles-sont-incroyables-en-fait\/#primaryimage\"},\"image\":{\"@id\":\"https:\/\/vieassociative.be\/actualites\/les-pruneaux-geles-sont-incroyables-en-fait\/#primaryimage\"},\"thumbnailUrl\":\"https:\/\/vieassociative.be\/actualites\/wp-content\/uploads\/2025\/04\/1745813865_Les-pruneaux-geles-sont-incroyables-en-fait.jpg\",\"datePublished\":\"2025-04-28T04:17:43+00:00\",\"dateModified\":\"2025-04-28T04:17:43+00:00\",\"breadcrumb\":{\"@id\":\"https:\/\/vieassociative.be\/actualites\/les-pruneaux-geles-sont-incroyables-en-fait\/#breadcrumb\"},\"inLanguage\":\"fr-BE\",\"potentialAction\":[{\"@type\":\"ReadAction\",\"target\":[\"https:\/\/vieassociative.be\/actualites\/les-pruneaux-geles-sont-incroyables-en-fait\/\"]}]},{\"@type\":\"ImageObject\",\"inLanguage\":\"fr-BE\",\"@id\":\"https:\/\/vieassociative.be\/actualites\/les-pruneaux-geles-sont-incroyables-en-fait\/#primaryimage\",\"url\":\"https:\/\/vieassociative.be\/actualites\/wp-content\/uploads\/2025\/04\/1745813865_Les-pruneaux-geles-sont-incroyables-en-fait.jpg\",\"contentUrl\":\"https:\/\/vieassociative.be\/actualites\/wp-content\/uploads\/2025\/04\/1745813865_Les-pruneaux-geles-sont-incroyables-en-fait.jpg\",\"width\":1200,\"height\":675,\"caption\":\"Les pruneaux gel\u00e9s sont incroyables, en fait\"},{\"@type\":\"BreadcrumbList\",\"@id\":\"https:\/\/vieassociative.be\/actualites\/les-pruneaux-geles-sont-incroyables-en-fait\/#breadcrumb\",\"itemListElement\":[{\"@type\":\"ListItem\",\"position\":1,\"name\":\"Accueil\",\"item\":\"https:\/\/vieassociative.be\/actualites\/\"},{\"@type\":\"ListItem\",\"position\":2,\"name\":\"Les pruneaux gel\u00e9s sont incroyables, en fait\"}]},{\"@type\":\"WebSite\",\"@id\":\"https:\/\/vieassociative.be\/actualites\/#website\",\"url\":\"https:\/\/vieassociative.be\/actualites\/\",\"name\":\"Vie Associative\",\"description\":\"\",\"publisher\":{\"@id\":\"https:\/\/vieassociative.be\/actualites\/#organization\"},\"potentialAction\":[{\"@type\":\"SearchAction\",\"target\":{\"@type\":\"EntryPoint\",\"urlTemplate\":\"https:\/\/vieassociative.be\/actualites\/?s={search_term_string}\"},\"query-input\":{\"@type\":\"PropertyValueSpecification\",\"valueRequired\":true,\"valueName\":\"search_term_string\"}}],\"inLanguage\":\"fr-BE\"},{\"@type\":\"Organization\",\"@id\":\"https:\/\/vieassociative.be\/actualites\/#organization\",\"name\":\"Vie Associative\",\"url\":\"https:\/\/vieassociative.be\/actualites\/\",\"logo\":{\"@type\":\"ImageObject\",\"inLanguage\":\"fr-BE\",\"@id\":\"https:\/\/vieassociative.be\/actualites\/#\/schema\/logo\/image\/\",\"url\":\"https:\/\/vieassociative.be\/actualites\/wp-content\/uploads\/2024\/09\/cropped-vieassociative_favicon.ico.png\",\"contentUrl\":\"https:\/\/vieassociative.be\/actualites\/wp-content\/uploads\/2024\/09\/cropped-vieassociative_favicon.ico.png\",\"width\":512,\"height\":512,\"caption\":\"Vie Associative\"},\"image\":{\"@id\":\"https:\/\/vieassociative.be\/actualites\/#\/schema\/logo\/image\/\"}},{\"@type\":\"Person\",\"@id\":\"https:\/\/vieassociative.be\/actualites\/#\/schema\/person\/b87ac4f82f9d4e7b7cec7395b679edc4\",\"name\":\"Julien\",\"image\":{\"@type\":\"ImageObject\",\"inLanguage\":\"fr-BE\",\"@id\":\"https:\/\/vieassociative.be\/actualites\/#\/schema\/person\/image\/\",\"url\":\"https:\/\/vieassociative.be\/actualites\/wp-content\/uploads\/2024\/09\/vie-associative-1-150x150.jpg\",\"contentUrl\":\"https:\/\/vieassociative.be\/actualites\/wp-content\/uploads\/2024\/09\/vie-associative-1-150x150.jpg\",\"caption\":\"Julien\"},\"description\":\"Je suis Julien, r\u00e9dacteur pour Vie Associative. Passionn\u00e9 par le monde associatif depuis plus de 10 ans, j'ai \u00e0 c\u0153ur de partager des histoires inspirantes et de mettre en lumi\u00e8re les initiatives locales. Mon objectif est de sensibiliser et d'encourager l'engagement communautaire \u00e0 travers mes articles.\",\"sameAs\":[\"https:\/\/vieassociative.be\/\"]}]}<\/script>\n<!-- \/ Yoast SEO plugin. -->","yoast_head_json":{"title":"Les pruneaux gel\u00e9s sont incroyables, en fait | Vie Associative","robots":{"index":"index","follow":"follow","max-snippet":"max-snippet:-1","max-image-preview":"max-image-preview:large","max-video-preview":"max-video-preview:-1"},"canonical":"https:\/\/vieassociative.be\/actualites\/les-pruneaux-geles-sont-incroyables-en-fait\/","og_locale":"fr_FR","og_type":"article","og_title":"Les pruneaux gel\u00e9s sont incroyables, en fait | Vie Associative","og_description":"Pruneaux, pruneaux, ils ne quittent pas. Plus vous mangez, plus vous &#8230; \u00e9coutez, ils ont bon go\u00fbt, croyez-moi. Les pruneaux sont maltrait\u00e9s. Nous ne traitons","og_url":"https:\/\/vieassociative.be\/actualites\/les-pruneaux-geles-sont-incroyables-en-fait\/","og_site_name":"Vie Associative","article_published_time":"2025-04-28T04:17:43+00:00","og_image":[{"url":"https:\/\/vieassociative.be\/actualites\/wp-content\/uploads\/2025\/04\/Les-pruneaux-geles-sont-incroyables-en-fait.jpg","type":"","width":"","height":""}],"author":"Julien","twitter_card":"summary_large_image","twitter_misc":{"\u00c9crit par":"Julien","Dur\u00e9e de lecture est.":"3 minutes"},"schema":{"@context":"https:\/\/schema.org","@graph":[{"@type":"Article","@id":"https:\/\/vieassociative.be\/actualites\/les-pruneaux-geles-sont-incroyables-en-fait\/#article","isPartOf":{"@id":"https:\/\/vieassociative.be\/actualites\/les-pruneaux-geles-sont-incroyables-en-fait\/"},"author":{"name":"Julien","@id":"https:\/\/vieassociative.be\/actualites\/#\/schema\/person\/b87ac4f82f9d4e7b7cec7395b679edc4"},"headline":"Les pruneaux gel\u00e9s sont incroyables, en fait","datePublished":"2025-04-28T04:17:43+00:00","dateModified":"2025-04-28T04:17:43+00:00","mainEntityOfPage":{"@id":"https:\/\/vieassociative.be\/actualites\/les-pruneaux-geles-sont-incroyables-en-fait\/"},"wordCount":628,"publisher":{"@id":"https:\/\/vieassociative.be\/actualites\/#organization"},"image":{"@id":"https:\/\/vieassociative.be\/actualites\/les-pruneaux-geles-sont-incroyables-en-fait\/#primaryimage"},"thumbnailUrl":"https:\/\/vieassociative.be\/actualites\/wp-content\/uploads\/2025\/04\/1745813865_Les-pruneaux-geles-sont-incroyables-en-fait.jpg","keywords":["fait","gel\u00e9s","incroyables","Les","pruneaux","sont"],"inLanguage":"fr-BE"},{"@type":"WebPage","@id":"https:\/\/vieassociative.be\/actualites\/les-pruneaux-geles-sont-incroyables-en-fait\/","url":"https:\/\/vieassociative.be\/actualites\/les-pruneaux-geles-sont-incroyables-en-fait\/","name":"Les pruneaux gel\u00e9s sont incroyables, en fait | Vie Associative","isPartOf":{"@id":"https:\/\/vieassociative.be\/actualites\/#website"},"primaryImageOfPage":{"@id":"https:\/\/vieassociative.be\/actualites\/les-pruneaux-geles-sont-incroyables-en-fait\/#primaryimage"},"image":{"@id":"https:\/\/vieassociative.be\/actualites\/les-pruneaux-geles-sont-incroyables-en-fait\/#primaryimage"},"thumbnailUrl":"https:\/\/vieassociative.be\/actualites\/wp-content\/uploads\/2025\/04\/1745813865_Les-pruneaux-geles-sont-incroyables-en-fait.jpg","datePublished":"2025-04-28T04:17:43+00:00","dateModified":"2025-04-28T04:17:43+00:00","breadcrumb":{"@id":"https:\/\/vieassociative.be\/actualites\/les-pruneaux-geles-sont-incroyables-en-fait\/#breadcrumb"},"inLanguage":"fr-BE","potentialAction":[{"@type":"ReadAction","target":["https:\/\/vieassociative.be\/actualites\/les-pruneaux-geles-sont-incroyables-en-fait\/"]}]},{"@type":"ImageObject","inLanguage":"fr-BE","@id":"https:\/\/vieassociative.be\/actualites\/les-pruneaux-geles-sont-incroyables-en-fait\/#primaryimage","url":"https:\/\/vieassociative.be\/actualites\/wp-content\/uploads\/2025\/04\/1745813865_Les-pruneaux-geles-sont-incroyables-en-fait.jpg","contentUrl":"https:\/\/vieassociative.be\/actualites\/wp-content\/uploads\/2025\/04\/1745813865_Les-pruneaux-geles-sont-incroyables-en-fait.jpg","width":1200,"height":675,"caption":"Les pruneaux gel\u00e9s sont incroyables, en fait"},{"@type":"BreadcrumbList","@id":"https:\/\/vieassociative.be\/actualites\/les-pruneaux-geles-sont-incroyables-en-fait\/#breadcrumb","itemListElement":[{"@type":"ListItem","position":1,"name":"Accueil","item":"https:\/\/vieassociative.be\/actualites\/"},{"@type":"ListItem","position":2,"name":"Les pruneaux gel\u00e9s sont incroyables, en fait"}]},{"@type":"WebSite","@id":"https:\/\/vieassociative.be\/actualites\/#website","url":"https:\/\/vieassociative.be\/actualites\/","name":"Vie Associative","description":"","publisher":{"@id":"https:\/\/vieassociative.be\/actualites\/#organization"},"potentialAction":[{"@type":"SearchAction","target":{"@type":"EntryPoint","urlTemplate":"https:\/\/vieassociative.be\/actualites\/?s={search_term_string}"},"query-input":{"@type":"PropertyValueSpecification","valueRequired":true,"valueName":"search_term_string"}}],"inLanguage":"fr-BE"},{"@type":"Organization","@id":"https:\/\/vieassociative.be\/actualites\/#organization","name":"Vie Associative","url":"https:\/\/vieassociative.be\/actualites\/","logo":{"@type":"ImageObject","inLanguage":"fr-BE","@id":"https:\/\/vieassociative.be\/actualites\/#\/schema\/logo\/image\/","url":"https:\/\/vieassociative.be\/actualites\/wp-content\/uploads\/2024\/09\/cropped-vieassociative_favicon.ico.png","contentUrl":"https:\/\/vieassociative.be\/actualites\/wp-content\/uploads\/2024\/09\/cropped-vieassociative_favicon.ico.png","width":512,"height":512,"caption":"Vie Associative"},"image":{"@id":"https:\/\/vieassociative.be\/actualites\/#\/schema\/logo\/image\/"}},{"@type":"Person","@id":"https:\/\/vieassociative.be\/actualites\/#\/schema\/person\/b87ac4f82f9d4e7b7cec7395b679edc4","name":"Julien","image":{"@type":"ImageObject","inLanguage":"fr-BE","@id":"https:\/\/vieassociative.be\/actualites\/#\/schema\/person\/image\/","url":"https:\/\/vieassociative.be\/actualites\/wp-content\/uploads\/2024\/09\/vie-associative-1-150x150.jpg","contentUrl":"https:\/\/vieassociative.be\/actualites\/wp-content\/uploads\/2024\/09\/vie-associative-1-150x150.jpg","caption":"Julien"},"description":"Je suis Julien, r\u00e9dacteur pour Vie Associative. Passionn\u00e9 par le monde associatif depuis plus de 10 ans, j'ai \u00e0 c\u0153ur de partager des histoires inspirantes et de mettre en lumi\u00e8re les initiatives locales. Mon objectif est de sensibiliser et d'encourager l'engagement communautaire \u00e0 travers mes articles.","sameAs":["https:\/\/vieassociative.be\/"]}]}},"_links":{"self":[{"href":"https:\/\/vieassociative.be\/actualites\/wp-json\/wp\/v2\/posts\/7093"}],"collection":[{"href":"https:\/\/vieassociative.be\/actualites\/wp-json\/wp\/v2\/posts"}],"about":[{"href":"https:\/\/vieassociative.be\/actualites\/wp-json\/wp\/v2\/types\/post"}],"author":[{"embeddable":true,"href":"https:\/\/vieassociative.be\/actualites\/wp-json\/wp\/v2\/users\/1"}],"replies":[{"embeddable":true,"href":"https:\/\/vieassociative.be\/actualites\/wp-json\/wp\/v2\/comments?post=7093"}],"version-history":[{"count":0,"href":"https:\/\/vieassociative.be\/actualites\/wp-json\/wp\/v2\/posts\/7093\/revisions"}],"wp:featuredmedia":[{"embeddable":true,"href":"https:\/\/vieassociative.be\/actualites\/wp-json\/wp\/v2\/media\/7094"}],"wp:attachment":[{"href":"https:\/\/vieassociative.be\/actualites\/wp-json\/wp\/v2\/media?parent=7093"}],"wp:term":[{"taxonomy":"category","embeddable":true,"href":"https:\/\/vieassociative.be\/actualites\/wp-json\/wp\/v2\/categories?post=7093"},{"taxonomy":"post_tag","embeddable":true,"href":"https:\/\/vieassociative.be\/actualites\/wp-json\/wp\/v2\/tags?post=7093"}],"curies":[{"name":"wp","href":"https:\/\/api.w.org\/{rel}","templated":true}]}}