{"id":7091,"date":"2025-04-28T04:19:22","date_gmt":"2025-04-28T02:19:22","guid":{"rendered":"https:\/\/vieassociative.be\/actualites\/tadej-pogacar-remporte-les-classiques-liege-bastogne-liege-pour-la-troisieme-fois-sowinienne-etait-beaucoup-trop-forte-pour-remco-evenepoel\/"},"modified":"2025-04-28T04:19:22","modified_gmt":"2025-04-28T02:19:22","slug":"tadej-pogacar-remporte-les-classiques-liege-bastogne-liege-pour-la-troisieme-fois-sowinienne-etait-beaucoup-trop-forte-pour-remco-evenepoel","status":"publish","type":"post","link":"https:\/\/vieassociative.be\/actualites\/tadej-pogacar-remporte-les-classiques-liege-bastogne-liege-pour-la-troisieme-fois-sowinienne-etait-beaucoup-trop-forte-pour-remco-evenepoel\/","title":{"rendered":"Tadej Pogacar remporte les classiques li\u00e8ge-bastogne-li\u00e8ge pour la troisi\u00e8me fois-sowinienne \u00e9tait beaucoup trop forte pour RemCo Evenepoel"},"content":{"rendered":"<p><strong>Comme l&rsquo;ann\u00e9e pr\u00e9c\u00e9dente, Rad-Star Tadej Pogacar a triomph\u00e9 sur l&rsquo;Ardennes Classic. Le champion du monde effectue \u00e0 nouveau l&rsquo;une de ses attaques impressionnantes. Le concurrent PEINEPOEL se repose.<\/strong><\/p>\n<p><span id=\"more-414301\"><\/span>Rad Star Tadej Pogacar a \u00e0 nouveau d\u00e9montr\u00e9 de mani\u00e8re impressionnante sa forte forme. Le Slov\u00e8ne a remport\u00e9 la 111e \u00e9dition du classique Li\u00e8ge-Bastogne-Li\u00e8ge quelques jours apr\u00e8s son triomphe \u00e0 la Floche Wallonne et a donc remport\u00e9 sa troisi\u00e8me victoire \u00e0 la course d&rsquo;Ardennes apr\u00e8s 2021 et 2024. Pour Pogacar, c&rsquo;\u00e9tait le neuvi\u00e8me triomphe avec l&rsquo;un des cinq monuments.<\/p>\n<div id=\"attachment_414309\" class=\"wp-caption alignleft\" style=\"max-width: 300px\"><img fetchpriority=\"high\" decoding=\"async\" class=\"wp-image-414309 size-medium\" src=\"https:\/\/vieassociative.be\/actualites\/wp-content\/uploads\/2025\/04\/Tadej-Pogacar-remporte-les-classiques-liege-bastogne-liege-pour-la-troisieme-fois-sowinienne.jpg\" alt=\"\" width=\"300\" height=\"200\"><\/p>\n<p class=\"wp-caption-text\">27\/04\/2025, Belgique, Li\u00e8ge: Le Slov\u00e8ne Tadej Pogacar de l&rsquo;\u00e9quipe des EAU Emirats a applaudi apr\u00e8s sa victoire. Photo: Eric Lalmand \/ Belga \/ DPA<\/p>\n<\/div>\n<p>Apr\u00e8s 252 kilom\u00e8tres avec d\u00e9but et fin \u00e0 Li\u00e8ge, le joueur de 26 ans a gagn\u00e9 avec 1:03 minutes avec \u00ab\u00a0La Doyenne\u00a0\u00bb devant le Giulio Ciccone italien et l&rsquo;Irish Ben Healy.<\/p>\n<p>Comme pour sa victoire l&rsquo;ann\u00e9e derni\u00e8re, Pogacar a attaqu\u00e9 environ 35 kilom\u00e8tres avant l&rsquo;arriv\u00e9e de la C\u00f4te de la Redoute et a \u00e9loign\u00e9 ses concurrents. Le duel attendu avec Remco Evenepoel n&rsquo;a pas r\u00e9ussi \u00e0 se concr\u00e9tiser, le Belge est tomb\u00e9 de mani\u00e8re significative. Aucun professionnel allemand n&rsquo;a atteint les dix meilleurs pilotes.<\/p>\n<div id=\"attachment_414314\" class=\"wp-caption alignleft\" style=\"max-width: 200px\"><img decoding=\"async\" class=\"wp-image-414314 size-medium\" src=\"https:\/\/vieassociative.be\/actualites\/wp-content\/uploads\/2025\/04\/1745806762_686_Tadej-Pogacar-remporte-les-classiques-liege-bastogne-liege-pour-la-troisieme-fois-sowinienne.jpg\" alt=\"\" width=\"200\" height=\"300\"><\/p>\n<p class=\"wp-caption-text\">27\/04\/2025, Belgique, Li\u00e8ge: Le Belge Remco Evenepoel de Soudal rapide au d\u00e9but de la course. Photo: Maarten Stratemans \/ Belga \/ DPA<\/p>\n<\/div>\n<p><strong>&#8211; Pogacar tire avec Merckx:<\/strong> Le Tour de-France et le vainqueur de Giro, Pogacar, qui s&rsquo;\u00e9tait bless\u00e9 \u00e0 la main dans les cinq courses de monuments en 2023 et avait pris beaucoup de temps, a \u00e9t\u00e9 le premier pilote \u00e0 avoir atteint le podium six fois de suite dans les grands monuments de cyclisme.<\/p>\n<p>Pogacar a atteint une autre \u00e9tape importante. Devant lui, seule la l\u00e9gende Eddy Merckx en 1972 en tant que champion du monde et vainqueur de la tourn\u00e9e avait \u00e9galement remport\u00e9 Li\u00e8ge-Bastogne-Li\u00e8ge. Son concurrent Evenepoel \u00e9tait confiant avant la course \u00e0 domicile: \u00ab\u00a0Je connais tous les nids de poule dans la rue\u00a0\u00bb, a d\u00e9clar\u00e9 le Belge. Il avait d\u00e9j\u00e0 remport\u00e9 la course deux fois.<\/p>\n<p>Initialement, cependant, les \u00e9toiles ont d\u00fb laisser les projecteurs \u00e0 un groupe sup\u00e9rieur de douze conducteurs. Les valeurs aberrantes avaient d\u00e9velopp\u00e9 jusqu&rsquo;\u00e0 six minutes en avance sur le champ principal. Mais la distance a fondu de plus en plus et le groupe a \u00e9t\u00e9 d\u00e9chir\u00e9. Le terrain a \u00e9t\u00e9 r\u00e9unis \u00e0 nouveau \u00e0 environ 60 kilom\u00e8tres avant l&rsquo;arriv\u00e9e. Et puis quelque temps plus tard, Pogacar a mis les projecteurs tout le long.<\/p>\n<p>Pogacar a fait un bon d\u00e9but de saison. \u00c0 c\u00f4t\u00e9 du Walloon Fl\u00e8che, il a pr\u00e9c\u00e9demment remport\u00e9 la Strade Bianche et la tourn\u00e9e de Flandre. \u00c0 Paris-Roubaix et \u00e9tonnamment \u00e0 Amstel Gold Race, il devait se contenter de la deuxi\u00e8me place.<\/p>\n<p>Le cinqui\u00e8me et dernier monument restant de l&rsquo;ann\u00e9e &#8211; la tourn\u00e9e de la Lombardie n&rsquo;a lieu que le 11 octobre. La premi\u00e8re des trois grandes tourn\u00e9es cette ann\u00e9e commence le 9 mai avec le Giro d&rsquo;Italia. Cependant, le vainqueur en titre Pogacar se passera sans le tour de l&rsquo;Italie. (DPA)<\/p>\n","protected":false},"excerpt":{"rendered":"<p>Comme l&rsquo;ann\u00e9e pr\u00e9c\u00e9dente, Rad-Star Tadej Pogacar a triomph\u00e9 sur l&rsquo;Ardennes Classic. Le champion du monde effectue \u00e0 nouveau l&rsquo;une de ses attaques impressionnantes. Le concurrent<\/p>\n","protected":false},"author":1,"featured_media":7092,"comment_status":"","ping_status":"","sticky":false,"template":"","format":"standard","meta":{"footnotes":""},"categories":[298],"tags":[1118,97,3854,3737,6666,4868,14,6665,5976,81,6493,2809,6345,3868,656],"class_list":["post-7091","post","type-post","status-publish","format-standard","has-post-thumbnail","hentry","category-belgique","tag-beaucoup","tag-classiques","tag-etait","tag-evenepoel","tag-foissowinienne","tag-forte","tag-les","tag-liegebastogneliege","tag-pogacar","tag-pour","tag-remco","tag-remporte","tag-tadej","tag-troisieme","tag-trop","generate-columns","tablet-grid-50","mobile-grid-100","grid-parent","grid-33"],"yoast_head":"<!-- This site is optimized with the Yoast SEO plugin v24.0 - https:\/\/yoast.com\/wordpress\/plugins\/seo\/ -->\n<title>Tadej Pogacar remporte les classiques li\u00e8ge-bastogne-li\u00e8ge pour la troisi\u00e8me fois-sowinienne \u00e9tait beaucoup trop forte pour RemCo Evenepoel | Vie Associative<\/title>\n<meta name=\"robots\" content=\"index, follow, max-snippet:-1, max-image-preview:large, max-video-preview:-1\" \/>\n<link rel=\"canonical\" href=\"https:\/\/vieassociative.be\/actualites\/tadej-pogacar-remporte-les-classiques-liege-bastogne-liege-pour-la-troisieme-fois-sowinienne-etait-beaucoup-trop-forte-pour-remco-evenepoel\/\" \/>\n<meta property=\"og:locale\" content=\"fr_FR\" \/>\n<meta property=\"og:type\" content=\"article\" \/>\n<meta property=\"og:title\" content=\"Tadej Pogacar remporte les classiques li\u00e8ge-bastogne-li\u00e8ge pour la troisi\u00e8me fois-sowinienne \u00e9tait beaucoup trop forte pour RemCo Evenepoel | Vie Associative\" \/>\n<meta property=\"og:description\" content=\"Comme l&rsquo;ann\u00e9e pr\u00e9c\u00e9dente, Rad-Star Tadej Pogacar a triomph\u00e9 sur l&rsquo;Ardennes Classic. Le champion du monde effectue \u00e0 nouveau l&rsquo;une de ses attaques impressionnantes. Le concurrent\" \/>\n<meta property=\"og:url\" content=\"https:\/\/vieassociative.be\/actualites\/tadej-pogacar-remporte-les-classiques-liege-bastogne-liege-pour-la-troisieme-fois-sowinienne-etait-beaucoup-trop-forte-pour-remco-evenepoel\/\" \/>\n<meta property=\"og:site_name\" content=\"Vie Associative\" \/>\n<meta property=\"article:published_time\" content=\"2025-04-28T02:19:22+00:00\" \/>\n<meta property=\"og:image\" content=\"https:\/\/vieassociative.be\/actualites\/wp-content\/uploads\/2024\/09\/header_backgroundk-01-e1726694325946.png\" \/>\n\t<meta property=\"og:image:width\" content=\"279\" \/>\n\t<meta property=\"og:image:height\" content=\"92\" \/>\n\t<meta property=\"og:image:type\" content=\"image\/png\" \/>\n<meta name=\"author\" content=\"Julien\" \/>\n<meta name=\"twitter:card\" content=\"summary_large_image\" \/>\n<meta name=\"twitter:label1\" content=\"\u00c9crit par\" \/>\n\t<meta name=\"twitter:data1\" content=\"Julien\" \/>\n\t<meta name=\"twitter:label2\" content=\"Dur\u00e9e de lecture est.\" \/>\n\t<meta name=\"twitter:data2\" content=\"3 minutes\" \/>\n<script type=\"application\/ld+json\" class=\"yoast-schema-graph\">{\"@context\":\"https:\/\/schema.org\",\"@graph\":[{\"@type\":\"Article\",\"@id\":\"https:\/\/vieassociative.be\/actualites\/tadej-pogacar-remporte-les-classiques-liege-bastogne-liege-pour-la-troisieme-fois-sowinienne-etait-beaucoup-trop-forte-pour-remco-evenepoel\/#article\",\"isPartOf\":{\"@id\":\"https:\/\/vieassociative.be\/actualites\/tadej-pogacar-remporte-les-classiques-liege-bastogne-liege-pour-la-troisieme-fois-sowinienne-etait-beaucoup-trop-forte-pour-remco-evenepoel\/\"},\"author\":{\"name\":\"Julien\",\"@id\":\"https:\/\/vieassociative.be\/actualites\/#\/schema\/person\/b87ac4f82f9d4e7b7cec7395b679edc4\"},\"headline\":\"Tadej Pogacar remporte les classiques li\u00e8ge-bastogne-li\u00e8ge pour la troisi\u00e8me fois-sowinienne \u00e9tait beaucoup trop forte pour RemCo Evenepoel\",\"datePublished\":\"2025-04-28T02:19:22+00:00\",\"dateModified\":\"2025-04-28T02:19:22+00:00\",\"mainEntityOfPage\":{\"@id\":\"https:\/\/vieassociative.be\/actualites\/tadej-pogacar-remporte-les-classiques-liege-bastogne-liege-pour-la-troisieme-fois-sowinienne-etait-beaucoup-trop-forte-pour-remco-evenepoel\/\"},\"wordCount\":557,\"publisher\":{\"@id\":\"https:\/\/vieassociative.be\/actualites\/#organization\"},\"image\":{\"@id\":\"https:\/\/vieassociative.be\/actualites\/tadej-pogacar-remporte-les-classiques-liege-bastogne-liege-pour-la-troisieme-fois-sowinienne-etait-beaucoup-trop-forte-pour-remco-evenepoel\/#primaryimage\"},\"thumbnailUrl\":\"https:\/\/vieassociative.be\/actualites\/wp-content\/uploads\/2025\/04\/1745806762_Tadej-Pogacar-remporte-les-classiques-liege-bastogne-liege-pour-la-troisieme-fois-sowinienne.jpg\",\"keywords\":[\"beaucoup\",\"classiques\",\"\u00e9tait\",\"Evenepoel\",\"foissowinienne\",\"Forte\",\"Les\",\"li\u00e8gebastogneli\u00e8ge\",\"Pogacar\",\"pour\",\"Remco\",\"remport\u00e9\",\"Tadej\",\"troisi\u00e8me\",\"trop\"],\"articleSection\":[\"Belgique\"],\"inLanguage\":\"fr-BE\"},{\"@type\":\"WebPage\",\"@id\":\"https:\/\/vieassociative.be\/actualites\/tadej-pogacar-remporte-les-classiques-liege-bastogne-liege-pour-la-troisieme-fois-sowinienne-etait-beaucoup-trop-forte-pour-remco-evenepoel\/\",\"url\":\"https:\/\/vieassociative.be\/actualites\/tadej-pogacar-remporte-les-classiques-liege-bastogne-liege-pour-la-troisieme-fois-sowinienne-etait-beaucoup-trop-forte-pour-remco-evenepoel\/\",\"name\":\"Tadej Pogacar remporte les classiques li\u00e8ge-bastogne-li\u00e8ge pour la troisi\u00e8me fois-sowinienne \u00e9tait beaucoup trop forte pour RemCo Evenepoel | Vie Associative\",\"isPartOf\":{\"@id\":\"https:\/\/vieassociative.be\/actualites\/#website\"},\"primaryImageOfPage\":{\"@id\":\"https:\/\/vieassociative.be\/actualites\/tadej-pogacar-remporte-les-classiques-liege-bastogne-liege-pour-la-troisieme-fois-sowinienne-etait-beaucoup-trop-forte-pour-remco-evenepoel\/#primaryimage\"},\"image\":{\"@id\":\"https:\/\/vieassociative.be\/actualites\/tadej-pogacar-remporte-les-classiques-liege-bastogne-liege-pour-la-troisieme-fois-sowinienne-etait-beaucoup-trop-forte-pour-remco-evenepoel\/#primaryimage\"},\"thumbnailUrl\":\"https:\/\/vieassociative.be\/actualites\/wp-content\/uploads\/2025\/04\/1745806762_Tadej-Pogacar-remporte-les-classiques-liege-bastogne-liege-pour-la-troisieme-fois-sowinienne.jpg\",\"datePublished\":\"2025-04-28T02:19:22+00:00\",\"dateModified\":\"2025-04-28T02:19:22+00:00\",\"breadcrumb\":{\"@id\":\"https:\/\/vieassociative.be\/actualites\/tadej-pogacar-remporte-les-classiques-liege-bastogne-liege-pour-la-troisieme-fois-sowinienne-etait-beaucoup-trop-forte-pour-remco-evenepoel\/#breadcrumb\"},\"inLanguage\":\"fr-BE\",\"potentialAction\":[{\"@type\":\"ReadAction\",\"target\":[\"https:\/\/vieassociative.be\/actualites\/tadej-pogacar-remporte-les-classiques-liege-bastogne-liege-pour-la-troisieme-fois-sowinienne-etait-beaucoup-trop-forte-pour-remco-evenepoel\/\"]}]},{\"@type\":\"ImageObject\",\"inLanguage\":\"fr-BE\",\"@id\":\"https:\/\/vieassociative.be\/actualites\/tadej-pogacar-remporte-les-classiques-liege-bastogne-liege-pour-la-troisieme-fois-sowinienne-etait-beaucoup-trop-forte-pour-remco-evenepoel\/#primaryimage\",\"url\":\"https:\/\/vieassociative.be\/actualites\/wp-content\/uploads\/2025\/04\/1745806762_Tadej-Pogacar-remporte-les-classiques-liege-bastogne-liege-pour-la-troisieme-fois-sowinienne.jpg\",\"contentUrl\":\"https:\/\/vieassociative.be\/actualites\/wp-content\/uploads\/2025\/04\/1745806762_Tadej-Pogacar-remporte-les-classiques-liege-bastogne-liege-pour-la-troisieme-fois-sowinienne.jpg\",\"width\":1200,\"height\":800,\"caption\":\"Tadej Pogacar remporte les classiques li\u00e8ge-bastogne-li\u00e8ge pour la troisi\u00e8me fois-sowinienne \u00e9tait beaucoup trop forte pour RemCo Evenepoel\"},{\"@type\":\"BreadcrumbList\",\"@id\":\"https:\/\/vieassociative.be\/actualites\/tadej-pogacar-remporte-les-classiques-liege-bastogne-liege-pour-la-troisieme-fois-sowinienne-etait-beaucoup-trop-forte-pour-remco-evenepoel\/#breadcrumb\",\"itemListElement\":[{\"@type\":\"ListItem\",\"position\":1,\"name\":\"Accueil\",\"item\":\"https:\/\/vieassociative.be\/actualites\/\"},{\"@type\":\"ListItem\",\"position\":2,\"name\":\"Tadej Pogacar remporte les classiques li\u00e8ge-bastogne-li\u00e8ge pour la troisi\u00e8me fois-sowinienne \u00e9tait beaucoup trop forte pour RemCo Evenepoel\"}]},{\"@type\":\"WebSite\",\"@id\":\"https:\/\/vieassociative.be\/actualites\/#website\",\"url\":\"https:\/\/vieassociative.be\/actualites\/\",\"name\":\"Vie Associative\",\"description\":\"\",\"publisher\":{\"@id\":\"https:\/\/vieassociative.be\/actualites\/#organization\"},\"potentialAction\":[{\"@type\":\"SearchAction\",\"target\":{\"@type\":\"EntryPoint\",\"urlTemplate\":\"https:\/\/vieassociative.be\/actualites\/?s={search_term_string}\"},\"query-input\":{\"@type\":\"PropertyValueSpecification\",\"valueRequired\":true,\"valueName\":\"search_term_string\"}}],\"inLanguage\":\"fr-BE\"},{\"@type\":\"Organization\",\"@id\":\"https:\/\/vieassociative.be\/actualites\/#organization\",\"name\":\"Vie Associative\",\"url\":\"https:\/\/vieassociative.be\/actualites\/\",\"logo\":{\"@type\":\"ImageObject\",\"inLanguage\":\"fr-BE\",\"@id\":\"https:\/\/vieassociative.be\/actualites\/#\/schema\/logo\/image\/\",\"url\":\"https:\/\/vieassociative.be\/actualites\/wp-content\/uploads\/2024\/09\/cropped-vieassociative_favicon.ico.png\",\"contentUrl\":\"https:\/\/vieassociative.be\/actualites\/wp-content\/uploads\/2024\/09\/cropped-vieassociative_favicon.ico.png\",\"width\":512,\"height\":512,\"caption\":\"Vie Associative\"},\"image\":{\"@id\":\"https:\/\/vieassociative.be\/actualites\/#\/schema\/logo\/image\/\"}},{\"@type\":\"Person\",\"@id\":\"https:\/\/vieassociative.be\/actualites\/#\/schema\/person\/b87ac4f82f9d4e7b7cec7395b679edc4\",\"name\":\"Julien\",\"image\":{\"@type\":\"ImageObject\",\"inLanguage\":\"fr-BE\",\"@id\":\"https:\/\/vieassociative.be\/actualites\/#\/schema\/person\/image\/\",\"url\":\"https:\/\/vieassociative.be\/actualites\/wp-content\/uploads\/2024\/09\/vie-associative-1-150x150.jpg\",\"contentUrl\":\"https:\/\/vieassociative.be\/actualites\/wp-content\/uploads\/2024\/09\/vie-associative-1-150x150.jpg\",\"caption\":\"Julien\"},\"description\":\"Je suis Julien, r\u00e9dacteur pour Vie Associative. Passionn\u00e9 par le monde associatif depuis plus de 10 ans, j'ai \u00e0 c\u0153ur de partager des histoires inspirantes et de mettre en lumi\u00e8re les initiatives locales. Mon objectif est de sensibiliser et d'encourager l'engagement communautaire \u00e0 travers mes articles.\",\"sameAs\":[\"https:\/\/vieassociative.be\/\"]}]}<\/script>\n<!-- \/ Yoast SEO plugin. -->","yoast_head_json":{"title":"Tadej Pogacar remporte les classiques li\u00e8ge-bastogne-li\u00e8ge pour la troisi\u00e8me fois-sowinienne \u00e9tait beaucoup trop forte pour RemCo Evenepoel | Vie Associative","robots":{"index":"index","follow":"follow","max-snippet":"max-snippet:-1","max-image-preview":"max-image-preview:large","max-video-preview":"max-video-preview:-1"},"canonical":"https:\/\/vieassociative.be\/actualites\/tadej-pogacar-remporte-les-classiques-liege-bastogne-liege-pour-la-troisieme-fois-sowinienne-etait-beaucoup-trop-forte-pour-remco-evenepoel\/","og_locale":"fr_FR","og_type":"article","og_title":"Tadej Pogacar remporte les classiques li\u00e8ge-bastogne-li\u00e8ge pour la troisi\u00e8me fois-sowinienne \u00e9tait beaucoup trop forte pour RemCo Evenepoel | Vie Associative","og_description":"Comme l&rsquo;ann\u00e9e pr\u00e9c\u00e9dente, Rad-Star Tadej Pogacar a triomph\u00e9 sur l&rsquo;Ardennes Classic. Le champion du monde effectue \u00e0 nouveau l&rsquo;une de ses attaques impressionnantes. Le concurrent","og_url":"https:\/\/vieassociative.be\/actualites\/tadej-pogacar-remporte-les-classiques-liege-bastogne-liege-pour-la-troisieme-fois-sowinienne-etait-beaucoup-trop-forte-pour-remco-evenepoel\/","og_site_name":"Vie Associative","article_published_time":"2025-04-28T02:19:22+00:00","og_image":[{"width":279,"height":92,"url":"https:\/\/vieassociative.be\/actualites\/wp-content\/uploads\/2024\/09\/header_backgroundk-01-e1726694325946.png","type":"image\/png"}],"author":"Julien","twitter_card":"summary_large_image","twitter_misc":{"\u00c9crit par":"Julien","Dur\u00e9e de lecture est.":"3 minutes"},"schema":{"@context":"https:\/\/schema.org","@graph":[{"@type":"Article","@id":"https:\/\/vieassociative.be\/actualites\/tadej-pogacar-remporte-les-classiques-liege-bastogne-liege-pour-la-troisieme-fois-sowinienne-etait-beaucoup-trop-forte-pour-remco-evenepoel\/#article","isPartOf":{"@id":"https:\/\/vieassociative.be\/actualites\/tadej-pogacar-remporte-les-classiques-liege-bastogne-liege-pour-la-troisieme-fois-sowinienne-etait-beaucoup-trop-forte-pour-remco-evenepoel\/"},"author":{"name":"Julien","@id":"https:\/\/vieassociative.be\/actualites\/#\/schema\/person\/b87ac4f82f9d4e7b7cec7395b679edc4"},"headline":"Tadej Pogacar remporte les classiques li\u00e8ge-bastogne-li\u00e8ge pour la troisi\u00e8me fois-sowinienne \u00e9tait beaucoup trop forte pour RemCo Evenepoel","datePublished":"2025-04-28T02:19:22+00:00","dateModified":"2025-04-28T02:19:22+00:00","mainEntityOfPage":{"@id":"https:\/\/vieassociative.be\/actualites\/tadej-pogacar-remporte-les-classiques-liege-bastogne-liege-pour-la-troisieme-fois-sowinienne-etait-beaucoup-trop-forte-pour-remco-evenepoel\/"},"wordCount":557,"publisher":{"@id":"https:\/\/vieassociative.be\/actualites\/#organization"},"image":{"@id":"https:\/\/vieassociative.be\/actualites\/tadej-pogacar-remporte-les-classiques-liege-bastogne-liege-pour-la-troisieme-fois-sowinienne-etait-beaucoup-trop-forte-pour-remco-evenepoel\/#primaryimage"},"thumbnailUrl":"https:\/\/vieassociative.be\/actualites\/wp-content\/uploads\/2025\/04\/1745806762_Tadej-Pogacar-remporte-les-classiques-liege-bastogne-liege-pour-la-troisieme-fois-sowinienne.jpg","keywords":["beaucoup","classiques","\u00e9tait","Evenepoel","foissowinienne","Forte","Les","li\u00e8gebastogneli\u00e8ge","Pogacar","pour","Remco","remport\u00e9","Tadej","troisi\u00e8me","trop"],"articleSection":["Belgique"],"inLanguage":"fr-BE"},{"@type":"WebPage","@id":"https:\/\/vieassociative.be\/actualites\/tadej-pogacar-remporte-les-classiques-liege-bastogne-liege-pour-la-troisieme-fois-sowinienne-etait-beaucoup-trop-forte-pour-remco-evenepoel\/","url":"https:\/\/vieassociative.be\/actualites\/tadej-pogacar-remporte-les-classiques-liege-bastogne-liege-pour-la-troisieme-fois-sowinienne-etait-beaucoup-trop-forte-pour-remco-evenepoel\/","name":"Tadej Pogacar remporte les classiques li\u00e8ge-bastogne-li\u00e8ge pour la troisi\u00e8me fois-sowinienne \u00e9tait beaucoup trop forte pour RemCo Evenepoel | Vie Associative","isPartOf":{"@id":"https:\/\/vieassociative.be\/actualites\/#website"},"primaryImageOfPage":{"@id":"https:\/\/vieassociative.be\/actualites\/tadej-pogacar-remporte-les-classiques-liege-bastogne-liege-pour-la-troisieme-fois-sowinienne-etait-beaucoup-trop-forte-pour-remco-evenepoel\/#primaryimage"},"image":{"@id":"https:\/\/vieassociative.be\/actualites\/tadej-pogacar-remporte-les-classiques-liege-bastogne-liege-pour-la-troisieme-fois-sowinienne-etait-beaucoup-trop-forte-pour-remco-evenepoel\/#primaryimage"},"thumbnailUrl":"https:\/\/vieassociative.be\/actualites\/wp-content\/uploads\/2025\/04\/1745806762_Tadej-Pogacar-remporte-les-classiques-liege-bastogne-liege-pour-la-troisieme-fois-sowinienne.jpg","datePublished":"2025-04-28T02:19:22+00:00","dateModified":"2025-04-28T02:19:22+00:00","breadcrumb":{"@id":"https:\/\/vieassociative.be\/actualites\/tadej-pogacar-remporte-les-classiques-liege-bastogne-liege-pour-la-troisieme-fois-sowinienne-etait-beaucoup-trop-forte-pour-remco-evenepoel\/#breadcrumb"},"inLanguage":"fr-BE","potentialAction":[{"@type":"ReadAction","target":["https:\/\/vieassociative.be\/actualites\/tadej-pogacar-remporte-les-classiques-liege-bastogne-liege-pour-la-troisieme-fois-sowinienne-etait-beaucoup-trop-forte-pour-remco-evenepoel\/"]}]},{"@type":"ImageObject","inLanguage":"fr-BE","@id":"https:\/\/vieassociative.be\/actualites\/tadej-pogacar-remporte-les-classiques-liege-bastogne-liege-pour-la-troisieme-fois-sowinienne-etait-beaucoup-trop-forte-pour-remco-evenepoel\/#primaryimage","url":"https:\/\/vieassociative.be\/actualites\/wp-content\/uploads\/2025\/04\/1745806762_Tadej-Pogacar-remporte-les-classiques-liege-bastogne-liege-pour-la-troisieme-fois-sowinienne.jpg","contentUrl":"https:\/\/vieassociative.be\/actualites\/wp-content\/uploads\/2025\/04\/1745806762_Tadej-Pogacar-remporte-les-classiques-liege-bastogne-liege-pour-la-troisieme-fois-sowinienne.jpg","width":1200,"height":800,"caption":"Tadej Pogacar remporte les classiques li\u00e8ge-bastogne-li\u00e8ge pour la troisi\u00e8me fois-sowinienne \u00e9tait beaucoup trop forte pour RemCo Evenepoel"},{"@type":"BreadcrumbList","@id":"https:\/\/vieassociative.be\/actualites\/tadej-pogacar-remporte-les-classiques-liege-bastogne-liege-pour-la-troisieme-fois-sowinienne-etait-beaucoup-trop-forte-pour-remco-evenepoel\/#breadcrumb","itemListElement":[{"@type":"ListItem","position":1,"name":"Accueil","item":"https:\/\/vieassociative.be\/actualites\/"},{"@type":"ListItem","position":2,"name":"Tadej Pogacar remporte les classiques li\u00e8ge-bastogne-li\u00e8ge pour la troisi\u00e8me fois-sowinienne \u00e9tait beaucoup trop forte pour RemCo Evenepoel"}]},{"@type":"WebSite","@id":"https:\/\/vieassociative.be\/actualites\/#website","url":"https:\/\/vieassociative.be\/actualites\/","name":"Vie Associative","description":"","publisher":{"@id":"https:\/\/vieassociative.be\/actualites\/#organization"},"potentialAction":[{"@type":"SearchAction","target":{"@type":"EntryPoint","urlTemplate":"https:\/\/vieassociative.be\/actualites\/?s={search_term_string}"},"query-input":{"@type":"PropertyValueSpecification","valueRequired":true,"valueName":"search_term_string"}}],"inLanguage":"fr-BE"},{"@type":"Organization","@id":"https:\/\/vieassociative.be\/actualites\/#organization","name":"Vie Associative","url":"https:\/\/vieassociative.be\/actualites\/","logo":{"@type":"ImageObject","inLanguage":"fr-BE","@id":"https:\/\/vieassociative.be\/actualites\/#\/schema\/logo\/image\/","url":"https:\/\/vieassociative.be\/actualites\/wp-content\/uploads\/2024\/09\/cropped-vieassociative_favicon.ico.png","contentUrl":"https:\/\/vieassociative.be\/actualites\/wp-content\/uploads\/2024\/09\/cropped-vieassociative_favicon.ico.png","width":512,"height":512,"caption":"Vie Associative"},"image":{"@id":"https:\/\/vieassociative.be\/actualites\/#\/schema\/logo\/image\/"}},{"@type":"Person","@id":"https:\/\/vieassociative.be\/actualites\/#\/schema\/person\/b87ac4f82f9d4e7b7cec7395b679edc4","name":"Julien","image":{"@type":"ImageObject","inLanguage":"fr-BE","@id":"https:\/\/vieassociative.be\/actualites\/#\/schema\/person\/image\/","url":"https:\/\/vieassociative.be\/actualites\/wp-content\/uploads\/2024\/09\/vie-associative-1-150x150.jpg","contentUrl":"https:\/\/vieassociative.be\/actualites\/wp-content\/uploads\/2024\/09\/vie-associative-1-150x150.jpg","caption":"Julien"},"description":"Je suis Julien, r\u00e9dacteur pour Vie Associative. Passionn\u00e9 par le monde associatif depuis plus de 10 ans, j'ai \u00e0 c\u0153ur de partager des histoires inspirantes et de mettre en lumi\u00e8re les initiatives locales. Mon objectif est de sensibiliser et d'encourager l'engagement communautaire \u00e0 travers mes articles.","sameAs":["https:\/\/vieassociative.be\/"]}]}},"_links":{"self":[{"href":"https:\/\/vieassociative.be\/actualites\/wp-json\/wp\/v2\/posts\/7091"}],"collection":[{"href":"https:\/\/vieassociative.be\/actualites\/wp-json\/wp\/v2\/posts"}],"about":[{"href":"https:\/\/vieassociative.be\/actualites\/wp-json\/wp\/v2\/types\/post"}],"author":[{"embeddable":true,"href":"https:\/\/vieassociative.be\/actualites\/wp-json\/wp\/v2\/users\/1"}],"replies":[{"embeddable":true,"href":"https:\/\/vieassociative.be\/actualites\/wp-json\/wp\/v2\/comments?post=7091"}],"version-history":[{"count":0,"href":"https:\/\/vieassociative.be\/actualites\/wp-json\/wp\/v2\/posts\/7091\/revisions"}],"wp:featuredmedia":[{"embeddable":true,"href":"https:\/\/vieassociative.be\/actualites\/wp-json\/wp\/v2\/media\/7092"}],"wp:attachment":[{"href":"https:\/\/vieassociative.be\/actualites\/wp-json\/wp\/v2\/media?parent=7091"}],"wp:term":[{"taxonomy":"category","embeddable":true,"href":"https:\/\/vieassociative.be\/actualites\/wp-json\/wp\/v2\/categories?post=7091"},{"taxonomy":"post_tag","embeddable":true,"href":"https:\/\/vieassociative.be\/actualites\/wp-json\/wp\/v2\/tags?post=7091"}],"curies":[{"name":"wp","href":"https:\/\/api.w.org\/{rel}","templated":true}]}}