{"id":7089,"date":"2025-04-28T03:18:19","date_gmt":"2025-04-28T01:18:19","guid":{"rendered":"https:\/\/vieassociative.be\/actualites\/les-threads-se-deroulent-sur-les-publicites\/"},"modified":"2025-04-28T03:18:19","modified_gmt":"2025-04-28T01:18:19","slug":"les-threads-se-deroulent-sur-les-publicites","status":"publish","type":"post","link":"https:\/\/vieassociative.be\/actualites\/les-threads-se-deroulent-sur-les-publicites\/","title":{"rendered":"Les threads se d\u00e9roulent sur les publicit\u00e9s"},"content":{"rendered":"<div class=\"mt-4 leading-6 md:mb-8\">Deux ans apr\u00e8s son lancement, la mon\u00e9tisation commence.<\/div>\n<p><\/p>\n<p>Dans une d\u00e9cision qui ne devrait surprendre personne, Meta &#8211; la soci\u00e9t\u00e9 m\u00e8re de Facebook, Instagram et Threads &#8211; ne fait que mon\u00e9tiser ses sites Web. Les threads, qui ont \u00e9t\u00e9 lanc\u00e9s il y a deux ans, avaient en quelque sorte principalement \u00e9vit\u00e9 de montrer des annonces jusqu&rsquo;\u00e0 pr\u00e9sent, n&rsquo;accordant qu&rsquo;un nombre limit\u00e9 \u00e0 certains utilisateurs aux \u00c9tats-Unis et au Japon. Mais le site est devenu tr\u00e8s populaire depuis lors, alors maintenant, il est temps de commencer \u00e0 contribuer \u00e0 l&rsquo;entreprise familiale. Le chef d&rsquo;Instagram, Adam Mosseri, a annonc\u00e9 cette mise \u00e0 jour dans un article de fil cette semaine, qui se lit comme suit: \u00ab\u00a0Les publicit\u00e9s se d\u00e9roulent plus largement sur les fils aujourd&rsquo;hui, et notre objectif est toujours pour eux pour am\u00e9liorer votre exp\u00e9rience globale. Nous surveillons \u00e9troitement et continuerons d&rsquo;\u00e9couter vos commentaires \u00e0 mesure que nous \u00e9voluons.\u00a0\u00bb<\/p>\n<p>Le poteau est assez clair pour signaler la fin des fils sans publicit\u00e9, bien qu&rsquo;il puisse prendre un certain temps pour acc\u00e9l\u00e9rer compl\u00e8tement sur tous les march\u00e9s. Alors que votre flux commence \u00e0 se remplir de soci\u00e9t\u00e9s en lice pour votre attention, vous pouvez probablement vous attendre \u00e0 une exp\u00e9rience similaire \u00e0 la fa\u00e7on dont les publicit\u00e9s sur Instagram ou Facebook, car les annonces actuellement sur le site indiquent clairement qu&rsquo;elles sont parrain\u00e9es et utilisent vos donn\u00e9es pour essayer d&rsquo;augmenter leur pertinence pour vous. <\/p>\n<p>Mais ce ne sont pas toutes de mauvaises nouvelles: Threads obtient \u00e9galement quelques nouvelles fonctionnalit\u00e9s. Celui que j&rsquo;aime le plus est une meilleure fa\u00e7on de composer un nouveau message. Les threads affichent d\u00e9sormais un bouton + dans le coin inf\u00e9rieur droit du site, que vous pouvez cliquer \u00e0 tout moment pour commencer \u00e0 cr\u00e9er un nouveau message. Auparavant, la fen\u00eatre de composition \u00e9tait situ\u00e9e en haut du flux, ce qui n&rsquo;est pas aussi facile d&rsquo;acc\u00e8s si vous faites d\u00e9filer un peu. La mise \u00e0 jour vous permet de composer et de faire un nouveau message sans perdre votre position dans la chronologie.<\/p>\n<div class=\"eloquent-imagery-image\">\n<div class=\"flex justify-center\">\n                    <img decoding=\"async\" class=\"border border-gray-100\" src=\"https:\/\/vieassociative.be\/actualites\/wp-content\/uploads\/2025\/04\/Les-threads-se-deroulent-sur-les-publicites.jpg\" alt=\"Le message de l'auteur sur les threads, parlant de l'offre de Google d'un remplacement de batterie gratuit pour les appareils Pixel 7A affect\u00e9s.\" width=\"2000\" height=\"1125\" loading=\"lazy\"  >\n            <\/div>\n<\/p><\/div>\n<p>Je suis \u00e9galement ravi de commencer \u00e0 utiliser la possibilit\u00e9 de copier un message en tant qu&rsquo;image, ce qui vous permet de capturer un article sur les threads \u00e0 partager ailleurs. Oui, vous pouvez facilement utiliser l&rsquo;outil de capture d&rsquo;\u00e9cran int\u00e9gr\u00e9e sur votre appareil, mais je l&rsquo;aime vraiment lorsque les services exp\u00e9dient la possibilit\u00e9 de copier des captures d&rsquo;\u00e9cran dans le presse-papiers. C&rsquo;est juste beaucoup plus facile et plus rapide. Pour utiliser cette fonctionnalit\u00e9, appuyez sur le bouton de partage sous n&rsquo;importe quel post et s\u00e9lectionnez <strong>Copier en tant qu&rsquo;image<\/strong>. Les fils vous permettra de choisir un th\u00e8me sombre ou l\u00e9ger pour l&rsquo;image, ainsi que son rapport d&rsquo;aspect. Il y a aussi un bouton pour afficher ou masquer les mesures du post, qui vous permet de cacher et de partager des comptes si vous le souhaitez.<\/p>\n<div class=\"pogoClear relative my-10 border-b-(1.5px) border-t-(1.5px) border-dashed border-black py-5 sm:my-14 sm:border-0 sm:py-0\" data-ga-click data-ga-template=\"News\" data-ga-module=\"openweb_widget\" data-ga-element=\"openweb_scroll\" data-ga-item=\"openweb_scroll_midpage\" x-cloak x-data=\"{ commentsCount: null, hasComments: false }\" x-init=\"commentsCount = await window.openweb.getMessagesCount(01JSPS1Y4Y63YX9TXB9EXBJ6PM);\n     hasComments = commentsCount !== null &amp;&amp; commentsCount &gt; 0\"><\/p>\n<div class=\"absolute top-1\/2 hidden w-full -translate-y-1\/2 border-t-(1.5px) border-dashed border-black sm:block\"><\/div>\n<div class=\"relative flex justify-center\">\n<div class=\"flex max-w-max items-center gap-x-3 bg-white px-5\">\n<div class=\"relative\">\n                <span class=\"absolute left-1\/2 top-1\/2 -translate-x-1\/2 -translate-y-1\/2 font-akshar text-sm font-medium text-black\" x-show=\"hasComments\" x-text=\"commentsCount\"><\/span><\/p>\n<p>                <svg class=\"h-8 w-8 text-black\">\n                    <use href=\"http:\/\/lifehacker.com\/images\/icons\/spritemap.svg#sprite-chat-bubble\"><\/use>\n                <\/svg>\n            <\/div>\n<p>            <span class=\"text-sm font-medium text-black\"><\/p>\n<p>                Que pensez-vous jusqu&rsquo;\u00e0 pr\u00e9sent?<br \/>\n                <button class=\"font-semibold text-brand-green underline hover:text-brand-green-700\" onclick=\"window.openweb.scrollToComments(01JSPS1Y4Y63YX9TXB9EXBJ6PM)\" x-text=\"hasComments ? 'Post a comment.' : 'Be the first to post a comment.'\"><\/button><br \/>\n            <\/span>\n        <\/div>\n<\/p><\/div>\n<\/div>\n<p>Les threads sur le Web ont \u00e9galement une nouvelle fa\u00e7on d&rsquo;acc\u00e9der \u00e0 la vue multi-colonne de style TweetDeck. Cliquez sur le bouton multi-colonne \u00e0 droite du flux et s\u00e9lectionnez lequel de vos flux que vous souhaitez voir dans une disposition multi-colonnes. Dans la vue normale, en attendant, Threads a ajout\u00e9 deux nouveaux boutons, aim\u00e9s et enregistr\u00e9s, dans son menu principal (l&rsquo;ic\u00f4ne \u00e0 deux lignes). Cela vous permet d&rsquo;acc\u00e9der plus facilement aux articles que vous avez aim\u00e9s ou mis en signet. L&rsquo;application Web a \u00e9galement maintenant des onglets pour vos flux personnalis\u00e9s en haut. Cela \u00e9tait auparavant disponible en tant que menu d\u00e9roulant, mais la disposition des onglets rend les flux personnalis\u00e9s plus faciles \u00e0 acc\u00e9der. <\/p>\n<p>De plus, la soci\u00e9t\u00e9 teste un moyen d&rsquo;importer vos abonn\u00e9s depuis d&rsquo;autres services, \u00e0 commencer par X (anciennement Twitter). Une fois que cela d\u00e9ploie largement, vous trouverez peut-\u00eatre plus facile de ramener les gens des services qui n&rsquo;appartiennent pas \u00e0 Meta. Enfin, Threads lui-m\u00eame a d\u00e9m\u00e9nag\u00e9 dans un nouveau domaine &#8211; Threads.com. Lorsque le service a \u00e9t\u00e9 lanc\u00e9, il l&rsquo;a fait sur Threads.net car Meta ne poss\u00e9dait pas le domaine .com. Cela semble avoir chang\u00e9 maintenant.<\/p>\n","protected":false},"excerpt":{"rendered":"<p>Deux ans apr\u00e8s son lancement, la mon\u00e9tisation commence. Dans une d\u00e9cision qui ne devrait surprendre personne, Meta &#8211; la soci\u00e9t\u00e9 m\u00e8re de Facebook, Instagram et<\/p>\n","protected":false},"author":1,"featured_media":7090,"comment_status":"","ping_status":"","sticky":false,"template":"","format":"standard","meta":{"footnotes":""},"categories":[13],"tags":[2580,14,1053,33,3455],"class_list":["post-7089","post","type-post","status-publish","format-standard","has-post-thumbnail","hentry","category-technologie","tag-deroulent","tag-les","tag-publicites","tag-sur","tag-threads","generate-columns","tablet-grid-50","mobile-grid-100","grid-parent","grid-33"],"yoast_head":"<!-- This site is optimized with the Yoast SEO plugin v24.0 - https:\/\/yoast.com\/wordpress\/plugins\/seo\/ -->\n<title>Les threads se d\u00e9roulent sur les publicit\u00e9s | Vie Associative<\/title>\n<meta name=\"robots\" content=\"index, follow, max-snippet:-1, max-image-preview:large, max-video-preview:-1\" \/>\n<link rel=\"canonical\" href=\"https:\/\/vieassociative.be\/actualites\/les-threads-se-deroulent-sur-les-publicites\/\" \/>\n<meta property=\"og:locale\" content=\"fr_FR\" \/>\n<meta property=\"og:type\" content=\"article\" \/>\n<meta property=\"og:title\" content=\"Les threads se d\u00e9roulent sur les publicit\u00e9s | Vie Associative\" \/>\n<meta property=\"og:description\" content=\"Deux ans apr\u00e8s son lancement, la mon\u00e9tisation commence. Dans une d\u00e9cision qui ne devrait surprendre personne, Meta &#8211; la soci\u00e9t\u00e9 m\u00e8re de Facebook, Instagram et\" \/>\n<meta property=\"og:url\" content=\"https:\/\/vieassociative.be\/actualites\/les-threads-se-deroulent-sur-les-publicites\/\" \/>\n<meta property=\"og:site_name\" content=\"Vie Associative\" \/>\n<meta property=\"article:published_time\" content=\"2025-04-28T01:18:19+00:00\" \/>\n<meta property=\"og:image\" content=\"https:\/\/vieassociative.be\/actualites\/wp-content\/uploads\/2025\/04\/Les-threads-se-deroulent-sur-les-publicites.jpg\" \/>\n<meta name=\"author\" content=\"Julien\" \/>\n<meta name=\"twitter:card\" content=\"summary_large_image\" \/>\n<meta name=\"twitter:label1\" content=\"\u00c9crit par\" \/>\n\t<meta name=\"twitter:data1\" content=\"Julien\" \/>\n\t<meta name=\"twitter:label2\" content=\"Dur\u00e9e de lecture est.\" \/>\n\t<meta name=\"twitter:data2\" content=\"4 minutes\" \/>\n<script type=\"application\/ld+json\" class=\"yoast-schema-graph\">{\"@context\":\"https:\/\/schema.org\",\"@graph\":[{\"@type\":\"Article\",\"@id\":\"https:\/\/vieassociative.be\/actualites\/les-threads-se-deroulent-sur-les-publicites\/#article\",\"isPartOf\":{\"@id\":\"https:\/\/vieassociative.be\/actualites\/les-threads-se-deroulent-sur-les-publicites\/\"},\"author\":{\"name\":\"Julien\",\"@id\":\"https:\/\/vieassociative.be\/actualites\/#\/schema\/person\/b87ac4f82f9d4e7b7cec7395b679edc4\"},\"headline\":\"Les threads se d\u00e9roulent sur les publicit\u00e9s\",\"datePublished\":\"2025-04-28T01:18:19+00:00\",\"dateModified\":\"2025-04-28T01:18:19+00:00\",\"mainEntityOfPage\":{\"@id\":\"https:\/\/vieassociative.be\/actualites\/les-threads-se-deroulent-sur-les-publicites\/\"},\"wordCount\":746,\"publisher\":{\"@id\":\"https:\/\/vieassociative.be\/actualites\/#organization\"},\"image\":{\"@id\":\"https:\/\/vieassociative.be\/actualites\/les-threads-se-deroulent-sur-les-publicites\/#primaryimage\"},\"thumbnailUrl\":\"https:\/\/vieassociative.be\/actualites\/wp-content\/uploads\/2025\/04\/1745803100_Les-threads-se-deroulent-sur-les-publicites.jpg\",\"keywords\":[\"d\u00e9roulent\",\"Les\",\"publicit\u00e9s\",\"sur\",\"Threads\"],\"articleSection\":[\"Technologie\"],\"inLanguage\":\"fr-BE\"},{\"@type\":\"WebPage\",\"@id\":\"https:\/\/vieassociative.be\/actualites\/les-threads-se-deroulent-sur-les-publicites\/\",\"url\":\"https:\/\/vieassociative.be\/actualites\/les-threads-se-deroulent-sur-les-publicites\/\",\"name\":\"Les threads se d\u00e9roulent sur les publicit\u00e9s | Vie Associative\",\"isPartOf\":{\"@id\":\"https:\/\/vieassociative.be\/actualites\/#website\"},\"primaryImageOfPage\":{\"@id\":\"https:\/\/vieassociative.be\/actualites\/les-threads-se-deroulent-sur-les-publicites\/#primaryimage\"},\"image\":{\"@id\":\"https:\/\/vieassociative.be\/actualites\/les-threads-se-deroulent-sur-les-publicites\/#primaryimage\"},\"thumbnailUrl\":\"https:\/\/vieassociative.be\/actualites\/wp-content\/uploads\/2025\/04\/1745803100_Les-threads-se-deroulent-sur-les-publicites.jpg\",\"datePublished\":\"2025-04-28T01:18:19+00:00\",\"dateModified\":\"2025-04-28T01:18:19+00:00\",\"breadcrumb\":{\"@id\":\"https:\/\/vieassociative.be\/actualites\/les-threads-se-deroulent-sur-les-publicites\/#breadcrumb\"},\"inLanguage\":\"fr-BE\",\"potentialAction\":[{\"@type\":\"ReadAction\",\"target\":[\"https:\/\/vieassociative.be\/actualites\/les-threads-se-deroulent-sur-les-publicites\/\"]}]},{\"@type\":\"ImageObject\",\"inLanguage\":\"fr-BE\",\"@id\":\"https:\/\/vieassociative.be\/actualites\/les-threads-se-deroulent-sur-les-publicites\/#primaryimage\",\"url\":\"https:\/\/vieassociative.be\/actualites\/wp-content\/uploads\/2025\/04\/1745803100_Les-threads-se-deroulent-sur-les-publicites.jpg\",\"contentUrl\":\"https:\/\/vieassociative.be\/actualites\/wp-content\/uploads\/2025\/04\/1745803100_Les-threads-se-deroulent-sur-les-publicites.jpg\",\"width\":1200,\"height\":674,\"caption\":\"Les threads se d\u00e9roulent sur les publicit\u00e9s\"},{\"@type\":\"BreadcrumbList\",\"@id\":\"https:\/\/vieassociative.be\/actualites\/les-threads-se-deroulent-sur-les-publicites\/#breadcrumb\",\"itemListElement\":[{\"@type\":\"ListItem\",\"position\":1,\"name\":\"Accueil\",\"item\":\"https:\/\/vieassociative.be\/actualites\/\"},{\"@type\":\"ListItem\",\"position\":2,\"name\":\"Les threads se d\u00e9roulent sur les publicit\u00e9s\"}]},{\"@type\":\"WebSite\",\"@id\":\"https:\/\/vieassociative.be\/actualites\/#website\",\"url\":\"https:\/\/vieassociative.be\/actualites\/\",\"name\":\"Vie Associative\",\"description\":\"\",\"publisher\":{\"@id\":\"https:\/\/vieassociative.be\/actualites\/#organization\"},\"potentialAction\":[{\"@type\":\"SearchAction\",\"target\":{\"@type\":\"EntryPoint\",\"urlTemplate\":\"https:\/\/vieassociative.be\/actualites\/?s={search_term_string}\"},\"query-input\":{\"@type\":\"PropertyValueSpecification\",\"valueRequired\":true,\"valueName\":\"search_term_string\"}}],\"inLanguage\":\"fr-BE\"},{\"@type\":\"Organization\",\"@id\":\"https:\/\/vieassociative.be\/actualites\/#organization\",\"name\":\"Vie Associative\",\"url\":\"https:\/\/vieassociative.be\/actualites\/\",\"logo\":{\"@type\":\"ImageObject\",\"inLanguage\":\"fr-BE\",\"@id\":\"https:\/\/vieassociative.be\/actualites\/#\/schema\/logo\/image\/\",\"url\":\"https:\/\/vieassociative.be\/actualites\/wp-content\/uploads\/2024\/09\/cropped-vieassociative_favicon.ico.png\",\"contentUrl\":\"https:\/\/vieassociative.be\/actualites\/wp-content\/uploads\/2024\/09\/cropped-vieassociative_favicon.ico.png\",\"width\":512,\"height\":512,\"caption\":\"Vie Associative\"},\"image\":{\"@id\":\"https:\/\/vieassociative.be\/actualites\/#\/schema\/logo\/image\/\"}},{\"@type\":\"Person\",\"@id\":\"https:\/\/vieassociative.be\/actualites\/#\/schema\/person\/b87ac4f82f9d4e7b7cec7395b679edc4\",\"name\":\"Julien\",\"image\":{\"@type\":\"ImageObject\",\"inLanguage\":\"fr-BE\",\"@id\":\"https:\/\/vieassociative.be\/actualites\/#\/schema\/person\/image\/\",\"url\":\"https:\/\/vieassociative.be\/actualites\/wp-content\/uploads\/2024\/09\/vie-associative-1-150x150.jpg\",\"contentUrl\":\"https:\/\/vieassociative.be\/actualites\/wp-content\/uploads\/2024\/09\/vie-associative-1-150x150.jpg\",\"caption\":\"Julien\"},\"description\":\"Je suis Julien, r\u00e9dacteur pour Vie Associative. Passionn\u00e9 par le monde associatif depuis plus de 10 ans, j'ai \u00e0 c\u0153ur de partager des histoires inspirantes et de mettre en lumi\u00e8re les initiatives locales. Mon objectif est de sensibiliser et d'encourager l'engagement communautaire \u00e0 travers mes articles.\",\"sameAs\":[\"https:\/\/vieassociative.be\/\"]}]}<\/script>\n<!-- \/ Yoast SEO plugin. -->","yoast_head_json":{"title":"Les threads se d\u00e9roulent sur les publicit\u00e9s | Vie Associative","robots":{"index":"index","follow":"follow","max-snippet":"max-snippet:-1","max-image-preview":"max-image-preview:large","max-video-preview":"max-video-preview:-1"},"canonical":"https:\/\/vieassociative.be\/actualites\/les-threads-se-deroulent-sur-les-publicites\/","og_locale":"fr_FR","og_type":"article","og_title":"Les threads se d\u00e9roulent sur les publicit\u00e9s | Vie Associative","og_description":"Deux ans apr\u00e8s son lancement, la mon\u00e9tisation commence. Dans une d\u00e9cision qui ne devrait surprendre personne, Meta &#8211; la soci\u00e9t\u00e9 m\u00e8re de Facebook, Instagram et","og_url":"https:\/\/vieassociative.be\/actualites\/les-threads-se-deroulent-sur-les-publicites\/","og_site_name":"Vie Associative","article_published_time":"2025-04-28T01:18:19+00:00","og_image":[{"url":"https:\/\/vieassociative.be\/actualites\/wp-content\/uploads\/2025\/04\/Les-threads-se-deroulent-sur-les-publicites.jpg","type":"","width":"","height":""}],"author":"Julien","twitter_card":"summary_large_image","twitter_misc":{"\u00c9crit par":"Julien","Dur\u00e9e de lecture est.":"4 minutes"},"schema":{"@context":"https:\/\/schema.org","@graph":[{"@type":"Article","@id":"https:\/\/vieassociative.be\/actualites\/les-threads-se-deroulent-sur-les-publicites\/#article","isPartOf":{"@id":"https:\/\/vieassociative.be\/actualites\/les-threads-se-deroulent-sur-les-publicites\/"},"author":{"name":"Julien","@id":"https:\/\/vieassociative.be\/actualites\/#\/schema\/person\/b87ac4f82f9d4e7b7cec7395b679edc4"},"headline":"Les threads se d\u00e9roulent sur les publicit\u00e9s","datePublished":"2025-04-28T01:18:19+00:00","dateModified":"2025-04-28T01:18:19+00:00","mainEntityOfPage":{"@id":"https:\/\/vieassociative.be\/actualites\/les-threads-se-deroulent-sur-les-publicites\/"},"wordCount":746,"publisher":{"@id":"https:\/\/vieassociative.be\/actualites\/#organization"},"image":{"@id":"https:\/\/vieassociative.be\/actualites\/les-threads-se-deroulent-sur-les-publicites\/#primaryimage"},"thumbnailUrl":"https:\/\/vieassociative.be\/actualites\/wp-content\/uploads\/2025\/04\/1745803100_Les-threads-se-deroulent-sur-les-publicites.jpg","keywords":["d\u00e9roulent","Les","publicit\u00e9s","sur","Threads"],"articleSection":["Technologie"],"inLanguage":"fr-BE"},{"@type":"WebPage","@id":"https:\/\/vieassociative.be\/actualites\/les-threads-se-deroulent-sur-les-publicites\/","url":"https:\/\/vieassociative.be\/actualites\/les-threads-se-deroulent-sur-les-publicites\/","name":"Les threads se d\u00e9roulent sur les publicit\u00e9s | Vie Associative","isPartOf":{"@id":"https:\/\/vieassociative.be\/actualites\/#website"},"primaryImageOfPage":{"@id":"https:\/\/vieassociative.be\/actualites\/les-threads-se-deroulent-sur-les-publicites\/#primaryimage"},"image":{"@id":"https:\/\/vieassociative.be\/actualites\/les-threads-se-deroulent-sur-les-publicites\/#primaryimage"},"thumbnailUrl":"https:\/\/vieassociative.be\/actualites\/wp-content\/uploads\/2025\/04\/1745803100_Les-threads-se-deroulent-sur-les-publicites.jpg","datePublished":"2025-04-28T01:18:19+00:00","dateModified":"2025-04-28T01:18:19+00:00","breadcrumb":{"@id":"https:\/\/vieassociative.be\/actualites\/les-threads-se-deroulent-sur-les-publicites\/#breadcrumb"},"inLanguage":"fr-BE","potentialAction":[{"@type":"ReadAction","target":["https:\/\/vieassociative.be\/actualites\/les-threads-se-deroulent-sur-les-publicites\/"]}]},{"@type":"ImageObject","inLanguage":"fr-BE","@id":"https:\/\/vieassociative.be\/actualites\/les-threads-se-deroulent-sur-les-publicites\/#primaryimage","url":"https:\/\/vieassociative.be\/actualites\/wp-content\/uploads\/2025\/04\/1745803100_Les-threads-se-deroulent-sur-les-publicites.jpg","contentUrl":"https:\/\/vieassociative.be\/actualites\/wp-content\/uploads\/2025\/04\/1745803100_Les-threads-se-deroulent-sur-les-publicites.jpg","width":1200,"height":674,"caption":"Les threads se d\u00e9roulent sur les publicit\u00e9s"},{"@type":"BreadcrumbList","@id":"https:\/\/vieassociative.be\/actualites\/les-threads-se-deroulent-sur-les-publicites\/#breadcrumb","itemListElement":[{"@type":"ListItem","position":1,"name":"Accueil","item":"https:\/\/vieassociative.be\/actualites\/"},{"@type":"ListItem","position":2,"name":"Les threads se d\u00e9roulent sur les publicit\u00e9s"}]},{"@type":"WebSite","@id":"https:\/\/vieassociative.be\/actualites\/#website","url":"https:\/\/vieassociative.be\/actualites\/","name":"Vie Associative","description":"","publisher":{"@id":"https:\/\/vieassociative.be\/actualites\/#organization"},"potentialAction":[{"@type":"SearchAction","target":{"@type":"EntryPoint","urlTemplate":"https:\/\/vieassociative.be\/actualites\/?s={search_term_string}"},"query-input":{"@type":"PropertyValueSpecification","valueRequired":true,"valueName":"search_term_string"}}],"inLanguage":"fr-BE"},{"@type":"Organization","@id":"https:\/\/vieassociative.be\/actualites\/#organization","name":"Vie Associative","url":"https:\/\/vieassociative.be\/actualites\/","logo":{"@type":"ImageObject","inLanguage":"fr-BE","@id":"https:\/\/vieassociative.be\/actualites\/#\/schema\/logo\/image\/","url":"https:\/\/vieassociative.be\/actualites\/wp-content\/uploads\/2024\/09\/cropped-vieassociative_favicon.ico.png","contentUrl":"https:\/\/vieassociative.be\/actualites\/wp-content\/uploads\/2024\/09\/cropped-vieassociative_favicon.ico.png","width":512,"height":512,"caption":"Vie Associative"},"image":{"@id":"https:\/\/vieassociative.be\/actualites\/#\/schema\/logo\/image\/"}},{"@type":"Person","@id":"https:\/\/vieassociative.be\/actualites\/#\/schema\/person\/b87ac4f82f9d4e7b7cec7395b679edc4","name":"Julien","image":{"@type":"ImageObject","inLanguage":"fr-BE","@id":"https:\/\/vieassociative.be\/actualites\/#\/schema\/person\/image\/","url":"https:\/\/vieassociative.be\/actualites\/wp-content\/uploads\/2024\/09\/vie-associative-1-150x150.jpg","contentUrl":"https:\/\/vieassociative.be\/actualites\/wp-content\/uploads\/2024\/09\/vie-associative-1-150x150.jpg","caption":"Julien"},"description":"Je suis Julien, r\u00e9dacteur pour Vie Associative. Passionn\u00e9 par le monde associatif depuis plus de 10 ans, j'ai \u00e0 c\u0153ur de partager des histoires inspirantes et de mettre en lumi\u00e8re les initiatives locales. Mon objectif est de sensibiliser et d'encourager l'engagement communautaire \u00e0 travers mes articles.","sameAs":["https:\/\/vieassociative.be\/"]}]}},"_links":{"self":[{"href":"https:\/\/vieassociative.be\/actualites\/wp-json\/wp\/v2\/posts\/7089"}],"collection":[{"href":"https:\/\/vieassociative.be\/actualites\/wp-json\/wp\/v2\/posts"}],"about":[{"href":"https:\/\/vieassociative.be\/actualites\/wp-json\/wp\/v2\/types\/post"}],"author":[{"embeddable":true,"href":"https:\/\/vieassociative.be\/actualites\/wp-json\/wp\/v2\/users\/1"}],"replies":[{"embeddable":true,"href":"https:\/\/vieassociative.be\/actualites\/wp-json\/wp\/v2\/comments?post=7089"}],"version-history":[{"count":0,"href":"https:\/\/vieassociative.be\/actualites\/wp-json\/wp\/v2\/posts\/7089\/revisions"}],"wp:featuredmedia":[{"embeddable":true,"href":"https:\/\/vieassociative.be\/actualites\/wp-json\/wp\/v2\/media\/7090"}],"wp:attachment":[{"href":"https:\/\/vieassociative.be\/actualites\/wp-json\/wp\/v2\/media?parent=7089"}],"wp:term":[{"taxonomy":"category","embeddable":true,"href":"https:\/\/vieassociative.be\/actualites\/wp-json\/wp\/v2\/categories?post=7089"},{"taxonomy":"post_tag","embeddable":true,"href":"https:\/\/vieassociative.be\/actualites\/wp-json\/wp\/v2\/tags?post=7089"}],"curies":[{"name":"wp","href":"https:\/\/api.w.org\/{rel}","templated":true}]}}