{"id":7084,"date":"2025-04-27T22:17:51","date_gmt":"2025-04-27T20:17:51","guid":{"rendered":"https:\/\/vieassociative.be\/actualites\/la-bataille-a-trois-voies-deviendra-t-elle-un-duel-pour-le-titre-genk-perd-0-0-contre-anvers-et-union-brugge\/"},"modified":"2025-04-27T22:17:51","modified_gmt":"2025-04-27T20:17:51","slug":"la-bataille-a-trois-voies-deviendra-t-elle-un-duel-pour-le-titre-genk-perd-0-0-contre-anvers-et-union-brugge","status":"publish","type":"post","link":"https:\/\/vieassociative.be\/actualites\/la-bataille-a-trois-voies-deviendra-t-elle-un-duel-pour-le-titre-genk-perd-0-0-contre-anvers-et-union-brugge\/","title":{"rendered":"La bataille \u00e0 trois voies deviendra-t-elle un duel pour le titre? -Genk perd 0-0 contre Anvers et Union-Br\u00fcgge"},"content":{"rendered":"<p><strong>Les champions \u00e9liminatoires se d\u00e9veloppent de plus en plus dans l&rsquo;inconv\u00e9nient du KRC Genk, qui \u00e9tait toujours un favori apr\u00e8s la phase classique du championnat. Dimanche, les Limburgers ont \u00e9tonnamment perdu le match \u00e0 domicile contre Anvers 0-1. Le premier match entre Union Saint-Gilloie et le champion en titre FC Bruges a termin\u00e9 0-0.<\/strong><\/p>\n<p><span id=\"more-414320\"><\/span>L&rsquo;Union Saint-Gilloie est invaincue dans ces championnats en s\u00e9ries \u00e9liminatoires contre le FC Bruges. Apr\u00e8s le succ\u00e8s jeudi dernier, les Bruxelles ont maintenu un match nul 0-0, ce qui signifie qu&rsquo;ils continuent d&rsquo;\u00eatre les leaders.<\/p>\n<p>Les d\u00e9tails peuvent d\u00e9cider de ces meilleurs jeux. Un sauvetage miraculeux de Machida apr\u00e8s un tir de Talbi devait garder le 0-0 dans les premiers stades du jeu. Apr\u00e8s une demi-heure, Promise David a eu une grande chance, mais son tir vient de passer. Le Canadien a d\u00fb laisser une blessure au pied \u00e0 la pause.<\/p>\n<p>Le Br\u00fcgger a exerc\u00e9 au moins plus de pression que jeudi. Apr\u00e8s le changement des \u00e9quipes, l&rsquo;\u00e9quipe de Nicky Hayen croyait m\u00eame au but en t\u00eate, mais Talbi a initialement \u00e9chou\u00e9 au gardien de l&rsquo;Union Moris et le ballon est all\u00e9 juste \u00e0 c\u00f4t\u00e9.<\/p>\n<div id=\"attachment_351584\" class=\"wp-caption alignleft\" style=\"max-width: 300px\"><img fetchpriority=\"high\" decoding=\"async\" class=\"wp-image-351584 size-medium\" src=\"https:\/\/vieassociative.be\/actualites\/wp-content\/uploads\/2025\/02\/Thorsten-Fink-est-daccord-de-Genk-a-Cup-contre-Bruges.jpeg\" alt=\"\" width=\"300\" height=\"222\"  ><\/p>\n<p class=\"wp-caption-text\">Thorsten Fink, entra\u00eeneur du KRC Genk, ne peut pas \u00eatre satisfaite du cours des \u00e9liminatoires des champions (1 point de 12 possible) .. Photo: Herbert Pfarrhofer \/ APA \/ DPA<\/p>\n<\/div>\n<p>Le seul inconv\u00e9nient pour les Bruxelles a \u00e9t\u00e9 la grave blessure au nez de Kevin Mac Allister, qui a \u00e9t\u00e9 involontairement impliqu\u00e9 dans un duel avec son co\u00e9quipier Noah Sadiki.<\/p>\n<p>Rien NE VA Plus au KRC Genk. L&rsquo;\u00e9quipe de l&rsquo;entra\u00eeneur Thorsten Fink a mis fin en toute confiance \u00e0 la phase r\u00e9guli\u00e8re du championnat en tant que leader de la ligue, mais elle menace un sort similaire \u00e0 l&rsquo;Union Saint-Gilloie ces derni\u00e8res ann\u00e9es. Lors des quatre derni\u00e8res rencontres de ces champions en s\u00e9ries \u00e9liminatoires, Genk n&rsquo;a remport\u00e9 qu&rsquo;un seul point.<\/p>\n<p>Dans le tableau des s\u00e9ries \u00e9liminatoires des champions, apr\u00e8s 6 jours sur 10, Union Saint-Gilloie, avec 44 points d&rsquo;avance sur le FC Bruges (43) et KRC Genk (41). Dans le combat pour la 4e place, le RSC Anderlecht (33) a ce nez devant devant Royal Anvers (28) et AA Gent (26). (Cre)<\/p>\n","protected":false},"excerpt":{"rendered":"<p>Les champions \u00e9liminatoires se d\u00e9veloppent de plus en plus dans l&rsquo;inconv\u00e9nient du KRC Genk, qui \u00e9tait toujours un favori apr\u00e8s la phase classique du championnat.<\/p>\n","protected":false},"author":1,"featured_media":7085,"comment_status":"","ping_status":"","sticky":false,"template":"","format":"standard","meta":{"footnotes":""},"categories":[298],"tags":[4624,6336,796,6661,4821,932,3021,81,2504,771,6662,6660],"class_list":["post-7084","post","type-post","status-publish","format-standard","has-post-thumbnail","hentry","category-belgique","tag-anvers","tag-bataille","tag-contre","tag-deviendratelle","tag-duel","tag-genk","tag-perd","tag-pour","tag-titre","tag-trois","tag-unionbrugge","tag-voies","generate-columns","tablet-grid-50","mobile-grid-100","grid-parent","grid-33"],"yoast_head":"<!-- This site is optimized with the Yoast SEO plugin v24.0 - https:\/\/yoast.com\/wordpress\/plugins\/seo\/ -->\n<title>La bataille \u00e0 trois voies deviendra-t-elle un duel pour le titre? -Genk perd 0-0 contre Anvers et Union-Br\u00fcgge | Vie Associative<\/title>\n<meta name=\"robots\" content=\"index, follow, max-snippet:-1, max-image-preview:large, max-video-preview:-1\" \/>\n<link rel=\"canonical\" href=\"https:\/\/vieassociative.be\/actualites\/la-bataille-a-trois-voies-deviendra-t-elle-un-duel-pour-le-titre-genk-perd-0-0-contre-anvers-et-union-brugge\/\" \/>\n<meta property=\"og:locale\" content=\"fr_FR\" \/>\n<meta property=\"og:type\" content=\"article\" \/>\n<meta property=\"og:title\" content=\"La bataille \u00e0 trois voies deviendra-t-elle un duel pour le titre? -Genk perd 0-0 contre Anvers et Union-Br\u00fcgge | Vie Associative\" \/>\n<meta property=\"og:description\" content=\"Les champions \u00e9liminatoires se d\u00e9veloppent de plus en plus dans l&rsquo;inconv\u00e9nient du KRC Genk, qui \u00e9tait toujours un favori apr\u00e8s la phase classique du championnat.\" \/>\n<meta property=\"og:url\" content=\"https:\/\/vieassociative.be\/actualites\/la-bataille-a-trois-voies-deviendra-t-elle-un-duel-pour-le-titre-genk-perd-0-0-contre-anvers-et-union-brugge\/\" \/>\n<meta property=\"og:site_name\" content=\"Vie Associative\" \/>\n<meta property=\"article:published_time\" content=\"2025-04-27T20:17:51+00:00\" \/>\n<meta property=\"og:image\" content=\"https:\/\/vieassociative.be\/actualites\/wp-content\/uploads\/2024\/09\/header_backgroundk-01-e1726694325946.png\" \/>\n\t<meta property=\"og:image:width\" content=\"279\" \/>\n\t<meta property=\"og:image:height\" content=\"92\" \/>\n\t<meta property=\"og:image:type\" content=\"image\/png\" \/>\n<meta name=\"author\" content=\"Julien\" \/>\n<meta name=\"twitter:card\" content=\"summary_large_image\" \/>\n<meta name=\"twitter:label1\" content=\"\u00c9crit par\" \/>\n\t<meta name=\"twitter:data1\" content=\"Julien\" \/>\n\t<meta name=\"twitter:label2\" content=\"Dur\u00e9e de lecture est.\" \/>\n\t<meta name=\"twitter:data2\" content=\"2 minutes\" \/>\n<script type=\"application\/ld+json\" class=\"yoast-schema-graph\">{\"@context\":\"https:\/\/schema.org\",\"@graph\":[{\"@type\":\"Article\",\"@id\":\"https:\/\/vieassociative.be\/actualites\/la-bataille-a-trois-voies-deviendra-t-elle-un-duel-pour-le-titre-genk-perd-0-0-contre-anvers-et-union-brugge\/#article\",\"isPartOf\":{\"@id\":\"https:\/\/vieassociative.be\/actualites\/la-bataille-a-trois-voies-deviendra-t-elle-un-duel-pour-le-titre-genk-perd-0-0-contre-anvers-et-union-brugge\/\"},\"author\":{\"name\":\"Julien\",\"@id\":\"https:\/\/vieassociative.be\/actualites\/#\/schema\/person\/b87ac4f82f9d4e7b7cec7395b679edc4\"},\"headline\":\"La bataille \u00e0 trois voies deviendra-t-elle un duel pour le titre? -Genk perd 0-0 contre Anvers et Union-Br\u00fcgge\",\"datePublished\":\"2025-04-27T20:17:51+00:00\",\"dateModified\":\"2025-04-27T20:17:51+00:00\",\"mainEntityOfPage\":{\"@id\":\"https:\/\/vieassociative.be\/actualites\/la-bataille-a-trois-voies-deviendra-t-elle-un-duel-pour-le-titre-genk-perd-0-0-contre-anvers-et-union-brugge\/\"},\"wordCount\":400,\"publisher\":{\"@id\":\"https:\/\/vieassociative.be\/actualites\/#organization\"},\"image\":{\"@id\":\"https:\/\/vieassociative.be\/actualites\/la-bataille-a-trois-voies-deviendra-t-elle-un-duel-pour-le-titre-genk-perd-0-0-contre-anvers-et-union-brugge\/#primaryimage\"},\"thumbnailUrl\":\"https:\/\/vieassociative.be\/actualites\/wp-content\/uploads\/2025\/04\/La-bataille-a-trois-voies-deviendra-t-elle-un-duel-pour-le.jpg\",\"keywords\":[\"Anvers\",\"Bataille\",\"contre\",\"deviendratelle\",\"duel\",\"Genk\",\"perd\",\"pour\",\"titre\",\"trois\",\"UnionBr\u00fcgge\",\"voies\"],\"articleSection\":[\"Belgique\"],\"inLanguage\":\"fr-BE\"},{\"@type\":\"WebPage\",\"@id\":\"https:\/\/vieassociative.be\/actualites\/la-bataille-a-trois-voies-deviendra-t-elle-un-duel-pour-le-titre-genk-perd-0-0-contre-anvers-et-union-brugge\/\",\"url\":\"https:\/\/vieassociative.be\/actualites\/la-bataille-a-trois-voies-deviendra-t-elle-un-duel-pour-le-titre-genk-perd-0-0-contre-anvers-et-union-brugge\/\",\"name\":\"La bataille \u00e0 trois voies deviendra-t-elle un duel pour le titre? -Genk perd 0-0 contre Anvers et Union-Br\u00fcgge | Vie Associative\",\"isPartOf\":{\"@id\":\"https:\/\/vieassociative.be\/actualites\/#website\"},\"primaryImageOfPage\":{\"@id\":\"https:\/\/vieassociative.be\/actualites\/la-bataille-a-trois-voies-deviendra-t-elle-un-duel-pour-le-titre-genk-perd-0-0-contre-anvers-et-union-brugge\/#primaryimage\"},\"image\":{\"@id\":\"https:\/\/vieassociative.be\/actualites\/la-bataille-a-trois-voies-deviendra-t-elle-un-duel-pour-le-titre-genk-perd-0-0-contre-anvers-et-union-brugge\/#primaryimage\"},\"thumbnailUrl\":\"https:\/\/vieassociative.be\/actualites\/wp-content\/uploads\/2025\/04\/La-bataille-a-trois-voies-deviendra-t-elle-un-duel-pour-le.jpg\",\"datePublished\":\"2025-04-27T20:17:51+00:00\",\"dateModified\":\"2025-04-27T20:17:51+00:00\",\"breadcrumb\":{\"@id\":\"https:\/\/vieassociative.be\/actualites\/la-bataille-a-trois-voies-deviendra-t-elle-un-duel-pour-le-titre-genk-perd-0-0-contre-anvers-et-union-brugge\/#breadcrumb\"},\"inLanguage\":\"fr-BE\",\"potentialAction\":[{\"@type\":\"ReadAction\",\"target\":[\"https:\/\/vieassociative.be\/actualites\/la-bataille-a-trois-voies-deviendra-t-elle-un-duel-pour-le-titre-genk-perd-0-0-contre-anvers-et-union-brugge\/\"]}]},{\"@type\":\"ImageObject\",\"inLanguage\":\"fr-BE\",\"@id\":\"https:\/\/vieassociative.be\/actualites\/la-bataille-a-trois-voies-deviendra-t-elle-un-duel-pour-le-titre-genk-perd-0-0-contre-anvers-et-union-brugge\/#primaryimage\",\"url\":\"https:\/\/vieassociative.be\/actualites\/wp-content\/uploads\/2025\/04\/La-bataille-a-trois-voies-deviendra-t-elle-un-duel-pour-le.jpg\",\"contentUrl\":\"https:\/\/vieassociative.be\/actualites\/wp-content\/uploads\/2025\/04\/La-bataille-a-trois-voies-deviendra-t-elle-un-duel-pour-le.jpg\",\"width\":2560,\"height\":1708,\"caption\":\"La bataille \u00e0 trois voies deviendra-t-elle un duel pour le titre? -Genk perd 0-0 contre Anvers et Union-Br\u00fcgge\"},{\"@type\":\"BreadcrumbList\",\"@id\":\"https:\/\/vieassociative.be\/actualites\/la-bataille-a-trois-voies-deviendra-t-elle-un-duel-pour-le-titre-genk-perd-0-0-contre-anvers-et-union-brugge\/#breadcrumb\",\"itemListElement\":[{\"@type\":\"ListItem\",\"position\":1,\"name\":\"Accueil\",\"item\":\"https:\/\/vieassociative.be\/actualites\/\"},{\"@type\":\"ListItem\",\"position\":2,\"name\":\"La bataille \u00e0 trois voies deviendra-t-elle un duel pour le titre? -Genk perd 0-0 contre Anvers et Union-Br\u00fcgge\"}]},{\"@type\":\"WebSite\",\"@id\":\"https:\/\/vieassociative.be\/actualites\/#website\",\"url\":\"https:\/\/vieassociative.be\/actualites\/\",\"name\":\"Vie Associative\",\"description\":\"\",\"publisher\":{\"@id\":\"https:\/\/vieassociative.be\/actualites\/#organization\"},\"potentialAction\":[{\"@type\":\"SearchAction\",\"target\":{\"@type\":\"EntryPoint\",\"urlTemplate\":\"https:\/\/vieassociative.be\/actualites\/?s={search_term_string}\"},\"query-input\":{\"@type\":\"PropertyValueSpecification\",\"valueRequired\":true,\"valueName\":\"search_term_string\"}}],\"inLanguage\":\"fr-BE\"},{\"@type\":\"Organization\",\"@id\":\"https:\/\/vieassociative.be\/actualites\/#organization\",\"name\":\"Vie Associative\",\"url\":\"https:\/\/vieassociative.be\/actualites\/\",\"logo\":{\"@type\":\"ImageObject\",\"inLanguage\":\"fr-BE\",\"@id\":\"https:\/\/vieassociative.be\/actualites\/#\/schema\/logo\/image\/\",\"url\":\"https:\/\/vieassociative.be\/actualites\/wp-content\/uploads\/2024\/09\/cropped-vieassociative_favicon.ico.png\",\"contentUrl\":\"https:\/\/vieassociative.be\/actualites\/wp-content\/uploads\/2024\/09\/cropped-vieassociative_favicon.ico.png\",\"width\":512,\"height\":512,\"caption\":\"Vie Associative\"},\"image\":{\"@id\":\"https:\/\/vieassociative.be\/actualites\/#\/schema\/logo\/image\/\"}},{\"@type\":\"Person\",\"@id\":\"https:\/\/vieassociative.be\/actualites\/#\/schema\/person\/b87ac4f82f9d4e7b7cec7395b679edc4\",\"name\":\"Julien\",\"image\":{\"@type\":\"ImageObject\",\"inLanguage\":\"fr-BE\",\"@id\":\"https:\/\/vieassociative.be\/actualites\/#\/schema\/person\/image\/\",\"url\":\"https:\/\/vieassociative.be\/actualites\/wp-content\/uploads\/2024\/09\/vie-associative-1-150x150.jpg\",\"contentUrl\":\"https:\/\/vieassociative.be\/actualites\/wp-content\/uploads\/2024\/09\/vie-associative-1-150x150.jpg\",\"caption\":\"Julien\"},\"description\":\"Je suis Julien, r\u00e9dacteur pour Vie Associative. Passionn\u00e9 par le monde associatif depuis plus de 10 ans, j'ai \u00e0 c\u0153ur de partager des histoires inspirantes et de mettre en lumi\u00e8re les initiatives locales. Mon objectif est de sensibiliser et d'encourager l'engagement communautaire \u00e0 travers mes articles.\",\"sameAs\":[\"https:\/\/vieassociative.be\/\"]}]}<\/script>\n<!-- \/ Yoast SEO plugin. -->","yoast_head_json":{"title":"La bataille \u00e0 trois voies deviendra-t-elle un duel pour le titre? -Genk perd 0-0 contre Anvers et Union-Br\u00fcgge | Vie Associative","robots":{"index":"index","follow":"follow","max-snippet":"max-snippet:-1","max-image-preview":"max-image-preview:large","max-video-preview":"max-video-preview:-1"},"canonical":"https:\/\/vieassociative.be\/actualites\/la-bataille-a-trois-voies-deviendra-t-elle-un-duel-pour-le-titre-genk-perd-0-0-contre-anvers-et-union-brugge\/","og_locale":"fr_FR","og_type":"article","og_title":"La bataille \u00e0 trois voies deviendra-t-elle un duel pour le titre? -Genk perd 0-0 contre Anvers et Union-Br\u00fcgge | Vie Associative","og_description":"Les champions \u00e9liminatoires se d\u00e9veloppent de plus en plus dans l&rsquo;inconv\u00e9nient du KRC Genk, qui \u00e9tait toujours un favori apr\u00e8s la phase classique du championnat.","og_url":"https:\/\/vieassociative.be\/actualites\/la-bataille-a-trois-voies-deviendra-t-elle-un-duel-pour-le-titre-genk-perd-0-0-contre-anvers-et-union-brugge\/","og_site_name":"Vie Associative","article_published_time":"2025-04-27T20:17:51+00:00","og_image":[{"width":279,"height":92,"url":"https:\/\/vieassociative.be\/actualites\/wp-content\/uploads\/2024\/09\/header_backgroundk-01-e1726694325946.png","type":"image\/png"}],"author":"Julien","twitter_card":"summary_large_image","twitter_misc":{"\u00c9crit par":"Julien","Dur\u00e9e de lecture est.":"2 minutes"},"schema":{"@context":"https:\/\/schema.org","@graph":[{"@type":"Article","@id":"https:\/\/vieassociative.be\/actualites\/la-bataille-a-trois-voies-deviendra-t-elle-un-duel-pour-le-titre-genk-perd-0-0-contre-anvers-et-union-brugge\/#article","isPartOf":{"@id":"https:\/\/vieassociative.be\/actualites\/la-bataille-a-trois-voies-deviendra-t-elle-un-duel-pour-le-titre-genk-perd-0-0-contre-anvers-et-union-brugge\/"},"author":{"name":"Julien","@id":"https:\/\/vieassociative.be\/actualites\/#\/schema\/person\/b87ac4f82f9d4e7b7cec7395b679edc4"},"headline":"La bataille \u00e0 trois voies deviendra-t-elle un duel pour le titre? -Genk perd 0-0 contre Anvers et Union-Br\u00fcgge","datePublished":"2025-04-27T20:17:51+00:00","dateModified":"2025-04-27T20:17:51+00:00","mainEntityOfPage":{"@id":"https:\/\/vieassociative.be\/actualites\/la-bataille-a-trois-voies-deviendra-t-elle-un-duel-pour-le-titre-genk-perd-0-0-contre-anvers-et-union-brugge\/"},"wordCount":400,"publisher":{"@id":"https:\/\/vieassociative.be\/actualites\/#organization"},"image":{"@id":"https:\/\/vieassociative.be\/actualites\/la-bataille-a-trois-voies-deviendra-t-elle-un-duel-pour-le-titre-genk-perd-0-0-contre-anvers-et-union-brugge\/#primaryimage"},"thumbnailUrl":"https:\/\/vieassociative.be\/actualites\/wp-content\/uploads\/2025\/04\/La-bataille-a-trois-voies-deviendra-t-elle-un-duel-pour-le.jpg","keywords":["Anvers","Bataille","contre","deviendratelle","duel","Genk","perd","pour","titre","trois","UnionBr\u00fcgge","voies"],"articleSection":["Belgique"],"inLanguage":"fr-BE"},{"@type":"WebPage","@id":"https:\/\/vieassociative.be\/actualites\/la-bataille-a-trois-voies-deviendra-t-elle-un-duel-pour-le-titre-genk-perd-0-0-contre-anvers-et-union-brugge\/","url":"https:\/\/vieassociative.be\/actualites\/la-bataille-a-trois-voies-deviendra-t-elle-un-duel-pour-le-titre-genk-perd-0-0-contre-anvers-et-union-brugge\/","name":"La bataille \u00e0 trois voies deviendra-t-elle un duel pour le titre? -Genk perd 0-0 contre Anvers et Union-Br\u00fcgge | Vie Associative","isPartOf":{"@id":"https:\/\/vieassociative.be\/actualites\/#website"},"primaryImageOfPage":{"@id":"https:\/\/vieassociative.be\/actualites\/la-bataille-a-trois-voies-deviendra-t-elle-un-duel-pour-le-titre-genk-perd-0-0-contre-anvers-et-union-brugge\/#primaryimage"},"image":{"@id":"https:\/\/vieassociative.be\/actualites\/la-bataille-a-trois-voies-deviendra-t-elle-un-duel-pour-le-titre-genk-perd-0-0-contre-anvers-et-union-brugge\/#primaryimage"},"thumbnailUrl":"https:\/\/vieassociative.be\/actualites\/wp-content\/uploads\/2025\/04\/La-bataille-a-trois-voies-deviendra-t-elle-un-duel-pour-le.jpg","datePublished":"2025-04-27T20:17:51+00:00","dateModified":"2025-04-27T20:17:51+00:00","breadcrumb":{"@id":"https:\/\/vieassociative.be\/actualites\/la-bataille-a-trois-voies-deviendra-t-elle-un-duel-pour-le-titre-genk-perd-0-0-contre-anvers-et-union-brugge\/#breadcrumb"},"inLanguage":"fr-BE","potentialAction":[{"@type":"ReadAction","target":["https:\/\/vieassociative.be\/actualites\/la-bataille-a-trois-voies-deviendra-t-elle-un-duel-pour-le-titre-genk-perd-0-0-contre-anvers-et-union-brugge\/"]}]},{"@type":"ImageObject","inLanguage":"fr-BE","@id":"https:\/\/vieassociative.be\/actualites\/la-bataille-a-trois-voies-deviendra-t-elle-un-duel-pour-le-titre-genk-perd-0-0-contre-anvers-et-union-brugge\/#primaryimage","url":"https:\/\/vieassociative.be\/actualites\/wp-content\/uploads\/2025\/04\/La-bataille-a-trois-voies-deviendra-t-elle-un-duel-pour-le.jpg","contentUrl":"https:\/\/vieassociative.be\/actualites\/wp-content\/uploads\/2025\/04\/La-bataille-a-trois-voies-deviendra-t-elle-un-duel-pour-le.jpg","width":2560,"height":1708,"caption":"La bataille \u00e0 trois voies deviendra-t-elle un duel pour le titre? -Genk perd 0-0 contre Anvers et Union-Br\u00fcgge"},{"@type":"BreadcrumbList","@id":"https:\/\/vieassociative.be\/actualites\/la-bataille-a-trois-voies-deviendra-t-elle-un-duel-pour-le-titre-genk-perd-0-0-contre-anvers-et-union-brugge\/#breadcrumb","itemListElement":[{"@type":"ListItem","position":1,"name":"Accueil","item":"https:\/\/vieassociative.be\/actualites\/"},{"@type":"ListItem","position":2,"name":"La bataille \u00e0 trois voies deviendra-t-elle un duel pour le titre? -Genk perd 0-0 contre Anvers et Union-Br\u00fcgge"}]},{"@type":"WebSite","@id":"https:\/\/vieassociative.be\/actualites\/#website","url":"https:\/\/vieassociative.be\/actualites\/","name":"Vie Associative","description":"","publisher":{"@id":"https:\/\/vieassociative.be\/actualites\/#organization"},"potentialAction":[{"@type":"SearchAction","target":{"@type":"EntryPoint","urlTemplate":"https:\/\/vieassociative.be\/actualites\/?s={search_term_string}"},"query-input":{"@type":"PropertyValueSpecification","valueRequired":true,"valueName":"search_term_string"}}],"inLanguage":"fr-BE"},{"@type":"Organization","@id":"https:\/\/vieassociative.be\/actualites\/#organization","name":"Vie Associative","url":"https:\/\/vieassociative.be\/actualites\/","logo":{"@type":"ImageObject","inLanguage":"fr-BE","@id":"https:\/\/vieassociative.be\/actualites\/#\/schema\/logo\/image\/","url":"https:\/\/vieassociative.be\/actualites\/wp-content\/uploads\/2024\/09\/cropped-vieassociative_favicon.ico.png","contentUrl":"https:\/\/vieassociative.be\/actualites\/wp-content\/uploads\/2024\/09\/cropped-vieassociative_favicon.ico.png","width":512,"height":512,"caption":"Vie Associative"},"image":{"@id":"https:\/\/vieassociative.be\/actualites\/#\/schema\/logo\/image\/"}},{"@type":"Person","@id":"https:\/\/vieassociative.be\/actualites\/#\/schema\/person\/b87ac4f82f9d4e7b7cec7395b679edc4","name":"Julien","image":{"@type":"ImageObject","inLanguage":"fr-BE","@id":"https:\/\/vieassociative.be\/actualites\/#\/schema\/person\/image\/","url":"https:\/\/vieassociative.be\/actualites\/wp-content\/uploads\/2024\/09\/vie-associative-1-150x150.jpg","contentUrl":"https:\/\/vieassociative.be\/actualites\/wp-content\/uploads\/2024\/09\/vie-associative-1-150x150.jpg","caption":"Julien"},"description":"Je suis Julien, r\u00e9dacteur pour Vie Associative. Passionn\u00e9 par le monde associatif depuis plus de 10 ans, j'ai \u00e0 c\u0153ur de partager des histoires inspirantes et de mettre en lumi\u00e8re les initiatives locales. Mon objectif est de sensibiliser et d'encourager l'engagement communautaire \u00e0 travers mes articles.","sameAs":["https:\/\/vieassociative.be\/"]}]}},"_links":{"self":[{"href":"https:\/\/vieassociative.be\/actualites\/wp-json\/wp\/v2\/posts\/7084"}],"collection":[{"href":"https:\/\/vieassociative.be\/actualites\/wp-json\/wp\/v2\/posts"}],"about":[{"href":"https:\/\/vieassociative.be\/actualites\/wp-json\/wp\/v2\/types\/post"}],"author":[{"embeddable":true,"href":"https:\/\/vieassociative.be\/actualites\/wp-json\/wp\/v2\/users\/1"}],"replies":[{"embeddable":true,"href":"https:\/\/vieassociative.be\/actualites\/wp-json\/wp\/v2\/comments?post=7084"}],"version-history":[{"count":0,"href":"https:\/\/vieassociative.be\/actualites\/wp-json\/wp\/v2\/posts\/7084\/revisions"}],"wp:featuredmedia":[{"embeddable":true,"href":"https:\/\/vieassociative.be\/actualites\/wp-json\/wp\/v2\/media\/7085"}],"wp:attachment":[{"href":"https:\/\/vieassociative.be\/actualites\/wp-json\/wp\/v2\/media?parent=7084"}],"wp:term":[{"taxonomy":"category","embeddable":true,"href":"https:\/\/vieassociative.be\/actualites\/wp-json\/wp\/v2\/categories?post=7084"},{"taxonomy":"post_tag","embeddable":true,"href":"https:\/\/vieassociative.be\/actualites\/wp-json\/wp\/v2\/tags?post=7084"}],"curies":[{"name":"wp","href":"https:\/\/api.w.org\/{rel}","templated":true}]}}