{"id":7078,"date":"2025-04-27T16:17:29","date_gmt":"2025-04-27T14:17:29","guid":{"rendered":"https:\/\/vieassociative.be\/actualites\/tumulte-a-la-finale-rudiger-klat-a-barcas-cupaltriumph\/"},"modified":"2025-04-27T16:17:29","modified_gmt":"2025-04-27T14:17:29","slug":"tumulte-a-la-finale-rudiger-klat-a-barcas-cupaltriumph","status":"publish","type":"post","link":"https:\/\/vieassociative.be\/actualites\/tumulte-a-la-finale-rudiger-klat-a-barcas-cupaltriumph\/","title":{"rendered":"Tumulte \u00e0 la finale: R\u00fcdiger-Klat \u00e0 Bar\u00e7as Cupaltriumph"},"content":{"rendered":"<p><strong>Lors d&rsquo;une nuit sauvage de S\u00e9ville, le Hansi Flicks FC Barcelone remporte la finale du troph\u00e9e contre le Real Madrid. En fin de compte, un panique d&rsquo;Antonio R\u00fcdiger provoque une excitation.<\/strong><\/p>\n<p><span id=\"more-414292\"><\/span>Antonio R\u00fcdiger a br\u00fbl\u00e9 les fusibles en col\u00e8re contre la chance du titre d&rsquo;\u00e9clatement. Le d\u00e9fenseur du Real Madrid faisait \u00e0 peine fait rage devant la banque de remplacement d&rsquo;un superviseur lorsqu&rsquo;il a laiss\u00e9 ses ennuis \u00e9crasants sur l&rsquo;arbitre qui se d\u00e9roule dans la d\u00e9faite finale de la Coupe contre le FC Barcelone. R\u00fcdiger avait lanc\u00e9 un objet, probablement plusieurs gla\u00e7ons, a not\u00e9 l&rsquo;arbitre pr\u00e9c\u00e9demment controvers\u00e9 dans son rapport.<\/p>\n<div id=\"attachment_414294\" class=\"wp-caption alignleft\" style=\"max-width: 300px\"><img fetchpriority=\"high\" decoding=\"async\" class=\"wp-image-414294 size-medium\" src=\"https:\/\/vieassociative.be\/actualites\/wp-content\/uploads\/2025\/04\/Tumulte-a-la-finale-Rudiger-Klat-a-Barcas-Cupaltriumph.jpg\" alt=\"\" width=\"300\" height=\"200\"><\/p>\n<p class=\"wp-caption-text\">26\/04\/2025, Espagne, S\u00e9ville: L&rsquo;entra\u00eeneur-chef du Real Madrid, Carlo Ancelotti (M), a discut\u00e9 avec l&rsquo;arbitre Ricardo de Burgos Bengoetxea. Photo: Jose Breton \/ AP \/ DPA<\/p>\n<\/div>\n<p>L&rsquo;international allemand en col\u00e8re a vu le carton rouge, quelques instants plus tard, le 2: 3 (2: 2, 0: 1) a \u00e9t\u00e9 scell\u00e9 contre le rival \u00e9ternel de Barcelone. Apr\u00e8s la fin de l&rsquo;arsenal en Ligue des champions et la faillite dans la supercup contre le Bar\u00e7a a \u00e9t\u00e9 le prochain espoir d&rsquo;un troph\u00e9e pour le Royal.<\/p>\n<p>Le lendemain du lendemain, R\u00fcdiger a montr\u00e9 des remords tardifs. \u00ab\u00a0Il n&rsquo;y a aucune excuse pour mon comportement hier soir. Je suis vraiment d\u00e9sol\u00e9\u00a0\u00bb, a \u00e9crit l&rsquo;homme de 32 ans sur les r\u00e9seaux sociaux. Il a demand\u00e9 \u00e0 l&rsquo;arbitre et \u00e0 tous ceux qu&rsquo;il avait d\u00e9\u00e7us. R\u00fcdiger doit maintenant craindre une longue serrure.<\/p>\n<p>L&rsquo;entra\u00eeneur Carlo Ancelotti a \u00e9galement quitt\u00e9 l&rsquo;ar\u00e8ne avec un visage gris, son avenir chez Real est plus incertain que jamais malgr\u00e9 un contrat jusqu&rsquo;en 2026. Selon les reportages des m\u00e9dias, il pourrait bient\u00f4t \u00eatre annonc\u00e9 comme un nouvel entra\u00eeneur national au Br\u00e9sil. \u00ab\u00a0Je peux continuer ou m&rsquo;arr\u00eater. Cela d\u00e9cidera au cours des prochaines semaines\u00a0\u00bb, a d\u00e9clar\u00e9 l&rsquo;italien, dont le successeur est consid\u00e9r\u00e9 comme un favori de haut niveau depuis des mois. (DPA)<\/p>\n","protected":false},"excerpt":{"rendered":"<p>Lors d&rsquo;une nuit sauvage de S\u00e9ville, le Hansi Flicks FC Barcelone remporte la finale du troph\u00e9e contre le Real Madrid. En fin de compte, un<\/p>\n","protected":false},"author":1,"featured_media":7079,"comment_status":"","ping_status":"","sticky":false,"template":"","format":"standard","meta":{"footnotes":""},"categories":[298],"tags":[6654,6655,879,6653,6652],"class_list":["post-7078","post","type-post","status-publish","format-standard","has-post-thumbnail","hentry","category-belgique","tag-barcas","tag-cupaltriumph","tag-finale","tag-rudigerklat","tag-tumulte","generate-columns","tablet-grid-50","mobile-grid-100","grid-parent","grid-33"],"yoast_head":"<!-- This site is optimized with the Yoast SEO plugin v24.0 - https:\/\/yoast.com\/wordpress\/plugins\/seo\/ -->\n<title>Tumulte \u00e0 la finale: R\u00fcdiger-Klat \u00e0 Bar\u00e7as Cupaltriumph | Vie Associative<\/title>\n<meta name=\"robots\" content=\"index, follow, max-snippet:-1, max-image-preview:large, max-video-preview:-1\" \/>\n<link rel=\"canonical\" href=\"https:\/\/vieassociative.be\/actualites\/tumulte-a-la-finale-rudiger-klat-a-barcas-cupaltriumph\/\" \/>\n<meta property=\"og:locale\" content=\"fr_FR\" \/>\n<meta property=\"og:type\" content=\"article\" \/>\n<meta property=\"og:title\" content=\"Tumulte \u00e0 la finale: R\u00fcdiger-Klat \u00e0 Bar\u00e7as Cupaltriumph | Vie Associative\" \/>\n<meta property=\"og:description\" content=\"Lors d&rsquo;une nuit sauvage de S\u00e9ville, le Hansi Flicks FC Barcelone remporte la finale du troph\u00e9e contre le Real Madrid. En fin de compte, un\" \/>\n<meta property=\"og:url\" content=\"https:\/\/vieassociative.be\/actualites\/tumulte-a-la-finale-rudiger-klat-a-barcas-cupaltriumph\/\" \/>\n<meta property=\"og:site_name\" content=\"Vie Associative\" \/>\n<meta property=\"article:published_time\" content=\"2025-04-27T14:17:29+00:00\" \/>\n<meta property=\"og:image\" content=\"https:\/\/vieassociative.be\/actualites\/wp-content\/uploads\/2024\/09\/header_backgroundk-01-e1726694325946.png\" \/>\n\t<meta property=\"og:image:width\" content=\"279\" \/>\n\t<meta property=\"og:image:height\" content=\"92\" \/>\n\t<meta property=\"og:image:type\" content=\"image\/png\" \/>\n<meta name=\"author\" content=\"Julien\" \/>\n<meta name=\"twitter:card\" content=\"summary_large_image\" \/>\n<meta name=\"twitter:label1\" content=\"\u00c9crit par\" \/>\n\t<meta name=\"twitter:data1\" content=\"Julien\" \/>\n\t<meta name=\"twitter:label2\" content=\"Dur\u00e9e de lecture est.\" \/>\n\t<meta name=\"twitter:data2\" content=\"2 minutes\" \/>\n<script type=\"application\/ld+json\" class=\"yoast-schema-graph\">{\"@context\":\"https:\/\/schema.org\",\"@graph\":[{\"@type\":\"Article\",\"@id\":\"https:\/\/vieassociative.be\/actualites\/tumulte-a-la-finale-rudiger-klat-a-barcas-cupaltriumph\/#article\",\"isPartOf\":{\"@id\":\"https:\/\/vieassociative.be\/actualites\/tumulte-a-la-finale-rudiger-klat-a-barcas-cupaltriumph\/\"},\"author\":{\"name\":\"Julien\",\"@id\":\"https:\/\/vieassociative.be\/actualites\/#\/schema\/person\/b87ac4f82f9d4e7b7cec7395b679edc4\"},\"headline\":\"Tumulte \u00e0 la finale: R\u00fcdiger-Klat \u00e0 Bar\u00e7as Cupaltriumph\",\"datePublished\":\"2025-04-27T14:17:29+00:00\",\"dateModified\":\"2025-04-27T14:17:29+00:00\",\"mainEntityOfPage\":{\"@id\":\"https:\/\/vieassociative.be\/actualites\/tumulte-a-la-finale-rudiger-klat-a-barcas-cupaltriumph\/\"},\"wordCount\":356,\"publisher\":{\"@id\":\"https:\/\/vieassociative.be\/actualites\/#organization\"},\"image\":{\"@id\":\"https:\/\/vieassociative.be\/actualites\/tumulte-a-la-finale-rudiger-klat-a-barcas-cupaltriumph\/#primaryimage\"},\"thumbnailUrl\":\"https:\/\/vieassociative.be\/actualites\/wp-content\/uploads\/2025\/04\/1745763449_Tumulte-a-la-finale-Rudiger-Klat-a-Barcas-Cupaltriumph.jpg\",\"keywords\":[\"Bar\u00e7as\",\"Cupaltriumph\",\"finale\",\"R\u00fcdigerKlat\",\"Tumulte\"],\"articleSection\":[\"Belgique\"],\"inLanguage\":\"fr-BE\"},{\"@type\":\"WebPage\",\"@id\":\"https:\/\/vieassociative.be\/actualites\/tumulte-a-la-finale-rudiger-klat-a-barcas-cupaltriumph\/\",\"url\":\"https:\/\/vieassociative.be\/actualites\/tumulte-a-la-finale-rudiger-klat-a-barcas-cupaltriumph\/\",\"name\":\"Tumulte \u00e0 la finale: R\u00fcdiger-Klat \u00e0 Bar\u00e7as Cupaltriumph | Vie Associative\",\"isPartOf\":{\"@id\":\"https:\/\/vieassociative.be\/actualites\/#website\"},\"primaryImageOfPage\":{\"@id\":\"https:\/\/vieassociative.be\/actualites\/tumulte-a-la-finale-rudiger-klat-a-barcas-cupaltriumph\/#primaryimage\"},\"image\":{\"@id\":\"https:\/\/vieassociative.be\/actualites\/tumulte-a-la-finale-rudiger-klat-a-barcas-cupaltriumph\/#primaryimage\"},\"thumbnailUrl\":\"https:\/\/vieassociative.be\/actualites\/wp-content\/uploads\/2025\/04\/1745763449_Tumulte-a-la-finale-Rudiger-Klat-a-Barcas-Cupaltriumph.jpg\",\"datePublished\":\"2025-04-27T14:17:29+00:00\",\"dateModified\":\"2025-04-27T14:17:29+00:00\",\"breadcrumb\":{\"@id\":\"https:\/\/vieassociative.be\/actualites\/tumulte-a-la-finale-rudiger-klat-a-barcas-cupaltriumph\/#breadcrumb\"},\"inLanguage\":\"fr-BE\",\"potentialAction\":[{\"@type\":\"ReadAction\",\"target\":[\"https:\/\/vieassociative.be\/actualites\/tumulte-a-la-finale-rudiger-klat-a-barcas-cupaltriumph\/\"]}]},{\"@type\":\"ImageObject\",\"inLanguage\":\"fr-BE\",\"@id\":\"https:\/\/vieassociative.be\/actualites\/tumulte-a-la-finale-rudiger-klat-a-barcas-cupaltriumph\/#primaryimage\",\"url\":\"https:\/\/vieassociative.be\/actualites\/wp-content\/uploads\/2025\/04\/1745763449_Tumulte-a-la-finale-Rudiger-Klat-a-Barcas-Cupaltriumph.jpg\",\"contentUrl\":\"https:\/\/vieassociative.be\/actualites\/wp-content\/uploads\/2025\/04\/1745763449_Tumulte-a-la-finale-Rudiger-Klat-a-Barcas-Cupaltriumph.jpg\",\"width\":1200,\"height\":800,\"caption\":\"Tumulte \u00e0 la finale: R\u00fcdiger-Klat \u00e0 Bar\u00e7as Cupaltriumph\"},{\"@type\":\"BreadcrumbList\",\"@id\":\"https:\/\/vieassociative.be\/actualites\/tumulte-a-la-finale-rudiger-klat-a-barcas-cupaltriumph\/#breadcrumb\",\"itemListElement\":[{\"@type\":\"ListItem\",\"position\":1,\"name\":\"Accueil\",\"item\":\"https:\/\/vieassociative.be\/actualites\/\"},{\"@type\":\"ListItem\",\"position\":2,\"name\":\"Tumulte \u00e0 la finale: R\u00fcdiger-Klat \u00e0 Bar\u00e7as Cupaltriumph\"}]},{\"@type\":\"WebSite\",\"@id\":\"https:\/\/vieassociative.be\/actualites\/#website\",\"url\":\"https:\/\/vieassociative.be\/actualites\/\",\"name\":\"Vie Associative\",\"description\":\"\",\"publisher\":{\"@id\":\"https:\/\/vieassociative.be\/actualites\/#organization\"},\"potentialAction\":[{\"@type\":\"SearchAction\",\"target\":{\"@type\":\"EntryPoint\",\"urlTemplate\":\"https:\/\/vieassociative.be\/actualites\/?s={search_term_string}\"},\"query-input\":{\"@type\":\"PropertyValueSpecification\",\"valueRequired\":true,\"valueName\":\"search_term_string\"}}],\"inLanguage\":\"fr-BE\"},{\"@type\":\"Organization\",\"@id\":\"https:\/\/vieassociative.be\/actualites\/#organization\",\"name\":\"Vie Associative\",\"url\":\"https:\/\/vieassociative.be\/actualites\/\",\"logo\":{\"@type\":\"ImageObject\",\"inLanguage\":\"fr-BE\",\"@id\":\"https:\/\/vieassociative.be\/actualites\/#\/schema\/logo\/image\/\",\"url\":\"https:\/\/vieassociative.be\/actualites\/wp-content\/uploads\/2024\/09\/cropped-vieassociative_favicon.ico.png\",\"contentUrl\":\"https:\/\/vieassociative.be\/actualites\/wp-content\/uploads\/2024\/09\/cropped-vieassociative_favicon.ico.png\",\"width\":512,\"height\":512,\"caption\":\"Vie Associative\"},\"image\":{\"@id\":\"https:\/\/vieassociative.be\/actualites\/#\/schema\/logo\/image\/\"}},{\"@type\":\"Person\",\"@id\":\"https:\/\/vieassociative.be\/actualites\/#\/schema\/person\/b87ac4f82f9d4e7b7cec7395b679edc4\",\"name\":\"Julien\",\"image\":{\"@type\":\"ImageObject\",\"inLanguage\":\"fr-BE\",\"@id\":\"https:\/\/vieassociative.be\/actualites\/#\/schema\/person\/image\/\",\"url\":\"https:\/\/vieassociative.be\/actualites\/wp-content\/uploads\/2024\/09\/vie-associative-1-150x150.jpg\",\"contentUrl\":\"https:\/\/vieassociative.be\/actualites\/wp-content\/uploads\/2024\/09\/vie-associative-1-150x150.jpg\",\"caption\":\"Julien\"},\"description\":\"Je suis Julien, r\u00e9dacteur pour Vie Associative. Passionn\u00e9 par le monde associatif depuis plus de 10 ans, j'ai \u00e0 c\u0153ur de partager des histoires inspirantes et de mettre en lumi\u00e8re les initiatives locales. Mon objectif est de sensibiliser et d'encourager l'engagement communautaire \u00e0 travers mes articles.\",\"sameAs\":[\"https:\/\/vieassociative.be\/\"]}]}<\/script>\n<!-- \/ Yoast SEO plugin. -->","yoast_head_json":{"title":"Tumulte \u00e0 la finale: R\u00fcdiger-Klat \u00e0 Bar\u00e7as Cupaltriumph | Vie Associative","robots":{"index":"index","follow":"follow","max-snippet":"max-snippet:-1","max-image-preview":"max-image-preview:large","max-video-preview":"max-video-preview:-1"},"canonical":"https:\/\/vieassociative.be\/actualites\/tumulte-a-la-finale-rudiger-klat-a-barcas-cupaltriumph\/","og_locale":"fr_FR","og_type":"article","og_title":"Tumulte \u00e0 la finale: R\u00fcdiger-Klat \u00e0 Bar\u00e7as Cupaltriumph | Vie Associative","og_description":"Lors d&rsquo;une nuit sauvage de S\u00e9ville, le Hansi Flicks FC Barcelone remporte la finale du troph\u00e9e contre le Real Madrid. En fin de compte, un","og_url":"https:\/\/vieassociative.be\/actualites\/tumulte-a-la-finale-rudiger-klat-a-barcas-cupaltriumph\/","og_site_name":"Vie Associative","article_published_time":"2025-04-27T14:17:29+00:00","og_image":[{"width":279,"height":92,"url":"https:\/\/vieassociative.be\/actualites\/wp-content\/uploads\/2024\/09\/header_backgroundk-01-e1726694325946.png","type":"image\/png"}],"author":"Julien","twitter_card":"summary_large_image","twitter_misc":{"\u00c9crit par":"Julien","Dur\u00e9e de lecture est.":"2 minutes"},"schema":{"@context":"https:\/\/schema.org","@graph":[{"@type":"Article","@id":"https:\/\/vieassociative.be\/actualites\/tumulte-a-la-finale-rudiger-klat-a-barcas-cupaltriumph\/#article","isPartOf":{"@id":"https:\/\/vieassociative.be\/actualites\/tumulte-a-la-finale-rudiger-klat-a-barcas-cupaltriumph\/"},"author":{"name":"Julien","@id":"https:\/\/vieassociative.be\/actualites\/#\/schema\/person\/b87ac4f82f9d4e7b7cec7395b679edc4"},"headline":"Tumulte \u00e0 la finale: R\u00fcdiger-Klat \u00e0 Bar\u00e7as Cupaltriumph","datePublished":"2025-04-27T14:17:29+00:00","dateModified":"2025-04-27T14:17:29+00:00","mainEntityOfPage":{"@id":"https:\/\/vieassociative.be\/actualites\/tumulte-a-la-finale-rudiger-klat-a-barcas-cupaltriumph\/"},"wordCount":356,"publisher":{"@id":"https:\/\/vieassociative.be\/actualites\/#organization"},"image":{"@id":"https:\/\/vieassociative.be\/actualites\/tumulte-a-la-finale-rudiger-klat-a-barcas-cupaltriumph\/#primaryimage"},"thumbnailUrl":"https:\/\/vieassociative.be\/actualites\/wp-content\/uploads\/2025\/04\/1745763449_Tumulte-a-la-finale-Rudiger-Klat-a-Barcas-Cupaltriumph.jpg","keywords":["Bar\u00e7as","Cupaltriumph","finale","R\u00fcdigerKlat","Tumulte"],"articleSection":["Belgique"],"inLanguage":"fr-BE"},{"@type":"WebPage","@id":"https:\/\/vieassociative.be\/actualites\/tumulte-a-la-finale-rudiger-klat-a-barcas-cupaltriumph\/","url":"https:\/\/vieassociative.be\/actualites\/tumulte-a-la-finale-rudiger-klat-a-barcas-cupaltriumph\/","name":"Tumulte \u00e0 la finale: R\u00fcdiger-Klat \u00e0 Bar\u00e7as Cupaltriumph | Vie Associative","isPartOf":{"@id":"https:\/\/vieassociative.be\/actualites\/#website"},"primaryImageOfPage":{"@id":"https:\/\/vieassociative.be\/actualites\/tumulte-a-la-finale-rudiger-klat-a-barcas-cupaltriumph\/#primaryimage"},"image":{"@id":"https:\/\/vieassociative.be\/actualites\/tumulte-a-la-finale-rudiger-klat-a-barcas-cupaltriumph\/#primaryimage"},"thumbnailUrl":"https:\/\/vieassociative.be\/actualites\/wp-content\/uploads\/2025\/04\/1745763449_Tumulte-a-la-finale-Rudiger-Klat-a-Barcas-Cupaltriumph.jpg","datePublished":"2025-04-27T14:17:29+00:00","dateModified":"2025-04-27T14:17:29+00:00","breadcrumb":{"@id":"https:\/\/vieassociative.be\/actualites\/tumulte-a-la-finale-rudiger-klat-a-barcas-cupaltriumph\/#breadcrumb"},"inLanguage":"fr-BE","potentialAction":[{"@type":"ReadAction","target":["https:\/\/vieassociative.be\/actualites\/tumulte-a-la-finale-rudiger-klat-a-barcas-cupaltriumph\/"]}]},{"@type":"ImageObject","inLanguage":"fr-BE","@id":"https:\/\/vieassociative.be\/actualites\/tumulte-a-la-finale-rudiger-klat-a-barcas-cupaltriumph\/#primaryimage","url":"https:\/\/vieassociative.be\/actualites\/wp-content\/uploads\/2025\/04\/1745763449_Tumulte-a-la-finale-Rudiger-Klat-a-Barcas-Cupaltriumph.jpg","contentUrl":"https:\/\/vieassociative.be\/actualites\/wp-content\/uploads\/2025\/04\/1745763449_Tumulte-a-la-finale-Rudiger-Klat-a-Barcas-Cupaltriumph.jpg","width":1200,"height":800,"caption":"Tumulte \u00e0 la finale: R\u00fcdiger-Klat \u00e0 Bar\u00e7as Cupaltriumph"},{"@type":"BreadcrumbList","@id":"https:\/\/vieassociative.be\/actualites\/tumulte-a-la-finale-rudiger-klat-a-barcas-cupaltriumph\/#breadcrumb","itemListElement":[{"@type":"ListItem","position":1,"name":"Accueil","item":"https:\/\/vieassociative.be\/actualites\/"},{"@type":"ListItem","position":2,"name":"Tumulte \u00e0 la finale: R\u00fcdiger-Klat \u00e0 Bar\u00e7as Cupaltriumph"}]},{"@type":"WebSite","@id":"https:\/\/vieassociative.be\/actualites\/#website","url":"https:\/\/vieassociative.be\/actualites\/","name":"Vie Associative","description":"","publisher":{"@id":"https:\/\/vieassociative.be\/actualites\/#organization"},"potentialAction":[{"@type":"SearchAction","target":{"@type":"EntryPoint","urlTemplate":"https:\/\/vieassociative.be\/actualites\/?s={search_term_string}"},"query-input":{"@type":"PropertyValueSpecification","valueRequired":true,"valueName":"search_term_string"}}],"inLanguage":"fr-BE"},{"@type":"Organization","@id":"https:\/\/vieassociative.be\/actualites\/#organization","name":"Vie Associative","url":"https:\/\/vieassociative.be\/actualites\/","logo":{"@type":"ImageObject","inLanguage":"fr-BE","@id":"https:\/\/vieassociative.be\/actualites\/#\/schema\/logo\/image\/","url":"https:\/\/vieassociative.be\/actualites\/wp-content\/uploads\/2024\/09\/cropped-vieassociative_favicon.ico.png","contentUrl":"https:\/\/vieassociative.be\/actualites\/wp-content\/uploads\/2024\/09\/cropped-vieassociative_favicon.ico.png","width":512,"height":512,"caption":"Vie Associative"},"image":{"@id":"https:\/\/vieassociative.be\/actualites\/#\/schema\/logo\/image\/"}},{"@type":"Person","@id":"https:\/\/vieassociative.be\/actualites\/#\/schema\/person\/b87ac4f82f9d4e7b7cec7395b679edc4","name":"Julien","image":{"@type":"ImageObject","inLanguage":"fr-BE","@id":"https:\/\/vieassociative.be\/actualites\/#\/schema\/person\/image\/","url":"https:\/\/vieassociative.be\/actualites\/wp-content\/uploads\/2024\/09\/vie-associative-1-150x150.jpg","contentUrl":"https:\/\/vieassociative.be\/actualites\/wp-content\/uploads\/2024\/09\/vie-associative-1-150x150.jpg","caption":"Julien"},"description":"Je suis Julien, r\u00e9dacteur pour Vie Associative. Passionn\u00e9 par le monde associatif depuis plus de 10 ans, j'ai \u00e0 c\u0153ur de partager des histoires inspirantes et de mettre en lumi\u00e8re les initiatives locales. Mon objectif est de sensibiliser et d'encourager l'engagement communautaire \u00e0 travers mes articles.","sameAs":["https:\/\/vieassociative.be\/"]}]}},"_links":{"self":[{"href":"https:\/\/vieassociative.be\/actualites\/wp-json\/wp\/v2\/posts\/7078"}],"collection":[{"href":"https:\/\/vieassociative.be\/actualites\/wp-json\/wp\/v2\/posts"}],"about":[{"href":"https:\/\/vieassociative.be\/actualites\/wp-json\/wp\/v2\/types\/post"}],"author":[{"embeddable":true,"href":"https:\/\/vieassociative.be\/actualites\/wp-json\/wp\/v2\/users\/1"}],"replies":[{"embeddable":true,"href":"https:\/\/vieassociative.be\/actualites\/wp-json\/wp\/v2\/comments?post=7078"}],"version-history":[{"count":0,"href":"https:\/\/vieassociative.be\/actualites\/wp-json\/wp\/v2\/posts\/7078\/revisions"}],"wp:featuredmedia":[{"embeddable":true,"href":"https:\/\/vieassociative.be\/actualites\/wp-json\/wp\/v2\/media\/7079"}],"wp:attachment":[{"href":"https:\/\/vieassociative.be\/actualites\/wp-json\/wp\/v2\/media?parent=7078"}],"wp:term":[{"taxonomy":"category","embeddable":true,"href":"https:\/\/vieassociative.be\/actualites\/wp-json\/wp\/v2\/categories?post=7078"},{"taxonomy":"post_tag","embeddable":true,"href":"https:\/\/vieassociative.be\/actualites\/wp-json\/wp\/v2\/tags?post=7078"}],"curies":[{"name":"wp","href":"https:\/\/api.w.org\/{rel}","templated":true}]}}