{"id":7070,"date":"2025-04-27T10:17:49","date_gmt":"2025-04-27T08:17:49","guid":{"rendered":"https:\/\/vieassociative.be\/actualites\/la-voiture-se-deroule-dans-une-foule-plusieurs-deces-a-vancouver\/"},"modified":"2025-04-27T10:17:49","modified_gmt":"2025-04-27T08:17:49","slug":"la-voiture-se-deroule-dans-une-foule-plusieurs-deces-a-vancouver","status":"publish","type":"post","link":"https:\/\/vieassociative.be\/actualites\/la-voiture-se-deroule-dans-une-foule-plusieurs-deces-a-vancouver\/","title":{"rendered":"La voiture se d\u00e9roule dans une foule &#8211; plusieurs d\u00e9c\u00e8s \u00e0 Vancouver"},"content":{"rendered":"<p><strong>\u00c0 Vancouver, un homme se rend dans une foule avec une voiture. Le rapport de police sur plusieurs victimes. Combien ont \u00e9t\u00e9 tu\u00e9s n&rsquo;est pas encore connu.<\/strong><\/p>\n<p><span id=\"more-414261\"><\/span>Lors d&rsquo;un festival de rue philippin \u00e0 Vancouver, un homme a conduit dans une foule avec sa voiture et a tu\u00e9 plusieurs personnes. Cela a \u00e9t\u00e9 rapport\u00e9 par la police sur la plate-forme X. Plusieurs autres personnes ont \u00e9t\u00e9 bless\u00e9es samedi soir (heure locale). Le conducteur est en d\u00e9tention.<\/p>\n<p>Il n&rsquo;y avait initialement aucune autre information sur l&rsquo;incident ou sur les ant\u00e9c\u00e9dents possibles. Les \u00e9lections l\u00e9gislatives auront lieu lundi au Canada.<\/p>\n<p>Le festival est le soi-disant festival Lapu Lapu, qui est consid\u00e9r\u00e9 comme une grande f\u00eate philippine et se d\u00e9roule chaque ann\u00e9e. Lapu Lapu est un h\u00e9ros national philippin. En 1521, il emp\u00eacha la colonisation de l&rsquo;archipel. Le 27 avril dans la province canadienne de la Colombie-Britannique est officiellement le jour du Lapu-Lapu depuis 2023.<\/p>\n<div id=\"attachment_414265\" class=\"wp-caption alignleft\" style=\"max-width: 300px\"><img fetchpriority=\"high\" decoding=\"async\" class=\"wp-image-414265 size-medium\" src=\"https:\/\/vieassociative.be\/actualites\/wp-content\/uploads\/2025\/04\/La-voiture-se-deroule-dans-une-foule-plusieurs-deces.jpg\" alt=\"\" width=\"300\" height=\"200\"><\/p>\n<p class=\"wp-caption-text\">26\/04\/2025, Canada, Vancouver: La police de Vancouver a examin\u00e9 une voiture noire soup\u00e7onn\u00e9e d&rsquo;\u00eatre impliqu\u00e9e dans l&rsquo;incident apr\u00e8s qu&rsquo;un v\u00e9hicule ait conduit dans une foule au festival Lapu Lapu. Photo: Rich Lam \/ The Canadian Press \/ AP \/ DPA<\/p>\n<\/div>\n<p>Eyewitness a pr\u00e9c\u00e9demment rendu compte du Happy Street Festival avec des milliers de visiteurs. Apr\u00e8s un concert, de nombreuses personnes \u00e9taient toujours dans la rue lorsqu&rsquo;une voiture s&rsquo;est soudainement conduite dans une zone destin\u00e9e aux pi\u00e9tons, a rapport\u00e9 le \u00ab\u00a0Vancouver Sun\u00a0\u00bb.<\/p>\n<p>Une station de radio a rapport\u00e9, citant un t\u00e9moin oculaire, des cris ont soudainement \u00e9t\u00e9 entendus lorsqu&rsquo;un v\u00e9hicule hors route a travers\u00e9 la foule et a frapp\u00e9 plus d&rsquo;une douzaine de personnes. Le conducteur aurait tent\u00e9 de fuir \u00e0 pied. Cependant, il a \u00e9t\u00e9 tenu par plusieurs personnes.<\/p>\n<p>Une voiture noire avec un front endommag\u00e9 a pu \u00eatre vue sur des photos que les policiers examinent. Le maire de Vancouver, Ken Sim, a \u00e9crit sur X, il a \u00e9t\u00e9 choqu\u00e9 et triste de l&rsquo;incident. \u00ab\u00a0Nos pens\u00e9es sont \u00e0 Vancouver en cette p\u00e9riode incroyablement difficile pour toutes les personnes touch\u00e9es et la communaut\u00e9 philippine.\u00a0\u00bb<\/p>\n<p>Les politiciens locaux ont d\u00e9clar\u00e9 \u00e0 la station de t\u00e9l\u00e9vision de CityNew \u00e0 Vancouver qu&rsquo;il n&rsquo;y avait jamais eu d&rsquo;incident similaire dans la ville. Environ 700 000 personnes vivent dans la ville sur la c\u00f4te ouest du Canada. (DPA)<\/p>\n","protected":false},"excerpt":{"rendered":"<p>\u00c0 Vancouver, un homme se rend dans une foule avec une voiture. Le rapport de police sur plusieurs victimes. Combien ont \u00e9t\u00e9 tu\u00e9s n&rsquo;est pas<\/p>\n","protected":false},"author":1,"featured_media":7071,"comment_status":"","ping_status":"","sticky":false,"template":"","format":"standard","meta":{"footnotes":""},"categories":[298],"tags":[166,1812,5657,4428,3320,110,6650,1229],"class_list":["post-7070","post","type-post","status-publish","format-standard","has-post-thumbnail","hentry","category-belgique","tag-dans","tag-deces","tag-deroule","tag-foule","tag-plusieurs","tag-une","tag-vancouver","tag-voiture","generate-columns","tablet-grid-50","mobile-grid-100","grid-parent","grid-33"],"yoast_head":"<!-- This site is optimized with the Yoast SEO plugin v24.0 - https:\/\/yoast.com\/wordpress\/plugins\/seo\/ -->\n<title>La voiture se d\u00e9roule dans une foule - plusieurs d\u00e9c\u00e8s \u00e0 Vancouver | Vie Associative<\/title>\n<meta name=\"robots\" content=\"index, follow, max-snippet:-1, max-image-preview:large, max-video-preview:-1\" \/>\n<link rel=\"canonical\" href=\"https:\/\/vieassociative.be\/actualites\/la-voiture-se-deroule-dans-une-foule-plusieurs-deces-a-vancouver\/\" \/>\n<meta property=\"og:locale\" content=\"fr_FR\" \/>\n<meta property=\"og:type\" content=\"article\" \/>\n<meta property=\"og:title\" content=\"La voiture se d\u00e9roule dans une foule - plusieurs d\u00e9c\u00e8s \u00e0 Vancouver | Vie Associative\" \/>\n<meta property=\"og:description\" content=\"\u00c0 Vancouver, un homme se rend dans une foule avec une voiture. Le rapport de police sur plusieurs victimes. Combien ont \u00e9t\u00e9 tu\u00e9s n&rsquo;est pas\" \/>\n<meta property=\"og:url\" content=\"https:\/\/vieassociative.be\/actualites\/la-voiture-se-deroule-dans-une-foule-plusieurs-deces-a-vancouver\/\" \/>\n<meta property=\"og:site_name\" content=\"Vie Associative\" \/>\n<meta property=\"article:published_time\" content=\"2025-04-27T08:17:49+00:00\" \/>\n<meta property=\"og:image\" content=\"https:\/\/vieassociative.be\/actualites\/wp-content\/uploads\/2024\/09\/header_backgroundk-01-e1726694325946.png\" \/>\n\t<meta property=\"og:image:width\" content=\"279\" \/>\n\t<meta property=\"og:image:height\" content=\"92\" \/>\n\t<meta property=\"og:image:type\" content=\"image\/png\" \/>\n<meta name=\"author\" content=\"Julien\" \/>\n<meta name=\"twitter:card\" content=\"summary_large_image\" \/>\n<meta name=\"twitter:label1\" content=\"\u00c9crit par\" \/>\n\t<meta name=\"twitter:data1\" content=\"Julien\" \/>\n\t<meta name=\"twitter:label2\" content=\"Dur\u00e9e de lecture est.\" \/>\n\t<meta name=\"twitter:data2\" content=\"2 minutes\" \/>\n<script type=\"application\/ld+json\" class=\"yoast-schema-graph\">{\"@context\":\"https:\/\/schema.org\",\"@graph\":[{\"@type\":\"Article\",\"@id\":\"https:\/\/vieassociative.be\/actualites\/la-voiture-se-deroule-dans-une-foule-plusieurs-deces-a-vancouver\/#article\",\"isPartOf\":{\"@id\":\"https:\/\/vieassociative.be\/actualites\/la-voiture-se-deroule-dans-une-foule-plusieurs-deces-a-vancouver\/\"},\"author\":{\"name\":\"Julien\",\"@id\":\"https:\/\/vieassociative.be\/actualites\/#\/schema\/person\/b87ac4f82f9d4e7b7cec7395b679edc4\"},\"headline\":\"La voiture se d\u00e9roule dans une foule &#8211; plusieurs d\u00e9c\u00e8s \u00e0 Vancouver\",\"datePublished\":\"2025-04-27T08:17:49+00:00\",\"dateModified\":\"2025-04-27T08:17:49+00:00\",\"mainEntityOfPage\":{\"@id\":\"https:\/\/vieassociative.be\/actualites\/la-voiture-se-deroule-dans-une-foule-plusieurs-deces-a-vancouver\/\"},\"wordCount\":421,\"publisher\":{\"@id\":\"https:\/\/vieassociative.be\/actualites\/#organization\"},\"image\":{\"@id\":\"https:\/\/vieassociative.be\/actualites\/la-voiture-se-deroule-dans-une-foule-plusieurs-deces-a-vancouver\/#primaryimage\"},\"thumbnailUrl\":\"https:\/\/vieassociative.be\/actualites\/wp-content\/uploads\/2025\/04\/1745741869_La-voiture-se-deroule-dans-une-foule-plusieurs-deces.jpg\",\"keywords\":[\"dans\",\"d\u00e9c\u00e8s\",\"d\u00e9roule\",\"foule\",\"Plusieurs\",\"une\",\"Vancouver\",\"voiture\"],\"articleSection\":[\"Belgique\"],\"inLanguage\":\"fr-BE\"},{\"@type\":\"WebPage\",\"@id\":\"https:\/\/vieassociative.be\/actualites\/la-voiture-se-deroule-dans-une-foule-plusieurs-deces-a-vancouver\/\",\"url\":\"https:\/\/vieassociative.be\/actualites\/la-voiture-se-deroule-dans-une-foule-plusieurs-deces-a-vancouver\/\",\"name\":\"La voiture se d\u00e9roule dans une foule - plusieurs d\u00e9c\u00e8s \u00e0 Vancouver | Vie Associative\",\"isPartOf\":{\"@id\":\"https:\/\/vieassociative.be\/actualites\/#website\"},\"primaryImageOfPage\":{\"@id\":\"https:\/\/vieassociative.be\/actualites\/la-voiture-se-deroule-dans-une-foule-plusieurs-deces-a-vancouver\/#primaryimage\"},\"image\":{\"@id\":\"https:\/\/vieassociative.be\/actualites\/la-voiture-se-deroule-dans-une-foule-plusieurs-deces-a-vancouver\/#primaryimage\"},\"thumbnailUrl\":\"https:\/\/vieassociative.be\/actualites\/wp-content\/uploads\/2025\/04\/1745741869_La-voiture-se-deroule-dans-une-foule-plusieurs-deces.jpg\",\"datePublished\":\"2025-04-27T08:17:49+00:00\",\"dateModified\":\"2025-04-27T08:17:49+00:00\",\"breadcrumb\":{\"@id\":\"https:\/\/vieassociative.be\/actualites\/la-voiture-se-deroule-dans-une-foule-plusieurs-deces-a-vancouver\/#breadcrumb\"},\"inLanguage\":\"fr-BE\",\"potentialAction\":[{\"@type\":\"ReadAction\",\"target\":[\"https:\/\/vieassociative.be\/actualites\/la-voiture-se-deroule-dans-une-foule-plusieurs-deces-a-vancouver\/\"]}]},{\"@type\":\"ImageObject\",\"inLanguage\":\"fr-BE\",\"@id\":\"https:\/\/vieassociative.be\/actualites\/la-voiture-se-deroule-dans-une-foule-plusieurs-deces-a-vancouver\/#primaryimage\",\"url\":\"https:\/\/vieassociative.be\/actualites\/wp-content\/uploads\/2025\/04\/1745741869_La-voiture-se-deroule-dans-une-foule-plusieurs-deces.jpg\",\"contentUrl\":\"https:\/\/vieassociative.be\/actualites\/wp-content\/uploads\/2025\/04\/1745741869_La-voiture-se-deroule-dans-une-foule-plusieurs-deces.jpg\",\"width\":1200,\"height\":822,\"caption\":\"La voiture se d\u00e9roule dans une foule - plusieurs d\u00e9c\u00e8s \u00e0 Vancouver\"},{\"@type\":\"BreadcrumbList\",\"@id\":\"https:\/\/vieassociative.be\/actualites\/la-voiture-se-deroule-dans-une-foule-plusieurs-deces-a-vancouver\/#breadcrumb\",\"itemListElement\":[{\"@type\":\"ListItem\",\"position\":1,\"name\":\"Accueil\",\"item\":\"https:\/\/vieassociative.be\/actualites\/\"},{\"@type\":\"ListItem\",\"position\":2,\"name\":\"La voiture se d\u00e9roule dans une foule &#8211; plusieurs d\u00e9c\u00e8s \u00e0 Vancouver\"}]},{\"@type\":\"WebSite\",\"@id\":\"https:\/\/vieassociative.be\/actualites\/#website\",\"url\":\"https:\/\/vieassociative.be\/actualites\/\",\"name\":\"Vie Associative\",\"description\":\"\",\"publisher\":{\"@id\":\"https:\/\/vieassociative.be\/actualites\/#organization\"},\"potentialAction\":[{\"@type\":\"SearchAction\",\"target\":{\"@type\":\"EntryPoint\",\"urlTemplate\":\"https:\/\/vieassociative.be\/actualites\/?s={search_term_string}\"},\"query-input\":{\"@type\":\"PropertyValueSpecification\",\"valueRequired\":true,\"valueName\":\"search_term_string\"}}],\"inLanguage\":\"fr-BE\"},{\"@type\":\"Organization\",\"@id\":\"https:\/\/vieassociative.be\/actualites\/#organization\",\"name\":\"Vie Associative\",\"url\":\"https:\/\/vieassociative.be\/actualites\/\",\"logo\":{\"@type\":\"ImageObject\",\"inLanguage\":\"fr-BE\",\"@id\":\"https:\/\/vieassociative.be\/actualites\/#\/schema\/logo\/image\/\",\"url\":\"https:\/\/vieassociative.be\/actualites\/wp-content\/uploads\/2024\/09\/cropped-vieassociative_favicon.ico.png\",\"contentUrl\":\"https:\/\/vieassociative.be\/actualites\/wp-content\/uploads\/2024\/09\/cropped-vieassociative_favicon.ico.png\",\"width\":512,\"height\":512,\"caption\":\"Vie Associative\"},\"image\":{\"@id\":\"https:\/\/vieassociative.be\/actualites\/#\/schema\/logo\/image\/\"}},{\"@type\":\"Person\",\"@id\":\"https:\/\/vieassociative.be\/actualites\/#\/schema\/person\/b87ac4f82f9d4e7b7cec7395b679edc4\",\"name\":\"Julien\",\"image\":{\"@type\":\"ImageObject\",\"inLanguage\":\"fr-BE\",\"@id\":\"https:\/\/vieassociative.be\/actualites\/#\/schema\/person\/image\/\",\"url\":\"https:\/\/vieassociative.be\/actualites\/wp-content\/uploads\/2024\/09\/vie-associative-1-150x150.jpg\",\"contentUrl\":\"https:\/\/vieassociative.be\/actualites\/wp-content\/uploads\/2024\/09\/vie-associative-1-150x150.jpg\",\"caption\":\"Julien\"},\"description\":\"Je suis Julien, r\u00e9dacteur pour Vie Associative. Passionn\u00e9 par le monde associatif depuis plus de 10 ans, j'ai \u00e0 c\u0153ur de partager des histoires inspirantes et de mettre en lumi\u00e8re les initiatives locales. Mon objectif est de sensibiliser et d'encourager l'engagement communautaire \u00e0 travers mes articles.\",\"sameAs\":[\"https:\/\/vieassociative.be\/\"]}]}<\/script>\n<!-- \/ Yoast SEO plugin. -->","yoast_head_json":{"title":"La voiture se d\u00e9roule dans une foule - plusieurs d\u00e9c\u00e8s \u00e0 Vancouver | Vie Associative","robots":{"index":"index","follow":"follow","max-snippet":"max-snippet:-1","max-image-preview":"max-image-preview:large","max-video-preview":"max-video-preview:-1"},"canonical":"https:\/\/vieassociative.be\/actualites\/la-voiture-se-deroule-dans-une-foule-plusieurs-deces-a-vancouver\/","og_locale":"fr_FR","og_type":"article","og_title":"La voiture se d\u00e9roule dans une foule - plusieurs d\u00e9c\u00e8s \u00e0 Vancouver | Vie Associative","og_description":"\u00c0 Vancouver, un homme se rend dans une foule avec une voiture. Le rapport de police sur plusieurs victimes. Combien ont \u00e9t\u00e9 tu\u00e9s n&rsquo;est pas","og_url":"https:\/\/vieassociative.be\/actualites\/la-voiture-se-deroule-dans-une-foule-plusieurs-deces-a-vancouver\/","og_site_name":"Vie Associative","article_published_time":"2025-04-27T08:17:49+00:00","og_image":[{"width":279,"height":92,"url":"https:\/\/vieassociative.be\/actualites\/wp-content\/uploads\/2024\/09\/header_backgroundk-01-e1726694325946.png","type":"image\/png"}],"author":"Julien","twitter_card":"summary_large_image","twitter_misc":{"\u00c9crit par":"Julien","Dur\u00e9e de lecture est.":"2 minutes"},"schema":{"@context":"https:\/\/schema.org","@graph":[{"@type":"Article","@id":"https:\/\/vieassociative.be\/actualites\/la-voiture-se-deroule-dans-une-foule-plusieurs-deces-a-vancouver\/#article","isPartOf":{"@id":"https:\/\/vieassociative.be\/actualites\/la-voiture-se-deroule-dans-une-foule-plusieurs-deces-a-vancouver\/"},"author":{"name":"Julien","@id":"https:\/\/vieassociative.be\/actualites\/#\/schema\/person\/b87ac4f82f9d4e7b7cec7395b679edc4"},"headline":"La voiture se d\u00e9roule dans une foule &#8211; plusieurs d\u00e9c\u00e8s \u00e0 Vancouver","datePublished":"2025-04-27T08:17:49+00:00","dateModified":"2025-04-27T08:17:49+00:00","mainEntityOfPage":{"@id":"https:\/\/vieassociative.be\/actualites\/la-voiture-se-deroule-dans-une-foule-plusieurs-deces-a-vancouver\/"},"wordCount":421,"publisher":{"@id":"https:\/\/vieassociative.be\/actualites\/#organization"},"image":{"@id":"https:\/\/vieassociative.be\/actualites\/la-voiture-se-deroule-dans-une-foule-plusieurs-deces-a-vancouver\/#primaryimage"},"thumbnailUrl":"https:\/\/vieassociative.be\/actualites\/wp-content\/uploads\/2025\/04\/1745741869_La-voiture-se-deroule-dans-une-foule-plusieurs-deces.jpg","keywords":["dans","d\u00e9c\u00e8s","d\u00e9roule","foule","Plusieurs","une","Vancouver","voiture"],"articleSection":["Belgique"],"inLanguage":"fr-BE"},{"@type":"WebPage","@id":"https:\/\/vieassociative.be\/actualites\/la-voiture-se-deroule-dans-une-foule-plusieurs-deces-a-vancouver\/","url":"https:\/\/vieassociative.be\/actualites\/la-voiture-se-deroule-dans-une-foule-plusieurs-deces-a-vancouver\/","name":"La voiture se d\u00e9roule dans une foule - plusieurs d\u00e9c\u00e8s \u00e0 Vancouver | Vie Associative","isPartOf":{"@id":"https:\/\/vieassociative.be\/actualites\/#website"},"primaryImageOfPage":{"@id":"https:\/\/vieassociative.be\/actualites\/la-voiture-se-deroule-dans-une-foule-plusieurs-deces-a-vancouver\/#primaryimage"},"image":{"@id":"https:\/\/vieassociative.be\/actualites\/la-voiture-se-deroule-dans-une-foule-plusieurs-deces-a-vancouver\/#primaryimage"},"thumbnailUrl":"https:\/\/vieassociative.be\/actualites\/wp-content\/uploads\/2025\/04\/1745741869_La-voiture-se-deroule-dans-une-foule-plusieurs-deces.jpg","datePublished":"2025-04-27T08:17:49+00:00","dateModified":"2025-04-27T08:17:49+00:00","breadcrumb":{"@id":"https:\/\/vieassociative.be\/actualites\/la-voiture-se-deroule-dans-une-foule-plusieurs-deces-a-vancouver\/#breadcrumb"},"inLanguage":"fr-BE","potentialAction":[{"@type":"ReadAction","target":["https:\/\/vieassociative.be\/actualites\/la-voiture-se-deroule-dans-une-foule-plusieurs-deces-a-vancouver\/"]}]},{"@type":"ImageObject","inLanguage":"fr-BE","@id":"https:\/\/vieassociative.be\/actualites\/la-voiture-se-deroule-dans-une-foule-plusieurs-deces-a-vancouver\/#primaryimage","url":"https:\/\/vieassociative.be\/actualites\/wp-content\/uploads\/2025\/04\/1745741869_La-voiture-se-deroule-dans-une-foule-plusieurs-deces.jpg","contentUrl":"https:\/\/vieassociative.be\/actualites\/wp-content\/uploads\/2025\/04\/1745741869_La-voiture-se-deroule-dans-une-foule-plusieurs-deces.jpg","width":1200,"height":822,"caption":"La voiture se d\u00e9roule dans une foule - plusieurs d\u00e9c\u00e8s \u00e0 Vancouver"},{"@type":"BreadcrumbList","@id":"https:\/\/vieassociative.be\/actualites\/la-voiture-se-deroule-dans-une-foule-plusieurs-deces-a-vancouver\/#breadcrumb","itemListElement":[{"@type":"ListItem","position":1,"name":"Accueil","item":"https:\/\/vieassociative.be\/actualites\/"},{"@type":"ListItem","position":2,"name":"La voiture se d\u00e9roule dans une foule &#8211; plusieurs d\u00e9c\u00e8s \u00e0 Vancouver"}]},{"@type":"WebSite","@id":"https:\/\/vieassociative.be\/actualites\/#website","url":"https:\/\/vieassociative.be\/actualites\/","name":"Vie Associative","description":"","publisher":{"@id":"https:\/\/vieassociative.be\/actualites\/#organization"},"potentialAction":[{"@type":"SearchAction","target":{"@type":"EntryPoint","urlTemplate":"https:\/\/vieassociative.be\/actualites\/?s={search_term_string}"},"query-input":{"@type":"PropertyValueSpecification","valueRequired":true,"valueName":"search_term_string"}}],"inLanguage":"fr-BE"},{"@type":"Organization","@id":"https:\/\/vieassociative.be\/actualites\/#organization","name":"Vie Associative","url":"https:\/\/vieassociative.be\/actualites\/","logo":{"@type":"ImageObject","inLanguage":"fr-BE","@id":"https:\/\/vieassociative.be\/actualites\/#\/schema\/logo\/image\/","url":"https:\/\/vieassociative.be\/actualites\/wp-content\/uploads\/2024\/09\/cropped-vieassociative_favicon.ico.png","contentUrl":"https:\/\/vieassociative.be\/actualites\/wp-content\/uploads\/2024\/09\/cropped-vieassociative_favicon.ico.png","width":512,"height":512,"caption":"Vie Associative"},"image":{"@id":"https:\/\/vieassociative.be\/actualites\/#\/schema\/logo\/image\/"}},{"@type":"Person","@id":"https:\/\/vieassociative.be\/actualites\/#\/schema\/person\/b87ac4f82f9d4e7b7cec7395b679edc4","name":"Julien","image":{"@type":"ImageObject","inLanguage":"fr-BE","@id":"https:\/\/vieassociative.be\/actualites\/#\/schema\/person\/image\/","url":"https:\/\/vieassociative.be\/actualites\/wp-content\/uploads\/2024\/09\/vie-associative-1-150x150.jpg","contentUrl":"https:\/\/vieassociative.be\/actualites\/wp-content\/uploads\/2024\/09\/vie-associative-1-150x150.jpg","caption":"Julien"},"description":"Je suis Julien, r\u00e9dacteur pour Vie Associative. Passionn\u00e9 par le monde associatif depuis plus de 10 ans, j'ai \u00e0 c\u0153ur de partager des histoires inspirantes et de mettre en lumi\u00e8re les initiatives locales. Mon objectif est de sensibiliser et d'encourager l'engagement communautaire \u00e0 travers mes articles.","sameAs":["https:\/\/vieassociative.be\/"]}]}},"_links":{"self":[{"href":"https:\/\/vieassociative.be\/actualites\/wp-json\/wp\/v2\/posts\/7070"}],"collection":[{"href":"https:\/\/vieassociative.be\/actualites\/wp-json\/wp\/v2\/posts"}],"about":[{"href":"https:\/\/vieassociative.be\/actualites\/wp-json\/wp\/v2\/types\/post"}],"author":[{"embeddable":true,"href":"https:\/\/vieassociative.be\/actualites\/wp-json\/wp\/v2\/users\/1"}],"replies":[{"embeddable":true,"href":"https:\/\/vieassociative.be\/actualites\/wp-json\/wp\/v2\/comments?post=7070"}],"version-history":[{"count":0,"href":"https:\/\/vieassociative.be\/actualites\/wp-json\/wp\/v2\/posts\/7070\/revisions"}],"wp:featuredmedia":[{"embeddable":true,"href":"https:\/\/vieassociative.be\/actualites\/wp-json\/wp\/v2\/media\/7071"}],"wp:attachment":[{"href":"https:\/\/vieassociative.be\/actualites\/wp-json\/wp\/v2\/media?parent=7070"}],"wp:term":[{"taxonomy":"category","embeddable":true,"href":"https:\/\/vieassociative.be\/actualites\/wp-json\/wp\/v2\/categories?post=7070"},{"taxonomy":"post_tag","embeddable":true,"href":"https:\/\/vieassociative.be\/actualites\/wp-json\/wp\/v2\/tags?post=7070"}],"curies":[{"name":"wp","href":"https:\/\/api.w.org\/{rel}","templated":true}]}}