{"id":707,"date":"2024-10-01T01:29:36","date_gmt":"2024-09-30T23:29:36","guid":{"rendered":"https:\/\/vieassociative.be\/actualites\/pourquoi-vous-devriez-quand-meme-promener-votre-chien-par-temps-froid-et-que-faire-lorsque-vous-ne-le-pouvez-pas\/"},"modified":"2024-10-01T01:29:36","modified_gmt":"2024-09-30T23:29:36","slug":"pourquoi-vous-devriez-quand-meme-promener-votre-chien-par-temps-froid-et-que-faire-lorsque-vous-ne-le-pouvez-pas","status":"publish","type":"post","link":"https:\/\/vieassociative.be\/actualites\/pourquoi-vous-devriez-quand-meme-promener-votre-chien-par-temps-froid-et-que-faire-lorsque-vous-ne-le-pouvez-pas\/","title":{"rendered":"Pourquoi vous devriez quand m\u00eame promener votre chien par temps froid (et que faire lorsque vous ne le pouvez pas)"},"content":{"rendered":"<div class=\"mt-4 leading-6 md:mb-8\">Il fait mauvais dehors. Votre chien doit encore faire caca.<\/div>\n<p><\/p>\n<p>Les chiens sont comme les facteurs : ni la pluie, ni la neige, ni le gr\u00e9sil, ni la gr\u00eale n&#8217;emp\u00eacheront l&rsquo;animal de faire sa tourn\u00e9e. C\u2019est-\u00e0-dire que votre chien doit toujours faire de l\u2019exercice et aller aux toilettes, m\u00eame s\u2019il fait mauvais dehors. Peu importe \u00e0 quel point vous d\u00e9testez la neige, si vous voulez un animal heureux et en bonne sant\u00e9 (et une maison sans crottes), vous devez vous emmitoufler et le sortir. Voici comment promener votre chien pendant l&rsquo;hiver d&rsquo;une mani\u00e8re s\u00fbre et efficace pour vous deux. <\/p>\n<h2 id=\"why-walk-a-dog-in-winter\">Pourquoi promener son chien en hiver ?<\/h2>\n<p>Votre chien tire de nombreux avantages de marcher dehors, alors essayez de garder cela \u00e0 l&rsquo;esprit lorsque vous vous pr\u00e9parez pour un trot froid dans le quartier. Dans un climat parfait, selon la v\u00e9t\u00e9rinaire Dr Lindsay Butzer, promener votre animal pendant 20 \u00e0 30 minutes par jour est suffisant pour le garder en bonne sant\u00e9 et en forme. <\/p>\n<p>\u00ab Les chiens, tout comme nous, ont besoin de stimulation mentale et doivent sortir de la maison \u00bb, dit-elle. \u00ab\u00a0S&rsquo;ils sont gard\u00e9s \u00e0 l&rsquo;int\u00e9rieur tous les jours ou m\u00eame laiss\u00e9s dehors pendant une minute puis ramen\u00e9s \u00e0 l&rsquo;int\u00e9rieur, ils peuvent devenir fous ou d\u00e9velopper de l&rsquo;anxi\u00e9t\u00e9 (\u00e0 cause de) le fait de ne pas lib\u00e9rer d&rsquo;endorphines naturelles en faisant de l&rsquo;exercice et en voyant le monde qui les entoure.\u00a0\u00bb M\u00eame lorsqu&rsquo;il fait froid, il est important de les sortir pour leur faire faire de l&rsquo;exercice, les d\u00e9tendre, les stimuler et r\u00e9duire les comportements destructeurs comme aboyer et m\u00e2cher. <\/p>\n<h2 id=\"when-is-it-too-cold-to-walk-a-dog\">Quand fait-il trop froid pour promener un chien ?<\/h2>\n<p>Cela dit, Butzer pr\u00e9vient que toute temp\u00e9rature inf\u00e9rieure \u00e0 20 degr\u00e9s Fahrenheit peut poser des probl\u00e8mes pour vous et votre animal de compagnie, mais certaines races aux cheveux courts et au corps fragile pourraient m\u00eame \u00eatre affect\u00e9es par des temp\u00e9ratures de 45 degr\u00e9s. Une bonne r\u00e8gle \u00e0 garder \u00e0 l&rsquo;esprit est que s&rsquo;il fait trop froid pour <em>toi <\/em>pour faire une longue promenade dehors, il fait trop froid pour eux. <\/p>\n<p>S&rsquo;il fait entre 30 et 40 degr\u00e9s dehors, Butzer sugg\u00e8re de les sortir pour aller aux toilettes, mais de revenir \u00e0 l&rsquo;int\u00e9rieur quand ils ont fini. S&rsquo;il fait entre 45 et 60 degr\u00e9s, limitez votre marche \u00e0 environ 20 minutes. <\/p>\n<p>Si vous craignez qu&rsquo;il fasse trop froid pour votre chien mais que les chiffres sur le thermom\u00e8tre ne vous aident pas, utilisez vos propres sens : \u00ab Si vos globes oculaires sont froids et secs, ceux de votre animal le sont aussi \u00bb, explique Butzer. \u00ab\u00a0Le simple fait de faire preuve de bon sens dans ces situations hivernales avec vos animaux de compagnie vous aidera beaucoup.\u00a0\u00bb Dans ces cas-l\u00e0, il serait peut-\u00eatre pr\u00e9f\u00e9rable de rester \u00e0 l\u2019int\u00e9rieur jusqu\u2019\u00e0 ce qu\u2019il y ait un moment plus chaud. Nous en reparlerons plus tard.<\/p>\n<h2 id=\"tips-for-walking-a-dog-in-the-cold\">Conseils pour promener un chien par temps froid<\/h2>\n<p>Si vous pouvez promener le chien, vous devriez le faire, m\u00eame bri\u00e8vement, mais il existe des moyens de le faire en toute s\u00e9curit\u00e9. Butzer recommande des \u00e9quipements d&rsquo;ext\u00e9rieur lorsque la temp\u00e9rature baisse, comme un manteau ou m\u00eame des petites bottes.<\/p>\n<hr>\n<h3>Produits \u00e0 consid\u00e9rer :<\/h3>\n<ul>\n<li>\n<p>Ces bottines toutes saisons Bark Brite (30,99 $)<\/p>\n<\/li>\n<li>\n<p>Les bottes Healers Urban Walker (29,99 $)<\/p>\n<\/li>\n<li>\n<p>Le manteau pour chien Vecomfy avec doublure polaire (16,99 $ \u00e0 25,99 $)<\/p>\n<\/li>\n<\/ul>\n<hr>\n<p>Peu importe \u00e0 quel point votre chien est emmitoufl\u00e9, un autre conseil \u00e0 garder \u00e0 l&rsquo;esprit est que vous devez savoir exactement o\u00f9 vous allez lorsque vous partez. Le mauvais temps ne constitue pas un environnement id\u00e9al pour explorer des endroits inconnus (m\u00eame si votre chien le pense). Suivez un itin\u00e9raire dont vous savez qu&rsquo;il sera d\u00e9neig\u00e9 et des zones que vous pourrez reconna\u00eetre, m\u00eame dans la neige. <\/p>\n<h2 id=\"what-to-do-if-you-cant-take-your-dog-on-a-walk-in-the-cold\">Que faire si vous ne pouvez pas promener votre chien par temps froid<\/h2>\n<p>Lorsqu&rsquo;il fait trop froid pour sortir, vous avez encore des options, m\u00eame si vous n&rsquo;avez pas de jardin dans lequel laisser votre animal faire ses besoins ou d\u00e9penser de l&rsquo;\u00e9nergie. Essayez d&rsquo;avoir un tapis d&rsquo;herbe ou de pipi \u00e0 l&rsquo;int\u00e9rieur pour que votre chien puisse se sentir \u00e0 l&rsquo;aise pour faire ses besoins. <\/p>\n<p>Au-del\u00e0 de cela, privil\u00e9giez le temps de jeu \u00e0 l\u2019int\u00e9rieur. Butzer dit que vous n&rsquo;avez pas besoin de quelque chose de trop sophistiqu\u00e9 ; rapporter avec une balle ou un remorqueur avec un jouet plus gros fera l&rsquo;affaire. Jouer r\u00e9guli\u00e8rement pendant cinq \u00e0 dix minutes lib\u00e9rera une grande partie de l&rsquo;\u00e9nergie de votre chien. M\u00eame travailler sur des commandes d&rsquo;entra\u00eenement est mentalement stimulant et fatiguant pour eux, donc si votre espace n&rsquo;est pas assez grand pour lancer une balle, essayez de pratiquer des commandes (ou d&rsquo;enseigner de nouvelles commandes) comme s&rsquo;asseoir, s&rsquo;allonger, se retourner, attendre ou autre. les indices que vous utilisez tous les deux pour communiquer. Transformez-le en jeu pour les laisser deviner et, bien s\u00fbr, r\u00e9compensez-les avec une petite friandise \u00e0 la fin.  <\/p>\n<p><script async src=\"\/\/www.instagram.com\/embed.js\"><\/script><\/p>\n","protected":false},"excerpt":{"rendered":"<p>Il fait mauvais dehors. Votre chien doit encore faire caca. Les chiens sont comme les facteurs : ni la pluie, ni la neige, ni le<\/p>\n","protected":false},"author":1,"featured_media":708,"comment_status":"","ping_status":"","sticky":false,"template":"","format":"standard","meta":{"footnotes":""},"categories":[37],"tags":[91,636,127,1130,559,891,676,126,734,5,1129,123,790,8,4],"class_list":["post-707","post","type-post","status-publish","format-standard","has-post-thumbnail","hentry","category-famille","tag-chien","tag-devriez","tag-faire","tag-froid","tag-lorsque","tag-meme","tag-par","tag-pas","tag-pourquoi","tag-pouvez","tag-promener","tag-quand","tag-temps","tag-votre","tag-vous","generate-columns","tablet-grid-50","mobile-grid-100","grid-parent","grid-33"],"yoast_head":"<!-- This site is optimized with the Yoast SEO plugin v24.0 - https:\/\/yoast.com\/wordpress\/plugins\/seo\/ -->\n<title>Pourquoi vous devriez quand m\u00eame promener votre chien par temps froid (et que faire lorsque vous ne le pouvez pas) | Vie Associative<\/title>\n<meta name=\"robots\" content=\"index, follow, max-snippet:-1, max-image-preview:large, max-video-preview:-1\" \/>\n<link rel=\"canonical\" href=\"https:\/\/vieassociative.be\/actualites\/pourquoi-vous-devriez-quand-meme-promener-votre-chien-par-temps-froid-et-que-faire-lorsque-vous-ne-le-pouvez-pas\/\" \/>\n<meta property=\"og:locale\" content=\"fr_FR\" \/>\n<meta property=\"og:type\" content=\"article\" \/>\n<meta property=\"og:title\" content=\"Pourquoi vous devriez quand m\u00eame promener votre chien par temps froid (et que faire lorsque vous ne le pouvez pas) | Vie Associative\" \/>\n<meta property=\"og:description\" content=\"Il fait mauvais dehors. Votre chien doit encore faire caca. Les chiens sont comme les facteurs : ni la pluie, ni la neige, ni le\" \/>\n<meta property=\"og:url\" content=\"https:\/\/vieassociative.be\/actualites\/pourquoi-vous-devriez-quand-meme-promener-votre-chien-par-temps-froid-et-que-faire-lorsque-vous-ne-le-pouvez-pas\/\" \/>\n<meta property=\"og:site_name\" content=\"Vie Associative\" \/>\n<meta property=\"article:published_time\" content=\"2024-09-30T23:29:36+00:00\" \/>\n<meta property=\"og:image\" content=\"https:\/\/vieassociative.be\/actualites\/wp-content\/uploads\/2024\/09\/header_backgroundk-01-e1726694325946.png\" \/>\n\t<meta property=\"og:image:width\" content=\"279\" \/>\n\t<meta property=\"og:image:height\" content=\"92\" \/>\n\t<meta property=\"og:image:type\" content=\"image\/png\" \/>\n<meta name=\"author\" content=\"Julien\" \/>\n<meta name=\"twitter:card\" content=\"summary_large_image\" \/>\n<meta name=\"twitter:label1\" content=\"\u00c9crit par\" \/>\n\t<meta name=\"twitter:data1\" content=\"Julien\" \/>\n\t<meta name=\"twitter:label2\" content=\"Dur\u00e9e de lecture est.\" \/>\n\t<meta name=\"twitter:data2\" content=\"4 minutes\" \/>\n<script type=\"application\/ld+json\" class=\"yoast-schema-graph\">{\"@context\":\"https:\/\/schema.org\",\"@graph\":[{\"@type\":\"Article\",\"@id\":\"https:\/\/vieassociative.be\/actualites\/pourquoi-vous-devriez-quand-meme-promener-votre-chien-par-temps-froid-et-que-faire-lorsque-vous-ne-le-pouvez-pas\/#article\",\"isPartOf\":{\"@id\":\"https:\/\/vieassociative.be\/actualites\/pourquoi-vous-devriez-quand-meme-promener-votre-chien-par-temps-froid-et-que-faire-lorsque-vous-ne-le-pouvez-pas\/\"},\"author\":{\"name\":\"Julien\",\"@id\":\"https:\/\/vieassociative.be\/actualites\/#\/schema\/person\/b87ac4f82f9d4e7b7cec7395b679edc4\"},\"headline\":\"Pourquoi vous devriez quand m\u00eame promener votre chien par temps froid (et que faire lorsque vous ne le pouvez pas)\",\"datePublished\":\"2024-09-30T23:29:36+00:00\",\"dateModified\":\"2024-09-30T23:29:36+00:00\",\"mainEntityOfPage\":{\"@id\":\"https:\/\/vieassociative.be\/actualites\/pourquoi-vous-devriez-quand-meme-promener-votre-chien-par-temps-froid-et-que-faire-lorsque-vous-ne-le-pouvez-pas\/\"},\"wordCount\":895,\"publisher\":{\"@id\":\"https:\/\/vieassociative.be\/actualites\/#organization\"},\"image\":{\"@id\":\"https:\/\/vieassociative.be\/actualites\/pourquoi-vous-devriez-quand-meme-promener-votre-chien-par-temps-froid-et-que-faire-lorsque-vous-ne-le-pouvez-pas\/#primaryimage\"},\"thumbnailUrl\":\"https:\/\/vieassociative.be\/actualites\/wp-content\/uploads\/2024\/10\/Pourquoi-vous-devriez-quand-meme-promener-votre-chien-par-temps.png\",\"keywords\":[\"chien\",\"devriez\",\"faire\",\"froid\",\"lorsque\",\"m\u00eame\",\"par\",\"pas\",\"Pourquoi\",\"pouvez\",\"promener\",\"Quand\",\"temps\",\"votre\",\"Vous\"],\"articleSection\":[\"Famille\"],\"inLanguage\":\"fr-BE\"},{\"@type\":\"WebPage\",\"@id\":\"https:\/\/vieassociative.be\/actualites\/pourquoi-vous-devriez-quand-meme-promener-votre-chien-par-temps-froid-et-que-faire-lorsque-vous-ne-le-pouvez-pas\/\",\"url\":\"https:\/\/vieassociative.be\/actualites\/pourquoi-vous-devriez-quand-meme-promener-votre-chien-par-temps-froid-et-que-faire-lorsque-vous-ne-le-pouvez-pas\/\",\"name\":\"Pourquoi vous devriez quand m\u00eame promener votre chien par temps froid (et que faire lorsque vous ne le pouvez pas) | Vie Associative\",\"isPartOf\":{\"@id\":\"https:\/\/vieassociative.be\/actualites\/#website\"},\"primaryImageOfPage\":{\"@id\":\"https:\/\/vieassociative.be\/actualites\/pourquoi-vous-devriez-quand-meme-promener-votre-chien-par-temps-froid-et-que-faire-lorsque-vous-ne-le-pouvez-pas\/#primaryimage\"},\"image\":{\"@id\":\"https:\/\/vieassociative.be\/actualites\/pourquoi-vous-devriez-quand-meme-promener-votre-chien-par-temps-froid-et-que-faire-lorsque-vous-ne-le-pouvez-pas\/#primaryimage\"},\"thumbnailUrl\":\"https:\/\/vieassociative.be\/actualites\/wp-content\/uploads\/2024\/10\/Pourquoi-vous-devriez-quand-meme-promener-votre-chien-par-temps.png\",\"datePublished\":\"2024-09-30T23:29:36+00:00\",\"dateModified\":\"2024-09-30T23:29:36+00:00\",\"breadcrumb\":{\"@id\":\"https:\/\/vieassociative.be\/actualites\/pourquoi-vous-devriez-quand-meme-promener-votre-chien-par-temps-froid-et-que-faire-lorsque-vous-ne-le-pouvez-pas\/#breadcrumb\"},\"inLanguage\":\"fr-BE\",\"potentialAction\":[{\"@type\":\"ReadAction\",\"target\":[\"https:\/\/vieassociative.be\/actualites\/pourquoi-vous-devriez-quand-meme-promener-votre-chien-par-temps-froid-et-que-faire-lorsque-vous-ne-le-pouvez-pas\/\"]}]},{\"@type\":\"ImageObject\",\"inLanguage\":\"fr-BE\",\"@id\":\"https:\/\/vieassociative.be\/actualites\/pourquoi-vous-devriez-quand-meme-promener-votre-chien-par-temps-froid-et-que-faire-lorsque-vous-ne-le-pouvez-pas\/#primaryimage\",\"url\":\"https:\/\/vieassociative.be\/actualites\/wp-content\/uploads\/2024\/10\/Pourquoi-vous-devriez-quand-meme-promener-votre-chien-par-temps.png\",\"contentUrl\":\"https:\/\/vieassociative.be\/actualites\/wp-content\/uploads\/2024\/10\/Pourquoi-vous-devriez-quand-meme-promener-votre-chien-par-temps.png\",\"width\":1200,\"height\":675,\"caption\":\"Pourquoi vous devriez quand m\u00eame promener votre chien par temps froid (et que faire lorsque vous ne le pouvez pas)\"},{\"@type\":\"BreadcrumbList\",\"@id\":\"https:\/\/vieassociative.be\/actualites\/pourquoi-vous-devriez-quand-meme-promener-votre-chien-par-temps-froid-et-que-faire-lorsque-vous-ne-le-pouvez-pas\/#breadcrumb\",\"itemListElement\":[{\"@type\":\"ListItem\",\"position\":1,\"name\":\"Accueil\",\"item\":\"https:\/\/vieassociative.be\/actualites\/\"},{\"@type\":\"ListItem\",\"position\":2,\"name\":\"Pourquoi vous devriez quand m\u00eame promener votre chien par temps froid (et que faire lorsque vous ne le pouvez pas)\"}]},{\"@type\":\"WebSite\",\"@id\":\"https:\/\/vieassociative.be\/actualites\/#website\",\"url\":\"https:\/\/vieassociative.be\/actualites\/\",\"name\":\"Vie Associative\",\"description\":\"\",\"publisher\":{\"@id\":\"https:\/\/vieassociative.be\/actualites\/#organization\"},\"potentialAction\":[{\"@type\":\"SearchAction\",\"target\":{\"@type\":\"EntryPoint\",\"urlTemplate\":\"https:\/\/vieassociative.be\/actualites\/?s={search_term_string}\"},\"query-input\":{\"@type\":\"PropertyValueSpecification\",\"valueRequired\":true,\"valueName\":\"search_term_string\"}}],\"inLanguage\":\"fr-BE\"},{\"@type\":\"Organization\",\"@id\":\"https:\/\/vieassociative.be\/actualites\/#organization\",\"name\":\"Vie Associative\",\"url\":\"https:\/\/vieassociative.be\/actualites\/\",\"logo\":{\"@type\":\"ImageObject\",\"inLanguage\":\"fr-BE\",\"@id\":\"https:\/\/vieassociative.be\/actualites\/#\/schema\/logo\/image\/\",\"url\":\"https:\/\/vieassociative.be\/actualites\/wp-content\/uploads\/2024\/09\/cropped-vieassociative_favicon.ico.png\",\"contentUrl\":\"https:\/\/vieassociative.be\/actualites\/wp-content\/uploads\/2024\/09\/cropped-vieassociative_favicon.ico.png\",\"width\":512,\"height\":512,\"caption\":\"Vie Associative\"},\"image\":{\"@id\":\"https:\/\/vieassociative.be\/actualites\/#\/schema\/logo\/image\/\"}},{\"@type\":\"Person\",\"@id\":\"https:\/\/vieassociative.be\/actualites\/#\/schema\/person\/b87ac4f82f9d4e7b7cec7395b679edc4\",\"name\":\"Julien\",\"image\":{\"@type\":\"ImageObject\",\"inLanguage\":\"fr-BE\",\"@id\":\"https:\/\/vieassociative.be\/actualites\/#\/schema\/person\/image\/\",\"url\":\"https:\/\/vieassociative.be\/actualites\/wp-content\/uploads\/2024\/09\/vie-associative-1-150x150.jpg\",\"contentUrl\":\"https:\/\/vieassociative.be\/actualites\/wp-content\/uploads\/2024\/09\/vie-associative-1-150x150.jpg\",\"caption\":\"Julien\"},\"description\":\"Je suis Julien, r\u00e9dacteur pour Vie Associative. Passionn\u00e9 par le monde associatif depuis plus de 10 ans, j'ai \u00e0 c\u0153ur de partager des histoires inspirantes et de mettre en lumi\u00e8re les initiatives locales. Mon objectif est de sensibiliser et d'encourager l'engagement communautaire \u00e0 travers mes articles.\",\"sameAs\":[\"https:\/\/vieassociative.be\/\"]}]}<\/script>\n<!-- \/ Yoast SEO plugin. -->","yoast_head_json":{"title":"Pourquoi vous devriez quand m\u00eame promener votre chien par temps froid (et que faire lorsque vous ne le pouvez pas) | Vie Associative","robots":{"index":"index","follow":"follow","max-snippet":"max-snippet:-1","max-image-preview":"max-image-preview:large","max-video-preview":"max-video-preview:-1"},"canonical":"https:\/\/vieassociative.be\/actualites\/pourquoi-vous-devriez-quand-meme-promener-votre-chien-par-temps-froid-et-que-faire-lorsque-vous-ne-le-pouvez-pas\/","og_locale":"fr_FR","og_type":"article","og_title":"Pourquoi vous devriez quand m\u00eame promener votre chien par temps froid (et que faire lorsque vous ne le pouvez pas) | Vie Associative","og_description":"Il fait mauvais dehors. Votre chien doit encore faire caca. Les chiens sont comme les facteurs : ni la pluie, ni la neige, ni le","og_url":"https:\/\/vieassociative.be\/actualites\/pourquoi-vous-devriez-quand-meme-promener-votre-chien-par-temps-froid-et-que-faire-lorsque-vous-ne-le-pouvez-pas\/","og_site_name":"Vie Associative","article_published_time":"2024-09-30T23:29:36+00:00","og_image":[{"width":279,"height":92,"url":"https:\/\/vieassociative.be\/actualites\/wp-content\/uploads\/2024\/09\/header_backgroundk-01-e1726694325946.png","type":"image\/png"}],"author":"Julien","twitter_card":"summary_large_image","twitter_misc":{"\u00c9crit par":"Julien","Dur\u00e9e de lecture est.":"4 minutes"},"schema":{"@context":"https:\/\/schema.org","@graph":[{"@type":"Article","@id":"https:\/\/vieassociative.be\/actualites\/pourquoi-vous-devriez-quand-meme-promener-votre-chien-par-temps-froid-et-que-faire-lorsque-vous-ne-le-pouvez-pas\/#article","isPartOf":{"@id":"https:\/\/vieassociative.be\/actualites\/pourquoi-vous-devriez-quand-meme-promener-votre-chien-par-temps-froid-et-que-faire-lorsque-vous-ne-le-pouvez-pas\/"},"author":{"name":"Julien","@id":"https:\/\/vieassociative.be\/actualites\/#\/schema\/person\/b87ac4f82f9d4e7b7cec7395b679edc4"},"headline":"Pourquoi vous devriez quand m\u00eame promener votre chien par temps froid (et que faire lorsque vous ne le pouvez pas)","datePublished":"2024-09-30T23:29:36+00:00","dateModified":"2024-09-30T23:29:36+00:00","mainEntityOfPage":{"@id":"https:\/\/vieassociative.be\/actualites\/pourquoi-vous-devriez-quand-meme-promener-votre-chien-par-temps-froid-et-que-faire-lorsque-vous-ne-le-pouvez-pas\/"},"wordCount":895,"publisher":{"@id":"https:\/\/vieassociative.be\/actualites\/#organization"},"image":{"@id":"https:\/\/vieassociative.be\/actualites\/pourquoi-vous-devriez-quand-meme-promener-votre-chien-par-temps-froid-et-que-faire-lorsque-vous-ne-le-pouvez-pas\/#primaryimage"},"thumbnailUrl":"https:\/\/vieassociative.be\/actualites\/wp-content\/uploads\/2024\/10\/Pourquoi-vous-devriez-quand-meme-promener-votre-chien-par-temps.png","keywords":["chien","devriez","faire","froid","lorsque","m\u00eame","par","pas","Pourquoi","pouvez","promener","Quand","temps","votre","Vous"],"articleSection":["Famille"],"inLanguage":"fr-BE"},{"@type":"WebPage","@id":"https:\/\/vieassociative.be\/actualites\/pourquoi-vous-devriez-quand-meme-promener-votre-chien-par-temps-froid-et-que-faire-lorsque-vous-ne-le-pouvez-pas\/","url":"https:\/\/vieassociative.be\/actualites\/pourquoi-vous-devriez-quand-meme-promener-votre-chien-par-temps-froid-et-que-faire-lorsque-vous-ne-le-pouvez-pas\/","name":"Pourquoi vous devriez quand m\u00eame promener votre chien par temps froid (et que faire lorsque vous ne le pouvez pas) | Vie Associative","isPartOf":{"@id":"https:\/\/vieassociative.be\/actualites\/#website"},"primaryImageOfPage":{"@id":"https:\/\/vieassociative.be\/actualites\/pourquoi-vous-devriez-quand-meme-promener-votre-chien-par-temps-froid-et-que-faire-lorsque-vous-ne-le-pouvez-pas\/#primaryimage"},"image":{"@id":"https:\/\/vieassociative.be\/actualites\/pourquoi-vous-devriez-quand-meme-promener-votre-chien-par-temps-froid-et-que-faire-lorsque-vous-ne-le-pouvez-pas\/#primaryimage"},"thumbnailUrl":"https:\/\/vieassociative.be\/actualites\/wp-content\/uploads\/2024\/10\/Pourquoi-vous-devriez-quand-meme-promener-votre-chien-par-temps.png","datePublished":"2024-09-30T23:29:36+00:00","dateModified":"2024-09-30T23:29:36+00:00","breadcrumb":{"@id":"https:\/\/vieassociative.be\/actualites\/pourquoi-vous-devriez-quand-meme-promener-votre-chien-par-temps-froid-et-que-faire-lorsque-vous-ne-le-pouvez-pas\/#breadcrumb"},"inLanguage":"fr-BE","potentialAction":[{"@type":"ReadAction","target":["https:\/\/vieassociative.be\/actualites\/pourquoi-vous-devriez-quand-meme-promener-votre-chien-par-temps-froid-et-que-faire-lorsque-vous-ne-le-pouvez-pas\/"]}]},{"@type":"ImageObject","inLanguage":"fr-BE","@id":"https:\/\/vieassociative.be\/actualites\/pourquoi-vous-devriez-quand-meme-promener-votre-chien-par-temps-froid-et-que-faire-lorsque-vous-ne-le-pouvez-pas\/#primaryimage","url":"https:\/\/vieassociative.be\/actualites\/wp-content\/uploads\/2024\/10\/Pourquoi-vous-devriez-quand-meme-promener-votre-chien-par-temps.png","contentUrl":"https:\/\/vieassociative.be\/actualites\/wp-content\/uploads\/2024\/10\/Pourquoi-vous-devriez-quand-meme-promener-votre-chien-par-temps.png","width":1200,"height":675,"caption":"Pourquoi vous devriez quand m\u00eame promener votre chien par temps froid (et que faire lorsque vous ne le pouvez pas)"},{"@type":"BreadcrumbList","@id":"https:\/\/vieassociative.be\/actualites\/pourquoi-vous-devriez-quand-meme-promener-votre-chien-par-temps-froid-et-que-faire-lorsque-vous-ne-le-pouvez-pas\/#breadcrumb","itemListElement":[{"@type":"ListItem","position":1,"name":"Accueil","item":"https:\/\/vieassociative.be\/actualites\/"},{"@type":"ListItem","position":2,"name":"Pourquoi vous devriez quand m\u00eame promener votre chien par temps froid (et que faire lorsque vous ne le pouvez pas)"}]},{"@type":"WebSite","@id":"https:\/\/vieassociative.be\/actualites\/#website","url":"https:\/\/vieassociative.be\/actualites\/","name":"Vie Associative","description":"","publisher":{"@id":"https:\/\/vieassociative.be\/actualites\/#organization"},"potentialAction":[{"@type":"SearchAction","target":{"@type":"EntryPoint","urlTemplate":"https:\/\/vieassociative.be\/actualites\/?s={search_term_string}"},"query-input":{"@type":"PropertyValueSpecification","valueRequired":true,"valueName":"search_term_string"}}],"inLanguage":"fr-BE"},{"@type":"Organization","@id":"https:\/\/vieassociative.be\/actualites\/#organization","name":"Vie Associative","url":"https:\/\/vieassociative.be\/actualites\/","logo":{"@type":"ImageObject","inLanguage":"fr-BE","@id":"https:\/\/vieassociative.be\/actualites\/#\/schema\/logo\/image\/","url":"https:\/\/vieassociative.be\/actualites\/wp-content\/uploads\/2024\/09\/cropped-vieassociative_favicon.ico.png","contentUrl":"https:\/\/vieassociative.be\/actualites\/wp-content\/uploads\/2024\/09\/cropped-vieassociative_favicon.ico.png","width":512,"height":512,"caption":"Vie Associative"},"image":{"@id":"https:\/\/vieassociative.be\/actualites\/#\/schema\/logo\/image\/"}},{"@type":"Person","@id":"https:\/\/vieassociative.be\/actualites\/#\/schema\/person\/b87ac4f82f9d4e7b7cec7395b679edc4","name":"Julien","image":{"@type":"ImageObject","inLanguage":"fr-BE","@id":"https:\/\/vieassociative.be\/actualites\/#\/schema\/person\/image\/","url":"https:\/\/vieassociative.be\/actualites\/wp-content\/uploads\/2024\/09\/vie-associative-1-150x150.jpg","contentUrl":"https:\/\/vieassociative.be\/actualites\/wp-content\/uploads\/2024\/09\/vie-associative-1-150x150.jpg","caption":"Julien"},"description":"Je suis Julien, r\u00e9dacteur pour Vie Associative. Passionn\u00e9 par le monde associatif depuis plus de 10 ans, j'ai \u00e0 c\u0153ur de partager des histoires inspirantes et de mettre en lumi\u00e8re les initiatives locales. Mon objectif est de sensibiliser et d'encourager l'engagement communautaire \u00e0 travers mes articles.","sameAs":["https:\/\/vieassociative.be\/"]}]}},"_links":{"self":[{"href":"https:\/\/vieassociative.be\/actualites\/wp-json\/wp\/v2\/posts\/707"}],"collection":[{"href":"https:\/\/vieassociative.be\/actualites\/wp-json\/wp\/v2\/posts"}],"about":[{"href":"https:\/\/vieassociative.be\/actualites\/wp-json\/wp\/v2\/types\/post"}],"author":[{"embeddable":true,"href":"https:\/\/vieassociative.be\/actualites\/wp-json\/wp\/v2\/users\/1"}],"replies":[{"embeddable":true,"href":"https:\/\/vieassociative.be\/actualites\/wp-json\/wp\/v2\/comments?post=707"}],"version-history":[{"count":0,"href":"https:\/\/vieassociative.be\/actualites\/wp-json\/wp\/v2\/posts\/707\/revisions"}],"wp:featuredmedia":[{"embeddable":true,"href":"https:\/\/vieassociative.be\/actualites\/wp-json\/wp\/v2\/media\/708"}],"wp:attachment":[{"href":"https:\/\/vieassociative.be\/actualites\/wp-json\/wp\/v2\/media?parent=707"}],"wp:term":[{"taxonomy":"category","embeddable":true,"href":"https:\/\/vieassociative.be\/actualites\/wp-json\/wp\/v2\/categories?post=707"},{"taxonomy":"post_tag","embeddable":true,"href":"https:\/\/vieassociative.be\/actualites\/wp-json\/wp\/v2\/tags?post=707"}],"curies":[{"name":"wp","href":"https:\/\/api.w.org\/{rel}","templated":true}]}}