{"id":7063,"date":"2025-04-27T03:18:13","date_gmt":"2025-04-27T01:18:13","guid":{"rendered":"https:\/\/vieassociative.be\/actualites\/notre-chatbot-ai-vous-fait-vraiment-reflechir-sur-vous-meme\/"},"modified":"2025-04-27T03:18:13","modified_gmt":"2025-04-27T01:18:13","slug":"notre-chatbot-ai-vous-fait-vraiment-reflechir-sur-vous-meme","status":"publish","type":"post","link":"https:\/\/vieassociative.be\/actualites\/notre-chatbot-ai-vous-fait-vraiment-reflechir-sur-vous-meme\/","title":{"rendered":"Notre chatbot Ai vous fait vraiment r\u00e9fl\u00e9chir &#8211; sur vous-m\u00eame"},"content":{"rendered":"<div class=\"mt-4 leading-6 md:mb-8\">Au lieu d&rsquo;essayer d&rsquo;avoir toutes les r\u00e9ponses, le conseiller de l&rsquo;Oura sait comment poser les bonnes questions.<\/div>\n<p><\/p>\n<p>Beaucoup d&rsquo;applications sont int\u00e9gr\u00e9es \u00e0 des fonctionnalit\u00e9s d&rsquo;IA int\u00e9gr\u00e9es de nos jours, et elles sont souvent d\u00e9cevantes. Ils r\u00e9sumeront (parfois incorrectement) les m\u00eames donn\u00e9es qui sont d\u00e9j\u00e0 disponibles dans des graphiques ou des graphiques ailleurs dans l&rsquo;application. Mais le conseiller de l&rsquo;IA qui a r\u00e9cemment \u00e9t\u00e9 ajout\u00e9 \u00e0 l&rsquo;application de l&rsquo;Oura Ring prend une strat\u00e9gie diff\u00e9rente, celle que j&rsquo;appr\u00e9cie au cours des derni\u00e8res semaines depuis son lancement. Au lieu de simplement rapporter des donn\u00e9es, il pose des questions. Il demande <em>toi<\/em> Pour faire une petite analyse, un peu d&rsquo;introspection. Et je pense que Oura est vraiment sur quelque chose ici. <\/p>\n<h2 id=\"some-of-the-questions-the-oura-advisor-has-asked-me\">Certaines des questions que le conseiller de l&rsquo;Oura m&rsquo;a pos\u00e9<\/h2>\n<p>J&rsquo;avoue qu&rsquo;au d\u00e9but, je m&rsquo;int\u00e9ressais \u00e0 ce que le conseiller pouvait dire <em>moi<\/em>. Chaque fois que je lui posais une question, cela donnerait une r\u00e9ponse mais me rebondissait ensuite. Comment je me sentais? Quelles choses ai-je essay\u00e9 ces derniers temps? Ceux-ci semblaient \u00eatre des esquives, pas des id\u00e9es.<\/p>\n<p>Le conseiller se r\u00e9percutera de temps en temps avec des questions suppl\u00e9mentaires, dans une notification sur votre t\u00e9l\u00e9phone. \u00ab\u00a0Votre temps s\u00e9dentaire a diminu\u00e9 \u00e0 6h 11m\u00a0\u00bb, m&rsquo;a dit un jour. \u00abComment vous sentez-vous \u00e0 propos de votre mouvement? Si vous appuyez sur la notification, cela commencera une conversation avec vous sur ce sujet. <\/p>\n<p>Voici quelques-unes des questions qui m&rsquo;ont pos\u00e9 ces derniers temps: <\/p>\n<ul>\n<li>\n<p>(Apr\u00e8s avoir not\u00e9 de mauvais num\u00e9ros de VRC r\u00e9cemment) \u00ab\u00a0Que pensez-vous de vos pratiques de r\u00e9cup\u00e9ration, et y a-t-il quelque chose que vous aimeriez ajuster?\u00a0\u00bb <\/p>\n<\/li>\n<li>\n<p>(Apr\u00e8s l&rsquo;avoir dit, j&rsquo;\u00e9tais malade) \u00ab\u00a0Comment vous sentez-vous \u00e0 propos de votre r\u00e9tablissement et de votre \u00e9quilibre dans les routines quotidiennes?\u00a0\u00bb <\/p>\n<\/li>\n<li>\n<p>(Apr\u00e8s avoir signal\u00e9 mes r\u00e9cents scores de stress) \u00ab\u00a0Comment vous sentez-vous \u00e0 propos de la gestion du stress cette semaine?\u00a0\u00bb <\/p>\n<\/li>\n<li>\n<p>(Apr\u00e8s avoir sugg\u00e9r\u00e9 des m\u00e9thodes de relaxation) \u00ab\u00a0Est-ce que l&rsquo;un de ces \u00e9l\u00e9ments r\u00e9sonne avec vous?\u00a0\u00bb<\/p>\n<\/li>\n<\/ul>\n<p>Un jour, le conseiller m&rsquo;a m\u00eame expliqu\u00e9 sa strat\u00e9gie. \u00ab\u00a0En r\u00e9fl\u00e9chissant ces derniers jours, comment vous avez-vous pens\u00e9 \u00e0 propos de votre qualit\u00e9 de sommeil? L&rsquo;auto-r\u00e9flexion peut r\u00e9v\u00e9ler des informations sur vos priorit\u00e9s et vous aider \u00e0 ajuster vos routines. Si vous \u00eates pr\u00eat, partager vos pens\u00e9es pourrait ouvrir la porte \u00e0 des informations pr\u00e9cieuses qui pourraient am\u00e9liorer votre repos encore plus.\u00a0\u00bb<\/p>\n<p>Bien. J&rsquo;ai r\u00e9pondu \u00e0 la question de bonne foi, en parlant au bot de quelque chose que je sais avait affect\u00e9 mon sommeil &#8211; que j&rsquo;aime avoir un peu de temps de vent le soir, et que cela s&rsquo;est transform\u00e9 en procrastination de vengeance o\u00f9 j&rsquo;essaie de r\u00e9cup\u00e9rer un peu de d\u00e9tente ou de plaisir m\u00eame lorsque je sais que cela mange dans mon temps de sommeil. <\/p>\n<p>\u00ab\u00a0Il est compr\u00e9hensible de vouloir un temps de relaxation suppl\u00e9mentaire apr\u00e8s une journ\u00e9e bien remplie\u00a0\u00bb, a-t-il d\u00e9clar\u00e9. Il m&rsquo;a ensuite f\u00e9licit\u00e9 pour quelques petites am\u00e9liorations que j&rsquo;avais apport\u00e9es, et a sugg\u00e9r\u00e9 les conseils incroyablement \u00e9vidents de d\u00e9marrer ma routine de fin un peu plus t\u00f4t. Puis il m&rsquo;a demand\u00e9: \u00ab\u00a0Comment cela vous semble-t-il?\u00a0\u00bb<\/p>\n<p>je <em>savoir<\/em> Cela ne me dit rien que je n&rsquo;aurais pas pu le dire. Le conseiller ne fait que r\u00e9duire mes propres pr\u00e9occupations d&rsquo;une mani\u00e8re douce et curieuse. Mais, bon sang, je pense que \u00e7a aide. <\/p>\n<div class=\"pogoClear relative my-10 border-b-(1.5px) border-t-(1.5px) border-dashed border-black py-5 sm:my-14 sm:border-0 sm:py-0\" data-ga-click data-ga-template=\"Opinions\" data-ga-module=\"openweb_widget\" data-ga-element=\"openweb_scroll\" data-ga-item=\"openweb_scroll_midpage\" x-cloak x-data=\"{ commentsCount: null, hasComments: false }\" x-init=\"commentsCount = await window.openweb.getMessagesCount(01JSQ48SBD0PRK54AS604NYR1T);\n     hasComments = commentsCount !== null &amp;&amp; commentsCount &gt; 0\"><\/p>\n<div class=\"absolute top-1\/2 hidden w-full -translate-y-1\/2 border-t-(1.5px) border-dashed border-black sm:block\"><\/div>\n<div class=\"relative flex justify-center\">\n<div class=\"flex max-w-max items-center gap-x-3 bg-white px-5\">\n<div class=\"relative\">\n                <span class=\"absolute left-1\/2 top-1\/2 -translate-x-1\/2 -translate-y-1\/2 font-akshar text-sm font-medium text-black\" x-show=\"hasComments\" x-text=\"commentsCount\"><\/span><\/p>\n<p>                <svg class=\"h-8 w-8 text-black\">\n                    <use href=\"http:\/\/lifehacker.com\/images\/icons\/spritemap.svg#sprite-chat-bubble\"><\/use>\n                <\/svg>\n            <\/div>\n<p>            <span class=\"text-sm font-medium text-black\"><\/p>\n<p>                Que pensez-vous jusqu&rsquo;\u00e0 pr\u00e9sent?<br \/>\n                <button class=\"font-semibold text-brand-green underline hover:text-brand-green-700\" onclick=\"window.openweb.scrollToComments(01JSQ48SBD0PRK54AS604NYR1T)\" x-text=\"hasComments ? 'Post a comment.' : 'Be the first to post a comment.'\"><\/button><br \/>\n            <\/span>\n        <\/div>\n<\/p><\/div>\n<\/div>\n<h2 id=\"why-asking-questions-is-so-powerful\">Pourquoi poser des questions est si puissant<\/h2>\n<p>Lorsque nous nous tournons vers quelqu&rsquo;un d&rsquo;autre pour r\u00e9soudre nos probl\u00e8mes &#8211; qu&rsquo;il s&rsquo;agisse d&rsquo;une application ou d&rsquo;un \u00eatre humain, comme un th\u00e9rapeute &#8211; nous avons g\u00e9n\u00e9ralement d\u00e9j\u00e0 les informations dont nous avons besoin. Nous avons juste besoin de passer par le processus de d\u00e9finition de nos pens\u00e9es dans l&rsquo;ordre. Qu&rsquo;est-ce qui est le plus important? Que devons-nous faire ensuite? Quels outils avons-nous d\u00e9j\u00e0 qui peuvent nous aider? <\/p>\n<p>\u00c9tant donn\u00e9 que ce processus ne n\u00e9cessite pas de nouvelles informations, le simple fait de r\u00e9fl\u00e9chir \u00e0 ce que nous avons d\u00e9j\u00e0, peu importe si la chose \u00e0 qui nous parlons est un robot stupide qui ne sait rien de nous. L&rsquo;une des meilleures d\u00e9monstrations de ceci est un programme \u00e9crit dans les ann\u00e9es 1960, le c\u00e9l\u00e8bre chatbot Eliza. <\/p>\n<p>Inspir\u00e9 par la psychoth\u00e9rapie rogerienne, tout ce que le bot Eliza a fait a \u00e9t\u00e9 de transformer vos propres questions en questions, rappelant parfois quelque chose de plus t\u00f4t dans la conversation, et de temps en temps vous demandant si cela se rapporte \u00e0 votre m\u00e8re. Eliza n&rsquo;\u00e9tait pas dans aucun sens du terme, juste un peu de code assez simple pour qu&rsquo;il puisse \u00eatre \u00e9crit dans une page Web ou cach\u00e9 comme une fonction d&rsquo;oeuf de P\u00e2ques dans un \u00e9diteur de texte. Vous pouvez essayer une version simple d&rsquo;Eliza ici. <\/p>\n<p>Lorsque j&rsquo;ai \u00e9tudi\u00e9 pour ma certification de formation personnelle, j&rsquo;ai d\u00fb en apprendre beaucoup sur l&rsquo;interview motivationnelle, quelque chose qui est reconnu comme \u00e9voluant \u00e0 partir de techniques rogeriennes centr\u00e9es sur la personne. L&rsquo;id\u00e9e est d&rsquo;aider une personne dans son \u00abcomportement de changement\u00bb (manger mieux, faire plus d&rsquo;exercice, etc.) en lui faisant parler de leur <em>propre<\/em> motivation pour faire le changement. Vous ne leur dites pas quoi faire, vous leur permettez simplement de se dire. <\/p>\n<p>Tant que vous jouez avec notre IA de notre &#8211; en fait, en fait, vous r\u00e9pondez en fait aux questions &#8211; vous pouvez avoir cette exp\u00e9rience \u00e0 tout moment, sans avoir \u00e0 parler \u00e0 un v\u00e9ritable th\u00e9rapeute ou entra\u00eeneur. Le conseiller est plus sophistiqu\u00e9 qu&rsquo;Eliza, en se souvenant de choses que vous l&rsquo;avez dit il y a quelques jours et ayant acc\u00e8s \u00e0 vos donn\u00e9es \u00e0 partir des capteurs de l&rsquo;anneau. Mais il utilise des r\u00e9sum\u00e9s de donn\u00e9es comme point de d\u00e9part, plut\u00f4t que de s&rsquo;attendre \u00e0 ce que vous soyez impressionn\u00e9 qu&rsquo;un bot puisse lire vos donn\u00e9es. Oura reconna\u00eet que la valeur de son conseiller n&rsquo;est pas d&rsquo;avoir toutes les r\u00e9ponses, mais d&rsquo;avoir beaucoup de bonnes questions.<\/p>\n","protected":false},"excerpt":{"rendered":"<p>Au lieu d&rsquo;essayer d&rsquo;avoir toutes les r\u00e9ponses, le conseiller de l&rsquo;Oura sait comment poser les bonnes questions. Beaucoup d&rsquo;applications sont int\u00e9gr\u00e9es \u00e0 des fonctionnalit\u00e9s d&rsquo;IA<\/p>\n","protected":false},"author":1,"featured_media":7064,"comment_status":"","ping_status":"","sticky":false,"template":"","format":"standard","meta":{"footnotes":""},"categories":[38],"tags":[3182,635,609,6646,33,4,1231,523],"class_list":["post-7063","post","type-post","status-publish","format-standard","has-post-thumbnail","hentry","category-sante","tag-chatbot","tag-fait","tag-notre","tag-reflechir","tag-sur","tag-vous","tag-vousmeme","tag-vraiment","generate-columns","tablet-grid-50","mobile-grid-100","grid-parent","grid-33"],"yoast_head":"<!-- This site is optimized with the Yoast SEO plugin v24.0 - https:\/\/yoast.com\/wordpress\/plugins\/seo\/ -->\n<title>Notre chatbot Ai vous fait vraiment r\u00e9fl\u00e9chir - sur vous-m\u00eame | Vie Associative<\/title>\n<meta name=\"robots\" content=\"index, follow, max-snippet:-1, max-image-preview:large, max-video-preview:-1\" \/>\n<link rel=\"canonical\" href=\"https:\/\/vieassociative.be\/actualites\/notre-chatbot-ai-vous-fait-vraiment-reflechir-sur-vous-meme\/\" \/>\n<meta property=\"og:locale\" content=\"fr_FR\" \/>\n<meta property=\"og:type\" content=\"article\" \/>\n<meta property=\"og:title\" content=\"Notre chatbot Ai vous fait vraiment r\u00e9fl\u00e9chir - sur vous-m\u00eame | Vie Associative\" \/>\n<meta property=\"og:description\" content=\"Au lieu d&rsquo;essayer d&rsquo;avoir toutes les r\u00e9ponses, le conseiller de l&rsquo;Oura sait comment poser les bonnes questions. Beaucoup d&rsquo;applications sont int\u00e9gr\u00e9es \u00e0 des fonctionnalit\u00e9s d&rsquo;IA\" \/>\n<meta property=\"og:url\" content=\"https:\/\/vieassociative.be\/actualites\/notre-chatbot-ai-vous-fait-vraiment-reflechir-sur-vous-meme\/\" \/>\n<meta property=\"og:site_name\" content=\"Vie Associative\" \/>\n<meta property=\"article:published_time\" content=\"2025-04-27T01:18:13+00:00\" \/>\n<meta property=\"og:image\" content=\"https:\/\/vieassociative.be\/actualites\/wp-content\/uploads\/2024\/09\/header_backgroundk-01-e1726694325946.png\" \/>\n\t<meta property=\"og:image:width\" content=\"279\" \/>\n\t<meta property=\"og:image:height\" content=\"92\" \/>\n\t<meta property=\"og:image:type\" content=\"image\/png\" \/>\n<meta name=\"author\" content=\"Julien\" \/>\n<meta name=\"twitter:card\" content=\"summary_large_image\" \/>\n<meta name=\"twitter:label1\" content=\"\u00c9crit par\" \/>\n\t<meta name=\"twitter:data1\" content=\"Julien\" \/>\n\t<meta name=\"twitter:label2\" content=\"Dur\u00e9e de lecture est.\" \/>\n\t<meta name=\"twitter:data2\" content=\"5 minutes\" \/>\n<script type=\"application\/ld+json\" class=\"yoast-schema-graph\">{\"@context\":\"https:\/\/schema.org\",\"@graph\":[{\"@type\":\"Article\",\"@id\":\"https:\/\/vieassociative.be\/actualites\/notre-chatbot-ai-vous-fait-vraiment-reflechir-sur-vous-meme\/#article\",\"isPartOf\":{\"@id\":\"https:\/\/vieassociative.be\/actualites\/notre-chatbot-ai-vous-fait-vraiment-reflechir-sur-vous-meme\/\"},\"author\":{\"name\":\"Julien\",\"@id\":\"https:\/\/vieassociative.be\/actualites\/#\/schema\/person\/b87ac4f82f9d4e7b7cec7395b679edc4\"},\"headline\":\"Notre chatbot Ai vous fait vraiment r\u00e9fl\u00e9chir &#8211; sur vous-m\u00eame\",\"datePublished\":\"2025-04-27T01:18:13+00:00\",\"dateModified\":\"2025-04-27T01:18:13+00:00\",\"mainEntityOfPage\":{\"@id\":\"https:\/\/vieassociative.be\/actualites\/notre-chatbot-ai-vous-fait-vraiment-reflechir-sur-vous-meme\/\"},\"wordCount\":1120,\"publisher\":{\"@id\":\"https:\/\/vieassociative.be\/actualites\/#organization\"},\"image\":{\"@id\":\"https:\/\/vieassociative.be\/actualites\/notre-chatbot-ai-vous-fait-vraiment-reflechir-sur-vous-meme\/#primaryimage\"},\"thumbnailUrl\":\"https:\/\/vieassociative.be\/actualites\/wp-content\/uploads\/2025\/04\/Notre-chatbot-Ai-vous-fait-vraiment-reflechir-sur-vous-meme.jpg\",\"keywords\":[\"chatbot\",\"fait\",\"notre\",\"r\u00e9fl\u00e9chir\",\"sur\",\"Vous\",\"vousm\u00eame\",\"vraiment\"],\"articleSection\":[\"Sant\u00e9\"],\"inLanguage\":\"fr-BE\"},{\"@type\":\"WebPage\",\"@id\":\"https:\/\/vieassociative.be\/actualites\/notre-chatbot-ai-vous-fait-vraiment-reflechir-sur-vous-meme\/\",\"url\":\"https:\/\/vieassociative.be\/actualites\/notre-chatbot-ai-vous-fait-vraiment-reflechir-sur-vous-meme\/\",\"name\":\"Notre chatbot Ai vous fait vraiment r\u00e9fl\u00e9chir - sur vous-m\u00eame | Vie Associative\",\"isPartOf\":{\"@id\":\"https:\/\/vieassociative.be\/actualites\/#website\"},\"primaryImageOfPage\":{\"@id\":\"https:\/\/vieassociative.be\/actualites\/notre-chatbot-ai-vous-fait-vraiment-reflechir-sur-vous-meme\/#primaryimage\"},\"image\":{\"@id\":\"https:\/\/vieassociative.be\/actualites\/notre-chatbot-ai-vous-fait-vraiment-reflechir-sur-vous-meme\/#primaryimage\"},\"thumbnailUrl\":\"https:\/\/vieassociative.be\/actualites\/wp-content\/uploads\/2025\/04\/Notre-chatbot-Ai-vous-fait-vraiment-reflechir-sur-vous-meme.jpg\",\"datePublished\":\"2025-04-27T01:18:13+00:00\",\"dateModified\":\"2025-04-27T01:18:13+00:00\",\"breadcrumb\":{\"@id\":\"https:\/\/vieassociative.be\/actualites\/notre-chatbot-ai-vous-fait-vraiment-reflechir-sur-vous-meme\/#breadcrumb\"},\"inLanguage\":\"fr-BE\",\"potentialAction\":[{\"@type\":\"ReadAction\",\"target\":[\"https:\/\/vieassociative.be\/actualites\/notre-chatbot-ai-vous-fait-vraiment-reflechir-sur-vous-meme\/\"]}]},{\"@type\":\"ImageObject\",\"inLanguage\":\"fr-BE\",\"@id\":\"https:\/\/vieassociative.be\/actualites\/notre-chatbot-ai-vous-fait-vraiment-reflechir-sur-vous-meme\/#primaryimage\",\"url\":\"https:\/\/vieassociative.be\/actualites\/wp-content\/uploads\/2025\/04\/Notre-chatbot-Ai-vous-fait-vraiment-reflechir-sur-vous-meme.jpg\",\"contentUrl\":\"https:\/\/vieassociative.be\/actualites\/wp-content\/uploads\/2025\/04\/Notre-chatbot-Ai-vous-fait-vraiment-reflechir-sur-vous-meme.jpg\",\"width\":1200,\"height\":675,\"caption\":\"Notre chatbot Ai vous fait vraiment r\u00e9fl\u00e9chir - sur vous-m\u00eame\"},{\"@type\":\"BreadcrumbList\",\"@id\":\"https:\/\/vieassociative.be\/actualites\/notre-chatbot-ai-vous-fait-vraiment-reflechir-sur-vous-meme\/#breadcrumb\",\"itemListElement\":[{\"@type\":\"ListItem\",\"position\":1,\"name\":\"Accueil\",\"item\":\"https:\/\/vieassociative.be\/actualites\/\"},{\"@type\":\"ListItem\",\"position\":2,\"name\":\"Notre chatbot Ai vous fait vraiment r\u00e9fl\u00e9chir &#8211; sur vous-m\u00eame\"}]},{\"@type\":\"WebSite\",\"@id\":\"https:\/\/vieassociative.be\/actualites\/#website\",\"url\":\"https:\/\/vieassociative.be\/actualites\/\",\"name\":\"Vie Associative\",\"description\":\"\",\"publisher\":{\"@id\":\"https:\/\/vieassociative.be\/actualites\/#organization\"},\"potentialAction\":[{\"@type\":\"SearchAction\",\"target\":{\"@type\":\"EntryPoint\",\"urlTemplate\":\"https:\/\/vieassociative.be\/actualites\/?s={search_term_string}\"},\"query-input\":{\"@type\":\"PropertyValueSpecification\",\"valueRequired\":true,\"valueName\":\"search_term_string\"}}],\"inLanguage\":\"fr-BE\"},{\"@type\":\"Organization\",\"@id\":\"https:\/\/vieassociative.be\/actualites\/#organization\",\"name\":\"Vie Associative\",\"url\":\"https:\/\/vieassociative.be\/actualites\/\",\"logo\":{\"@type\":\"ImageObject\",\"inLanguage\":\"fr-BE\",\"@id\":\"https:\/\/vieassociative.be\/actualites\/#\/schema\/logo\/image\/\",\"url\":\"https:\/\/vieassociative.be\/actualites\/wp-content\/uploads\/2024\/09\/cropped-vieassociative_favicon.ico.png\",\"contentUrl\":\"https:\/\/vieassociative.be\/actualites\/wp-content\/uploads\/2024\/09\/cropped-vieassociative_favicon.ico.png\",\"width\":512,\"height\":512,\"caption\":\"Vie Associative\"},\"image\":{\"@id\":\"https:\/\/vieassociative.be\/actualites\/#\/schema\/logo\/image\/\"}},{\"@type\":\"Person\",\"@id\":\"https:\/\/vieassociative.be\/actualites\/#\/schema\/person\/b87ac4f82f9d4e7b7cec7395b679edc4\",\"name\":\"Julien\",\"image\":{\"@type\":\"ImageObject\",\"inLanguage\":\"fr-BE\",\"@id\":\"https:\/\/vieassociative.be\/actualites\/#\/schema\/person\/image\/\",\"url\":\"https:\/\/vieassociative.be\/actualites\/wp-content\/uploads\/2024\/09\/vie-associative-1-150x150.jpg\",\"contentUrl\":\"https:\/\/vieassociative.be\/actualites\/wp-content\/uploads\/2024\/09\/vie-associative-1-150x150.jpg\",\"caption\":\"Julien\"},\"description\":\"Je suis Julien, r\u00e9dacteur pour Vie Associative. Passionn\u00e9 par le monde associatif depuis plus de 10 ans, j'ai \u00e0 c\u0153ur de partager des histoires inspirantes et de mettre en lumi\u00e8re les initiatives locales. Mon objectif est de sensibiliser et d'encourager l'engagement communautaire \u00e0 travers mes articles.\",\"sameAs\":[\"https:\/\/vieassociative.be\/\"]}]}<\/script>\n<!-- \/ Yoast SEO plugin. -->","yoast_head_json":{"title":"Notre chatbot Ai vous fait vraiment r\u00e9fl\u00e9chir - sur vous-m\u00eame | Vie Associative","robots":{"index":"index","follow":"follow","max-snippet":"max-snippet:-1","max-image-preview":"max-image-preview:large","max-video-preview":"max-video-preview:-1"},"canonical":"https:\/\/vieassociative.be\/actualites\/notre-chatbot-ai-vous-fait-vraiment-reflechir-sur-vous-meme\/","og_locale":"fr_FR","og_type":"article","og_title":"Notre chatbot Ai vous fait vraiment r\u00e9fl\u00e9chir - sur vous-m\u00eame | Vie Associative","og_description":"Au lieu d&rsquo;essayer d&rsquo;avoir toutes les r\u00e9ponses, le conseiller de l&rsquo;Oura sait comment poser les bonnes questions. Beaucoup d&rsquo;applications sont int\u00e9gr\u00e9es \u00e0 des fonctionnalit\u00e9s d&rsquo;IA","og_url":"https:\/\/vieassociative.be\/actualites\/notre-chatbot-ai-vous-fait-vraiment-reflechir-sur-vous-meme\/","og_site_name":"Vie Associative","article_published_time":"2025-04-27T01:18:13+00:00","og_image":[{"width":279,"height":92,"url":"https:\/\/vieassociative.be\/actualites\/wp-content\/uploads\/2024\/09\/header_backgroundk-01-e1726694325946.png","type":"image\/png"}],"author":"Julien","twitter_card":"summary_large_image","twitter_misc":{"\u00c9crit par":"Julien","Dur\u00e9e de lecture est.":"5 minutes"},"schema":{"@context":"https:\/\/schema.org","@graph":[{"@type":"Article","@id":"https:\/\/vieassociative.be\/actualites\/notre-chatbot-ai-vous-fait-vraiment-reflechir-sur-vous-meme\/#article","isPartOf":{"@id":"https:\/\/vieassociative.be\/actualites\/notre-chatbot-ai-vous-fait-vraiment-reflechir-sur-vous-meme\/"},"author":{"name":"Julien","@id":"https:\/\/vieassociative.be\/actualites\/#\/schema\/person\/b87ac4f82f9d4e7b7cec7395b679edc4"},"headline":"Notre chatbot Ai vous fait vraiment r\u00e9fl\u00e9chir &#8211; sur vous-m\u00eame","datePublished":"2025-04-27T01:18:13+00:00","dateModified":"2025-04-27T01:18:13+00:00","mainEntityOfPage":{"@id":"https:\/\/vieassociative.be\/actualites\/notre-chatbot-ai-vous-fait-vraiment-reflechir-sur-vous-meme\/"},"wordCount":1120,"publisher":{"@id":"https:\/\/vieassociative.be\/actualites\/#organization"},"image":{"@id":"https:\/\/vieassociative.be\/actualites\/notre-chatbot-ai-vous-fait-vraiment-reflechir-sur-vous-meme\/#primaryimage"},"thumbnailUrl":"https:\/\/vieassociative.be\/actualites\/wp-content\/uploads\/2025\/04\/Notre-chatbot-Ai-vous-fait-vraiment-reflechir-sur-vous-meme.jpg","keywords":["chatbot","fait","notre","r\u00e9fl\u00e9chir","sur","Vous","vousm\u00eame","vraiment"],"articleSection":["Sant\u00e9"],"inLanguage":"fr-BE"},{"@type":"WebPage","@id":"https:\/\/vieassociative.be\/actualites\/notre-chatbot-ai-vous-fait-vraiment-reflechir-sur-vous-meme\/","url":"https:\/\/vieassociative.be\/actualites\/notre-chatbot-ai-vous-fait-vraiment-reflechir-sur-vous-meme\/","name":"Notre chatbot Ai vous fait vraiment r\u00e9fl\u00e9chir - sur vous-m\u00eame | Vie Associative","isPartOf":{"@id":"https:\/\/vieassociative.be\/actualites\/#website"},"primaryImageOfPage":{"@id":"https:\/\/vieassociative.be\/actualites\/notre-chatbot-ai-vous-fait-vraiment-reflechir-sur-vous-meme\/#primaryimage"},"image":{"@id":"https:\/\/vieassociative.be\/actualites\/notre-chatbot-ai-vous-fait-vraiment-reflechir-sur-vous-meme\/#primaryimage"},"thumbnailUrl":"https:\/\/vieassociative.be\/actualites\/wp-content\/uploads\/2025\/04\/Notre-chatbot-Ai-vous-fait-vraiment-reflechir-sur-vous-meme.jpg","datePublished":"2025-04-27T01:18:13+00:00","dateModified":"2025-04-27T01:18:13+00:00","breadcrumb":{"@id":"https:\/\/vieassociative.be\/actualites\/notre-chatbot-ai-vous-fait-vraiment-reflechir-sur-vous-meme\/#breadcrumb"},"inLanguage":"fr-BE","potentialAction":[{"@type":"ReadAction","target":["https:\/\/vieassociative.be\/actualites\/notre-chatbot-ai-vous-fait-vraiment-reflechir-sur-vous-meme\/"]}]},{"@type":"ImageObject","inLanguage":"fr-BE","@id":"https:\/\/vieassociative.be\/actualites\/notre-chatbot-ai-vous-fait-vraiment-reflechir-sur-vous-meme\/#primaryimage","url":"https:\/\/vieassociative.be\/actualites\/wp-content\/uploads\/2025\/04\/Notre-chatbot-Ai-vous-fait-vraiment-reflechir-sur-vous-meme.jpg","contentUrl":"https:\/\/vieassociative.be\/actualites\/wp-content\/uploads\/2025\/04\/Notre-chatbot-Ai-vous-fait-vraiment-reflechir-sur-vous-meme.jpg","width":1200,"height":675,"caption":"Notre chatbot Ai vous fait vraiment r\u00e9fl\u00e9chir - sur vous-m\u00eame"},{"@type":"BreadcrumbList","@id":"https:\/\/vieassociative.be\/actualites\/notre-chatbot-ai-vous-fait-vraiment-reflechir-sur-vous-meme\/#breadcrumb","itemListElement":[{"@type":"ListItem","position":1,"name":"Accueil","item":"https:\/\/vieassociative.be\/actualites\/"},{"@type":"ListItem","position":2,"name":"Notre chatbot Ai vous fait vraiment r\u00e9fl\u00e9chir &#8211; sur vous-m\u00eame"}]},{"@type":"WebSite","@id":"https:\/\/vieassociative.be\/actualites\/#website","url":"https:\/\/vieassociative.be\/actualites\/","name":"Vie Associative","description":"","publisher":{"@id":"https:\/\/vieassociative.be\/actualites\/#organization"},"potentialAction":[{"@type":"SearchAction","target":{"@type":"EntryPoint","urlTemplate":"https:\/\/vieassociative.be\/actualites\/?s={search_term_string}"},"query-input":{"@type":"PropertyValueSpecification","valueRequired":true,"valueName":"search_term_string"}}],"inLanguage":"fr-BE"},{"@type":"Organization","@id":"https:\/\/vieassociative.be\/actualites\/#organization","name":"Vie Associative","url":"https:\/\/vieassociative.be\/actualites\/","logo":{"@type":"ImageObject","inLanguage":"fr-BE","@id":"https:\/\/vieassociative.be\/actualites\/#\/schema\/logo\/image\/","url":"https:\/\/vieassociative.be\/actualites\/wp-content\/uploads\/2024\/09\/cropped-vieassociative_favicon.ico.png","contentUrl":"https:\/\/vieassociative.be\/actualites\/wp-content\/uploads\/2024\/09\/cropped-vieassociative_favicon.ico.png","width":512,"height":512,"caption":"Vie Associative"},"image":{"@id":"https:\/\/vieassociative.be\/actualites\/#\/schema\/logo\/image\/"}},{"@type":"Person","@id":"https:\/\/vieassociative.be\/actualites\/#\/schema\/person\/b87ac4f82f9d4e7b7cec7395b679edc4","name":"Julien","image":{"@type":"ImageObject","inLanguage":"fr-BE","@id":"https:\/\/vieassociative.be\/actualites\/#\/schema\/person\/image\/","url":"https:\/\/vieassociative.be\/actualites\/wp-content\/uploads\/2024\/09\/vie-associative-1-150x150.jpg","contentUrl":"https:\/\/vieassociative.be\/actualites\/wp-content\/uploads\/2024\/09\/vie-associative-1-150x150.jpg","caption":"Julien"},"description":"Je suis Julien, r\u00e9dacteur pour Vie Associative. Passionn\u00e9 par le monde associatif depuis plus de 10 ans, j'ai \u00e0 c\u0153ur de partager des histoires inspirantes et de mettre en lumi\u00e8re les initiatives locales. Mon objectif est de sensibiliser et d'encourager l'engagement communautaire \u00e0 travers mes articles.","sameAs":["https:\/\/vieassociative.be\/"]}]}},"_links":{"self":[{"href":"https:\/\/vieassociative.be\/actualites\/wp-json\/wp\/v2\/posts\/7063"}],"collection":[{"href":"https:\/\/vieassociative.be\/actualites\/wp-json\/wp\/v2\/posts"}],"about":[{"href":"https:\/\/vieassociative.be\/actualites\/wp-json\/wp\/v2\/types\/post"}],"author":[{"embeddable":true,"href":"https:\/\/vieassociative.be\/actualites\/wp-json\/wp\/v2\/users\/1"}],"replies":[{"embeddable":true,"href":"https:\/\/vieassociative.be\/actualites\/wp-json\/wp\/v2\/comments?post=7063"}],"version-history":[{"count":0,"href":"https:\/\/vieassociative.be\/actualites\/wp-json\/wp\/v2\/posts\/7063\/revisions"}],"wp:featuredmedia":[{"embeddable":true,"href":"https:\/\/vieassociative.be\/actualites\/wp-json\/wp\/v2\/media\/7064"}],"wp:attachment":[{"href":"https:\/\/vieassociative.be\/actualites\/wp-json\/wp\/v2\/media?parent=7063"}],"wp:term":[{"taxonomy":"category","embeddable":true,"href":"https:\/\/vieassociative.be\/actualites\/wp-json\/wp\/v2\/categories?post=7063"},{"taxonomy":"post_tag","embeddable":true,"href":"https:\/\/vieassociative.be\/actualites\/wp-json\/wp\/v2\/tags?post=7063"}],"curies":[{"name":"wp","href":"https:\/\/api.w.org\/{rel}","templated":true}]}}